{"id":3687,"date":"2017-05-19T00:00:00","date_gmt":"2017-05-19T00:00:00","guid":{"rendered":"https:\/\/www.autojm.fr\/blog\/nouveau-captur-2017-decouvrez-le-suv-restyle\/"},"modified":"2023-04-18T13:28:48","modified_gmt":"2023-04-18T13:28:48","slug":"nouveau-captur-2017-decouvrez-le-suv-restyle","status":"publish","type":"post","link":"https:\/\/www.autojm.fr\/blog\/nouveau-captur-2017-decouvrez-le-suv-restyle\/","title":{"rendered":"Nouveau Captur 2017, d\u00e9couvrez le SUV restyl\u00e9"},"content":{"rendered":"<p dir=\"ltr\" style=\"line-height: 1.38; margin-top: 0pt; margin-bottom: 0pt; text-align: justify;\">\n<p dir=\"ltr\" style=\"line-height: 1.38; margin-top: 0pt; margin-bottom: 0pt; text-align: justify;\">\n<p dir=\"ltr\" style=\"line-height: 1.38; margin-top: 0pt; margin-bottom: 0pt; text-align: justify;\"><span id=\"docs-internal-guid-659cb4fc-2126-10fc-f15e-d5697a5f1abb\"><span style=\"font-size: 12pt; font-family: Arial; color: #000000; background-color: transparent; vertical-align: baseline; white-space: pre-wrap;\">Annonc\u00e9 depuis quelques semaines, le <a href=\"https:\/\/www.autojm.fr\/mandataire-voitures-neuves-renault\">Captur restyl\u00e9<\/a> a enfin fait son entr\u00e9e sur le march\u00e9 de l&rsquo;automobile. D\u00e9j\u00e0 disponible chez AutoJM avec pr\u00e8s de 30% de remise, on vous dit tout sur ce SUV.<\/span><\/span><\/p>\n<p dir=\"ltr\" style=\"line-height: 1.38; margin-top: 0pt; margin-bottom: 0pt; text-align: justify;\">\n<p dir=\"ltr\" style=\"line-height: 1.38; margin-top: 0pt; margin-bottom: 0pt; text-align: justify;\"><span style=\"background-color: transparent; color: #000000; font-family: Arial; font-size: 12pt; white-space: pre-wrap;\">L&rsquo;ext\u00e9rieur ne t\u00e9moigne pas de changements r\u00e9volutionnaires, m\u00eame si la face avant para\u00eet bien plus dominante que sur son pr\u00e9d\u00e9cesseur. Avec une garde au sol sur\u00e9lev\u00e9e, une calandre redessin\u00e9e et des projecteurs full LED pure vision, le SUV a tout pour s\u00e9duire. Son choix de coloris large et sa peinture bi-ton (sur les mod\u00e8les haut de gamme) permettront aux futurs conducteurs de personnaliser le mod\u00e8le selon leurs envies. Les feux de jour en forme de \u201cC\u201d et le toit en verre fixe viennent terminer le restylage, en rendant le SUV plus classe et \u00e9l\u00e9gant. <\/span><\/p>\n<p dir=\"ltr\" style=\"line-height: 1.38; margin-top: 0pt; margin-bottom: 0pt; text-align: justify;\">\n<p dir=\"ltr\" style=\"line-height: 1.38; margin-top: 0pt; margin-bottom: 0pt; text-align: justify;\">\n<p dir=\"ltr\" style=\"line-height: 1.38; margin-top: 0pt; margin-bottom: 0pt; text-align: justify;\"><span style=\"background-color: transparent; color: #000000; font-family: Arial; font-size: 12pt; white-space: pre-wrap;\">\u00c0 l&rsquo;int\u00e9rieur, des mati\u00e8res agr\u00e9ables et un tableau de bord moderne donnent du style et du confort au nouveau Captur : avec un volant en cuir pleine fleur, un \u00e9clairage plafonnier \u00e0 LED et un \u00e9cran tactile 7 pouces, le SUV s&rsquo;impose comme un v\u00e9ritable cocon. Le syst\u00e8me bose et ses 6 enceintes haute d\u00e9finition donneront m\u00eame une qualit\u00e9 de son in\u00e9galable permettant un confort parfait. A cela s&rsquo;ajoute de nombreuses zones de rangements telles que le tiroir easy life de contenance 11 litres, et un petit rangement ins\u00e9r\u00e9 dans le tableau de bord, dans lequel le conducteur pourra placer son t\u00e9l\u00e9phone ou autre objet de m\u00eame taille. <\/span><\/p>\n<p dir=\"ltr\" style=\"line-height: 1.38; margin-top: 0pt; margin-bottom: 0pt; text-align: justify;\">\n<p dir=\"ltr\" style=\"line-height: 1.38; margin-top: 0pt; margin-bottom: 0pt; text-align: justify;\">\n<p dir=\"ltr\" style=\"line-height: 1.38; margin-top: 0pt; margin-bottom: 0pt; text-align: justify;\"><span style=\"background-color: transparent; color: #000000; font-family: Arial; font-size: 12pt; white-space: pre-wrap;\">C\u00f4t\u00e9 confort, le nouveau Captur est dot\u00e9 de quelques atouts : une banquette arri\u00e8re 1\/3 2\/3 rabattable et coulissante ou encore un plancher de coffre multipositions, les possibilit\u00e9s de chargement seront multiples et permettront de voyager confortablement, en conservant un espace suffisant pour les passagers. <\/span><\/p>\n<p dir=\"ltr\" style=\"line-height: 1.38; margin-top: 0pt; margin-bottom: 0pt; text-align: justify;\">\n<p dir=\"ltr\" style=\"line-height: 1.38; margin-top: 0pt; margin-bottom: 0pt; text-align: justify;\">\n<p dir=\"ltr\" style=\"line-height: 1.38; margin-top: 0pt; margin-bottom: 0pt; text-align: justify;\"><span style=\"background-color: transparent; color: #000000; font-family: Arial; font-size: 12pt; white-space: pre-wrap;\">La technologie est pr\u00e9sente sur Renault captur : la marque au losange propose 3 syst\u00e8me multim\u00e9dia 100% tactile sur le SUV, avec des services tels que la connexion entre t\u00e9l\u00e9phone et tablette tactile, l&rsquo;\u00e9coute de musique en bluetooth depuis son t\u00e9l\u00e9phone ou encore la navigation. Les aides de conduite sont \u00e9galement de mise : l&rsquo;aide au d\u00e9marrage en c\u00f4te, le Easy Park Assist, l&rsquo;avertisseur d&rsquo;angles morts, et, nouveaut\u00e9, les feux additionnels de virage : lors d&rsquo;un virage, le feu antibrouillard situ\u00e9 l\u00e0 o\u00f9 la voiture tourne s&rsquo;allume automatique, afin d&rsquo;agrandir le champ de vision du conducteur. Le voyage \u00e0 bord du Captur sera \u00e9galement s\u00e9curis\u00e9 par la pr\u00e9sence d&rsquo;airbags frontaux et lat\u00e9raux aux places conducteur et passager.<\/span><\/p>\n<p dir=\"ltr\" style=\"line-height: 1.38; margin-top: 0pt; margin-bottom: 0pt; text-align: justify;\">\n<p dir=\"ltr\" style=\"line-height: 1.38; margin-top: 0pt; margin-bottom: 0pt; text-align: justify;\"><span style=\"background-color: transparent; color: #000000; font-family: Arial; font-size: 12pt; white-space: pre-wrap;\">Pour terminer, rien de nouveau concernant les moteurs pr\u00e9sents sur le Captur restyl\u00e9 : il accueille le TCE 90, 120 et 120 EDC. En diesel, on retrouve le DCI 90, 90 EDC et 110. Il existe donc deux moteurs avec bo\u00eete automatique, laquelle consommera tout autant qu&rsquo;une bo\u00eete manuelle. <\/span><\/p>\n<p dir=\"ltr\" style=\"line-height: 1.38; margin-top: 0pt; margin-bottom: 0pt; text-align: justify;\">\n<p dir=\"ltr\" style=\"line-height: 1.38; margin-top: 0pt; margin-bottom: 0pt; text-align: justify;\"><span style=\"background-color: transparent; color: #000000; font-family: Arial; font-size: 12pt; white-space: pre-wrap;\">Avec ses 4,12 m\u00e8tres de longueur, le nouveau Captur appara\u00eet plus dominant et plus moderne. De nouvelles technologies \u00e0 bord, de nouvelles couleurs pour le personnaliser, reste \u00e0 savoir s&rsquo;il s\u00e9duira autant que son pr\u00e9d\u00e9cesseur.<\/span><\/p>\n<p dir=\"ltr\" style=\"line-height: 1.38; margin-top: 0pt; margin-bottom: 0pt; text-align: justify;\">\n<p dir=\"ltr\" style=\"line-height: 1.38; margin-top: 0pt; margin-bottom: 0pt; text-align: justify;\">\n<p dir=\"ltr\" style=\"line-height: 1.38; margin-top: 0pt; margin-bottom: 0pt; text-align: center;\">D\u00e9couvrez le Nouveau Captur 2017 en vid\u00e9o<\/p>\n<p style=\"text-align: center;\"><iframe loading=\"lazy\" src=\"https:\/\/www.youtube.com\/embed\/GJsHxu3awYw\" width=\"700\" height=\"400\" scrolling=\"no\" allowfullscreen=\"allowfullscreen\"><\/iframe><\/p>\n","protected":false},"excerpt":{"rendered":"<p>Annonc\u00e9 depuis quelques semaines, le Captur restyl\u00e9 a enfin fait son entr\u00e9e sur le march\u00e9 de l&rsquo;automobile. D\u00e9j\u00e0 disponible chez AutoJM avec pr\u00e8s de 30% de remise, on vous dit tout sur ce SUV.<\/p>\n","protected":false},"author":1,"featured_media":5747,"comment_status":"open","ping_status":"open","sticky":false,"template":"","format":"standard","meta":{"_acf_changed":false,"content-type":"","footnotes":""},"categories":[62,61],"tags":[90,78,104],"class_list":["post-3687","post","type-post","status-publish","format-standard","has-post-thumbnail","hentry","category-nouveaute-renault","category-nouveautes-autos","tag-autojm","tag-renault","tag-renault-captur"],"acf":[],"yoast_head":"<!-- This site is optimized with the Yoast SEO plugin v27.5 - https:\/\/yoast.com\/product\/yoast-seo-wordpress\/ -->\n<title>Nouveau Captur 2017, d\u00e9couvrez le SUV restyl\u00e9 - AutoJM Mag<\/title>\n<meta name=\"description\" content=\"Annonc\u00e9 depuis quelques semaines, le Captur restyl\u00e9 a enfin fait son entr\u00e9e sur le march\u00e9 de l&#039;automobile. D\u00e9j\u00e0 disponible chez AutoJM...\" \/>\n<meta name=\"robots\" content=\"index, follow, max-snippet:-1, max-image-preview:large, max-video-preview:-1\" \/>\n<link rel=\"canonical\" href=\"https:\/\/www.autojm.fr\/blog\/nouveau-captur-2017-decouvrez-le-suv-restyle\/\" \/>\n<meta property=\"og:locale\" content=\"fr_FR\" \/>\n<meta property=\"og:type\" content=\"article\" \/>\n<meta property=\"og:title\" content=\"Nouveau Captur 2017, d\u00e9couvrez le SUV restyl\u00e9 - AutoJM Mag\" \/>\n<meta property=\"og:description\" content=\"Annonc\u00e9 depuis quelques semaines, le Captur restyl\u00e9 a enfin fait son entr\u00e9e sur le march\u00e9 de l&#039;automobile. D\u00e9j\u00e0 disponible chez AutoJM...\" \/>\n<meta property=\"og:url\" content=\"https:\/\/www.autojm.fr\/blog\/nouveau-captur-2017-decouvrez-le-suv-restyle\/\" \/>\n<meta property=\"og:site_name\" content=\"AutoJM Mag\" \/>\n<meta property=\"article:publisher\" content=\"https:\/\/www.facebook.com\/AutoJM25\" \/>\n<meta property=\"article:published_time\" content=\"2017-05-19T00:00:00+00:00\" \/>\n<meta property=\"article:modified_time\" content=\"2023-04-18T13:28:48+00:00\" \/>\n<meta property=\"og:image\" content=\"https:\/\/www.autojm.fr\/blog\/wp-content\/uploads\/2022\/10\/410.jpg\" \/>\n\t<meta property=\"og:image:width\" content=\"800\" \/>\n\t<meta property=\"og:image:height\" content=\"450\" \/>\n\t<meta property=\"og:image:type\" content=\"image\/jpeg\" \/>\n<meta name=\"author\" content=\"Autojm\" \/>\n<meta name=\"twitter:card\" content=\"summary_large_image\" \/>\n<meta name=\"twitter:label1\" content=\"\u00c9crit par\" \/>\n\t<meta name=\"twitter:data1\" content=\"Autojm\" \/>\n\t<meta name=\"twitter:label2\" content=\"Dur\u00e9e de lecture estim\u00e9e\" \/>\n\t<meta name=\"twitter:data2\" content=\"3 minutes\" \/>\n<script type=\"application\/ld+json\" class=\"yoast-schema-graph\">{\"@context\":\"https:\\\/\\\/schema.org\",\"@graph\":[{\"@type\":\"Article\",\"@id\":\"https:\\\/\\\/www.autojm.fr\\\/blog\\\/nouveau-captur-2017-decouvrez-le-suv-restyle\\\/#article\",\"isPartOf\":{\"@id\":\"https:\\\/\\\/www.autojm.fr\\\/blog\\\/nouveau-captur-2017-decouvrez-le-suv-restyle\\\/\"},\"author\":{\"name\":\"Autojm\",\"@id\":\"https:\\\/\\\/www.autojm.fr\\\/blog\\\/#\\\/schema\\\/person\\\/9742bc77541853e0de81fc57f947e1a0\"},\"headline\":\"Nouveau Captur 2017, d\u00e9couvrez le SUV restyl\u00e9\",\"datePublished\":\"2017-05-19T00:00:00+00:00\",\"dateModified\":\"2023-04-18T13:28:48+00:00\",\"mainEntityOfPage\":{\"@id\":\"https:\\\/\\\/www.autojm.fr\\\/blog\\\/nouveau-captur-2017-decouvrez-le-suv-restyle\\\/\"},\"wordCount\":524,\"commentCount\":0,\"publisher\":{\"@id\":\"https:\\\/\\\/www.autojm.fr\\\/blog\\\/#organization\"},\"image\":{\"@id\":\"https:\\\/\\\/www.autojm.fr\\\/blog\\\/nouveau-captur-2017-decouvrez-le-suv-restyle\\\/#primaryimage\"},\"thumbnailUrl\":\"https:\\\/\\\/www.autojm.fr\\\/blog\\\/wp-content\\\/uploads\\\/2022\\\/10\\\/410.jpg\",\"keywords\":[\"autojm\",\"renault\",\"Renault Captur\"],\"articleSection\":[\"Nouveaut\u00e9 Renault\",\"Nouveaut\u00e9s Autos\"],\"inLanguage\":\"fr-FR\",\"potentialAction\":[{\"@type\":\"CommentAction\",\"name\":\"Comment\",\"target\":[\"https:\\\/\\\/www.autojm.fr\\\/blog\\\/nouveau-captur-2017-decouvrez-le-suv-restyle\\\/#respond\"]}]},{\"@type\":\"WebPage\",\"@id\":\"https:\\\/\\\/www.autojm.fr\\\/blog\\\/nouveau-captur-2017-decouvrez-le-suv-restyle\\\/\",\"url\":\"https:\\\/\\\/www.autojm.fr\\\/blog\\\/nouveau-captur-2017-decouvrez-le-suv-restyle\\\/\",\"name\":\"Nouveau Captur 2017, d\u00e9couvrez le SUV restyl\u00e9 - AutoJM Mag\",\"isPartOf\":{\"@id\":\"https:\\\/\\\/www.autojm.fr\\\/blog\\\/#website\"},\"primaryImageOfPage\":{\"@id\":\"https:\\\/\\\/www.autojm.fr\\\/blog\\\/nouveau-captur-2017-decouvrez-le-suv-restyle\\\/#primaryimage\"},\"image\":{\"@id\":\"https:\\\/\\\/www.autojm.fr\\\/blog\\\/nouveau-captur-2017-decouvrez-le-suv-restyle\\\/#primaryimage\"},\"thumbnailUrl\":\"https:\\\/\\\/www.autojm.fr\\\/blog\\\/wp-content\\\/uploads\\\/2022\\\/10\\\/410.jpg\",\"datePublished\":\"2017-05-19T00:00:00+00:00\",\"dateModified\":\"2023-04-18T13:28:48+00:00\",\"description\":\"Annonc\u00e9 depuis quelques semaines, le Captur restyl\u00e9 a enfin fait son entr\u00e9e sur le march\u00e9 de l'automobile. D\u00e9j\u00e0 disponible chez AutoJM...\",\"breadcrumb\":{\"@id\":\"https:\\\/\\\/www.autojm.fr\\\/blog\\\/nouveau-captur-2017-decouvrez-le-suv-restyle\\\/#breadcrumb\"},\"inLanguage\":\"fr-FR\",\"potentialAction\":[{\"@type\":\"ReadAction\",\"target\":[\"https:\\\/\\\/www.autojm.fr\\\/blog\\\/nouveau-captur-2017-decouvrez-le-suv-restyle\\\/\"]}]},{\"@type\":\"ImageObject\",\"inLanguage\":\"fr-FR\",\"@id\":\"https:\\\/\\\/www.autojm.fr\\\/blog\\\/nouveau-captur-2017-decouvrez-le-suv-restyle\\\/#primaryimage\",\"url\":\"https:\\\/\\\/www.autojm.fr\\\/blog\\\/wp-content\\\/uploads\\\/2022\\\/10\\\/410.jpg\",\"contentUrl\":\"https:\\\/\\\/www.autojm.fr\\\/blog\\\/wp-content\\\/uploads\\\/2022\\\/10\\\/410.jpg\",\"width\":800,\"height\":450,\"caption\":\"Renault Captur\"},{\"@type\":\"BreadcrumbList\",\"@id\":\"https:\\\/\\\/www.autojm.fr\\\/blog\\\/nouveau-captur-2017-decouvrez-le-suv-restyle\\\/#breadcrumb\",\"itemListElement\":[{\"@type\":\"ListItem\",\"position\":1,\"name\":\"Accueil\",\"item\":\"https:\\\/\\\/www.autojm.fr\\\/blog\\\/\"},{\"@type\":\"ListItem\",\"position\":2,\"name\":\"Nouveaut\u00e9s Autos\",\"item\":\"https:\\\/\\\/www.autojm.fr\\\/blog\\\/nouveautes-autos\\\/\"},{\"@type\":\"ListItem\",\"position\":3,\"name\":\"Nouveau Captur 2017, d\u00e9couvrez le SUV restyl\u00e9\"}]},{\"@type\":\"WebSite\",\"@id\":\"https:\\\/\\\/www.autojm.fr\\\/blog\\\/#website\",\"url\":\"https:\\\/\\\/www.autojm.fr\\\/blog\\\/\",\"name\":\"AutoJM Mag\",\"description\":\"Toute l&#039;actu auto en 1 clic !\",\"publisher\":{\"@id\":\"https:\\\/\\\/www.autojm.fr\\\/blog\\\/#organization\"},\"potentialAction\":[{\"@type\":\"SearchAction\",\"target\":{\"@type\":\"EntryPoint\",\"urlTemplate\":\"https:\\\/\\\/www.autojm.fr\\\/blog\\\/?s={search_term_string}\"},\"query-input\":{\"@type\":\"PropertyValueSpecification\",\"valueRequired\":true,\"valueName\":\"search_term_string\"}}],\"inLanguage\":\"fr-FR\"},{\"@type\":\"Organization\",\"@id\":\"https:\\\/\\\/www.autojm.fr\\\/blog\\\/#organization\",\"name\":\"AutoJM Mag\",\"url\":\"https:\\\/\\\/www.autojm.fr\\\/blog\\\/\",\"logo\":{\"@type\":\"ImageObject\",\"inLanguage\":\"fr-FR\",\"@id\":\"https:\\\/\\\/www.autojm.fr\\\/blog\\\/#\\\/schema\\\/logo\\\/image\\\/\",\"url\":\"https:\\\/\\\/www.autojm.fr\\\/blog\\\/wp-content\\\/uploads\\\/2022\\\/12\\\/cropped-AutoJMag-png.png\",\"contentUrl\":\"https:\\\/\\\/www.autojm.fr\\\/blog\\\/wp-content\\\/uploads\\\/2022\\\/12\\\/cropped-AutoJMag-png.png\",\"width\":2834,\"height\":585,\"caption\":\"AutoJM Mag\"},\"image\":{\"@id\":\"https:\\\/\\\/www.autojm.fr\\\/blog\\\/#\\\/schema\\\/logo\\\/image\\\/\"},\"sameAs\":[\"https:\\\/\\\/www.facebook.com\\\/AutoJM25\"]},{\"@type\":\"Person\",\"@id\":\"https:\\\/\\\/www.autojm.fr\\\/blog\\\/#\\\/schema\\\/person\\\/9742bc77541853e0de81fc57f947e1a0\",\"name\":\"Autojm\",\"image\":{\"@type\":\"ImageObject\",\"inLanguage\":\"fr-FR\",\"@id\":\"https:\\\/\\\/secure.gravatar.com\\\/avatar\\\/9a959d52b758fcc232fe4b6aca7bab139182573297122cce7d6f2ee0e537b418?s=96&d=mm&r=g\",\"url\":\"https:\\\/\\\/secure.gravatar.com\\\/avatar\\\/9a959d52b758fcc232fe4b6aca7bab139182573297122cce7d6f2ee0e537b418?s=96&d=mm&r=g\",\"contentUrl\":\"https:\\\/\\\/secure.gravatar.com\\\/avatar\\\/9a959d52b758fcc232fe4b6aca7bab139182573297122cce7d6f2ee0e537b418?s=96&d=mm&r=g\",\"caption\":\"Autojm\"},\"sameAs\":[\"https:\\\/\\\/www.autojm.fr\\\/blog\"],\"url\":\"https:\\\/\\\/www.autojm.fr\\\/blog\\\/author\\\/bichoi\\\/\"}]}<\/script>\n<!-- \/ Yoast SEO plugin. -->","yoast_head_json":{"title":"Nouveau Captur 2017, d\u00e9couvrez le SUV restyl\u00e9 - AutoJM Mag","description":"Annonc\u00e9 depuis quelques semaines, le Captur restyl\u00e9 a enfin fait son entr\u00e9e sur le march\u00e9 de l'automobile. D\u00e9j\u00e0 disponible chez AutoJM...","robots":{"index":"index","follow":"follow","max-snippet":"max-snippet:-1","max-image-preview":"max-image-preview:large","max-video-preview":"max-video-preview:-1"},"canonical":"https:\/\/www.autojm.fr\/blog\/nouveau-captur-2017-decouvrez-le-suv-restyle\/","og_locale":"fr_FR","og_type":"article","og_title":"Nouveau Captur 2017, d\u00e9couvrez le SUV restyl\u00e9 - AutoJM Mag","og_description":"Annonc\u00e9 depuis quelques semaines, le Captur restyl\u00e9 a enfin fait son entr\u00e9e sur le march\u00e9 de l'automobile. D\u00e9j\u00e0 disponible chez AutoJM...","og_url":"https:\/\/www.autojm.fr\/blog\/nouveau-captur-2017-decouvrez-le-suv-restyle\/","og_site_name":"AutoJM Mag","article_publisher":"https:\/\/www.facebook.com\/AutoJM25","article_published_time":"2017-05-19T00:00:00+00:00","article_modified_time":"2023-04-18T13:28:48+00:00","og_image":[{"width":800,"height":450,"url":"https:\/\/www.autojm.fr\/blog\/wp-content\/uploads\/2022\/10\/410.jpg","type":"image\/jpeg"}],"author":"Autojm","twitter_card":"summary_large_image","twitter_misc":{"\u00c9crit par":"Autojm","Dur\u00e9e de lecture estim\u00e9e":"3 minutes"},"schema":{"@context":"https:\/\/schema.org","@graph":[{"@type":"Article","@id":"https:\/\/www.autojm.fr\/blog\/nouveau-captur-2017-decouvrez-le-suv-restyle\/#article","isPartOf":{"@id":"https:\/\/www.autojm.fr\/blog\/nouveau-captur-2017-decouvrez-le-suv-restyle\/"},"author":{"name":"Autojm","@id":"https:\/\/www.autojm.fr\/blog\/#\/schema\/person\/9742bc77541853e0de81fc57f947e1a0"},"headline":"Nouveau Captur 2017, d\u00e9couvrez le SUV restyl\u00e9","datePublished":"2017-05-19T00:00:00+00:00","dateModified":"2023-04-18T13:28:48+00:00","mainEntityOfPage":{"@id":"https:\/\/www.autojm.fr\/blog\/nouveau-captur-2017-decouvrez-le-suv-restyle\/"},"wordCount":524,"commentCount":0,"publisher":{"@id":"https:\/\/www.autojm.fr\/blog\/#organization"},"image":{"@id":"https:\/\/www.autojm.fr\/blog\/nouveau-captur-2017-decouvrez-le-suv-restyle\/#primaryimage"},"thumbnailUrl":"https:\/\/www.autojm.fr\/blog\/wp-content\/uploads\/2022\/10\/410.jpg","keywords":["autojm","renault","Renault Captur"],"articleSection":["Nouveaut\u00e9 Renault","Nouveaut\u00e9s Autos"],"inLanguage":"fr-FR","potentialAction":[{"@type":"CommentAction","name":"Comment","target":["https:\/\/www.autojm.fr\/blog\/nouveau-captur-2017-decouvrez-le-suv-restyle\/#respond"]}]},{"@type":"WebPage","@id":"https:\/\/www.autojm.fr\/blog\/nouveau-captur-2017-decouvrez-le-suv-restyle\/","url":"https:\/\/www.autojm.fr\/blog\/nouveau-captur-2017-decouvrez-le-suv-restyle\/","name":"Nouveau Captur 2017, d\u00e9couvrez le SUV restyl\u00e9 - AutoJM Mag","isPartOf":{"@id":"https:\/\/www.autojm.fr\/blog\/#website"},"primaryImageOfPage":{"@id":"https:\/\/www.autojm.fr\/blog\/nouveau-captur-2017-decouvrez-le-suv-restyle\/#primaryimage"},"image":{"@id":"https:\/\/www.autojm.fr\/blog\/nouveau-captur-2017-decouvrez-le-suv-restyle\/#primaryimage"},"thumbnailUrl":"https:\/\/www.autojm.fr\/blog\/wp-content\/uploads\/2022\/10\/410.jpg","datePublished":"2017-05-19T00:00:00+00:00","dateModified":"2023-04-18T13:28:48+00:00","description":"Annonc\u00e9 depuis quelques semaines, le Captur restyl\u00e9 a enfin fait son entr\u00e9e sur le march\u00e9 de l'automobile. D\u00e9j\u00e0 disponible chez AutoJM...","breadcrumb":{"@id":"https:\/\/www.autojm.fr\/blog\/nouveau-captur-2017-decouvrez-le-suv-restyle\/#breadcrumb"},"inLanguage":"fr-FR","potentialAction":[{"@type":"ReadAction","target":["https:\/\/www.autojm.fr\/blog\/nouveau-captur-2017-decouvrez-le-suv-restyle\/"]}]},{"@type":"ImageObject","inLanguage":"fr-FR","@id":"https:\/\/www.autojm.fr\/blog\/nouveau-captur-2017-decouvrez-le-suv-restyle\/#primaryimage","url":"https:\/\/www.autojm.fr\/blog\/wp-content\/uploads\/2022\/10\/410.jpg","contentUrl":"https:\/\/www.autojm.fr\/blog\/wp-content\/uploads\/2022\/10\/410.jpg","width":800,"height":450,"caption":"Renault Captur"},{"@type":"BreadcrumbList","@id":"https:\/\/www.autojm.fr\/blog\/nouveau-captur-2017-decouvrez-le-suv-restyle\/#breadcrumb","itemListElement":[{"@type":"ListItem","position":1,"name":"Accueil","item":"https:\/\/www.autojm.fr\/blog\/"},{"@type":"ListItem","position":2,"name":"Nouveaut\u00e9s Autos","item":"https:\/\/www.autojm.fr\/blog\/nouveautes-autos\/"},{"@type":"ListItem","position":3,"name":"Nouveau Captur 2017, d\u00e9couvrez le SUV restyl\u00e9"}]},{"@type":"WebSite","@id":"https:\/\/www.autojm.fr\/blog\/#website","url":"https:\/\/www.autojm.fr\/blog\/","name":"AutoJM Mag","description":"Toute l&#039;actu auto en 1 clic !","publisher":{"@id":"https:\/\/www.autojm.fr\/blog\/#organization"},"potentialAction":[{"@type":"SearchAction","target":{"@type":"EntryPoint","urlTemplate":"https:\/\/www.autojm.fr\/blog\/?s={search_term_string}"},"query-input":{"@type":"PropertyValueSpecification","valueRequired":true,"valueName":"search_term_string"}}],"inLanguage":"fr-FR"},{"@type":"Organization","@id":"https:\/\/www.autojm.fr\/blog\/#organization","name":"AutoJM Mag","url":"https:\/\/www.autojm.fr\/blog\/","logo":{"@type":"ImageObject","inLanguage":"fr-FR","@id":"https:\/\/www.autojm.fr\/blog\/#\/schema\/logo\/image\/","url":"https:\/\/www.autojm.fr\/blog\/wp-content\/uploads\/2022\/12\/cropped-AutoJMag-png.png","contentUrl":"https:\/\/www.autojm.fr\/blog\/wp-content\/uploads\/2022\/12\/cropped-AutoJMag-png.png","width":2834,"height":585,"caption":"AutoJM Mag"},"image":{"@id":"https:\/\/www.autojm.fr\/blog\/#\/schema\/logo\/image\/"},"sameAs":["https:\/\/www.facebook.com\/AutoJM25"]},{"@type":"Person","@id":"https:\/\/www.autojm.fr\/blog\/#\/schema\/person\/9742bc77541853e0de81fc57f947e1a0","name":"Autojm","image":{"@type":"ImageObject","inLanguage":"fr-FR","@id":"https:\/\/secure.gravatar.com\/avatar\/9a959d52b758fcc232fe4b6aca7bab139182573297122cce7d6f2ee0e537b418?s=96&d=mm&r=g","url":"https:\/\/secure.gravatar.com\/avatar\/9a959d52b758fcc232fe4b6aca7bab139182573297122cce7d6f2ee0e537b418?s=96&d=mm&r=g","contentUrl":"https:\/\/secure.gravatar.com\/avatar\/9a959d52b758fcc232fe4b6aca7bab139182573297122cce7d6f2ee0e537b418?s=96&d=mm&r=g","caption":"Autojm"},"sameAs":["https:\/\/www.autojm.fr\/blog"],"url":"https:\/\/www.autojm.fr\/blog\/author\/bichoi\/"}]}},"_links":{"self":[{"href":"https:\/\/www.autojm.fr\/blog\/wp-json\/wp\/v2\/posts\/3687","targetHints":{"allow":["GET"]}}],"collection":[{"href":"https:\/\/www.autojm.fr\/blog\/wp-json\/wp\/v2\/posts"}],"about":[{"href":"https:\/\/www.autojm.fr\/blog\/wp-json\/wp\/v2\/types\/post"}],"author":[{"embeddable":true,"href":"https:\/\/www.autojm.fr\/blog\/wp-json\/wp\/v2\/users\/1"}],"replies":[{"embeddable":true,"href":"https:\/\/www.autojm.fr\/blog\/wp-json\/wp\/v2\/comments?post=3687"}],"version-history":[{"count":4,"href":"https:\/\/www.autojm.fr\/blog\/wp-json\/wp\/v2\/posts\/3687\/revisions"}],"predecessor-version":[{"id":9343,"href":"https:\/\/www.autojm.fr\/blog\/wp-json\/wp\/v2\/posts\/3687\/revisions\/9343"}],"wp:featuredmedia":[{"embeddable":true,"href":"https:\/\/www.autojm.fr\/blog\/wp-json\/wp\/v2\/media\/5747"}],"wp:attachment":[{"href":"https:\/\/www.autojm.fr\/blog\/wp-json\/wp\/v2\/media?parent=3687"}],"wp:term":[{"taxonomy":"category","embeddable":true,"href":"https:\/\/www.autojm.fr\/blog\/wp-json\/wp\/v2\/categories?post=3687"},{"taxonomy":"post_tag","embeddable":true,"href":"https:\/\/www.autojm.fr\/blog\/wp-json\/wp\/v2\/tags?post=3687"}],"curies":[{"name":"wp","href":"https:\/\/api.w.org\/{rel}","templated":true}]}}