{"id":3685,"date":"2017-04-14T00:00:00","date_gmt":"2017-04-14T00:00:00","guid":{"rendered":"https:\/\/www.autojm.fr\/blog\/alpine-lhistoire-dune-marque\/"},"modified":"2022-12-13T09:17:04","modified_gmt":"2022-12-13T09:17:04","slug":"alpine-lhistoire-dune-marque","status":"publish","type":"post","link":"https:\/\/www.autojm.fr\/blog\/alpine-lhistoire-dune-marque\/","title":{"rendered":"Alpine : l&rsquo;histoire d&rsquo;une marque"},"content":{"rendered":"<p>La marque Alpine a vu le jour en <strong>1955<\/strong>, sous la direction de Jean R\u00e9d\u00e9l\u00e9. Grand fan de la 4CV (avec laquelle il avait fait diverses courses), il s&rsquo;en inspire pour cr\u00e9er le premier mod\u00e8le Alpine : l&rsquo;A106. Voiture l\u00e9g\u00e8re et a\u00e9rodynamique, elle reprend les codes de la 4CV.<\/p>\n<p>En 1962, au salon de Paris, l&rsquo;Alpine A110, premi\u00e8re berlinette du nom, fait son apparition. Elle est d\u00e9finit comme agile et maniable. V\u00e9ritable bijou, elle remporte m\u00eame plusieurs titres dans le monde de l&rsquo;automobile.<\/p>\n<p>En 1970 vient l&rsquo;A310, d\u00e9crite elle comme confortable et plus puissante. Cependant, elle marque un (mauvais) tournant pour la marque Alpine : son prix \u00e9lev\u00e9 et les probl\u00e8mes de qualit\u00e9 qui lui sont attribu\u00e9s cr\u00e9ent une mauvaise r\u00e9putation \u00e0 la marque.<\/p>\n<p>En 1973, Renault devient actionnaire majoritaire de la marque Alpine. Les deux constructeurs produiront ensemble plusieurs mod\u00e8les, dont la 5turbo. Les voitures cr\u00e9\u00e9es par les deux constructeurs ensemble se r\u00e9v\u00e8lent tr\u00e8s endurantes. Et en 1978, la c\u00e9l\u00e8bre course \u00ab\u00a0les 24h du Mans\u00a0\u00bb est remport\u00e9 par un de leur mod\u00e8le.<\/p>\n<p>En 1978, Jean R\u00e9d\u00e9l\u00e9 quitte l&rsquo;entreprise.<\/p>\n<p>En 1984, l&rsquo;A310 est remplac\u00e9 par GTA, un coup\u00e9 Grand Tourisme. Ce mod\u00e8le est compos\u00e9 d&rsquo;une architecture g\u00e9n\u00e9rale qui reprend les codes de l&rsquo;Alpine A310.<\/p>\n<p>En 1991, l&rsquo;Alpine A610 fait son entr\u00e9e. Pr\u00e9sent\u00e9e comme un mod\u00e8le plus haut de gamme, elle fait \u00e0 nouveau basculer la marque Alpine vers une mauvaise r\u00e9putation : son co\u00fbt \u00e9lev\u00e9 a fait chuter les ventes. Suite \u00e0 ce deuxi\u00e8me \u00e9chec, Renault d\u00e9cide de jeter l&rsquo;\u00e9ponge, et met fin \u00e0 l&rsquo;histoire d&rsquo;Alpine en 1995. Les usines serviront alors \u00e0 la production de la clio, et \u00e9galement de la M\u00e9gane RS.<\/p>\n<p>En 2012, le retour d&rsquo;Alpine se fait par un retour en comp\u00e9tition, dans diff\u00e9rentes courses. En 2016, le concept Alpine Vision est d\u00e9voil\u00e9 au col de Turini \u00e0 Monaco, anon\u00e7ant un retour triomphant de la marque. Et apr\u00e8s une longue attente, la marque Alpine revient en Mars 2017, pr\u00e9sente au salon de Gen\u00e8ve avec l&rsquo;Alpine A110 \u00ab\u00a0restyl\u00e9e\u00a0\u00bb, une version qui m\u00e9lange modernit\u00e9 tout en conservant des aspects s\u00e9duisants de la berlinette des ann\u00e9es 1960.<\/p>\n<p>Ce dernier mod\u00e8le d\u00e9voil\u00e9 est d\u00e9j\u00e0 un v\u00e9ritable succ\u00e8s. Attirant les foules \u00e0 Gen\u00e8ve, il a suscit\u00e9 la curiosit\u00e9 des particuliers comme des professionnels. Avec un nombre de commandes limit\u00e9 \u00e0 1955 (comme l&rsquo;ann\u00e9e de naissance de la berlinette), on r\u00e9alise vite que l&rsquo;A110 \u00e9tait le meilleur moyen pour la marque de revenir sur le devant de la sc\u00e8ne. Affaire \u00e0 suivre.<\/p>\n<p style=\"text-align: center;\"><em>Pour voir les diff\u00e9rents mod\u00e8les de la marque, c&rsquo;est ici :<\/em><\/p>\n<p style=\"text-align: center;\"><iframe loading=\"lazy\" src=\"https:\/\/www.youtube.com\/embed\/yg6qaasHeTM\" width=\"760\" height=\"515\" scrolling=\"no\" allowfullscreen=\"allowfullscreen\"><\/iframe><\/p>\n","protected":false},"excerpt":{"rendered":"<p>La marque Alpine a vu le jour en 1955, sous la direction de Jean R\u00e9d\u00e9l\u00e9. Grand fan de la 4CV (avec laquelle il avait fait diverses courses), il s&rsquo;en inspire pour cr\u00e9er le premier mod\u00e8le Alpine : l&rsquo;A106. Voiture l\u00e9g\u00e8re et a\u00e9rodynamique, elle reprend les codes de la 4CV.<\/p>\n","protected":false},"author":1,"featured_media":5745,"comment_status":"open","ping_status":"open","sticky":false,"template":"","format":"standard","meta":{"_acf_changed":false,"content-type":"","footnotes":""},"categories":[5],"tags":[189,90,78],"class_list":["post-3685","post","type-post","status-publish","format-standard","has-post-thumbnail","hentry","category-actualite-automobile","tag-alpine","tag-autojm","tag-renault"],"acf":[],"yoast_head":"<!-- This site is optimized with the Yoast SEO plugin v27.5 - https:\/\/yoast.com\/product\/yoast-seo-wordpress\/ -->\n<title>Alpine : l&#039;histoire d&#039;une marque - AutoJM Mag<\/title>\n<meta name=\"description\" content=\"La marque Alpine a vu le jour en 1955, sous la direction de Jean R\u00e9d\u00e9l\u00e9. Grand fan de la 4CV (avec laquelle il avait fait diverses courses...\" \/>\n<meta name=\"robots\" content=\"index, follow, max-snippet:-1, max-image-preview:large, max-video-preview:-1\" \/>\n<link rel=\"canonical\" href=\"https:\/\/www.autojm.fr\/blog\/alpine-lhistoire-dune-marque\/\" \/>\n<meta property=\"og:locale\" content=\"fr_FR\" \/>\n<meta property=\"og:type\" content=\"article\" \/>\n<meta property=\"og:title\" content=\"Alpine : l&#039;histoire d&#039;une marque - AutoJM Mag\" \/>\n<meta property=\"og:description\" content=\"La marque Alpine a vu le jour en 1955, sous la direction de Jean R\u00e9d\u00e9l\u00e9. Grand fan de la 4CV (avec laquelle il avait fait diverses courses...\" \/>\n<meta property=\"og:url\" content=\"https:\/\/www.autojm.fr\/blog\/alpine-lhistoire-dune-marque\/\" \/>\n<meta property=\"og:site_name\" content=\"AutoJM Mag\" \/>\n<meta property=\"article:publisher\" content=\"https:\/\/www.facebook.com\/AutoJM25\" \/>\n<meta property=\"article:published_time\" content=\"2017-04-14T00:00:00+00:00\" \/>\n<meta property=\"article:modified_time\" content=\"2022-12-13T09:17:04+00:00\" \/>\n<meta property=\"og:image\" content=\"https:\/\/www.autojm.fr\/blog\/wp-content\/uploads\/2022\/10\/406.jpg\" \/>\n\t<meta property=\"og:image:width\" content=\"1024\" \/>\n\t<meta property=\"og:image:height\" content=\"564\" \/>\n\t<meta property=\"og:image:type\" content=\"image\/jpeg\" \/>\n<meta name=\"author\" content=\"Autojm\" \/>\n<meta name=\"twitter:card\" content=\"summary_large_image\" \/>\n<meta name=\"twitter:label1\" content=\"\u00c9crit par\" \/>\n\t<meta name=\"twitter:data1\" content=\"Autojm\" \/>\n\t<meta name=\"twitter:label2\" content=\"Dur\u00e9e de lecture estim\u00e9e\" \/>\n\t<meta name=\"twitter:data2\" content=\"3 minutes\" \/>\n<script type=\"application\/ld+json\" class=\"yoast-schema-graph\">{\"@context\":\"https:\\\/\\\/schema.org\",\"@graph\":[{\"@type\":\"Article\",\"@id\":\"https:\\\/\\\/www.autojm.fr\\\/blog\\\/alpine-lhistoire-dune-marque\\\/#article\",\"isPartOf\":{\"@id\":\"https:\\\/\\\/www.autojm.fr\\\/blog\\\/alpine-lhistoire-dune-marque\\\/\"},\"author\":{\"name\":\"Autojm\",\"@id\":\"https:\\\/\\\/www.autojm.fr\\\/blog\\\/#\\\/schema\\\/person\\\/9742bc77541853e0de81fc57f947e1a0\"},\"headline\":\"Alpine : l&rsquo;histoire d&rsquo;une marque\",\"datePublished\":\"2017-04-14T00:00:00+00:00\",\"dateModified\":\"2022-12-13T09:17:04+00:00\",\"mainEntityOfPage\":{\"@id\":\"https:\\\/\\\/www.autojm.fr\\\/blog\\\/alpine-lhistoire-dune-marque\\\/\"},\"wordCount\":459,\"commentCount\":0,\"publisher\":{\"@id\":\"https:\\\/\\\/www.autojm.fr\\\/blog\\\/#organization\"},\"image\":{\"@id\":\"https:\\\/\\\/www.autojm.fr\\\/blog\\\/alpine-lhistoire-dune-marque\\\/#primaryimage\"},\"thumbnailUrl\":\"https:\\\/\\\/www.autojm.fr\\\/blog\\\/wp-content\\\/uploads\\\/2022\\\/10\\\/406.jpg\",\"keywords\":[\"Alpine\",\"autojm\",\"renault\"],\"articleSection\":[\"Actualit\u00e9 Automobile\"],\"inLanguage\":\"fr-FR\",\"potentialAction\":[{\"@type\":\"CommentAction\",\"name\":\"Comment\",\"target\":[\"https:\\\/\\\/www.autojm.fr\\\/blog\\\/alpine-lhistoire-dune-marque\\\/#respond\"]}]},{\"@type\":\"WebPage\",\"@id\":\"https:\\\/\\\/www.autojm.fr\\\/blog\\\/alpine-lhistoire-dune-marque\\\/\",\"url\":\"https:\\\/\\\/www.autojm.fr\\\/blog\\\/alpine-lhistoire-dune-marque\\\/\",\"name\":\"Alpine : l'histoire d'une marque - AutoJM Mag\",\"isPartOf\":{\"@id\":\"https:\\\/\\\/www.autojm.fr\\\/blog\\\/#website\"},\"primaryImageOfPage\":{\"@id\":\"https:\\\/\\\/www.autojm.fr\\\/blog\\\/alpine-lhistoire-dune-marque\\\/#primaryimage\"},\"image\":{\"@id\":\"https:\\\/\\\/www.autojm.fr\\\/blog\\\/alpine-lhistoire-dune-marque\\\/#primaryimage\"},\"thumbnailUrl\":\"https:\\\/\\\/www.autojm.fr\\\/blog\\\/wp-content\\\/uploads\\\/2022\\\/10\\\/406.jpg\",\"datePublished\":\"2017-04-14T00:00:00+00:00\",\"dateModified\":\"2022-12-13T09:17:04+00:00\",\"description\":\"La marque Alpine a vu le jour en 1955, sous la direction de Jean R\u00e9d\u00e9l\u00e9. Grand fan de la 4CV (avec laquelle il avait fait diverses courses...\",\"breadcrumb\":{\"@id\":\"https:\\\/\\\/www.autojm.fr\\\/blog\\\/alpine-lhistoire-dune-marque\\\/#breadcrumb\"},\"inLanguage\":\"fr-FR\",\"potentialAction\":[{\"@type\":\"ReadAction\",\"target\":[\"https:\\\/\\\/www.autojm.fr\\\/blog\\\/alpine-lhistoire-dune-marque\\\/\"]}]},{\"@type\":\"ImageObject\",\"inLanguage\":\"fr-FR\",\"@id\":\"https:\\\/\\\/www.autojm.fr\\\/blog\\\/alpine-lhistoire-dune-marque\\\/#primaryimage\",\"url\":\"https:\\\/\\\/www.autojm.fr\\\/blog\\\/wp-content\\\/uploads\\\/2022\\\/10\\\/406.jpg\",\"contentUrl\":\"https:\\\/\\\/www.autojm.fr\\\/blog\\\/wp-content\\\/uploads\\\/2022\\\/10\\\/406.jpg\",\"width\":1024,\"height\":564,\"caption\":\"Alpine\"},{\"@type\":\"BreadcrumbList\",\"@id\":\"https:\\\/\\\/www.autojm.fr\\\/blog\\\/alpine-lhistoire-dune-marque\\\/#breadcrumb\",\"itemListElement\":[{\"@type\":\"ListItem\",\"position\":1,\"name\":\"Accueil\",\"item\":\"https:\\\/\\\/www.autojm.fr\\\/blog\\\/\"},{\"@type\":\"ListItem\",\"position\":2,\"name\":\"Actualit\u00e9 Automobile\",\"item\":\"https:\\\/\\\/www.autojm.fr\\\/blog\\\/actualite-automobile\\\/\"},{\"@type\":\"ListItem\",\"position\":3,\"name\":\"Alpine : l&rsquo;histoire d&rsquo;une marque\"}]},{\"@type\":\"WebSite\",\"@id\":\"https:\\\/\\\/www.autojm.fr\\\/blog\\\/#website\",\"url\":\"https:\\\/\\\/www.autojm.fr\\\/blog\\\/\",\"name\":\"AutoJM Mag\",\"description\":\"Toute l&#039;actu auto en 1 clic !\",\"publisher\":{\"@id\":\"https:\\\/\\\/www.autojm.fr\\\/blog\\\/#organization\"},\"potentialAction\":[{\"@type\":\"SearchAction\",\"target\":{\"@type\":\"EntryPoint\",\"urlTemplate\":\"https:\\\/\\\/www.autojm.fr\\\/blog\\\/?s={search_term_string}\"},\"query-input\":{\"@type\":\"PropertyValueSpecification\",\"valueRequired\":true,\"valueName\":\"search_term_string\"}}],\"inLanguage\":\"fr-FR\"},{\"@type\":\"Organization\",\"@id\":\"https:\\\/\\\/www.autojm.fr\\\/blog\\\/#organization\",\"name\":\"AutoJM Mag\",\"url\":\"https:\\\/\\\/www.autojm.fr\\\/blog\\\/\",\"logo\":{\"@type\":\"ImageObject\",\"inLanguage\":\"fr-FR\",\"@id\":\"https:\\\/\\\/www.autojm.fr\\\/blog\\\/#\\\/schema\\\/logo\\\/image\\\/\",\"url\":\"https:\\\/\\\/www.autojm.fr\\\/blog\\\/wp-content\\\/uploads\\\/2022\\\/12\\\/cropped-AutoJMag-png.png\",\"contentUrl\":\"https:\\\/\\\/www.autojm.fr\\\/blog\\\/wp-content\\\/uploads\\\/2022\\\/12\\\/cropped-AutoJMag-png.png\",\"width\":2834,\"height\":585,\"caption\":\"AutoJM Mag\"},\"image\":{\"@id\":\"https:\\\/\\\/www.autojm.fr\\\/blog\\\/#\\\/schema\\\/logo\\\/image\\\/\"},\"sameAs\":[\"https:\\\/\\\/www.facebook.com\\\/AutoJM25\"]},{\"@type\":\"Person\",\"@id\":\"https:\\\/\\\/www.autojm.fr\\\/blog\\\/#\\\/schema\\\/person\\\/9742bc77541853e0de81fc57f947e1a0\",\"name\":\"Autojm\",\"image\":{\"@type\":\"ImageObject\",\"inLanguage\":\"fr-FR\",\"@id\":\"https:\\\/\\\/secure.gravatar.com\\\/avatar\\\/9a959d52b758fcc232fe4b6aca7bab139182573297122cce7d6f2ee0e537b418?s=96&d=mm&r=g\",\"url\":\"https:\\\/\\\/secure.gravatar.com\\\/avatar\\\/9a959d52b758fcc232fe4b6aca7bab139182573297122cce7d6f2ee0e537b418?s=96&d=mm&r=g\",\"contentUrl\":\"https:\\\/\\\/secure.gravatar.com\\\/avatar\\\/9a959d52b758fcc232fe4b6aca7bab139182573297122cce7d6f2ee0e537b418?s=96&d=mm&r=g\",\"caption\":\"Autojm\"},\"sameAs\":[\"https:\\\/\\\/www.autojm.fr\\\/blog\"],\"url\":\"https:\\\/\\\/www.autojm.fr\\\/blog\\\/author\\\/bichoi\\\/\"}]}<\/script>\n<!-- \/ Yoast SEO plugin. -->","yoast_head_json":{"title":"Alpine : l'histoire d'une marque - AutoJM Mag","description":"La marque Alpine a vu le jour en 1955, sous la direction de Jean R\u00e9d\u00e9l\u00e9. Grand fan de la 4CV (avec laquelle il avait fait diverses courses...","robots":{"index":"index","follow":"follow","max-snippet":"max-snippet:-1","max-image-preview":"max-image-preview:large","max-video-preview":"max-video-preview:-1"},"canonical":"https:\/\/www.autojm.fr\/blog\/alpine-lhistoire-dune-marque\/","og_locale":"fr_FR","og_type":"article","og_title":"Alpine : l'histoire d'une marque - AutoJM Mag","og_description":"La marque Alpine a vu le jour en 1955, sous la direction de Jean R\u00e9d\u00e9l\u00e9. Grand fan de la 4CV (avec laquelle il avait fait diverses courses...","og_url":"https:\/\/www.autojm.fr\/blog\/alpine-lhistoire-dune-marque\/","og_site_name":"AutoJM Mag","article_publisher":"https:\/\/www.facebook.com\/AutoJM25","article_published_time":"2017-04-14T00:00:00+00:00","article_modified_time":"2022-12-13T09:17:04+00:00","og_image":[{"width":1024,"height":564,"url":"https:\/\/www.autojm.fr\/blog\/wp-content\/uploads\/2022\/10\/406.jpg","type":"image\/jpeg"}],"author":"Autojm","twitter_card":"summary_large_image","twitter_misc":{"\u00c9crit par":"Autojm","Dur\u00e9e de lecture estim\u00e9e":"3 minutes"},"schema":{"@context":"https:\/\/schema.org","@graph":[{"@type":"Article","@id":"https:\/\/www.autojm.fr\/blog\/alpine-lhistoire-dune-marque\/#article","isPartOf":{"@id":"https:\/\/www.autojm.fr\/blog\/alpine-lhistoire-dune-marque\/"},"author":{"name":"Autojm","@id":"https:\/\/www.autojm.fr\/blog\/#\/schema\/person\/9742bc77541853e0de81fc57f947e1a0"},"headline":"Alpine : l&rsquo;histoire d&rsquo;une marque","datePublished":"2017-04-14T00:00:00+00:00","dateModified":"2022-12-13T09:17:04+00:00","mainEntityOfPage":{"@id":"https:\/\/www.autojm.fr\/blog\/alpine-lhistoire-dune-marque\/"},"wordCount":459,"commentCount":0,"publisher":{"@id":"https:\/\/www.autojm.fr\/blog\/#organization"},"image":{"@id":"https:\/\/www.autojm.fr\/blog\/alpine-lhistoire-dune-marque\/#primaryimage"},"thumbnailUrl":"https:\/\/www.autojm.fr\/blog\/wp-content\/uploads\/2022\/10\/406.jpg","keywords":["Alpine","autojm","renault"],"articleSection":["Actualit\u00e9 Automobile"],"inLanguage":"fr-FR","potentialAction":[{"@type":"CommentAction","name":"Comment","target":["https:\/\/www.autojm.fr\/blog\/alpine-lhistoire-dune-marque\/#respond"]}]},{"@type":"WebPage","@id":"https:\/\/www.autojm.fr\/blog\/alpine-lhistoire-dune-marque\/","url":"https:\/\/www.autojm.fr\/blog\/alpine-lhistoire-dune-marque\/","name":"Alpine : l'histoire d'une marque - AutoJM Mag","isPartOf":{"@id":"https:\/\/www.autojm.fr\/blog\/#website"},"primaryImageOfPage":{"@id":"https:\/\/www.autojm.fr\/blog\/alpine-lhistoire-dune-marque\/#primaryimage"},"image":{"@id":"https:\/\/www.autojm.fr\/blog\/alpine-lhistoire-dune-marque\/#primaryimage"},"thumbnailUrl":"https:\/\/www.autojm.fr\/blog\/wp-content\/uploads\/2022\/10\/406.jpg","datePublished":"2017-04-14T00:00:00+00:00","dateModified":"2022-12-13T09:17:04+00:00","description":"La marque Alpine a vu le jour en 1955, sous la direction de Jean R\u00e9d\u00e9l\u00e9. Grand fan de la 4CV (avec laquelle il avait fait diverses courses...","breadcrumb":{"@id":"https:\/\/www.autojm.fr\/blog\/alpine-lhistoire-dune-marque\/#breadcrumb"},"inLanguage":"fr-FR","potentialAction":[{"@type":"ReadAction","target":["https:\/\/www.autojm.fr\/blog\/alpine-lhistoire-dune-marque\/"]}]},{"@type":"ImageObject","inLanguage":"fr-FR","@id":"https:\/\/www.autojm.fr\/blog\/alpine-lhistoire-dune-marque\/#primaryimage","url":"https:\/\/www.autojm.fr\/blog\/wp-content\/uploads\/2022\/10\/406.jpg","contentUrl":"https:\/\/www.autojm.fr\/blog\/wp-content\/uploads\/2022\/10\/406.jpg","width":1024,"height":564,"caption":"Alpine"},{"@type":"BreadcrumbList","@id":"https:\/\/www.autojm.fr\/blog\/alpine-lhistoire-dune-marque\/#breadcrumb","itemListElement":[{"@type":"ListItem","position":1,"name":"Accueil","item":"https:\/\/www.autojm.fr\/blog\/"},{"@type":"ListItem","position":2,"name":"Actualit\u00e9 Automobile","item":"https:\/\/www.autojm.fr\/blog\/actualite-automobile\/"},{"@type":"ListItem","position":3,"name":"Alpine : l&rsquo;histoire d&rsquo;une marque"}]},{"@type":"WebSite","@id":"https:\/\/www.autojm.fr\/blog\/#website","url":"https:\/\/www.autojm.fr\/blog\/","name":"AutoJM Mag","description":"Toute l&#039;actu auto en 1 clic !","publisher":{"@id":"https:\/\/www.autojm.fr\/blog\/#organization"},"potentialAction":[{"@type":"SearchAction","target":{"@type":"EntryPoint","urlTemplate":"https:\/\/www.autojm.fr\/blog\/?s={search_term_string}"},"query-input":{"@type":"PropertyValueSpecification","valueRequired":true,"valueName":"search_term_string"}}],"inLanguage":"fr-FR"},{"@type":"Organization","@id":"https:\/\/www.autojm.fr\/blog\/#organization","name":"AutoJM Mag","url":"https:\/\/www.autojm.fr\/blog\/","logo":{"@type":"ImageObject","inLanguage":"fr-FR","@id":"https:\/\/www.autojm.fr\/blog\/#\/schema\/logo\/image\/","url":"https:\/\/www.autojm.fr\/blog\/wp-content\/uploads\/2022\/12\/cropped-AutoJMag-png.png","contentUrl":"https:\/\/www.autojm.fr\/blog\/wp-content\/uploads\/2022\/12\/cropped-AutoJMag-png.png","width":2834,"height":585,"caption":"AutoJM Mag"},"image":{"@id":"https:\/\/www.autojm.fr\/blog\/#\/schema\/logo\/image\/"},"sameAs":["https:\/\/www.facebook.com\/AutoJM25"]},{"@type":"Person","@id":"https:\/\/www.autojm.fr\/blog\/#\/schema\/person\/9742bc77541853e0de81fc57f947e1a0","name":"Autojm","image":{"@type":"ImageObject","inLanguage":"fr-FR","@id":"https:\/\/secure.gravatar.com\/avatar\/9a959d52b758fcc232fe4b6aca7bab139182573297122cce7d6f2ee0e537b418?s=96&d=mm&r=g","url":"https:\/\/secure.gravatar.com\/avatar\/9a959d52b758fcc232fe4b6aca7bab139182573297122cce7d6f2ee0e537b418?s=96&d=mm&r=g","contentUrl":"https:\/\/secure.gravatar.com\/avatar\/9a959d52b758fcc232fe4b6aca7bab139182573297122cce7d6f2ee0e537b418?s=96&d=mm&r=g","caption":"Autojm"},"sameAs":["https:\/\/www.autojm.fr\/blog"],"url":"https:\/\/www.autojm.fr\/blog\/author\/bichoi\/"}]}},"_links":{"self":[{"href":"https:\/\/www.autojm.fr\/blog\/wp-json\/wp\/v2\/posts\/3685","targetHints":{"allow":["GET"]}}],"collection":[{"href":"https:\/\/www.autojm.fr\/blog\/wp-json\/wp\/v2\/posts"}],"about":[{"href":"https:\/\/www.autojm.fr\/blog\/wp-json\/wp\/v2\/types\/post"}],"author":[{"embeddable":true,"href":"https:\/\/www.autojm.fr\/blog\/wp-json\/wp\/v2\/users\/1"}],"replies":[{"embeddable":true,"href":"https:\/\/www.autojm.fr\/blog\/wp-json\/wp\/v2\/comments?post=3685"}],"version-history":[{"count":4,"href":"https:\/\/www.autojm.fr\/blog\/wp-json\/wp\/v2\/posts\/3685\/revisions"}],"predecessor-version":[{"id":7193,"href":"https:\/\/www.autojm.fr\/blog\/wp-json\/wp\/v2\/posts\/3685\/revisions\/7193"}],"wp:featuredmedia":[{"embeddable":true,"href":"https:\/\/www.autojm.fr\/blog\/wp-json\/wp\/v2\/media\/5745"}],"wp:attachment":[{"href":"https:\/\/www.autojm.fr\/blog\/wp-json\/wp\/v2\/media?parent=3685"}],"wp:term":[{"taxonomy":"category","embeddable":true,"href":"https:\/\/www.autojm.fr\/blog\/wp-json\/wp\/v2\/categories?post=3685"},{"taxonomy":"post_tag","embeddable":true,"href":"https:\/\/www.autojm.fr\/blog\/wp-json\/wp\/v2\/tags?post=3685"}],"curies":[{"name":"wp","href":"https:\/\/api.w.org\/{rel}","templated":true}]}}