{"id":3682,"date":"2017-03-27T00:00:00","date_gmt":"2017-03-27T00:00:00","guid":{"rendered":"https:\/\/www.autojm.fr\/blog\/tiguan-allspace-la-nouveaute-de-volkswagen\/"},"modified":"2023-04-18T13:31:18","modified_gmt":"2023-04-18T13:31:18","slug":"tiguan-allspace-la-nouveaute-de-volkswagen","status":"publish","type":"post","link":"https:\/\/www.autojm.fr\/blog\/tiguan-allspace-la-nouveaute-de-volkswagen\/","title":{"rendered":"Tiguan Allspace, la nouveaut\u00e9 de Volkswagen"},"content":{"rendered":"<p dir=\"ltr\" style=\"line-height: 1.38; margin-top: 0pt; margin-bottom: 0pt; text-align: justify;\">\n<p dir=\"ltr\" style=\"line-height: 1.38; margin-top: 0pt; margin-bottom: 0pt; text-align: justify;\">\n<p dir=\"ltr\" style=\"line-height: 1.38; margin-top: 0pt; margin-bottom: 0pt; text-align: justify;\"><span style=\"color: #000000; font-family: Arial; font-size: 12pt; white-space: pre-wrap; line-height: 1.38; background-color: transparent;\">La marque Allemande a battu un record de vente l&rsquo;ann\u00e9e derni\u00e8re, malgr\u00e9 le scandale du diesel gate. Pour remonter la pente et faire encore mieux, les constructeurs reviennent avec un nouveau SUV : Le Tiguan Allspace. La nouveaut\u00e9 ? Plus d&rsquo;espace, 2 places suppl\u00e9mentaires\u2026 On vous dit tout.<\/span><\/p>\n<p dir=\"ltr\" style=\"line-height: 1.38; margin-top: 0pt; margin-bottom: 0pt; text-align: justify;\">\n<p dir=\"ltr\" style=\"line-height: 1.38; margin-top: 0pt; margin-bottom: 0pt; text-align: justify;\"><span style=\"color: #000000; font-family: Arial; font-size: 12pt; line-height: 1.38; white-space: pre-wrap; background-color: transparent;\">Des mesures qui s&rsquo;allongent pour ce SUV, l&rsquo;espace sera bien pr\u00e9sent : avec ses 4,70 m\u00e8tres de longueur et un empattement de 2,79 m\u00e8tres, le v\u00e9hicule pourra accueillir jusqu&rsquo;\u00e0 7 passagers tout en conservant un volume de chargement important. Ce dernier atteindra 1920 litres \u00e0 son maximum.<\/span><\/p>\n<p dir=\"ltr\">\n<p dir=\"ltr\" style=\"line-height: 1.38; margin-top: 0pt; margin-bottom: 0pt; text-align: justify;\">\n<p dir=\"ltr\" style=\"line-height: 1.38; margin-top: 0pt; margin-bottom: 0pt; text-align: justify;\"><span style=\"color: #000000; font-family: Arial; font-size: 12pt; line-height: 1.38; white-space: pre-wrap; background-color: transparent;\">\u00c0 l&rsquo;ext\u00e9rieur, le mod\u00e8le reprend des traits du Tiguan premi\u00e8re g\u00e9n\u00e9ration mais s&rsquo;am\u00e9liore : des portes arri\u00e8res plus grandes, un porte-\u00e0-faux arri\u00e8re rallong\u00e9, un toit vitr\u00e9 panoramique imposant, 4 roues motrices de s\u00e9rie \u00e0 partir de 180 chevaux\u2026 Le Tiguan sera spacieux et muscl\u00e9. La calandre a \u00e9galement \u00e9t\u00e9 redessin\u00e9e : les baguettes chrom\u00e9es s&rsquo;\u00e9tendent jusque dans les phares et les barres de toit donnent un aspect plus grand. Enfin, une plaque de protection de soubassement permet de prot\u00e9ger le v\u00e9hicule pour plus de s\u00e9curit\u00e9.<\/span><\/p>\n<p dir=\"ltr\">\n<p dir=\"ltr\" style=\"line-height: 1.38; margin-top: 0pt; margin-bottom: 0pt; text-align: justify;\">\n<p dir=\"ltr\" style=\"line-height: 1.38; margin-top: 0pt; margin-bottom: 0pt; text-align: justify;\"><span style=\"color: #000000; font-family: Arial; font-size: 12pt; line-height: 1.38; white-space: pre-wrap; background-color: transparent;\">Le design int\u00e9rieur m\u00eale espace, confort et modernit\u00e9 : la banquette arri\u00e8re coulissante avec dossiers inclinables permettra aux passagers de se sentir bien et \u00e0 l&rsquo;aise, gliss\u00e9s dans des si\u00e8ges de bonne qualit\u00e9. Le troisi\u00e8me rang accueille 2 si\u00e8ges permettant \u00e0 deux passagers suppl\u00e9mentaires de monter \u00e0 bord : petit b\u00e9mol, ces deux places assises sont fixes et basses, donc \u00e0 r\u00e9server plut\u00f4t pour des enfants pour des personnes pas tr\u00e8s grandes. A l&rsquo;avant, le conducteur disposera d&rsquo;un tableau de bord moderne et bien \u00e9quip\u00e9 : un \u00e9cran 9,2 pouces et un volant multifonctions seront de mise. Les mod\u00e8les haut de gamme disposeront d&rsquo;une instrumentation 100% num\u00e9rique. Enfin, des petits d\u00e9tails permettent d&rsquo;am\u00e9liorer le bien-\u00eatre et la modularit\u00e9 avec, entre autres, des stores lat\u00e9raux \u00e0 l&rsquo;arri\u00e8re et un plancher de chargement variable.<\/span><\/p>\n<p dir=\"ltr\" style=\"line-height: 1.38; margin-top: 0pt; margin-bottom: 0pt; text-align: justify;\">\n<p dir=\"ltr\" style=\"line-height: 1.38; margin-top: 0pt; margin-bottom: 0pt; text-align: center;\">\n<p dir=\"ltr\" style=\"line-height: 1.38; margin-top: 0pt; margin-bottom: 0pt; text-align: justify;\">\n<p dir=\"ltr\" style=\"line-height: 1.38; margin-top: 0pt; margin-bottom: 0pt; text-align: justify;\"><span style=\"color: #000000; font-family: Arial; font-size: 12pt; line-height: 1.38; white-space: pre-wrap; background-color: transparent;\">Question technologie, le Tiguan Allspace ne manquera pas de ressources. Un syst\u00e8me de conduite semi-autonome, la commande gestuelle sur les hauts de gamme, l&rsquo;Apple Car Play ou Android Auto, la d\u00e9tection de la signalisation routi\u00e8re et le Pack connectivity, les derni\u00e8res technologies d\u00e9velopp\u00e9es seront disponibles \u00e0 bord, \u00e0 voir lesquelles selon les finitions.<\/span><\/p>\n<p dir=\"ltr\">\n<p dir=\"ltr\" style=\"line-height: 1.38; margin-top: 0pt; margin-bottom: 0pt; text-align: justify;\">\n<p dir=\"ltr\" style=\"line-height: 1.38; margin-top: 0pt; margin-bottom: 0pt; text-align: justify;\"><span style=\"color: #000000; font-family: Arial; font-size: 12pt; white-space: pre-wrap; line-height: 1.6; background-color: transparent;\">Le Volkswagen Tiguan Allspace s&rsquo;inscrira dans la gamme des SUV. Compris entre les mod\u00e8les premium et les bas de gamme, il sera un entre-deux id\u00e9al pour les conducteurs qui recherchent un v\u00e9hicule spacieux avec un design muscl\u00e9. Disponible avec 3 versions essence et 3 versions diesel, il accueillera jusqu&rsquo;\u00e0 240 chevaux sous le capot.<\/span><\/p>\n","protected":false},"excerpt":{"rendered":"<p>La marque Allemande a battu un record de vente l&rsquo;ann\u00e9e derni\u00e8re, malgr\u00e9 le scandale du diesel gate. Pour remonter la pente et faire encore mieux, les constructeurs reviennent avec un nouveau SUV : Le Tiguan Allspace. La nouveaut\u00e9 ? Plus d&rsquo;espace, 2 places suppl\u00e9mentaires\u2026<\/p>\n","protected":false},"author":1,"featured_media":5742,"comment_status":"open","ping_status":"open","sticky":false,"template":"","format":"standard","meta":{"_acf_changed":false,"content-type":"","footnotes":""},"categories":[264,61],"tags":[90,192,96],"class_list":["post-3682","post","type-post","status-publish","format-standard","has-post-thumbnail","hentry","category-nouveaute-volkswagen","category-nouveautes-autos","tag-autojm","tag-tiguan-allspace","tag-volkswagen"],"acf":[],"yoast_head":"<!-- This site is optimized with the Yoast SEO plugin v27.5 - https:\/\/yoast.com\/product\/yoast-seo-wordpress\/ -->\n<title>Tiguan Allspace, la nouveaut\u00e9 de Volkswagen - AutoJM Mag<\/title>\n<meta name=\"description\" content=\"La marque Allemande a battu un record de vente l&#039;ann\u00e9e derni\u00e8re, malgr\u00e9 le scandale du diesel gate. Pour remonter la pente et faire...\" \/>\n<meta name=\"robots\" content=\"index, follow, max-snippet:-1, max-image-preview:large, max-video-preview:-1\" \/>\n<link rel=\"canonical\" href=\"https:\/\/www.autojm.fr\/blog\/tiguan-allspace-la-nouveaute-de-volkswagen\/\" \/>\n<meta property=\"og:locale\" content=\"fr_FR\" \/>\n<meta property=\"og:type\" content=\"article\" \/>\n<meta property=\"og:title\" content=\"Tiguan Allspace, la nouveaut\u00e9 de Volkswagen - AutoJM Mag\" \/>\n<meta property=\"og:description\" content=\"La marque Allemande a battu un record de vente l&#039;ann\u00e9e derni\u00e8re, malgr\u00e9 le scandale du diesel gate. Pour remonter la pente et faire...\" \/>\n<meta property=\"og:url\" content=\"https:\/\/www.autojm.fr\/blog\/tiguan-allspace-la-nouveaute-de-volkswagen\/\" \/>\n<meta property=\"og:site_name\" content=\"AutoJM Mag\" \/>\n<meta property=\"article:publisher\" content=\"https:\/\/www.facebook.com\/AutoJM25\" \/>\n<meta property=\"article:published_time\" content=\"2017-03-27T00:00:00+00:00\" \/>\n<meta property=\"article:modified_time\" content=\"2023-04-18T13:31:18+00:00\" \/>\n<meta property=\"og:image\" content=\"https:\/\/www.autojm.fr\/blog\/wp-content\/uploads\/2022\/10\/404.jpg\" \/>\n\t<meta property=\"og:image:width\" content=\"2000\" \/>\n\t<meta property=\"og:image:height\" content=\"992\" \/>\n\t<meta property=\"og:image:type\" content=\"image\/jpeg\" \/>\n<meta name=\"author\" content=\"Autojm\" \/>\n<meta name=\"twitter:card\" content=\"summary_large_image\" \/>\n<meta name=\"twitter:label1\" content=\"\u00c9crit par\" \/>\n\t<meta name=\"twitter:data1\" content=\"Autojm\" \/>\n\t<meta name=\"twitter:label2\" content=\"Dur\u00e9e de lecture estim\u00e9e\" \/>\n\t<meta name=\"twitter:data2\" content=\"3 minutes\" \/>\n<script type=\"application\/ld+json\" class=\"yoast-schema-graph\">{\"@context\":\"https:\\\/\\\/schema.org\",\"@graph\":[{\"@type\":\"Article\",\"@id\":\"https:\\\/\\\/www.autojm.fr\\\/blog\\\/tiguan-allspace-la-nouveaute-de-volkswagen\\\/#article\",\"isPartOf\":{\"@id\":\"https:\\\/\\\/www.autojm.fr\\\/blog\\\/tiguan-allspace-la-nouveaute-de-volkswagen\\\/\"},\"author\":{\"name\":\"Autojm\",\"@id\":\"https:\\\/\\\/www.autojm.fr\\\/blog\\\/#\\\/schema\\\/person\\\/9742bc77541853e0de81fc57f947e1a0\"},\"headline\":\"Tiguan Allspace, la nouveaut\u00e9 de Volkswagen\",\"datePublished\":\"2017-03-27T00:00:00+00:00\",\"dateModified\":\"2023-04-18T13:31:18+00:00\",\"mainEntityOfPage\":{\"@id\":\"https:\\\/\\\/www.autojm.fr\\\/blog\\\/tiguan-allspace-la-nouveaute-de-volkswagen\\\/\"},\"wordCount\":445,\"commentCount\":0,\"publisher\":{\"@id\":\"https:\\\/\\\/www.autojm.fr\\\/blog\\\/#organization\"},\"image\":{\"@id\":\"https:\\\/\\\/www.autojm.fr\\\/blog\\\/tiguan-allspace-la-nouveaute-de-volkswagen\\\/#primaryimage\"},\"thumbnailUrl\":\"https:\\\/\\\/www.autojm.fr\\\/blog\\\/wp-content\\\/uploads\\\/2022\\\/10\\\/404.jpg\",\"keywords\":[\"autojm\",\"Tiguan Allspace\",\"Volkswagen\"],\"articleSection\":[\"Nouveaut\u00e9 Volkswagen\",\"Nouveaut\u00e9s Autos\"],\"inLanguage\":\"fr-FR\",\"potentialAction\":[{\"@type\":\"CommentAction\",\"name\":\"Comment\",\"target\":[\"https:\\\/\\\/www.autojm.fr\\\/blog\\\/tiguan-allspace-la-nouveaute-de-volkswagen\\\/#respond\"]}]},{\"@type\":\"WebPage\",\"@id\":\"https:\\\/\\\/www.autojm.fr\\\/blog\\\/tiguan-allspace-la-nouveaute-de-volkswagen\\\/\",\"url\":\"https:\\\/\\\/www.autojm.fr\\\/blog\\\/tiguan-allspace-la-nouveaute-de-volkswagen\\\/\",\"name\":\"Tiguan Allspace, la nouveaut\u00e9 de Volkswagen - AutoJM Mag\",\"isPartOf\":{\"@id\":\"https:\\\/\\\/www.autojm.fr\\\/blog\\\/#website\"},\"primaryImageOfPage\":{\"@id\":\"https:\\\/\\\/www.autojm.fr\\\/blog\\\/tiguan-allspace-la-nouveaute-de-volkswagen\\\/#primaryimage\"},\"image\":{\"@id\":\"https:\\\/\\\/www.autojm.fr\\\/blog\\\/tiguan-allspace-la-nouveaute-de-volkswagen\\\/#primaryimage\"},\"thumbnailUrl\":\"https:\\\/\\\/www.autojm.fr\\\/blog\\\/wp-content\\\/uploads\\\/2022\\\/10\\\/404.jpg\",\"datePublished\":\"2017-03-27T00:00:00+00:00\",\"dateModified\":\"2023-04-18T13:31:18+00:00\",\"description\":\"La marque Allemande a battu un record de vente l'ann\u00e9e derni\u00e8re, malgr\u00e9 le scandale du diesel gate. Pour remonter la pente et faire...\",\"breadcrumb\":{\"@id\":\"https:\\\/\\\/www.autojm.fr\\\/blog\\\/tiguan-allspace-la-nouveaute-de-volkswagen\\\/#breadcrumb\"},\"inLanguage\":\"fr-FR\",\"potentialAction\":[{\"@type\":\"ReadAction\",\"target\":[\"https:\\\/\\\/www.autojm.fr\\\/blog\\\/tiguan-allspace-la-nouveaute-de-volkswagen\\\/\"]}]},{\"@type\":\"ImageObject\",\"inLanguage\":\"fr-FR\",\"@id\":\"https:\\\/\\\/www.autojm.fr\\\/blog\\\/tiguan-allspace-la-nouveaute-de-volkswagen\\\/#primaryimage\",\"url\":\"https:\\\/\\\/www.autojm.fr\\\/blog\\\/wp-content\\\/uploads\\\/2022\\\/10\\\/404.jpg\",\"contentUrl\":\"https:\\\/\\\/www.autojm.fr\\\/blog\\\/wp-content\\\/uploads\\\/2022\\\/10\\\/404.jpg\",\"width\":2000,\"height\":992,\"caption\":\"Tiguan Allspace\"},{\"@type\":\"BreadcrumbList\",\"@id\":\"https:\\\/\\\/www.autojm.fr\\\/blog\\\/tiguan-allspace-la-nouveaute-de-volkswagen\\\/#breadcrumb\",\"itemListElement\":[{\"@type\":\"ListItem\",\"position\":1,\"name\":\"Accueil\",\"item\":\"https:\\\/\\\/www.autojm.fr\\\/blog\\\/\"},{\"@type\":\"ListItem\",\"position\":2,\"name\":\"Nouveaut\u00e9s Autos\",\"item\":\"https:\\\/\\\/www.autojm.fr\\\/blog\\\/nouveautes-autos\\\/\"},{\"@type\":\"ListItem\",\"position\":3,\"name\":\"Tiguan Allspace, la nouveaut\u00e9 de Volkswagen\"}]},{\"@type\":\"WebSite\",\"@id\":\"https:\\\/\\\/www.autojm.fr\\\/blog\\\/#website\",\"url\":\"https:\\\/\\\/www.autojm.fr\\\/blog\\\/\",\"name\":\"AutoJM Mag\",\"description\":\"Toute l&#039;actu auto en 1 clic !\",\"publisher\":{\"@id\":\"https:\\\/\\\/www.autojm.fr\\\/blog\\\/#organization\"},\"potentialAction\":[{\"@type\":\"SearchAction\",\"target\":{\"@type\":\"EntryPoint\",\"urlTemplate\":\"https:\\\/\\\/www.autojm.fr\\\/blog\\\/?s={search_term_string}\"},\"query-input\":{\"@type\":\"PropertyValueSpecification\",\"valueRequired\":true,\"valueName\":\"search_term_string\"}}],\"inLanguage\":\"fr-FR\"},{\"@type\":\"Organization\",\"@id\":\"https:\\\/\\\/www.autojm.fr\\\/blog\\\/#organization\",\"name\":\"AutoJM Mag\",\"url\":\"https:\\\/\\\/www.autojm.fr\\\/blog\\\/\",\"logo\":{\"@type\":\"ImageObject\",\"inLanguage\":\"fr-FR\",\"@id\":\"https:\\\/\\\/www.autojm.fr\\\/blog\\\/#\\\/schema\\\/logo\\\/image\\\/\",\"url\":\"https:\\\/\\\/www.autojm.fr\\\/blog\\\/wp-content\\\/uploads\\\/2022\\\/12\\\/cropped-AutoJMag-png.png\",\"contentUrl\":\"https:\\\/\\\/www.autojm.fr\\\/blog\\\/wp-content\\\/uploads\\\/2022\\\/12\\\/cropped-AutoJMag-png.png\",\"width\":2834,\"height\":585,\"caption\":\"AutoJM Mag\"},\"image\":{\"@id\":\"https:\\\/\\\/www.autojm.fr\\\/blog\\\/#\\\/schema\\\/logo\\\/image\\\/\"},\"sameAs\":[\"https:\\\/\\\/www.facebook.com\\\/AutoJM25\"]},{\"@type\":\"Person\",\"@id\":\"https:\\\/\\\/www.autojm.fr\\\/blog\\\/#\\\/schema\\\/person\\\/9742bc77541853e0de81fc57f947e1a0\",\"name\":\"Autojm\",\"image\":{\"@type\":\"ImageObject\",\"inLanguage\":\"fr-FR\",\"@id\":\"https:\\\/\\\/secure.gravatar.com\\\/avatar\\\/9a959d52b758fcc232fe4b6aca7bab139182573297122cce7d6f2ee0e537b418?s=96&d=mm&r=g\",\"url\":\"https:\\\/\\\/secure.gravatar.com\\\/avatar\\\/9a959d52b758fcc232fe4b6aca7bab139182573297122cce7d6f2ee0e537b418?s=96&d=mm&r=g\",\"contentUrl\":\"https:\\\/\\\/secure.gravatar.com\\\/avatar\\\/9a959d52b758fcc232fe4b6aca7bab139182573297122cce7d6f2ee0e537b418?s=96&d=mm&r=g\",\"caption\":\"Autojm\"},\"sameAs\":[\"https:\\\/\\\/www.autojm.fr\\\/blog\"],\"url\":\"https:\\\/\\\/www.autojm.fr\\\/blog\\\/author\\\/bichoi\\\/\"}]}<\/script>\n<!-- \/ Yoast SEO plugin. -->","yoast_head_json":{"title":"Tiguan Allspace, la nouveaut\u00e9 de Volkswagen - AutoJM Mag","description":"La marque Allemande a battu un record de vente l'ann\u00e9e derni\u00e8re, malgr\u00e9 le scandale du diesel gate. Pour remonter la pente et faire...","robots":{"index":"index","follow":"follow","max-snippet":"max-snippet:-1","max-image-preview":"max-image-preview:large","max-video-preview":"max-video-preview:-1"},"canonical":"https:\/\/www.autojm.fr\/blog\/tiguan-allspace-la-nouveaute-de-volkswagen\/","og_locale":"fr_FR","og_type":"article","og_title":"Tiguan Allspace, la nouveaut\u00e9 de Volkswagen - AutoJM Mag","og_description":"La marque Allemande a battu un record de vente l'ann\u00e9e derni\u00e8re, malgr\u00e9 le scandale du diesel gate. Pour remonter la pente et faire...","og_url":"https:\/\/www.autojm.fr\/blog\/tiguan-allspace-la-nouveaute-de-volkswagen\/","og_site_name":"AutoJM Mag","article_publisher":"https:\/\/www.facebook.com\/AutoJM25","article_published_time":"2017-03-27T00:00:00+00:00","article_modified_time":"2023-04-18T13:31:18+00:00","og_image":[{"width":2000,"height":992,"url":"https:\/\/www.autojm.fr\/blog\/wp-content\/uploads\/2022\/10\/404.jpg","type":"image\/jpeg"}],"author":"Autojm","twitter_card":"summary_large_image","twitter_misc":{"\u00c9crit par":"Autojm","Dur\u00e9e de lecture estim\u00e9e":"3 minutes"},"schema":{"@context":"https:\/\/schema.org","@graph":[{"@type":"Article","@id":"https:\/\/www.autojm.fr\/blog\/tiguan-allspace-la-nouveaute-de-volkswagen\/#article","isPartOf":{"@id":"https:\/\/www.autojm.fr\/blog\/tiguan-allspace-la-nouveaute-de-volkswagen\/"},"author":{"name":"Autojm","@id":"https:\/\/www.autojm.fr\/blog\/#\/schema\/person\/9742bc77541853e0de81fc57f947e1a0"},"headline":"Tiguan Allspace, la nouveaut\u00e9 de Volkswagen","datePublished":"2017-03-27T00:00:00+00:00","dateModified":"2023-04-18T13:31:18+00:00","mainEntityOfPage":{"@id":"https:\/\/www.autojm.fr\/blog\/tiguan-allspace-la-nouveaute-de-volkswagen\/"},"wordCount":445,"commentCount":0,"publisher":{"@id":"https:\/\/www.autojm.fr\/blog\/#organization"},"image":{"@id":"https:\/\/www.autojm.fr\/blog\/tiguan-allspace-la-nouveaute-de-volkswagen\/#primaryimage"},"thumbnailUrl":"https:\/\/www.autojm.fr\/blog\/wp-content\/uploads\/2022\/10\/404.jpg","keywords":["autojm","Tiguan Allspace","Volkswagen"],"articleSection":["Nouveaut\u00e9 Volkswagen","Nouveaut\u00e9s Autos"],"inLanguage":"fr-FR","potentialAction":[{"@type":"CommentAction","name":"Comment","target":["https:\/\/www.autojm.fr\/blog\/tiguan-allspace-la-nouveaute-de-volkswagen\/#respond"]}]},{"@type":"WebPage","@id":"https:\/\/www.autojm.fr\/blog\/tiguan-allspace-la-nouveaute-de-volkswagen\/","url":"https:\/\/www.autojm.fr\/blog\/tiguan-allspace-la-nouveaute-de-volkswagen\/","name":"Tiguan Allspace, la nouveaut\u00e9 de Volkswagen - AutoJM Mag","isPartOf":{"@id":"https:\/\/www.autojm.fr\/blog\/#website"},"primaryImageOfPage":{"@id":"https:\/\/www.autojm.fr\/blog\/tiguan-allspace-la-nouveaute-de-volkswagen\/#primaryimage"},"image":{"@id":"https:\/\/www.autojm.fr\/blog\/tiguan-allspace-la-nouveaute-de-volkswagen\/#primaryimage"},"thumbnailUrl":"https:\/\/www.autojm.fr\/blog\/wp-content\/uploads\/2022\/10\/404.jpg","datePublished":"2017-03-27T00:00:00+00:00","dateModified":"2023-04-18T13:31:18+00:00","description":"La marque Allemande a battu un record de vente l'ann\u00e9e derni\u00e8re, malgr\u00e9 le scandale du diesel gate. Pour remonter la pente et faire...","breadcrumb":{"@id":"https:\/\/www.autojm.fr\/blog\/tiguan-allspace-la-nouveaute-de-volkswagen\/#breadcrumb"},"inLanguage":"fr-FR","potentialAction":[{"@type":"ReadAction","target":["https:\/\/www.autojm.fr\/blog\/tiguan-allspace-la-nouveaute-de-volkswagen\/"]}]},{"@type":"ImageObject","inLanguage":"fr-FR","@id":"https:\/\/www.autojm.fr\/blog\/tiguan-allspace-la-nouveaute-de-volkswagen\/#primaryimage","url":"https:\/\/www.autojm.fr\/blog\/wp-content\/uploads\/2022\/10\/404.jpg","contentUrl":"https:\/\/www.autojm.fr\/blog\/wp-content\/uploads\/2022\/10\/404.jpg","width":2000,"height":992,"caption":"Tiguan Allspace"},{"@type":"BreadcrumbList","@id":"https:\/\/www.autojm.fr\/blog\/tiguan-allspace-la-nouveaute-de-volkswagen\/#breadcrumb","itemListElement":[{"@type":"ListItem","position":1,"name":"Accueil","item":"https:\/\/www.autojm.fr\/blog\/"},{"@type":"ListItem","position":2,"name":"Nouveaut\u00e9s Autos","item":"https:\/\/www.autojm.fr\/blog\/nouveautes-autos\/"},{"@type":"ListItem","position":3,"name":"Tiguan Allspace, la nouveaut\u00e9 de Volkswagen"}]},{"@type":"WebSite","@id":"https:\/\/www.autojm.fr\/blog\/#website","url":"https:\/\/www.autojm.fr\/blog\/","name":"AutoJM Mag","description":"Toute l&#039;actu auto en 1 clic !","publisher":{"@id":"https:\/\/www.autojm.fr\/blog\/#organization"},"potentialAction":[{"@type":"SearchAction","target":{"@type":"EntryPoint","urlTemplate":"https:\/\/www.autojm.fr\/blog\/?s={search_term_string}"},"query-input":{"@type":"PropertyValueSpecification","valueRequired":true,"valueName":"search_term_string"}}],"inLanguage":"fr-FR"},{"@type":"Organization","@id":"https:\/\/www.autojm.fr\/blog\/#organization","name":"AutoJM Mag","url":"https:\/\/www.autojm.fr\/blog\/","logo":{"@type":"ImageObject","inLanguage":"fr-FR","@id":"https:\/\/www.autojm.fr\/blog\/#\/schema\/logo\/image\/","url":"https:\/\/www.autojm.fr\/blog\/wp-content\/uploads\/2022\/12\/cropped-AutoJMag-png.png","contentUrl":"https:\/\/www.autojm.fr\/blog\/wp-content\/uploads\/2022\/12\/cropped-AutoJMag-png.png","width":2834,"height":585,"caption":"AutoJM Mag"},"image":{"@id":"https:\/\/www.autojm.fr\/blog\/#\/schema\/logo\/image\/"},"sameAs":["https:\/\/www.facebook.com\/AutoJM25"]},{"@type":"Person","@id":"https:\/\/www.autojm.fr\/blog\/#\/schema\/person\/9742bc77541853e0de81fc57f947e1a0","name":"Autojm","image":{"@type":"ImageObject","inLanguage":"fr-FR","@id":"https:\/\/secure.gravatar.com\/avatar\/9a959d52b758fcc232fe4b6aca7bab139182573297122cce7d6f2ee0e537b418?s=96&d=mm&r=g","url":"https:\/\/secure.gravatar.com\/avatar\/9a959d52b758fcc232fe4b6aca7bab139182573297122cce7d6f2ee0e537b418?s=96&d=mm&r=g","contentUrl":"https:\/\/secure.gravatar.com\/avatar\/9a959d52b758fcc232fe4b6aca7bab139182573297122cce7d6f2ee0e537b418?s=96&d=mm&r=g","caption":"Autojm"},"sameAs":["https:\/\/www.autojm.fr\/blog"],"url":"https:\/\/www.autojm.fr\/blog\/author\/bichoi\/"}]}},"_links":{"self":[{"href":"https:\/\/www.autojm.fr\/blog\/wp-json\/wp\/v2\/posts\/3682","targetHints":{"allow":["GET"]}}],"collection":[{"href":"https:\/\/www.autojm.fr\/blog\/wp-json\/wp\/v2\/posts"}],"about":[{"href":"https:\/\/www.autojm.fr\/blog\/wp-json\/wp\/v2\/types\/post"}],"author":[{"embeddable":true,"href":"https:\/\/www.autojm.fr\/blog\/wp-json\/wp\/v2\/users\/1"}],"replies":[{"embeddable":true,"href":"https:\/\/www.autojm.fr\/blog\/wp-json\/wp\/v2\/comments?post=3682"}],"version-history":[{"count":5,"href":"https:\/\/www.autojm.fr\/blog\/wp-json\/wp\/v2\/posts\/3682\/revisions"}],"predecessor-version":[{"id":9351,"href":"https:\/\/www.autojm.fr\/blog\/wp-json\/wp\/v2\/posts\/3682\/revisions\/9351"}],"wp:featuredmedia":[{"embeddable":true,"href":"https:\/\/www.autojm.fr\/blog\/wp-json\/wp\/v2\/media\/5742"}],"wp:attachment":[{"href":"https:\/\/www.autojm.fr\/blog\/wp-json\/wp\/v2\/media?parent=3682"}],"wp:term":[{"taxonomy":"category","embeddable":true,"href":"https:\/\/www.autojm.fr\/blog\/wp-json\/wp\/v2\/categories?post=3682"},{"taxonomy":"post_tag","embeddable":true,"href":"https:\/\/www.autojm.fr\/blog\/wp-json\/wp\/v2\/tags?post=3682"}],"curies":[{"name":"wp","href":"https:\/\/api.w.org\/{rel}","templated":true}]}}