{"id":3677,"date":"2017-03-15T00:00:00","date_gmt":"2017-03-15T00:00:00","guid":{"rendered":"https:\/\/www.autojm.fr\/blog\/peugeot-2008-du-renouveau-pour-2017\/"},"modified":"2023-04-18T13:32:30","modified_gmt":"2023-04-18T13:32:30","slug":"peugeot-2008-du-renouveau-pour-2017","status":"publish","type":"post","link":"https:\/\/www.autojm.fr\/blog\/peugeot-2008-du-renouveau-pour-2017\/","title":{"rendered":"Peugeot 2008 : du renouveau pour 2017"},"content":{"rendered":"<p dir=\"ltr\" style=\"line-height: 1.38; margin-top: 0pt; margin-bottom: 0pt;\">\n<p dir=\"ltr\" style=\"line-height: 1.38; margin-top: 0pt; margin-bottom: 0pt; text-align: justify;\"><span style=\"color: #000000; font-family: Arial; font-size: 12pt; white-space: pre-wrap; line-height: 1.38; background-color: transparent;\">Depuis quelques jours, une nouveaut\u00e9 a fait son apparition au sein du 2008 de Peugeot : un syst\u00e8me multim\u00e9dia connect\u00e9 avec reconnaissance vocale. Ce nouveau syst\u00e8me vient moderniser le mod\u00e8le, restyl\u00e9 il y a moins d&rsquo;un an. Petit hic : les prix augmenteront avec l&rsquo;arriv\u00e9e de ce syst\u00e8me, sur les versions GT line et Crossway. Il faut compter 500 \u00e0 700 euros suppl\u00e9mentaires, mais avec de nouveaux services : sur ce syst\u00e8me multim\u00e9dia connect\u00e9, Peugeot propose la navigation avec TomTom traffic, un service d&rsquo;information sur les prix du carburants ou encore sur la pr\u00e9sence de radars fixes ou mobiles. Il sera donc de s\u00e9rie sur les versions GT line et crossway, disponible \u00e0 550\u20ac sur la finition allure, et n&rsquo;\u00e9quipera pas les mod\u00e8les d&rsquo;entr\u00e9e de gamme. <\/span><\/p>\n<p dir=\"ltr\" style=\"line-height: 1.38; margin-top: 0pt; margin-bottom: 0pt; text-align: justify;\">\n<p dir=\"ltr\">\n<p dir=\"ltr\" style=\"line-height: 1.38; margin-top: 0pt; margin-bottom: 0pt; text-align: center;\">\n<p dir=\"ltr\" style=\"line-height: 1.38; margin-top: 0pt; margin-bottom: 0pt; text-align: justify;\">\n<p dir=\"ltr\" style=\"line-height: 1.38; margin-top: 0pt; margin-bottom: 0pt; text-align: justify;\"><span style=\"color: #000000; font-family: Arial; font-size: 12pt; line-height: 1.38; white-space: pre-wrap; background-color: transparent;\">Le Peugeot 2008 renforce son image de SUV moderne. Petit rappel sur ce qui \u00e9quipe ce petit bijou de la marque au Lion.<\/span><\/p>\n<p dir=\"ltr\" style=\"line-height: 1.38; margin-top: 0pt; margin-bottom: 0pt; text-align: justify;\">\n<p dir=\"ltr\" style=\"line-height: 1.38; margin-top: 0pt; margin-bottom: 0pt; text-align: justify;\"><span style=\"color: #000000; font-family: Arial; font-size: 12pt; line-height: 1.38; white-space: pre-wrap; background-color: transparent;\">Son \u00e9l\u00e9gance ne passe pas inaper\u00e7ue, et la marque a tout mis\u00e9 pour en faire un vrai \u201clion\u201d : des projecteurs en forme de regard f\u00e9lin, des feux arri\u00e8res en forme de griffes\u2026 Rien n&rsquo;a \u00e9t\u00e9 laiss\u00e9 au hasard. Vous pourrez choisir parmi 8 teintes de carrosserie, toutes plus flatteuses les unes que les autres, pour valoriser les lignes du mod\u00e8le. Enfin, \u00e0 l&rsquo;ext\u00e9rieur, on retrouve des jantes 16 et 17 pouces de qualit\u00e9, pour une finition parfaite.<\/span><\/p>\n<p dir=\"ltr\">\n<p dir=\"ltr\" style=\"line-height: 1.38; margin-top: 0pt; margin-bottom: 0pt; text-align: justify;\">\n<p dir=\"ltr\" style=\"line-height: 1.38; margin-top: 0pt; margin-bottom: 0pt; text-align: justify;\"><span style=\"color: #000000; font-family: Arial; font-size: 12pt; line-height: 1.38; white-space: pre-wrap; background-color: transparent;\">\u00c0 l&rsquo;int\u00e9rieur, la luminosit\u00e9 est appr\u00e9ciable : les surfaces vitr\u00e9es ont \u00e9t\u00e9 grandies pour appr\u00e9cier davantage la conduite. Le I-cockpit Peugeot est de la partie : un poste de conduite \u00e9pur\u00e9 pour que le conducteur maintienne son attention sur la route, un volant compact pour un l\u00e2ch\u00e9 prise agr\u00e9able et un combin\u00e9 t\u00eate haute\u2026 On se r\u00e9p\u00e8te, mais le confort est d\u00e9cid\u00e9ment bien pr\u00e9sent. Des lumi\u00e8res LED bleues donnent au volant un c\u00f4t\u00e9 high-tech et moderne. Les a\u00e9rateurs suivent le chemin des projecteurs et feux arri\u00e8re, avec une forme d&rsquo;oeil de f\u00e9lin. Enfin, l&rsquo;espace ne manque pas et le coffre en t\u00e9moigne : il atteindra jusqu&rsquo;\u00e0 1400 litres de capacit\u00e9 gr\u00e2ce \u00e0 une banquette arri\u00e8re 2-3 1-3.<\/span><\/p>\n<p dir=\"ltr\" style=\"line-height: 1.38; margin-top: 0pt; margin-bottom: 0pt; text-align: justify;\">\n<p dir=\"ltr\" style=\"line-height: 1.38; margin-top: 0pt; margin-bottom: 0pt; text-align: center;\">\n<p dir=\"ltr\" style=\"line-height: 1.38; margin-top: 0pt; margin-bottom: 0pt; text-align: justify;\">\n<p dir=\"ltr\" style=\"line-height: 1.38; margin-top: 0pt; margin-bottom: 0pt; text-align: justify;\"><span style=\"color: #000000; font-family: Arial; font-size: 12pt; white-space: pre-wrap; line-height: 1.38; background-color: transparent;\">Pour terminer, la conduite se fait tout en douceur et en toute s\u00e9curit\u00e9 : les quatres d\u00e9finitions de liaison au sol permettent d&rsquo;am\u00e9liorer les performances. Pour accompagner le conducteur, Peugeot a \u00e9quip\u00e9 son mod\u00e8le avec les toutes derni\u00e8res technologies : le grip control, l&rsquo;ESP, le Park Assist, la cam\u00e9ra de recul, le mirror screen, l&rsquo;active city brake\u2026 Tout cela bien s\u00fbr de s\u00e9rie ou en option selon le type de mod\u00e8le. <\/span><\/p>\n<p dir=\"ltr\">\n<p dir=\"ltr\" style=\"line-height: 1.38; margin-top: 0pt; margin-bottom: 0pt; text-align: justify;\">\n<p dir=\"ltr\" style=\"line-height: 1.38; margin-top: 0pt; margin-bottom: 0pt; text-align: justify;\"><span style=\"color: #000000; font-family: Arial; font-size: 12pt; white-space: pre-wrap; line-height: 1.6; background-color: transparent;\">Du haut de ses 4,159 m\u00e8tres, le 2008 a de quoi \u00eatre fier : un visage s\u00e9duisant, des feux et projecteurs au look f\u00e9lin, des aides \u00e0 la conduite dernier cri et un confort ind\u00e9niable. Il est disponible chez AutoJM, \u00e0 partir de 16 790\u20ac, remise comprise !<\/span><\/p>\n","protected":false},"excerpt":{"rendered":"<p>Depuis quelques jours, une nouveaut\u00e9 a fait son apparition au sein du 2008 de Peugeot : un syst\u00e8me multim\u00e9dia connect\u00e9 avec reconnaissance vocale. Ce nouveau syst\u00e8me vient moderniser le mod\u00e8le, restyl\u00e9 il y a moins d&rsquo;un an. Petit hic : les prix augmenteront avec l&rsquo;arriv\u00e9e de ce syst\u00e8me, sur les versions GT line et Crossway.<\/p>\n","protected":false},"author":1,"featured_media":5737,"comment_status":"open","ping_status":"open","sticky":false,"template":"","format":"standard","meta":{"_acf_changed":false,"content-type":"","footnotes":""},"categories":[63,61],"tags":[90,73,167],"class_list":["post-3677","post","type-post","status-publish","format-standard","has-post-thumbnail","hentry","category-actualites-peugeot","category-nouveautes-autos","tag-autojm","tag-peugeot","tag-peugeot-2008"],"acf":[],"yoast_head":"<!-- This site is optimized with the Yoast SEO plugin v27.5 - https:\/\/yoast.com\/product\/yoast-seo-wordpress\/ -->\n<title>Peugeot 2008 : du renouveau pour 2017 - AutoJM Mag<\/title>\n<meta name=\"description\" content=\"Depuis quelques jours, une nouveaut\u00e9 a fait son apparition au sein du 2008 de Peugeot : un syst\u00e8me multim\u00e9dia connect\u00e9 avec...\" \/>\n<meta name=\"robots\" content=\"index, follow, max-snippet:-1, max-image-preview:large, max-video-preview:-1\" \/>\n<link rel=\"canonical\" href=\"https:\/\/www.autojm.fr\/blog\/peugeot-2008-du-renouveau-pour-2017\/\" \/>\n<meta property=\"og:locale\" content=\"fr_FR\" \/>\n<meta property=\"og:type\" content=\"article\" \/>\n<meta property=\"og:title\" content=\"Peugeot 2008 : du renouveau pour 2017 - AutoJM Mag\" \/>\n<meta property=\"og:description\" content=\"Depuis quelques jours, une nouveaut\u00e9 a fait son apparition au sein du 2008 de Peugeot : un syst\u00e8me multim\u00e9dia connect\u00e9 avec...\" \/>\n<meta property=\"og:url\" content=\"https:\/\/www.autojm.fr\/blog\/peugeot-2008-du-renouveau-pour-2017\/\" \/>\n<meta property=\"og:site_name\" content=\"AutoJM Mag\" \/>\n<meta property=\"article:publisher\" content=\"https:\/\/www.facebook.com\/AutoJM25\" \/>\n<meta property=\"article:published_time\" content=\"2017-03-15T00:00:00+00:00\" \/>\n<meta property=\"article:modified_time\" content=\"2023-04-18T13:32:30+00:00\" \/>\n<meta property=\"og:image\" content=\"https:\/\/www.autojm.fr\/blog\/wp-content\/uploads\/2022\/10\/399.jpg\" \/>\n\t<meta property=\"og:image:width\" content=\"1200\" \/>\n\t<meta property=\"og:image:height\" content=\"687\" \/>\n\t<meta property=\"og:image:type\" content=\"image\/jpeg\" \/>\n<meta name=\"author\" content=\"Autojm\" \/>\n<meta name=\"twitter:card\" content=\"summary_large_image\" \/>\n<meta name=\"twitter:label1\" content=\"\u00c9crit par\" \/>\n\t<meta name=\"twitter:data1\" content=\"Autojm\" \/>\n\t<meta name=\"twitter:label2\" content=\"Dur\u00e9e de lecture estim\u00e9e\" \/>\n\t<meta name=\"twitter:data2\" content=\"3 minutes\" \/>\n<script type=\"application\/ld+json\" class=\"yoast-schema-graph\">{\"@context\":\"https:\\\/\\\/schema.org\",\"@graph\":[{\"@type\":\"Article\",\"@id\":\"https:\\\/\\\/www.autojm.fr\\\/blog\\\/peugeot-2008-du-renouveau-pour-2017\\\/#article\",\"isPartOf\":{\"@id\":\"https:\\\/\\\/www.autojm.fr\\\/blog\\\/peugeot-2008-du-renouveau-pour-2017\\\/\"},\"author\":{\"name\":\"Autojm\",\"@id\":\"https:\\\/\\\/www.autojm.fr\\\/blog\\\/#\\\/schema\\\/person\\\/9742bc77541853e0de81fc57f947e1a0\"},\"headline\":\"Peugeot 2008 : du renouveau pour 2017\",\"datePublished\":\"2017-03-15T00:00:00+00:00\",\"dateModified\":\"2023-04-18T13:32:30+00:00\",\"mainEntityOfPage\":{\"@id\":\"https:\\\/\\\/www.autojm.fr\\\/blog\\\/peugeot-2008-du-renouveau-pour-2017\\\/\"},\"wordCount\":489,\"commentCount\":0,\"publisher\":{\"@id\":\"https:\\\/\\\/www.autojm.fr\\\/blog\\\/#organization\"},\"image\":{\"@id\":\"https:\\\/\\\/www.autojm.fr\\\/blog\\\/peugeot-2008-du-renouveau-pour-2017\\\/#primaryimage\"},\"thumbnailUrl\":\"https:\\\/\\\/www.autojm.fr\\\/blog\\\/wp-content\\\/uploads\\\/2022\\\/10\\\/399.jpg\",\"keywords\":[\"autojm\",\"peugeot\",\"Peugeot 2008\"],\"articleSection\":[\"Actualit\u00e9s Peugeot\",\"Nouveaut\u00e9s Autos\"],\"inLanguage\":\"fr-FR\",\"potentialAction\":[{\"@type\":\"CommentAction\",\"name\":\"Comment\",\"target\":[\"https:\\\/\\\/www.autojm.fr\\\/blog\\\/peugeot-2008-du-renouveau-pour-2017\\\/#respond\"]}]},{\"@type\":\"WebPage\",\"@id\":\"https:\\\/\\\/www.autojm.fr\\\/blog\\\/peugeot-2008-du-renouveau-pour-2017\\\/\",\"url\":\"https:\\\/\\\/www.autojm.fr\\\/blog\\\/peugeot-2008-du-renouveau-pour-2017\\\/\",\"name\":\"Peugeot 2008 : du renouveau pour 2017 - AutoJM Mag\",\"isPartOf\":{\"@id\":\"https:\\\/\\\/www.autojm.fr\\\/blog\\\/#website\"},\"primaryImageOfPage\":{\"@id\":\"https:\\\/\\\/www.autojm.fr\\\/blog\\\/peugeot-2008-du-renouveau-pour-2017\\\/#primaryimage\"},\"image\":{\"@id\":\"https:\\\/\\\/www.autojm.fr\\\/blog\\\/peugeot-2008-du-renouveau-pour-2017\\\/#primaryimage\"},\"thumbnailUrl\":\"https:\\\/\\\/www.autojm.fr\\\/blog\\\/wp-content\\\/uploads\\\/2022\\\/10\\\/399.jpg\",\"datePublished\":\"2017-03-15T00:00:00+00:00\",\"dateModified\":\"2023-04-18T13:32:30+00:00\",\"description\":\"Depuis quelques jours, une nouveaut\u00e9 a fait son apparition au sein du 2008 de Peugeot : un syst\u00e8me multim\u00e9dia connect\u00e9 avec...\",\"breadcrumb\":{\"@id\":\"https:\\\/\\\/www.autojm.fr\\\/blog\\\/peugeot-2008-du-renouveau-pour-2017\\\/#breadcrumb\"},\"inLanguage\":\"fr-FR\",\"potentialAction\":[{\"@type\":\"ReadAction\",\"target\":[\"https:\\\/\\\/www.autojm.fr\\\/blog\\\/peugeot-2008-du-renouveau-pour-2017\\\/\"]}]},{\"@type\":\"ImageObject\",\"inLanguage\":\"fr-FR\",\"@id\":\"https:\\\/\\\/www.autojm.fr\\\/blog\\\/peugeot-2008-du-renouveau-pour-2017\\\/#primaryimage\",\"url\":\"https:\\\/\\\/www.autojm.fr\\\/blog\\\/wp-content\\\/uploads\\\/2022\\\/10\\\/399.jpg\",\"contentUrl\":\"https:\\\/\\\/www.autojm.fr\\\/blog\\\/wp-content\\\/uploads\\\/2022\\\/10\\\/399.jpg\",\"width\":1200,\"height\":687,\"caption\":\"Peugeot 2008\"},{\"@type\":\"BreadcrumbList\",\"@id\":\"https:\\\/\\\/www.autojm.fr\\\/blog\\\/peugeot-2008-du-renouveau-pour-2017\\\/#breadcrumb\",\"itemListElement\":[{\"@type\":\"ListItem\",\"position\":1,\"name\":\"Accueil\",\"item\":\"https:\\\/\\\/www.autojm.fr\\\/blog\\\/\"},{\"@type\":\"ListItem\",\"position\":2,\"name\":\"Nouveaut\u00e9s Autos\",\"item\":\"https:\\\/\\\/www.autojm.fr\\\/blog\\\/nouveautes-autos\\\/\"},{\"@type\":\"ListItem\",\"position\":3,\"name\":\"Peugeot 2008 : du renouveau pour 2017\"}]},{\"@type\":\"WebSite\",\"@id\":\"https:\\\/\\\/www.autojm.fr\\\/blog\\\/#website\",\"url\":\"https:\\\/\\\/www.autojm.fr\\\/blog\\\/\",\"name\":\"AutoJM Mag\",\"description\":\"Toute l&#039;actu auto en 1 clic !\",\"publisher\":{\"@id\":\"https:\\\/\\\/www.autojm.fr\\\/blog\\\/#organization\"},\"potentialAction\":[{\"@type\":\"SearchAction\",\"target\":{\"@type\":\"EntryPoint\",\"urlTemplate\":\"https:\\\/\\\/www.autojm.fr\\\/blog\\\/?s={search_term_string}\"},\"query-input\":{\"@type\":\"PropertyValueSpecification\",\"valueRequired\":true,\"valueName\":\"search_term_string\"}}],\"inLanguage\":\"fr-FR\"},{\"@type\":\"Organization\",\"@id\":\"https:\\\/\\\/www.autojm.fr\\\/blog\\\/#organization\",\"name\":\"AutoJM Mag\",\"url\":\"https:\\\/\\\/www.autojm.fr\\\/blog\\\/\",\"logo\":{\"@type\":\"ImageObject\",\"inLanguage\":\"fr-FR\",\"@id\":\"https:\\\/\\\/www.autojm.fr\\\/blog\\\/#\\\/schema\\\/logo\\\/image\\\/\",\"url\":\"https:\\\/\\\/www.autojm.fr\\\/blog\\\/wp-content\\\/uploads\\\/2022\\\/12\\\/cropped-AutoJMag-png.png\",\"contentUrl\":\"https:\\\/\\\/www.autojm.fr\\\/blog\\\/wp-content\\\/uploads\\\/2022\\\/12\\\/cropped-AutoJMag-png.png\",\"width\":2834,\"height\":585,\"caption\":\"AutoJM Mag\"},\"image\":{\"@id\":\"https:\\\/\\\/www.autojm.fr\\\/blog\\\/#\\\/schema\\\/logo\\\/image\\\/\"},\"sameAs\":[\"https:\\\/\\\/www.facebook.com\\\/AutoJM25\"]},{\"@type\":\"Person\",\"@id\":\"https:\\\/\\\/www.autojm.fr\\\/blog\\\/#\\\/schema\\\/person\\\/9742bc77541853e0de81fc57f947e1a0\",\"name\":\"Autojm\",\"image\":{\"@type\":\"ImageObject\",\"inLanguage\":\"fr-FR\",\"@id\":\"https:\\\/\\\/secure.gravatar.com\\\/avatar\\\/9a959d52b758fcc232fe4b6aca7bab139182573297122cce7d6f2ee0e537b418?s=96&d=mm&r=g\",\"url\":\"https:\\\/\\\/secure.gravatar.com\\\/avatar\\\/9a959d52b758fcc232fe4b6aca7bab139182573297122cce7d6f2ee0e537b418?s=96&d=mm&r=g\",\"contentUrl\":\"https:\\\/\\\/secure.gravatar.com\\\/avatar\\\/9a959d52b758fcc232fe4b6aca7bab139182573297122cce7d6f2ee0e537b418?s=96&d=mm&r=g\",\"caption\":\"Autojm\"},\"sameAs\":[\"https:\\\/\\\/www.autojm.fr\\\/blog\"],\"url\":\"https:\\\/\\\/www.autojm.fr\\\/blog\\\/author\\\/bichoi\\\/\"}]}<\/script>\n<!-- \/ Yoast SEO plugin. -->","yoast_head_json":{"title":"Peugeot 2008 : du renouveau pour 2017 - AutoJM Mag","description":"Depuis quelques jours, une nouveaut\u00e9 a fait son apparition au sein du 2008 de Peugeot : un syst\u00e8me multim\u00e9dia connect\u00e9 avec...","robots":{"index":"index","follow":"follow","max-snippet":"max-snippet:-1","max-image-preview":"max-image-preview:large","max-video-preview":"max-video-preview:-1"},"canonical":"https:\/\/www.autojm.fr\/blog\/peugeot-2008-du-renouveau-pour-2017\/","og_locale":"fr_FR","og_type":"article","og_title":"Peugeot 2008 : du renouveau pour 2017 - AutoJM Mag","og_description":"Depuis quelques jours, une nouveaut\u00e9 a fait son apparition au sein du 2008 de Peugeot : un syst\u00e8me multim\u00e9dia connect\u00e9 avec...","og_url":"https:\/\/www.autojm.fr\/blog\/peugeot-2008-du-renouveau-pour-2017\/","og_site_name":"AutoJM Mag","article_publisher":"https:\/\/www.facebook.com\/AutoJM25","article_published_time":"2017-03-15T00:00:00+00:00","article_modified_time":"2023-04-18T13:32:30+00:00","og_image":[{"width":1200,"height":687,"url":"https:\/\/www.autojm.fr\/blog\/wp-content\/uploads\/2022\/10\/399.jpg","type":"image\/jpeg"}],"author":"Autojm","twitter_card":"summary_large_image","twitter_misc":{"\u00c9crit par":"Autojm","Dur\u00e9e de lecture estim\u00e9e":"3 minutes"},"schema":{"@context":"https:\/\/schema.org","@graph":[{"@type":"Article","@id":"https:\/\/www.autojm.fr\/blog\/peugeot-2008-du-renouveau-pour-2017\/#article","isPartOf":{"@id":"https:\/\/www.autojm.fr\/blog\/peugeot-2008-du-renouveau-pour-2017\/"},"author":{"name":"Autojm","@id":"https:\/\/www.autojm.fr\/blog\/#\/schema\/person\/9742bc77541853e0de81fc57f947e1a0"},"headline":"Peugeot 2008 : du renouveau pour 2017","datePublished":"2017-03-15T00:00:00+00:00","dateModified":"2023-04-18T13:32:30+00:00","mainEntityOfPage":{"@id":"https:\/\/www.autojm.fr\/blog\/peugeot-2008-du-renouveau-pour-2017\/"},"wordCount":489,"commentCount":0,"publisher":{"@id":"https:\/\/www.autojm.fr\/blog\/#organization"},"image":{"@id":"https:\/\/www.autojm.fr\/blog\/peugeot-2008-du-renouveau-pour-2017\/#primaryimage"},"thumbnailUrl":"https:\/\/www.autojm.fr\/blog\/wp-content\/uploads\/2022\/10\/399.jpg","keywords":["autojm","peugeot","Peugeot 2008"],"articleSection":["Actualit\u00e9s Peugeot","Nouveaut\u00e9s Autos"],"inLanguage":"fr-FR","potentialAction":[{"@type":"CommentAction","name":"Comment","target":["https:\/\/www.autojm.fr\/blog\/peugeot-2008-du-renouveau-pour-2017\/#respond"]}]},{"@type":"WebPage","@id":"https:\/\/www.autojm.fr\/blog\/peugeot-2008-du-renouveau-pour-2017\/","url":"https:\/\/www.autojm.fr\/blog\/peugeot-2008-du-renouveau-pour-2017\/","name":"Peugeot 2008 : du renouveau pour 2017 - AutoJM Mag","isPartOf":{"@id":"https:\/\/www.autojm.fr\/blog\/#website"},"primaryImageOfPage":{"@id":"https:\/\/www.autojm.fr\/blog\/peugeot-2008-du-renouveau-pour-2017\/#primaryimage"},"image":{"@id":"https:\/\/www.autojm.fr\/blog\/peugeot-2008-du-renouveau-pour-2017\/#primaryimage"},"thumbnailUrl":"https:\/\/www.autojm.fr\/blog\/wp-content\/uploads\/2022\/10\/399.jpg","datePublished":"2017-03-15T00:00:00+00:00","dateModified":"2023-04-18T13:32:30+00:00","description":"Depuis quelques jours, une nouveaut\u00e9 a fait son apparition au sein du 2008 de Peugeot : un syst\u00e8me multim\u00e9dia connect\u00e9 avec...","breadcrumb":{"@id":"https:\/\/www.autojm.fr\/blog\/peugeot-2008-du-renouveau-pour-2017\/#breadcrumb"},"inLanguage":"fr-FR","potentialAction":[{"@type":"ReadAction","target":["https:\/\/www.autojm.fr\/blog\/peugeot-2008-du-renouveau-pour-2017\/"]}]},{"@type":"ImageObject","inLanguage":"fr-FR","@id":"https:\/\/www.autojm.fr\/blog\/peugeot-2008-du-renouveau-pour-2017\/#primaryimage","url":"https:\/\/www.autojm.fr\/blog\/wp-content\/uploads\/2022\/10\/399.jpg","contentUrl":"https:\/\/www.autojm.fr\/blog\/wp-content\/uploads\/2022\/10\/399.jpg","width":1200,"height":687,"caption":"Peugeot 2008"},{"@type":"BreadcrumbList","@id":"https:\/\/www.autojm.fr\/blog\/peugeot-2008-du-renouveau-pour-2017\/#breadcrumb","itemListElement":[{"@type":"ListItem","position":1,"name":"Accueil","item":"https:\/\/www.autojm.fr\/blog\/"},{"@type":"ListItem","position":2,"name":"Nouveaut\u00e9s Autos","item":"https:\/\/www.autojm.fr\/blog\/nouveautes-autos\/"},{"@type":"ListItem","position":3,"name":"Peugeot 2008 : du renouveau pour 2017"}]},{"@type":"WebSite","@id":"https:\/\/www.autojm.fr\/blog\/#website","url":"https:\/\/www.autojm.fr\/blog\/","name":"AutoJM Mag","description":"Toute l&#039;actu auto en 1 clic !","publisher":{"@id":"https:\/\/www.autojm.fr\/blog\/#organization"},"potentialAction":[{"@type":"SearchAction","target":{"@type":"EntryPoint","urlTemplate":"https:\/\/www.autojm.fr\/blog\/?s={search_term_string}"},"query-input":{"@type":"PropertyValueSpecification","valueRequired":true,"valueName":"search_term_string"}}],"inLanguage":"fr-FR"},{"@type":"Organization","@id":"https:\/\/www.autojm.fr\/blog\/#organization","name":"AutoJM Mag","url":"https:\/\/www.autojm.fr\/blog\/","logo":{"@type":"ImageObject","inLanguage":"fr-FR","@id":"https:\/\/www.autojm.fr\/blog\/#\/schema\/logo\/image\/","url":"https:\/\/www.autojm.fr\/blog\/wp-content\/uploads\/2022\/12\/cropped-AutoJMag-png.png","contentUrl":"https:\/\/www.autojm.fr\/blog\/wp-content\/uploads\/2022\/12\/cropped-AutoJMag-png.png","width":2834,"height":585,"caption":"AutoJM Mag"},"image":{"@id":"https:\/\/www.autojm.fr\/blog\/#\/schema\/logo\/image\/"},"sameAs":["https:\/\/www.facebook.com\/AutoJM25"]},{"@type":"Person","@id":"https:\/\/www.autojm.fr\/blog\/#\/schema\/person\/9742bc77541853e0de81fc57f947e1a0","name":"Autojm","image":{"@type":"ImageObject","inLanguage":"fr-FR","@id":"https:\/\/secure.gravatar.com\/avatar\/9a959d52b758fcc232fe4b6aca7bab139182573297122cce7d6f2ee0e537b418?s=96&d=mm&r=g","url":"https:\/\/secure.gravatar.com\/avatar\/9a959d52b758fcc232fe4b6aca7bab139182573297122cce7d6f2ee0e537b418?s=96&d=mm&r=g","contentUrl":"https:\/\/secure.gravatar.com\/avatar\/9a959d52b758fcc232fe4b6aca7bab139182573297122cce7d6f2ee0e537b418?s=96&d=mm&r=g","caption":"Autojm"},"sameAs":["https:\/\/www.autojm.fr\/blog"],"url":"https:\/\/www.autojm.fr\/blog\/author\/bichoi\/"}]}},"_links":{"self":[{"href":"https:\/\/www.autojm.fr\/blog\/wp-json\/wp\/v2\/posts\/3677","targetHints":{"allow":["GET"]}}],"collection":[{"href":"https:\/\/www.autojm.fr\/blog\/wp-json\/wp\/v2\/posts"}],"about":[{"href":"https:\/\/www.autojm.fr\/blog\/wp-json\/wp\/v2\/types\/post"}],"author":[{"embeddable":true,"href":"https:\/\/www.autojm.fr\/blog\/wp-json\/wp\/v2\/users\/1"}],"replies":[{"embeddable":true,"href":"https:\/\/www.autojm.fr\/blog\/wp-json\/wp\/v2\/comments?post=3677"}],"version-history":[{"count":5,"href":"https:\/\/www.autojm.fr\/blog\/wp-json\/wp\/v2\/posts\/3677\/revisions"}],"predecessor-version":[{"id":9355,"href":"https:\/\/www.autojm.fr\/blog\/wp-json\/wp\/v2\/posts\/3677\/revisions\/9355"}],"wp:featuredmedia":[{"embeddable":true,"href":"https:\/\/www.autojm.fr\/blog\/wp-json\/wp\/v2\/media\/5737"}],"wp:attachment":[{"href":"https:\/\/www.autojm.fr\/blog\/wp-json\/wp\/v2\/media?parent=3677"}],"wp:term":[{"taxonomy":"category","embeddable":true,"href":"https:\/\/www.autojm.fr\/blog\/wp-json\/wp\/v2\/categories?post=3677"},{"taxonomy":"post_tag","embeddable":true,"href":"https:\/\/www.autojm.fr\/blog\/wp-json\/wp\/v2\/tags?post=3677"}],"curies":[{"name":"wp","href":"https:\/\/api.w.org\/{rel}","templated":true}]}}