{"id":3673,"date":"2017-02-27T00:00:00","date_gmt":"2017-02-27T00:00:00","guid":{"rendered":"https:\/\/www.autojm.fr\/blog\/renault-captur-restyle-2017-une-premiere-au-salon-de-geneve\/"},"modified":"2023-04-18T13:33:38","modified_gmt":"2023-04-18T13:33:38","slug":"renault-captur-restyle-2017-une-premiere-au-salon-de-geneve","status":"publish","type":"post","link":"https:\/\/www.autojm.fr\/blog\/renault-captur-restyle-2017-une-premiere-au-salon-de-geneve\/","title":{"rendered":"Renault Captur restyl\u00e9 (2017) : une premi\u00e8re au salon de Gen\u00e8ve"},"content":{"rendered":"<p dir=\"ltr\" style=\"line-height: 1.38; margin-top: 0pt; margin-bottom: 0pt; text-align: center;\">\n<p dir=\"ltr\" style=\"line-height: 1.38; margin-top: 0pt; margin-bottom: 0pt; text-align: justify;\">\n<p dir=\"ltr\" style=\"line-height: 1.38; margin-top: 0pt; margin-bottom: 0pt; text-align: justify;\"><span id=\"docs-internal-guid-fe459f97-47a1-69df-6ae8-fe8068586931\"><span style=\"font-size: 12pt; font-family: Arial; color: #000000; vertical-align: baseline; white-space: pre-wrap; background-color: transparent;\">Le Renault Captur avait fait son apparition sur le march\u00e9 en 2013. Figurant parmi le top 5 des v\u00e9hicules les plus vendus en France en 2014 et 2015, le mod\u00e8le va passer au restylage en 2017 pour se perfectionner. D\u00e9j\u00e0 dot\u00e9 d&rsquo;un style imposant, de suspensions confortables, et qualifi\u00e9 d&rsquo;une bonne tenue de route, qu&rsquo;en sera-t-il de son successeur ?<\/span><\/span><\/p>\n<p dir=\"ltr\" style=\"line-height: 1.38; margin-top: 0pt; margin-bottom: 0pt; text-align: justify;\">\n<p dir=\"ltr\" style=\"line-height: 1.38; margin-top: 0pt; margin-bottom: 0pt; text-align: justify;\"><span id=\"docs-internal-guid-fe459f97-47a1-69df-6ae8-fe8068586931\"><span style=\"font-size: 12pt; font-family: Arial; color: #000000; vertical-align: baseline; white-space: pre-wrap; background-color: transparent;\">Les changements ont \u00e9t\u00e9 \u00e9voqu\u00e9s lors du salon de Gen\u00e8ve. Et c&rsquo;est \u00e0 l&rsquo;ext\u00e9rieur que cela commence : une plus large calandre, un losange plus imposant comme pour dominer le SUV, une signature lumineuse en forme de C, mais \u00e9galement des boucliers avant plus fins, avec une meilleure int\u00e9gration des feux antibrouillard. Des skis de protections redessin\u00e9s seront dispos\u00e9s \u00e0 l&rsquo;avant et \u00e0 l&rsquo;arri\u00e8re du v\u00e9hicule. Enfin, les feux avant seront \u00e9quip\u00e9s de la technologie full LED pure vision et les feux arri\u00e8res seront sous formes de multiples traits lumineux, avec un effet 3D.<\/span><\/span><\/p>\n<p dir=\"ltr\" style=\"line-height: 1.38; margin-top: 0pt; margin-bottom: 0pt; text-align: justify;\">\n<p dir=\"ltr\" style=\"line-height: 1.38; margin-top: 0pt; margin-bottom: 0pt; text-align: justify;\"><span style=\"font-size: 12pt; font-family: Arial; color: #000000; vertical-align: baseline; white-space: pre-wrap; background-color: transparent;\">C\u00f4t\u00e9 personnalisation, le Captur n&rsquo;est pas l\u00e9ger : avec plus de 30 combinaisons diff\u00e9rentes, il accueille deux coloris de carosserie suppl\u00e9mentaires (Orange Atamaca et Bleu Oc\u00e9an) et une nouvelle couleur de toit (Gris platine). Lorsque le conducteur choisira un mod\u00e8le de coloration bi-ton, il aura la possibilit\u00e9 de disposer d&rsquo;un toit panoramique totalement vitr\u00e9.<\/span><\/p>\n<p dir=\"ltr\" style=\"line-height: 1.38; margin-top: 0pt; margin-bottom: 0pt; text-align: justify;\">\n<p dir=\"ltr\" style=\"line-height: 1.38; margin-top: 0pt; margin-bottom: 0pt; text-align: justify;\">\n<div><span style=\"color: #000000; font-family: Arial; font-size: 12pt; line-height: 1.38; text-align: justify; white-space: pre-wrap; background-color: transparent;\">\u00c0 l&rsquo;int\u00e9rieur, on parle plut\u00f4t d&rsquo;am\u00e9lioration que de r\u00e9volution : les mati\u00e8res d\u00e9sagr\u00e9ables du volant et de la planche de<\/span><\/div>\n<div><span style=\"color: #000000; font-family: Arial; font-size: 12pt; white-space: pre-wrap; line-height: 1.38; text-align: justify; background-color: transparent;\">bord s&rsquo;envolent pour des mati\u00e8res plus confortables, plus souples et plus classes. Un nouveau volant inspir\u00e9 de la clio \u00e9quipe le mod\u00e8le (il pourra \u00eatre en cuir int\u00e9gral ou avec des touches de chromes), et une sellerie de qualit\u00e9 plus souple permettra d&rsquo;am\u00e9liorer le confort, point faible du Captur I. Un nouveau pommeau de levier de vitesse vient am\u00e9liorer le design int\u00e9rieur. Enfin, un vide poche est pr\u00e9sent au centre du tableau de bord pour permettre au conducteur d&rsquo;avoir un espace de rangement pr\u00e8s de lui. <\/span><\/div>\n<p dir=\"ltr\" style=\"line-height: 1.38; margin-top: 0pt; margin-bottom: 0pt; text-align: center;\">\n<p dir=\"ltr\" style=\"line-height: 1.38; margin-top: 0pt; margin-bottom: 0pt;\"><span style=\"color: #000000; font-family: Arial; font-size: 16px; line-height: 22.08px; text-align: justify; white-space: pre-wrap;\">Pour ce restylage, Captur a sorti le grand jeu avec une nouvelle finition propos\u00e9e, le Captur Initiale Paris : il sera dot\u00e9, entre autres, de jantes 17 pouces, d&rsquo;une calandre modifi\u00e9e et d&rsquo;un int\u00e9rieur en cuir Nappa. <\/span><\/p>\n<p dir=\"ltr\" style=\"line-height: 1.38; margin-top: 0pt; margin-bottom: 0pt; text-align: justify;\">\n<p dir=\"ltr\" style=\"margin-top: 0pt; margin-bottom: 0pt; text-align: justify;\">\n<p dir=\"ltr\" style=\"margin-top: 0pt; margin-bottom: 0pt; text-align: justify;\"><span style=\"color: #000000; font-family: Arial;\"><span style=\"font-size: 16px; line-height: 22.08px; white-space: pre-wrap;\">Enfin, rien de nouveau concernant les moteurs : ils disposeront de versions diesel et essence accueillant 90 \u00e0 120 chevaux. <\/span><\/span><\/p>\n<p dir=\"ltr\" style=\"margin-top: 0pt; margin-bottom: 0pt; text-align: justify;\">\n<p dir=\"ltr\" style=\"margin-top: 0pt; margin-bottom: 0pt; text-align: justify;\"><span style=\"color: #000000; font-family: Arial;\"><span style=\"font-size: 16px; line-height: 22.08px; white-space: pre-wrap;\">Le Renault Captur restyl\u00e9 devrait \u00eatre commercialis\u00e9 d&rsquo;ici mai 2017. Pour les plus impatients, la premi\u00e8re version est toujours disponible chez Auto JM et \u00e0 des prix EXCEPTIONNELS.<\/span><\/span><\/p>\n<div><\/div>\n","protected":false},"excerpt":{"rendered":"<p>Le Renault Captur avait fait son apparition sur le march\u00e9 en 2013. Figurant parmi le top 5 des v\u00e9hicules les plus vendus en France en 2014 et 2015, le mod\u00e8le va passer au restylage en 2017 pour se perfectionner. D\u00e9j\u00e0 dot\u00e9 d&rsquo;un style imposant, de suspensions confortables, et qualifi\u00e9 d&rsquo;une bonne tenue de route, qu&rsquo;en sera-t-il de son successeur ?<\/p>\n","protected":false},"author":1,"featured_media":5733,"comment_status":"open","ping_status":"open","sticky":false,"template":"","format":"standard","meta":{"_acf_changed":false,"content-type":"","footnotes":""},"categories":[62,61],"tags":[90,78,104],"class_list":["post-3673","post","type-post","status-publish","format-standard","has-post-thumbnail","hentry","category-nouveaute-renault","category-nouveautes-autos","tag-autojm","tag-renault","tag-renault-captur"],"acf":[],"yoast_head":"<!-- This site is optimized with the Yoast SEO plugin v27.5 - https:\/\/yoast.com\/product\/yoast-seo-wordpress\/ -->\n<title>Renault Captur restyl\u00e9 (2017) : une premi\u00e8re au salon de Gen\u00e8ve<\/title>\n<meta name=\"description\" content=\"Le Renault Captur avait fait son apparition sur le march\u00e9 en 2013. Figurant parmi le top 5 des v\u00e9hicules les plus vendus en France...\" \/>\n<meta name=\"robots\" content=\"index, follow, max-snippet:-1, max-image-preview:large, max-video-preview:-1\" \/>\n<link rel=\"canonical\" href=\"https:\/\/www.autojm.fr\/blog\/renault-captur-restyle-2017-une-premiere-au-salon-de-geneve\/\" \/>\n<meta property=\"og:locale\" content=\"fr_FR\" \/>\n<meta property=\"og:type\" content=\"article\" \/>\n<meta property=\"og:title\" content=\"Renault Captur restyl\u00e9 (2017) : une premi\u00e8re au salon de Gen\u00e8ve\" \/>\n<meta property=\"og:description\" content=\"Le Renault Captur avait fait son apparition sur le march\u00e9 en 2013. Figurant parmi le top 5 des v\u00e9hicules les plus vendus en France...\" \/>\n<meta property=\"og:url\" content=\"https:\/\/www.autojm.fr\/blog\/renault-captur-restyle-2017-une-premiere-au-salon-de-geneve\/\" \/>\n<meta property=\"og:site_name\" content=\"AutoJM Mag\" \/>\n<meta property=\"article:publisher\" content=\"https:\/\/www.facebook.com\/AutoJM25\" \/>\n<meta property=\"article:published_time\" content=\"2017-02-27T00:00:00+00:00\" \/>\n<meta property=\"article:modified_time\" content=\"2023-04-18T13:33:38+00:00\" \/>\n<meta property=\"og:image\" content=\"https:\/\/www.autojm.fr\/blog\/wp-content\/uploads\/2022\/10\/396.jpg\" \/>\n\t<meta property=\"og:image:width\" content=\"1200\" \/>\n\t<meta property=\"og:image:height\" content=\"800\" \/>\n\t<meta property=\"og:image:type\" content=\"image\/jpeg\" \/>\n<meta name=\"author\" content=\"Autojm\" \/>\n<meta name=\"twitter:card\" content=\"summary_large_image\" \/>\n<meta name=\"twitter:label1\" content=\"\u00c9crit par\" \/>\n\t<meta name=\"twitter:data1\" content=\"Autojm\" \/>\n\t<meta name=\"twitter:label2\" content=\"Dur\u00e9e de lecture estim\u00e9e\" \/>\n\t<meta name=\"twitter:data2\" content=\"3 minutes\" \/>\n<script type=\"application\/ld+json\" class=\"yoast-schema-graph\">{\"@context\":\"https:\\\/\\\/schema.org\",\"@graph\":[{\"@type\":\"Article\",\"@id\":\"https:\\\/\\\/www.autojm.fr\\\/blog\\\/renault-captur-restyle-2017-une-premiere-au-salon-de-geneve\\\/#article\",\"isPartOf\":{\"@id\":\"https:\\\/\\\/www.autojm.fr\\\/blog\\\/renault-captur-restyle-2017-une-premiere-au-salon-de-geneve\\\/\"},\"author\":{\"name\":\"Autojm\",\"@id\":\"https:\\\/\\\/www.autojm.fr\\\/blog\\\/#\\\/schema\\\/person\\\/9742bc77541853e0de81fc57f947e1a0\"},\"headline\":\"Renault Captur restyl\u00e9 (2017) : une premi\u00e8re au salon de Gen\u00e8ve\",\"datePublished\":\"2017-02-27T00:00:00+00:00\",\"dateModified\":\"2023-04-18T13:33:38+00:00\",\"mainEntityOfPage\":{\"@id\":\"https:\\\/\\\/www.autojm.fr\\\/blog\\\/renault-captur-restyle-2017-une-premiere-au-salon-de-geneve\\\/\"},\"wordCount\":426,\"commentCount\":0,\"publisher\":{\"@id\":\"https:\\\/\\\/www.autojm.fr\\\/blog\\\/#organization\"},\"image\":{\"@id\":\"https:\\\/\\\/www.autojm.fr\\\/blog\\\/renault-captur-restyle-2017-une-premiere-au-salon-de-geneve\\\/#primaryimage\"},\"thumbnailUrl\":\"https:\\\/\\\/www.autojm.fr\\\/blog\\\/wp-content\\\/uploads\\\/2022\\\/10\\\/396.jpg\",\"keywords\":[\"autojm\",\"renault\",\"Renault Captur\"],\"articleSection\":[\"Nouveaut\u00e9 Renault\",\"Nouveaut\u00e9s Autos\"],\"inLanguage\":\"fr-FR\",\"potentialAction\":[{\"@type\":\"CommentAction\",\"name\":\"Comment\",\"target\":[\"https:\\\/\\\/www.autojm.fr\\\/blog\\\/renault-captur-restyle-2017-une-premiere-au-salon-de-geneve\\\/#respond\"]}]},{\"@type\":\"WebPage\",\"@id\":\"https:\\\/\\\/www.autojm.fr\\\/blog\\\/renault-captur-restyle-2017-une-premiere-au-salon-de-geneve\\\/\",\"url\":\"https:\\\/\\\/www.autojm.fr\\\/blog\\\/renault-captur-restyle-2017-une-premiere-au-salon-de-geneve\\\/\",\"name\":\"Renault Captur restyl\u00e9 (2017) : une premi\u00e8re au salon de Gen\u00e8ve\",\"isPartOf\":{\"@id\":\"https:\\\/\\\/www.autojm.fr\\\/blog\\\/#website\"},\"primaryImageOfPage\":{\"@id\":\"https:\\\/\\\/www.autojm.fr\\\/blog\\\/renault-captur-restyle-2017-une-premiere-au-salon-de-geneve\\\/#primaryimage\"},\"image\":{\"@id\":\"https:\\\/\\\/www.autojm.fr\\\/blog\\\/renault-captur-restyle-2017-une-premiere-au-salon-de-geneve\\\/#primaryimage\"},\"thumbnailUrl\":\"https:\\\/\\\/www.autojm.fr\\\/blog\\\/wp-content\\\/uploads\\\/2022\\\/10\\\/396.jpg\",\"datePublished\":\"2017-02-27T00:00:00+00:00\",\"dateModified\":\"2023-04-18T13:33:38+00:00\",\"description\":\"Le Renault Captur avait fait son apparition sur le march\u00e9 en 2013. Figurant parmi le top 5 des v\u00e9hicules les plus vendus en France...\",\"breadcrumb\":{\"@id\":\"https:\\\/\\\/www.autojm.fr\\\/blog\\\/renault-captur-restyle-2017-une-premiere-au-salon-de-geneve\\\/#breadcrumb\"},\"inLanguage\":\"fr-FR\",\"potentialAction\":[{\"@type\":\"ReadAction\",\"target\":[\"https:\\\/\\\/www.autojm.fr\\\/blog\\\/renault-captur-restyle-2017-une-premiere-au-salon-de-geneve\\\/\"]}]},{\"@type\":\"ImageObject\",\"inLanguage\":\"fr-FR\",\"@id\":\"https:\\\/\\\/www.autojm.fr\\\/blog\\\/renault-captur-restyle-2017-une-premiere-au-salon-de-geneve\\\/#primaryimage\",\"url\":\"https:\\\/\\\/www.autojm.fr\\\/blog\\\/wp-content\\\/uploads\\\/2022\\\/10\\\/396.jpg\",\"contentUrl\":\"https:\\\/\\\/www.autojm.fr\\\/blog\\\/wp-content\\\/uploads\\\/2022\\\/10\\\/396.jpg\",\"width\":1200,\"height\":800,\"caption\":\"Renault Captur\"},{\"@type\":\"BreadcrumbList\",\"@id\":\"https:\\\/\\\/www.autojm.fr\\\/blog\\\/renault-captur-restyle-2017-une-premiere-au-salon-de-geneve\\\/#breadcrumb\",\"itemListElement\":[{\"@type\":\"ListItem\",\"position\":1,\"name\":\"Accueil\",\"item\":\"https:\\\/\\\/www.autojm.fr\\\/blog\\\/\"},{\"@type\":\"ListItem\",\"position\":2,\"name\":\"Nouveaut\u00e9s Autos\",\"item\":\"https:\\\/\\\/www.autojm.fr\\\/blog\\\/nouveautes-autos\\\/\"},{\"@type\":\"ListItem\",\"position\":3,\"name\":\"Renault Captur restyl\u00e9 (2017) : une premi\u00e8re au salon de Gen\u00e8ve\"}]},{\"@type\":\"WebSite\",\"@id\":\"https:\\\/\\\/www.autojm.fr\\\/blog\\\/#website\",\"url\":\"https:\\\/\\\/www.autojm.fr\\\/blog\\\/\",\"name\":\"AutoJM Mag\",\"description\":\"Toute l&#039;actu auto en 1 clic !\",\"publisher\":{\"@id\":\"https:\\\/\\\/www.autojm.fr\\\/blog\\\/#organization\"},\"potentialAction\":[{\"@type\":\"SearchAction\",\"target\":{\"@type\":\"EntryPoint\",\"urlTemplate\":\"https:\\\/\\\/www.autojm.fr\\\/blog\\\/?s={search_term_string}\"},\"query-input\":{\"@type\":\"PropertyValueSpecification\",\"valueRequired\":true,\"valueName\":\"search_term_string\"}}],\"inLanguage\":\"fr-FR\"},{\"@type\":\"Organization\",\"@id\":\"https:\\\/\\\/www.autojm.fr\\\/blog\\\/#organization\",\"name\":\"AutoJM Mag\",\"url\":\"https:\\\/\\\/www.autojm.fr\\\/blog\\\/\",\"logo\":{\"@type\":\"ImageObject\",\"inLanguage\":\"fr-FR\",\"@id\":\"https:\\\/\\\/www.autojm.fr\\\/blog\\\/#\\\/schema\\\/logo\\\/image\\\/\",\"url\":\"https:\\\/\\\/www.autojm.fr\\\/blog\\\/wp-content\\\/uploads\\\/2022\\\/12\\\/cropped-AutoJMag-png.png\",\"contentUrl\":\"https:\\\/\\\/www.autojm.fr\\\/blog\\\/wp-content\\\/uploads\\\/2022\\\/12\\\/cropped-AutoJMag-png.png\",\"width\":2834,\"height\":585,\"caption\":\"AutoJM Mag\"},\"image\":{\"@id\":\"https:\\\/\\\/www.autojm.fr\\\/blog\\\/#\\\/schema\\\/logo\\\/image\\\/\"},\"sameAs\":[\"https:\\\/\\\/www.facebook.com\\\/AutoJM25\"]},{\"@type\":\"Person\",\"@id\":\"https:\\\/\\\/www.autojm.fr\\\/blog\\\/#\\\/schema\\\/person\\\/9742bc77541853e0de81fc57f947e1a0\",\"name\":\"Autojm\",\"image\":{\"@type\":\"ImageObject\",\"inLanguage\":\"fr-FR\",\"@id\":\"https:\\\/\\\/secure.gravatar.com\\\/avatar\\\/9a959d52b758fcc232fe4b6aca7bab139182573297122cce7d6f2ee0e537b418?s=96&d=mm&r=g\",\"url\":\"https:\\\/\\\/secure.gravatar.com\\\/avatar\\\/9a959d52b758fcc232fe4b6aca7bab139182573297122cce7d6f2ee0e537b418?s=96&d=mm&r=g\",\"contentUrl\":\"https:\\\/\\\/secure.gravatar.com\\\/avatar\\\/9a959d52b758fcc232fe4b6aca7bab139182573297122cce7d6f2ee0e537b418?s=96&d=mm&r=g\",\"caption\":\"Autojm\"},\"sameAs\":[\"https:\\\/\\\/www.autojm.fr\\\/blog\"],\"url\":\"https:\\\/\\\/www.autojm.fr\\\/blog\\\/author\\\/bichoi\\\/\"}]}<\/script>\n<!-- \/ Yoast SEO plugin. -->","yoast_head_json":{"title":"Renault Captur restyl\u00e9 (2017) : une premi\u00e8re au salon de Gen\u00e8ve","description":"Le Renault Captur avait fait son apparition sur le march\u00e9 en 2013. Figurant parmi le top 5 des v\u00e9hicules les plus vendus en France...","robots":{"index":"index","follow":"follow","max-snippet":"max-snippet:-1","max-image-preview":"max-image-preview:large","max-video-preview":"max-video-preview:-1"},"canonical":"https:\/\/www.autojm.fr\/blog\/renault-captur-restyle-2017-une-premiere-au-salon-de-geneve\/","og_locale":"fr_FR","og_type":"article","og_title":"Renault Captur restyl\u00e9 (2017) : une premi\u00e8re au salon de Gen\u00e8ve","og_description":"Le Renault Captur avait fait son apparition sur le march\u00e9 en 2013. Figurant parmi le top 5 des v\u00e9hicules les plus vendus en France...","og_url":"https:\/\/www.autojm.fr\/blog\/renault-captur-restyle-2017-une-premiere-au-salon-de-geneve\/","og_site_name":"AutoJM Mag","article_publisher":"https:\/\/www.facebook.com\/AutoJM25","article_published_time":"2017-02-27T00:00:00+00:00","article_modified_time":"2023-04-18T13:33:38+00:00","og_image":[{"width":1200,"height":800,"url":"https:\/\/www.autojm.fr\/blog\/wp-content\/uploads\/2022\/10\/396.jpg","type":"image\/jpeg"}],"author":"Autojm","twitter_card":"summary_large_image","twitter_misc":{"\u00c9crit par":"Autojm","Dur\u00e9e de lecture estim\u00e9e":"3 minutes"},"schema":{"@context":"https:\/\/schema.org","@graph":[{"@type":"Article","@id":"https:\/\/www.autojm.fr\/blog\/renault-captur-restyle-2017-une-premiere-au-salon-de-geneve\/#article","isPartOf":{"@id":"https:\/\/www.autojm.fr\/blog\/renault-captur-restyle-2017-une-premiere-au-salon-de-geneve\/"},"author":{"name":"Autojm","@id":"https:\/\/www.autojm.fr\/blog\/#\/schema\/person\/9742bc77541853e0de81fc57f947e1a0"},"headline":"Renault Captur restyl\u00e9 (2017) : une premi\u00e8re au salon de Gen\u00e8ve","datePublished":"2017-02-27T00:00:00+00:00","dateModified":"2023-04-18T13:33:38+00:00","mainEntityOfPage":{"@id":"https:\/\/www.autojm.fr\/blog\/renault-captur-restyle-2017-une-premiere-au-salon-de-geneve\/"},"wordCount":426,"commentCount":0,"publisher":{"@id":"https:\/\/www.autojm.fr\/blog\/#organization"},"image":{"@id":"https:\/\/www.autojm.fr\/blog\/renault-captur-restyle-2017-une-premiere-au-salon-de-geneve\/#primaryimage"},"thumbnailUrl":"https:\/\/www.autojm.fr\/blog\/wp-content\/uploads\/2022\/10\/396.jpg","keywords":["autojm","renault","Renault Captur"],"articleSection":["Nouveaut\u00e9 Renault","Nouveaut\u00e9s Autos"],"inLanguage":"fr-FR","potentialAction":[{"@type":"CommentAction","name":"Comment","target":["https:\/\/www.autojm.fr\/blog\/renault-captur-restyle-2017-une-premiere-au-salon-de-geneve\/#respond"]}]},{"@type":"WebPage","@id":"https:\/\/www.autojm.fr\/blog\/renault-captur-restyle-2017-une-premiere-au-salon-de-geneve\/","url":"https:\/\/www.autojm.fr\/blog\/renault-captur-restyle-2017-une-premiere-au-salon-de-geneve\/","name":"Renault Captur restyl\u00e9 (2017) : une premi\u00e8re au salon de Gen\u00e8ve","isPartOf":{"@id":"https:\/\/www.autojm.fr\/blog\/#website"},"primaryImageOfPage":{"@id":"https:\/\/www.autojm.fr\/blog\/renault-captur-restyle-2017-une-premiere-au-salon-de-geneve\/#primaryimage"},"image":{"@id":"https:\/\/www.autojm.fr\/blog\/renault-captur-restyle-2017-une-premiere-au-salon-de-geneve\/#primaryimage"},"thumbnailUrl":"https:\/\/www.autojm.fr\/blog\/wp-content\/uploads\/2022\/10\/396.jpg","datePublished":"2017-02-27T00:00:00+00:00","dateModified":"2023-04-18T13:33:38+00:00","description":"Le Renault Captur avait fait son apparition sur le march\u00e9 en 2013. Figurant parmi le top 5 des v\u00e9hicules les plus vendus en France...","breadcrumb":{"@id":"https:\/\/www.autojm.fr\/blog\/renault-captur-restyle-2017-une-premiere-au-salon-de-geneve\/#breadcrumb"},"inLanguage":"fr-FR","potentialAction":[{"@type":"ReadAction","target":["https:\/\/www.autojm.fr\/blog\/renault-captur-restyle-2017-une-premiere-au-salon-de-geneve\/"]}]},{"@type":"ImageObject","inLanguage":"fr-FR","@id":"https:\/\/www.autojm.fr\/blog\/renault-captur-restyle-2017-une-premiere-au-salon-de-geneve\/#primaryimage","url":"https:\/\/www.autojm.fr\/blog\/wp-content\/uploads\/2022\/10\/396.jpg","contentUrl":"https:\/\/www.autojm.fr\/blog\/wp-content\/uploads\/2022\/10\/396.jpg","width":1200,"height":800,"caption":"Renault Captur"},{"@type":"BreadcrumbList","@id":"https:\/\/www.autojm.fr\/blog\/renault-captur-restyle-2017-une-premiere-au-salon-de-geneve\/#breadcrumb","itemListElement":[{"@type":"ListItem","position":1,"name":"Accueil","item":"https:\/\/www.autojm.fr\/blog\/"},{"@type":"ListItem","position":2,"name":"Nouveaut\u00e9s Autos","item":"https:\/\/www.autojm.fr\/blog\/nouveautes-autos\/"},{"@type":"ListItem","position":3,"name":"Renault Captur restyl\u00e9 (2017) : une premi\u00e8re au salon de Gen\u00e8ve"}]},{"@type":"WebSite","@id":"https:\/\/www.autojm.fr\/blog\/#website","url":"https:\/\/www.autojm.fr\/blog\/","name":"AutoJM Mag","description":"Toute l&#039;actu auto en 1 clic !","publisher":{"@id":"https:\/\/www.autojm.fr\/blog\/#organization"},"potentialAction":[{"@type":"SearchAction","target":{"@type":"EntryPoint","urlTemplate":"https:\/\/www.autojm.fr\/blog\/?s={search_term_string}"},"query-input":{"@type":"PropertyValueSpecification","valueRequired":true,"valueName":"search_term_string"}}],"inLanguage":"fr-FR"},{"@type":"Organization","@id":"https:\/\/www.autojm.fr\/blog\/#organization","name":"AutoJM Mag","url":"https:\/\/www.autojm.fr\/blog\/","logo":{"@type":"ImageObject","inLanguage":"fr-FR","@id":"https:\/\/www.autojm.fr\/blog\/#\/schema\/logo\/image\/","url":"https:\/\/www.autojm.fr\/blog\/wp-content\/uploads\/2022\/12\/cropped-AutoJMag-png.png","contentUrl":"https:\/\/www.autojm.fr\/blog\/wp-content\/uploads\/2022\/12\/cropped-AutoJMag-png.png","width":2834,"height":585,"caption":"AutoJM Mag"},"image":{"@id":"https:\/\/www.autojm.fr\/blog\/#\/schema\/logo\/image\/"},"sameAs":["https:\/\/www.facebook.com\/AutoJM25"]},{"@type":"Person","@id":"https:\/\/www.autojm.fr\/blog\/#\/schema\/person\/9742bc77541853e0de81fc57f947e1a0","name":"Autojm","image":{"@type":"ImageObject","inLanguage":"fr-FR","@id":"https:\/\/secure.gravatar.com\/avatar\/9a959d52b758fcc232fe4b6aca7bab139182573297122cce7d6f2ee0e537b418?s=96&d=mm&r=g","url":"https:\/\/secure.gravatar.com\/avatar\/9a959d52b758fcc232fe4b6aca7bab139182573297122cce7d6f2ee0e537b418?s=96&d=mm&r=g","contentUrl":"https:\/\/secure.gravatar.com\/avatar\/9a959d52b758fcc232fe4b6aca7bab139182573297122cce7d6f2ee0e537b418?s=96&d=mm&r=g","caption":"Autojm"},"sameAs":["https:\/\/www.autojm.fr\/blog"],"url":"https:\/\/www.autojm.fr\/blog\/author\/bichoi\/"}]}},"_links":{"self":[{"href":"https:\/\/www.autojm.fr\/blog\/wp-json\/wp\/v2\/posts\/3673","targetHints":{"allow":["GET"]}}],"collection":[{"href":"https:\/\/www.autojm.fr\/blog\/wp-json\/wp\/v2\/posts"}],"about":[{"href":"https:\/\/www.autojm.fr\/blog\/wp-json\/wp\/v2\/types\/post"}],"author":[{"embeddable":true,"href":"https:\/\/www.autojm.fr\/blog\/wp-json\/wp\/v2\/users\/1"}],"replies":[{"embeddable":true,"href":"https:\/\/www.autojm.fr\/blog\/wp-json\/wp\/v2\/comments?post=3673"}],"version-history":[{"count":4,"href":"https:\/\/www.autojm.fr\/blog\/wp-json\/wp\/v2\/posts\/3673\/revisions"}],"predecessor-version":[{"id":9357,"href":"https:\/\/www.autojm.fr\/blog\/wp-json\/wp\/v2\/posts\/3673\/revisions\/9357"}],"wp:featuredmedia":[{"embeddable":true,"href":"https:\/\/www.autojm.fr\/blog\/wp-json\/wp\/v2\/media\/5733"}],"wp:attachment":[{"href":"https:\/\/www.autojm.fr\/blog\/wp-json\/wp\/v2\/media?parent=3673"}],"wp:term":[{"taxonomy":"category","embeddable":true,"href":"https:\/\/www.autojm.fr\/blog\/wp-json\/wp\/v2\/categories?post=3673"},{"taxonomy":"post_tag","embeddable":true,"href":"https:\/\/www.autojm.fr\/blog\/wp-json\/wp\/v2\/tags?post=3673"}],"curies":[{"name":"wp","href":"https:\/\/api.w.org\/{rel}","templated":true}]}}