{"id":3671,"date":"2017-01-27T00:00:00","date_gmt":"2017-01-27T00:00:00","guid":{"rendered":"https:\/\/www.autojm.fr\/blog\/zoom-sur-la-nouvelle-citroen-c3-motorisations-et-finitions\/"},"modified":"2023-04-18T13:34:25","modified_gmt":"2023-04-18T13:34:25","slug":"zoom-sur-la-nouvelle-citroen-c3-motorisations-et-finitions","status":"publish","type":"post","link":"https:\/\/www.autojm.fr\/blog\/zoom-sur-la-nouvelle-citroen-c3-motorisations-et-finitions\/","title":{"rendered":"Zoom sur la nouvelle Citro\u00ebn C3 : motorisations et finitions"},"content":{"rendered":"<p dir=\"ltr\" style=\"line-height: 1.38; margin-top: 0pt; margin-bottom: 0pt; text-align: justify;\">\n<p dir=\"ltr\" style=\"line-height: 1.38; margin-top: 0pt; margin-bottom: 0pt; text-align: justify;\"><span id=\"docs-internal-guid-fe459f97-d669-83ea-4bfe-833304553682\"><a href=\"https:\/\/www.autojm.fr\/achat-voitures-neuves-citroen-nouvelle-c3-2020-5p\"><span style=\"font-size: 16px; font-family: Arial; color: #1155cc; text-decoration: underline; vertical-align: baseline; white-space: pre-wrap; background-color: transparent;\">La nouvelle C3 <\/span><\/a><span style=\"font-size: 16px; font-family: Arial; color: #000000; vertical-align: baseline; white-space: pre-wrap; background-color: transparent;\">a fait son arriv\u00e9e sur le march\u00e9 de l&rsquo;automobile courant 2016. Cette citadine au look glamour et \u00e0 la personnalisation presque infinie s\u00e9duit d\u00e9j\u00e0. Pour savoir quelle mod\u00e8le vous correspond, voici un petit r\u00e9capitulatif des informations concernant les moteurs et les finitions.<\/span><\/span><\/p>\n<p dir=\"ltr\" style=\"line-height: 1.38; margin-top: 0pt; margin-bottom: 0pt; text-align: justify;\">\n<p dir=\"ltr\" style=\"line-height: 1.38; margin-top: 0pt; margin-bottom: 0pt; text-align: justify;\">\n<div><\/div>\n<p dir=\"ltr\" style=\"line-height: 1.38; margin-top: 0pt; margin-bottom: 0pt; text-align: justify;\"><span style=\"font-size: 16px; font-family: Arial; color: #000000; vertical-align: baseline; white-space: pre-wrap; background-color: transparent;\">Le moteur <strong>B<\/strong><\/span><span style=\"font-size: 16px; font-family: Arial; color: #000000; font-weight: bold; vertical-align: baseline; white-space: pre-wrap; background-color: transparent;\">lueHDI 75 S&amp;S BVM 83g<\/span><span style=\"font-size: 16px; font-family: Arial; color: #000000; vertical-align: baseline; white-space: pre-wrap; background-color: transparent;\"> est le meilleur dans la cat\u00e9gorie consommation. Il a les chiffres les plus faibles comprenant 3,2 litres pour 100 kilom\u00e8tres en cycle mixte. Mais qui dit consommation faible dit puissance faible\u2026 Sa vitesse maximale est de 174 kilom\u00e8tres\/heure, et ce n&rsquo;est pas la plus faible. A croire que ce moteur allie parfaitement puissance et respect de l&rsquo;environnement. <\/span><\/p>\n<p dir=\"ltr\" style=\"line-height: 1.38; margin-top: 0pt; margin-bottom: 0pt; text-align: justify;\">\n<p dir=\"ltr\" style=\"line-height: 1.38; margin-top: 0pt; margin-bottom: 0pt; text-align: justify;\"><span id=\"docs-internal-guid-fe459f97-d669-83ea-4bfe-833304553682\"><span style=\"font-size: 16px; font-family: Arial; color: #000000; vertical-align: baseline; white-space: pre-wrap; background-color: transparent;\">Les moteurs <\/span><span style=\"font-size: 16px; font-family: Arial; color: #000000; font-weight: bold; vertical-align: baseline; white-space: pre-wrap; background-color: transparent;\">PURETECH 68<\/span><span style=\"font-size: 16px; font-family: Arial; color: #000000; vertical-align: baseline; white-space: pre-wrap; background-color: transparent;\"> et <\/span><span style=\"font-size: 16px; font-family: Arial; color: #000000; font-weight: bold; vertical-align: baseline; white-space: pre-wrap; background-color: transparent;\">PURETECH 82<\/span><span style=\"font-size: 16px; font-family: Arial; color: #000000; vertical-align: baseline; white-space: pre-wrap; background-color: transparent;\"> se valent, m\u00eames chiffres de consommation avec 5,7 litres pour 100 kilom\u00e8tres en zone urbaine et 4,1 litres pour 100 kilom\u00e8tres en zone extra-urbaine. Des chiffres qui restent correctes et montrent bien l&rsquo;am\u00e9lioration des moteurs pour le bien de l&rsquo;environnement. Sur la vitesse maximale cependant, une diff\u00e9rence est notable : le PURETECH 68 varie entre 164 et 165 kilom\u00e8tres\/heure, tandis que le PURETECH 82 grimpe entre 168 et 173 kilom\u00e8tres\/heure. Ici, c&rsquo;est bien le nombre de chevaux qui fait la diff\u00e9rence. <\/span><\/span><\/p>\n<p dir=\"ltr\" style=\"line-height: 1.38; margin-top: 0pt; margin-bottom: 0pt; text-align: justify;\">\n<p dir=\"ltr\" style=\"line-height: 1.38; margin-top: 0pt; margin-bottom: 0pt; text-align: justify;\"><span id=\"docs-internal-guid-fe459f97-d669-83ea-4bfe-833304553682\"><span style=\"font-size: 16px; font-family: Arial; color: #000000; vertical-align: baseline; white-space: pre-wrap; background-color: transparent;\">Parmi les consommations faibles, on retrouve le <\/span><span style=\"font-size: 16px; font-family: Arial; color: #000000; font-weight: bold; vertical-align: baseline; white-space: pre-wrap; background-color: transparent;\">blue HDI 75 S&amp;S<\/span><span style=\"font-size: 16px; font-family: Arial; color: #000000; vertical-align: baseline; white-space: pre-wrap; background-color: transparent;\">, dont la consommation varie entre 3,1 et 4,3. Sa vitesse maximale de 171 kilom\u00e8tres\/heure est satisfaisante et permet de ne pas \u00eatre tent\u00e9 de trop acc\u00e9l\u00e9rer\u2026<\/span><\/span><\/p>\n<p dir=\"ltr\" style=\"line-height: 1.38; margin-top: 0pt; margin-bottom: 0pt; text-align: justify;\">\n<p dir=\"ltr\" style=\"line-height: 1.38; margin-top: 0pt; margin-bottom: 0pt; text-align: justify;\"><span id=\"docs-internal-guid-fe459f97-d669-83ea-4bfe-833304553682\"><span style=\"font-size: 16px; font-family: Arial; color: #000000; vertical-align: baseline; white-space: pre-wrap; background-color: transparent;\">Le <\/span><span style=\"font-size: 16px; font-family: Arial; color: #000000; font-weight: bold; vertical-align: baseline; white-space: pre-wrap; background-color: transparent;\">PURETECH 82 BVM 105g<\/span><span style=\"font-size: 16px; font-family: Arial; color: #000000; vertical-align: baseline; white-space: pre-wrap; background-color: transparent;\"> permet d&rsquo;atteindre une vitesse maximale de 177 kilom\u00e8tres\/heure. Sa consommation, elle, n&rsquo;exc\u00e9dera pas 5,6 litres pour 100 kilom\u00e8tres en zone urbaine. Dans la m\u00eame lign\u00e9e, le<\/span><span style=\"font-size: 16px; font-family: Arial; color: #000000; font-weight: bold; vertical-align: baseline; white-space: pre-wrap; background-color: transparent;\"> PURETECH 110 S&amp;S BVM<\/span><span style=\"font-size: 16px; font-family: Arial; color: #000000; vertical-align: baseline; white-space: pre-wrap; background-color: transparent;\"> trouve un juste milieu entre consommation et puissance. Cette derni\u00e8re est la meilleure parmis les diff\u00e9rents mod\u00e8les, puisque la vitesse maximale pourra atteindre 188 kilom\u00e8tres\/heure. La consommation, elle, tournera entre 4 et 5,5 litres pour 100 kilom\u00e8tres.<\/span><\/span><\/p>\n<p dir=\"ltr\" style=\"line-height: 1.38; margin-top: 0pt; margin-bottom: 0pt; text-align: justify;\">\n<p dir=\"ltr\" style=\"line-height: 1.38; margin-top: 0pt; margin-bottom: 0pt; text-align: justify;\"><span id=\"docs-internal-guid-fe459f97-d669-83ea-4bfe-833304553682\"><span style=\"font-size: 16px; font-family: Arial; color: #000000; vertical-align: baseline; white-space: pre-wrap; background-color: transparent;\">Le meilleur rapport \u00e9cologie\/puissance est dans le <strong>B<\/strong><\/span><span style=\"font-size: 16px; font-family: Arial; color: #000000; font-weight: bold; vertical-align: baseline; white-space: pre-wrap; background-color: transparent;\">lueHDI 100 S&amp;S BVM<\/span><span style=\"font-size: 16px; font-family: Arial; color: #000000; vertical-align: baseline; white-space: pre-wrap; background-color: transparent;\"> : une vitesse maximale de 185 kilom\u00e8tres\/heure pour une consommation maximum de 4,4 litres pour 100 kilom\u00e8tres en zone urbaine. <\/span><span style=\"font-size: 16px; font-family: Arial; color: #000000; font-weight: bold; vertical-align: baseline; white-space: pre-wrap; background-color: transparent;\">C&rsquo;est donc pas pour rien que c&rsquo;est le moteur le plus vendu chez AutoJM.<\/span><\/span><\/p>\n<p dir=\"ltr\" style=\"line-height: 1.38; margin-top: 0pt; margin-bottom: 0pt; text-align: justify;\">\n<p dir=\"ltr\" style=\"line-height: 1.38; margin-top: 0pt; margin-bottom: 0pt; text-align: justify;\">\n<p dir=\"ltr\" style=\"line-height: 1.38; margin-top: 0pt; margin-bottom: 0pt; text-align: justify;\"><span id=\"docs-internal-guid-fe459f97-d669-83ea-4bfe-833304553682\"><span style=\"font-size: 16px; font-family: Arial; color: #000000; text-decoration: underline; vertical-align: baseline; white-space: pre-wrap; background-color: transparent;\">A chacun son moteur, mais qu&rsquo;en est-il des finitions ? Quels \u00e9quipements pour quelles finitions ?<\/span><\/span><\/p>\n<div><\/div>\n<div><span style=\"text-align: justify; font-size: 16px; font-family: Arial; color: #000000; vertical-align: baseline; white-space: pre-wrap; background-color: transparent;\">La finition <\/span><span style=\"text-align: justify; font-size: 16px; font-family: Arial; color: #000000; font-weight: bold; vertical-align: baseline; white-space: pre-wrap; background-color: transparent;\">live<\/span><span style=\"text-align: justify; font-size: 16px; font-family: Arial; color: #000000; vertical-align: baseline; white-space: pre-wrap; background-color: transparent;\">, consid\u00e9r\u00e9e comme l&rsquo;entr\u00e9e de gamme, est \u00e9quip\u00e9e entre autres de l&rsquo;aide au d\u00e9marrage en pente, la direction assist\u00e9e, la reconnaissance des panneaux de vitesse et recommandation, l&rsquo;alerte de franchissement involontaire de ligne, le r\u00e9gulateur limiteur de vitesse, les enjoliveurs 15 pouces clic, les coques de r\u00e9troviseurs ext\u00e9rieurs noir mat et un ordinateur de bord. <\/span><\/div>\n<p dir=\"ltr\" style=\"line-height: 1.38; margin-top: 0pt; margin-bottom: 0pt; text-align: justify;\">\n<p dir=\"ltr\" style=\"line-height: 1.38; margin-top: 0pt; margin-bottom: 0pt; text-align: justify;\"><span id=\"docs-internal-guid-fe459f97-d669-83ea-4bfe-833304553682\"><span style=\"font-size: 16px; font-family: Arial; color: #000000; vertical-align: baseline; white-space: pre-wrap; background-color: transparent;\">La finition <\/span><span style=\"font-size: 16px; font-family: Arial; color: #000000; font-weight: bold; vertical-align: baseline; white-space: pre-wrap; background-color: transparent;\">feel <\/span><span style=\"font-size: 16px; font-family: Arial; color: #000000; vertical-align: baseline; white-space: pre-wrap; background-color: transparent;\">comprend les \u00e9quipements de la finition live, des enjoliveurs 15 pouces arrow, des coques de r\u00e9troviseurs ext\u00e9rieurs noir brillant, des feux diurnes \u00e0 LED, projecteurs anti-brouillard et la climatisation, entre autres.<\/span><\/span><\/p>\n<p dir=\"ltr\" style=\"line-height: 1.38; margin-top: 0pt; margin-bottom: 0pt; text-align: justify;\">\n<p dir=\"ltr\" style=\"line-height: 1.38; margin-top: 0pt; margin-bottom: 0pt; text-align: justify;\"><span id=\"docs-internal-guid-fe459f97-d669-83ea-4bfe-833304553682\"><span style=\"font-size: 16px; font-family: Arial; color: #000000; vertical-align: baseline; white-space: pre-wrap; background-color: transparent;\">La finition <strong>S<\/strong><\/span><span style=\"font-size: 16px; font-family: Arial; color: #000000; font-weight: bold; vertical-align: baseline; white-space: pre-wrap; background-color: transparent;\">hine <\/span><span style=\"font-size: 16px; font-family: Arial; color: #000000; vertical-align: baseline; white-space: pre-wrap; background-color: transparent;\">comprend les \u00e9quipements des deux finitions pr\u00e9c\u00e9dentes, des enjoliveurs 3D 16 pouces, des d\u00e9cors ext\u00e9rieurs noir brillant, un pommeau de levier de vitesses en cuir, la climatisation AUTOMATIQUE, l&rsquo;aide au stationnement arri\u00e8re et le mirror screen, entre autres.<\/span><\/span><\/p>\n<p dir=\"ltr\" style=\"line-height: 1.38; margin-top: 0pt; margin-bottom: 0pt; text-align: justify;\">\n<p dir=\"ltr\" style=\"line-height: 1.38; margin-top: 0pt; margin-bottom: 0pt; text-align: justify;\">\n<p dir=\"ltr\" style=\"line-height: 1.38; margin-top: 0pt; margin-bottom: 0pt; text-align: justify;\">\n<p dir=\"ltr\" style=\"line-height: 1.38; margin-top: 0pt; margin-bottom: 0pt; text-align: justify;\">\n<p dir=\"ltr\" style=\"line-height: 1.38; margin-top: 0pt; margin-bottom: 0pt; text-align: justify;\"><span id=\"docs-internal-guid-fe459f97-d669-83ea-4bfe-833304553682\"><span style=\"font-size: 16px; font-family: Arial; color: #000000; vertical-align: baseline; white-space: pre-wrap; background-color: transparent;\">Dot\u00e9 de mat\u00e9riaux de qualit\u00e9, de <\/span><span style=\"font-size: 16px; font-family: Arial; color: #000000; font-weight: bold; vertical-align: baseline; white-space: pre-wrap; background-color: transparent;\">airbumps <\/span><span style=\"font-size: 16px; font-family: Arial; color: #000000; vertical-align: baseline; white-space: pre-wrap; background-color: transparent;\">pour un style original, d&rsquo;une face avant \u00e9l\u00e9gante et de la <strong>C<\/strong><\/span><span style=\"font-size: 16px; font-family: Arial; color: #000000; font-weight: bold; vertical-align: baseline; white-space: pre-wrap; background-color: transparent;\">itro\u00ebn connected cam<\/span><span style=\"font-size: 16px; font-family: Arial; color: #000000; vertical-align: baseline; white-space: pre-wrap; background-color: transparent;\"> en option, ce bijou de la marque aux chevrons s\u00e9duit d\u00e9j\u00e0 les amateurs de citadines.<\/span><\/span><\/p>\n<p dir=\"ltr\" style=\"line-height: 1.38; margin-top: 0pt; margin-bottom: 0pt; text-align: justify;\">\n<p dir=\"ltr\" style=\"line-height: 1.38; margin-top: 0pt; margin-bottom: 0pt; text-align: justify;\">\n<p dir=\"ltr\" style=\"line-height: 1.38; margin-top: 0pt; margin-bottom: 0pt; text-align: justify;\"><span id=\"docs-internal-guid-fe459f97-d669-83ea-4bfe-833304553682\"><span style=\"font-size: 16px; font-family: Arial; color: #ff0000; vertical-align: baseline; white-space: pre-wrap; background-color: transparent;\"><strong>A savoir<\/strong> <strong>:<\/strong><\/span><span style=\"font-size: 16px; font-family: Arial; color: #000000; vertical-align: baseline; white-space: pre-wrap; background-color: transparent;\"> chez AutoJM, le mod\u00e8le le plus pris\u00e9 est la finition Shine avec le moteur BlueHDI 100 S&amp;S BVM. Vous pourrez le retrouver sur notre site autojm.fr avec pr\u00e8s de 3200 euros de remise ! Vous pourrez \u00e9galement consulter les autres mod\u00e8les. Pour plus d&rsquo;informations, veuillez nous contacter au 03.81.36.30.30.<\/span><\/span><\/p>\n<p dir=\"ltr\" style=\"line-height: 1.38; margin-top: 0pt; margin-bottom: 0pt; text-align: justify;\">\n","protected":false},"excerpt":{"rendered":"<p>La nouvelle C3 a fait son arriv\u00e9e sur le march\u00e9 de l&rsquo;automobile courant 2016. Cette citadine au look glamour et \u00e0 la personnalisation presque infinie s\u00e9duit d\u00e9j\u00e0. Pour savoir quelle mod\u00e8le vous correspond, voici un petit r\u00e9capitulatif des informations concernant les moteurs et les finitions.<\/p>\n","protected":false},"author":1,"featured_media":5731,"comment_status":"open","ping_status":"open","sticky":false,"template":"","format":"standard","meta":{"_acf_changed":false,"content-type":"","footnotes":""},"categories":[236,61],"tags":[90,79,195],"class_list":["post-3671","post","type-post","status-publish","format-standard","has-post-thumbnail","hentry","category-nouveaute-citroen","category-nouveautes-autos","tag-autojm","tag-citroen","tag-nouvelle-citroen-c3"],"acf":[],"yoast_head":"<!-- This site is optimized with the Yoast SEO plugin v27.5 - https:\/\/yoast.com\/product\/yoast-seo-wordpress\/ -->\n<title>Zoom sur la nouvelle Citro\u00ebn C3 : motorisations et finitions<\/title>\n<meta name=\"description\" content=\"La nouvelle C3 a fait son arriv\u00e9e sur le march\u00e9 de l&#039;automobile courant 2016. Cette citadine au look glamour et \u00e0 la personnalisation...\" \/>\n<meta name=\"robots\" content=\"index, follow, max-snippet:-1, max-image-preview:large, max-video-preview:-1\" \/>\n<link rel=\"canonical\" href=\"https:\/\/www.autojm.fr\/blog\/zoom-sur-la-nouvelle-citroen-c3-motorisations-et-finitions\/\" \/>\n<meta property=\"og:locale\" content=\"fr_FR\" \/>\n<meta property=\"og:type\" content=\"article\" \/>\n<meta property=\"og:title\" content=\"Zoom sur la nouvelle Citro\u00ebn C3 : motorisations et finitions\" \/>\n<meta property=\"og:description\" content=\"La nouvelle C3 a fait son arriv\u00e9e sur le march\u00e9 de l&#039;automobile courant 2016. Cette citadine au look glamour et \u00e0 la personnalisation...\" \/>\n<meta property=\"og:url\" content=\"https:\/\/www.autojm.fr\/blog\/zoom-sur-la-nouvelle-citroen-c3-motorisations-et-finitions\/\" \/>\n<meta property=\"og:site_name\" content=\"AutoJM Mag\" \/>\n<meta property=\"article:publisher\" content=\"https:\/\/www.facebook.com\/AutoJM25\" \/>\n<meta property=\"article:published_time\" content=\"2017-01-27T00:00:00+00:00\" \/>\n<meta property=\"article:modified_time\" content=\"2023-04-18T13:34:25+00:00\" \/>\n<meta property=\"og:image\" content=\"https:\/\/www.autojm.fr\/blog\/wp-content\/uploads\/2022\/10\/394.jpg\" \/>\n\t<meta property=\"og:image:width\" content=\"608\" \/>\n\t<meta property=\"og:image:height\" content=\"262\" \/>\n\t<meta property=\"og:image:type\" content=\"image\/jpeg\" \/>\n<meta name=\"author\" content=\"Autojm\" \/>\n<meta name=\"twitter:card\" content=\"summary_large_image\" \/>\n<meta name=\"twitter:label1\" content=\"\u00c9crit par\" \/>\n\t<meta name=\"twitter:data1\" content=\"Autojm\" \/>\n\t<meta name=\"twitter:label2\" content=\"Dur\u00e9e de lecture estim\u00e9e\" \/>\n\t<meta name=\"twitter:data2\" content=\"3 minutes\" \/>\n<script type=\"application\/ld+json\" class=\"yoast-schema-graph\">{\"@context\":\"https:\\\/\\\/schema.org\",\"@graph\":[{\"@type\":\"Article\",\"@id\":\"https:\\\/\\\/www.autojm.fr\\\/blog\\\/zoom-sur-la-nouvelle-citroen-c3-motorisations-et-finitions\\\/#article\",\"isPartOf\":{\"@id\":\"https:\\\/\\\/www.autojm.fr\\\/blog\\\/zoom-sur-la-nouvelle-citroen-c3-motorisations-et-finitions\\\/\"},\"author\":{\"name\":\"Autojm\",\"@id\":\"https:\\\/\\\/www.autojm.fr\\\/blog\\\/#\\\/schema\\\/person\\\/9742bc77541853e0de81fc57f947e1a0\"},\"headline\":\"Zoom sur la nouvelle Citro\u00ebn C3 : motorisations et finitions\",\"datePublished\":\"2017-01-27T00:00:00+00:00\",\"dateModified\":\"2023-04-18T13:34:25+00:00\",\"mainEntityOfPage\":{\"@id\":\"https:\\\/\\\/www.autojm.fr\\\/blog\\\/zoom-sur-la-nouvelle-citroen-c3-motorisations-et-finitions\\\/\"},\"wordCount\":627,\"commentCount\":0,\"publisher\":{\"@id\":\"https:\\\/\\\/www.autojm.fr\\\/blog\\\/#organization\"},\"image\":{\"@id\":\"https:\\\/\\\/www.autojm.fr\\\/blog\\\/zoom-sur-la-nouvelle-citroen-c3-motorisations-et-finitions\\\/#primaryimage\"},\"thumbnailUrl\":\"https:\\\/\\\/www.autojm.fr\\\/blog\\\/wp-content\\\/uploads\\\/2022\\\/10\\\/394.jpg\",\"keywords\":[\"autojm\",\"citroen\",\"Nouvelle Citro\u00ebn C3\"],\"articleSection\":[\"Nouveaut\u00e9 Citro\u00ebn\",\"Nouveaut\u00e9s Autos\"],\"inLanguage\":\"fr-FR\",\"potentialAction\":[{\"@type\":\"CommentAction\",\"name\":\"Comment\",\"target\":[\"https:\\\/\\\/www.autojm.fr\\\/blog\\\/zoom-sur-la-nouvelle-citroen-c3-motorisations-et-finitions\\\/#respond\"]}]},{\"@type\":\"WebPage\",\"@id\":\"https:\\\/\\\/www.autojm.fr\\\/blog\\\/zoom-sur-la-nouvelle-citroen-c3-motorisations-et-finitions\\\/\",\"url\":\"https:\\\/\\\/www.autojm.fr\\\/blog\\\/zoom-sur-la-nouvelle-citroen-c3-motorisations-et-finitions\\\/\",\"name\":\"Zoom sur la nouvelle Citro\u00ebn C3 : motorisations et finitions\",\"isPartOf\":{\"@id\":\"https:\\\/\\\/www.autojm.fr\\\/blog\\\/#website\"},\"primaryImageOfPage\":{\"@id\":\"https:\\\/\\\/www.autojm.fr\\\/blog\\\/zoom-sur-la-nouvelle-citroen-c3-motorisations-et-finitions\\\/#primaryimage\"},\"image\":{\"@id\":\"https:\\\/\\\/www.autojm.fr\\\/blog\\\/zoom-sur-la-nouvelle-citroen-c3-motorisations-et-finitions\\\/#primaryimage\"},\"thumbnailUrl\":\"https:\\\/\\\/www.autojm.fr\\\/blog\\\/wp-content\\\/uploads\\\/2022\\\/10\\\/394.jpg\",\"datePublished\":\"2017-01-27T00:00:00+00:00\",\"dateModified\":\"2023-04-18T13:34:25+00:00\",\"description\":\"La nouvelle C3 a fait son arriv\u00e9e sur le march\u00e9 de l'automobile courant 2016. Cette citadine au look glamour et \u00e0 la personnalisation...\",\"breadcrumb\":{\"@id\":\"https:\\\/\\\/www.autojm.fr\\\/blog\\\/zoom-sur-la-nouvelle-citroen-c3-motorisations-et-finitions\\\/#breadcrumb\"},\"inLanguage\":\"fr-FR\",\"potentialAction\":[{\"@type\":\"ReadAction\",\"target\":[\"https:\\\/\\\/www.autojm.fr\\\/blog\\\/zoom-sur-la-nouvelle-citroen-c3-motorisations-et-finitions\\\/\"]}]},{\"@type\":\"ImageObject\",\"inLanguage\":\"fr-FR\",\"@id\":\"https:\\\/\\\/www.autojm.fr\\\/blog\\\/zoom-sur-la-nouvelle-citroen-c3-motorisations-et-finitions\\\/#primaryimage\",\"url\":\"https:\\\/\\\/www.autojm.fr\\\/blog\\\/wp-content\\\/uploads\\\/2022\\\/10\\\/394.jpg\",\"contentUrl\":\"https:\\\/\\\/www.autojm.fr\\\/blog\\\/wp-content\\\/uploads\\\/2022\\\/10\\\/394.jpg\",\"width\":608,\"height\":262,\"caption\":\"Nouvelle Citro\u00ebn C3\"},{\"@type\":\"BreadcrumbList\",\"@id\":\"https:\\\/\\\/www.autojm.fr\\\/blog\\\/zoom-sur-la-nouvelle-citroen-c3-motorisations-et-finitions\\\/#breadcrumb\",\"itemListElement\":[{\"@type\":\"ListItem\",\"position\":1,\"name\":\"Accueil\",\"item\":\"https:\\\/\\\/www.autojm.fr\\\/blog\\\/\"},{\"@type\":\"ListItem\",\"position\":2,\"name\":\"Nouveaut\u00e9s Autos\",\"item\":\"https:\\\/\\\/www.autojm.fr\\\/blog\\\/nouveautes-autos\\\/\"},{\"@type\":\"ListItem\",\"position\":3,\"name\":\"Zoom sur la nouvelle Citro\u00ebn C3 : motorisations et finitions\"}]},{\"@type\":\"WebSite\",\"@id\":\"https:\\\/\\\/www.autojm.fr\\\/blog\\\/#website\",\"url\":\"https:\\\/\\\/www.autojm.fr\\\/blog\\\/\",\"name\":\"AutoJM Mag\",\"description\":\"Toute l&#039;actu auto en 1 clic !\",\"publisher\":{\"@id\":\"https:\\\/\\\/www.autojm.fr\\\/blog\\\/#organization\"},\"potentialAction\":[{\"@type\":\"SearchAction\",\"target\":{\"@type\":\"EntryPoint\",\"urlTemplate\":\"https:\\\/\\\/www.autojm.fr\\\/blog\\\/?s={search_term_string}\"},\"query-input\":{\"@type\":\"PropertyValueSpecification\",\"valueRequired\":true,\"valueName\":\"search_term_string\"}}],\"inLanguage\":\"fr-FR\"},{\"@type\":\"Organization\",\"@id\":\"https:\\\/\\\/www.autojm.fr\\\/blog\\\/#organization\",\"name\":\"AutoJM Mag\",\"url\":\"https:\\\/\\\/www.autojm.fr\\\/blog\\\/\",\"logo\":{\"@type\":\"ImageObject\",\"inLanguage\":\"fr-FR\",\"@id\":\"https:\\\/\\\/www.autojm.fr\\\/blog\\\/#\\\/schema\\\/logo\\\/image\\\/\",\"url\":\"https:\\\/\\\/www.autojm.fr\\\/blog\\\/wp-content\\\/uploads\\\/2022\\\/12\\\/cropped-AutoJMag-png.png\",\"contentUrl\":\"https:\\\/\\\/www.autojm.fr\\\/blog\\\/wp-content\\\/uploads\\\/2022\\\/12\\\/cropped-AutoJMag-png.png\",\"width\":2834,\"height\":585,\"caption\":\"AutoJM Mag\"},\"image\":{\"@id\":\"https:\\\/\\\/www.autojm.fr\\\/blog\\\/#\\\/schema\\\/logo\\\/image\\\/\"},\"sameAs\":[\"https:\\\/\\\/www.facebook.com\\\/AutoJM25\"]},{\"@type\":\"Person\",\"@id\":\"https:\\\/\\\/www.autojm.fr\\\/blog\\\/#\\\/schema\\\/person\\\/9742bc77541853e0de81fc57f947e1a0\",\"name\":\"Autojm\",\"image\":{\"@type\":\"ImageObject\",\"inLanguage\":\"fr-FR\",\"@id\":\"https:\\\/\\\/secure.gravatar.com\\\/avatar\\\/9a959d52b758fcc232fe4b6aca7bab139182573297122cce7d6f2ee0e537b418?s=96&d=mm&r=g\",\"url\":\"https:\\\/\\\/secure.gravatar.com\\\/avatar\\\/9a959d52b758fcc232fe4b6aca7bab139182573297122cce7d6f2ee0e537b418?s=96&d=mm&r=g\",\"contentUrl\":\"https:\\\/\\\/secure.gravatar.com\\\/avatar\\\/9a959d52b758fcc232fe4b6aca7bab139182573297122cce7d6f2ee0e537b418?s=96&d=mm&r=g\",\"caption\":\"Autojm\"},\"sameAs\":[\"https:\\\/\\\/www.autojm.fr\\\/blog\"],\"url\":\"https:\\\/\\\/www.autojm.fr\\\/blog\\\/author\\\/bichoi\\\/\"}]}<\/script>\n<!-- \/ Yoast SEO plugin. -->","yoast_head_json":{"title":"Zoom sur la nouvelle Citro\u00ebn C3 : motorisations et finitions","description":"La nouvelle C3 a fait son arriv\u00e9e sur le march\u00e9 de l'automobile courant 2016. Cette citadine au look glamour et \u00e0 la personnalisation...","robots":{"index":"index","follow":"follow","max-snippet":"max-snippet:-1","max-image-preview":"max-image-preview:large","max-video-preview":"max-video-preview:-1"},"canonical":"https:\/\/www.autojm.fr\/blog\/zoom-sur-la-nouvelle-citroen-c3-motorisations-et-finitions\/","og_locale":"fr_FR","og_type":"article","og_title":"Zoom sur la nouvelle Citro\u00ebn C3 : motorisations et finitions","og_description":"La nouvelle C3 a fait son arriv\u00e9e sur le march\u00e9 de l'automobile courant 2016. Cette citadine au look glamour et \u00e0 la personnalisation...","og_url":"https:\/\/www.autojm.fr\/blog\/zoom-sur-la-nouvelle-citroen-c3-motorisations-et-finitions\/","og_site_name":"AutoJM Mag","article_publisher":"https:\/\/www.facebook.com\/AutoJM25","article_published_time":"2017-01-27T00:00:00+00:00","article_modified_time":"2023-04-18T13:34:25+00:00","og_image":[{"width":608,"height":262,"url":"https:\/\/www.autojm.fr\/blog\/wp-content\/uploads\/2022\/10\/394.jpg","type":"image\/jpeg"}],"author":"Autojm","twitter_card":"summary_large_image","twitter_misc":{"\u00c9crit par":"Autojm","Dur\u00e9e de lecture estim\u00e9e":"3 minutes"},"schema":{"@context":"https:\/\/schema.org","@graph":[{"@type":"Article","@id":"https:\/\/www.autojm.fr\/blog\/zoom-sur-la-nouvelle-citroen-c3-motorisations-et-finitions\/#article","isPartOf":{"@id":"https:\/\/www.autojm.fr\/blog\/zoom-sur-la-nouvelle-citroen-c3-motorisations-et-finitions\/"},"author":{"name":"Autojm","@id":"https:\/\/www.autojm.fr\/blog\/#\/schema\/person\/9742bc77541853e0de81fc57f947e1a0"},"headline":"Zoom sur la nouvelle Citro\u00ebn C3 : motorisations et finitions","datePublished":"2017-01-27T00:00:00+00:00","dateModified":"2023-04-18T13:34:25+00:00","mainEntityOfPage":{"@id":"https:\/\/www.autojm.fr\/blog\/zoom-sur-la-nouvelle-citroen-c3-motorisations-et-finitions\/"},"wordCount":627,"commentCount":0,"publisher":{"@id":"https:\/\/www.autojm.fr\/blog\/#organization"},"image":{"@id":"https:\/\/www.autojm.fr\/blog\/zoom-sur-la-nouvelle-citroen-c3-motorisations-et-finitions\/#primaryimage"},"thumbnailUrl":"https:\/\/www.autojm.fr\/blog\/wp-content\/uploads\/2022\/10\/394.jpg","keywords":["autojm","citroen","Nouvelle Citro\u00ebn C3"],"articleSection":["Nouveaut\u00e9 Citro\u00ebn","Nouveaut\u00e9s Autos"],"inLanguage":"fr-FR","potentialAction":[{"@type":"CommentAction","name":"Comment","target":["https:\/\/www.autojm.fr\/blog\/zoom-sur-la-nouvelle-citroen-c3-motorisations-et-finitions\/#respond"]}]},{"@type":"WebPage","@id":"https:\/\/www.autojm.fr\/blog\/zoom-sur-la-nouvelle-citroen-c3-motorisations-et-finitions\/","url":"https:\/\/www.autojm.fr\/blog\/zoom-sur-la-nouvelle-citroen-c3-motorisations-et-finitions\/","name":"Zoom sur la nouvelle Citro\u00ebn C3 : motorisations et finitions","isPartOf":{"@id":"https:\/\/www.autojm.fr\/blog\/#website"},"primaryImageOfPage":{"@id":"https:\/\/www.autojm.fr\/blog\/zoom-sur-la-nouvelle-citroen-c3-motorisations-et-finitions\/#primaryimage"},"image":{"@id":"https:\/\/www.autojm.fr\/blog\/zoom-sur-la-nouvelle-citroen-c3-motorisations-et-finitions\/#primaryimage"},"thumbnailUrl":"https:\/\/www.autojm.fr\/blog\/wp-content\/uploads\/2022\/10\/394.jpg","datePublished":"2017-01-27T00:00:00+00:00","dateModified":"2023-04-18T13:34:25+00:00","description":"La nouvelle C3 a fait son arriv\u00e9e sur le march\u00e9 de l'automobile courant 2016. Cette citadine au look glamour et \u00e0 la personnalisation...","breadcrumb":{"@id":"https:\/\/www.autojm.fr\/blog\/zoom-sur-la-nouvelle-citroen-c3-motorisations-et-finitions\/#breadcrumb"},"inLanguage":"fr-FR","potentialAction":[{"@type":"ReadAction","target":["https:\/\/www.autojm.fr\/blog\/zoom-sur-la-nouvelle-citroen-c3-motorisations-et-finitions\/"]}]},{"@type":"ImageObject","inLanguage":"fr-FR","@id":"https:\/\/www.autojm.fr\/blog\/zoom-sur-la-nouvelle-citroen-c3-motorisations-et-finitions\/#primaryimage","url":"https:\/\/www.autojm.fr\/blog\/wp-content\/uploads\/2022\/10\/394.jpg","contentUrl":"https:\/\/www.autojm.fr\/blog\/wp-content\/uploads\/2022\/10\/394.jpg","width":608,"height":262,"caption":"Nouvelle Citro\u00ebn C3"},{"@type":"BreadcrumbList","@id":"https:\/\/www.autojm.fr\/blog\/zoom-sur-la-nouvelle-citroen-c3-motorisations-et-finitions\/#breadcrumb","itemListElement":[{"@type":"ListItem","position":1,"name":"Accueil","item":"https:\/\/www.autojm.fr\/blog\/"},{"@type":"ListItem","position":2,"name":"Nouveaut\u00e9s Autos","item":"https:\/\/www.autojm.fr\/blog\/nouveautes-autos\/"},{"@type":"ListItem","position":3,"name":"Zoom sur la nouvelle Citro\u00ebn C3 : motorisations et finitions"}]},{"@type":"WebSite","@id":"https:\/\/www.autojm.fr\/blog\/#website","url":"https:\/\/www.autojm.fr\/blog\/","name":"AutoJM Mag","description":"Toute l&#039;actu auto en 1 clic !","publisher":{"@id":"https:\/\/www.autojm.fr\/blog\/#organization"},"potentialAction":[{"@type":"SearchAction","target":{"@type":"EntryPoint","urlTemplate":"https:\/\/www.autojm.fr\/blog\/?s={search_term_string}"},"query-input":{"@type":"PropertyValueSpecification","valueRequired":true,"valueName":"search_term_string"}}],"inLanguage":"fr-FR"},{"@type":"Organization","@id":"https:\/\/www.autojm.fr\/blog\/#organization","name":"AutoJM Mag","url":"https:\/\/www.autojm.fr\/blog\/","logo":{"@type":"ImageObject","inLanguage":"fr-FR","@id":"https:\/\/www.autojm.fr\/blog\/#\/schema\/logo\/image\/","url":"https:\/\/www.autojm.fr\/blog\/wp-content\/uploads\/2022\/12\/cropped-AutoJMag-png.png","contentUrl":"https:\/\/www.autojm.fr\/blog\/wp-content\/uploads\/2022\/12\/cropped-AutoJMag-png.png","width":2834,"height":585,"caption":"AutoJM Mag"},"image":{"@id":"https:\/\/www.autojm.fr\/blog\/#\/schema\/logo\/image\/"},"sameAs":["https:\/\/www.facebook.com\/AutoJM25"]},{"@type":"Person","@id":"https:\/\/www.autojm.fr\/blog\/#\/schema\/person\/9742bc77541853e0de81fc57f947e1a0","name":"Autojm","image":{"@type":"ImageObject","inLanguage":"fr-FR","@id":"https:\/\/secure.gravatar.com\/avatar\/9a959d52b758fcc232fe4b6aca7bab139182573297122cce7d6f2ee0e537b418?s=96&d=mm&r=g","url":"https:\/\/secure.gravatar.com\/avatar\/9a959d52b758fcc232fe4b6aca7bab139182573297122cce7d6f2ee0e537b418?s=96&d=mm&r=g","contentUrl":"https:\/\/secure.gravatar.com\/avatar\/9a959d52b758fcc232fe4b6aca7bab139182573297122cce7d6f2ee0e537b418?s=96&d=mm&r=g","caption":"Autojm"},"sameAs":["https:\/\/www.autojm.fr\/blog"],"url":"https:\/\/www.autojm.fr\/blog\/author\/bichoi\/"}]}},"_links":{"self":[{"href":"https:\/\/www.autojm.fr\/blog\/wp-json\/wp\/v2\/posts\/3671","targetHints":{"allow":["GET"]}}],"collection":[{"href":"https:\/\/www.autojm.fr\/blog\/wp-json\/wp\/v2\/posts"}],"about":[{"href":"https:\/\/www.autojm.fr\/blog\/wp-json\/wp\/v2\/types\/post"}],"author":[{"embeddable":true,"href":"https:\/\/www.autojm.fr\/blog\/wp-json\/wp\/v2\/users\/1"}],"replies":[{"embeddable":true,"href":"https:\/\/www.autojm.fr\/blog\/wp-json\/wp\/v2\/comments?post=3671"}],"version-history":[{"count":4,"href":"https:\/\/www.autojm.fr\/blog\/wp-json\/wp\/v2\/posts\/3671\/revisions"}],"predecessor-version":[{"id":9359,"href":"https:\/\/www.autojm.fr\/blog\/wp-json\/wp\/v2\/posts\/3671\/revisions\/9359"}],"wp:featuredmedia":[{"embeddable":true,"href":"https:\/\/www.autojm.fr\/blog\/wp-json\/wp\/v2\/media\/5731"}],"wp:attachment":[{"href":"https:\/\/www.autojm.fr\/blog\/wp-json\/wp\/v2\/media?parent=3671"}],"wp:term":[{"taxonomy":"category","embeddable":true,"href":"https:\/\/www.autojm.fr\/blog\/wp-json\/wp\/v2\/categories?post=3671"},{"taxonomy":"post_tag","embeddable":true,"href":"https:\/\/www.autojm.fr\/blog\/wp-json\/wp\/v2\/tags?post=3671"}],"curies":[{"name":"wp","href":"https:\/\/api.w.org\/{rel}","templated":true}]}}