{"id":3670,"date":"2017-01-25T00:00:00","date_gmt":"2017-01-25T00:00:00","guid":{"rendered":"https:\/\/www.autojm.fr\/blog\/citroen-space-tourer-vs-peugeot-traveller-les-combis-jumeaux\/"},"modified":"2023-09-15T09:54:02","modified_gmt":"2023-09-15T09:54:02","slug":"citroen-space-tourer-vs-peugeot-traveller-les-combis-jumeaux","status":"publish","type":"post","link":"https:\/\/www.autojm.fr\/blog\/citroen-space-tourer-vs-peugeot-traveller-les-combis-jumeaux\/","title":{"rendered":"Citro\u00ebn Spacetourer VS Peugeot Traveller : les combis jumeaux"},"content":{"rendered":"<p dir=\"ltr\" style=\"line-height: 1.38; margin-top: 0pt; margin-bottom: 0pt; text-align: justify;\"><span style=\"color: #000000; font-family: Arial; font-size: 16px; line-height: 1.38; white-space: pre-wrap; background-color: transparent;\">Le moins que l&rsquo;on puisse dire, c&rsquo;est que ces deux mod\u00e8les ont r\u00e9volutionn\u00e9 les vans : autrefois ax\u00e9s sur le c\u00f4t\u00e9 utile et fonctionnel, ils mettent aujourd&rsquo;hui en avant d&rsquo;autres atouts tels que le confort ou encore les nouvelles technologies. D&rsquo;apparence, chacun a un visage bien distinct\u2026 Et pourtant, il semblerait qu&rsquo;ils aient \u00e9t\u00e9 fabriqu\u00e9 et \u00e9quip\u00e9 de la m\u00eame mani\u00e8re. Que peut-on dire de ces deux v\u00e9hicules ? <\/span><\/p>\n<p dir=\"ltr\" style=\"line-height: 1.38; margin-top: 0pt; margin-bottom: 0pt; text-align: justify;\"><span id=\"docs-internal-guid-fe459f97-d635-92ff-0463-01f1a9e8c7c5\"><span style=\"font-size: 16px; font-family: Arial; color: #000000; vertical-align: baseline; white-space: pre-wrap; background-color: transparent;\">Tout d&rsquo;abord, ce qui le diff\u00e9rencie des autres v\u00e9hicules de PSA, Ils peuvent accueillir tous deux j<\/span><span style=\"font-size: 16px; font-family: Arial; color: #000000; text-decoration: underline; vertical-align: baseline; white-space: pre-wrap; background-color: transparent;\">usqu&rsquo;\u00e0 9 passagers<\/span><span style=\"font-size: 16px; font-family: Arial; color: #000000; vertical-align: baseline; white-space: pre-wrap; background-color: transparent;\"> dans les versions longues. <\/span><\/span><\/p>\n<p dir=\"ltr\" style=\"line-height: 1.38; margin-top: 0pt; margin-bottom: 0pt; text-align: justify;\"><span id=\"docs-internal-guid-fe459f97-d635-92ff-0463-01f1a9e8c7c5\"><span style=\"font-size: 16px; font-family: Arial; color: #000000; vertical-align: baseline; white-space: pre-wrap; background-color: transparent;\">L\u00e0 ou le <\/span><a href=\"https:\/\/www.autojm.fr\/achat-voitures-neuves-peugeot-traveller-4p\"><span style=\"font-size: 16px; font-family: Arial; color: #1155cc; text-decoration: underline; vertical-align: baseline; white-space: pre-wrap; background-color: transparent;\">Combi Peugeot<\/span><\/a><span style=\"font-size: 16px; font-family: Arial; color: #000000; vertical-align: baseline; white-space: pre-wrap; background-color: transparent;\"> se distingue par une face avant plus marqu\u00e9e, <\/span><span style=\"font-size: 16px; font-family: Arial; color: #000000; font-weight: bold; vertical-align: baseline; white-space: pre-wrap; background-color: transparent;\">une calandre chrom\u00e9e<\/span><span style=\"font-size: 16px; font-family: Arial; color: #000000; vertical-align: baseline; white-space: pre-wrap; background-color: transparent;\"> plus petite et un visage plus agressif, le van de Citro\u00ebn reste <\/span><\/span><span style=\"font-size: 16px; font-family: Arial; color: #000000; vertical-align: baseline; white-space: pre-wrap; background-color: transparent;\">dans le classique, un visage \u00e9l\u00e9gant un br<\/span><span style=\"font-size: 16px; font-family: Arial; color: #000000; vertical-align: baseline; white-space: pre-wrap; background-color: transparent;\">in futuriste avec les feux plus \u00e9loign\u00e9s. Les deux v\u00e9hicules sont compos\u00e9 de feux diurnes \u00e0 LED, lunette arri\u00e8re ouvrante, toit vitr\u00e9 panoramique s\u00e9par\u00e9 en 2 parties et de larges surfaces vitr\u00e9es. Les deux mod\u00e8les sont con\u00e7us sur la m\u00eame base, avec les m\u00eames longueurs (<strong>4,60-5,30 m\u00e8tres<\/strong>) et la m\u00eame largeur (<\/span><span style=\"font-size: 16px; font-family: Arial; color: #000000; font-weight: bold; vertical-align: baseline; white-space: pre-wrap; background-color: transparent;\">1,92 m\u00e8tres<\/span><span style=\"font-size: 16px; font-family: Arial; color: #000000; vertical-align: baseline; white-space: pre-wrap; background-color: transparent;\">). La hauteur est \u00e9galement la m\u00eame, <\/span><span style=\"font-size: 16px; font-family: Arial; color: #000000; font-weight: bold; vertical-align: baseline; white-space: pre-wrap; background-color: transparent;\">1,90 m<\/span><span style=\"font-size: 16px; font-family: Arial; color: #000000; font-weight: bold; vertical-align: baseline; white-space: pre-wrap; background-color: transparent;\">\u00e8tres<\/span><span style=\"font-size: 16px; font-family: Arial; color: #000000; vertical-align: baseline; white-space: pre-wrap; background-color: transparent;\"> et l&rsquo;espace \u00e0 bord et tout aussi satisfaisant dans le combispace de la marque au<\/span><span style=\"color: #000000; font-family: Arial; font-size: 16px; white-space: pre-wrap; line-height: 1.38; background-color: transparent;\"> lion que dans celui de la marque aux chevrons.<\/span><\/p>\n<p dir=\"ltr\" style=\"line-height: 1.38; margin-top: 0pt; margin-bottom: 0pt; text-align: justify;\"><span id=\"docs-internal-guid-fe459f97-d635-92ff-0463-01f1a9e8c7c5\"><span style=\"font-size: 16px; font-family: Arial; color: #000000; vertical-align: baseline; white-space: pre-wrap; background-color: transparent;\">\u00c0 l&rsquo;int\u00e9rieur, on retrouve deux tableaux de bord distincts par leur style : l\u00e0 encore, le Spacetourer se veut plus \u00e9pur\u00e9 et classique, alors que le Traveller semble plus high-tech et moderne. Cependant, on y retrouve les m\u00eames \u00e9l\u00e9ments : touche d&rsquo;acc\u00e8s du grip control, cadrans graphiques et moderne, \u00e9cran tactile 7 pouces\u2026 Ce dernier permet d&rsquo;acc\u00e9der \u00e0 un maximum de fonctions comme la radio ou encore le mirror screen. La navigation 3D connect\u00e9e et la reconnaissance vocale permettent l&rsquo;utilisation de la tablette tout en conservant une attention optimale sur la route. <\/span><\/span><\/p>\n<p dir=\"ltr\" style=\"line-height: 1.38; margin-top: 0pt; margin-bottom: 0pt; text-align: justify;\"><span id=\"docs-internal-guid-fe459f97-d635-92ff-0463-01f1a9e8c7c5\"><span style=\"font-size: 16px; font-family: Arial; color: #000000; vertical-align: baseline; white-space: pre-wrap; background-color: transparent;\">Dans ces deux v\u00e9hicules, <\/span><span style=\"font-size: 16px; font-family: Arial; color: #000000; font-weight: bold; vertical-align: baseline; white-space: pre-wrap; background-color: transparent;\">les passagers du rang 2<\/span><span style=\"font-size: 16px; font-family: Arial; color: #000000; vertical-align: baseline; white-space: pre-wrap; background-color: transparent;\"> pourront b\u00e9n\u00e9ficier d&rsquo;une banquette en 2\/3 1\/3 avec des si\u00e8ges coulissants et tout confort. Le conducteur, quant \u00e0 lui, b\u00e9n\u00e9ficie d&rsquo;une position de conduite sur\u00e9lev\u00e9e, qui, s&rsquo;ajoutant au pare-brise large, offre une vision optimal pour un confort et une s\u00e9curit\u00e9 ind\u00e9niable.<\/span><br class=\"kix-line-break\" \/><span style=\"font-size: 16px; font-family: Arial; color: #000000; vertical-align: baseline; white-space: pre-wrap; background-color: transparent;\">Le plus des deux mod\u00e8les, c&rsquo;est l&rsquo;acc\u00e8s et d\u00e9marrage mains-libres, et les <\/span><span style=\"font-size: 16px; font-family: Arial; color: #000000; font-weight: bold; vertical-align: baseline; white-space: pre-wrap; background-color: transparent;\">portes lat\u00e9rales coulissantes mains-libres<\/span><span style=\"font-size: 16px; font-family: Arial; color: #000000; vertical-align: baseline; white-space: pre-wrap; background-color: transparent;\">. Plus besoin de chercher ses cl\u00e9s pendant des heures ni d&rsquo;ouvrir les portes et perdre du temps : tout est mis en oeuvre pour une utilisation facilit\u00e9e. <\/span><\/span><\/p>\n<p dir=\"ltr\" style=\"line-height: 1.38; margin-top: 0pt; margin-bottom: 0pt; text-align: justify;\"><span id=\"docs-internal-guid-fe459f97-d635-92ff-0463-01f1a9e8c7c5\"><span style=\"font-size: 16px; font-family: Arial; color: #000000; vertical-align: baseline; white-space: pre-wrap; background-color: transparent;\">Enfin, des fonctions d&rsquo;aides \u00e0 la conduite viennent clore la liste des atouts de ces deux mod\u00e8les. Comme pour le reste, elles sont communes au <\/span><span style=\"font-size: 16px; font-family: Arial; color: #000000; font-weight: bold; vertical-align: baseline; white-space: pre-wrap; background-color: transparent;\">Peugeot Traveller <\/span><span style=\"font-size: 16px; font-family: Arial; color: #000000; vertical-align: baseline; white-space: pre-wrap; background-color: transparent;\">et au<\/span><span style=\"font-size: 16px; font-family: Arial; color: #000000; font-weight: bold; vertical-align: baseline; white-space: pre-wrap; background-color: transparent;\"> Citro\u00ebn Spacetourer<\/span><span style=\"font-size: 16px; font-family: Arial; color: #000000; vertical-align: baseline; white-space: pre-wrap; background-color: transparent;\">. Les conducteurs disposent de l&rsquo;avertisseur de temps de conduite, l&rsquo;alerte attention conducteur, la surveillance des angles morts, l&rsquo;alerte au franchissement involontaire de ligne, l&rsquo;alerte distance et le r\u00e9gulateur-limiteur de vitesse adaptatif. De quoi rassurer tous les passagers pour un voyage en tout s\u00e9r\u00e9nit\u00e9.<\/span><\/span><\/p>\n<p dir=\"ltr\" style=\"line-height: 1.38; margin-top: 0pt; margin-bottom: 0pt; text-align: justify;\"><span id=\"docs-internal-guid-fe459f97-d635-92ff-0463-01f1a9e8c7c5\"><span style=\"font-size: 16px; font-family: Arial; color: #000000; vertical-align: baseline; white-space: pre-wrap; background-color: transparent;\">Vous l&rsquo;aurez compris, la pr\u00e9f\u00e9rence se portera plus sur l&rsquo;aspect physique que sur les \u00e9quipements. Ils se partagent les m\u00eames aides \u00e0 la conduites, m\u00eame tablette tactile, m\u00eame syst\u00e8me audio, m\u00eame banquette arri\u00e8re et m\u00eame toit panoramique. <\/span><\/span><\/p>\n<p style=\"text-align: justify;\"><span id=\"docs-internal-guid-fe459f97-d635-92ff-0463-01f1a9e8c7c5\"><span style=\"font-size: 16px; font-family: Arial; color: #000000; font-weight: bold; vertical-align: baseline; white-space: pre-wrap; background-color: transparent;\">Ces deux mod\u00e8les savent allier confort, espace, luminosit\u00e9 et haute technologie \u00e0 la perfection. Et vous, pour lequel allez-vous craquer ?<\/span><\/span><\/p>\n","protected":false},"excerpt":{"rendered":"<p>Le moins que l&rsquo;on puisse dire, c&rsquo;est que ces deux mod\u00e8les ont r\u00e9volutionn\u00e9 les vans : autrefois ax\u00e9s sur le c\u00f4t\u00e9 utile et fonctionnel, ils mettent aujourd&rsquo;hui en avant d&rsquo;autres atouts tels que le confort ou encore les nouvelles technologies. D&rsquo;apparence, chacun a un visage bien distinct\u2026 Et pourtant, il semblerait qu&rsquo;ils aient \u00e9t\u00e9 fabriqu\u00e9 et \u00e9quip\u00e9 de la m\u00eame mani\u00e8re. Que peut-on dire de ces deux v\u00e9hicules ? <\/p>\n","protected":false},"author":1,"featured_media":5730,"comment_status":"open","ping_status":"open","sticky":false,"template":"","format":"standard","meta":{"_acf_changed":false,"content-type":"","footnotes":""},"categories":[53],"tags":[90,85,199,73,168],"class_list":["post-3670","post","type-post","status-publish","format-standard","has-post-thumbnail","hentry","category-comparatifs","tag-autojm","tag-citroen-2","tag-citroen-spacetourer","tag-peugeot","tag-peugeot-traveller"],"acf":[],"yoast_head":"<!-- This site is optimized with the Yoast SEO plugin v27.5 - https:\/\/yoast.com\/product\/yoast-seo-wordpress\/ -->\n<title>Citro\u00ebn Spacetourer VS Peugeot Traveller : les combis jumeaux<\/title>\n<meta name=\"description\" content=\"Le moins que l&#039;on puisse dire, c&#039;est que ces deux mod\u00e8les ont r\u00e9volutionn\u00e9 les vans : autrefois ax\u00e9s sur le c\u00f4t\u00e9 utile et fonctionnel, ils...\" \/>\n<meta name=\"robots\" content=\"index, follow, max-snippet:-1, max-image-preview:large, max-video-preview:-1\" \/>\n<link rel=\"canonical\" href=\"https:\/\/www.autojm.fr\/blog\/citroen-space-tourer-vs-peugeot-traveller-les-combis-jumeaux\/\" \/>\n<meta property=\"og:locale\" content=\"fr_FR\" \/>\n<meta property=\"og:type\" content=\"article\" \/>\n<meta property=\"og:title\" content=\"Citro\u00ebn Spacetourer VS Peugeot Traveller : les combis jumeaux\" \/>\n<meta property=\"og:description\" content=\"Le moins que l&#039;on puisse dire, c&#039;est que ces deux mod\u00e8les ont r\u00e9volutionn\u00e9 les vans : autrefois ax\u00e9s sur le c\u00f4t\u00e9 utile et fonctionnel, ils...\" \/>\n<meta property=\"og:url\" content=\"https:\/\/www.autojm.fr\/blog\/citroen-space-tourer-vs-peugeot-traveller-les-combis-jumeaux\/\" \/>\n<meta property=\"og:site_name\" content=\"AutoJM Mag\" \/>\n<meta property=\"article:publisher\" content=\"https:\/\/www.facebook.com\/AutoJM25\" \/>\n<meta property=\"article:published_time\" content=\"2017-01-25T00:00:00+00:00\" \/>\n<meta property=\"article:modified_time\" content=\"2023-09-15T09:54:02+00:00\" \/>\n<meta property=\"og:image\" content=\"https:\/\/www.autojm.fr\/blog\/wp-content\/uploads\/2022\/10\/393.jpg\" \/>\n\t<meta property=\"og:image:width\" content=\"1194\" \/>\n\t<meta property=\"og:image:height\" content=\"741\" \/>\n\t<meta property=\"og:image:type\" content=\"image\/jpeg\" \/>\n<meta name=\"author\" content=\"Autojm\" \/>\n<meta name=\"twitter:card\" content=\"summary_large_image\" \/>\n<meta name=\"twitter:label1\" content=\"\u00c9crit par\" \/>\n\t<meta name=\"twitter:data1\" content=\"Autojm\" \/>\n\t<meta name=\"twitter:label2\" content=\"Dur\u00e9e de lecture estim\u00e9e\" \/>\n\t<meta name=\"twitter:data2\" content=\"3 minutes\" \/>\n<script type=\"application\/ld+json\" class=\"yoast-schema-graph\">{\"@context\":\"https:\\\/\\\/schema.org\",\"@graph\":[{\"@type\":\"Article\",\"@id\":\"https:\\\/\\\/www.autojm.fr\\\/blog\\\/citroen-space-tourer-vs-peugeot-traveller-les-combis-jumeaux\\\/#article\",\"isPartOf\":{\"@id\":\"https:\\\/\\\/www.autojm.fr\\\/blog\\\/citroen-space-tourer-vs-peugeot-traveller-les-combis-jumeaux\\\/\"},\"author\":{\"name\":\"Autojm\",\"@id\":\"https:\\\/\\\/www.autojm.fr\\\/blog\\\/#\\\/schema\\\/person\\\/9742bc77541853e0de81fc57f947e1a0\"},\"headline\":\"Citro\u00ebn Spacetourer VS Peugeot Traveller : les combis jumeaux\",\"datePublished\":\"2017-01-25T00:00:00+00:00\",\"dateModified\":\"2023-09-15T09:54:02+00:00\",\"mainEntityOfPage\":{\"@id\":\"https:\\\/\\\/www.autojm.fr\\\/blog\\\/citroen-space-tourer-vs-peugeot-traveller-les-combis-jumeaux\\\/\"},\"wordCount\":582,\"commentCount\":0,\"publisher\":{\"@id\":\"https:\\\/\\\/www.autojm.fr\\\/blog\\\/#organization\"},\"image\":{\"@id\":\"https:\\\/\\\/www.autojm.fr\\\/blog\\\/citroen-space-tourer-vs-peugeot-traveller-les-combis-jumeaux\\\/#primaryimage\"},\"thumbnailUrl\":\"https:\\\/\\\/www.autojm.fr\\\/blog\\\/wp-content\\\/uploads\\\/2022\\\/10\\\/393.jpg\",\"keywords\":[\"autojm\",\"Citro\u00ebn\",\"Citro\u00ebn Spacetourer\",\"peugeot\",\"Peugeot Traveller\"],\"articleSection\":[\"Comparatifs\"],\"inLanguage\":\"fr-FR\",\"potentialAction\":[{\"@type\":\"CommentAction\",\"name\":\"Comment\",\"target\":[\"https:\\\/\\\/www.autojm.fr\\\/blog\\\/citroen-space-tourer-vs-peugeot-traveller-les-combis-jumeaux\\\/#respond\"]}]},{\"@type\":\"WebPage\",\"@id\":\"https:\\\/\\\/www.autojm.fr\\\/blog\\\/citroen-space-tourer-vs-peugeot-traveller-les-combis-jumeaux\\\/\",\"url\":\"https:\\\/\\\/www.autojm.fr\\\/blog\\\/citroen-space-tourer-vs-peugeot-traveller-les-combis-jumeaux\\\/\",\"name\":\"Citro\u00ebn Spacetourer VS Peugeot Traveller : les combis jumeaux\",\"isPartOf\":{\"@id\":\"https:\\\/\\\/www.autojm.fr\\\/blog\\\/#website\"},\"primaryImageOfPage\":{\"@id\":\"https:\\\/\\\/www.autojm.fr\\\/blog\\\/citroen-space-tourer-vs-peugeot-traveller-les-combis-jumeaux\\\/#primaryimage\"},\"image\":{\"@id\":\"https:\\\/\\\/www.autojm.fr\\\/blog\\\/citroen-space-tourer-vs-peugeot-traveller-les-combis-jumeaux\\\/#primaryimage\"},\"thumbnailUrl\":\"https:\\\/\\\/www.autojm.fr\\\/blog\\\/wp-content\\\/uploads\\\/2022\\\/10\\\/393.jpg\",\"datePublished\":\"2017-01-25T00:00:00+00:00\",\"dateModified\":\"2023-09-15T09:54:02+00:00\",\"description\":\"Le moins que l'on puisse dire, c'est que ces deux mod\u00e8les ont r\u00e9volutionn\u00e9 les vans : autrefois ax\u00e9s sur le c\u00f4t\u00e9 utile et fonctionnel, ils...\",\"breadcrumb\":{\"@id\":\"https:\\\/\\\/www.autojm.fr\\\/blog\\\/citroen-space-tourer-vs-peugeot-traveller-les-combis-jumeaux\\\/#breadcrumb\"},\"inLanguage\":\"fr-FR\",\"potentialAction\":[{\"@type\":\"ReadAction\",\"target\":[\"https:\\\/\\\/www.autojm.fr\\\/blog\\\/citroen-space-tourer-vs-peugeot-traveller-les-combis-jumeaux\\\/\"]}]},{\"@type\":\"ImageObject\",\"inLanguage\":\"fr-FR\",\"@id\":\"https:\\\/\\\/www.autojm.fr\\\/blog\\\/citroen-space-tourer-vs-peugeot-traveller-les-combis-jumeaux\\\/#primaryimage\",\"url\":\"https:\\\/\\\/www.autojm.fr\\\/blog\\\/wp-content\\\/uploads\\\/2022\\\/10\\\/393.jpg\",\"contentUrl\":\"https:\\\/\\\/www.autojm.fr\\\/blog\\\/wp-content\\\/uploads\\\/2022\\\/10\\\/393.jpg\",\"width\":1194,\"height\":741,\"caption\":\"Citro\u00ebn Spacetourer VS Peugeot Traveller\"},{\"@type\":\"BreadcrumbList\",\"@id\":\"https:\\\/\\\/www.autojm.fr\\\/blog\\\/citroen-space-tourer-vs-peugeot-traveller-les-combis-jumeaux\\\/#breadcrumb\",\"itemListElement\":[{\"@type\":\"ListItem\",\"position\":1,\"name\":\"Accueil\",\"item\":\"https:\\\/\\\/www.autojm.fr\\\/blog\\\/\"},{\"@type\":\"ListItem\",\"position\":2,\"name\":\"Comparatifs\",\"item\":\"https:\\\/\\\/www.autojm.fr\\\/blog\\\/comparatifs\\\/\"},{\"@type\":\"ListItem\",\"position\":3,\"name\":\"Citro\u00ebn Spacetourer VS Peugeot Traveller : les combis jumeaux\"}]},{\"@type\":\"WebSite\",\"@id\":\"https:\\\/\\\/www.autojm.fr\\\/blog\\\/#website\",\"url\":\"https:\\\/\\\/www.autojm.fr\\\/blog\\\/\",\"name\":\"AutoJM Mag\",\"description\":\"Toute l&#039;actu auto en 1 clic !\",\"publisher\":{\"@id\":\"https:\\\/\\\/www.autojm.fr\\\/blog\\\/#organization\"},\"potentialAction\":[{\"@type\":\"SearchAction\",\"target\":{\"@type\":\"EntryPoint\",\"urlTemplate\":\"https:\\\/\\\/www.autojm.fr\\\/blog\\\/?s={search_term_string}\"},\"query-input\":{\"@type\":\"PropertyValueSpecification\",\"valueRequired\":true,\"valueName\":\"search_term_string\"}}],\"inLanguage\":\"fr-FR\"},{\"@type\":\"Organization\",\"@id\":\"https:\\\/\\\/www.autojm.fr\\\/blog\\\/#organization\",\"name\":\"AutoJM Mag\",\"url\":\"https:\\\/\\\/www.autojm.fr\\\/blog\\\/\",\"logo\":{\"@type\":\"ImageObject\",\"inLanguage\":\"fr-FR\",\"@id\":\"https:\\\/\\\/www.autojm.fr\\\/blog\\\/#\\\/schema\\\/logo\\\/image\\\/\",\"url\":\"https:\\\/\\\/www.autojm.fr\\\/blog\\\/wp-content\\\/uploads\\\/2022\\\/12\\\/cropped-AutoJMag-png.png\",\"contentUrl\":\"https:\\\/\\\/www.autojm.fr\\\/blog\\\/wp-content\\\/uploads\\\/2022\\\/12\\\/cropped-AutoJMag-png.png\",\"width\":2834,\"height\":585,\"caption\":\"AutoJM Mag\"},\"image\":{\"@id\":\"https:\\\/\\\/www.autojm.fr\\\/blog\\\/#\\\/schema\\\/logo\\\/image\\\/\"},\"sameAs\":[\"https:\\\/\\\/www.facebook.com\\\/AutoJM25\"]},{\"@type\":\"Person\",\"@id\":\"https:\\\/\\\/www.autojm.fr\\\/blog\\\/#\\\/schema\\\/person\\\/9742bc77541853e0de81fc57f947e1a0\",\"name\":\"Autojm\",\"image\":{\"@type\":\"ImageObject\",\"inLanguage\":\"fr-FR\",\"@id\":\"https:\\\/\\\/secure.gravatar.com\\\/avatar\\\/9a959d52b758fcc232fe4b6aca7bab139182573297122cce7d6f2ee0e537b418?s=96&d=mm&r=g\",\"url\":\"https:\\\/\\\/secure.gravatar.com\\\/avatar\\\/9a959d52b758fcc232fe4b6aca7bab139182573297122cce7d6f2ee0e537b418?s=96&d=mm&r=g\",\"contentUrl\":\"https:\\\/\\\/secure.gravatar.com\\\/avatar\\\/9a959d52b758fcc232fe4b6aca7bab139182573297122cce7d6f2ee0e537b418?s=96&d=mm&r=g\",\"caption\":\"Autojm\"},\"sameAs\":[\"https:\\\/\\\/www.autojm.fr\\\/blog\"],\"url\":\"https:\\\/\\\/www.autojm.fr\\\/blog\\\/author\\\/bichoi\\\/\"}]}<\/script>\n<!-- \/ Yoast SEO plugin. -->","yoast_head_json":{"title":"Citro\u00ebn Spacetourer VS Peugeot Traveller : les combis jumeaux","description":"Le moins que l'on puisse dire, c'est que ces deux mod\u00e8les ont r\u00e9volutionn\u00e9 les vans : autrefois ax\u00e9s sur le c\u00f4t\u00e9 utile et fonctionnel, ils...","robots":{"index":"index","follow":"follow","max-snippet":"max-snippet:-1","max-image-preview":"max-image-preview:large","max-video-preview":"max-video-preview:-1"},"canonical":"https:\/\/www.autojm.fr\/blog\/citroen-space-tourer-vs-peugeot-traveller-les-combis-jumeaux\/","og_locale":"fr_FR","og_type":"article","og_title":"Citro\u00ebn Spacetourer VS Peugeot Traveller : les combis jumeaux","og_description":"Le moins que l'on puisse dire, c'est que ces deux mod\u00e8les ont r\u00e9volutionn\u00e9 les vans : autrefois ax\u00e9s sur le c\u00f4t\u00e9 utile et fonctionnel, ils...","og_url":"https:\/\/www.autojm.fr\/blog\/citroen-space-tourer-vs-peugeot-traveller-les-combis-jumeaux\/","og_site_name":"AutoJM Mag","article_publisher":"https:\/\/www.facebook.com\/AutoJM25","article_published_time":"2017-01-25T00:00:00+00:00","article_modified_time":"2023-09-15T09:54:02+00:00","og_image":[{"width":1194,"height":741,"url":"https:\/\/www.autojm.fr\/blog\/wp-content\/uploads\/2022\/10\/393.jpg","type":"image\/jpeg"}],"author":"Autojm","twitter_card":"summary_large_image","twitter_misc":{"\u00c9crit par":"Autojm","Dur\u00e9e de lecture estim\u00e9e":"3 minutes"},"schema":{"@context":"https:\/\/schema.org","@graph":[{"@type":"Article","@id":"https:\/\/www.autojm.fr\/blog\/citroen-space-tourer-vs-peugeot-traveller-les-combis-jumeaux\/#article","isPartOf":{"@id":"https:\/\/www.autojm.fr\/blog\/citroen-space-tourer-vs-peugeot-traveller-les-combis-jumeaux\/"},"author":{"name":"Autojm","@id":"https:\/\/www.autojm.fr\/blog\/#\/schema\/person\/9742bc77541853e0de81fc57f947e1a0"},"headline":"Citro\u00ebn Spacetourer VS Peugeot Traveller : les combis jumeaux","datePublished":"2017-01-25T00:00:00+00:00","dateModified":"2023-09-15T09:54:02+00:00","mainEntityOfPage":{"@id":"https:\/\/www.autojm.fr\/blog\/citroen-space-tourer-vs-peugeot-traveller-les-combis-jumeaux\/"},"wordCount":582,"commentCount":0,"publisher":{"@id":"https:\/\/www.autojm.fr\/blog\/#organization"},"image":{"@id":"https:\/\/www.autojm.fr\/blog\/citroen-space-tourer-vs-peugeot-traveller-les-combis-jumeaux\/#primaryimage"},"thumbnailUrl":"https:\/\/www.autojm.fr\/blog\/wp-content\/uploads\/2022\/10\/393.jpg","keywords":["autojm","Citro\u00ebn","Citro\u00ebn Spacetourer","peugeot","Peugeot Traveller"],"articleSection":["Comparatifs"],"inLanguage":"fr-FR","potentialAction":[{"@type":"CommentAction","name":"Comment","target":["https:\/\/www.autojm.fr\/blog\/citroen-space-tourer-vs-peugeot-traveller-les-combis-jumeaux\/#respond"]}]},{"@type":"WebPage","@id":"https:\/\/www.autojm.fr\/blog\/citroen-space-tourer-vs-peugeot-traveller-les-combis-jumeaux\/","url":"https:\/\/www.autojm.fr\/blog\/citroen-space-tourer-vs-peugeot-traveller-les-combis-jumeaux\/","name":"Citro\u00ebn Spacetourer VS Peugeot Traveller : les combis jumeaux","isPartOf":{"@id":"https:\/\/www.autojm.fr\/blog\/#website"},"primaryImageOfPage":{"@id":"https:\/\/www.autojm.fr\/blog\/citroen-space-tourer-vs-peugeot-traveller-les-combis-jumeaux\/#primaryimage"},"image":{"@id":"https:\/\/www.autojm.fr\/blog\/citroen-space-tourer-vs-peugeot-traveller-les-combis-jumeaux\/#primaryimage"},"thumbnailUrl":"https:\/\/www.autojm.fr\/blog\/wp-content\/uploads\/2022\/10\/393.jpg","datePublished":"2017-01-25T00:00:00+00:00","dateModified":"2023-09-15T09:54:02+00:00","description":"Le moins que l'on puisse dire, c'est que ces deux mod\u00e8les ont r\u00e9volutionn\u00e9 les vans : autrefois ax\u00e9s sur le c\u00f4t\u00e9 utile et fonctionnel, ils...","breadcrumb":{"@id":"https:\/\/www.autojm.fr\/blog\/citroen-space-tourer-vs-peugeot-traveller-les-combis-jumeaux\/#breadcrumb"},"inLanguage":"fr-FR","potentialAction":[{"@type":"ReadAction","target":["https:\/\/www.autojm.fr\/blog\/citroen-space-tourer-vs-peugeot-traveller-les-combis-jumeaux\/"]}]},{"@type":"ImageObject","inLanguage":"fr-FR","@id":"https:\/\/www.autojm.fr\/blog\/citroen-space-tourer-vs-peugeot-traveller-les-combis-jumeaux\/#primaryimage","url":"https:\/\/www.autojm.fr\/blog\/wp-content\/uploads\/2022\/10\/393.jpg","contentUrl":"https:\/\/www.autojm.fr\/blog\/wp-content\/uploads\/2022\/10\/393.jpg","width":1194,"height":741,"caption":"Citro\u00ebn Spacetourer VS Peugeot Traveller"},{"@type":"BreadcrumbList","@id":"https:\/\/www.autojm.fr\/blog\/citroen-space-tourer-vs-peugeot-traveller-les-combis-jumeaux\/#breadcrumb","itemListElement":[{"@type":"ListItem","position":1,"name":"Accueil","item":"https:\/\/www.autojm.fr\/blog\/"},{"@type":"ListItem","position":2,"name":"Comparatifs","item":"https:\/\/www.autojm.fr\/blog\/comparatifs\/"},{"@type":"ListItem","position":3,"name":"Citro\u00ebn Spacetourer VS Peugeot Traveller : les combis jumeaux"}]},{"@type":"WebSite","@id":"https:\/\/www.autojm.fr\/blog\/#website","url":"https:\/\/www.autojm.fr\/blog\/","name":"AutoJM Mag","description":"Toute l&#039;actu auto en 1 clic !","publisher":{"@id":"https:\/\/www.autojm.fr\/blog\/#organization"},"potentialAction":[{"@type":"SearchAction","target":{"@type":"EntryPoint","urlTemplate":"https:\/\/www.autojm.fr\/blog\/?s={search_term_string}"},"query-input":{"@type":"PropertyValueSpecification","valueRequired":true,"valueName":"search_term_string"}}],"inLanguage":"fr-FR"},{"@type":"Organization","@id":"https:\/\/www.autojm.fr\/blog\/#organization","name":"AutoJM Mag","url":"https:\/\/www.autojm.fr\/blog\/","logo":{"@type":"ImageObject","inLanguage":"fr-FR","@id":"https:\/\/www.autojm.fr\/blog\/#\/schema\/logo\/image\/","url":"https:\/\/www.autojm.fr\/blog\/wp-content\/uploads\/2022\/12\/cropped-AutoJMag-png.png","contentUrl":"https:\/\/www.autojm.fr\/blog\/wp-content\/uploads\/2022\/12\/cropped-AutoJMag-png.png","width":2834,"height":585,"caption":"AutoJM Mag"},"image":{"@id":"https:\/\/www.autojm.fr\/blog\/#\/schema\/logo\/image\/"},"sameAs":["https:\/\/www.facebook.com\/AutoJM25"]},{"@type":"Person","@id":"https:\/\/www.autojm.fr\/blog\/#\/schema\/person\/9742bc77541853e0de81fc57f947e1a0","name":"Autojm","image":{"@type":"ImageObject","inLanguage":"fr-FR","@id":"https:\/\/secure.gravatar.com\/avatar\/9a959d52b758fcc232fe4b6aca7bab139182573297122cce7d6f2ee0e537b418?s=96&d=mm&r=g","url":"https:\/\/secure.gravatar.com\/avatar\/9a959d52b758fcc232fe4b6aca7bab139182573297122cce7d6f2ee0e537b418?s=96&d=mm&r=g","contentUrl":"https:\/\/secure.gravatar.com\/avatar\/9a959d52b758fcc232fe4b6aca7bab139182573297122cce7d6f2ee0e537b418?s=96&d=mm&r=g","caption":"Autojm"},"sameAs":["https:\/\/www.autojm.fr\/blog"],"url":"https:\/\/www.autojm.fr\/blog\/author\/bichoi\/"}]}},"_links":{"self":[{"href":"https:\/\/www.autojm.fr\/blog\/wp-json\/wp\/v2\/posts\/3670","targetHints":{"allow":["GET"]}}],"collection":[{"href":"https:\/\/www.autojm.fr\/blog\/wp-json\/wp\/v2\/posts"}],"about":[{"href":"https:\/\/www.autojm.fr\/blog\/wp-json\/wp\/v2\/types\/post"}],"author":[{"embeddable":true,"href":"https:\/\/www.autojm.fr\/blog\/wp-json\/wp\/v2\/users\/1"}],"replies":[{"embeddable":true,"href":"https:\/\/www.autojm.fr\/blog\/wp-json\/wp\/v2\/comments?post=3670"}],"version-history":[{"count":6,"href":"https:\/\/www.autojm.fr\/blog\/wp-json\/wp\/v2\/posts\/3670\/revisions"}],"predecessor-version":[{"id":12684,"href":"https:\/\/www.autojm.fr\/blog\/wp-json\/wp\/v2\/posts\/3670\/revisions\/12684"}],"wp:featuredmedia":[{"embeddable":true,"href":"https:\/\/www.autojm.fr\/blog\/wp-json\/wp\/v2\/media\/5730"}],"wp:attachment":[{"href":"https:\/\/www.autojm.fr\/blog\/wp-json\/wp\/v2\/media?parent=3670"}],"wp:term":[{"taxonomy":"category","embeddable":true,"href":"https:\/\/www.autojm.fr\/blog\/wp-json\/wp\/v2\/categories?post=3670"},{"taxonomy":"post_tag","embeddable":true,"href":"https:\/\/www.autojm.fr\/blog\/wp-json\/wp\/v2\/tags?post=3670"}],"curies":[{"name":"wp","href":"https:\/\/api.w.org\/{rel}","templated":true}]}}