{"id":3666,"date":"2016-12-21T00:00:00","date_gmt":"2016-12-21T00:00:00","guid":{"rendered":"https:\/\/www.autojm.fr\/blog\/la-renault-megane-gt-dci-165-edc-fait-son-entree\/"},"modified":"2023-09-08T15:39:21","modified_gmt":"2023-09-08T15:39:21","slug":"la-renault-megane-gt-dci-165-edc-fait-son-entree","status":"publish","type":"post","link":"https:\/\/www.autojm.fr\/blog\/la-renault-megane-gt-dci-165-edc-fait-son-entree\/","title":{"rendered":"La Renault Megane GT DCI 165 EDC fait son entr\u00e9e"},"content":{"rendered":"<p dir=\"ltr\" style=\"line-height: 1.38; margin-top: 0pt; margin-bottom: 0pt; text-align: justify;\"><span id=\"docs-internal-guid-fe459f97-e433-1d6f-d550-38db76d06059\"><span style=\"font-size: 16px; font-family: Arial; color: #000000; vertical-align: baseline; white-space: pre-wrap; background-color: transparent;\"><strong>La version diesel de la Renault M\u00e9gane GT<\/strong> vient de sortir sur le march\u00e9 fran\u00e7ais. Avec une bo\u00eete automatique EDC 6 rapports \u00e0 double embrayage, elle est \u00e9quip\u00e9e au mieux pour satisfaire les amateurs de sportives.<\/span><\/span><\/p>\n<div dir=\"ltr\" style=\"line-height: 1.38; margin-top: 0pt; margin-bottom: 0pt; text-align: justify;\"><\/div>\n<p dir=\"ltr\" style=\"line-height: 1.38; margin-top: 0pt; margin-bottom: 0pt; text-align: justify;\"><span id=\"docs-internal-guid-fe459f97-e433-1d6f-d550-38db76d06059\"><span style=\"font-size: 16px; font-family: Arial; color: #000000; vertical-align: baseline; white-space: pre-wrap; background-color: transparent;\">Des chiffres impressionnants concernant ce mod\u00e8le : 5 chevaux suppl\u00e9mentaires par rapport \u00e0 la version essence, 8,80 secondes pour atteindre les 100 kilom\u00e8tres\/heure, 214 kilom\u00e8tres\/heure pour vitesse maximale et une consommation de 4,6 litres pour 100 kilom\u00e8tres\u2026 Il semblerait que Renault ait tout mis\u00e9 pour relancer les ventes du mod\u00e8le M\u00e9gane GT, avec une puissance haut niveau et une consommation plut\u00f4t \u00e9cologique. <\/span><\/span><\/p>\n<div dir=\"ltr\" style=\"line-height: 1.38; margin-top: 0pt; margin-bottom: 0pt; text-align: center;\"><\/div>\n<p dir=\"ltr\" style=\"line-height: 1.38; margin-top: 0pt; margin-bottom: 0pt; text-align: justify;\"><span id=\"docs-internal-guid-fe459f97-e433-1d6f-d550-38db76d06059\"><span style=\"font-size: 16px; font-family: Arial; color: #000000; vertical-align: baseline; white-space: pre-wrap; background-color: transparent;\">La version diesel accueille 4 roues motrices et directrices, et se d\u00e9finit par une longueur de 4,35 m\u00e8tres. Le moteur diesel, issu de la qualit\u00e9 des mat\u00e9riaux de Renault Sport, est le m\u00eame que celui des mod\u00e8le Talisman et Espace. Autres atouts issus de la gamme Renault sport, les amortisseurs et les freins qui garantissent un v\u00e9hicule de bonne qualit\u00e9 pour rassurer tous les futurs conducteurs.<\/span><\/span><\/p>\n<div dir=\"ltr\" style=\"line-height: 1.38; margin-top: 0pt; margin-bottom: 0pt; text-align: justify;\"><\/div>\n<p dir=\"ltr\" style=\"line-height: 1.38; margin-top: 0pt; margin-bottom: 0pt; text-align: justify;\"><span id=\"docs-internal-guid-fe459f97-e433-1d6f-d550-38db76d06059\"><span style=\"font-size: 16px; font-family: Arial; color: #000000; vertical-align: baseline; white-space: pre-wrap; background-color: transparent;\"><span style=\"line-height: 1.38; background-color: transparent;\">A bord, on appr\u00e9cie l&rsquo;esth\u00e9tique sport et \u00e9l\u00e9gant de la Renault M\u00e9gane GT : un volant en cuir de toute beaut\u00e9, une banquette arri\u00e8re en 2\/3 1\/3 pour plus de modularit\u00e9, et le bose sound system,qui assure un son de qualit\u00e9 au conducteur et \u00e0 ses passagers. Sur la radio bluetooth, la reconnaissance vocale a \u00e9t\u00e9 int\u00e9gr\u00e9e et le syst\u00e8me radio comprend des prises USB. Les compteurs m\u00e9langent analogique et num\u00e9rique pour une vision de qualit\u00e9. Du mat\u00e9riel high-tech \u00e9quipe ce mod\u00e8le, et chacun y trouvera son compte.<\/span><\/span><\/span><\/p>\n<p dir=\"ltr\" style=\"line-height: 1.38; margin-top: 0pt; margin-bottom: 0pt;\"><span style=\"color: #000000; font-family: Arial; font-size: 16px; white-space: pre-wrap; line-height: 1.38; background-color: transparent;\">Des fonctions d&rsquo;aide \u00e0 la conduite de derni\u00e8re g\u00e9n\u00e9ration viennent apporter des points suppl\u00e9mentaires \u00e0 ce nouveau bijou de Renault, notamment le r\u00e9gulateur et limiteur de vitesse, le Easy Park Assist, une cam\u00e9ra de recul et l&rsquo;aide au parking avant, et l&rsquo;alerte en lien avec les distances de s\u00e9curit\u00e9. Une multiplicit\u00e9 de fonctions qui assurent la s\u00e9curit\u00e9 des passagers. <\/span><\/p>\n<div dir=\"ltr\" style=\"line-height: 1.38; margin-top: 0pt; margin-bottom: 0pt; text-align: justify;\">\n<div><\/div>\n<div style=\"text-align: center;\"><\/div>\n<div><\/div>\n<div><span style=\"color: #000000; font-family: Arial; font-size: 16px; white-space: pre-wrap; line-height: 1.6; background-color: transparent;\">La Renault Megane GT en version diesel et bo\u00eete automatique allie confort, hautes technologies et puissance redoutable. Adapt\u00e9e pour les amateurs de voitures sportives, elle s\u00e9duira gr\u00e2ce \u00e0 une qualit\u00e9 des mat\u00e9riaux ind\u00e9niable.<\/span><\/div>\n<\/div>\n<p><span style=\"text-align: center;\">Vid\u00e9o Essai de la Renault Megane 4 (2016)<\/span><br \/>\n<iframe loading=\"lazy\" src=\"https:\/\/www.youtube.com\/embed\/lmyzm8cw6mE\" width=\"100%\" height=\"500\" scrolling=\"no\" allowfullscreen=\"allowfullscreen\"><\/iframe><\/p>\n<p style=\"text-align: center;\">\n","protected":false},"excerpt":{"rendered":"<p>La version diesel de la Renault M\u00e9gane GT vient de sortir sur le march\u00e9 fran\u00e7ais. Avec une bo\u00eete automatique EDC 6 rapports \u00e0 double embrayage, elle est \u00e9quip\u00e9e au mieux pour satisfaire les amateurs de sportives.<\/p>\n","protected":false},"author":1,"featured_media":5726,"comment_status":"open","ping_status":"open","sticky":false,"template":"","format":"standard","meta":{"_acf_changed":false,"content-type":"","footnotes":""},"categories":[62,61],"tags":[90,78,141],"class_list":["post-3666","post","type-post","status-publish","format-standard","has-post-thumbnail","hentry","category-nouveaute-renault","category-nouveautes-autos","tag-autojm","tag-renault","tag-renault-megane"],"acf":[],"yoast_head":"<!-- This site is optimized with the Yoast SEO plugin v27.5 - https:\/\/yoast.com\/product\/yoast-seo-wordpress\/ -->\n<title>La Renault Megane GT DCI 165 EDC fait son entr\u00e9e - AutoJM Mag<\/title>\n<meta name=\"description\" content=\"La version diesel de la Renault M\u00e9gane GT vient de sortir sur le march\u00e9 fran\u00e7ais. Avec une bo\u00eete automatique EDC 6 rapports \u00e0 double...\" \/>\n<meta name=\"robots\" content=\"index, follow, max-snippet:-1, max-image-preview:large, max-video-preview:-1\" \/>\n<link rel=\"canonical\" href=\"https:\/\/www.autojm.fr\/blog\/la-renault-megane-gt-dci-165-edc-fait-son-entree\/\" \/>\n<meta property=\"og:locale\" content=\"fr_FR\" \/>\n<meta property=\"og:type\" content=\"article\" \/>\n<meta property=\"og:title\" content=\"La Renault Megane GT DCI 165 EDC fait son entr\u00e9e - AutoJM Mag\" \/>\n<meta property=\"og:description\" content=\"La version diesel de la Renault M\u00e9gane GT vient de sortir sur le march\u00e9 fran\u00e7ais. Avec une bo\u00eete automatique EDC 6 rapports \u00e0 double...\" \/>\n<meta property=\"og:url\" content=\"https:\/\/www.autojm.fr\/blog\/la-renault-megane-gt-dci-165-edc-fait-son-entree\/\" \/>\n<meta property=\"og:site_name\" content=\"AutoJM Mag\" \/>\n<meta property=\"article:publisher\" content=\"https:\/\/www.facebook.com\/AutoJM25\" \/>\n<meta property=\"article:published_time\" content=\"2016-12-21T00:00:00+00:00\" \/>\n<meta property=\"article:modified_time\" content=\"2023-09-08T15:39:21+00:00\" \/>\n<meta property=\"og:image\" content=\"https:\/\/www.autojm.fr\/blog\/wp-content\/uploads\/2022\/10\/389.jpg\" \/>\n\t<meta property=\"og:image:width\" content=\"612\" \/>\n\t<meta property=\"og:image:height\" content=\"408\" \/>\n\t<meta property=\"og:image:type\" content=\"image\/jpeg\" \/>\n<meta name=\"author\" content=\"Autojm\" \/>\n<meta name=\"twitter:card\" content=\"summary_large_image\" \/>\n<meta name=\"twitter:label1\" content=\"\u00c9crit par\" \/>\n\t<meta name=\"twitter:data1\" content=\"Autojm\" \/>\n\t<meta name=\"twitter:label2\" content=\"Dur\u00e9e de lecture estim\u00e9e\" \/>\n\t<meta name=\"twitter:data2\" content=\"2 minutes\" \/>\n<script type=\"application\/ld+json\" class=\"yoast-schema-graph\">{\"@context\":\"https:\\\/\\\/schema.org\",\"@graph\":[{\"@type\":\"Article\",\"@id\":\"https:\\\/\\\/www.autojm.fr\\\/blog\\\/la-renault-megane-gt-dci-165-edc-fait-son-entree\\\/#article\",\"isPartOf\":{\"@id\":\"https:\\\/\\\/www.autojm.fr\\\/blog\\\/la-renault-megane-gt-dci-165-edc-fait-son-entree\\\/\"},\"author\":{\"name\":\"Autojm\",\"@id\":\"https:\\\/\\\/www.autojm.fr\\\/blog\\\/#\\\/schema\\\/person\\\/9742bc77541853e0de81fc57f947e1a0\"},\"headline\":\"La Renault Megane GT DCI 165 EDC fait son entr\u00e9e\",\"datePublished\":\"2016-12-21T00:00:00+00:00\",\"dateModified\":\"2023-09-08T15:39:21+00:00\",\"mainEntityOfPage\":{\"@id\":\"https:\\\/\\\/www.autojm.fr\\\/blog\\\/la-renault-megane-gt-dci-165-edc-fait-son-entree\\\/\"},\"wordCount\":389,\"commentCount\":0,\"publisher\":{\"@id\":\"https:\\\/\\\/www.autojm.fr\\\/blog\\\/#organization\"},\"image\":{\"@id\":\"https:\\\/\\\/www.autojm.fr\\\/blog\\\/la-renault-megane-gt-dci-165-edc-fait-son-entree\\\/#primaryimage\"},\"thumbnailUrl\":\"https:\\\/\\\/www.autojm.fr\\\/blog\\\/wp-content\\\/uploads\\\/2022\\\/10\\\/389.jpg\",\"keywords\":[\"autojm\",\"renault\",\"Renault Megane\"],\"articleSection\":[\"Nouveaut\u00e9 Renault\",\"Nouveaut\u00e9s Autos\"],\"inLanguage\":\"fr-FR\",\"potentialAction\":[{\"@type\":\"CommentAction\",\"name\":\"Comment\",\"target\":[\"https:\\\/\\\/www.autojm.fr\\\/blog\\\/la-renault-megane-gt-dci-165-edc-fait-son-entree\\\/#respond\"]}]},{\"@type\":\"WebPage\",\"@id\":\"https:\\\/\\\/www.autojm.fr\\\/blog\\\/la-renault-megane-gt-dci-165-edc-fait-son-entree\\\/\",\"url\":\"https:\\\/\\\/www.autojm.fr\\\/blog\\\/la-renault-megane-gt-dci-165-edc-fait-son-entree\\\/\",\"name\":\"La Renault Megane GT DCI 165 EDC fait son entr\u00e9e - AutoJM Mag\",\"isPartOf\":{\"@id\":\"https:\\\/\\\/www.autojm.fr\\\/blog\\\/#website\"},\"primaryImageOfPage\":{\"@id\":\"https:\\\/\\\/www.autojm.fr\\\/blog\\\/la-renault-megane-gt-dci-165-edc-fait-son-entree\\\/#primaryimage\"},\"image\":{\"@id\":\"https:\\\/\\\/www.autojm.fr\\\/blog\\\/la-renault-megane-gt-dci-165-edc-fait-son-entree\\\/#primaryimage\"},\"thumbnailUrl\":\"https:\\\/\\\/www.autojm.fr\\\/blog\\\/wp-content\\\/uploads\\\/2022\\\/10\\\/389.jpg\",\"datePublished\":\"2016-12-21T00:00:00+00:00\",\"dateModified\":\"2023-09-08T15:39:21+00:00\",\"description\":\"La version diesel de la Renault M\u00e9gane GT vient de sortir sur le march\u00e9 fran\u00e7ais. Avec une bo\u00eete automatique EDC 6 rapports \u00e0 double...\",\"breadcrumb\":{\"@id\":\"https:\\\/\\\/www.autojm.fr\\\/blog\\\/la-renault-megane-gt-dci-165-edc-fait-son-entree\\\/#breadcrumb\"},\"inLanguage\":\"fr-FR\",\"potentialAction\":[{\"@type\":\"ReadAction\",\"target\":[\"https:\\\/\\\/www.autojm.fr\\\/blog\\\/la-renault-megane-gt-dci-165-edc-fait-son-entree\\\/\"]}]},{\"@type\":\"ImageObject\",\"inLanguage\":\"fr-FR\",\"@id\":\"https:\\\/\\\/www.autojm.fr\\\/blog\\\/la-renault-megane-gt-dci-165-edc-fait-son-entree\\\/#primaryimage\",\"url\":\"https:\\\/\\\/www.autojm.fr\\\/blog\\\/wp-content\\\/uploads\\\/2022\\\/10\\\/389.jpg\",\"contentUrl\":\"https:\\\/\\\/www.autojm.fr\\\/blog\\\/wp-content\\\/uploads\\\/2022\\\/10\\\/389.jpg\",\"width\":612,\"height\":408,\"caption\":\"Renault Megane\"},{\"@type\":\"BreadcrumbList\",\"@id\":\"https:\\\/\\\/www.autojm.fr\\\/blog\\\/la-renault-megane-gt-dci-165-edc-fait-son-entree\\\/#breadcrumb\",\"itemListElement\":[{\"@type\":\"ListItem\",\"position\":1,\"name\":\"Accueil\",\"item\":\"https:\\\/\\\/www.autojm.fr\\\/blog\\\/\"},{\"@type\":\"ListItem\",\"position\":2,\"name\":\"Nouveaut\u00e9s Autos\",\"item\":\"https:\\\/\\\/www.autojm.fr\\\/blog\\\/nouveautes-autos\\\/\"},{\"@type\":\"ListItem\",\"position\":3,\"name\":\"La Renault Megane GT DCI 165 EDC fait son entr\u00e9e\"}]},{\"@type\":\"WebSite\",\"@id\":\"https:\\\/\\\/www.autojm.fr\\\/blog\\\/#website\",\"url\":\"https:\\\/\\\/www.autojm.fr\\\/blog\\\/\",\"name\":\"AutoJM Mag\",\"description\":\"Toute l&#039;actu auto en 1 clic !\",\"publisher\":{\"@id\":\"https:\\\/\\\/www.autojm.fr\\\/blog\\\/#organization\"},\"potentialAction\":[{\"@type\":\"SearchAction\",\"target\":{\"@type\":\"EntryPoint\",\"urlTemplate\":\"https:\\\/\\\/www.autojm.fr\\\/blog\\\/?s={search_term_string}\"},\"query-input\":{\"@type\":\"PropertyValueSpecification\",\"valueRequired\":true,\"valueName\":\"search_term_string\"}}],\"inLanguage\":\"fr-FR\"},{\"@type\":\"Organization\",\"@id\":\"https:\\\/\\\/www.autojm.fr\\\/blog\\\/#organization\",\"name\":\"AutoJM Mag\",\"url\":\"https:\\\/\\\/www.autojm.fr\\\/blog\\\/\",\"logo\":{\"@type\":\"ImageObject\",\"inLanguage\":\"fr-FR\",\"@id\":\"https:\\\/\\\/www.autojm.fr\\\/blog\\\/#\\\/schema\\\/logo\\\/image\\\/\",\"url\":\"https:\\\/\\\/www.autojm.fr\\\/blog\\\/wp-content\\\/uploads\\\/2022\\\/12\\\/cropped-AutoJMag-png.png\",\"contentUrl\":\"https:\\\/\\\/www.autojm.fr\\\/blog\\\/wp-content\\\/uploads\\\/2022\\\/12\\\/cropped-AutoJMag-png.png\",\"width\":2834,\"height\":585,\"caption\":\"AutoJM Mag\"},\"image\":{\"@id\":\"https:\\\/\\\/www.autojm.fr\\\/blog\\\/#\\\/schema\\\/logo\\\/image\\\/\"},\"sameAs\":[\"https:\\\/\\\/www.facebook.com\\\/AutoJM25\"]},{\"@type\":\"Person\",\"@id\":\"https:\\\/\\\/www.autojm.fr\\\/blog\\\/#\\\/schema\\\/person\\\/9742bc77541853e0de81fc57f947e1a0\",\"name\":\"Autojm\",\"image\":{\"@type\":\"ImageObject\",\"inLanguage\":\"fr-FR\",\"@id\":\"https:\\\/\\\/secure.gravatar.com\\\/avatar\\\/9a959d52b758fcc232fe4b6aca7bab139182573297122cce7d6f2ee0e537b418?s=96&d=mm&r=g\",\"url\":\"https:\\\/\\\/secure.gravatar.com\\\/avatar\\\/9a959d52b758fcc232fe4b6aca7bab139182573297122cce7d6f2ee0e537b418?s=96&d=mm&r=g\",\"contentUrl\":\"https:\\\/\\\/secure.gravatar.com\\\/avatar\\\/9a959d52b758fcc232fe4b6aca7bab139182573297122cce7d6f2ee0e537b418?s=96&d=mm&r=g\",\"caption\":\"Autojm\"},\"sameAs\":[\"https:\\\/\\\/www.autojm.fr\\\/blog\"],\"url\":\"https:\\\/\\\/www.autojm.fr\\\/blog\\\/author\\\/bichoi\\\/\"}]}<\/script>\n<!-- \/ Yoast SEO plugin. -->","yoast_head_json":{"title":"La Renault Megane GT DCI 165 EDC fait son entr\u00e9e - AutoJM Mag","description":"La version diesel de la Renault M\u00e9gane GT vient de sortir sur le march\u00e9 fran\u00e7ais. Avec une bo\u00eete automatique EDC 6 rapports \u00e0 double...","robots":{"index":"index","follow":"follow","max-snippet":"max-snippet:-1","max-image-preview":"max-image-preview:large","max-video-preview":"max-video-preview:-1"},"canonical":"https:\/\/www.autojm.fr\/blog\/la-renault-megane-gt-dci-165-edc-fait-son-entree\/","og_locale":"fr_FR","og_type":"article","og_title":"La Renault Megane GT DCI 165 EDC fait son entr\u00e9e - AutoJM Mag","og_description":"La version diesel de la Renault M\u00e9gane GT vient de sortir sur le march\u00e9 fran\u00e7ais. Avec une bo\u00eete automatique EDC 6 rapports \u00e0 double...","og_url":"https:\/\/www.autojm.fr\/blog\/la-renault-megane-gt-dci-165-edc-fait-son-entree\/","og_site_name":"AutoJM Mag","article_publisher":"https:\/\/www.facebook.com\/AutoJM25","article_published_time":"2016-12-21T00:00:00+00:00","article_modified_time":"2023-09-08T15:39:21+00:00","og_image":[{"width":612,"height":408,"url":"https:\/\/www.autojm.fr\/blog\/wp-content\/uploads\/2022\/10\/389.jpg","type":"image\/jpeg"}],"author":"Autojm","twitter_card":"summary_large_image","twitter_misc":{"\u00c9crit par":"Autojm","Dur\u00e9e de lecture estim\u00e9e":"2 minutes"},"schema":{"@context":"https:\/\/schema.org","@graph":[{"@type":"Article","@id":"https:\/\/www.autojm.fr\/blog\/la-renault-megane-gt-dci-165-edc-fait-son-entree\/#article","isPartOf":{"@id":"https:\/\/www.autojm.fr\/blog\/la-renault-megane-gt-dci-165-edc-fait-son-entree\/"},"author":{"name":"Autojm","@id":"https:\/\/www.autojm.fr\/blog\/#\/schema\/person\/9742bc77541853e0de81fc57f947e1a0"},"headline":"La Renault Megane GT DCI 165 EDC fait son entr\u00e9e","datePublished":"2016-12-21T00:00:00+00:00","dateModified":"2023-09-08T15:39:21+00:00","mainEntityOfPage":{"@id":"https:\/\/www.autojm.fr\/blog\/la-renault-megane-gt-dci-165-edc-fait-son-entree\/"},"wordCount":389,"commentCount":0,"publisher":{"@id":"https:\/\/www.autojm.fr\/blog\/#organization"},"image":{"@id":"https:\/\/www.autojm.fr\/blog\/la-renault-megane-gt-dci-165-edc-fait-son-entree\/#primaryimage"},"thumbnailUrl":"https:\/\/www.autojm.fr\/blog\/wp-content\/uploads\/2022\/10\/389.jpg","keywords":["autojm","renault","Renault Megane"],"articleSection":["Nouveaut\u00e9 Renault","Nouveaut\u00e9s Autos"],"inLanguage":"fr-FR","potentialAction":[{"@type":"CommentAction","name":"Comment","target":["https:\/\/www.autojm.fr\/blog\/la-renault-megane-gt-dci-165-edc-fait-son-entree\/#respond"]}]},{"@type":"WebPage","@id":"https:\/\/www.autojm.fr\/blog\/la-renault-megane-gt-dci-165-edc-fait-son-entree\/","url":"https:\/\/www.autojm.fr\/blog\/la-renault-megane-gt-dci-165-edc-fait-son-entree\/","name":"La Renault Megane GT DCI 165 EDC fait son entr\u00e9e - AutoJM Mag","isPartOf":{"@id":"https:\/\/www.autojm.fr\/blog\/#website"},"primaryImageOfPage":{"@id":"https:\/\/www.autojm.fr\/blog\/la-renault-megane-gt-dci-165-edc-fait-son-entree\/#primaryimage"},"image":{"@id":"https:\/\/www.autojm.fr\/blog\/la-renault-megane-gt-dci-165-edc-fait-son-entree\/#primaryimage"},"thumbnailUrl":"https:\/\/www.autojm.fr\/blog\/wp-content\/uploads\/2022\/10\/389.jpg","datePublished":"2016-12-21T00:00:00+00:00","dateModified":"2023-09-08T15:39:21+00:00","description":"La version diesel de la Renault M\u00e9gane GT vient de sortir sur le march\u00e9 fran\u00e7ais. Avec une bo\u00eete automatique EDC 6 rapports \u00e0 double...","breadcrumb":{"@id":"https:\/\/www.autojm.fr\/blog\/la-renault-megane-gt-dci-165-edc-fait-son-entree\/#breadcrumb"},"inLanguage":"fr-FR","potentialAction":[{"@type":"ReadAction","target":["https:\/\/www.autojm.fr\/blog\/la-renault-megane-gt-dci-165-edc-fait-son-entree\/"]}]},{"@type":"ImageObject","inLanguage":"fr-FR","@id":"https:\/\/www.autojm.fr\/blog\/la-renault-megane-gt-dci-165-edc-fait-son-entree\/#primaryimage","url":"https:\/\/www.autojm.fr\/blog\/wp-content\/uploads\/2022\/10\/389.jpg","contentUrl":"https:\/\/www.autojm.fr\/blog\/wp-content\/uploads\/2022\/10\/389.jpg","width":612,"height":408,"caption":"Renault Megane"},{"@type":"BreadcrumbList","@id":"https:\/\/www.autojm.fr\/blog\/la-renault-megane-gt-dci-165-edc-fait-son-entree\/#breadcrumb","itemListElement":[{"@type":"ListItem","position":1,"name":"Accueil","item":"https:\/\/www.autojm.fr\/blog\/"},{"@type":"ListItem","position":2,"name":"Nouveaut\u00e9s Autos","item":"https:\/\/www.autojm.fr\/blog\/nouveautes-autos\/"},{"@type":"ListItem","position":3,"name":"La Renault Megane GT DCI 165 EDC fait son entr\u00e9e"}]},{"@type":"WebSite","@id":"https:\/\/www.autojm.fr\/blog\/#website","url":"https:\/\/www.autojm.fr\/blog\/","name":"AutoJM Mag","description":"Toute l&#039;actu auto en 1 clic !","publisher":{"@id":"https:\/\/www.autojm.fr\/blog\/#organization"},"potentialAction":[{"@type":"SearchAction","target":{"@type":"EntryPoint","urlTemplate":"https:\/\/www.autojm.fr\/blog\/?s={search_term_string}"},"query-input":{"@type":"PropertyValueSpecification","valueRequired":true,"valueName":"search_term_string"}}],"inLanguage":"fr-FR"},{"@type":"Organization","@id":"https:\/\/www.autojm.fr\/blog\/#organization","name":"AutoJM Mag","url":"https:\/\/www.autojm.fr\/blog\/","logo":{"@type":"ImageObject","inLanguage":"fr-FR","@id":"https:\/\/www.autojm.fr\/blog\/#\/schema\/logo\/image\/","url":"https:\/\/www.autojm.fr\/blog\/wp-content\/uploads\/2022\/12\/cropped-AutoJMag-png.png","contentUrl":"https:\/\/www.autojm.fr\/blog\/wp-content\/uploads\/2022\/12\/cropped-AutoJMag-png.png","width":2834,"height":585,"caption":"AutoJM Mag"},"image":{"@id":"https:\/\/www.autojm.fr\/blog\/#\/schema\/logo\/image\/"},"sameAs":["https:\/\/www.facebook.com\/AutoJM25"]},{"@type":"Person","@id":"https:\/\/www.autojm.fr\/blog\/#\/schema\/person\/9742bc77541853e0de81fc57f947e1a0","name":"Autojm","image":{"@type":"ImageObject","inLanguage":"fr-FR","@id":"https:\/\/secure.gravatar.com\/avatar\/9a959d52b758fcc232fe4b6aca7bab139182573297122cce7d6f2ee0e537b418?s=96&d=mm&r=g","url":"https:\/\/secure.gravatar.com\/avatar\/9a959d52b758fcc232fe4b6aca7bab139182573297122cce7d6f2ee0e537b418?s=96&d=mm&r=g","contentUrl":"https:\/\/secure.gravatar.com\/avatar\/9a959d52b758fcc232fe4b6aca7bab139182573297122cce7d6f2ee0e537b418?s=96&d=mm&r=g","caption":"Autojm"},"sameAs":["https:\/\/www.autojm.fr\/blog"],"url":"https:\/\/www.autojm.fr\/blog\/author\/bichoi\/"}]}},"_links":{"self":[{"href":"https:\/\/www.autojm.fr\/blog\/wp-json\/wp\/v2\/posts\/3666","targetHints":{"allow":["GET"]}}],"collection":[{"href":"https:\/\/www.autojm.fr\/blog\/wp-json\/wp\/v2\/posts"}],"about":[{"href":"https:\/\/www.autojm.fr\/blog\/wp-json\/wp\/v2\/types\/post"}],"author":[{"embeddable":true,"href":"https:\/\/www.autojm.fr\/blog\/wp-json\/wp\/v2\/users\/1"}],"replies":[{"embeddable":true,"href":"https:\/\/www.autojm.fr\/blog\/wp-json\/wp\/v2\/comments?post=3666"}],"version-history":[{"count":5,"href":"https:\/\/www.autojm.fr\/blog\/wp-json\/wp\/v2\/posts\/3666\/revisions"}],"predecessor-version":[{"id":12567,"href":"https:\/\/www.autojm.fr\/blog\/wp-json\/wp\/v2\/posts\/3666\/revisions\/12567"}],"wp:featuredmedia":[{"embeddable":true,"href":"https:\/\/www.autojm.fr\/blog\/wp-json\/wp\/v2\/media\/5726"}],"wp:attachment":[{"href":"https:\/\/www.autojm.fr\/blog\/wp-json\/wp\/v2\/media?parent=3666"}],"wp:term":[{"taxonomy":"category","embeddable":true,"href":"https:\/\/www.autojm.fr\/blog\/wp-json\/wp\/v2\/categories?post=3666"},{"taxonomy":"post_tag","embeddable":true,"href":"https:\/\/www.autojm.fr\/blog\/wp-json\/wp\/v2\/tags?post=3666"}],"curies":[{"name":"wp","href":"https:\/\/api.w.org\/{rel}","templated":true}]}}