{"id":3662,"date":"2016-11-22T00:00:00","date_gmt":"2016-11-22T00:00:00","guid":{"rendered":"https:\/\/www.autojm.fr\/blog\/en-voiture-se-preparer-pour-lhiver\/"},"modified":"2023-04-19T14:44:38","modified_gmt":"2023-04-19T14:44:38","slug":"en-voiture-se-preparer-pour-lhiver","status":"publish","type":"post","link":"https:\/\/www.autojm.fr\/blog\/en-voiture-se-preparer-pour-lhiver\/","title":{"rendered":"En voiture : se pr\u00e9parer pour l&rsquo;hiver"},"content":{"rendered":"<p dir=\"ltr\" style=\"line-height: 1.38; margin-top: 0pt; margin-bottom: 0pt; text-align: justify;\">\n<p dir=\"ltr\" style=\"line-height: 1.38; margin-top: 0pt; margin-bottom: 0pt; text-align: justify;\"><span style=\"color: #000000; font-family: Arial; font-size: 16px; line-height: 1.38; white-space: pre-wrap; background-color: transparent;\">L&rsquo;arriv\u00e9e de l&rsquo;hiver, c&rsquo;est le froid, la pluie, la neige, et surtout, une perte importante de visibilit\u00e9. Le nombre d&rsquo;accidents augmente consid\u00e9rablement avec la tomb\u00e9e de la nuit qui se fait de plus en plus t\u00f4t. Pour pr\u00e9parer votre v\u00e9hicule et adapter votre conduite afin d&rsquo;assurer votre s\u00e9curit\u00e9 et celle de vos passagers, voici quelques conseils :<\/span><\/p>\n<div dir=\"ltr\" style=\"line-height: 1.38; margin-top: 0pt; margin-bottom: 0pt; text-align: justify;\"><\/div>\n<div dir=\"ltr\" style=\"line-height: 1.38; margin-top: 0pt; margin-bottom: 0pt; text-align: justify;\">\n<div><\/div>\n<div><\/div>\n<\/div>\n<ul style=\"margin-top: 0pt; margin-bottom: 0pt;\">\n<li dir=\"ltr\" style=\"list-style-type: disc; font-size: 16px; font-family: Arial; color: #000000; vertical-align: baseline; background-color: transparent;\">\n<p dir=\"ltr\" style=\"line-height: 1.38; margin-top: 0pt; margin-bottom: 0pt; text-align: justify;\"><span id=\"docs-internal-guid-fe459f97-8c99-9e5b-362a-0aa9f80e5722\"><span style=\"vertical-align: baseline; white-space: pre-wrap; background-color: transparent;\">Nettoyez votre pare-brise, et plus particuli\u00e8rement l&rsquo;int\u00e9rieur : avec l&rsquo;\u00e9t\u00e9, la chaleur, les vitres ferm\u00e9es lorsque vous ne conduisez pas, la pollution laisse de nombreuses traces sur la face int\u00e9rieure du pare-brise. On ne les voit pas toujours, mais elles sont redoutables lorsqu&rsquo;un conducteur nous \u00e9blouit avec ses feux o\u00f9 lorsque la bu\u00e9e envahit le pare-brise. Il est n\u00e9cessaire de bien nettoyer son pare-brise afin d&rsquo;augmenter sa visibilit\u00e9. <\/span><\/span><\/p>\n<\/li>\n<\/ul>\n<div dir=\"ltr\" style=\"line-height: 1.38; margin-top: 0pt; margin-bottom: 0pt; text-align: justify;\"><\/div>\n<ul style=\"margin-top: 0pt; margin-bottom: 0pt;\">\n<li dir=\"ltr\" style=\"list-style-type: disc; font-size: 16px; font-family: Arial; color: #000000; vertical-align: baseline; background-color: transparent;\">\n<p dir=\"ltr\" style=\"line-height: 1.38; margin-top: 0pt; margin-bottom: 0pt; text-align: justify;\"><span id=\"docs-internal-guid-fe459f97-8c99-9e5b-362a-0aa9f80e5722\"><span style=\"vertical-align: baseline; white-space: pre-wrap; background-color: transparent;\">Nettoyez vos phares et les r\u00e9troviseurs : ces derniers sont essentiels \u00e0 une conduite s\u00e9curis\u00e9e. Les phares, quant \u00e0 eux, doivent \u00eatre nettoy\u00e9s uniquement \u00e0 l&rsquo;eau, les produits alcoolis\u00e9s peuvent les ab\u00eemer. Lorsque les phares sont ray\u00e9s ou bien ab\u00eem\u00e9s, ils renvoient une lumi\u00e8re de bien moins bonne qualit\u00e9. Si vos phares sont us\u00e9s, n&rsquo;h\u00e9sitez pas \u00e0 les changer. <\/span><\/span><\/p>\n<\/li>\n<\/ul>\n<div dir=\"ltr\" style=\"line-height: 1.38; margin-top: 0pt; margin-bottom: 0pt; text-align: justify;\"><\/div>\n<ul style=\"margin-top: 0pt; margin-bottom: 0pt;\">\n<li dir=\"ltr\" style=\"list-style-type: disc; font-size: 16px; font-family: Arial; color: #000000; vertical-align: baseline; background-color: transparent;\">\n<p dir=\"ltr\" style=\"line-height: 1.38; margin-top: 0pt; margin-bottom: 0pt; text-align: justify;\"><span id=\"docs-internal-guid-fe459f97-8c99-9e5b-362a-0aa9f80e5722\"><span style=\"vertical-align: baseline; white-space: pre-wrap; background-color: transparent;\">V\u00e9rifiez les essuie-glaces : oui, avec toute la pluie et la neige qui vont tomber, il vaut mieux avoir de quoi lutter. Testez vos essuie-glace, nettoyer-les, et munissez-vous \u00e9ventuellement d&rsquo;un produit anti-givre, qui vous aidera lors des grands froids. <\/span><\/span><\/p>\n<\/li>\n<\/ul>\n<div dir=\"ltr\" style=\"line-height: 1.38; margin-top: 0pt; margin-bottom: 0pt; text-align: justify;\"><\/div>\n<ul style=\"margin-top: 0pt; margin-bottom: 0pt;\">\n<li dir=\"ltr\" style=\"list-style-type: disc; font-size: 16px; font-family: Arial; color: #000000; vertical-align: baseline; background-color: transparent;\">\n<p dir=\"ltr\" style=\"line-height: 1.38; margin-top: 0pt; margin-bottom: 0pt; text-align: justify;\"><span id=\"docs-internal-guid-fe459f97-8c99-9e5b-362a-0aa9f80e5722\"><span style=\"vertical-align: baseline; white-space: pre-wrap; background-color: transparent;\">Enfin, ayez toujours avec vous une paire de lunettes de soleil en plein jour. La neige \u00e9tant blanche, la luminosit\u00e9 peut \u00eatre \u00e9blouissante. De plus, les sols humides refl\u00e8tent plus la lumi\u00e8re, et ceci peut g\u00eaner un conducteur. Lorsque la nuit tombe, si vous disposez de lunettes de vue, n&rsquo;h\u00e9sitez pas \u00e0 les mettre afin de combler le manque de lumi\u00e8re.<\/span><\/span><\/p>\n<\/li>\n<\/ul>\n<div dir=\"ltr\" style=\"line-height: 1.38; margin-top: 0pt; margin-bottom: 0pt; text-align: justify;\"><\/div>\n<ul style=\"margin-top: 0pt; margin-bottom: 0pt;\">\n<li dir=\"ltr\" style=\"list-style-type: disc; font-size: 16px; font-family: Arial; color: #000000; vertical-align: baseline; background-color: transparent;\">\n<p dir=\"ltr\" style=\"line-height: 1.38; margin-top: 0pt; margin-bottom: 0pt; text-align: justify;\"><span id=\"docs-internal-guid-fe459f97-8c99-9e5b-362a-0aa9f80e5722\"><span style=\"vertical-align: baseline; white-space: pre-wrap; background-color: transparent;\">Contr\u00f4lez la batterie de votre v\u00e9hicule : en hiver, elle se d\u00e9charge plus vite notamment parce qu&rsquo;elle est bien plus sollicit\u00e9e avec l&rsquo;utilisation des feux du d\u00e9sembuage, et \u00e9galement au d\u00e9marrage de la voiture avec le froid. V\u00e9rifiez l&rsquo;\u00e9tat de votre batterie, si celle-ci vous a caus\u00e9 des probl\u00e8mes pendant les mois pr\u00e9c\u00e9dents l&rsquo;hiver, il est fort probable qu&rsquo;elle ne soit pas op\u00e9rationnelle pour tenir tout l&rsquo;hiver.<\/span><\/span><\/p>\n<\/li>\n<\/ul>\n<div style=\"line-height: 1.38; margin-top: 0pt; margin-bottom: 0pt; text-align: justify;\"><\/div>\n<ul style=\"margin-top: 0pt; margin-bottom: 0pt;\">\n<li dir=\"ltr\" style=\"list-style-type: disc; font-size: 16px; font-family: Arial; color: #000000; vertical-align: baseline; background-color: transparent;\">\n<p dir=\"ltr\" style=\"line-height: 1.38; margin-top: 0pt; margin-bottom: 0pt; text-align: justify;\"><span id=\"docs-internal-guid-fe459f97-8c99-9e5b-362a-0aa9f80e5722\"><span style=\"vertical-align: baseline; white-space: pre-wrap; background-color: transparent;\">Adaptez vos pneus : les <\/span><span style=\"color: #1155cc; text-decoration: underline; vertical-align: baseline; white-space: pre-wrap; background-color: transparent;\">pneus hiver<\/span><span style=\"vertical-align: baseline; white-space: pre-wrap; background-color: transparent;\"> doivent \u00eatre mont\u00e9 lorsque les temp\u00e9ratures descendent en dessous de 7\u00b0 Celsius. Avec le froid, la gomme des pneus se durcit et r\u00e9duit l&rsquo;adh\u00e9rence. Les pneus hiver garantissent un meilleur maintien du v\u00e9hicule. Ils sont utiles d\u00e8s que le froid arrive, qu&rsquo;il pleuve ou qu&rsquo;il neige. <\/span><\/span><\/p>\n<\/li>\n<li dir=\"ltr\" style=\"list-style-type: disc; font-size: 16px; font-family: Arial; color: #000000; vertical-align: baseline; background-color: transparent;\">\n<p dir=\"ltr\" style=\"line-height: 1.38; margin-top: 0pt; margin-bottom: 0pt; text-align: justify;\"><span id=\"docs-internal-guid-fe459f97-8c99-9e5b-362a-0aa9f80e5722\"><span style=\"vertical-align: baseline; white-space: pre-wrap; background-color: transparent;\">Equipez votre v\u00e9hicule pour faire face aux impr\u00e9vus : en plus du gilet fluorescent et du triangle de pr\u00e9signalisation, d&rsquo;autres \u00e9quipements peuvent vous \u00eatre utiles si vous \u00eates coinc\u00e9 sur <\/span><\/span><span style=\"line-height: 1.38; white-space: pre-wrap; background-color: transparent;\">les routes par exemple. Il vous faudra avoir sur vous un chargeur de t\u00e9l\u00e9phone correspondant \u00e0 un embout pour allume cigare, une lampe torche, des piles, une raclette pour nettoyer les surfaces vitr\u00e9es, des cha\u00eenes \u00e0 neige (qui peuvent \u00eatre obligatoires sur certaines routes tr\u00e8s enneig\u00e9es), des gants, des v\u00eatements chauds ou une couette, et un peu de nourriture. <\/span><\/p>\n<p dir=\"ltr\" style=\"line-height: 1.38; margin-top: 0pt; margin-bottom: 0pt; text-align: justify;\">\n<\/li>\n<\/ul>\n<div dir=\"ltr\" style=\"line-height: 1.38; margin-top: 0pt; margin-bottom: 0pt; text-align: justify;\"><\/div>\n<div dir=\"ltr\" style=\"line-height: 1.38; margin-top: 0pt; margin-bottom: 0pt; text-align: justify;\"><span style=\"color: #000000; font-family: Arial; font-size: 16px; line-height: 1.38; white-space: pre-wrap; background-color: transparent;\">Quelques conseils pour adapter votre conduite :<\/span><\/div>\n<div dir=\"ltr\" style=\"line-height: 1.38; margin-top: 0pt; margin-bottom: 0pt; text-align: justify;\"><\/div>\n<ul style=\"margin-top: 0pt; margin-bottom: 0pt;\">\n<li dir=\"ltr\" style=\"list-style-type: disc; font-size: 16px; font-family: Arial; color: #000000; vertical-align: baseline; background-color: transparent;\">\n<p dir=\"ltr\" style=\"line-height: 1.38; margin-top: 0pt; margin-bottom: 0pt; text-align: justify;\"><span id=\"docs-internal-guid-fe459f97-8c99-9e5b-362a-0aa9f80e5722\"><span style=\"vertical-align: baseline; white-space: pre-wrap; background-color: transparent;\">R\u00e9duisez votre vitesse : les routes ne sont plus si s\u00fbres, n&rsquo;h\u00e9sitez pas \u00e0 ralentir un peu pour \u00eatre s\u00fbr de contr\u00f4ler votre v\u00e9hicule.<\/span><\/span><\/p>\n<\/li>\n<li dir=\"ltr\" style=\"list-style-type: disc; font-size: 16px; font-family: Arial; color: #000000; vertical-align: baseline; background-color: transparent;\">\n<p dir=\"ltr\" style=\"line-height: 1.38; margin-top: 0pt; margin-bottom: 0pt; text-align: justify;\"><span id=\"docs-internal-guid-fe459f97-8c99-9e5b-362a-0aa9f80e5722\"><span style=\"vertical-align: baseline; white-space: pre-wrap; background-color: transparent;\">Augmentez les distances de s\u00e9curit\u00e9 : le freinage prend bien plus de temps lorsque vous perdez de l&rsquo;adh\u00e9rence. Gardez toujours un espace suffisant avec le v\u00e9hicule devant vous afin de r\u00e9duire les chances de collision.<\/span><\/span><\/p>\n<\/li>\n<li dir=\"ltr\" style=\"list-style-type: disc; font-size: 16px; font-family: Arial; color: #000000; vertical-align: baseline; background-color: transparent;\">\n<p dir=\"ltr\" style=\"line-height: 1.38; margin-top: 0pt; margin-bottom: 0pt; text-align: justify;\"><span id=\"docs-internal-guid-fe459f97-8c99-9e5b-362a-0aa9f80e5722\"><span style=\"vertical-align: baseline; white-space: pre-wrap; background-color: transparent;\">Evitez les coups de volant : avec une route glissante, un coup de volant peut vous faire perdre le contr\u00f4le de votre voiture. Adoptez une conduite plus souple et plus lisse.<\/span><\/span><\/p>\n<\/li>\n<li dir=\"ltr\" style=\"list-style-type: disc; font-size: 16px; font-family: Arial; color: #000000; vertical-align: baseline; background-color: transparent;\">\n<p dir=\"ltr\" style=\"line-height: 1.38; margin-top: 0pt; margin-bottom: 0pt; text-align: justify;\"><span id=\"docs-internal-guid-fe459f97-8c99-9e5b-362a-0aa9f80e5722\"><span style=\"vertical-align: baseline; white-space: pre-wrap; background-color: transparent;\">Freinez le moins brutalement possible : de m\u00eame que pour les coups de volant, il faut freiner petit \u00e0 petit afin de ne pas augmenter les risques de faire glisser votre v\u00e9hicule.<\/span><\/span><\/p>\n<\/li>\n<li dir=\"ltr\" style=\"list-style-type: disc; font-size: 16px; font-family: Arial; color: #000000; vertical-align: baseline; background-color: transparent;\">\n<p dir=\"ltr\" style=\"line-height: 1.38; margin-top: 0pt; margin-bottom: 0pt; text-align: justify;\"><span id=\"docs-internal-guid-fe459f97-8c99-9e5b-362a-0aa9f80e5722\"><span style=\"vertical-align: baseline; white-space: pre-wrap; background-color: transparent;\">Les feux de croisement doivent \u00eatre allum\u00e9s : en tout cas, ils seront tr\u00e8s souvent allum\u00e9. Lorsque le ciel est sombre, si la nuit tombe, s&rsquo;il pleut ou s&rsquo;il neige, vous devez vous rendre visible pour les autres conducteurs.<\/span><\/span><\/p>\n<\/li>\n<li dir=\"ltr\" style=\"list-style-type: disc; font-size: 16px; font-family: Arial; color: #000000; vertical-align: baseline; background-color: transparent;\">\n<p dir=\"ltr\" style=\"line-height: 1.38; margin-top: 0pt; margin-bottom: 0pt; text-align: justify;\"><span id=\"docs-internal-guid-fe459f97-8c99-9e5b-362a-0aa9f80e5722\"><span style=\"vertical-align: baseline; white-space: pre-wrap; background-color: transparent;\">Privil\u00e9giez les axes principaux : a contrario des petites routes, ce sont les grands axes qui ont le plus de chance d&rsquo;\u00eatre d\u00e9neig\u00e9s et sal\u00e9s, \u00e9tant donn\u00e9 l&rsquo;affluence permanente sur ces lieux. La circulation fr\u00e9quente des v\u00e9hicules permet de faire dispara\u00eetre la neige petit \u00e0 petit et de r\u00e9duire les chances d&rsquo;avoir un accident. <\/span><\/span><\/p>\n<\/li>\n<\/ul>\n<div dir=\"ltr\" style=\"line-height: 1.38; margin-top: 0pt; margin-bottom: 0pt; text-align: justify;\"><\/div>\n","protected":false},"excerpt":{"rendered":"<p>L&rsquo;arriv\u00e9e de l&rsquo;hiver, c&rsquo;est le froid, la pluie, la neige, et surtout, une perte importante de visibilit\u00e9. Le nombre d&rsquo;accidents augmente consid\u00e9rablement avec la tomb\u00e9e de la nuit qui se fait de plus en plus t\u00f4t. Pour pr\u00e9parer votre v\u00e9hicule et adapter votre conduite afin d&rsquo;assurer votre s\u00e9curit\u00e9 et celle de vos passagers, voici quelques conseils.<\/p>\n","protected":false},"author":1,"featured_media":5722,"comment_status":"open","ping_status":"open","sticky":false,"template":"","format":"standard","meta":{"_acf_changed":false,"content-type":"","footnotes":""},"categories":[22],"tags":[90,85,74,105,110,109,106,108,107,73,78,96],"class_list":["post-3662","post","type-post","status-publish","format-standard","has-post-thumbnail","hentry","category-conseils-astuces","tag-autojm","tag-citroen-2","tag-dacia","tag-ds","tag-fiat","tag-ford","tag-kia","tag-nissan","tag-opel","tag-peugeot","tag-renault","tag-volkswagen"],"acf":[],"yoast_head":"<!-- This site is optimized with the Yoast SEO plugin v27.5 - https:\/\/yoast.com\/product\/yoast-seo-wordpress\/ -->\n<title>En voiture : se pr\u00e9parer pour l&#039;hiver - AutoJM Mag<\/title>\n<meta name=\"description\" content=\"L&#039;arriv\u00e9e de l&#039;hiver, c&#039;est le froid, la pluie, la neige, et surtout, une perte importante de visibilit\u00e9. Le nombre d&#039;accidents augmente...\" \/>\n<meta name=\"robots\" content=\"index, follow, max-snippet:-1, max-image-preview:large, max-video-preview:-1\" \/>\n<link rel=\"canonical\" href=\"https:\/\/www.autojm.fr\/blog\/en-voiture-se-preparer-pour-lhiver\/\" \/>\n<meta property=\"og:locale\" content=\"fr_FR\" \/>\n<meta property=\"og:type\" content=\"article\" \/>\n<meta property=\"og:title\" content=\"En voiture : se pr\u00e9parer pour l&#039;hiver - AutoJM Mag\" \/>\n<meta property=\"og:description\" content=\"L&#039;arriv\u00e9e de l&#039;hiver, c&#039;est le froid, la pluie, la neige, et surtout, une perte importante de visibilit\u00e9. Le nombre d&#039;accidents augmente...\" \/>\n<meta property=\"og:url\" content=\"https:\/\/www.autojm.fr\/blog\/en-voiture-se-preparer-pour-lhiver\/\" \/>\n<meta property=\"og:site_name\" content=\"AutoJM Mag\" \/>\n<meta property=\"article:publisher\" content=\"https:\/\/www.facebook.com\/AutoJM25\" \/>\n<meta property=\"article:published_time\" content=\"2016-11-22T00:00:00+00:00\" \/>\n<meta property=\"article:modified_time\" content=\"2023-04-19T14:44:38+00:00\" \/>\n<meta property=\"og:image\" content=\"https:\/\/www.autojm.fr\/blog\/wp-content\/uploads\/2022\/10\/385.jpg\" \/>\n\t<meta property=\"og:image:width\" content=\"848\" \/>\n\t<meta property=\"og:image:height\" content=\"448\" \/>\n\t<meta property=\"og:image:type\" content=\"image\/jpeg\" \/>\n<meta name=\"author\" content=\"Autojm\" \/>\n<meta name=\"twitter:card\" content=\"summary_large_image\" \/>\n<meta name=\"twitter:label1\" content=\"\u00c9crit par\" \/>\n\t<meta name=\"twitter:data1\" content=\"Autojm\" \/>\n\t<meta name=\"twitter:label2\" content=\"Dur\u00e9e de lecture estim\u00e9e\" \/>\n\t<meta name=\"twitter:data2\" content=\"4 minutes\" \/>\n<script type=\"application\/ld+json\" class=\"yoast-schema-graph\">{\"@context\":\"https:\\\/\\\/schema.org\",\"@graph\":[{\"@type\":\"Article\",\"@id\":\"https:\\\/\\\/www.autojm.fr\\\/blog\\\/en-voiture-se-preparer-pour-lhiver\\\/#article\",\"isPartOf\":{\"@id\":\"https:\\\/\\\/www.autojm.fr\\\/blog\\\/en-voiture-se-preparer-pour-lhiver\\\/\"},\"author\":{\"name\":\"Autojm\",\"@id\":\"https:\\\/\\\/www.autojm.fr\\\/blog\\\/#\\\/schema\\\/person\\\/9742bc77541853e0de81fc57f947e1a0\"},\"headline\":\"En voiture : se pr\u00e9parer pour l&rsquo;hiver\",\"datePublished\":\"2016-11-22T00:00:00+00:00\",\"dateModified\":\"2023-04-19T14:44:38+00:00\",\"mainEntityOfPage\":{\"@id\":\"https:\\\/\\\/www.autojm.fr\\\/blog\\\/en-voiture-se-preparer-pour-lhiver\\\/\"},\"wordCount\":780,\"commentCount\":0,\"publisher\":{\"@id\":\"https:\\\/\\\/www.autojm.fr\\\/blog\\\/#organization\"},\"image\":{\"@id\":\"https:\\\/\\\/www.autojm.fr\\\/blog\\\/en-voiture-se-preparer-pour-lhiver\\\/#primaryimage\"},\"thumbnailUrl\":\"https:\\\/\\\/www.autojm.fr\\\/blog\\\/wp-content\\\/uploads\\\/2022\\\/10\\\/385.jpg\",\"keywords\":[\"autojm\",\"Citro\u00ebn\",\"dacia\",\"DS\",\"Fiat\",\"Ford\",\"Kia\",\"Nissan\",\"Opel\",\"peugeot\",\"renault\",\"Volkswagen\"],\"articleSection\":[\"Conseils &amp; Astuces\"],\"inLanguage\":\"fr-FR\",\"potentialAction\":[{\"@type\":\"CommentAction\",\"name\":\"Comment\",\"target\":[\"https:\\\/\\\/www.autojm.fr\\\/blog\\\/en-voiture-se-preparer-pour-lhiver\\\/#respond\"]}]},{\"@type\":\"WebPage\",\"@id\":\"https:\\\/\\\/www.autojm.fr\\\/blog\\\/en-voiture-se-preparer-pour-lhiver\\\/\",\"url\":\"https:\\\/\\\/www.autojm.fr\\\/blog\\\/en-voiture-se-preparer-pour-lhiver\\\/\",\"name\":\"En voiture : se pr\u00e9parer pour l'hiver - AutoJM Mag\",\"isPartOf\":{\"@id\":\"https:\\\/\\\/www.autojm.fr\\\/blog\\\/#website\"},\"primaryImageOfPage\":{\"@id\":\"https:\\\/\\\/www.autojm.fr\\\/blog\\\/en-voiture-se-preparer-pour-lhiver\\\/#primaryimage\"},\"image\":{\"@id\":\"https:\\\/\\\/www.autojm.fr\\\/blog\\\/en-voiture-se-preparer-pour-lhiver\\\/#primaryimage\"},\"thumbnailUrl\":\"https:\\\/\\\/www.autojm.fr\\\/blog\\\/wp-content\\\/uploads\\\/2022\\\/10\\\/385.jpg\",\"datePublished\":\"2016-11-22T00:00:00+00:00\",\"dateModified\":\"2023-04-19T14:44:38+00:00\",\"description\":\"L'arriv\u00e9e de l'hiver, c'est le froid, la pluie, la neige, et surtout, une perte importante de visibilit\u00e9. Le nombre d'accidents augmente...\",\"breadcrumb\":{\"@id\":\"https:\\\/\\\/www.autojm.fr\\\/blog\\\/en-voiture-se-preparer-pour-lhiver\\\/#breadcrumb\"},\"inLanguage\":\"fr-FR\",\"potentialAction\":[{\"@type\":\"ReadAction\",\"target\":[\"https:\\\/\\\/www.autojm.fr\\\/blog\\\/en-voiture-se-preparer-pour-lhiver\\\/\"]}]},{\"@type\":\"ImageObject\",\"inLanguage\":\"fr-FR\",\"@id\":\"https:\\\/\\\/www.autojm.fr\\\/blog\\\/en-voiture-se-preparer-pour-lhiver\\\/#primaryimage\",\"url\":\"https:\\\/\\\/www.autojm.fr\\\/blog\\\/wp-content\\\/uploads\\\/2022\\\/10\\\/385.jpg\",\"contentUrl\":\"https:\\\/\\\/www.autojm.fr\\\/blog\\\/wp-content\\\/uploads\\\/2022\\\/10\\\/385.jpg\",\"width\":848,\"height\":448,\"caption\":\"Hiver\"},{\"@type\":\"BreadcrumbList\",\"@id\":\"https:\\\/\\\/www.autojm.fr\\\/blog\\\/en-voiture-se-preparer-pour-lhiver\\\/#breadcrumb\",\"itemListElement\":[{\"@type\":\"ListItem\",\"position\":1,\"name\":\"Accueil\",\"item\":\"https:\\\/\\\/www.autojm.fr\\\/blog\\\/\"},{\"@type\":\"ListItem\",\"position\":2,\"name\":\"Conseils &amp; Astuces\",\"item\":\"https:\\\/\\\/www.autojm.fr\\\/blog\\\/conseils-astuces\\\/\"},{\"@type\":\"ListItem\",\"position\":3,\"name\":\"En voiture : se pr\u00e9parer pour l&rsquo;hiver\"}]},{\"@type\":\"WebSite\",\"@id\":\"https:\\\/\\\/www.autojm.fr\\\/blog\\\/#website\",\"url\":\"https:\\\/\\\/www.autojm.fr\\\/blog\\\/\",\"name\":\"AutoJM Mag\",\"description\":\"Toute l&#039;actu auto en 1 clic !\",\"publisher\":{\"@id\":\"https:\\\/\\\/www.autojm.fr\\\/blog\\\/#organization\"},\"potentialAction\":[{\"@type\":\"SearchAction\",\"target\":{\"@type\":\"EntryPoint\",\"urlTemplate\":\"https:\\\/\\\/www.autojm.fr\\\/blog\\\/?s={search_term_string}\"},\"query-input\":{\"@type\":\"PropertyValueSpecification\",\"valueRequired\":true,\"valueName\":\"search_term_string\"}}],\"inLanguage\":\"fr-FR\"},{\"@type\":\"Organization\",\"@id\":\"https:\\\/\\\/www.autojm.fr\\\/blog\\\/#organization\",\"name\":\"AutoJM Mag\",\"url\":\"https:\\\/\\\/www.autojm.fr\\\/blog\\\/\",\"logo\":{\"@type\":\"ImageObject\",\"inLanguage\":\"fr-FR\",\"@id\":\"https:\\\/\\\/www.autojm.fr\\\/blog\\\/#\\\/schema\\\/logo\\\/image\\\/\",\"url\":\"https:\\\/\\\/www.autojm.fr\\\/blog\\\/wp-content\\\/uploads\\\/2022\\\/12\\\/cropped-AutoJMag-png.png\",\"contentUrl\":\"https:\\\/\\\/www.autojm.fr\\\/blog\\\/wp-content\\\/uploads\\\/2022\\\/12\\\/cropped-AutoJMag-png.png\",\"width\":2834,\"height\":585,\"caption\":\"AutoJM Mag\"},\"image\":{\"@id\":\"https:\\\/\\\/www.autojm.fr\\\/blog\\\/#\\\/schema\\\/logo\\\/image\\\/\"},\"sameAs\":[\"https:\\\/\\\/www.facebook.com\\\/AutoJM25\"]},{\"@type\":\"Person\",\"@id\":\"https:\\\/\\\/www.autojm.fr\\\/blog\\\/#\\\/schema\\\/person\\\/9742bc77541853e0de81fc57f947e1a0\",\"name\":\"Autojm\",\"image\":{\"@type\":\"ImageObject\",\"inLanguage\":\"fr-FR\",\"@id\":\"https:\\\/\\\/secure.gravatar.com\\\/avatar\\\/9a959d52b758fcc232fe4b6aca7bab139182573297122cce7d6f2ee0e537b418?s=96&d=mm&r=g\",\"url\":\"https:\\\/\\\/secure.gravatar.com\\\/avatar\\\/9a959d52b758fcc232fe4b6aca7bab139182573297122cce7d6f2ee0e537b418?s=96&d=mm&r=g\",\"contentUrl\":\"https:\\\/\\\/secure.gravatar.com\\\/avatar\\\/9a959d52b758fcc232fe4b6aca7bab139182573297122cce7d6f2ee0e537b418?s=96&d=mm&r=g\",\"caption\":\"Autojm\"},\"sameAs\":[\"https:\\\/\\\/www.autojm.fr\\\/blog\"],\"url\":\"https:\\\/\\\/www.autojm.fr\\\/blog\\\/author\\\/bichoi\\\/\"}]}<\/script>\n<!-- \/ Yoast SEO plugin. -->","yoast_head_json":{"title":"En voiture : se pr\u00e9parer pour l'hiver - AutoJM Mag","description":"L'arriv\u00e9e de l'hiver, c'est le froid, la pluie, la neige, et surtout, une perte importante de visibilit\u00e9. Le nombre d'accidents augmente...","robots":{"index":"index","follow":"follow","max-snippet":"max-snippet:-1","max-image-preview":"max-image-preview:large","max-video-preview":"max-video-preview:-1"},"canonical":"https:\/\/www.autojm.fr\/blog\/en-voiture-se-preparer-pour-lhiver\/","og_locale":"fr_FR","og_type":"article","og_title":"En voiture : se pr\u00e9parer pour l'hiver - AutoJM Mag","og_description":"L'arriv\u00e9e de l'hiver, c'est le froid, la pluie, la neige, et surtout, une perte importante de visibilit\u00e9. Le nombre d'accidents augmente...","og_url":"https:\/\/www.autojm.fr\/blog\/en-voiture-se-preparer-pour-lhiver\/","og_site_name":"AutoJM Mag","article_publisher":"https:\/\/www.facebook.com\/AutoJM25","article_published_time":"2016-11-22T00:00:00+00:00","article_modified_time":"2023-04-19T14:44:38+00:00","og_image":[{"width":848,"height":448,"url":"https:\/\/www.autojm.fr\/blog\/wp-content\/uploads\/2022\/10\/385.jpg","type":"image\/jpeg"}],"author":"Autojm","twitter_card":"summary_large_image","twitter_misc":{"\u00c9crit par":"Autojm","Dur\u00e9e de lecture estim\u00e9e":"4 minutes"},"schema":{"@context":"https:\/\/schema.org","@graph":[{"@type":"Article","@id":"https:\/\/www.autojm.fr\/blog\/en-voiture-se-preparer-pour-lhiver\/#article","isPartOf":{"@id":"https:\/\/www.autojm.fr\/blog\/en-voiture-se-preparer-pour-lhiver\/"},"author":{"name":"Autojm","@id":"https:\/\/www.autojm.fr\/blog\/#\/schema\/person\/9742bc77541853e0de81fc57f947e1a0"},"headline":"En voiture : se pr\u00e9parer pour l&rsquo;hiver","datePublished":"2016-11-22T00:00:00+00:00","dateModified":"2023-04-19T14:44:38+00:00","mainEntityOfPage":{"@id":"https:\/\/www.autojm.fr\/blog\/en-voiture-se-preparer-pour-lhiver\/"},"wordCount":780,"commentCount":0,"publisher":{"@id":"https:\/\/www.autojm.fr\/blog\/#organization"},"image":{"@id":"https:\/\/www.autojm.fr\/blog\/en-voiture-se-preparer-pour-lhiver\/#primaryimage"},"thumbnailUrl":"https:\/\/www.autojm.fr\/blog\/wp-content\/uploads\/2022\/10\/385.jpg","keywords":["autojm","Citro\u00ebn","dacia","DS","Fiat","Ford","Kia","Nissan","Opel","peugeot","renault","Volkswagen"],"articleSection":["Conseils &amp; Astuces"],"inLanguage":"fr-FR","potentialAction":[{"@type":"CommentAction","name":"Comment","target":["https:\/\/www.autojm.fr\/blog\/en-voiture-se-preparer-pour-lhiver\/#respond"]}]},{"@type":"WebPage","@id":"https:\/\/www.autojm.fr\/blog\/en-voiture-se-preparer-pour-lhiver\/","url":"https:\/\/www.autojm.fr\/blog\/en-voiture-se-preparer-pour-lhiver\/","name":"En voiture : se pr\u00e9parer pour l'hiver - AutoJM Mag","isPartOf":{"@id":"https:\/\/www.autojm.fr\/blog\/#website"},"primaryImageOfPage":{"@id":"https:\/\/www.autojm.fr\/blog\/en-voiture-se-preparer-pour-lhiver\/#primaryimage"},"image":{"@id":"https:\/\/www.autojm.fr\/blog\/en-voiture-se-preparer-pour-lhiver\/#primaryimage"},"thumbnailUrl":"https:\/\/www.autojm.fr\/blog\/wp-content\/uploads\/2022\/10\/385.jpg","datePublished":"2016-11-22T00:00:00+00:00","dateModified":"2023-04-19T14:44:38+00:00","description":"L'arriv\u00e9e de l'hiver, c'est le froid, la pluie, la neige, et surtout, une perte importante de visibilit\u00e9. Le nombre d'accidents augmente...","breadcrumb":{"@id":"https:\/\/www.autojm.fr\/blog\/en-voiture-se-preparer-pour-lhiver\/#breadcrumb"},"inLanguage":"fr-FR","potentialAction":[{"@type":"ReadAction","target":["https:\/\/www.autojm.fr\/blog\/en-voiture-se-preparer-pour-lhiver\/"]}]},{"@type":"ImageObject","inLanguage":"fr-FR","@id":"https:\/\/www.autojm.fr\/blog\/en-voiture-se-preparer-pour-lhiver\/#primaryimage","url":"https:\/\/www.autojm.fr\/blog\/wp-content\/uploads\/2022\/10\/385.jpg","contentUrl":"https:\/\/www.autojm.fr\/blog\/wp-content\/uploads\/2022\/10\/385.jpg","width":848,"height":448,"caption":"Hiver"},{"@type":"BreadcrumbList","@id":"https:\/\/www.autojm.fr\/blog\/en-voiture-se-preparer-pour-lhiver\/#breadcrumb","itemListElement":[{"@type":"ListItem","position":1,"name":"Accueil","item":"https:\/\/www.autojm.fr\/blog\/"},{"@type":"ListItem","position":2,"name":"Conseils &amp; Astuces","item":"https:\/\/www.autojm.fr\/blog\/conseils-astuces\/"},{"@type":"ListItem","position":3,"name":"En voiture : se pr\u00e9parer pour l&rsquo;hiver"}]},{"@type":"WebSite","@id":"https:\/\/www.autojm.fr\/blog\/#website","url":"https:\/\/www.autojm.fr\/blog\/","name":"AutoJM Mag","description":"Toute l&#039;actu auto en 1 clic !","publisher":{"@id":"https:\/\/www.autojm.fr\/blog\/#organization"},"potentialAction":[{"@type":"SearchAction","target":{"@type":"EntryPoint","urlTemplate":"https:\/\/www.autojm.fr\/blog\/?s={search_term_string}"},"query-input":{"@type":"PropertyValueSpecification","valueRequired":true,"valueName":"search_term_string"}}],"inLanguage":"fr-FR"},{"@type":"Organization","@id":"https:\/\/www.autojm.fr\/blog\/#organization","name":"AutoJM Mag","url":"https:\/\/www.autojm.fr\/blog\/","logo":{"@type":"ImageObject","inLanguage":"fr-FR","@id":"https:\/\/www.autojm.fr\/blog\/#\/schema\/logo\/image\/","url":"https:\/\/www.autojm.fr\/blog\/wp-content\/uploads\/2022\/12\/cropped-AutoJMag-png.png","contentUrl":"https:\/\/www.autojm.fr\/blog\/wp-content\/uploads\/2022\/12\/cropped-AutoJMag-png.png","width":2834,"height":585,"caption":"AutoJM Mag"},"image":{"@id":"https:\/\/www.autojm.fr\/blog\/#\/schema\/logo\/image\/"},"sameAs":["https:\/\/www.facebook.com\/AutoJM25"]},{"@type":"Person","@id":"https:\/\/www.autojm.fr\/blog\/#\/schema\/person\/9742bc77541853e0de81fc57f947e1a0","name":"Autojm","image":{"@type":"ImageObject","inLanguage":"fr-FR","@id":"https:\/\/secure.gravatar.com\/avatar\/9a959d52b758fcc232fe4b6aca7bab139182573297122cce7d6f2ee0e537b418?s=96&d=mm&r=g","url":"https:\/\/secure.gravatar.com\/avatar\/9a959d52b758fcc232fe4b6aca7bab139182573297122cce7d6f2ee0e537b418?s=96&d=mm&r=g","contentUrl":"https:\/\/secure.gravatar.com\/avatar\/9a959d52b758fcc232fe4b6aca7bab139182573297122cce7d6f2ee0e537b418?s=96&d=mm&r=g","caption":"Autojm"},"sameAs":["https:\/\/www.autojm.fr\/blog"],"url":"https:\/\/www.autojm.fr\/blog\/author\/bichoi\/"}]}},"_links":{"self":[{"href":"https:\/\/www.autojm.fr\/blog\/wp-json\/wp\/v2\/posts\/3662","targetHints":{"allow":["GET"]}}],"collection":[{"href":"https:\/\/www.autojm.fr\/blog\/wp-json\/wp\/v2\/posts"}],"about":[{"href":"https:\/\/www.autojm.fr\/blog\/wp-json\/wp\/v2\/types\/post"}],"author":[{"embeddable":true,"href":"https:\/\/www.autojm.fr\/blog\/wp-json\/wp\/v2\/users\/1"}],"replies":[{"embeddable":true,"href":"https:\/\/www.autojm.fr\/blog\/wp-json\/wp\/v2\/comments?post=3662"}],"version-history":[{"count":4,"href":"https:\/\/www.autojm.fr\/blog\/wp-json\/wp\/v2\/posts\/3662\/revisions"}],"predecessor-version":[{"id":9669,"href":"https:\/\/www.autojm.fr\/blog\/wp-json\/wp\/v2\/posts\/3662\/revisions\/9669"}],"wp:featuredmedia":[{"embeddable":true,"href":"https:\/\/www.autojm.fr\/blog\/wp-json\/wp\/v2\/media\/5722"}],"wp:attachment":[{"href":"https:\/\/www.autojm.fr\/blog\/wp-json\/wp\/v2\/media?parent=3662"}],"wp:term":[{"taxonomy":"category","embeddable":true,"href":"https:\/\/www.autojm.fr\/blog\/wp-json\/wp\/v2\/categories?post=3662"},{"taxonomy":"post_tag","embeddable":true,"href":"https:\/\/www.autojm.fr\/blog\/wp-json\/wp\/v2\/tags?post=3662"}],"curies":[{"name":"wp","href":"https:\/\/api.w.org\/{rel}","templated":true}]}}