{"id":3659,"date":"2016-11-18T00:00:00","date_gmt":"2016-11-18T00:00:00","guid":{"rendered":"https:\/\/www.autojm.fr\/blog\/le-tiguan-xl-ou-quand-volkswagen-tente-de-se-demarquer\/"},"modified":"2023-04-18T13:36:03","modified_gmt":"2023-04-18T13:36:03","slug":"le-tiguan-xl-ou-quand-volkswagen-tente-de-se-demarquer","status":"publish","type":"post","link":"https:\/\/www.autojm.fr\/blog\/le-tiguan-xl-ou-quand-volkswagen-tente-de-se-demarquer\/","title":{"rendered":"Le Tiguan XL ou quand Volkswagen tente de se d\u00e9marquer"},"content":{"rendered":"<p dir=\"ltr\" style=\"line-height: 1.38; margin-top: 0pt; margin-bottom: 0pt; text-align: justify;\"><span id=\"docs-internal-guid-fe459f97-4f09-f49c-60da-f1f6a247f4b2\"><span style=\"font-size: 16px; font-family: Arial; color: #000000; vertical-align: baseline; white-space: pre-wrap; background-color: transparent;\">La marque allemande revient avec un tout <\/span><a href=\"https:\/\/www.autojm.fr\/mandataire-voitures-neuves-volkswagen\"><span style=\"font-size: 16px; font-family: Arial; color: #1155cc; text-decoration: underline; vertical-align: baseline; white-space: pre-wrap; background-color: transparent;\">nouveau SUV<\/span><\/a><span style=\"font-size: 16px; font-family: Arial; color: #000000; vertical-align: baseline; white-space: pre-wrap; background-color: transparent;\">, plus long et plus large, et d\u00e9clinable en 7 places. Que r\u00e9serve ce nouveau mod\u00e8le, qui devrait \u00eatre visible au prochain salon de l&rsquo;automobile \u00e0 Gen\u00e8ve en 2017 ?<\/span><\/span><\/p>\n<div dir=\"ltr\" style=\"line-height: 1.38; margin-top: 0pt; margin-bottom: 0pt; text-align: justify;\"><\/div>\n<p dir=\"ltr\" style=\"line-height: 1.38; margin-top: 0pt; margin-bottom: 0pt; text-align: justify;\"><span id=\"docs-internal-guid-fe459f97-4f09-f49c-60da-f1f6a247f4b2\"><span style=\"font-size: 16px; font-family: Arial; color: #000000; vertical-align: baseline; white-space: pre-wrap; background-color: transparent;\">Marqu\u00e9 par un design \u00e0 l&rsquo;arri\u00e8re qui se veut sobre, le <\/span><a href=\"https:\/\/www.autojm.fr\/mandataire-voitures-neuves-volkswagen\"><span style=\"font-size: 16px; font-family: Arial; color: #1155cc; text-decoration: underline; vertical-align: baseline; white-space: pre-wrap; background-color: transparent;\">Tiguan <\/span><\/a><span style=\"font-size: 16px; font-family: Arial; color: #000000; vertical-align: baseline; white-space: pre-wrap; background-color: transparent;\">XL est n\u00e9anmoins dot\u00e9 de 4 roues motrices adaptatives, de passages de roues renforc\u00e9s, d&rsquo;un nouvelle calandre et de nouveaux feux. A cela s&rsquo;ajoutent \u00e9galement un hayon en biais, un petit spoiler de toit et une calandre plus large qui vient donn\u00e9 \u00e0 l&rsquo;avant un c\u00f4t\u00e9 plus agressif et plus marqu\u00e9 que l&rsquo;arri\u00e8re.<\/span><\/span><\/p>\n<div dir=\"ltr\" style=\"line-height: 1.38; margin-top: 0pt; margin-bottom: 0pt; text-align: justify;\"><\/div>\n<p dir=\"ltr\" style=\"line-height: 1.38; margin-top: 0pt; margin-bottom: 0pt; text-align: justify;\"><span id=\"docs-internal-guid-fe459f97-4f09-f49c-60da-f1f6a247f4b2\"><span style=\"font-size: 16px; font-family: Arial; color: #000000; vertical-align: baseline; white-space: pre-wrap; background-color: transparent;\">\u00c0 l&rsquo;int\u00e9rieur, petite note n\u00e9gative : l&rsquo;ambiance manque de couleur et para\u00eet triste. Cependant, le mod\u00e8le arbore un cockpit plus moderne, avec un \u00e9cran tactile 8 pouces directement connect\u00e9 au smartphone, et des compteurs digitaux. La banquette arri\u00e8re est constitu\u00e9e en ? ?, et les passagers y trouveront des tablettes et des connexions USB, et pourront \u00e9galement profiter de si\u00e8ges chauffants. Dans le coffre se trouve une trappe permettant de rabattre les si\u00e8ges arri\u00e8res pour un gain d&rsquo;espace important, ce qui lui permettra de contenir au maximum 1655 litres. Enfin, le conducteur est \u00e9galement b\u00e9n\u00e9ficiaire des am\u00e9liorations de technologies et d&rsquo;habitabilit\u00e9, puisqu&rsquo;il dispose d&rsquo;un, si\u00e8ge et d&rsquo;un volant chauffant, et d&rsquo;une vision t\u00eate haut afin de voir toute la route et d&rsquo;anticiper plus facilement. <\/span><\/span><\/p>\n<div dir=\"ltr\" style=\"line-height: 1.38; margin-top: 0pt; margin-bottom: 0pt; text-align: justify;\"><\/div>\n<p dir=\"ltr\" style=\"line-height: 1.38; margin-top: 0pt; margin-bottom: 0pt; text-align: justify;\"><span id=\"docs-internal-guid-fe459f97-4f09-f49c-60da-f1f6a247f4b2\"><span style=\"font-size: 16px; font-family: Arial; color: #000000; vertical-align: baseline; white-space: pre-wrap; background-color: transparent;\">Test\u00e9 en mode neige sur une route glissante, <\/span><span style=\"font-size: 16px; font-family: Arial; color: #000000; font-weight: bold; vertical-align: baseline; white-space: pre-wrap; background-color: transparent;\">le Tiguan XL<\/span><span style=\"font-size: 16px; font-family: Arial; color: #000000; vertical-align: baseline; white-space: pre-wrap; background-color: transparent;\"> de Volkswagen a su montr\u00e9 ses capacit\u00e9s puisqu&rsquo;il a une adh\u00e9rence remarquable m\u00eame sur une couche importante de neige. C&rsquo;est sans aucun doute lors d&rsquo;un d\u00e9marrage en pente et sur cette m\u00eame couche de neige qu&rsquo;il d\u00e9montre le maximum de sa puissance, et un contr\u00f4le qui s\u00e9curisera le conducteur puisqu&rsquo;il ne glisse pas. A bord, les conducteurs noteront une nette am\u00e9lioration de la motricit\u00e9 compar\u00e9, et une adh\u00e9rence de haute qualit\u00e9 m\u00eame sans le mode neige.<\/span><\/span><\/p>\n<div dir=\"ltr\" style=\"line-height: 1.38; margin-top: 0pt; margin-bottom: 0pt; text-align: justify;\"><\/div>\n<p><span id=\"docs-internal-guid-fe459f97-4f09-f49c-60da-f1f6a247f4b2\"><span style=\"font-size: 16px; font-family: Arial; color: #000000; vertical-align: baseline; white-space: pre-wrap; background-color: transparent;\">Le mod\u00e8le sera disponible en version diesel \u00e0 150 ch et en version essence \u00e0 180 ch. D&rsquo;autres versions s&rsquo;ajouteront et seront d\u00e9crites lors de la premi\u00e8re apparition du mod\u00e8le. Gr\u00e2ce \u00e0 une version plus moderne et des technologies de pointe, il s&rsquo;inscrira (de par son prix) dans la gamme des SUV de haute qualit\u00e9.<\/span><\/span><\/p>\n","protected":false},"excerpt":{"rendered":"<p>La marque allemande revient avec un tout nouveau SUV, plus long et plus large, et d\u00e9clinable en 7 places. Que r\u00e9serve ce nouveau mod\u00e8le, qui devrait \u00eatre visible au prochain salon de l&rsquo;automobile \u00e0 Gen\u00e8ve en 2017 ?<\/p>\n","protected":false},"author":1,"featured_media":5719,"comment_status":"open","ping_status":"open","sticky":false,"template":"","format":"standard","meta":{"_acf_changed":false,"content-type":"","footnotes":""},"categories":[264,61],"tags":[90,203,96],"class_list":["post-3659","post","type-post","status-publish","format-standard","has-post-thumbnail","hentry","category-nouveaute-volkswagen","category-nouveautes-autos","tag-autojm","tag-tiguan-xl","tag-volkswagen"],"acf":[],"yoast_head":"<!-- This site is optimized with the Yoast SEO plugin v27.5 - https:\/\/yoast.com\/product\/yoast-seo-wordpress\/ -->\n<title>Le Tiguan XL ou quand Volkswagen tente de se d\u00e9marquer<\/title>\n<meta name=\"description\" content=\"La marque allemande revient avec un tout nouveau SUV, plus long et plus large, et d\u00e9clinable en 7 places. Que r\u00e9serve ce nouveau mod\u00e8le...\" \/>\n<meta name=\"robots\" content=\"index, follow, max-snippet:-1, max-image-preview:large, max-video-preview:-1\" \/>\n<link rel=\"canonical\" href=\"https:\/\/www.autojm.fr\/blog\/le-tiguan-xl-ou-quand-volkswagen-tente-de-se-demarquer\/\" \/>\n<meta property=\"og:locale\" content=\"fr_FR\" \/>\n<meta property=\"og:type\" content=\"article\" \/>\n<meta property=\"og:title\" content=\"Le Tiguan XL ou quand Volkswagen tente de se d\u00e9marquer\" \/>\n<meta property=\"og:description\" content=\"La marque allemande revient avec un tout nouveau SUV, plus long et plus large, et d\u00e9clinable en 7 places. Que r\u00e9serve ce nouveau mod\u00e8le...\" \/>\n<meta property=\"og:url\" content=\"https:\/\/www.autojm.fr\/blog\/le-tiguan-xl-ou-quand-volkswagen-tente-de-se-demarquer\/\" \/>\n<meta property=\"og:site_name\" content=\"AutoJM Mag\" \/>\n<meta property=\"article:publisher\" content=\"https:\/\/www.facebook.com\/AutoJM25\" \/>\n<meta property=\"article:published_time\" content=\"2016-11-18T00:00:00+00:00\" \/>\n<meta property=\"article:modified_time\" content=\"2023-04-18T13:36:03+00:00\" \/>\n<meta property=\"og:image\" content=\"https:\/\/www.autojm.fr\/blog\/wp-content\/uploads\/2022\/10\/382.jpg\" \/>\n\t<meta property=\"og:image:width\" content=\"1131\" \/>\n\t<meta property=\"og:image:height\" content=\"637\" \/>\n\t<meta property=\"og:image:type\" content=\"image\/jpeg\" \/>\n<meta name=\"author\" content=\"Autojm\" \/>\n<meta name=\"twitter:card\" content=\"summary_large_image\" \/>\n<meta name=\"twitter:label1\" content=\"\u00c9crit par\" \/>\n\t<meta name=\"twitter:data1\" content=\"Autojm\" \/>\n\t<meta name=\"twitter:label2\" content=\"Dur\u00e9e de lecture estim\u00e9e\" \/>\n\t<meta name=\"twitter:data2\" content=\"2 minutes\" \/>\n<script type=\"application\/ld+json\" class=\"yoast-schema-graph\">{\"@context\":\"https:\\\/\\\/schema.org\",\"@graph\":[{\"@type\":\"Article\",\"@id\":\"https:\\\/\\\/www.autojm.fr\\\/blog\\\/le-tiguan-xl-ou-quand-volkswagen-tente-de-se-demarquer\\\/#article\",\"isPartOf\":{\"@id\":\"https:\\\/\\\/www.autojm.fr\\\/blog\\\/le-tiguan-xl-ou-quand-volkswagen-tente-de-se-demarquer\\\/\"},\"author\":{\"name\":\"Autojm\",\"@id\":\"https:\\\/\\\/www.autojm.fr\\\/blog\\\/#\\\/schema\\\/person\\\/9742bc77541853e0de81fc57f947e1a0\"},\"headline\":\"Le Tiguan XL ou quand Volkswagen tente de se d\u00e9marquer\",\"datePublished\":\"2016-11-18T00:00:00+00:00\",\"dateModified\":\"2023-04-18T13:36:03+00:00\",\"mainEntityOfPage\":{\"@id\":\"https:\\\/\\\/www.autojm.fr\\\/blog\\\/le-tiguan-xl-ou-quand-volkswagen-tente-de-se-demarquer\\\/\"},\"wordCount\":401,\"commentCount\":0,\"publisher\":{\"@id\":\"https:\\\/\\\/www.autojm.fr\\\/blog\\\/#organization\"},\"image\":{\"@id\":\"https:\\\/\\\/www.autojm.fr\\\/blog\\\/le-tiguan-xl-ou-quand-volkswagen-tente-de-se-demarquer\\\/#primaryimage\"},\"thumbnailUrl\":\"https:\\\/\\\/www.autojm.fr\\\/blog\\\/wp-content\\\/uploads\\\/2022\\\/10\\\/382.jpg\",\"keywords\":[\"autojm\",\"Tiguan XL\",\"Volkswagen\"],\"articleSection\":[\"Nouveaut\u00e9 Volkswagen\",\"Nouveaut\u00e9s Autos\"],\"inLanguage\":\"fr-FR\",\"potentialAction\":[{\"@type\":\"CommentAction\",\"name\":\"Comment\",\"target\":[\"https:\\\/\\\/www.autojm.fr\\\/blog\\\/le-tiguan-xl-ou-quand-volkswagen-tente-de-se-demarquer\\\/#respond\"]}]},{\"@type\":\"WebPage\",\"@id\":\"https:\\\/\\\/www.autojm.fr\\\/blog\\\/le-tiguan-xl-ou-quand-volkswagen-tente-de-se-demarquer\\\/\",\"url\":\"https:\\\/\\\/www.autojm.fr\\\/blog\\\/le-tiguan-xl-ou-quand-volkswagen-tente-de-se-demarquer\\\/\",\"name\":\"Le Tiguan XL ou quand Volkswagen tente de se d\u00e9marquer\",\"isPartOf\":{\"@id\":\"https:\\\/\\\/www.autojm.fr\\\/blog\\\/#website\"},\"primaryImageOfPage\":{\"@id\":\"https:\\\/\\\/www.autojm.fr\\\/blog\\\/le-tiguan-xl-ou-quand-volkswagen-tente-de-se-demarquer\\\/#primaryimage\"},\"image\":{\"@id\":\"https:\\\/\\\/www.autojm.fr\\\/blog\\\/le-tiguan-xl-ou-quand-volkswagen-tente-de-se-demarquer\\\/#primaryimage\"},\"thumbnailUrl\":\"https:\\\/\\\/www.autojm.fr\\\/blog\\\/wp-content\\\/uploads\\\/2022\\\/10\\\/382.jpg\",\"datePublished\":\"2016-11-18T00:00:00+00:00\",\"dateModified\":\"2023-04-18T13:36:03+00:00\",\"description\":\"La marque allemande revient avec un tout nouveau SUV, plus long et plus large, et d\u00e9clinable en 7 places. Que r\u00e9serve ce nouveau mod\u00e8le...\",\"breadcrumb\":{\"@id\":\"https:\\\/\\\/www.autojm.fr\\\/blog\\\/le-tiguan-xl-ou-quand-volkswagen-tente-de-se-demarquer\\\/#breadcrumb\"},\"inLanguage\":\"fr-FR\",\"potentialAction\":[{\"@type\":\"ReadAction\",\"target\":[\"https:\\\/\\\/www.autojm.fr\\\/blog\\\/le-tiguan-xl-ou-quand-volkswagen-tente-de-se-demarquer\\\/\"]}]},{\"@type\":\"ImageObject\",\"inLanguage\":\"fr-FR\",\"@id\":\"https:\\\/\\\/www.autojm.fr\\\/blog\\\/le-tiguan-xl-ou-quand-volkswagen-tente-de-se-demarquer\\\/#primaryimage\",\"url\":\"https:\\\/\\\/www.autojm.fr\\\/blog\\\/wp-content\\\/uploads\\\/2022\\\/10\\\/382.jpg\",\"contentUrl\":\"https:\\\/\\\/www.autojm.fr\\\/blog\\\/wp-content\\\/uploads\\\/2022\\\/10\\\/382.jpg\",\"width\":1131,\"height\":637,\"caption\":\"Tiguan XL\"},{\"@type\":\"BreadcrumbList\",\"@id\":\"https:\\\/\\\/www.autojm.fr\\\/blog\\\/le-tiguan-xl-ou-quand-volkswagen-tente-de-se-demarquer\\\/#breadcrumb\",\"itemListElement\":[{\"@type\":\"ListItem\",\"position\":1,\"name\":\"Accueil\",\"item\":\"https:\\\/\\\/www.autojm.fr\\\/blog\\\/\"},{\"@type\":\"ListItem\",\"position\":2,\"name\":\"Nouveaut\u00e9s Autos\",\"item\":\"https:\\\/\\\/www.autojm.fr\\\/blog\\\/nouveautes-autos\\\/\"},{\"@type\":\"ListItem\",\"position\":3,\"name\":\"Le Tiguan XL ou quand Volkswagen tente de se d\u00e9marquer\"}]},{\"@type\":\"WebSite\",\"@id\":\"https:\\\/\\\/www.autojm.fr\\\/blog\\\/#website\",\"url\":\"https:\\\/\\\/www.autojm.fr\\\/blog\\\/\",\"name\":\"AutoJM Mag\",\"description\":\"Toute l&#039;actu auto en 1 clic !\",\"publisher\":{\"@id\":\"https:\\\/\\\/www.autojm.fr\\\/blog\\\/#organization\"},\"potentialAction\":[{\"@type\":\"SearchAction\",\"target\":{\"@type\":\"EntryPoint\",\"urlTemplate\":\"https:\\\/\\\/www.autojm.fr\\\/blog\\\/?s={search_term_string}\"},\"query-input\":{\"@type\":\"PropertyValueSpecification\",\"valueRequired\":true,\"valueName\":\"search_term_string\"}}],\"inLanguage\":\"fr-FR\"},{\"@type\":\"Organization\",\"@id\":\"https:\\\/\\\/www.autojm.fr\\\/blog\\\/#organization\",\"name\":\"AutoJM Mag\",\"url\":\"https:\\\/\\\/www.autojm.fr\\\/blog\\\/\",\"logo\":{\"@type\":\"ImageObject\",\"inLanguage\":\"fr-FR\",\"@id\":\"https:\\\/\\\/www.autojm.fr\\\/blog\\\/#\\\/schema\\\/logo\\\/image\\\/\",\"url\":\"https:\\\/\\\/www.autojm.fr\\\/blog\\\/wp-content\\\/uploads\\\/2022\\\/12\\\/cropped-AutoJMag-png.png\",\"contentUrl\":\"https:\\\/\\\/www.autojm.fr\\\/blog\\\/wp-content\\\/uploads\\\/2022\\\/12\\\/cropped-AutoJMag-png.png\",\"width\":2834,\"height\":585,\"caption\":\"AutoJM Mag\"},\"image\":{\"@id\":\"https:\\\/\\\/www.autojm.fr\\\/blog\\\/#\\\/schema\\\/logo\\\/image\\\/\"},\"sameAs\":[\"https:\\\/\\\/www.facebook.com\\\/AutoJM25\"]},{\"@type\":\"Person\",\"@id\":\"https:\\\/\\\/www.autojm.fr\\\/blog\\\/#\\\/schema\\\/person\\\/9742bc77541853e0de81fc57f947e1a0\",\"name\":\"Autojm\",\"image\":{\"@type\":\"ImageObject\",\"inLanguage\":\"fr-FR\",\"@id\":\"https:\\\/\\\/secure.gravatar.com\\\/avatar\\\/9a959d52b758fcc232fe4b6aca7bab139182573297122cce7d6f2ee0e537b418?s=96&d=mm&r=g\",\"url\":\"https:\\\/\\\/secure.gravatar.com\\\/avatar\\\/9a959d52b758fcc232fe4b6aca7bab139182573297122cce7d6f2ee0e537b418?s=96&d=mm&r=g\",\"contentUrl\":\"https:\\\/\\\/secure.gravatar.com\\\/avatar\\\/9a959d52b758fcc232fe4b6aca7bab139182573297122cce7d6f2ee0e537b418?s=96&d=mm&r=g\",\"caption\":\"Autojm\"},\"sameAs\":[\"https:\\\/\\\/www.autojm.fr\\\/blog\"],\"url\":\"https:\\\/\\\/www.autojm.fr\\\/blog\\\/author\\\/bichoi\\\/\"}]}<\/script>\n<!-- \/ Yoast SEO plugin. -->","yoast_head_json":{"title":"Le Tiguan XL ou quand Volkswagen tente de se d\u00e9marquer","description":"La marque allemande revient avec un tout nouveau SUV, plus long et plus large, et d\u00e9clinable en 7 places. Que r\u00e9serve ce nouveau mod\u00e8le...","robots":{"index":"index","follow":"follow","max-snippet":"max-snippet:-1","max-image-preview":"max-image-preview:large","max-video-preview":"max-video-preview:-1"},"canonical":"https:\/\/www.autojm.fr\/blog\/le-tiguan-xl-ou-quand-volkswagen-tente-de-se-demarquer\/","og_locale":"fr_FR","og_type":"article","og_title":"Le Tiguan XL ou quand Volkswagen tente de se d\u00e9marquer","og_description":"La marque allemande revient avec un tout nouveau SUV, plus long et plus large, et d\u00e9clinable en 7 places. Que r\u00e9serve ce nouveau mod\u00e8le...","og_url":"https:\/\/www.autojm.fr\/blog\/le-tiguan-xl-ou-quand-volkswagen-tente-de-se-demarquer\/","og_site_name":"AutoJM Mag","article_publisher":"https:\/\/www.facebook.com\/AutoJM25","article_published_time":"2016-11-18T00:00:00+00:00","article_modified_time":"2023-04-18T13:36:03+00:00","og_image":[{"width":1131,"height":637,"url":"https:\/\/www.autojm.fr\/blog\/wp-content\/uploads\/2022\/10\/382.jpg","type":"image\/jpeg"}],"author":"Autojm","twitter_card":"summary_large_image","twitter_misc":{"\u00c9crit par":"Autojm","Dur\u00e9e de lecture estim\u00e9e":"2 minutes"},"schema":{"@context":"https:\/\/schema.org","@graph":[{"@type":"Article","@id":"https:\/\/www.autojm.fr\/blog\/le-tiguan-xl-ou-quand-volkswagen-tente-de-se-demarquer\/#article","isPartOf":{"@id":"https:\/\/www.autojm.fr\/blog\/le-tiguan-xl-ou-quand-volkswagen-tente-de-se-demarquer\/"},"author":{"name":"Autojm","@id":"https:\/\/www.autojm.fr\/blog\/#\/schema\/person\/9742bc77541853e0de81fc57f947e1a0"},"headline":"Le Tiguan XL ou quand Volkswagen tente de se d\u00e9marquer","datePublished":"2016-11-18T00:00:00+00:00","dateModified":"2023-04-18T13:36:03+00:00","mainEntityOfPage":{"@id":"https:\/\/www.autojm.fr\/blog\/le-tiguan-xl-ou-quand-volkswagen-tente-de-se-demarquer\/"},"wordCount":401,"commentCount":0,"publisher":{"@id":"https:\/\/www.autojm.fr\/blog\/#organization"},"image":{"@id":"https:\/\/www.autojm.fr\/blog\/le-tiguan-xl-ou-quand-volkswagen-tente-de-se-demarquer\/#primaryimage"},"thumbnailUrl":"https:\/\/www.autojm.fr\/blog\/wp-content\/uploads\/2022\/10\/382.jpg","keywords":["autojm","Tiguan XL","Volkswagen"],"articleSection":["Nouveaut\u00e9 Volkswagen","Nouveaut\u00e9s Autos"],"inLanguage":"fr-FR","potentialAction":[{"@type":"CommentAction","name":"Comment","target":["https:\/\/www.autojm.fr\/blog\/le-tiguan-xl-ou-quand-volkswagen-tente-de-se-demarquer\/#respond"]}]},{"@type":"WebPage","@id":"https:\/\/www.autojm.fr\/blog\/le-tiguan-xl-ou-quand-volkswagen-tente-de-se-demarquer\/","url":"https:\/\/www.autojm.fr\/blog\/le-tiguan-xl-ou-quand-volkswagen-tente-de-se-demarquer\/","name":"Le Tiguan XL ou quand Volkswagen tente de se d\u00e9marquer","isPartOf":{"@id":"https:\/\/www.autojm.fr\/blog\/#website"},"primaryImageOfPage":{"@id":"https:\/\/www.autojm.fr\/blog\/le-tiguan-xl-ou-quand-volkswagen-tente-de-se-demarquer\/#primaryimage"},"image":{"@id":"https:\/\/www.autojm.fr\/blog\/le-tiguan-xl-ou-quand-volkswagen-tente-de-se-demarquer\/#primaryimage"},"thumbnailUrl":"https:\/\/www.autojm.fr\/blog\/wp-content\/uploads\/2022\/10\/382.jpg","datePublished":"2016-11-18T00:00:00+00:00","dateModified":"2023-04-18T13:36:03+00:00","description":"La marque allemande revient avec un tout nouveau SUV, plus long et plus large, et d\u00e9clinable en 7 places. Que r\u00e9serve ce nouveau mod\u00e8le...","breadcrumb":{"@id":"https:\/\/www.autojm.fr\/blog\/le-tiguan-xl-ou-quand-volkswagen-tente-de-se-demarquer\/#breadcrumb"},"inLanguage":"fr-FR","potentialAction":[{"@type":"ReadAction","target":["https:\/\/www.autojm.fr\/blog\/le-tiguan-xl-ou-quand-volkswagen-tente-de-se-demarquer\/"]}]},{"@type":"ImageObject","inLanguage":"fr-FR","@id":"https:\/\/www.autojm.fr\/blog\/le-tiguan-xl-ou-quand-volkswagen-tente-de-se-demarquer\/#primaryimage","url":"https:\/\/www.autojm.fr\/blog\/wp-content\/uploads\/2022\/10\/382.jpg","contentUrl":"https:\/\/www.autojm.fr\/blog\/wp-content\/uploads\/2022\/10\/382.jpg","width":1131,"height":637,"caption":"Tiguan XL"},{"@type":"BreadcrumbList","@id":"https:\/\/www.autojm.fr\/blog\/le-tiguan-xl-ou-quand-volkswagen-tente-de-se-demarquer\/#breadcrumb","itemListElement":[{"@type":"ListItem","position":1,"name":"Accueil","item":"https:\/\/www.autojm.fr\/blog\/"},{"@type":"ListItem","position":2,"name":"Nouveaut\u00e9s Autos","item":"https:\/\/www.autojm.fr\/blog\/nouveautes-autos\/"},{"@type":"ListItem","position":3,"name":"Le Tiguan XL ou quand Volkswagen tente de se d\u00e9marquer"}]},{"@type":"WebSite","@id":"https:\/\/www.autojm.fr\/blog\/#website","url":"https:\/\/www.autojm.fr\/blog\/","name":"AutoJM Mag","description":"Toute l&#039;actu auto en 1 clic !","publisher":{"@id":"https:\/\/www.autojm.fr\/blog\/#organization"},"potentialAction":[{"@type":"SearchAction","target":{"@type":"EntryPoint","urlTemplate":"https:\/\/www.autojm.fr\/blog\/?s={search_term_string}"},"query-input":{"@type":"PropertyValueSpecification","valueRequired":true,"valueName":"search_term_string"}}],"inLanguage":"fr-FR"},{"@type":"Organization","@id":"https:\/\/www.autojm.fr\/blog\/#organization","name":"AutoJM Mag","url":"https:\/\/www.autojm.fr\/blog\/","logo":{"@type":"ImageObject","inLanguage":"fr-FR","@id":"https:\/\/www.autojm.fr\/blog\/#\/schema\/logo\/image\/","url":"https:\/\/www.autojm.fr\/blog\/wp-content\/uploads\/2022\/12\/cropped-AutoJMag-png.png","contentUrl":"https:\/\/www.autojm.fr\/blog\/wp-content\/uploads\/2022\/12\/cropped-AutoJMag-png.png","width":2834,"height":585,"caption":"AutoJM Mag"},"image":{"@id":"https:\/\/www.autojm.fr\/blog\/#\/schema\/logo\/image\/"},"sameAs":["https:\/\/www.facebook.com\/AutoJM25"]},{"@type":"Person","@id":"https:\/\/www.autojm.fr\/blog\/#\/schema\/person\/9742bc77541853e0de81fc57f947e1a0","name":"Autojm","image":{"@type":"ImageObject","inLanguage":"fr-FR","@id":"https:\/\/secure.gravatar.com\/avatar\/9a959d52b758fcc232fe4b6aca7bab139182573297122cce7d6f2ee0e537b418?s=96&d=mm&r=g","url":"https:\/\/secure.gravatar.com\/avatar\/9a959d52b758fcc232fe4b6aca7bab139182573297122cce7d6f2ee0e537b418?s=96&d=mm&r=g","contentUrl":"https:\/\/secure.gravatar.com\/avatar\/9a959d52b758fcc232fe4b6aca7bab139182573297122cce7d6f2ee0e537b418?s=96&d=mm&r=g","caption":"Autojm"},"sameAs":["https:\/\/www.autojm.fr\/blog"],"url":"https:\/\/www.autojm.fr\/blog\/author\/bichoi\/"}]}},"_links":{"self":[{"href":"https:\/\/www.autojm.fr\/blog\/wp-json\/wp\/v2\/posts\/3659","targetHints":{"allow":["GET"]}}],"collection":[{"href":"https:\/\/www.autojm.fr\/blog\/wp-json\/wp\/v2\/posts"}],"about":[{"href":"https:\/\/www.autojm.fr\/blog\/wp-json\/wp\/v2\/types\/post"}],"author":[{"embeddable":true,"href":"https:\/\/www.autojm.fr\/blog\/wp-json\/wp\/v2\/users\/1"}],"replies":[{"embeddable":true,"href":"https:\/\/www.autojm.fr\/blog\/wp-json\/wp\/v2\/comments?post=3659"}],"version-history":[{"count":5,"href":"https:\/\/www.autojm.fr\/blog\/wp-json\/wp\/v2\/posts\/3659\/revisions"}],"predecessor-version":[{"id":9363,"href":"https:\/\/www.autojm.fr\/blog\/wp-json\/wp\/v2\/posts\/3659\/revisions\/9363"}],"wp:featuredmedia":[{"embeddable":true,"href":"https:\/\/www.autojm.fr\/blog\/wp-json\/wp\/v2\/media\/5719"}],"wp:attachment":[{"href":"https:\/\/www.autojm.fr\/blog\/wp-json\/wp\/v2\/media?parent=3659"}],"wp:term":[{"taxonomy":"category","embeddable":true,"href":"https:\/\/www.autojm.fr\/blog\/wp-json\/wp\/v2\/categories?post=3659"},{"taxonomy":"post_tag","embeddable":true,"href":"https:\/\/www.autojm.fr\/blog\/wp-json\/wp\/v2\/tags?post=3659"}],"curies":[{"name":"wp","href":"https:\/\/api.w.org\/{rel}","templated":true}]}}