{"id":3658,"date":"2017-03-07T00:00:00","date_gmt":"2017-03-07T00:00:00","guid":{"rendered":"https:\/\/www.autojm.fr\/blog\/geneve-2017-peugeot-5008-vs-skoda-kodiaq\/"},"modified":"2023-04-19T09:44:28","modified_gmt":"2023-04-19T09:44:28","slug":"geneve-2017-peugeot-5008-vs-skoda-kodiaq","status":"publish","type":"post","link":"https:\/\/www.autojm.fr\/blog\/geneve-2017-peugeot-5008-vs-skoda-kodiaq\/","title":{"rendered":"Gen\u00e8ve 2017 : Peugeot 5008 VS Skoda Kodiaq"},"content":{"rendered":"<p dir=\"ltr\" style=\"line-height: 1.38; margin-top: 0pt; margin-bottom: 0pt; text-align: justify;\"><span id=\"docs-internal-guid-fe459f97-4efb-ad0d-ca97-e82765481525\"><span style=\"font-size: 16px; font-family: Arial; color: #000000; vertical-align: baseline; white-space: pre-wrap; background-color: transparent;\">Les SUV sont en haut de l&rsquo;\u00e9chelle de la popularit\u00e9 dans le domaine de l&rsquo;automobile. Depuis quelques ann\u00e9es, ces mod\u00e8les au look mi 4&#215;4, mi familiale, s\u00e9duisent. Et pour s\u00e9duire toujours plus de conducteurs amateurs, les marques y investissent \u00e9norm\u00e9ment pour se d\u00e9marquer des concurrents. Alors que le Peugeot 5008 restyl\u00e9 va bient\u00f4t arriver sur le march\u00e9, il fait d\u00e9j\u00e0 peur aux marques concurrentes de Peugeot. Mis en comp\u00e9tition avec le futur Skoda Kodiaq, voici ce qu&rsquo;il faut savoir s&rsquo;il l&rsquo;on h\u00e9site entre ces deux mod\u00e8les. <\/span><\/span><\/p>\n<div dir=\"ltr\" style=\"line-height: 1.38; margin-top: 0pt; margin-bottom: 0pt; text-align: justify;\"><\/div>\n<p dir=\"ltr\" style=\"line-height: 1.38; margin-top: 0pt; margin-bottom: 0pt; text-align: justify;\"><span id=\"docs-internal-guid-fe459f97-4efb-ad0d-ca97-e82765481525\"><span style=\"font-size: 16px; font-family: Arial; color: #000000; vertical-align: baseline; white-space: pre-wrap; background-color: transparent;\">Un gain d&rsquo;espace est notable sur le Skoda Kodiaq qui mesure 4.70m de longueur contre 4.64m pour le nouveau 5008. De ce fait, il prend \u00e9galement le point sur le volume coffre puisqu&rsquo;il peut contenir jusqu&rsquo;\u00e0 2065 L, contre 2042 L pour son concurrent. Cependant, <\/span><a href=\"https:\/\/www.autojm.fr\/mandataire-voitures-neuves-peugeot\"><span style=\"font-size: 16px; font-family: Arial; color: #1155cc; text-decoration: underline; vertical-align: baseline; white-space: pre-wrap; background-color: transparent;\">le nouveau 5008<\/span><\/a><span style=\"font-size: 16px; font-family: Arial; color: #000000; vertical-align: baseline; white-space: pre-wrap; background-color: transparent;\">, offre une modularit\u00e9 bien plus appr\u00e9ciable gr\u00e2ce \u00e0 3 si\u00e8ges arri\u00e8res ind\u00e9pendants et escamotables, auxquels s&rsquo;ajoutent 2 si\u00e8ges dispos\u00e9s \u00e0 l&rsquo;arri\u00e8re du v\u00e9hicule, qui sont extractibles et permettent d&rsquo;organiser son v\u00e9hicule selon ses besoins. Le SUV Tch\u00e8que se contentera alors d&rsquo;une banquette arri\u00e8re en 2\/3 1\/3, rien d&rsquo;original.<\/span><\/span><\/p>\n<p dir=\"ltr\" style=\"line-height: 1.38; margin-top: 0pt; margin-bottom: 0pt; text-align: justify;\">\n<p dir=\"ltr\" style=\"line-height: 1.38; margin-top: 0pt; margin-bottom: 0pt; text-align: justify;\">\n<p dir=\"ltr\" style=\"line-height: 1.38; margin-top: 0pt; margin-bottom: 0pt; text-align: justify;\">\n<div><span style=\"font-size: 16px; font-family: Arial; color: #000000; vertical-align: baseline; white-space: pre-wrap; background-color: transparent;\">Pour ce qui est de la puissance de ces SUV, c&rsquo;est Skoda qui r\u00e9cup\u00e8re le point et de loin. Le mod\u00e8le <\/span><span style=\"color: #000000; font-family: Arial; font-size: 16px; text-align: justify; white-space: pre-wrap;\">Tch\u00e8que <\/span><span style=\"font-size: 16px; font-family: Arial; color: #000000; vertical-align: baseline; white-space: pre-wrap; background-color: transparent;\">peut accueillir 2 ou 4 roues motrices, contre 2 seulement pour son concurrent. Il dispose de 3 mod\u00e8les essence, c&rsquo;est un mod\u00e8le de plus que pour le SUV de la marque au Lion. Il contient \u00e9galement un moteur \u00e0 190 ch sur le meilleur de ses mod\u00e8les, et une bo\u00eete automatique DSG \u00e0 double embrayage en option, l\u00e0 o\u00f9 le nouveau 5008 ne peut rivaliser avec seulement 180 chevaux pour son meilleur moteur, et une bo\u00eete automatique EAT 6.<\/span><\/div>\n<div dir=\"ltr\" style=\"line-height: 1.38; margin-top: 0pt; margin-bottom: 0pt; text-align: justify;\"><\/div>\n<p dir=\"ltr\" style=\"line-height: 1.38; margin-top: 0pt; margin-bottom: 0pt; text-align: justify;\"><span id=\"docs-internal-guid-fe459f97-4efb-ad0d-ca97-e82765481525\"><span style=\"font-size: 16px; font-family: Arial; color: #000000; vertical-align: baseline; white-space: pre-wrap; background-color: transparent;\">Le I-cockpit du nouveau 5008, \u00e9gal \u00e0 celui du <\/span><span style=\"font-size: 16px; font-family: Arial; color: #1155cc; text-decoration: underline; vertical-align: baseline; white-space: pre-wrap; background-color: transparent;\">Peugeot 3008<\/span><span style=\"font-size: 16px; font-family: Arial; color: #000000; vertical-align: baseline; white-space: pre-wrap; background-color: transparent;\"> sorti r\u00e9cemment, permet \u00e0 la marque au Lion de marquer un point suppl\u00e9mentaire. Avec de nouvelles fonctions pour une utilisation plus simple, et les derni\u00e8res technologies de pointe, il est plus remarquable que celui de son concurrent, qui ne peut se valoriser que gr\u00e2ce \u00e0 une qualit\u00e9 de fabrication de haut niveau.<\/span><\/span><\/p>\n<p dir=\"ltr\" style=\"line-height: 1.38; margin-top: 0pt; margin-bottom: 0pt; text-align: center;\">\n<p dir=\"ltr\" style=\"line-height: 1.38; margin-top: 0pt; margin-bottom: 0pt; text-align: center;\">\n<div dir=\"ltr\" style=\"line-height: 1.38; margin-top: 0pt; margin-bottom: 0pt; text-align: center;\"><\/div>\n<p dir=\"ltr\" style=\"line-height: 1.38; margin-top: 0pt; margin-bottom: 0pt; text-align: justify;\">\n<p dir=\"ltr\" style=\"line-height: 1.38; margin-top: 0pt; margin-bottom: 0pt; text-align: justify;\"><span id=\"docs-internal-guid-fe459f97-4efb-ad0d-ca97-e82765481525\"><span style=\"font-size: 16px; font-family: Arial; color: #000000; vertical-align: baseline; white-space: pre-wrap; background-color: transparent;\">Enfin, ces deux mod\u00e8les sont \u00e9quip\u00e9 de fonctions d&rsquo;aide \u00e0 la conduite qui s&rsquo;inspirent des derni\u00e8res technologies : freinage d&rsquo;urgence automatique, l&rsquo;alerte collision, l&rsquo;alerte de franchissement involontaire de ligne, la reconnaissance des panneaux ou encore le r\u00e9gulateur de vitesse adaptatif et la surveillance des angles morts. N\u00e9anmoins, le SUV de Skoda r\u00e9cup\u00e8re le point gr\u00e2ce \u00e0 des technologies que l&rsquo;on ne trouvera pas dans le nouveau 5008, telles que le syst\u00e8me de communication par micro et haut-parleur pour parler avec les passagers de la 3\u00e8me rang\u00e9e, des protections pour les rayures et accrocs des porti\u00e8res au quotidien, et des parapluies dans les contre-portes\u2026 Comme dans une Rolls-Royce. De plus, le mod\u00e8le <\/span><\/span><span style=\"color: #000000; font-family: Arial; font-size: 16px; text-align: justify; white-space: pre-wrap;\">Tch\u00e8que <\/span><span style=\"font-size: 16px; font-family: Arial; color: #000000; vertical-align: baseline; white-space: pre-wrap; background-color: transparent;\">est \u00e9quip\u00e9 d&rsquo;un syst\u00e8me d&rsquo;aide avec remorque, une technologie que l&rsquo;on ne pourra pas non plus trouver chez le <a href=\"https:\/\/www.autojm.fr\/mandataire-voitures-neuves-peugeot\">SUV de Peugeot.<\/a><\/span><\/p>\n<div dir=\"ltr\" style=\"line-height: 1.38; margin-top: 0pt; margin-bottom: 0pt; text-align: justify;\"><\/div>\n<p><strong><span id=\"docs-internal-guid-fe459f97-4efb-ad0d-ca97-e82765481525\"><span style=\"font-size: 16px; font-family: Arial; color: #000000; vertical-align: baseline; white-space: pre-wrap; background-color: transparent;\">Alors que chacun aura ses qualit\u00e9s, ses atouts, ils feront tous deux leur entr\u00e9e sur le march\u00e9 \u00e0 la m\u00eame p\u00e9riode. Quel mod\u00e8le aura le dernier mot ? <\/span><\/span><\/strong><\/p>\n","protected":false},"excerpt":{"rendered":"<p>Les SUV sont en haut de l&rsquo;\u00e9chelle de la popularit\u00e9 dans le domaine de l&rsquo;automobile. Depuis quelques ann\u00e9es, ces mod\u00e8les au look mi 4&#215;4, mi familiale, s\u00e9duisent. Et pour s\u00e9duire toujours plus de conducteurs amateurs, les marques y investissent \u00e9norm\u00e9ment pour se d\u00e9marquer des concurrents.<\/p>\n","protected":false},"author":1,"featured_media":5718,"comment_status":"open","ping_status":"open","sticky":false,"template":"","format":"standard","meta":{"_acf_changed":false,"content-type":"","footnotes":""},"categories":[53],"tags":[90,73,160,193,194],"class_list":["post-3658","post","type-post","status-publish","format-standard","has-post-thumbnail","hentry","category-comparatifs","tag-autojm","tag-peugeot","tag-peugeot-5008","tag-skoda","tag-skoda-kodiaq"],"acf":[],"yoast_head":"<!-- This site is optimized with the Yoast SEO plugin v27.5 - https:\/\/yoast.com\/product\/yoast-seo-wordpress\/ -->\n<title>Gen\u00e8ve 2017 : Peugeot 5008 VS Skoda Kodiaq - AutoJM Mag<\/title>\n<meta name=\"description\" content=\"Les SUV sont en haut de l&#039;\u00e9chelle de la popularit\u00e9 dans le domaine de l&#039;automobile. Depuis quelques ann\u00e9es, ces mod\u00e8les au look mi 4x4....\" \/>\n<meta name=\"robots\" content=\"index, follow, max-snippet:-1, max-image-preview:large, max-video-preview:-1\" \/>\n<link rel=\"canonical\" href=\"https:\/\/www.autojm.fr\/blog\/geneve-2017-peugeot-5008-vs-skoda-kodiaq\/\" \/>\n<meta property=\"og:locale\" content=\"fr_FR\" \/>\n<meta property=\"og:type\" content=\"article\" \/>\n<meta property=\"og:title\" content=\"Gen\u00e8ve 2017 : Peugeot 5008 VS Skoda Kodiaq - AutoJM Mag\" \/>\n<meta property=\"og:description\" content=\"Les SUV sont en haut de l&#039;\u00e9chelle de la popularit\u00e9 dans le domaine de l&#039;automobile. Depuis quelques ann\u00e9es, ces mod\u00e8les au look mi 4x4....\" \/>\n<meta property=\"og:url\" content=\"https:\/\/www.autojm.fr\/blog\/geneve-2017-peugeot-5008-vs-skoda-kodiaq\/\" \/>\n<meta property=\"og:site_name\" content=\"AutoJM Mag\" \/>\n<meta property=\"article:publisher\" content=\"https:\/\/www.facebook.com\/AutoJM25\" \/>\n<meta property=\"article:published_time\" content=\"2017-03-07T00:00:00+00:00\" \/>\n<meta property=\"article:modified_time\" content=\"2023-04-19T09:44:28+00:00\" \/>\n<meta property=\"og:image\" content=\"https:\/\/www.autojm.fr\/blog\/wp-content\/uploads\/2022\/10\/381.jpg\" \/>\n\t<meta property=\"og:image:width\" content=\"1024\" \/>\n\t<meta property=\"og:image:height\" content=\"368\" \/>\n\t<meta property=\"og:image:type\" content=\"image\/jpeg\" \/>\n<meta name=\"author\" content=\"Autojm\" \/>\n<meta name=\"twitter:card\" content=\"summary_large_image\" \/>\n<meta name=\"twitter:label1\" content=\"\u00c9crit par\" \/>\n\t<meta name=\"twitter:data1\" content=\"Autojm\" \/>\n\t<meta name=\"twitter:label2\" content=\"Dur\u00e9e de lecture estim\u00e9e\" \/>\n\t<meta name=\"twitter:data2\" content=\"3 minutes\" \/>\n<script type=\"application\/ld+json\" class=\"yoast-schema-graph\">{\"@context\":\"https:\\\/\\\/schema.org\",\"@graph\":[{\"@type\":\"Article\",\"@id\":\"https:\\\/\\\/www.autojm.fr\\\/blog\\\/geneve-2017-peugeot-5008-vs-skoda-kodiaq\\\/#article\",\"isPartOf\":{\"@id\":\"https:\\\/\\\/www.autojm.fr\\\/blog\\\/geneve-2017-peugeot-5008-vs-skoda-kodiaq\\\/\"},\"author\":{\"name\":\"Autojm\",\"@id\":\"https:\\\/\\\/www.autojm.fr\\\/blog\\\/#\\\/schema\\\/person\\\/9742bc77541853e0de81fc57f947e1a0\"},\"headline\":\"Gen\u00e8ve 2017 : Peugeot 5008 VS Skoda Kodiaq\",\"datePublished\":\"2017-03-07T00:00:00+00:00\",\"dateModified\":\"2023-04-19T09:44:28+00:00\",\"mainEntityOfPage\":{\"@id\":\"https:\\\/\\\/www.autojm.fr\\\/blog\\\/geneve-2017-peugeot-5008-vs-skoda-kodiaq\\\/\"},\"wordCount\":537,\"commentCount\":0,\"publisher\":{\"@id\":\"https:\\\/\\\/www.autojm.fr\\\/blog\\\/#organization\"},\"image\":{\"@id\":\"https:\\\/\\\/www.autojm.fr\\\/blog\\\/geneve-2017-peugeot-5008-vs-skoda-kodiaq\\\/#primaryimage\"},\"thumbnailUrl\":\"https:\\\/\\\/www.autojm.fr\\\/blog\\\/wp-content\\\/uploads\\\/2022\\\/10\\\/381.jpg\",\"keywords\":[\"autojm\",\"peugeot\",\"Peugeot 5008\",\"Skoda\",\"Skoda Kodiaq\"],\"articleSection\":[\"Comparatifs\"],\"inLanguage\":\"fr-FR\",\"potentialAction\":[{\"@type\":\"CommentAction\",\"name\":\"Comment\",\"target\":[\"https:\\\/\\\/www.autojm.fr\\\/blog\\\/geneve-2017-peugeot-5008-vs-skoda-kodiaq\\\/#respond\"]}]},{\"@type\":\"WebPage\",\"@id\":\"https:\\\/\\\/www.autojm.fr\\\/blog\\\/geneve-2017-peugeot-5008-vs-skoda-kodiaq\\\/\",\"url\":\"https:\\\/\\\/www.autojm.fr\\\/blog\\\/geneve-2017-peugeot-5008-vs-skoda-kodiaq\\\/\",\"name\":\"Gen\u00e8ve 2017 : Peugeot 5008 VS Skoda Kodiaq - AutoJM Mag\",\"isPartOf\":{\"@id\":\"https:\\\/\\\/www.autojm.fr\\\/blog\\\/#website\"},\"primaryImageOfPage\":{\"@id\":\"https:\\\/\\\/www.autojm.fr\\\/blog\\\/geneve-2017-peugeot-5008-vs-skoda-kodiaq\\\/#primaryimage\"},\"image\":{\"@id\":\"https:\\\/\\\/www.autojm.fr\\\/blog\\\/geneve-2017-peugeot-5008-vs-skoda-kodiaq\\\/#primaryimage\"},\"thumbnailUrl\":\"https:\\\/\\\/www.autojm.fr\\\/blog\\\/wp-content\\\/uploads\\\/2022\\\/10\\\/381.jpg\",\"datePublished\":\"2017-03-07T00:00:00+00:00\",\"dateModified\":\"2023-04-19T09:44:28+00:00\",\"description\":\"Les SUV sont en haut de l'\u00e9chelle de la popularit\u00e9 dans le domaine de l'automobile. Depuis quelques ann\u00e9es, ces mod\u00e8les au look mi 4x4....\",\"breadcrumb\":{\"@id\":\"https:\\\/\\\/www.autojm.fr\\\/blog\\\/geneve-2017-peugeot-5008-vs-skoda-kodiaq\\\/#breadcrumb\"},\"inLanguage\":\"fr-FR\",\"potentialAction\":[{\"@type\":\"ReadAction\",\"target\":[\"https:\\\/\\\/www.autojm.fr\\\/blog\\\/geneve-2017-peugeot-5008-vs-skoda-kodiaq\\\/\"]}]},{\"@type\":\"ImageObject\",\"inLanguage\":\"fr-FR\",\"@id\":\"https:\\\/\\\/www.autojm.fr\\\/blog\\\/geneve-2017-peugeot-5008-vs-skoda-kodiaq\\\/#primaryimage\",\"url\":\"https:\\\/\\\/www.autojm.fr\\\/blog\\\/wp-content\\\/uploads\\\/2022\\\/10\\\/381.jpg\",\"contentUrl\":\"https:\\\/\\\/www.autojm.fr\\\/blog\\\/wp-content\\\/uploads\\\/2022\\\/10\\\/381.jpg\",\"width\":1024,\"height\":368,\"caption\":\"Peugeot 5008 VS Skoda Kodiaq\"},{\"@type\":\"BreadcrumbList\",\"@id\":\"https:\\\/\\\/www.autojm.fr\\\/blog\\\/geneve-2017-peugeot-5008-vs-skoda-kodiaq\\\/#breadcrumb\",\"itemListElement\":[{\"@type\":\"ListItem\",\"position\":1,\"name\":\"Accueil\",\"item\":\"https:\\\/\\\/www.autojm.fr\\\/blog\\\/\"},{\"@type\":\"ListItem\",\"position\":2,\"name\":\"Comparatifs\",\"item\":\"https:\\\/\\\/www.autojm.fr\\\/blog\\\/comparatifs\\\/\"},{\"@type\":\"ListItem\",\"position\":3,\"name\":\"Gen\u00e8ve 2017 : Peugeot 5008 VS Skoda Kodiaq\"}]},{\"@type\":\"WebSite\",\"@id\":\"https:\\\/\\\/www.autojm.fr\\\/blog\\\/#website\",\"url\":\"https:\\\/\\\/www.autojm.fr\\\/blog\\\/\",\"name\":\"AutoJM Mag\",\"description\":\"Toute l&#039;actu auto en 1 clic !\",\"publisher\":{\"@id\":\"https:\\\/\\\/www.autojm.fr\\\/blog\\\/#organization\"},\"potentialAction\":[{\"@type\":\"SearchAction\",\"target\":{\"@type\":\"EntryPoint\",\"urlTemplate\":\"https:\\\/\\\/www.autojm.fr\\\/blog\\\/?s={search_term_string}\"},\"query-input\":{\"@type\":\"PropertyValueSpecification\",\"valueRequired\":true,\"valueName\":\"search_term_string\"}}],\"inLanguage\":\"fr-FR\"},{\"@type\":\"Organization\",\"@id\":\"https:\\\/\\\/www.autojm.fr\\\/blog\\\/#organization\",\"name\":\"AutoJM Mag\",\"url\":\"https:\\\/\\\/www.autojm.fr\\\/blog\\\/\",\"logo\":{\"@type\":\"ImageObject\",\"inLanguage\":\"fr-FR\",\"@id\":\"https:\\\/\\\/www.autojm.fr\\\/blog\\\/#\\\/schema\\\/logo\\\/image\\\/\",\"url\":\"https:\\\/\\\/www.autojm.fr\\\/blog\\\/wp-content\\\/uploads\\\/2022\\\/12\\\/cropped-AutoJMag-png.png\",\"contentUrl\":\"https:\\\/\\\/www.autojm.fr\\\/blog\\\/wp-content\\\/uploads\\\/2022\\\/12\\\/cropped-AutoJMag-png.png\",\"width\":2834,\"height\":585,\"caption\":\"AutoJM Mag\"},\"image\":{\"@id\":\"https:\\\/\\\/www.autojm.fr\\\/blog\\\/#\\\/schema\\\/logo\\\/image\\\/\"},\"sameAs\":[\"https:\\\/\\\/www.facebook.com\\\/AutoJM25\"]},{\"@type\":\"Person\",\"@id\":\"https:\\\/\\\/www.autojm.fr\\\/blog\\\/#\\\/schema\\\/person\\\/9742bc77541853e0de81fc57f947e1a0\",\"name\":\"Autojm\",\"image\":{\"@type\":\"ImageObject\",\"inLanguage\":\"fr-FR\",\"@id\":\"https:\\\/\\\/secure.gravatar.com\\\/avatar\\\/9a959d52b758fcc232fe4b6aca7bab139182573297122cce7d6f2ee0e537b418?s=96&d=mm&r=g\",\"url\":\"https:\\\/\\\/secure.gravatar.com\\\/avatar\\\/9a959d52b758fcc232fe4b6aca7bab139182573297122cce7d6f2ee0e537b418?s=96&d=mm&r=g\",\"contentUrl\":\"https:\\\/\\\/secure.gravatar.com\\\/avatar\\\/9a959d52b758fcc232fe4b6aca7bab139182573297122cce7d6f2ee0e537b418?s=96&d=mm&r=g\",\"caption\":\"Autojm\"},\"sameAs\":[\"https:\\\/\\\/www.autojm.fr\\\/blog\"],\"url\":\"https:\\\/\\\/www.autojm.fr\\\/blog\\\/author\\\/bichoi\\\/\"}]}<\/script>\n<!-- \/ Yoast SEO plugin. -->","yoast_head_json":{"title":"Gen\u00e8ve 2017 : Peugeot 5008 VS Skoda Kodiaq - AutoJM Mag","description":"Les SUV sont en haut de l'\u00e9chelle de la popularit\u00e9 dans le domaine de l'automobile. Depuis quelques ann\u00e9es, ces mod\u00e8les au look mi 4x4....","robots":{"index":"index","follow":"follow","max-snippet":"max-snippet:-1","max-image-preview":"max-image-preview:large","max-video-preview":"max-video-preview:-1"},"canonical":"https:\/\/www.autojm.fr\/blog\/geneve-2017-peugeot-5008-vs-skoda-kodiaq\/","og_locale":"fr_FR","og_type":"article","og_title":"Gen\u00e8ve 2017 : Peugeot 5008 VS Skoda Kodiaq - AutoJM Mag","og_description":"Les SUV sont en haut de l'\u00e9chelle de la popularit\u00e9 dans le domaine de l'automobile. Depuis quelques ann\u00e9es, ces mod\u00e8les au look mi 4x4....","og_url":"https:\/\/www.autojm.fr\/blog\/geneve-2017-peugeot-5008-vs-skoda-kodiaq\/","og_site_name":"AutoJM Mag","article_publisher":"https:\/\/www.facebook.com\/AutoJM25","article_published_time":"2017-03-07T00:00:00+00:00","article_modified_time":"2023-04-19T09:44:28+00:00","og_image":[{"width":1024,"height":368,"url":"https:\/\/www.autojm.fr\/blog\/wp-content\/uploads\/2022\/10\/381.jpg","type":"image\/jpeg"}],"author":"Autojm","twitter_card":"summary_large_image","twitter_misc":{"\u00c9crit par":"Autojm","Dur\u00e9e de lecture estim\u00e9e":"3 minutes"},"schema":{"@context":"https:\/\/schema.org","@graph":[{"@type":"Article","@id":"https:\/\/www.autojm.fr\/blog\/geneve-2017-peugeot-5008-vs-skoda-kodiaq\/#article","isPartOf":{"@id":"https:\/\/www.autojm.fr\/blog\/geneve-2017-peugeot-5008-vs-skoda-kodiaq\/"},"author":{"name":"Autojm","@id":"https:\/\/www.autojm.fr\/blog\/#\/schema\/person\/9742bc77541853e0de81fc57f947e1a0"},"headline":"Gen\u00e8ve 2017 : Peugeot 5008 VS Skoda Kodiaq","datePublished":"2017-03-07T00:00:00+00:00","dateModified":"2023-04-19T09:44:28+00:00","mainEntityOfPage":{"@id":"https:\/\/www.autojm.fr\/blog\/geneve-2017-peugeot-5008-vs-skoda-kodiaq\/"},"wordCount":537,"commentCount":0,"publisher":{"@id":"https:\/\/www.autojm.fr\/blog\/#organization"},"image":{"@id":"https:\/\/www.autojm.fr\/blog\/geneve-2017-peugeot-5008-vs-skoda-kodiaq\/#primaryimage"},"thumbnailUrl":"https:\/\/www.autojm.fr\/blog\/wp-content\/uploads\/2022\/10\/381.jpg","keywords":["autojm","peugeot","Peugeot 5008","Skoda","Skoda Kodiaq"],"articleSection":["Comparatifs"],"inLanguage":"fr-FR","potentialAction":[{"@type":"CommentAction","name":"Comment","target":["https:\/\/www.autojm.fr\/blog\/geneve-2017-peugeot-5008-vs-skoda-kodiaq\/#respond"]}]},{"@type":"WebPage","@id":"https:\/\/www.autojm.fr\/blog\/geneve-2017-peugeot-5008-vs-skoda-kodiaq\/","url":"https:\/\/www.autojm.fr\/blog\/geneve-2017-peugeot-5008-vs-skoda-kodiaq\/","name":"Gen\u00e8ve 2017 : Peugeot 5008 VS Skoda Kodiaq - AutoJM Mag","isPartOf":{"@id":"https:\/\/www.autojm.fr\/blog\/#website"},"primaryImageOfPage":{"@id":"https:\/\/www.autojm.fr\/blog\/geneve-2017-peugeot-5008-vs-skoda-kodiaq\/#primaryimage"},"image":{"@id":"https:\/\/www.autojm.fr\/blog\/geneve-2017-peugeot-5008-vs-skoda-kodiaq\/#primaryimage"},"thumbnailUrl":"https:\/\/www.autojm.fr\/blog\/wp-content\/uploads\/2022\/10\/381.jpg","datePublished":"2017-03-07T00:00:00+00:00","dateModified":"2023-04-19T09:44:28+00:00","description":"Les SUV sont en haut de l'\u00e9chelle de la popularit\u00e9 dans le domaine de l'automobile. Depuis quelques ann\u00e9es, ces mod\u00e8les au look mi 4x4....","breadcrumb":{"@id":"https:\/\/www.autojm.fr\/blog\/geneve-2017-peugeot-5008-vs-skoda-kodiaq\/#breadcrumb"},"inLanguage":"fr-FR","potentialAction":[{"@type":"ReadAction","target":["https:\/\/www.autojm.fr\/blog\/geneve-2017-peugeot-5008-vs-skoda-kodiaq\/"]}]},{"@type":"ImageObject","inLanguage":"fr-FR","@id":"https:\/\/www.autojm.fr\/blog\/geneve-2017-peugeot-5008-vs-skoda-kodiaq\/#primaryimage","url":"https:\/\/www.autojm.fr\/blog\/wp-content\/uploads\/2022\/10\/381.jpg","contentUrl":"https:\/\/www.autojm.fr\/blog\/wp-content\/uploads\/2022\/10\/381.jpg","width":1024,"height":368,"caption":"Peugeot 5008 VS Skoda Kodiaq"},{"@type":"BreadcrumbList","@id":"https:\/\/www.autojm.fr\/blog\/geneve-2017-peugeot-5008-vs-skoda-kodiaq\/#breadcrumb","itemListElement":[{"@type":"ListItem","position":1,"name":"Accueil","item":"https:\/\/www.autojm.fr\/blog\/"},{"@type":"ListItem","position":2,"name":"Comparatifs","item":"https:\/\/www.autojm.fr\/blog\/comparatifs\/"},{"@type":"ListItem","position":3,"name":"Gen\u00e8ve 2017 : Peugeot 5008 VS Skoda Kodiaq"}]},{"@type":"WebSite","@id":"https:\/\/www.autojm.fr\/blog\/#website","url":"https:\/\/www.autojm.fr\/blog\/","name":"AutoJM Mag","description":"Toute l&#039;actu auto en 1 clic !","publisher":{"@id":"https:\/\/www.autojm.fr\/blog\/#organization"},"potentialAction":[{"@type":"SearchAction","target":{"@type":"EntryPoint","urlTemplate":"https:\/\/www.autojm.fr\/blog\/?s={search_term_string}"},"query-input":{"@type":"PropertyValueSpecification","valueRequired":true,"valueName":"search_term_string"}}],"inLanguage":"fr-FR"},{"@type":"Organization","@id":"https:\/\/www.autojm.fr\/blog\/#organization","name":"AutoJM Mag","url":"https:\/\/www.autojm.fr\/blog\/","logo":{"@type":"ImageObject","inLanguage":"fr-FR","@id":"https:\/\/www.autojm.fr\/blog\/#\/schema\/logo\/image\/","url":"https:\/\/www.autojm.fr\/blog\/wp-content\/uploads\/2022\/12\/cropped-AutoJMag-png.png","contentUrl":"https:\/\/www.autojm.fr\/blog\/wp-content\/uploads\/2022\/12\/cropped-AutoJMag-png.png","width":2834,"height":585,"caption":"AutoJM Mag"},"image":{"@id":"https:\/\/www.autojm.fr\/blog\/#\/schema\/logo\/image\/"},"sameAs":["https:\/\/www.facebook.com\/AutoJM25"]},{"@type":"Person","@id":"https:\/\/www.autojm.fr\/blog\/#\/schema\/person\/9742bc77541853e0de81fc57f947e1a0","name":"Autojm","image":{"@type":"ImageObject","inLanguage":"fr-FR","@id":"https:\/\/secure.gravatar.com\/avatar\/9a959d52b758fcc232fe4b6aca7bab139182573297122cce7d6f2ee0e537b418?s=96&d=mm&r=g","url":"https:\/\/secure.gravatar.com\/avatar\/9a959d52b758fcc232fe4b6aca7bab139182573297122cce7d6f2ee0e537b418?s=96&d=mm&r=g","contentUrl":"https:\/\/secure.gravatar.com\/avatar\/9a959d52b758fcc232fe4b6aca7bab139182573297122cce7d6f2ee0e537b418?s=96&d=mm&r=g","caption":"Autojm"},"sameAs":["https:\/\/www.autojm.fr\/blog"],"url":"https:\/\/www.autojm.fr\/blog\/author\/bichoi\/"}]}},"_links":{"self":[{"href":"https:\/\/www.autojm.fr\/blog\/wp-json\/wp\/v2\/posts\/3658","targetHints":{"allow":["GET"]}}],"collection":[{"href":"https:\/\/www.autojm.fr\/blog\/wp-json\/wp\/v2\/posts"}],"about":[{"href":"https:\/\/www.autojm.fr\/blog\/wp-json\/wp\/v2\/types\/post"}],"author":[{"embeddable":true,"href":"https:\/\/www.autojm.fr\/blog\/wp-json\/wp\/v2\/users\/1"}],"replies":[{"embeddable":true,"href":"https:\/\/www.autojm.fr\/blog\/wp-json\/wp\/v2\/comments?post=3658"}],"version-history":[{"count":4,"href":"https:\/\/www.autojm.fr\/blog\/wp-json\/wp\/v2\/posts\/3658\/revisions"}],"predecessor-version":[{"id":9483,"href":"https:\/\/www.autojm.fr\/blog\/wp-json\/wp\/v2\/posts\/3658\/revisions\/9483"}],"wp:featuredmedia":[{"embeddable":true,"href":"https:\/\/www.autojm.fr\/blog\/wp-json\/wp\/v2\/media\/5718"}],"wp:attachment":[{"href":"https:\/\/www.autojm.fr\/blog\/wp-json\/wp\/v2\/media?parent=3658"}],"wp:term":[{"taxonomy":"category","embeddable":true,"href":"https:\/\/www.autojm.fr\/blog\/wp-json\/wp\/v2\/categories?post=3658"},{"taxonomy":"post_tag","embeddable":true,"href":"https:\/\/www.autojm.fr\/blog\/wp-json\/wp\/v2\/tags?post=3658"}],"curies":[{"name":"wp","href":"https:\/\/api.w.org\/{rel}","templated":true}]}}