{"id":3653,"date":"2016-11-07T00:00:00","date_gmt":"2016-11-07T00:00:00","guid":{"rendered":"https:\/\/www.autojm.fr\/blog\/le-suv-pourquoi-ladopter\/"},"modified":"2023-04-19T14:42:28","modified_gmt":"2023-04-19T14:42:28","slug":"le-suv-pourquoi-ladopter","status":"publish","type":"post","link":"https:\/\/www.autojm.fr\/blog\/le-suv-pourquoi-ladopter\/","title":{"rendered":"Le SUV, pourquoi l\u2019adopter ?"},"content":{"rendered":"<p dir=\"ltr\" style=\"line-height: 1.38; margin-top: 0pt; margin-bottom: 0pt; margin-left: -1.5pt; text-align: justify;\">\n<p dir=\"ltr\" style=\"line-height: 1.38; margin-top: 0pt; margin-bottom: 0pt; margin-left: -1.5pt; text-align: justify;\"><span style=\"background-color: transparent; font-size: 16px; font-family: Arial; color: #000000; vertical-align: baseline; white-space: pre-wrap;\">Le <\/span><span style=\"background-color: transparent; font-size: 16px; font-family: Arial; color: #000000; font-weight: bold; vertical-align: baseline; white-space: pre-wrap;\">SUV<\/span><span style=\"background-color: transparent; font-size: 16px; font-family: Arial; color: #000000; vertical-align: baseline; white-space: pre-wrap;\">, Sport Utility Vehicle, est un v\u00e9hicule d\u00e9fini par un volume int\u00e9rieur g\u00e9n\u00e9reux, 2 ou 4 roues motrices, aux allures d&rsquo;un 4&#215;4 et \u00e0 la carrosserie bicorps. Le premier SUV \u00e0 avoir fait son apparition sur le march\u00e9 de l&rsquo;automobile \u00e9tait le Jeep Wagoneer, en 1963. Le d\u00e9but des SUV \u00e9tait marqu\u00e9 par une offre tr\u00e8s limit\u00e9e, peu de mod\u00e8les parmi lesquels les futurs conducteurs avaient le choix. Depuis quelques ann\u00e9es, le SUV est<\/span><span style=\"background-color: transparent; font-size: 16px; font-family: Arial; color: #000000; vertical-align: baseline; white-space: pre-wrap;\"> devenu le v\u00e9hicule fare et tous les constructeurs se le sont appropri\u00e9s. Aujourd&rsquo;hui, les adh\u00e9rents \u00e0 ce mod\u00e8le ont droit \u00e0 une gamme vari\u00e9e, de quoi trouver son bonheur bien plus facilement. Mais qu&rsquo;est-ce qui rend le SUV si populaire ? <\/span><\/p>\n<p dir=\"ltr\" style=\"line-height: 1.38; margin-top: 0pt; margin-bottom: 0pt; margin-left: -1.5pt; text-align: justify;\">\n<div dir=\"ltr\" style=\"line-height: 1.38; margin-top: 0pt; margin-bottom: 0pt; margin-left: -1.5pt; text-align: justify;\">Nouveau Renault Espace V<\/div>\n<div dir=\"ltr\" style=\"line-height: 1.38; margin-top: 0pt; margin-bottom: 0pt; margin-left: -1.5pt; text-align: justify;\"><\/div>\n<p dir=\"ltr\" style=\"line-height: 1.38; margin-top: 0pt; margin-bottom: 0pt; margin-left: -1.5pt; text-align: justify;\"><span id=\"docs-internal-guid-fe459f97-3dff-2a58-1177-3ffe967b2918\"><span style=\"font-size: 16px; font-family: Arial; color: #000000; vertical-align: baseline; white-space: pre-wrap; background-color: transparent;\">Le mod\u00e8le, qui prend un peu des airs de 4&#215;4, est surtout caract\u00e9ris\u00e9 par une hauteur et un style qui impressionnent. D\u00e9crit comme un v\u00e9hicule adapt\u00e9 aussi bien en route normale qu&rsquo;en tout chemin, le gros point fort du SUV, c&rsquo;est son habitabilit\u00e9. Un espace fonctionnel qui le diff\u00e9rencie des citadines, berlines\u2026 etc. <\/span><\/span><\/p>\n<p dir=\"ltr\" style=\"line-height: 1.38; margin-top: 0pt; margin-bottom: 0pt; margin-left: -1.5pt; text-align: justify;\">\n<p dir=\"ltr\" style=\"line-height: 1.38; margin-top: 0pt; margin-bottom: 0pt; margin-left: -1.5pt; text-align: justify;\">\n<p dir=\"ltr\" style=\"line-height: 1.38; margin-top: 0pt; margin-bottom: 0pt; margin-left: -1.5pt; text-align: justify;\">Dacia Duster &amp; Hyundai Tucson<\/p>\n<p dir=\"ltr\" style=\"line-height: 1.38; margin-top: 0pt; margin-bottom: 0pt; margin-left: -1.5pt; text-align: justify;\">\n<div dir=\"ltr\" style=\"line-height: 1.38; margin-top: 0pt; margin-bottom: 0pt; margin-left: -1.5pt; text-align: justify;\"><\/div>\n<p dir=\"ltr\" style=\"line-height: 1.38; margin-top: 0pt; margin-bottom: 0pt; margin-left: -1.5pt; text-align: justify;\"><span id=\"docs-internal-guid-fe459f97-3dff-2a58-1177-3ffe967b2918\"><span style=\"font-size: 16px; font-family: Arial; color: #000000; vertical-align: baseline; white-space: pre-wrap; background-color: transparent;\">Avec les ann\u00e9es, la consommation a \u00e9t\u00e9 revue \u00e0 la baisse, ce point \u00e9tant le plus gros d\u00e9savantage qui effraie les conducteurs. Les avantages du SUV, c&rsquo;est sans doute la position de conduite haute, qui permet d&rsquo;avoir une visibilit\u00e9 ind\u00e9niable pour la personne au volant mais aussi les passagers, chacun peut donc voir et d\u00e9tecter les panneaux, pi\u00e9tons, m\u00eame s&rsquo;il y a des voitures devant. Cette visibilit\u00e9 permet en outre de r\u00e9agir plus vite lorsqu&rsquo;on aper\u00e7oit un embouteillage, ou un stop peu visible en voiture \u201cbasse\u201d. <\/span><\/span><\/p>\n<div dir=\"ltr\" style=\"line-height: 1.38; margin-top: 0pt; margin-bottom: 0pt; margin-left: -1.5pt; text-align: justify;\"><\/div>\n<p dir=\"ltr\" style=\"line-height: 1.38; margin-top: 0pt; margin-bottom: 0pt; margin-left: -1.5pt; text-align: justify;\"><span id=\"docs-internal-guid-fe459f97-3dff-2a58-1177-3ffe967b2918\"><span style=\"font-size: 16px; font-family: Arial; color: #000000; vertical-align: baseline; white-space: pre-wrap; background-color: transparent;\">Les pneus dispos\u00e9s sont de bonne qualit\u00e9, pour une conduite en toute s\u00e9curit\u00e9 m\u00eame par temps humide, ou sur routes quasi-verglac\u00e9es. Les SUV ont \u00e9t\u00e9 test\u00e9s et sont r\u00e9sistants jusqu&rsquo;\u00e0 36km\/h par temps mouill\u00e9, le v\u00e9hicule ne d\u00e9rive pas et le conducteur a un contr\u00f4le optimal. <\/span><\/span><\/p>\n<div dir=\"ltr\" style=\"line-height: 1.38; margin-top: 0pt; margin-bottom: 0pt; margin-left: -1.5pt; text-align: justify;\"><\/div>\n<p dir=\"ltr\" style=\"line-height: 1.38; margin-top: 0pt; margin-bottom: 0pt; margin-left: -1.5pt; text-align: justify;\"><span id=\"docs-internal-guid-fe459f97-3dff-2a58-1177-3ffe967b2918\"><span style=\"font-size: 16px; font-family: Arial; color: #000000; vertical-align: baseline; white-space: pre-wrap; background-color: transparent;\">Le SUV est un mod\u00e8le principalement appr\u00e9ci\u00e9 par les familles nombreuses, mais \u00e9galement adapt\u00e9 pour des jeunes, des personnes c\u00e9libataires ou en couple. Avec le d\u00e9veloppement des SUV sur le march\u00e9, il est possible de trouver tous types de tailles, \u00e9quipements et autres selon le client. <\/span><\/span><\/p>\n<div><\/div>\n<div dir=\"ltr\" style=\"line-height: 1.38; margin-top: 0pt; margin-bottom: 0pt; margin-left: -1.5pt; text-align: justify;\"><\/div>\n<div dir=\"ltr\" style=\"line-height: 1.38; margin-top: 0pt; margin-bottom: 0pt; margin-left: -1.5pt; text-align: justify;\"><\/div>\n<p dir=\"ltr\" style=\"line-height: 1.38; margin-top: 0pt; margin-bottom: 0pt; margin-left: -1.5pt; text-align: justify;\"><span id=\"docs-internal-guid-fe459f97-3dff-2a58-1177-3ffe967b2918\"><span style=\"font-size: 16px; font-family: Arial; color: #000000; vertical-align: baseline; white-space: pre-wrap; background-color: transparent;\">Parmi les meilleurs SUV, voici ceux qui sont disponibles chez Auto JM :<br \/>\n&#8211; Hyundai Tucson : un design agr\u00e9able, un mod\u00e8le bien \u00e9quip\u00e9 et des performances qui tiennent la route<br \/>\n&#8211; Le <a href=\"https:\/\/www.autojm.fr\/mandataire-voitures-neuves-volkswagen\">Volkswagen Tiguan <\/a>: mod\u00e8le homog\u00e8ne, qualit\u00e9 plus grande que ses pr\u00e9d\u00e9cesseurs. Des \u00e9quipements de qualit\u00e9 et une version en TDI avec une consommation mesur\u00e9e, moins polluante.<br \/>\n&#8211; Le <a href=\"https:\/\/www.autojm.fr\/achat-voitures-neuves-peugeot-nouveau-3008-suv-2021-5p\">nouveau 3008 <\/a>: en top vente chez Auto JM, 2 mod\u00e8les essence et 4 mod\u00e8les diesel, pouvant atteindre 180 chevaux. Il contient des trappes \u00e0 ski, id\u00e9al pour ceux qui auraient envie de s&rsquo;\u00e9vader cet hiver !<\/span><\/span><\/p>\n","protected":false},"excerpt":{"rendered":"<p>Le SUV, Sport Utility Vehicle, est un v\u00e9hicule d\u00e9fini par un volume int\u00e9rieur g\u00e9n\u00e9reux, 2 ou 4 roues motrices, aux allures d&rsquo;un 4&#215;4 et \u00e0 la carrosserie bicorps. Le premier SUV \u00e0 avoir fait son apparition sur le march\u00e9 de l&rsquo;automobile \u00e9tait le Jeep Wagoneer, en 1963. Le d\u00e9but des SUV \u00e9tait marqu\u00e9 par une offre tr\u00e8s limit\u00e9e, peu de mod\u00e8les parmi lesquels les futurs conducteurs avaient le choix. <\/p>\n","protected":false},"author":1,"featured_media":5713,"comment_status":"open","ping_status":"open","sticky":false,"template":"","format":"standard","meta":{"_acf_changed":false,"content-type":"","footnotes":""},"categories":[22],"tags":[90,85,74,105,110,109,106,108,107,73,78,169,96],"class_list":["post-3653","post","type-post","status-publish","format-standard","has-post-thumbnail","hentry","category-conseils-astuces","tag-autojm","tag-citroen-2","tag-dacia","tag-ds","tag-fiat","tag-ford","tag-kia","tag-nissan","tag-opel","tag-peugeot","tag-renault","tag-toyota","tag-volkswagen"],"acf":[],"yoast_head":"<!-- This site is optimized with the Yoast SEO plugin v27.5 - https:\/\/yoast.com\/product\/yoast-seo-wordpress\/ -->\n<title>Le SUV, pourquoi l\u2019adopter ? - AutoJM Mag<\/title>\n<meta name=\"description\" content=\"Le SUV, Sport Utility Vehicle, est un v\u00e9hicule d\u00e9fini par un volume int\u00e9rieur g\u00e9n\u00e9reux, 2 ou 4 roues motrices, aux allures d&#039;un 4x4 et \u00e0 la...\" \/>\n<meta name=\"robots\" content=\"index, follow, max-snippet:-1, max-image-preview:large, max-video-preview:-1\" \/>\n<link rel=\"canonical\" href=\"https:\/\/www.autojm.fr\/blog\/le-suv-pourquoi-ladopter\/\" \/>\n<meta property=\"og:locale\" content=\"fr_FR\" \/>\n<meta property=\"og:type\" content=\"article\" \/>\n<meta property=\"og:title\" content=\"Le SUV, pourquoi l\u2019adopter ? - AutoJM Mag\" \/>\n<meta property=\"og:description\" content=\"Le SUV, Sport Utility Vehicle, est un v\u00e9hicule d\u00e9fini par un volume int\u00e9rieur g\u00e9n\u00e9reux, 2 ou 4 roues motrices, aux allures d&#039;un 4x4 et \u00e0 la...\" \/>\n<meta property=\"og:url\" content=\"https:\/\/www.autojm.fr\/blog\/le-suv-pourquoi-ladopter\/\" \/>\n<meta property=\"og:site_name\" content=\"AutoJM Mag\" \/>\n<meta property=\"article:publisher\" content=\"https:\/\/www.facebook.com\/AutoJM25\" \/>\n<meta property=\"article:published_time\" content=\"2016-11-07T00:00:00+00:00\" \/>\n<meta property=\"article:modified_time\" content=\"2023-04-19T14:42:28+00:00\" \/>\n<meta property=\"og:image\" content=\"https:\/\/www.autojm.fr\/blog\/wp-content\/uploads\/2022\/10\/376.jpg\" \/>\n\t<meta property=\"og:image:width\" content=\"1024\" \/>\n\t<meta property=\"og:image:height\" content=\"768\" \/>\n\t<meta property=\"og:image:type\" content=\"image\/jpeg\" \/>\n<meta name=\"author\" content=\"Autojm\" \/>\n<meta name=\"twitter:card\" content=\"summary_large_image\" \/>\n<meta name=\"twitter:label1\" content=\"\u00c9crit par\" \/>\n\t<meta name=\"twitter:data1\" content=\"Autojm\" \/>\n\t<meta name=\"twitter:label2\" content=\"Dur\u00e9e de lecture estim\u00e9e\" \/>\n\t<meta name=\"twitter:data2\" content=\"3 minutes\" \/>\n<script type=\"application\/ld+json\" class=\"yoast-schema-graph\">{\"@context\":\"https:\\\/\\\/schema.org\",\"@graph\":[{\"@type\":\"Article\",\"@id\":\"https:\\\/\\\/www.autojm.fr\\\/blog\\\/le-suv-pourquoi-ladopter\\\/#article\",\"isPartOf\":{\"@id\":\"https:\\\/\\\/www.autojm.fr\\\/blog\\\/le-suv-pourquoi-ladopter\\\/\"},\"author\":{\"name\":\"Autojm\",\"@id\":\"https:\\\/\\\/www.autojm.fr\\\/blog\\\/#\\\/schema\\\/person\\\/9742bc77541853e0de81fc57f947e1a0\"},\"headline\":\"Le SUV, pourquoi l\u2019adopter ?\",\"datePublished\":\"2016-11-07T00:00:00+00:00\",\"dateModified\":\"2023-04-19T14:42:28+00:00\",\"mainEntityOfPage\":{\"@id\":\"https:\\\/\\\/www.autojm.fr\\\/blog\\\/le-suv-pourquoi-ladopter\\\/\"},\"wordCount\":493,\"commentCount\":0,\"publisher\":{\"@id\":\"https:\\\/\\\/www.autojm.fr\\\/blog\\\/#organization\"},\"image\":{\"@id\":\"https:\\\/\\\/www.autojm.fr\\\/blog\\\/le-suv-pourquoi-ladopter\\\/#primaryimage\"},\"thumbnailUrl\":\"https:\\\/\\\/www.autojm.fr\\\/blog\\\/wp-content\\\/uploads\\\/2022\\\/10\\\/376.jpg\",\"keywords\":[\"autojm\",\"Citro\u00ebn\",\"dacia\",\"DS\",\"Fiat\",\"Ford\",\"Kia\",\"Nissan\",\"Opel\",\"peugeot\",\"renault\",\"Toyota\",\"Volkswagen\"],\"articleSection\":[\"Conseils &amp; Astuces\"],\"inLanguage\":\"fr-FR\",\"potentialAction\":[{\"@type\":\"CommentAction\",\"name\":\"Comment\",\"target\":[\"https:\\\/\\\/www.autojm.fr\\\/blog\\\/le-suv-pourquoi-ladopter\\\/#respond\"]}]},{\"@type\":\"WebPage\",\"@id\":\"https:\\\/\\\/www.autojm.fr\\\/blog\\\/le-suv-pourquoi-ladopter\\\/\",\"url\":\"https:\\\/\\\/www.autojm.fr\\\/blog\\\/le-suv-pourquoi-ladopter\\\/\",\"name\":\"Le SUV, pourquoi l\u2019adopter ? - AutoJM Mag\",\"isPartOf\":{\"@id\":\"https:\\\/\\\/www.autojm.fr\\\/blog\\\/#website\"},\"primaryImageOfPage\":{\"@id\":\"https:\\\/\\\/www.autojm.fr\\\/blog\\\/le-suv-pourquoi-ladopter\\\/#primaryimage\"},\"image\":{\"@id\":\"https:\\\/\\\/www.autojm.fr\\\/blog\\\/le-suv-pourquoi-ladopter\\\/#primaryimage\"},\"thumbnailUrl\":\"https:\\\/\\\/www.autojm.fr\\\/blog\\\/wp-content\\\/uploads\\\/2022\\\/10\\\/376.jpg\",\"datePublished\":\"2016-11-07T00:00:00+00:00\",\"dateModified\":\"2023-04-19T14:42:28+00:00\",\"description\":\"Le SUV, Sport Utility Vehicle, est un v\u00e9hicule d\u00e9fini par un volume int\u00e9rieur g\u00e9n\u00e9reux, 2 ou 4 roues motrices, aux allures d'un 4x4 et \u00e0 la...\",\"breadcrumb\":{\"@id\":\"https:\\\/\\\/www.autojm.fr\\\/blog\\\/le-suv-pourquoi-ladopter\\\/#breadcrumb\"},\"inLanguage\":\"fr-FR\",\"potentialAction\":[{\"@type\":\"ReadAction\",\"target\":[\"https:\\\/\\\/www.autojm.fr\\\/blog\\\/le-suv-pourquoi-ladopter\\\/\"]}]},{\"@type\":\"ImageObject\",\"inLanguage\":\"fr-FR\",\"@id\":\"https:\\\/\\\/www.autojm.fr\\\/blog\\\/le-suv-pourquoi-ladopter\\\/#primaryimage\",\"url\":\"https:\\\/\\\/www.autojm.fr\\\/blog\\\/wp-content\\\/uploads\\\/2022\\\/10\\\/376.jpg\",\"contentUrl\":\"https:\\\/\\\/www.autojm.fr\\\/blog\\\/wp-content\\\/uploads\\\/2022\\\/10\\\/376.jpg\",\"width\":1024,\"height\":768,\"caption\":\"SUV\"},{\"@type\":\"BreadcrumbList\",\"@id\":\"https:\\\/\\\/www.autojm.fr\\\/blog\\\/le-suv-pourquoi-ladopter\\\/#breadcrumb\",\"itemListElement\":[{\"@type\":\"ListItem\",\"position\":1,\"name\":\"Accueil\",\"item\":\"https:\\\/\\\/www.autojm.fr\\\/blog\\\/\"},{\"@type\":\"ListItem\",\"position\":2,\"name\":\"Conseils &amp; Astuces\",\"item\":\"https:\\\/\\\/www.autojm.fr\\\/blog\\\/conseils-astuces\\\/\"},{\"@type\":\"ListItem\",\"position\":3,\"name\":\"Le SUV, pourquoi l\u2019adopter ?\"}]},{\"@type\":\"WebSite\",\"@id\":\"https:\\\/\\\/www.autojm.fr\\\/blog\\\/#website\",\"url\":\"https:\\\/\\\/www.autojm.fr\\\/blog\\\/\",\"name\":\"AutoJM Mag\",\"description\":\"Toute l&#039;actu auto en 1 clic !\",\"publisher\":{\"@id\":\"https:\\\/\\\/www.autojm.fr\\\/blog\\\/#organization\"},\"potentialAction\":[{\"@type\":\"SearchAction\",\"target\":{\"@type\":\"EntryPoint\",\"urlTemplate\":\"https:\\\/\\\/www.autojm.fr\\\/blog\\\/?s={search_term_string}\"},\"query-input\":{\"@type\":\"PropertyValueSpecification\",\"valueRequired\":true,\"valueName\":\"search_term_string\"}}],\"inLanguage\":\"fr-FR\"},{\"@type\":\"Organization\",\"@id\":\"https:\\\/\\\/www.autojm.fr\\\/blog\\\/#organization\",\"name\":\"AutoJM Mag\",\"url\":\"https:\\\/\\\/www.autojm.fr\\\/blog\\\/\",\"logo\":{\"@type\":\"ImageObject\",\"inLanguage\":\"fr-FR\",\"@id\":\"https:\\\/\\\/www.autojm.fr\\\/blog\\\/#\\\/schema\\\/logo\\\/image\\\/\",\"url\":\"https:\\\/\\\/www.autojm.fr\\\/blog\\\/wp-content\\\/uploads\\\/2022\\\/12\\\/cropped-AutoJMag-png.png\",\"contentUrl\":\"https:\\\/\\\/www.autojm.fr\\\/blog\\\/wp-content\\\/uploads\\\/2022\\\/12\\\/cropped-AutoJMag-png.png\",\"width\":2834,\"height\":585,\"caption\":\"AutoJM Mag\"},\"image\":{\"@id\":\"https:\\\/\\\/www.autojm.fr\\\/blog\\\/#\\\/schema\\\/logo\\\/image\\\/\"},\"sameAs\":[\"https:\\\/\\\/www.facebook.com\\\/AutoJM25\"]},{\"@type\":\"Person\",\"@id\":\"https:\\\/\\\/www.autojm.fr\\\/blog\\\/#\\\/schema\\\/person\\\/9742bc77541853e0de81fc57f947e1a0\",\"name\":\"Autojm\",\"image\":{\"@type\":\"ImageObject\",\"inLanguage\":\"fr-FR\",\"@id\":\"https:\\\/\\\/secure.gravatar.com\\\/avatar\\\/9a959d52b758fcc232fe4b6aca7bab139182573297122cce7d6f2ee0e537b418?s=96&d=mm&r=g\",\"url\":\"https:\\\/\\\/secure.gravatar.com\\\/avatar\\\/9a959d52b758fcc232fe4b6aca7bab139182573297122cce7d6f2ee0e537b418?s=96&d=mm&r=g\",\"contentUrl\":\"https:\\\/\\\/secure.gravatar.com\\\/avatar\\\/9a959d52b758fcc232fe4b6aca7bab139182573297122cce7d6f2ee0e537b418?s=96&d=mm&r=g\",\"caption\":\"Autojm\"},\"sameAs\":[\"https:\\\/\\\/www.autojm.fr\\\/blog\"],\"url\":\"https:\\\/\\\/www.autojm.fr\\\/blog\\\/author\\\/bichoi\\\/\"}]}<\/script>\n<!-- \/ Yoast SEO plugin. -->","yoast_head_json":{"title":"Le SUV, pourquoi l\u2019adopter ? - AutoJM Mag","description":"Le SUV, Sport Utility Vehicle, est un v\u00e9hicule d\u00e9fini par un volume int\u00e9rieur g\u00e9n\u00e9reux, 2 ou 4 roues motrices, aux allures d'un 4x4 et \u00e0 la...","robots":{"index":"index","follow":"follow","max-snippet":"max-snippet:-1","max-image-preview":"max-image-preview:large","max-video-preview":"max-video-preview:-1"},"canonical":"https:\/\/www.autojm.fr\/blog\/le-suv-pourquoi-ladopter\/","og_locale":"fr_FR","og_type":"article","og_title":"Le SUV, pourquoi l\u2019adopter ? - AutoJM Mag","og_description":"Le SUV, Sport Utility Vehicle, est un v\u00e9hicule d\u00e9fini par un volume int\u00e9rieur g\u00e9n\u00e9reux, 2 ou 4 roues motrices, aux allures d'un 4x4 et \u00e0 la...","og_url":"https:\/\/www.autojm.fr\/blog\/le-suv-pourquoi-ladopter\/","og_site_name":"AutoJM Mag","article_publisher":"https:\/\/www.facebook.com\/AutoJM25","article_published_time":"2016-11-07T00:00:00+00:00","article_modified_time":"2023-04-19T14:42:28+00:00","og_image":[{"width":1024,"height":768,"url":"https:\/\/www.autojm.fr\/blog\/wp-content\/uploads\/2022\/10\/376.jpg","type":"image\/jpeg"}],"author":"Autojm","twitter_card":"summary_large_image","twitter_misc":{"\u00c9crit par":"Autojm","Dur\u00e9e de lecture estim\u00e9e":"3 minutes"},"schema":{"@context":"https:\/\/schema.org","@graph":[{"@type":"Article","@id":"https:\/\/www.autojm.fr\/blog\/le-suv-pourquoi-ladopter\/#article","isPartOf":{"@id":"https:\/\/www.autojm.fr\/blog\/le-suv-pourquoi-ladopter\/"},"author":{"name":"Autojm","@id":"https:\/\/www.autojm.fr\/blog\/#\/schema\/person\/9742bc77541853e0de81fc57f947e1a0"},"headline":"Le SUV, pourquoi l\u2019adopter ?","datePublished":"2016-11-07T00:00:00+00:00","dateModified":"2023-04-19T14:42:28+00:00","mainEntityOfPage":{"@id":"https:\/\/www.autojm.fr\/blog\/le-suv-pourquoi-ladopter\/"},"wordCount":493,"commentCount":0,"publisher":{"@id":"https:\/\/www.autojm.fr\/blog\/#organization"},"image":{"@id":"https:\/\/www.autojm.fr\/blog\/le-suv-pourquoi-ladopter\/#primaryimage"},"thumbnailUrl":"https:\/\/www.autojm.fr\/blog\/wp-content\/uploads\/2022\/10\/376.jpg","keywords":["autojm","Citro\u00ebn","dacia","DS","Fiat","Ford","Kia","Nissan","Opel","peugeot","renault","Toyota","Volkswagen"],"articleSection":["Conseils &amp; Astuces"],"inLanguage":"fr-FR","potentialAction":[{"@type":"CommentAction","name":"Comment","target":["https:\/\/www.autojm.fr\/blog\/le-suv-pourquoi-ladopter\/#respond"]}]},{"@type":"WebPage","@id":"https:\/\/www.autojm.fr\/blog\/le-suv-pourquoi-ladopter\/","url":"https:\/\/www.autojm.fr\/blog\/le-suv-pourquoi-ladopter\/","name":"Le SUV, pourquoi l\u2019adopter ? - AutoJM Mag","isPartOf":{"@id":"https:\/\/www.autojm.fr\/blog\/#website"},"primaryImageOfPage":{"@id":"https:\/\/www.autojm.fr\/blog\/le-suv-pourquoi-ladopter\/#primaryimage"},"image":{"@id":"https:\/\/www.autojm.fr\/blog\/le-suv-pourquoi-ladopter\/#primaryimage"},"thumbnailUrl":"https:\/\/www.autojm.fr\/blog\/wp-content\/uploads\/2022\/10\/376.jpg","datePublished":"2016-11-07T00:00:00+00:00","dateModified":"2023-04-19T14:42:28+00:00","description":"Le SUV, Sport Utility Vehicle, est un v\u00e9hicule d\u00e9fini par un volume int\u00e9rieur g\u00e9n\u00e9reux, 2 ou 4 roues motrices, aux allures d'un 4x4 et \u00e0 la...","breadcrumb":{"@id":"https:\/\/www.autojm.fr\/blog\/le-suv-pourquoi-ladopter\/#breadcrumb"},"inLanguage":"fr-FR","potentialAction":[{"@type":"ReadAction","target":["https:\/\/www.autojm.fr\/blog\/le-suv-pourquoi-ladopter\/"]}]},{"@type":"ImageObject","inLanguage":"fr-FR","@id":"https:\/\/www.autojm.fr\/blog\/le-suv-pourquoi-ladopter\/#primaryimage","url":"https:\/\/www.autojm.fr\/blog\/wp-content\/uploads\/2022\/10\/376.jpg","contentUrl":"https:\/\/www.autojm.fr\/blog\/wp-content\/uploads\/2022\/10\/376.jpg","width":1024,"height":768,"caption":"SUV"},{"@type":"BreadcrumbList","@id":"https:\/\/www.autojm.fr\/blog\/le-suv-pourquoi-ladopter\/#breadcrumb","itemListElement":[{"@type":"ListItem","position":1,"name":"Accueil","item":"https:\/\/www.autojm.fr\/blog\/"},{"@type":"ListItem","position":2,"name":"Conseils &amp; Astuces","item":"https:\/\/www.autojm.fr\/blog\/conseils-astuces\/"},{"@type":"ListItem","position":3,"name":"Le SUV, pourquoi l\u2019adopter ?"}]},{"@type":"WebSite","@id":"https:\/\/www.autojm.fr\/blog\/#website","url":"https:\/\/www.autojm.fr\/blog\/","name":"AutoJM Mag","description":"Toute l&#039;actu auto en 1 clic !","publisher":{"@id":"https:\/\/www.autojm.fr\/blog\/#organization"},"potentialAction":[{"@type":"SearchAction","target":{"@type":"EntryPoint","urlTemplate":"https:\/\/www.autojm.fr\/blog\/?s={search_term_string}"},"query-input":{"@type":"PropertyValueSpecification","valueRequired":true,"valueName":"search_term_string"}}],"inLanguage":"fr-FR"},{"@type":"Organization","@id":"https:\/\/www.autojm.fr\/blog\/#organization","name":"AutoJM Mag","url":"https:\/\/www.autojm.fr\/blog\/","logo":{"@type":"ImageObject","inLanguage":"fr-FR","@id":"https:\/\/www.autojm.fr\/blog\/#\/schema\/logo\/image\/","url":"https:\/\/www.autojm.fr\/blog\/wp-content\/uploads\/2022\/12\/cropped-AutoJMag-png.png","contentUrl":"https:\/\/www.autojm.fr\/blog\/wp-content\/uploads\/2022\/12\/cropped-AutoJMag-png.png","width":2834,"height":585,"caption":"AutoJM Mag"},"image":{"@id":"https:\/\/www.autojm.fr\/blog\/#\/schema\/logo\/image\/"},"sameAs":["https:\/\/www.facebook.com\/AutoJM25"]},{"@type":"Person","@id":"https:\/\/www.autojm.fr\/blog\/#\/schema\/person\/9742bc77541853e0de81fc57f947e1a0","name":"Autojm","image":{"@type":"ImageObject","inLanguage":"fr-FR","@id":"https:\/\/secure.gravatar.com\/avatar\/9a959d52b758fcc232fe4b6aca7bab139182573297122cce7d6f2ee0e537b418?s=96&d=mm&r=g","url":"https:\/\/secure.gravatar.com\/avatar\/9a959d52b758fcc232fe4b6aca7bab139182573297122cce7d6f2ee0e537b418?s=96&d=mm&r=g","contentUrl":"https:\/\/secure.gravatar.com\/avatar\/9a959d52b758fcc232fe4b6aca7bab139182573297122cce7d6f2ee0e537b418?s=96&d=mm&r=g","caption":"Autojm"},"sameAs":["https:\/\/www.autojm.fr\/blog"],"url":"https:\/\/www.autojm.fr\/blog\/author\/bichoi\/"}]}},"_links":{"self":[{"href":"https:\/\/www.autojm.fr\/blog\/wp-json\/wp\/v2\/posts\/3653","targetHints":{"allow":["GET"]}}],"collection":[{"href":"https:\/\/www.autojm.fr\/blog\/wp-json\/wp\/v2\/posts"}],"about":[{"href":"https:\/\/www.autojm.fr\/blog\/wp-json\/wp\/v2\/types\/post"}],"author":[{"embeddable":true,"href":"https:\/\/www.autojm.fr\/blog\/wp-json\/wp\/v2\/users\/1"}],"replies":[{"embeddable":true,"href":"https:\/\/www.autojm.fr\/blog\/wp-json\/wp\/v2\/comments?post=3653"}],"version-history":[{"count":4,"href":"https:\/\/www.autojm.fr\/blog\/wp-json\/wp\/v2\/posts\/3653\/revisions"}],"predecessor-version":[{"id":9663,"href":"https:\/\/www.autojm.fr\/blog\/wp-json\/wp\/v2\/posts\/3653\/revisions\/9663"}],"wp:featuredmedia":[{"embeddable":true,"href":"https:\/\/www.autojm.fr\/blog\/wp-json\/wp\/v2\/media\/5713"}],"wp:attachment":[{"href":"https:\/\/www.autojm.fr\/blog\/wp-json\/wp\/v2\/media?parent=3653"}],"wp:term":[{"taxonomy":"category","embeddable":true,"href":"https:\/\/www.autojm.fr\/blog\/wp-json\/wp\/v2\/categories?post=3653"},{"taxonomy":"post_tag","embeddable":true,"href":"https:\/\/www.autojm.fr\/blog\/wp-json\/wp\/v2\/tags?post=3653"}],"curies":[{"name":"wp","href":"https:\/\/api.w.org\/{rel}","templated":true}]}}