{"id":3650,"date":"2016-11-02T00:00:00","date_gmt":"2016-11-02T00:00:00","guid":{"rendered":"https:\/\/www.autojm.fr\/blog\/conduire-mieux-des-aujourdhui-avec-les-dispositifs-de-vision-nocturne\/"},"modified":"2023-04-19T14:41:14","modified_gmt":"2023-04-19T14:41:14","slug":"conduire-mieux-des-aujourdhui-avec-les-dispositifs-de-vision-nocturne","status":"publish","type":"post","link":"https:\/\/www.autojm.fr\/blog\/conduire-mieux-des-aujourdhui-avec-les-dispositifs-de-vision-nocturne\/","title":{"rendered":"Conduire mieux d\u00e8s aujourd\u2019hui avec les dispositifs de vision nocturne"},"content":{"rendered":"<p><span style=\"text-align: justify; font-size: 14.6667px; font-family: Arial; color: #000000; vertical-align: baseline; white-space: pre-wrap; background-color: transparent;\">La conduite de nuit augmente le risque d&rsquo;accident : perte de la visibilit\u00e9, noir complet sur certaines routes\u2026 Pour venir en aide aux conducteurs, les marques Audi,<\/span><span style=\"text-align: justify; font-size: 14.6667px; font-family: Arial; color: #000000; vertical-align: baseline; white-space: pre-wrap; background-color: transparent;\"> Mercedes et BMW ont mis en place, sur les v\u00e9hicules premium, des dispositifs de vision nocturnes.<\/span><\/p>\n<p dir=\"ltr\" style=\"line-height: 1.38; margin-top: 0pt; margin-bottom: 0pt;\">\n<p dir=\"ltr\" style=\"line-height: 1.38; margin-top: 0pt; margin-bottom: 0pt; text-align: center;\">\n<div dir=\"ltr\" style=\"line-height: 1.38; margin-top: 0pt; margin-bottom: 0pt; text-align: justify;\"><span style=\"background-color: transparent; color: #000000; font-family: Arial; font-size: 14.6667px; white-space: pre-wrap;\">Des cam\u00e9ras sont dispos\u00e9 \u00e0 l&rsquo;ext\u00e9rieur du v\u00e9hicule, sur l&rsquo;avant et notamment sur le pare-brise. Ces cam\u00e9ras sont capable de d\u00e9tecter un obstacle \u00e0 plus de 150 m\u00e8tres lorsque la visibilit\u00e9 est faible, et de pr\u00e9venir le conducteur de tout \u00e9ventuel danger. Les images enregistr\u00e9es sont transmises directement sur un \u00e9cran qui est plac\u00e9 au centre du compteur, ainsi donc, en premier plan pour le conducteur. <\/span><\/div>\n<p dir=\"ltr\" style=\"line-height: 1.38; margin-top: 0pt; margin-bottom: 0pt; text-align: justify;\"><span style=\"font-size: 14.6667px; font-family: Arial; color: #000000; vertical-align: baseline; white-space: pre-wrap; background-color: transparent;\">Lorsqu&rsquo;un animal, un pi\u00e9ton ou autre obstacle est rep\u00e9r\u00e9, il est mis en valeur sur l&rsquo;\u00e9cran \u00e0 l&rsquo;aide d&rsquo;un rectangle rouge, qui \u201cl&rsquo;entoure\u201d. Ainsi, le conducteur sait o\u00f9 il se trouve et peut donc l&rsquo;\u00e9viter. Il existe m\u00eame la fonction spotlight, capable d&rsquo;\u00e9mettre des appels de phare automatique notamment lors de la pr\u00e9sence d&rsquo;un pi\u00e9ton (ce syst\u00e8me ne s&rsquo;enclenche pas avec un animal, donc les r\u00e9actions sont impr\u00e9visibles). <\/span><\/p>\n<div dir=\"ltr\" style=\"line-height: 1.38; margin-top: 0pt; margin-bottom: 0pt; text-align: justify;\"><\/div>\n<p dir=\"ltr\" style=\"line-height: 1.38; margin-top: 0pt; margin-bottom: 0pt; text-align: justify;\"><span id=\"docs-internal-guid-fe459f97-243e-1f43-756c-e17c57a2c846\"><span style=\"font-size: 14.6667px; font-family: Arial; color: #000000; vertical-align: baseline; white-space: pre-wrap; background-color: transparent;\">Pour pouvoir d\u00e9clencher le syst\u00e8me, il faut d&rsquo;abord l&rsquo;activer \u00e0 l&rsquo;aide d&rsquo;un bouton situ\u00e9 \u00e0 gauche du volant et repr\u00e9sentant une lune. Une fois le syst\u00e8me enclench\u00e9, la cam\u00e9ra filme toute la route pour ainsi pouvoir d\u00e9tecter le moindre geste et donc envoyer une information : c&rsquo;est un animal ou un pi\u00e9ton, il se trouve \u00e0 gauche ou \u00e0 droite, \u00e0 quelle distance\u2026 Ce syst\u00e8me est dot\u00e9 d&rsquo;options pouvant permettre des appels de phare automatique, une petite sonnerie \u00e0 l&rsquo;int\u00e9rieur pour alerter le conducteur\u2026 etc. <\/span><\/span><\/p>\n<p dir=\"ltr\" style=\"line-height: 1.38; margin-top: 0pt; margin-bottom: 0pt; text-align: justify;\">\n<p dir=\"ltr\" style=\"line-height: 1.38; margin-top: 0pt; margin-bottom: 0pt; text-align: center;\">\n<div dir=\"ltr\" style=\"line-height: 1.38; margin-top: 0pt; margin-bottom: 0pt; text-align: justify;\"><\/div>\n<p dir=\"ltr\" style=\"line-height: 1.38; margin-top: 0pt; margin-bottom: 0pt; text-align: justify;\"><span id=\"docs-internal-guid-fe459f97-243e-1f43-756c-e17c57a2c846\"><span style=\"font-size: 14.6667px; font-family: Arial; color: #000000; vertical-align: baseline; white-space: pre-wrap; background-color: transparent;\">Le plus de ce nouveau syst\u00e8me mis en place sur les v\u00e9hicules des 3 c\u00e9l\u00e8bres marques, c&rsquo;est la s\u00e9curit\u00e9 bien \u00e9videmment. Le conducteur est alert\u00e9 d&rsquo;une pr\u00e9sence <\/span><\/span><span style=\"color: #000000; font-family: Arial; font-size: 14.6667px; white-space: pre-wrap; line-height: 1.38; background-color: transparent;\">avant m\u00eame d&rsquo;arriver \u00e0 son hauteur, il peut ainsi anticiper, freiner plus t\u00f4t et contourner ensuite. Ce syst\u00e8me met en valeur l&rsquo;obstacle, ce qui permet de reconna\u00eetre si <\/span><span style=\"color: #000000; font-family: Arial; font-size: 14.6667px; white-space: pre-wrap; line-height: 1.38; background-color: transparent;\">c&rsquo;est un animal ou un pi\u00e9ton. Ainsi, le conducteur peut adapter son comportement, et freiner peut \u00eatre plus intens\u00e9ment pour un animal, \u00e9tant donn\u00e9 que celui-ci <\/span><span style=\"color: #000000; font-family: Arial; font-size: 14.6667px; white-space: pre-wrap; line-height: 1.38; background-color: transparent;\">peut traverser \u00e0 tout moment. <\/span><\/p>\n<div dir=\"ltr\" style=\"line-height: 1.38; margin-top: 0pt; margin-bottom: 0pt; text-align: justify;\"><\/div>\n<p><span id=\"docs-internal-guid-fe459f97-243e-1f43-756c-e17c57a2c846\"><span style=\"font-size: 14.6667px; font-family: Arial; color: #000000; vertical-align: baseline; white-space: pre-wrap; background-color: transparent;\">Test\u00e9 et approuv\u00e9 par des professionnels, ce syst\u00e8me occupe actuellement des chercheurs Am\u00e9ricains, qui voudraient pouvoir \u00e9quiper encore plus de v\u00e9hicules de cam\u00e9ras infrarouges directement sur le pare-brise.<\/span><\/span><\/p>\n<p><iframe loading=\"lazy\" src=\"\/\/www.dailymotion.com\/embed\/video\/x4kjle0\" width=\"100%\" height=\"270\" scrolling=\"no\" allowfullscreen=\"allowfullscreen\"><\/iframe><br \/>\n<a href=\"http:\/\/www.dailymotion.com\/video\/x4kjle0_test-du-systeme-de-vision-nocturne_auto\" target=\"_blank\" rel=\"noopener\">test du syst\u00e8me de vision nocturne<\/a> <i>par <a href=\"http:\/\/www.dailymotion.com\/caradisiac\" target=\"_blank\" rel=\"noopener\">caradisiac<\/a><\/i><\/p>\n","protected":false},"excerpt":{"rendered":"<p>La conduite de nuit augmente le risque d&rsquo;accident : perte de la visibilit\u00e9, noir complet sur certaines routes\u2026 Pour venir en aide aux conducteurs, les marques Audi, Mercedes et BMW ont mis en place, sur les v\u00e9hicules premium, des dispositifs de vision nocturnes.<\/p>\n","protected":false},"author":1,"featured_media":5710,"comment_status":"open","ping_status":"open","sticky":false,"template":"","format":"standard","meta":{"_acf_changed":false,"content-type":"","footnotes":""},"categories":[22],"tags":[90,85,74,105,110,109,106,108,107,73,78,169,96],"class_list":["post-3650","post","type-post","status-publish","format-standard","has-post-thumbnail","hentry","category-conseils-astuces","tag-autojm","tag-citroen-2","tag-dacia","tag-ds","tag-fiat","tag-ford","tag-kia","tag-nissan","tag-opel","tag-peugeot","tag-renault","tag-toyota","tag-volkswagen"],"acf":[],"yoast_head":"<!-- This site is optimized with the Yoast SEO plugin v27.5 - https:\/\/yoast.com\/product\/yoast-seo-wordpress\/ -->\n<title>Mieux conduire avec les dispositifs de vision nocturne<\/title>\n<meta name=\"description\" content=\"La conduite de nuit augmente le risque d&#039;accident : perte de la visibilit\u00e9, noir complet sur certaines routes\u2026 Pour venir en aide aux...\" \/>\n<meta name=\"robots\" content=\"index, follow, max-snippet:-1, max-image-preview:large, max-video-preview:-1\" \/>\n<link rel=\"canonical\" href=\"https:\/\/www.autojm.fr\/blog\/conduire-mieux-des-aujourdhui-avec-les-dispositifs-de-vision-nocturne\/\" \/>\n<meta property=\"og:locale\" content=\"fr_FR\" \/>\n<meta property=\"og:type\" content=\"article\" \/>\n<meta property=\"og:title\" content=\"Mieux conduire avec les dispositifs de vision nocturne\" \/>\n<meta property=\"og:description\" content=\"La conduite de nuit augmente le risque d&#039;accident : perte de la visibilit\u00e9, noir complet sur certaines routes\u2026 Pour venir en aide aux...\" \/>\n<meta property=\"og:url\" content=\"https:\/\/www.autojm.fr\/blog\/conduire-mieux-des-aujourdhui-avec-les-dispositifs-de-vision-nocturne\/\" \/>\n<meta property=\"og:site_name\" content=\"AutoJM Mag\" \/>\n<meta property=\"article:publisher\" content=\"https:\/\/www.facebook.com\/AutoJM25\" \/>\n<meta property=\"article:published_time\" content=\"2016-11-02T00:00:00+00:00\" \/>\n<meta property=\"article:modified_time\" content=\"2023-04-19T14:41:14+00:00\" \/>\n<meta property=\"og:image\" content=\"https:\/\/www.autojm.fr\/blog\/wp-content\/uploads\/2022\/10\/373.jpg\" \/>\n\t<meta property=\"og:image:width\" content=\"600\" \/>\n\t<meta property=\"og:image:height\" content=\"386\" \/>\n\t<meta property=\"og:image:type\" content=\"image\/jpeg\" \/>\n<meta name=\"author\" content=\"Autojm\" \/>\n<meta name=\"twitter:card\" content=\"summary_large_image\" \/>\n<meta name=\"twitter:label1\" content=\"\u00c9crit par\" \/>\n\t<meta name=\"twitter:data1\" content=\"Autojm\" \/>\n\t<meta name=\"twitter:label2\" content=\"Dur\u00e9e de lecture estim\u00e9e\" \/>\n\t<meta name=\"twitter:data2\" content=\"2 minutes\" \/>\n<script type=\"application\/ld+json\" class=\"yoast-schema-graph\">{\"@context\":\"https:\\\/\\\/schema.org\",\"@graph\":[{\"@type\":\"Article\",\"@id\":\"https:\\\/\\\/www.autojm.fr\\\/blog\\\/conduire-mieux-des-aujourdhui-avec-les-dispositifs-de-vision-nocturne\\\/#article\",\"isPartOf\":{\"@id\":\"https:\\\/\\\/www.autojm.fr\\\/blog\\\/conduire-mieux-des-aujourdhui-avec-les-dispositifs-de-vision-nocturne\\\/\"},\"author\":{\"name\":\"Autojm\",\"@id\":\"https:\\\/\\\/www.autojm.fr\\\/blog\\\/#\\\/schema\\\/person\\\/9742bc77541853e0de81fc57f947e1a0\"},\"headline\":\"Conduire mieux d\u00e8s aujourd\u2019hui avec les dispositifs de vision nocturne\",\"datePublished\":\"2016-11-02T00:00:00+00:00\",\"dateModified\":\"2023-04-19T14:41:14+00:00\",\"mainEntityOfPage\":{\"@id\":\"https:\\\/\\\/www.autojm.fr\\\/blog\\\/conduire-mieux-des-aujourdhui-avec-les-dispositifs-de-vision-nocturne\\\/\"},\"wordCount\":427,\"commentCount\":0,\"publisher\":{\"@id\":\"https:\\\/\\\/www.autojm.fr\\\/blog\\\/#organization\"},\"image\":{\"@id\":\"https:\\\/\\\/www.autojm.fr\\\/blog\\\/conduire-mieux-des-aujourdhui-avec-les-dispositifs-de-vision-nocturne\\\/#primaryimage\"},\"thumbnailUrl\":\"https:\\\/\\\/www.autojm.fr\\\/blog\\\/wp-content\\\/uploads\\\/2022\\\/10\\\/373.jpg\",\"keywords\":[\"autojm\",\"Citro\u00ebn\",\"dacia\",\"DS\",\"Fiat\",\"Ford\",\"Kia\",\"Nissan\",\"Opel\",\"peugeot\",\"renault\",\"Toyota\",\"Volkswagen\"],\"articleSection\":[\"Conseils &amp; Astuces\"],\"inLanguage\":\"fr-FR\",\"potentialAction\":[{\"@type\":\"CommentAction\",\"name\":\"Comment\",\"target\":[\"https:\\\/\\\/www.autojm.fr\\\/blog\\\/conduire-mieux-des-aujourdhui-avec-les-dispositifs-de-vision-nocturne\\\/#respond\"]}]},{\"@type\":\"WebPage\",\"@id\":\"https:\\\/\\\/www.autojm.fr\\\/blog\\\/conduire-mieux-des-aujourdhui-avec-les-dispositifs-de-vision-nocturne\\\/\",\"url\":\"https:\\\/\\\/www.autojm.fr\\\/blog\\\/conduire-mieux-des-aujourdhui-avec-les-dispositifs-de-vision-nocturne\\\/\",\"name\":\"Mieux conduire avec les dispositifs de vision nocturne\",\"isPartOf\":{\"@id\":\"https:\\\/\\\/www.autojm.fr\\\/blog\\\/#website\"},\"primaryImageOfPage\":{\"@id\":\"https:\\\/\\\/www.autojm.fr\\\/blog\\\/conduire-mieux-des-aujourdhui-avec-les-dispositifs-de-vision-nocturne\\\/#primaryimage\"},\"image\":{\"@id\":\"https:\\\/\\\/www.autojm.fr\\\/blog\\\/conduire-mieux-des-aujourdhui-avec-les-dispositifs-de-vision-nocturne\\\/#primaryimage\"},\"thumbnailUrl\":\"https:\\\/\\\/www.autojm.fr\\\/blog\\\/wp-content\\\/uploads\\\/2022\\\/10\\\/373.jpg\",\"datePublished\":\"2016-11-02T00:00:00+00:00\",\"dateModified\":\"2023-04-19T14:41:14+00:00\",\"description\":\"La conduite de nuit augmente le risque d'accident : perte de la visibilit\u00e9, noir complet sur certaines routes\u2026 Pour venir en aide aux...\",\"breadcrumb\":{\"@id\":\"https:\\\/\\\/www.autojm.fr\\\/blog\\\/conduire-mieux-des-aujourdhui-avec-les-dispositifs-de-vision-nocturne\\\/#breadcrumb\"},\"inLanguage\":\"fr-FR\",\"potentialAction\":[{\"@type\":\"ReadAction\",\"target\":[\"https:\\\/\\\/www.autojm.fr\\\/blog\\\/conduire-mieux-des-aujourdhui-avec-les-dispositifs-de-vision-nocturne\\\/\"]}]},{\"@type\":\"ImageObject\",\"inLanguage\":\"fr-FR\",\"@id\":\"https:\\\/\\\/www.autojm.fr\\\/blog\\\/conduire-mieux-des-aujourdhui-avec-les-dispositifs-de-vision-nocturne\\\/#primaryimage\",\"url\":\"https:\\\/\\\/www.autojm.fr\\\/blog\\\/wp-content\\\/uploads\\\/2022\\\/10\\\/373.jpg\",\"contentUrl\":\"https:\\\/\\\/www.autojm.fr\\\/blog\\\/wp-content\\\/uploads\\\/2022\\\/10\\\/373.jpg\",\"width\":600,\"height\":386,\"caption\":\"Vision nocturne\"},{\"@type\":\"BreadcrumbList\",\"@id\":\"https:\\\/\\\/www.autojm.fr\\\/blog\\\/conduire-mieux-des-aujourdhui-avec-les-dispositifs-de-vision-nocturne\\\/#breadcrumb\",\"itemListElement\":[{\"@type\":\"ListItem\",\"position\":1,\"name\":\"Accueil\",\"item\":\"https:\\\/\\\/www.autojm.fr\\\/blog\\\/\"},{\"@type\":\"ListItem\",\"position\":2,\"name\":\"Conseils &amp; Astuces\",\"item\":\"https:\\\/\\\/www.autojm.fr\\\/blog\\\/conseils-astuces\\\/\"},{\"@type\":\"ListItem\",\"position\":3,\"name\":\"Conduire mieux d\u00e8s aujourd\u2019hui avec les dispositifs de vision nocturne\"}]},{\"@type\":\"WebSite\",\"@id\":\"https:\\\/\\\/www.autojm.fr\\\/blog\\\/#website\",\"url\":\"https:\\\/\\\/www.autojm.fr\\\/blog\\\/\",\"name\":\"AutoJM Mag\",\"description\":\"Toute l&#039;actu auto en 1 clic !\",\"publisher\":{\"@id\":\"https:\\\/\\\/www.autojm.fr\\\/blog\\\/#organization\"},\"potentialAction\":[{\"@type\":\"SearchAction\",\"target\":{\"@type\":\"EntryPoint\",\"urlTemplate\":\"https:\\\/\\\/www.autojm.fr\\\/blog\\\/?s={search_term_string}\"},\"query-input\":{\"@type\":\"PropertyValueSpecification\",\"valueRequired\":true,\"valueName\":\"search_term_string\"}}],\"inLanguage\":\"fr-FR\"},{\"@type\":\"Organization\",\"@id\":\"https:\\\/\\\/www.autojm.fr\\\/blog\\\/#organization\",\"name\":\"AutoJM Mag\",\"url\":\"https:\\\/\\\/www.autojm.fr\\\/blog\\\/\",\"logo\":{\"@type\":\"ImageObject\",\"inLanguage\":\"fr-FR\",\"@id\":\"https:\\\/\\\/www.autojm.fr\\\/blog\\\/#\\\/schema\\\/logo\\\/image\\\/\",\"url\":\"https:\\\/\\\/www.autojm.fr\\\/blog\\\/wp-content\\\/uploads\\\/2022\\\/12\\\/cropped-AutoJMag-png.png\",\"contentUrl\":\"https:\\\/\\\/www.autojm.fr\\\/blog\\\/wp-content\\\/uploads\\\/2022\\\/12\\\/cropped-AutoJMag-png.png\",\"width\":2834,\"height\":585,\"caption\":\"AutoJM Mag\"},\"image\":{\"@id\":\"https:\\\/\\\/www.autojm.fr\\\/blog\\\/#\\\/schema\\\/logo\\\/image\\\/\"},\"sameAs\":[\"https:\\\/\\\/www.facebook.com\\\/AutoJM25\"]},{\"@type\":\"Person\",\"@id\":\"https:\\\/\\\/www.autojm.fr\\\/blog\\\/#\\\/schema\\\/person\\\/9742bc77541853e0de81fc57f947e1a0\",\"name\":\"Autojm\",\"image\":{\"@type\":\"ImageObject\",\"inLanguage\":\"fr-FR\",\"@id\":\"https:\\\/\\\/secure.gravatar.com\\\/avatar\\\/9a959d52b758fcc232fe4b6aca7bab139182573297122cce7d6f2ee0e537b418?s=96&d=mm&r=g\",\"url\":\"https:\\\/\\\/secure.gravatar.com\\\/avatar\\\/9a959d52b758fcc232fe4b6aca7bab139182573297122cce7d6f2ee0e537b418?s=96&d=mm&r=g\",\"contentUrl\":\"https:\\\/\\\/secure.gravatar.com\\\/avatar\\\/9a959d52b758fcc232fe4b6aca7bab139182573297122cce7d6f2ee0e537b418?s=96&d=mm&r=g\",\"caption\":\"Autojm\"},\"sameAs\":[\"https:\\\/\\\/www.autojm.fr\\\/blog\"],\"url\":\"https:\\\/\\\/www.autojm.fr\\\/blog\\\/author\\\/bichoi\\\/\"}]}<\/script>\n<!-- \/ Yoast SEO plugin. -->","yoast_head_json":{"title":"Mieux conduire avec les dispositifs de vision nocturne","description":"La conduite de nuit augmente le risque d'accident : perte de la visibilit\u00e9, noir complet sur certaines routes\u2026 Pour venir en aide aux...","robots":{"index":"index","follow":"follow","max-snippet":"max-snippet:-1","max-image-preview":"max-image-preview:large","max-video-preview":"max-video-preview:-1"},"canonical":"https:\/\/www.autojm.fr\/blog\/conduire-mieux-des-aujourdhui-avec-les-dispositifs-de-vision-nocturne\/","og_locale":"fr_FR","og_type":"article","og_title":"Mieux conduire avec les dispositifs de vision nocturne","og_description":"La conduite de nuit augmente le risque d'accident : perte de la visibilit\u00e9, noir complet sur certaines routes\u2026 Pour venir en aide aux...","og_url":"https:\/\/www.autojm.fr\/blog\/conduire-mieux-des-aujourdhui-avec-les-dispositifs-de-vision-nocturne\/","og_site_name":"AutoJM Mag","article_publisher":"https:\/\/www.facebook.com\/AutoJM25","article_published_time":"2016-11-02T00:00:00+00:00","article_modified_time":"2023-04-19T14:41:14+00:00","og_image":[{"width":600,"height":386,"url":"https:\/\/www.autojm.fr\/blog\/wp-content\/uploads\/2022\/10\/373.jpg","type":"image\/jpeg"}],"author":"Autojm","twitter_card":"summary_large_image","twitter_misc":{"\u00c9crit par":"Autojm","Dur\u00e9e de lecture estim\u00e9e":"2 minutes"},"schema":{"@context":"https:\/\/schema.org","@graph":[{"@type":"Article","@id":"https:\/\/www.autojm.fr\/blog\/conduire-mieux-des-aujourdhui-avec-les-dispositifs-de-vision-nocturne\/#article","isPartOf":{"@id":"https:\/\/www.autojm.fr\/blog\/conduire-mieux-des-aujourdhui-avec-les-dispositifs-de-vision-nocturne\/"},"author":{"name":"Autojm","@id":"https:\/\/www.autojm.fr\/blog\/#\/schema\/person\/9742bc77541853e0de81fc57f947e1a0"},"headline":"Conduire mieux d\u00e8s aujourd\u2019hui avec les dispositifs de vision nocturne","datePublished":"2016-11-02T00:00:00+00:00","dateModified":"2023-04-19T14:41:14+00:00","mainEntityOfPage":{"@id":"https:\/\/www.autojm.fr\/blog\/conduire-mieux-des-aujourdhui-avec-les-dispositifs-de-vision-nocturne\/"},"wordCount":427,"commentCount":0,"publisher":{"@id":"https:\/\/www.autojm.fr\/blog\/#organization"},"image":{"@id":"https:\/\/www.autojm.fr\/blog\/conduire-mieux-des-aujourdhui-avec-les-dispositifs-de-vision-nocturne\/#primaryimage"},"thumbnailUrl":"https:\/\/www.autojm.fr\/blog\/wp-content\/uploads\/2022\/10\/373.jpg","keywords":["autojm","Citro\u00ebn","dacia","DS","Fiat","Ford","Kia","Nissan","Opel","peugeot","renault","Toyota","Volkswagen"],"articleSection":["Conseils &amp; Astuces"],"inLanguage":"fr-FR","potentialAction":[{"@type":"CommentAction","name":"Comment","target":["https:\/\/www.autojm.fr\/blog\/conduire-mieux-des-aujourdhui-avec-les-dispositifs-de-vision-nocturne\/#respond"]}]},{"@type":"WebPage","@id":"https:\/\/www.autojm.fr\/blog\/conduire-mieux-des-aujourdhui-avec-les-dispositifs-de-vision-nocturne\/","url":"https:\/\/www.autojm.fr\/blog\/conduire-mieux-des-aujourdhui-avec-les-dispositifs-de-vision-nocturne\/","name":"Mieux conduire avec les dispositifs de vision nocturne","isPartOf":{"@id":"https:\/\/www.autojm.fr\/blog\/#website"},"primaryImageOfPage":{"@id":"https:\/\/www.autojm.fr\/blog\/conduire-mieux-des-aujourdhui-avec-les-dispositifs-de-vision-nocturne\/#primaryimage"},"image":{"@id":"https:\/\/www.autojm.fr\/blog\/conduire-mieux-des-aujourdhui-avec-les-dispositifs-de-vision-nocturne\/#primaryimage"},"thumbnailUrl":"https:\/\/www.autojm.fr\/blog\/wp-content\/uploads\/2022\/10\/373.jpg","datePublished":"2016-11-02T00:00:00+00:00","dateModified":"2023-04-19T14:41:14+00:00","description":"La conduite de nuit augmente le risque d'accident : perte de la visibilit\u00e9, noir complet sur certaines routes\u2026 Pour venir en aide aux...","breadcrumb":{"@id":"https:\/\/www.autojm.fr\/blog\/conduire-mieux-des-aujourdhui-avec-les-dispositifs-de-vision-nocturne\/#breadcrumb"},"inLanguage":"fr-FR","potentialAction":[{"@type":"ReadAction","target":["https:\/\/www.autojm.fr\/blog\/conduire-mieux-des-aujourdhui-avec-les-dispositifs-de-vision-nocturne\/"]}]},{"@type":"ImageObject","inLanguage":"fr-FR","@id":"https:\/\/www.autojm.fr\/blog\/conduire-mieux-des-aujourdhui-avec-les-dispositifs-de-vision-nocturne\/#primaryimage","url":"https:\/\/www.autojm.fr\/blog\/wp-content\/uploads\/2022\/10\/373.jpg","contentUrl":"https:\/\/www.autojm.fr\/blog\/wp-content\/uploads\/2022\/10\/373.jpg","width":600,"height":386,"caption":"Vision nocturne"},{"@type":"BreadcrumbList","@id":"https:\/\/www.autojm.fr\/blog\/conduire-mieux-des-aujourdhui-avec-les-dispositifs-de-vision-nocturne\/#breadcrumb","itemListElement":[{"@type":"ListItem","position":1,"name":"Accueil","item":"https:\/\/www.autojm.fr\/blog\/"},{"@type":"ListItem","position":2,"name":"Conseils &amp; Astuces","item":"https:\/\/www.autojm.fr\/blog\/conseils-astuces\/"},{"@type":"ListItem","position":3,"name":"Conduire mieux d\u00e8s aujourd\u2019hui avec les dispositifs de vision nocturne"}]},{"@type":"WebSite","@id":"https:\/\/www.autojm.fr\/blog\/#website","url":"https:\/\/www.autojm.fr\/blog\/","name":"AutoJM Mag","description":"Toute l&#039;actu auto en 1 clic !","publisher":{"@id":"https:\/\/www.autojm.fr\/blog\/#organization"},"potentialAction":[{"@type":"SearchAction","target":{"@type":"EntryPoint","urlTemplate":"https:\/\/www.autojm.fr\/blog\/?s={search_term_string}"},"query-input":{"@type":"PropertyValueSpecification","valueRequired":true,"valueName":"search_term_string"}}],"inLanguage":"fr-FR"},{"@type":"Organization","@id":"https:\/\/www.autojm.fr\/blog\/#organization","name":"AutoJM Mag","url":"https:\/\/www.autojm.fr\/blog\/","logo":{"@type":"ImageObject","inLanguage":"fr-FR","@id":"https:\/\/www.autojm.fr\/blog\/#\/schema\/logo\/image\/","url":"https:\/\/www.autojm.fr\/blog\/wp-content\/uploads\/2022\/12\/cropped-AutoJMag-png.png","contentUrl":"https:\/\/www.autojm.fr\/blog\/wp-content\/uploads\/2022\/12\/cropped-AutoJMag-png.png","width":2834,"height":585,"caption":"AutoJM Mag"},"image":{"@id":"https:\/\/www.autojm.fr\/blog\/#\/schema\/logo\/image\/"},"sameAs":["https:\/\/www.facebook.com\/AutoJM25"]},{"@type":"Person","@id":"https:\/\/www.autojm.fr\/blog\/#\/schema\/person\/9742bc77541853e0de81fc57f947e1a0","name":"Autojm","image":{"@type":"ImageObject","inLanguage":"fr-FR","@id":"https:\/\/secure.gravatar.com\/avatar\/9a959d52b758fcc232fe4b6aca7bab139182573297122cce7d6f2ee0e537b418?s=96&d=mm&r=g","url":"https:\/\/secure.gravatar.com\/avatar\/9a959d52b758fcc232fe4b6aca7bab139182573297122cce7d6f2ee0e537b418?s=96&d=mm&r=g","contentUrl":"https:\/\/secure.gravatar.com\/avatar\/9a959d52b758fcc232fe4b6aca7bab139182573297122cce7d6f2ee0e537b418?s=96&d=mm&r=g","caption":"Autojm"},"sameAs":["https:\/\/www.autojm.fr\/blog"],"url":"https:\/\/www.autojm.fr\/blog\/author\/bichoi\/"}]}},"_links":{"self":[{"href":"https:\/\/www.autojm.fr\/blog\/wp-json\/wp\/v2\/posts\/3650","targetHints":{"allow":["GET"]}}],"collection":[{"href":"https:\/\/www.autojm.fr\/blog\/wp-json\/wp\/v2\/posts"}],"about":[{"href":"https:\/\/www.autojm.fr\/blog\/wp-json\/wp\/v2\/types\/post"}],"author":[{"embeddable":true,"href":"https:\/\/www.autojm.fr\/blog\/wp-json\/wp\/v2\/users\/1"}],"replies":[{"embeddable":true,"href":"https:\/\/www.autojm.fr\/blog\/wp-json\/wp\/v2\/comments?post=3650"}],"version-history":[{"count":4,"href":"https:\/\/www.autojm.fr\/blog\/wp-json\/wp\/v2\/posts\/3650\/revisions"}],"predecessor-version":[{"id":9659,"href":"https:\/\/www.autojm.fr\/blog\/wp-json\/wp\/v2\/posts\/3650\/revisions\/9659"}],"wp:featuredmedia":[{"embeddable":true,"href":"https:\/\/www.autojm.fr\/blog\/wp-json\/wp\/v2\/media\/5710"}],"wp:attachment":[{"href":"https:\/\/www.autojm.fr\/blog\/wp-json\/wp\/v2\/media?parent=3650"}],"wp:term":[{"taxonomy":"category","embeddable":true,"href":"https:\/\/www.autojm.fr\/blog\/wp-json\/wp\/v2\/categories?post=3650"},{"taxonomy":"post_tag","embeddable":true,"href":"https:\/\/www.autojm.fr\/blog\/wp-json\/wp\/v2\/tags?post=3650"}],"curies":[{"name":"wp","href":"https:\/\/api.w.org\/{rel}","templated":true}]}}