{"id":3649,"date":"2016-07-08T00:00:00","date_gmt":"2016-07-08T00:00:00","guid":{"rendered":"https:\/\/www.autojm.fr\/blog\/certificat-qualite-de-lair-pour-quoi-pourquoi-et-combien\/"},"modified":"2023-04-19T14:39:16","modified_gmt":"2023-04-19T14:39:16","slug":"certificat-qualite-de-lair-pour-quoi-pourquoi-et-combien","status":"publish","type":"post","link":"https:\/\/www.autojm.fr\/blog\/certificat-qualite-de-lair-pour-quoi-pourquoi-et-combien\/","title":{"rendered":"Certificat qualit\u00e9 de l&rsquo;air : pour quoi, pourquoi et combien ?"},"content":{"rendered":"<h2><span style=\"font-weight: bold; font-size: 1.5em; line-height: 1.2;\">Qu&rsquo;est-ce que le certificat qualit\u00e9 de l&rsquo;air et pourquoi une telle mise en place ?<\/span><\/h2>\n<p style=\"line-height: 20.8px;\"><span style=\"font-weight: bold; line-height: 20.8px;\">Pourquoi un plan pour la qualit\u00e9 de l&rsquo;air ?<\/span><\/p>\n<p style=\"line-height: 20.8px;\"><span style=\"line-height: 1.6;\">Le Minist\u00e8re de l&rsquo;environnement de l&rsquo;\u00e9nergie et de la mer, a mis en place r\u00e9cemment le \u00ab\u00a0<\/span><span style=\"font-weight: bold; line-height: 1.6;\">certificat qualit\u00e9 de l&rsquo;air<\/span><span style=\"line-height: 1.6;\">\u00a0\u00bb qui consiste \u00e0 apposer une vignette sur les v\u00e9hicules \u00ab\u00a0propres\u00a0\u00bb afin d&rsquo;am\u00e9liorer la qualit\u00e9 de l&rsquo;air et de favoriser l&rsquo;achat de v\u00e9hicule moins polluants. Dans une derni\u00e8re enqu\u00eate publi\u00e9e par le Minist\u00e8re, il en ressort quej 60% de la population fran\u00e7aise respire un air pollu\u00e9, ce qui provoquerait des maladies cardio vasculaires, respiratoires et des cancers.<\/span><\/p>\n<p style=\"line-height: 20.8px;\"><span style=\"font-weight: bold;\">Comment se pr\u00e9sente les vignettes appel\u00e9es \u00ab\u00a0Crit&rsquo;Air\u00a0\u00bb ?<\/span><\/p>\n<p style=\"line-height: 20.8px;\">\n<p style=\"line-height: 20.8px;\">Les vignettes sont class\u00e9es en 6 classes en fonction de leur ann\u00e9e de construction et des \u00e9missions de CO2.<br \/>\nLa vignette verte : pour les v\u00e9hicules 100% \u00e9lectriques<br \/>\nLa vignette violette : pour les normes Euro 5 et 6<br \/>\nLa vignette jaune : pour les normes Euro 4<br \/>\nLa vignette orange : pour les normes Euro 2 et 3<br \/>\nLa vignette marron : pour les normes Euro 3, v\u00e9hicules construits avant 2005<br \/>\nLa vignette grise : pour les normes Euro 2<\/p>\n<p style=\"line-height: 20.8px;\">\n<p style=\"line-height: 20.8px;\"><span style=\"font-weight: bold;\">Qu&rsquo;est ce que les normes \u00ab\u00a0Euro\u00a0\u00bb ?<\/span><\/p>\n<p style=\"line-height: 20.8px;\">Tous les v\u00e9hicules l\u00e9gers neufs sont test\u00e9s avant la mise en circulation afin de tester le niveau de pollution du v\u00e9hicule. Le test consister \u00e0 passer diff\u00e9rentes \u00e9preuves au v\u00e9hicule \u00e0 travers des tests d&rsquo;acc\u00e9l\u00e9ration, de d\u00e9c\u00e9lerations et de paliers de vitesse sur 20 minutes.<\/p>\n<p style=\"line-height: 20.8px;\">Avec ces tests, sont mesur\u00e9s les oxydes d&rsquo;azote (NOx), les particules (PM) les hydrocarbures imbr\u00fbl\u00e9s (HC) et le monoxyde de carbone (CO).<\/p>\n<p style=\"line-height: 20.8px;\"><span style=\"font-weight: bold;\">Comment faire la demande de la vignette \u00ab\u00a0Crit&rsquo;Air\u00a0\u00bb ?<\/span><\/p>\n<p style=\"line-height: 20.8px;\">Le Minist\u00e8re de l&rsquo;\u00e9cologie a lanc\u00e9 r\u00e9cemment un site internet d\u00e9di\u00e9 (<a href=\"http:\/\/www.certificat-air.gouv.fr\/\">www.certificat-air.gouv.fr<\/a>)o\u00f9 l&rsquo;internaute pourra faire sa demande directement en se connectant.<\/p>\n<p style=\"line-height: 20.8px;\">Le site permet de r\u00e9aliser une simulation, pour connaitre le type de vignette concern\u00e9e puis la possibilit\u00e9 de l&rsquo;acheter, moyennant 4,5\u20ac environ. Ce prix couvre les frais de fabrication et d&rsquo;envoi.<br \/>\nQuelques jours plus tard, l&rsquo;utilisateur recevra sa vignette directement en boite aux lettres, \u00e0 l&rsquo;adresse indiqu\u00e9e sur la carte grise.<\/p>\n<p style=\"line-height: 20.8px;\">\n<p style=\"line-height: 20.8px;\"><span style=\"font-weight: bold;\">Quelle est la dur\u00e9e de validit\u00e9 du certificat ?<\/span><\/p>\n<p style=\"line-height: 20.8px;\">Le v\u00e9hicule conservera sa note tout au long de sa vie.<\/p>\n<p style=\"line-height: 20.8px;\"><span style=\"font-weight: bold; line-height: 1.6;\">Quel est l&rsquo;int\u00e9r\u00eat \/ l&rsquo;avantage pour l&rsquo;utilisateur d&rsquo;utiliser ces vignettes ?<\/span><\/p>\n<p style=\"line-height: 20.8px;\">Le certificat donne droit \u00e0 des avantages aux v\u00e9hicules les moins polluants, l&rsquo;utilisateur pourra :<\/p>\n<p style=\"line-height: 20.8px;\">&#8211; <span style=\"font-weight: bold;\">Profiter d&#8217;emplacement de stationnement privil\u00e9gi\u00e9s <\/span>et r\u00e9serv\u00e9s aux porteurs de vignette,<br \/>\n&#8211; <span style=\"font-weight: bold;\">Obtenir des conditions de circulation privil\u00e9gi\u00e9es <\/span>dans les grandes agglom\u00e9rations, o\u00f9 la circulation commence \u00e0 \u00eatre tr\u00e8s mod\u00e9r\u00e9e.<br \/>\n&#8211; <span style=\"font-weight: bold;\">Circuler dans les zones \u00e0 circulation restreinte<\/span>(ZRC)<\/p>\n<p style=\"line-height: 20.8px;\"><span style=\"font-weight: bold;\">Qu&rsquo;est-ce qu&rsquo;une zone \u00e0 circulation restreinte (ZRC) ?<\/span><\/p>\n<p style=\"line-height: 20.8px;\">Les communes qui le souhaitent sont autoris\u00e9s par la loi relative \u00e0 la transition \u00e9nerg\u00e9tique pour la croissance verte d&rsquo;instaurer des ZCR au sein de leur ville afin de limiter l&rsquo;acc\u00e8s aux v\u00e9hicules polluants et ainsi prot\u00e9ger la sant\u00e9 de la population. En Europe, on compte plus de 200 zone dites \u00ab\u00a0low emissions zones\u00a0\u00bb<\/p>\n<p style=\"line-height: 20.8px;\"><span style=\"line-height: 20.8px;\">exemple : du Grand Londres o\u00f9 seuls les v\u00e9hicules les moins polluants peuvent circuler<\/span><\/p>\n<p style=\"line-height: 20.8px;\"><span style=\"font-weight: bold; line-height: 1.6;\">Quelle sanction risque un automobiliste non autoris\u00e9 \u00e0 circuler ?<\/span><\/p>\n<p style=\"line-height: 20.8px;\">Le niveau de sanction sera en fonction de la gravit\u00e9 de la fraude :<\/p>\n<div style=\"line-height: 20.8px; margin-left: 15pt;\">\u00b7 L&rsquo;utilisation d&rsquo;un certificat frauduleux: fabrication, vente ou usage<\/div>\n<div style=\"line-height: 20.8px; margin-left: 15pt;\">\u00b7 L&rsquo;utilisation d&rsquo;un certificat illisible<\/div>\n<div style=\"line-height: 20.8px; margin-left: 15pt;\">\u00b7 L&rsquo;absence de certificat dans une zone \u00e0 circulation restreinte pour le stationnement ou la circulation<\/div>\n<div style=\"line-height: 20.8px; margin-left: 15pt;\">\u00b7 Le fait de ne pas respecter les exigences de classification.<\/div>\n<div style=\"line-height: 20.8px; margin-left: 15pt;\"><\/div>\n<div style=\"line-height: 20.8px; margin-left: 15pt;\">De plus, un arr\u00eat\u00e9 interminist\u00e9riel dicte la mani\u00e8re dont le certificat doit \u00eatre appos\u00e9 sur le v\u00e9hicule<\/div>\n<p style=\"line-height: 20.8px;\"><span style=\"font-weight: bold; line-height: 1.6;\">A qui s&rsquo;adresse ce certificat et est-il obligatoire ?<\/span><\/p>\n<p style=\"line-height: 20.8px;\">Tous les v\u00e9hicules routiers sont concern\u00e9s :voitures, poids lourds, bus, autocars, 2 roues, v\u00e9hicules utilitaires, etc&#8230;<\/p>\n<p style=\"line-height: 20.8px;\">Celui-ci n&rsquo;est pas obligatoire, il s&rsquo;agit d&rsquo;une d\u00e9marche volontaire de la part des automobilistes qui se sentent concern\u00e9s par l&rsquo;\u00e9cologie.<\/p>\n<p style=\"line-height: 20.8px;\">\n","protected":false},"excerpt":{"rendered":"<p>Le Minist\u00e8re de l&rsquo;environnement de l&rsquo;\u00e9nergie et de la mer, a mis en place r\u00e9cemment le \u00ab\u00a0certificat qualit\u00e9 de l&rsquo;air\u00a0\u00bb qui consiste \u00e0 apposer une vignette sur les v\u00e9hicules \u00ab\u00a0propres\u00a0\u00bb afin d&rsquo;am\u00e9liorer la qualit\u00e9 de l&rsquo;air et de favoriser l&rsquo;achat de v\u00e9hicule moins polluants.<\/p>\n","protected":false},"author":1,"featured_media":5709,"comment_status":"open","ping_status":"open","sticky":false,"template":"","format":"standard","meta":{"_acf_changed":false,"content-type":"","footnotes":""},"categories":[22],"tags":[90,85,74,105,110,109,106,108,107,73,78,169,96],"class_list":["post-3649","post","type-post","status-publish","format-standard","has-post-thumbnail","hentry","category-conseils-astuces","tag-autojm","tag-citroen-2","tag-dacia","tag-ds","tag-fiat","tag-ford","tag-kia","tag-nissan","tag-opel","tag-peugeot","tag-renault","tag-toyota","tag-volkswagen"],"acf":[],"yoast_head":"<!-- This site is optimized with the Yoast SEO plugin v27.5 - https:\/\/yoast.com\/product\/yoast-seo-wordpress\/ -->\n<title>Certificat qualit\u00e9 de l&#039;air : pour quoi, pourquoi et combien ?<\/title>\n<meta name=\"description\" content=\"Le Minist\u00e8re de l&#039;environnement de l&#039;\u00e9nergie et de la mer, a mis en place r\u00e9cemment le &quot;certificat qualit\u00e9 de l&#039;air&quot; qui consiste \u00e0...\" \/>\n<meta name=\"robots\" content=\"index, follow, max-snippet:-1, max-image-preview:large, max-video-preview:-1\" \/>\n<link rel=\"canonical\" href=\"https:\/\/www.autojm.fr\/blog\/certificat-qualite-de-lair-pour-quoi-pourquoi-et-combien\/\" \/>\n<meta property=\"og:locale\" content=\"fr_FR\" \/>\n<meta property=\"og:type\" content=\"article\" \/>\n<meta property=\"og:title\" content=\"Certificat qualit\u00e9 de l&#039;air : pour quoi, pourquoi et combien ?\" \/>\n<meta property=\"og:description\" content=\"Le Minist\u00e8re de l&#039;environnement de l&#039;\u00e9nergie et de la mer, a mis en place r\u00e9cemment le &quot;certificat qualit\u00e9 de l&#039;air&quot; qui consiste \u00e0...\" \/>\n<meta property=\"og:url\" content=\"https:\/\/www.autojm.fr\/blog\/certificat-qualite-de-lair-pour-quoi-pourquoi-et-combien\/\" \/>\n<meta property=\"og:site_name\" content=\"AutoJM Mag\" \/>\n<meta property=\"article:publisher\" content=\"https:\/\/www.facebook.com\/AutoJM25\" \/>\n<meta property=\"article:published_time\" content=\"2016-07-08T00:00:00+00:00\" \/>\n<meta property=\"article:modified_time\" content=\"2023-04-19T14:39:16+00:00\" \/>\n<meta property=\"og:image\" content=\"https:\/\/www.autojm.fr\/blog\/wp-content\/uploads\/2022\/10\/354.jpg\" \/>\n\t<meta property=\"og:image:width\" content=\"466\" \/>\n\t<meta property=\"og:image:height\" content=\"685\" \/>\n\t<meta property=\"og:image:type\" content=\"image\/jpeg\" \/>\n<meta name=\"author\" content=\"Autojm\" \/>\n<meta name=\"twitter:card\" content=\"summary_large_image\" \/>\n<meta name=\"twitter:label1\" content=\"\u00c9crit par\" \/>\n\t<meta name=\"twitter:data1\" content=\"Autojm\" \/>\n\t<meta name=\"twitter:label2\" content=\"Dur\u00e9e de lecture estim\u00e9e\" \/>\n\t<meta name=\"twitter:data2\" content=\"4 minutes\" \/>\n<script type=\"application\/ld+json\" class=\"yoast-schema-graph\">{\"@context\":\"https:\\\/\\\/schema.org\",\"@graph\":[{\"@type\":\"Article\",\"@id\":\"https:\\\/\\\/www.autojm.fr\\\/blog\\\/certificat-qualite-de-lair-pour-quoi-pourquoi-et-combien\\\/#article\",\"isPartOf\":{\"@id\":\"https:\\\/\\\/www.autojm.fr\\\/blog\\\/certificat-qualite-de-lair-pour-quoi-pourquoi-et-combien\\\/\"},\"author\":{\"name\":\"Autojm\",\"@id\":\"https:\\\/\\\/www.autojm.fr\\\/blog\\\/#\\\/schema\\\/person\\\/9742bc77541853e0de81fc57f947e1a0\"},\"headline\":\"Certificat qualit\u00e9 de l&rsquo;air : pour quoi, pourquoi et combien ?\",\"datePublished\":\"2016-07-08T00:00:00+00:00\",\"dateModified\":\"2023-04-19T14:39:16+00:00\",\"mainEntityOfPage\":{\"@id\":\"https:\\\/\\\/www.autojm.fr\\\/blog\\\/certificat-qualite-de-lair-pour-quoi-pourquoi-et-combien\\\/\"},\"wordCount\":664,\"commentCount\":0,\"publisher\":{\"@id\":\"https:\\\/\\\/www.autojm.fr\\\/blog\\\/#organization\"},\"image\":{\"@id\":\"https:\\\/\\\/www.autojm.fr\\\/blog\\\/certificat-qualite-de-lair-pour-quoi-pourquoi-et-combien\\\/#primaryimage\"},\"thumbnailUrl\":\"https:\\\/\\\/www.autojm.fr\\\/blog\\\/wp-content\\\/uploads\\\/2022\\\/10\\\/354.jpg\",\"keywords\":[\"autojm\",\"Citro\u00ebn\",\"dacia\",\"DS\",\"Fiat\",\"Ford\",\"Kia\",\"Nissan\",\"Opel\",\"peugeot\",\"renault\",\"Toyota\",\"Volkswagen\"],\"articleSection\":[\"Conseils &amp; Astuces\"],\"inLanguage\":\"fr-FR\",\"potentialAction\":[{\"@type\":\"CommentAction\",\"name\":\"Comment\",\"target\":[\"https:\\\/\\\/www.autojm.fr\\\/blog\\\/certificat-qualite-de-lair-pour-quoi-pourquoi-et-combien\\\/#respond\"]}]},{\"@type\":\"WebPage\",\"@id\":\"https:\\\/\\\/www.autojm.fr\\\/blog\\\/certificat-qualite-de-lair-pour-quoi-pourquoi-et-combien\\\/\",\"url\":\"https:\\\/\\\/www.autojm.fr\\\/blog\\\/certificat-qualite-de-lair-pour-quoi-pourquoi-et-combien\\\/\",\"name\":\"Certificat qualit\u00e9 de l'air : pour quoi, pourquoi et combien ?\",\"isPartOf\":{\"@id\":\"https:\\\/\\\/www.autojm.fr\\\/blog\\\/#website\"},\"primaryImageOfPage\":{\"@id\":\"https:\\\/\\\/www.autojm.fr\\\/blog\\\/certificat-qualite-de-lair-pour-quoi-pourquoi-et-combien\\\/#primaryimage\"},\"image\":{\"@id\":\"https:\\\/\\\/www.autojm.fr\\\/blog\\\/certificat-qualite-de-lair-pour-quoi-pourquoi-et-combien\\\/#primaryimage\"},\"thumbnailUrl\":\"https:\\\/\\\/www.autojm.fr\\\/blog\\\/wp-content\\\/uploads\\\/2022\\\/10\\\/354.jpg\",\"datePublished\":\"2016-07-08T00:00:00+00:00\",\"dateModified\":\"2023-04-19T14:39:16+00:00\",\"description\":\"Le Minist\u00e8re de l'environnement de l'\u00e9nergie et de la mer, a mis en place r\u00e9cemment le \\\"certificat qualit\u00e9 de l'air\\\" qui consiste \u00e0...\",\"breadcrumb\":{\"@id\":\"https:\\\/\\\/www.autojm.fr\\\/blog\\\/certificat-qualite-de-lair-pour-quoi-pourquoi-et-combien\\\/#breadcrumb\"},\"inLanguage\":\"fr-FR\",\"potentialAction\":[{\"@type\":\"ReadAction\",\"target\":[\"https:\\\/\\\/www.autojm.fr\\\/blog\\\/certificat-qualite-de-lair-pour-quoi-pourquoi-et-combien\\\/\"]}]},{\"@type\":\"ImageObject\",\"inLanguage\":\"fr-FR\",\"@id\":\"https:\\\/\\\/www.autojm.fr\\\/blog\\\/certificat-qualite-de-lair-pour-quoi-pourquoi-et-combien\\\/#primaryimage\",\"url\":\"https:\\\/\\\/www.autojm.fr\\\/blog\\\/wp-content\\\/uploads\\\/2022\\\/10\\\/354.jpg\",\"contentUrl\":\"https:\\\/\\\/www.autojm.fr\\\/blog\\\/wp-content\\\/uploads\\\/2022\\\/10\\\/354.jpg\",\"width\":466,\"height\":685,\"caption\":\"Vignettes Crit'Air\"},{\"@type\":\"BreadcrumbList\",\"@id\":\"https:\\\/\\\/www.autojm.fr\\\/blog\\\/certificat-qualite-de-lair-pour-quoi-pourquoi-et-combien\\\/#breadcrumb\",\"itemListElement\":[{\"@type\":\"ListItem\",\"position\":1,\"name\":\"Accueil\",\"item\":\"https:\\\/\\\/www.autojm.fr\\\/blog\\\/\"},{\"@type\":\"ListItem\",\"position\":2,\"name\":\"Conseils &amp; Astuces\",\"item\":\"https:\\\/\\\/www.autojm.fr\\\/blog\\\/conseils-astuces\\\/\"},{\"@type\":\"ListItem\",\"position\":3,\"name\":\"Certificat qualit\u00e9 de l&rsquo;air : pour quoi, pourquoi et combien ?\"}]},{\"@type\":\"WebSite\",\"@id\":\"https:\\\/\\\/www.autojm.fr\\\/blog\\\/#website\",\"url\":\"https:\\\/\\\/www.autojm.fr\\\/blog\\\/\",\"name\":\"AutoJM Mag\",\"description\":\"Toute l&#039;actu auto en 1 clic !\",\"publisher\":{\"@id\":\"https:\\\/\\\/www.autojm.fr\\\/blog\\\/#organization\"},\"potentialAction\":[{\"@type\":\"SearchAction\",\"target\":{\"@type\":\"EntryPoint\",\"urlTemplate\":\"https:\\\/\\\/www.autojm.fr\\\/blog\\\/?s={search_term_string}\"},\"query-input\":{\"@type\":\"PropertyValueSpecification\",\"valueRequired\":true,\"valueName\":\"search_term_string\"}}],\"inLanguage\":\"fr-FR\"},{\"@type\":\"Organization\",\"@id\":\"https:\\\/\\\/www.autojm.fr\\\/blog\\\/#organization\",\"name\":\"AutoJM Mag\",\"url\":\"https:\\\/\\\/www.autojm.fr\\\/blog\\\/\",\"logo\":{\"@type\":\"ImageObject\",\"inLanguage\":\"fr-FR\",\"@id\":\"https:\\\/\\\/www.autojm.fr\\\/blog\\\/#\\\/schema\\\/logo\\\/image\\\/\",\"url\":\"https:\\\/\\\/www.autojm.fr\\\/blog\\\/wp-content\\\/uploads\\\/2022\\\/12\\\/cropped-AutoJMag-png.png\",\"contentUrl\":\"https:\\\/\\\/www.autojm.fr\\\/blog\\\/wp-content\\\/uploads\\\/2022\\\/12\\\/cropped-AutoJMag-png.png\",\"width\":2834,\"height\":585,\"caption\":\"AutoJM Mag\"},\"image\":{\"@id\":\"https:\\\/\\\/www.autojm.fr\\\/blog\\\/#\\\/schema\\\/logo\\\/image\\\/\"},\"sameAs\":[\"https:\\\/\\\/www.facebook.com\\\/AutoJM25\"]},{\"@type\":\"Person\",\"@id\":\"https:\\\/\\\/www.autojm.fr\\\/blog\\\/#\\\/schema\\\/person\\\/9742bc77541853e0de81fc57f947e1a0\",\"name\":\"Autojm\",\"image\":{\"@type\":\"ImageObject\",\"inLanguage\":\"fr-FR\",\"@id\":\"https:\\\/\\\/secure.gravatar.com\\\/avatar\\\/9a959d52b758fcc232fe4b6aca7bab139182573297122cce7d6f2ee0e537b418?s=96&d=mm&r=g\",\"url\":\"https:\\\/\\\/secure.gravatar.com\\\/avatar\\\/9a959d52b758fcc232fe4b6aca7bab139182573297122cce7d6f2ee0e537b418?s=96&d=mm&r=g\",\"contentUrl\":\"https:\\\/\\\/secure.gravatar.com\\\/avatar\\\/9a959d52b758fcc232fe4b6aca7bab139182573297122cce7d6f2ee0e537b418?s=96&d=mm&r=g\",\"caption\":\"Autojm\"},\"sameAs\":[\"https:\\\/\\\/www.autojm.fr\\\/blog\"],\"url\":\"https:\\\/\\\/www.autojm.fr\\\/blog\\\/author\\\/bichoi\\\/\"}]}<\/script>\n<!-- \/ Yoast SEO plugin. -->","yoast_head_json":{"title":"Certificat qualit\u00e9 de l'air : pour quoi, pourquoi et combien ?","description":"Le Minist\u00e8re de l'environnement de l'\u00e9nergie et de la mer, a mis en place r\u00e9cemment le \"certificat qualit\u00e9 de l'air\" qui consiste \u00e0...","robots":{"index":"index","follow":"follow","max-snippet":"max-snippet:-1","max-image-preview":"max-image-preview:large","max-video-preview":"max-video-preview:-1"},"canonical":"https:\/\/www.autojm.fr\/blog\/certificat-qualite-de-lair-pour-quoi-pourquoi-et-combien\/","og_locale":"fr_FR","og_type":"article","og_title":"Certificat qualit\u00e9 de l'air : pour quoi, pourquoi et combien ?","og_description":"Le Minist\u00e8re de l'environnement de l'\u00e9nergie et de la mer, a mis en place r\u00e9cemment le \"certificat qualit\u00e9 de l'air\" qui consiste \u00e0...","og_url":"https:\/\/www.autojm.fr\/blog\/certificat-qualite-de-lair-pour-quoi-pourquoi-et-combien\/","og_site_name":"AutoJM Mag","article_publisher":"https:\/\/www.facebook.com\/AutoJM25","article_published_time":"2016-07-08T00:00:00+00:00","article_modified_time":"2023-04-19T14:39:16+00:00","og_image":[{"width":466,"height":685,"url":"https:\/\/www.autojm.fr\/blog\/wp-content\/uploads\/2022\/10\/354.jpg","type":"image\/jpeg"}],"author":"Autojm","twitter_card":"summary_large_image","twitter_misc":{"\u00c9crit par":"Autojm","Dur\u00e9e de lecture estim\u00e9e":"4 minutes"},"schema":{"@context":"https:\/\/schema.org","@graph":[{"@type":"Article","@id":"https:\/\/www.autojm.fr\/blog\/certificat-qualite-de-lair-pour-quoi-pourquoi-et-combien\/#article","isPartOf":{"@id":"https:\/\/www.autojm.fr\/blog\/certificat-qualite-de-lair-pour-quoi-pourquoi-et-combien\/"},"author":{"name":"Autojm","@id":"https:\/\/www.autojm.fr\/blog\/#\/schema\/person\/9742bc77541853e0de81fc57f947e1a0"},"headline":"Certificat qualit\u00e9 de l&rsquo;air : pour quoi, pourquoi et combien ?","datePublished":"2016-07-08T00:00:00+00:00","dateModified":"2023-04-19T14:39:16+00:00","mainEntityOfPage":{"@id":"https:\/\/www.autojm.fr\/blog\/certificat-qualite-de-lair-pour-quoi-pourquoi-et-combien\/"},"wordCount":664,"commentCount":0,"publisher":{"@id":"https:\/\/www.autojm.fr\/blog\/#organization"},"image":{"@id":"https:\/\/www.autojm.fr\/blog\/certificat-qualite-de-lair-pour-quoi-pourquoi-et-combien\/#primaryimage"},"thumbnailUrl":"https:\/\/www.autojm.fr\/blog\/wp-content\/uploads\/2022\/10\/354.jpg","keywords":["autojm","Citro\u00ebn","dacia","DS","Fiat","Ford","Kia","Nissan","Opel","peugeot","renault","Toyota","Volkswagen"],"articleSection":["Conseils &amp; Astuces"],"inLanguage":"fr-FR","potentialAction":[{"@type":"CommentAction","name":"Comment","target":["https:\/\/www.autojm.fr\/blog\/certificat-qualite-de-lair-pour-quoi-pourquoi-et-combien\/#respond"]}]},{"@type":"WebPage","@id":"https:\/\/www.autojm.fr\/blog\/certificat-qualite-de-lair-pour-quoi-pourquoi-et-combien\/","url":"https:\/\/www.autojm.fr\/blog\/certificat-qualite-de-lair-pour-quoi-pourquoi-et-combien\/","name":"Certificat qualit\u00e9 de l'air : pour quoi, pourquoi et combien ?","isPartOf":{"@id":"https:\/\/www.autojm.fr\/blog\/#website"},"primaryImageOfPage":{"@id":"https:\/\/www.autojm.fr\/blog\/certificat-qualite-de-lair-pour-quoi-pourquoi-et-combien\/#primaryimage"},"image":{"@id":"https:\/\/www.autojm.fr\/blog\/certificat-qualite-de-lair-pour-quoi-pourquoi-et-combien\/#primaryimage"},"thumbnailUrl":"https:\/\/www.autojm.fr\/blog\/wp-content\/uploads\/2022\/10\/354.jpg","datePublished":"2016-07-08T00:00:00+00:00","dateModified":"2023-04-19T14:39:16+00:00","description":"Le Minist\u00e8re de l'environnement de l'\u00e9nergie et de la mer, a mis en place r\u00e9cemment le \"certificat qualit\u00e9 de l'air\" qui consiste \u00e0...","breadcrumb":{"@id":"https:\/\/www.autojm.fr\/blog\/certificat-qualite-de-lair-pour-quoi-pourquoi-et-combien\/#breadcrumb"},"inLanguage":"fr-FR","potentialAction":[{"@type":"ReadAction","target":["https:\/\/www.autojm.fr\/blog\/certificat-qualite-de-lair-pour-quoi-pourquoi-et-combien\/"]}]},{"@type":"ImageObject","inLanguage":"fr-FR","@id":"https:\/\/www.autojm.fr\/blog\/certificat-qualite-de-lair-pour-quoi-pourquoi-et-combien\/#primaryimage","url":"https:\/\/www.autojm.fr\/blog\/wp-content\/uploads\/2022\/10\/354.jpg","contentUrl":"https:\/\/www.autojm.fr\/blog\/wp-content\/uploads\/2022\/10\/354.jpg","width":466,"height":685,"caption":"Vignettes Crit'Air"},{"@type":"BreadcrumbList","@id":"https:\/\/www.autojm.fr\/blog\/certificat-qualite-de-lair-pour-quoi-pourquoi-et-combien\/#breadcrumb","itemListElement":[{"@type":"ListItem","position":1,"name":"Accueil","item":"https:\/\/www.autojm.fr\/blog\/"},{"@type":"ListItem","position":2,"name":"Conseils &amp; Astuces","item":"https:\/\/www.autojm.fr\/blog\/conseils-astuces\/"},{"@type":"ListItem","position":3,"name":"Certificat qualit\u00e9 de l&rsquo;air : pour quoi, pourquoi et combien ?"}]},{"@type":"WebSite","@id":"https:\/\/www.autojm.fr\/blog\/#website","url":"https:\/\/www.autojm.fr\/blog\/","name":"AutoJM Mag","description":"Toute l&#039;actu auto en 1 clic !","publisher":{"@id":"https:\/\/www.autojm.fr\/blog\/#organization"},"potentialAction":[{"@type":"SearchAction","target":{"@type":"EntryPoint","urlTemplate":"https:\/\/www.autojm.fr\/blog\/?s={search_term_string}"},"query-input":{"@type":"PropertyValueSpecification","valueRequired":true,"valueName":"search_term_string"}}],"inLanguage":"fr-FR"},{"@type":"Organization","@id":"https:\/\/www.autojm.fr\/blog\/#organization","name":"AutoJM Mag","url":"https:\/\/www.autojm.fr\/blog\/","logo":{"@type":"ImageObject","inLanguage":"fr-FR","@id":"https:\/\/www.autojm.fr\/blog\/#\/schema\/logo\/image\/","url":"https:\/\/www.autojm.fr\/blog\/wp-content\/uploads\/2022\/12\/cropped-AutoJMag-png.png","contentUrl":"https:\/\/www.autojm.fr\/blog\/wp-content\/uploads\/2022\/12\/cropped-AutoJMag-png.png","width":2834,"height":585,"caption":"AutoJM Mag"},"image":{"@id":"https:\/\/www.autojm.fr\/blog\/#\/schema\/logo\/image\/"},"sameAs":["https:\/\/www.facebook.com\/AutoJM25"]},{"@type":"Person","@id":"https:\/\/www.autojm.fr\/blog\/#\/schema\/person\/9742bc77541853e0de81fc57f947e1a0","name":"Autojm","image":{"@type":"ImageObject","inLanguage":"fr-FR","@id":"https:\/\/secure.gravatar.com\/avatar\/9a959d52b758fcc232fe4b6aca7bab139182573297122cce7d6f2ee0e537b418?s=96&d=mm&r=g","url":"https:\/\/secure.gravatar.com\/avatar\/9a959d52b758fcc232fe4b6aca7bab139182573297122cce7d6f2ee0e537b418?s=96&d=mm&r=g","contentUrl":"https:\/\/secure.gravatar.com\/avatar\/9a959d52b758fcc232fe4b6aca7bab139182573297122cce7d6f2ee0e537b418?s=96&d=mm&r=g","caption":"Autojm"},"sameAs":["https:\/\/www.autojm.fr\/blog"],"url":"https:\/\/www.autojm.fr\/blog\/author\/bichoi\/"}]}},"_links":{"self":[{"href":"https:\/\/www.autojm.fr\/blog\/wp-json\/wp\/v2\/posts\/3649","targetHints":{"allow":["GET"]}}],"collection":[{"href":"https:\/\/www.autojm.fr\/blog\/wp-json\/wp\/v2\/posts"}],"about":[{"href":"https:\/\/www.autojm.fr\/blog\/wp-json\/wp\/v2\/types\/post"}],"author":[{"embeddable":true,"href":"https:\/\/www.autojm.fr\/blog\/wp-json\/wp\/v2\/users\/1"}],"replies":[{"embeddable":true,"href":"https:\/\/www.autojm.fr\/blog\/wp-json\/wp\/v2\/comments?post=3649"}],"version-history":[{"count":5,"href":"https:\/\/www.autojm.fr\/blog\/wp-json\/wp\/v2\/posts\/3649\/revisions"}],"predecessor-version":[{"id":9655,"href":"https:\/\/www.autojm.fr\/blog\/wp-json\/wp\/v2\/posts\/3649\/revisions\/9655"}],"wp:featuredmedia":[{"embeddable":true,"href":"https:\/\/www.autojm.fr\/blog\/wp-json\/wp\/v2\/media\/5709"}],"wp:attachment":[{"href":"https:\/\/www.autojm.fr\/blog\/wp-json\/wp\/v2\/media?parent=3649"}],"wp:term":[{"taxonomy":"category","embeddable":true,"href":"https:\/\/www.autojm.fr\/blog\/wp-json\/wp\/v2\/categories?post=3649"},{"taxonomy":"post_tag","embeddable":true,"href":"https:\/\/www.autojm.fr\/blog\/wp-json\/wp\/v2\/tags?post=3649"}],"curies":[{"name":"wp","href":"https:\/\/api.w.org\/{rel}","templated":true}]}}