{"id":3632,"date":"2016-05-19T00:00:00","date_gmt":"2016-05-19T00:00:00","guid":{"rendered":"https:\/\/www.autojm.fr\/blog\/citroen-lancera-des-le-mois-de-juin-son-nouveau-c4-picasso-restyle\/"},"modified":"2023-04-18T13:42:29","modified_gmt":"2023-04-18T13:42:29","slug":"citroen-lancera-des-le-mois-de-juin-son-nouveau-c4-picasso-restyle","status":"publish","type":"post","link":"https:\/\/www.autojm.fr\/blog\/citroen-lancera-des-le-mois-de-juin-son-nouveau-c4-picasso-restyle\/","title":{"rendered":"Citro\u00ebn lancera d\u00e8s le mois de juin son nouveau C4 Picasso restyl\u00e9"},"content":{"rendered":"<p dir=\"ltr\" style=\"line-height: 1.4018181818181819; margin-top: 11pt; margin-bottom: 8pt; text-align: justify;\"><span id=\"docs-internal-guid-fb3023d4-c801-11c7-ddef-6be551d43dc8\"><span style=\"font-size: 14.6667px; font-family: Calibri; color: #000000; font-weight: bold; vertical-align: baseline; white-space: pre-wrap;\">La marque Citro\u00ebn est toujours en constante \u00e9volution et se renouvelle sans cesse. Le Citro\u00ebn C4 Picasso tant attendu fera son apparition d\u00e8s cet \u00e9t\u00e9. <\/span><\/span><\/p>\n<p>Citro\u00ebn C4 Picasso restyl\u00e9 vue avant et arri\u00e8re<\/p>\n<h4 dir=\"ltr\" style=\"line-height: 1.40182; margin-top: 11pt; margin-bottom: 8pt; text-align: justify;\"><span style=\"color: #000000; font-family: Calibri; font-size: 14.6667px; white-space: pre-wrap; line-height: 1.40182;\">Trois ans apr\u00e8s son lancement, le constructeur mise gros sur la technologie et l&rsquo;innovation. Citro\u00ebn avec son monospace compact au look diff\u00e9rent et surtout plus \u00e9quip\u00e9 pourrait faire de l&rsquo;ombre \u00e0 ses concurrents fran\u00e7ais Renault et Peugeot. \u00c0 mi- carri\u00e8re, le groupe Citro\u00ebn offre un super lifting \u00e0 son monospace.<\/span><\/h4>\n<p dir=\"ltr\" style=\"line-height: 1.4018181818181819; margin-top: 11pt; margin-bottom: 8pt; text-align: justify;\"><span id=\"docs-internal-guid-fb3023d4-c801-11c7-ddef-6be551d43dc8\"><span style=\"font-size: 16px; font-family: Calibri; color: #000000; font-weight: bold; vertical-align: baseline; white-space: pre-wrap;\">Restylage l\u00e9ger mais tr\u00e8s cibl\u00e9.<\/span> <\/span><\/p>\n<p dir=\"ltr\" style=\"line-height: 1.4018181818181819; margin-top: 11pt; margin-bottom: 8pt; text-align: justify;\"><em><span style=\"color: #000000; font-family: Calibri; font-size: 14.6667px; line-height: 18.691px; text-align: justify; white-space: pre-wrap;\">Citro\u00ebn C4 Picasso : jantes 17&Prime;<\/span><\/em><\/p>\n<h4 dir=\"ltr\" style=\"line-height: 1.40182; margin-top: 11pt; margin-bottom: 8pt; text-align: justify;\"><span style=\"font-size: 14.6667px; font-family: Calibri; color: #000000; vertical-align: baseline; white-space: pre-wrap;\">Il faudra avoir l&rsquo;\u0153il aiguis\u00e9 pour distinguer ce nouveau mod\u00e8le. <\/span><a style=\"font-size: 1em; line-height: 1.40182; font-family: sans-serif, Arial, Verdana, 'Trebuchet MS';\" href=\"https:\/\/www.autojm.fr\/mandataire-voitures-neuves-citroen\"><span style=\"font-size: 14.6667px; font-family: Calibri; color: #1155cc; text-decoration: underline; vertical-align: baseline; white-space: pre-wrap;\">Citro\u00ebn C4 Picasso<\/span><\/a><span style=\"font-size: 14.6667px; font-family: Calibri; color: #000000; vertical-align: baseline; white-space: pre-wrap;\"> disposera des feux 3D \u00e0 l&rsquo;arri\u00e8re, des feux de jour \u00e0 diodes et d&rsquo;un remodelage de la partie avant, sans oublier de nouveaux coloris de carrosserie (blue, sable, lazuli,acier, gris). Gr\u00e2ce \u00e0 un jonc chrom\u00e9 autour des antibrouillards et une calandre chrom\u00e9e qui se prolonge autour des feux de jour du C4 Picasso restyl\u00e9 parait embelli et rajeuni. Les jantes en alliage 17 pouces et un toit biton donnent un c\u00f4t\u00e9 luxueux au v\u00e9hicule.<\/span><\/h4>\n<p dir=\"ltr\"><span style=\"color: #000000; font-family: Calibri;\"><span style=\"font-size: 14.6667px; line-height: 21.3334px; white-space: pre-wrap;\">Feux arri\u00e8re 3D \/ Les phares avant \/ Les phares anti-brouillard <\/span><\/span><\/p>\n<p>Le Citro\u00ebn C4 Picasso misera aussi sur son confort : le rangement entre les si\u00e8ges avant, 3 si\u00e8ges arri\u00e8re ind\u00e9pendants et il dispose toujours d&rsquo;un si\u00e8ge passager + repose pied et son volume de coffre plus spacieux.<\/p>\n<p dir=\"ltr\" style=\"line-height: 1.4018181818181819; margin-top: 11pt; margin-bottom: 8pt; text-align: justify;\"><em>Citro\u00ebn C4 Picasso et son tableau de bord multim\u00e9dia \/ Le toit biton<\/em><\/p>\n<p>La technologie \u00e0 bord du nouveau C4 Picasso :<\/p>\n<ul style=\"margin-top: 0pt; margin-bottom: 0pt;\">\n<li>Le hayon mains libres<\/li>\n<li>La reconnaissance des panneaux indicateurs de vitesse<\/li>\n<li>Le r\u00e9gulateur de vitesse adaptatif avec fonction Stop (sur les mod\u00e8les \u00e9quip\u00e9s du moteur BlueHdi 150 avec une bo\u00eete de vitesses auto : EAT6)<\/li>\n<li>Le syst\u00e8me de surveillance d&rsquo;angle mort<\/li>\n<li>Un syst\u00e8me de freinage d&rsquo;urgence<\/li>\n<li>L&rsquo;alerte active de franchissement involontaire d&rsquo;une ligne continue (\u00e0 partir de 65 km\/h)<\/li>\n<li>La tablette tactile 7 pouces<\/li>\n<\/ul>\n<p dir=\"ltr\" style=\"line-height: 1.4018181818181819; margin-top: 11pt; margin-bottom: 8pt; text-align: justify;\"><span id=\"docs-internal-guid-fb3023d4-c801-11c7-ddef-6be551d43dc8\"><span style=\"font-size: 16px; font-family: Calibri; color: #000000; font-weight: bold; vertical-align: baseline; white-space: pre-wrap;\">A l&rsquo;int\u00e9rieur du Nouveau Picasso :<\/span><\/span><\/p>\n<p>Le C4 Picasso de chez Citro\u00ebn personnalise \u00e9galement l&rsquo;habitacle en proposant 4 ambiances int\u00e9rieures distinctes (3 sont optionnelles : hype grey, beige, dune, wild, blue). Il sera propos\u00e9 avec un nouveau moteur essence 1.2 PureTech de 130 cv accoupl\u00e9 \u00e0 une bo\u00eete de vitesses automatique \u00e0 6 rapports le v\u00e9hicule est \u00e0 la hauteur des ambitions. Celui-ci pr\u00e9voit une consommation moyenne de 5,1 L\/100km et 115 Gr\/km des \u00e9missions de CO2.<\/p>\n<p>Moderne et esth\u00e9tiquement agr\u00e9able, Le nouveau Picasso vous s\u00e9duira davantage. Les changements sont nombreux et surtout tr\u00e8s High-Tech. Le C4 Picasso restyl\u00e9 a tout pour plaire aux deux mondes, celui des SUV et des monospaces. Le restylage r\u00e9ussi pour Citro\u00ebn C4 Picasso \u00e0 tout point de vue. Le \u00abTechnospace\u00bb est pr\u00eat \u00e0 affronter ses concurrents, notamment le <a href=\"https:\/\/www.autojm.fr\/mandataire-voitures-neuves-renault\">nouveau Renault Sc\u00e9nic<\/a>.<\/p>\n<p>Le <strong>Nouveau Citro\u00ebn C4 Picasso restyl\u00e9<\/strong> fera son entr\u00e9e sur le march\u00e9 d\u00e8s le mois de juin 2016 et sera accompagn\u00e9 de son fr\u00e8re Grand C4 Picasso en version 7 places.<\/p>\n<p dir=\"ltr\" style=\"line-height: 1.4018181818181819; margin-top: 11pt; margin-bottom: 8pt; text-align: justify;\">Nouveau Citro\u00ebn C4 Picasso se d\u00e9cline en diff\u00e9rents coloris<\/p>\n<p dir=\"ltr\" style=\"line-height: 1.4018181818181819; margin-top: 11pt; margin-bottom: 8pt; text-align: justify;\"><span id=\"docs-internal-guid-fb3023d4-c801-11c7-ddef-6be551d43dc8\"><span style=\"font-size: 14.6667px; font-family: Calibri; color: #000000; vertical-align: baseline; white-space: pre-wrap;\">Les deux seront fabriqu\u00e9s en Espagne, \u00e0 Vigo, dans l&rsquo;usine PSA. Les C4 Picasso et Grand C4 Picasso ont encore de beaux jours devant eux. La marque aux chevrons attaque fort et n&rsquo;a pas encore r\u00e9v\u00e9l\u00e9 tous ses secrets. En tout cas, une chose est s\u00fbre, c&rsquo;est que Citro\u00ebn monte en gamme ! <\/span><\/span><\/p>\n<p dir=\"ltr\" style=\"line-height: 1.4018181818181819; margin-top: 11pt; margin-bottom: 8pt; text-align: justify;\"><span style=\"color: #000000; font-family: Calibri; font-size: 16px; font-weight: bold; text-decoration: underline; white-space: pre-wrap; line-height: 1.2;\">Duel entre la version restyl\u00e9e du Citro\u00ebn C4 Picasso VS Renault Sc\u00e9nic 2016<\/span><\/p>\n<p><strong>Pourquoi les affronter ?<\/strong><br \/>\nLe Sc\u00e9nic 4 sera le concurrent direct du Citro\u00ebn C4 Picasso et lui volera probablement la vedette ! En effet, m\u00eame si cette version courte (5 places) sera disponible d\u00e8s fin 2016, son grand fr\u00e8re le Grand Sc\u00e9nic 7 places verra le jour d\u00e9but 2017 et rejoindra donc l&rsquo;Espace dans l&rsquo;univers des Monospaces 7 places chez Renault.<\/p>\n<h2><strong><span style=\"color: #1a1a1a; font-family: Arial; font-size: 16px; text-decoration: underline; white-space: pre-wrap; line-height: 1.2; text-align: justify;\">Quels sont les changements de ces nouvelles versions ? <\/span><\/strong><\/h2>\n<p>Le restylage du C4 Picasso se retrouve sur la nouvelle face avant, l&rsquo;ajout de nouveaux feux arri\u00e8res, un toit biton et surtout la personnalisation de l&rsquo;ambiance int\u00e9rieur. Sur le nouveau C4 Picasso, les changements se situent majoritairement \u00e0 l&rsquo;int\u00e9rieur de l&rsquo;habitacle : Le syst\u00e8me multim\u00e9dia est revu compl\u00e8tement : il est d\u00e9sormais dot\u00e9 du syst\u00e8me de navigation \u00abCitro\u00ebn Connect Nav\u00bb.<\/p>\n<p dir=\"ltr\" style=\"line-height: 1.2; margin-top: 8pt; margin-bottom: 13pt; text-align: justify;\">\n<p dir=\"ltr\" style=\"line-height: 1.2; margin-top: 8pt; margin-bottom: 13pt; text-align: justify;\">\n<p dir=\"ltr\" style=\"line-height: 1.2; margin-top: 8pt; margin-bottom: 13pt; text-align: justify;\"><em style=\"line-height: 1.2;\"><span style=\"line-height: 1.2;\">Nouveau C4 Picasso<\/span><\/em><\/p>\n<p>C\u00f4t\u00e9 geek, les smartphones peuvent \u00eatre reli\u00e9s au syst\u00e8me et leur contenu s&rsquo;affiche \u00e0 l&rsquo;\u00e9cran. On y retrouve les applications, playlists et on peut acc\u00e9der \u00e0 la t\u00e9l\u00e9phonie via Bluetooth.<br \/>\nDu c\u00f4t\u00e9 du Nouveau Renault Sc\u00e9nic (attendu fin 2016), son principal concurrent, les \u00e9volutions sont visibles surtout de l&rsquo;ext\u00e9rieur. En effet, celui-ci n&rsquo;a pas subi un simple facelift mais a \u00e9t\u00e9 enti\u00e8rement transform\u00e9 ! Le Nouveau Renault Sc\u00e9nic 2016 mise plut\u00f4t sur le confort et un design radical.<\/p>\n<div><\/div>\n<p><em>Nouveau Renault Sc\u00e9nic avec des jantes 20&Prime;<\/em><\/p>\n<p>A l&rsquo;ext\u00e9rieur, le designer Laurens van den Acker s&rsquo;est inspir\u00e9 tr\u00e8s largement du secteur du SUV, qui a la c\u00f4te en ce moment, et a retransform\u00e9 le monospace qui n&rsquo;\u00e9tait plus au gout du jour. Ses points fort sont les pneus \u00e9troits 195 x 55 x 20 (20 pouces), un pare-brise plongeant, des porte-\u00e0-faux r\u00e9duits au minimum, un pavillon bicolore, une ceinture de caisse haute et des portes rebondies.<\/p>\n<p>A l&rsquo;int\u00e9rieur, on abandonne les si\u00e8ges ind\u00e9pendants pour une banquette 2\/3 &#8211; 1\/3 et on verra appara\u00eetre un \u00e9cran multim\u00e9dia de 8.7 pouces ainsi que l&rsquo;affichage t\u00eate haute.<\/p>\n<p><em>A l&rsquo;int\u00e9rieur du Nouveau Renault Sc\u00e9nic : un \u00e9cran multim\u00e9dia \/ une banquette 2\/3 &#8211; 1\/3<\/em><\/p>\n<p><strong>Le match des motorisations :<\/strong><\/p>\n<p>Le C4 Picasso restyl\u00e9 reprendra les motorisations de l&rsquo;actuel Picasso + la motorisation Essence Puretech 130s&amp;s EAT6, avec au final 8 motorisations diff\u00e9rentes<\/p>\n<p>Le Nouveau Sc\u00e9nic arrivera sur le march\u00e9 avec un petit moteur 1, le nouveau moteur dci 110 avec Hybrid Assist double motorisation diesel-\u00e9lectrique qui fera d&rsquo;elle, la premi\u00e8re voiture hybride du constructeur attendue d\u00e9but 2017.) et enfin, pour affronter le C4 Picasso, l&rsquo;arriv\u00e9e du dci 165ch promettra un duel de taille !<\/p>\n<div>Le match entre les deux est lanc\u00e9 \u2026 laquelle des 2 pr\u00e9f\u00e9rez-vous ?<\/div>\n<div><\/div>\n","protected":false},"excerpt":{"rendered":"<p>La marque Citro\u00ebn est toujours en constante \u00e9volution et se renouvelle sans cesse. Le Citro\u00ebn C4 Picasso tant attendu fera son apparition d\u00e8s cet \u00e9t\u00e9.<\/p>\n","protected":false},"author":1,"featured_media":5693,"comment_status":"open","ping_status":"open","sticky":false,"template":"","format":"standard","meta":{"_acf_changed":false,"content-type":"","footnotes":""},"categories":[70,61],"tags":[90,85,200],"class_list":["post-3632","post","type-post","status-publish","format-standard","has-post-thumbnail","hentry","category-actualites-citroen","category-nouveautes-autos","tag-autojm","tag-citroen-2","tag-citroen-c4-picasso"],"acf":[],"yoast_head":"<!-- This site is optimized with the Yoast SEO plugin v27.5 - https:\/\/yoast.com\/product\/yoast-seo-wordpress\/ -->\n<title>Citro\u00ebn lancera d\u00e8s le mois de juin son nouveau C4 Picasso restyl\u00e9<\/title>\n<meta name=\"description\" content=\"La marque Citro\u00ebn est toujours en constante \u00e9volution et se renouvelle sans cesse. Le Citro\u00ebn C4 Picasso tant attendu fera son...\" \/>\n<meta name=\"robots\" content=\"index, follow, max-snippet:-1, max-image-preview:large, max-video-preview:-1\" \/>\n<link rel=\"canonical\" href=\"https:\/\/www.autojm.fr\/blog\/citroen-lancera-des-le-mois-de-juin-son-nouveau-c4-picasso-restyle\/\" \/>\n<meta property=\"og:locale\" content=\"fr_FR\" \/>\n<meta property=\"og:type\" content=\"article\" \/>\n<meta property=\"og:title\" content=\"Citro\u00ebn lancera d\u00e8s le mois de juin son nouveau C4 Picasso restyl\u00e9\" \/>\n<meta property=\"og:description\" content=\"La marque Citro\u00ebn est toujours en constante \u00e9volution et se renouvelle sans cesse. Le Citro\u00ebn C4 Picasso tant attendu fera son...\" \/>\n<meta property=\"og:url\" content=\"https:\/\/www.autojm.fr\/blog\/citroen-lancera-des-le-mois-de-juin-son-nouveau-c4-picasso-restyle\/\" \/>\n<meta property=\"og:site_name\" content=\"AutoJM Mag\" \/>\n<meta property=\"article:publisher\" content=\"https:\/\/www.facebook.com\/AutoJM25\" \/>\n<meta property=\"article:published_time\" content=\"2016-05-19T00:00:00+00:00\" \/>\n<meta property=\"article:modified_time\" content=\"2023-04-18T13:42:29+00:00\" \/>\n<meta property=\"og:image\" content=\"https:\/\/www.autojm.fr\/blog\/wp-content\/uploads\/2022\/10\/344.jpg\" \/>\n\t<meta property=\"og:image:width\" content=\"750\" \/>\n\t<meta property=\"og:image:height\" content=\"410\" \/>\n\t<meta property=\"og:image:type\" content=\"image\/jpeg\" \/>\n<meta name=\"author\" content=\"Autojm\" \/>\n<meta name=\"twitter:card\" content=\"summary_large_image\" \/>\n<meta name=\"twitter:label1\" content=\"\u00c9crit par\" \/>\n\t<meta name=\"twitter:data1\" content=\"Autojm\" \/>\n\t<meta name=\"twitter:label2\" content=\"Dur\u00e9e de lecture estim\u00e9e\" \/>\n\t<meta name=\"twitter:data2\" content=\"5 minutes\" \/>\n<script type=\"application\/ld+json\" class=\"yoast-schema-graph\">{\"@context\":\"https:\\\/\\\/schema.org\",\"@graph\":[{\"@type\":\"Article\",\"@id\":\"https:\\\/\\\/www.autojm.fr\\\/blog\\\/citroen-lancera-des-le-mois-de-juin-son-nouveau-c4-picasso-restyle\\\/#article\",\"isPartOf\":{\"@id\":\"https:\\\/\\\/www.autojm.fr\\\/blog\\\/citroen-lancera-des-le-mois-de-juin-son-nouveau-c4-picasso-restyle\\\/\"},\"author\":{\"name\":\"Autojm\",\"@id\":\"https:\\\/\\\/www.autojm.fr\\\/blog\\\/#\\\/schema\\\/person\\\/9742bc77541853e0de81fc57f947e1a0\"},\"headline\":\"Citro\u00ebn lancera d\u00e8s le mois de juin son nouveau C4 Picasso restyl\u00e9\",\"datePublished\":\"2016-05-19T00:00:00+00:00\",\"dateModified\":\"2023-04-18T13:42:29+00:00\",\"mainEntityOfPage\":{\"@id\":\"https:\\\/\\\/www.autojm.fr\\\/blog\\\/citroen-lancera-des-le-mois-de-juin-son-nouveau-c4-picasso-restyle\\\/\"},\"wordCount\":1041,\"commentCount\":0,\"publisher\":{\"@id\":\"https:\\\/\\\/www.autojm.fr\\\/blog\\\/#organization\"},\"image\":{\"@id\":\"https:\\\/\\\/www.autojm.fr\\\/blog\\\/citroen-lancera-des-le-mois-de-juin-son-nouveau-c4-picasso-restyle\\\/#primaryimage\"},\"thumbnailUrl\":\"https:\\\/\\\/www.autojm.fr\\\/blog\\\/wp-content\\\/uploads\\\/2022\\\/10\\\/344.jpg\",\"keywords\":[\"autojm\",\"Citro\u00ebn\",\"Citro\u00ebn C4 Picasso\"],\"articleSection\":[\"Actualit\u00e9s Citro\u00ebn\",\"Nouveaut\u00e9s Autos\"],\"inLanguage\":\"fr-FR\",\"potentialAction\":[{\"@type\":\"CommentAction\",\"name\":\"Comment\",\"target\":[\"https:\\\/\\\/www.autojm.fr\\\/blog\\\/citroen-lancera-des-le-mois-de-juin-son-nouveau-c4-picasso-restyle\\\/#respond\"]}]},{\"@type\":\"WebPage\",\"@id\":\"https:\\\/\\\/www.autojm.fr\\\/blog\\\/citroen-lancera-des-le-mois-de-juin-son-nouveau-c4-picasso-restyle\\\/\",\"url\":\"https:\\\/\\\/www.autojm.fr\\\/blog\\\/citroen-lancera-des-le-mois-de-juin-son-nouveau-c4-picasso-restyle\\\/\",\"name\":\"Citro\u00ebn lancera d\u00e8s le mois de juin son nouveau C4 Picasso restyl\u00e9\",\"isPartOf\":{\"@id\":\"https:\\\/\\\/www.autojm.fr\\\/blog\\\/#website\"},\"primaryImageOfPage\":{\"@id\":\"https:\\\/\\\/www.autojm.fr\\\/blog\\\/citroen-lancera-des-le-mois-de-juin-son-nouveau-c4-picasso-restyle\\\/#primaryimage\"},\"image\":{\"@id\":\"https:\\\/\\\/www.autojm.fr\\\/blog\\\/citroen-lancera-des-le-mois-de-juin-son-nouveau-c4-picasso-restyle\\\/#primaryimage\"},\"thumbnailUrl\":\"https:\\\/\\\/www.autojm.fr\\\/blog\\\/wp-content\\\/uploads\\\/2022\\\/10\\\/344.jpg\",\"datePublished\":\"2016-05-19T00:00:00+00:00\",\"dateModified\":\"2023-04-18T13:42:29+00:00\",\"description\":\"La marque Citro\u00ebn est toujours en constante \u00e9volution et se renouvelle sans cesse. Le Citro\u00ebn C4 Picasso tant attendu fera son...\",\"breadcrumb\":{\"@id\":\"https:\\\/\\\/www.autojm.fr\\\/blog\\\/citroen-lancera-des-le-mois-de-juin-son-nouveau-c4-picasso-restyle\\\/#breadcrumb\"},\"inLanguage\":\"fr-FR\",\"potentialAction\":[{\"@type\":\"ReadAction\",\"target\":[\"https:\\\/\\\/www.autojm.fr\\\/blog\\\/citroen-lancera-des-le-mois-de-juin-son-nouveau-c4-picasso-restyle\\\/\"]}]},{\"@type\":\"ImageObject\",\"inLanguage\":\"fr-FR\",\"@id\":\"https:\\\/\\\/www.autojm.fr\\\/blog\\\/citroen-lancera-des-le-mois-de-juin-son-nouveau-c4-picasso-restyle\\\/#primaryimage\",\"url\":\"https:\\\/\\\/www.autojm.fr\\\/blog\\\/wp-content\\\/uploads\\\/2022\\\/10\\\/344.jpg\",\"contentUrl\":\"https:\\\/\\\/www.autojm.fr\\\/blog\\\/wp-content\\\/uploads\\\/2022\\\/10\\\/344.jpg\",\"width\":750,\"height\":410,\"caption\":\"Citro\u00ebn C4 Picasso\"},{\"@type\":\"BreadcrumbList\",\"@id\":\"https:\\\/\\\/www.autojm.fr\\\/blog\\\/citroen-lancera-des-le-mois-de-juin-son-nouveau-c4-picasso-restyle\\\/#breadcrumb\",\"itemListElement\":[{\"@type\":\"ListItem\",\"position\":1,\"name\":\"Accueil\",\"item\":\"https:\\\/\\\/www.autojm.fr\\\/blog\\\/\"},{\"@type\":\"ListItem\",\"position\":2,\"name\":\"Nouveaut\u00e9s Autos\",\"item\":\"https:\\\/\\\/www.autojm.fr\\\/blog\\\/nouveautes-autos\\\/\"},{\"@type\":\"ListItem\",\"position\":3,\"name\":\"Citro\u00ebn lancera d\u00e8s le mois de juin son nouveau C4 Picasso restyl\u00e9\"}]},{\"@type\":\"WebSite\",\"@id\":\"https:\\\/\\\/www.autojm.fr\\\/blog\\\/#website\",\"url\":\"https:\\\/\\\/www.autojm.fr\\\/blog\\\/\",\"name\":\"AutoJM Mag\",\"description\":\"Toute l&#039;actu auto en 1 clic !\",\"publisher\":{\"@id\":\"https:\\\/\\\/www.autojm.fr\\\/blog\\\/#organization\"},\"potentialAction\":[{\"@type\":\"SearchAction\",\"target\":{\"@type\":\"EntryPoint\",\"urlTemplate\":\"https:\\\/\\\/www.autojm.fr\\\/blog\\\/?s={search_term_string}\"},\"query-input\":{\"@type\":\"PropertyValueSpecification\",\"valueRequired\":true,\"valueName\":\"search_term_string\"}}],\"inLanguage\":\"fr-FR\"},{\"@type\":\"Organization\",\"@id\":\"https:\\\/\\\/www.autojm.fr\\\/blog\\\/#organization\",\"name\":\"AutoJM Mag\",\"url\":\"https:\\\/\\\/www.autojm.fr\\\/blog\\\/\",\"logo\":{\"@type\":\"ImageObject\",\"inLanguage\":\"fr-FR\",\"@id\":\"https:\\\/\\\/www.autojm.fr\\\/blog\\\/#\\\/schema\\\/logo\\\/image\\\/\",\"url\":\"https:\\\/\\\/www.autojm.fr\\\/blog\\\/wp-content\\\/uploads\\\/2022\\\/12\\\/cropped-AutoJMag-png.png\",\"contentUrl\":\"https:\\\/\\\/www.autojm.fr\\\/blog\\\/wp-content\\\/uploads\\\/2022\\\/12\\\/cropped-AutoJMag-png.png\",\"width\":2834,\"height\":585,\"caption\":\"AutoJM Mag\"},\"image\":{\"@id\":\"https:\\\/\\\/www.autojm.fr\\\/blog\\\/#\\\/schema\\\/logo\\\/image\\\/\"},\"sameAs\":[\"https:\\\/\\\/www.facebook.com\\\/AutoJM25\"]},{\"@type\":\"Person\",\"@id\":\"https:\\\/\\\/www.autojm.fr\\\/blog\\\/#\\\/schema\\\/person\\\/9742bc77541853e0de81fc57f947e1a0\",\"name\":\"Autojm\",\"image\":{\"@type\":\"ImageObject\",\"inLanguage\":\"fr-FR\",\"@id\":\"https:\\\/\\\/secure.gravatar.com\\\/avatar\\\/9a959d52b758fcc232fe4b6aca7bab139182573297122cce7d6f2ee0e537b418?s=96&d=mm&r=g\",\"url\":\"https:\\\/\\\/secure.gravatar.com\\\/avatar\\\/9a959d52b758fcc232fe4b6aca7bab139182573297122cce7d6f2ee0e537b418?s=96&d=mm&r=g\",\"contentUrl\":\"https:\\\/\\\/secure.gravatar.com\\\/avatar\\\/9a959d52b758fcc232fe4b6aca7bab139182573297122cce7d6f2ee0e537b418?s=96&d=mm&r=g\",\"caption\":\"Autojm\"},\"sameAs\":[\"https:\\\/\\\/www.autojm.fr\\\/blog\"],\"url\":\"https:\\\/\\\/www.autojm.fr\\\/blog\\\/author\\\/bichoi\\\/\"}]}<\/script>\n<!-- \/ Yoast SEO plugin. -->","yoast_head_json":{"title":"Citro\u00ebn lancera d\u00e8s le mois de juin son nouveau C4 Picasso restyl\u00e9","description":"La marque Citro\u00ebn est toujours en constante \u00e9volution et se renouvelle sans cesse. Le Citro\u00ebn C4 Picasso tant attendu fera son...","robots":{"index":"index","follow":"follow","max-snippet":"max-snippet:-1","max-image-preview":"max-image-preview:large","max-video-preview":"max-video-preview:-1"},"canonical":"https:\/\/www.autojm.fr\/blog\/citroen-lancera-des-le-mois-de-juin-son-nouveau-c4-picasso-restyle\/","og_locale":"fr_FR","og_type":"article","og_title":"Citro\u00ebn lancera d\u00e8s le mois de juin son nouveau C4 Picasso restyl\u00e9","og_description":"La marque Citro\u00ebn est toujours en constante \u00e9volution et se renouvelle sans cesse. Le Citro\u00ebn C4 Picasso tant attendu fera son...","og_url":"https:\/\/www.autojm.fr\/blog\/citroen-lancera-des-le-mois-de-juin-son-nouveau-c4-picasso-restyle\/","og_site_name":"AutoJM Mag","article_publisher":"https:\/\/www.facebook.com\/AutoJM25","article_published_time":"2016-05-19T00:00:00+00:00","article_modified_time":"2023-04-18T13:42:29+00:00","og_image":[{"width":750,"height":410,"url":"https:\/\/www.autojm.fr\/blog\/wp-content\/uploads\/2022\/10\/344.jpg","type":"image\/jpeg"}],"author":"Autojm","twitter_card":"summary_large_image","twitter_misc":{"\u00c9crit par":"Autojm","Dur\u00e9e de lecture estim\u00e9e":"5 minutes"},"schema":{"@context":"https:\/\/schema.org","@graph":[{"@type":"Article","@id":"https:\/\/www.autojm.fr\/blog\/citroen-lancera-des-le-mois-de-juin-son-nouveau-c4-picasso-restyle\/#article","isPartOf":{"@id":"https:\/\/www.autojm.fr\/blog\/citroen-lancera-des-le-mois-de-juin-son-nouveau-c4-picasso-restyle\/"},"author":{"name":"Autojm","@id":"https:\/\/www.autojm.fr\/blog\/#\/schema\/person\/9742bc77541853e0de81fc57f947e1a0"},"headline":"Citro\u00ebn lancera d\u00e8s le mois de juin son nouveau C4 Picasso restyl\u00e9","datePublished":"2016-05-19T00:00:00+00:00","dateModified":"2023-04-18T13:42:29+00:00","mainEntityOfPage":{"@id":"https:\/\/www.autojm.fr\/blog\/citroen-lancera-des-le-mois-de-juin-son-nouveau-c4-picasso-restyle\/"},"wordCount":1041,"commentCount":0,"publisher":{"@id":"https:\/\/www.autojm.fr\/blog\/#organization"},"image":{"@id":"https:\/\/www.autojm.fr\/blog\/citroen-lancera-des-le-mois-de-juin-son-nouveau-c4-picasso-restyle\/#primaryimage"},"thumbnailUrl":"https:\/\/www.autojm.fr\/blog\/wp-content\/uploads\/2022\/10\/344.jpg","keywords":["autojm","Citro\u00ebn","Citro\u00ebn C4 Picasso"],"articleSection":["Actualit\u00e9s Citro\u00ebn","Nouveaut\u00e9s Autos"],"inLanguage":"fr-FR","potentialAction":[{"@type":"CommentAction","name":"Comment","target":["https:\/\/www.autojm.fr\/blog\/citroen-lancera-des-le-mois-de-juin-son-nouveau-c4-picasso-restyle\/#respond"]}]},{"@type":"WebPage","@id":"https:\/\/www.autojm.fr\/blog\/citroen-lancera-des-le-mois-de-juin-son-nouveau-c4-picasso-restyle\/","url":"https:\/\/www.autojm.fr\/blog\/citroen-lancera-des-le-mois-de-juin-son-nouveau-c4-picasso-restyle\/","name":"Citro\u00ebn lancera d\u00e8s le mois de juin son nouveau C4 Picasso restyl\u00e9","isPartOf":{"@id":"https:\/\/www.autojm.fr\/blog\/#website"},"primaryImageOfPage":{"@id":"https:\/\/www.autojm.fr\/blog\/citroen-lancera-des-le-mois-de-juin-son-nouveau-c4-picasso-restyle\/#primaryimage"},"image":{"@id":"https:\/\/www.autojm.fr\/blog\/citroen-lancera-des-le-mois-de-juin-son-nouveau-c4-picasso-restyle\/#primaryimage"},"thumbnailUrl":"https:\/\/www.autojm.fr\/blog\/wp-content\/uploads\/2022\/10\/344.jpg","datePublished":"2016-05-19T00:00:00+00:00","dateModified":"2023-04-18T13:42:29+00:00","description":"La marque Citro\u00ebn est toujours en constante \u00e9volution et se renouvelle sans cesse. Le Citro\u00ebn C4 Picasso tant attendu fera son...","breadcrumb":{"@id":"https:\/\/www.autojm.fr\/blog\/citroen-lancera-des-le-mois-de-juin-son-nouveau-c4-picasso-restyle\/#breadcrumb"},"inLanguage":"fr-FR","potentialAction":[{"@type":"ReadAction","target":["https:\/\/www.autojm.fr\/blog\/citroen-lancera-des-le-mois-de-juin-son-nouveau-c4-picasso-restyle\/"]}]},{"@type":"ImageObject","inLanguage":"fr-FR","@id":"https:\/\/www.autojm.fr\/blog\/citroen-lancera-des-le-mois-de-juin-son-nouveau-c4-picasso-restyle\/#primaryimage","url":"https:\/\/www.autojm.fr\/blog\/wp-content\/uploads\/2022\/10\/344.jpg","contentUrl":"https:\/\/www.autojm.fr\/blog\/wp-content\/uploads\/2022\/10\/344.jpg","width":750,"height":410,"caption":"Citro\u00ebn C4 Picasso"},{"@type":"BreadcrumbList","@id":"https:\/\/www.autojm.fr\/blog\/citroen-lancera-des-le-mois-de-juin-son-nouveau-c4-picasso-restyle\/#breadcrumb","itemListElement":[{"@type":"ListItem","position":1,"name":"Accueil","item":"https:\/\/www.autojm.fr\/blog\/"},{"@type":"ListItem","position":2,"name":"Nouveaut\u00e9s Autos","item":"https:\/\/www.autojm.fr\/blog\/nouveautes-autos\/"},{"@type":"ListItem","position":3,"name":"Citro\u00ebn lancera d\u00e8s le mois de juin son nouveau C4 Picasso restyl\u00e9"}]},{"@type":"WebSite","@id":"https:\/\/www.autojm.fr\/blog\/#website","url":"https:\/\/www.autojm.fr\/blog\/","name":"AutoJM Mag","description":"Toute l&#039;actu auto en 1 clic !","publisher":{"@id":"https:\/\/www.autojm.fr\/blog\/#organization"},"potentialAction":[{"@type":"SearchAction","target":{"@type":"EntryPoint","urlTemplate":"https:\/\/www.autojm.fr\/blog\/?s={search_term_string}"},"query-input":{"@type":"PropertyValueSpecification","valueRequired":true,"valueName":"search_term_string"}}],"inLanguage":"fr-FR"},{"@type":"Organization","@id":"https:\/\/www.autojm.fr\/blog\/#organization","name":"AutoJM Mag","url":"https:\/\/www.autojm.fr\/blog\/","logo":{"@type":"ImageObject","inLanguage":"fr-FR","@id":"https:\/\/www.autojm.fr\/blog\/#\/schema\/logo\/image\/","url":"https:\/\/www.autojm.fr\/blog\/wp-content\/uploads\/2022\/12\/cropped-AutoJMag-png.png","contentUrl":"https:\/\/www.autojm.fr\/blog\/wp-content\/uploads\/2022\/12\/cropped-AutoJMag-png.png","width":2834,"height":585,"caption":"AutoJM Mag"},"image":{"@id":"https:\/\/www.autojm.fr\/blog\/#\/schema\/logo\/image\/"},"sameAs":["https:\/\/www.facebook.com\/AutoJM25"]},{"@type":"Person","@id":"https:\/\/www.autojm.fr\/blog\/#\/schema\/person\/9742bc77541853e0de81fc57f947e1a0","name":"Autojm","image":{"@type":"ImageObject","inLanguage":"fr-FR","@id":"https:\/\/secure.gravatar.com\/avatar\/9a959d52b758fcc232fe4b6aca7bab139182573297122cce7d6f2ee0e537b418?s=96&d=mm&r=g","url":"https:\/\/secure.gravatar.com\/avatar\/9a959d52b758fcc232fe4b6aca7bab139182573297122cce7d6f2ee0e537b418?s=96&d=mm&r=g","contentUrl":"https:\/\/secure.gravatar.com\/avatar\/9a959d52b758fcc232fe4b6aca7bab139182573297122cce7d6f2ee0e537b418?s=96&d=mm&r=g","caption":"Autojm"},"sameAs":["https:\/\/www.autojm.fr\/blog"],"url":"https:\/\/www.autojm.fr\/blog\/author\/bichoi\/"}]}},"_links":{"self":[{"href":"https:\/\/www.autojm.fr\/blog\/wp-json\/wp\/v2\/posts\/3632","targetHints":{"allow":["GET"]}}],"collection":[{"href":"https:\/\/www.autojm.fr\/blog\/wp-json\/wp\/v2\/posts"}],"about":[{"href":"https:\/\/www.autojm.fr\/blog\/wp-json\/wp\/v2\/types\/post"}],"author":[{"embeddable":true,"href":"https:\/\/www.autojm.fr\/blog\/wp-json\/wp\/v2\/users\/1"}],"replies":[{"embeddable":true,"href":"https:\/\/www.autojm.fr\/blog\/wp-json\/wp\/v2\/comments?post=3632"}],"version-history":[{"count":6,"href":"https:\/\/www.autojm.fr\/blog\/wp-json\/wp\/v2\/posts\/3632\/revisions"}],"predecessor-version":[{"id":9373,"href":"https:\/\/www.autojm.fr\/blog\/wp-json\/wp\/v2\/posts\/3632\/revisions\/9373"}],"wp:featuredmedia":[{"embeddable":true,"href":"https:\/\/www.autojm.fr\/blog\/wp-json\/wp\/v2\/media\/5693"}],"wp:attachment":[{"href":"https:\/\/www.autojm.fr\/blog\/wp-json\/wp\/v2\/media?parent=3632"}],"wp:term":[{"taxonomy":"category","embeddable":true,"href":"https:\/\/www.autojm.fr\/blog\/wp-json\/wp\/v2\/categories?post=3632"},{"taxonomy":"post_tag","embeddable":true,"href":"https:\/\/www.autojm.fr\/blog\/wp-json\/wp\/v2\/tags?post=3632"}],"curies":[{"name":"wp","href":"https:\/\/api.w.org\/{rel}","templated":true}]}}