{"id":3631,"date":"2016-06-01T00:00:00","date_gmt":"2016-06-01T00:00:00","guid":{"rendered":"https:\/\/www.autojm.fr\/blog\/le-nouveau-peugeot-3008-sera-lance-a-lautomne-2016\/"},"modified":"2023-04-18T13:41:06","modified_gmt":"2023-04-18T13:41:06","slug":"le-nouveau-peugeot-3008-sera-lance-a-lautomne-2016","status":"publish","type":"post","link":"https:\/\/www.autojm.fr\/blog\/le-nouveau-peugeot-3008-sera-lance-a-lautomne-2016\/","title":{"rendered":"Le nouveau Peugeot 3008 sera lanc\u00e9 \u00e0 l&rsquo;automne 2016"},"content":{"rendered":"<p>Peugeot change radicalement de m\u00e9thode et passe \u00e0 l&rsquo;offensive. Apr\u00e8s 8 ans, la marque montre un v\u00e9ritable changement. La 2 g\u00e9n\u00e9ration entre sur le march\u00e9. Cette nouvelle g\u00e9n\u00e9ration au physique impressionnant est d\u00e9sormais a adopt\u00e9e tous les codes du baroudeur. Son nouveau mod\u00e8le m\u00e9tamorphos\u00e9 d\u00e9passe toute attente.<\/p>\n<p>Le <a href=\"https:\/\/www.autojm.fr\/achat-voitures-neuves-peugeot-nouveau-3008-suv-2021-5p\">nouveau Peugeot 3008 <\/a>au style viril et allure SUV montre une v\u00e9ritable puissance du style. Peugeot part sur de nouvelles bases techniques et son nouveau<span style=\"font-size: 14.6667px; font-family: Calibri; color: #000000; font-weight: bold; vertical-align: baseline; white-space: pre-wrap; background-color: transparent;\"> <a href=\"https:\/\/www.autojm.fr\/achat-voitures-neuves-peugeot-nouveau-3008-suv-2021-5p\">Peugeot 3008<\/a><\/span><span style=\"font-size: 14.6667px; font-family: Calibri; color: #000000; vertical-align: baseline; white-space: pre-wrap; background-color: transparent;\"> sera commercialis\u00e9 d\u00e9but 2017. <\/span><\/p>\n<p><span style=\"font-size: 14.6667px; font-family: Calibri; color: #000000; vertical-align: baseline; white-space: pre-wrap; background-color: transparent;\"><a href=\"https:\/\/www.autojm.fr\/achat-voitures-neuves-peugeot-nouveau-3008-suv-2021-5p\">Peugeot 3008 II<\/a><\/span> positionnera sur le march\u00e9 de 4&#215;4 avec plus d&rsquo;esth\u00e9tique que son pr\u00e9d\u00e9cesseur. Son design sportif (concept-car-Quartz : d\u00e9voil\u00e9 pour le 1\u00e8re fois au Mondial de l&rsquo;automobile 2014). Sera s\u00e9duire des adeptes de v\u00e9hicule haut de gamme. Fascinante et charismatique, le future Peugeot fera tourner les t\u00eates davantage. Il sera, sans aucun doute, l&rsquo;une des stars du Mondial du Paris (du 01 au 16 octobre 2016). La Peugeot 3008 II sera commercialis\u00e9e en Europe et en Chine.<\/p>\n<p dir=\"ltr\">\n<p dir=\"ltr\"><span style=\"color: #000000; font-family: Calibri;\"><span style=\"font-size: 14.6667px; line-height: 21.3334px; white-space: pre-wrap;\">\u00c0 l&rsquo;int\u00e9rieur du nouveau Peugeot 3008 : \u00e0 bord \/ places avant \/ petit volant \/ toit en verre<\/span><\/span><\/p>\n<h2 dir=\"ltr\" style=\"line-height: 1.44; margin-top: 11pt; margin-bottom: 0pt;\"><span id=\"docs-internal-guid-b27708a9-0aad-a21f-01e6-c8448448f4c2\"><span style=\"font-size: 16px; font-family: Calibri; color: #000000; font-weight: bold; font-style: italic; text-decoration: underline; vertical-align: baseline; white-space: pre-wrap; background-color: transparent;\">Int\u00e9rieur High \u2013 Tech<\/span><\/span><\/h2>\n<p>&#8211; L&rsquo;habitacle du concept \u2013 car &#8211; Quartz : habitacle plus \u00e9pur\u00e9 et avec une seul rang\u00e9e de bouton, les \u00e9clairages d&rsquo;ambiance : \u00abBoost\u00bb pour une conduite plus dynamique et \u00abRelax\u00bb pour une conduite plus douce.<br \/>\n&#8211; Une console centrale avec i-cockpit (un \u00e9cran digital haute r\u00e9solution de 12,3 pouces \u00e0 la place de compteurs \u00e0 l&rsquo;aiguilles, un grand \u00e9cran tactile 8 pouces pour le divertissement, petit volant sport)<br \/>\n&#8211; Une cam\u00e9ra qui d\u00e9tecte les signes de somnolence (Driver Attention Assist)<br \/>\n&#8211; City Park Full Automatique (le stationnement totalement automatis\u00e9 : permet au v\u00e9hicule de se garer seul, sans intervention du conducteur)<br \/>\n&#8211; Syst\u00e8me Grip Control + syst\u00e8me d&rsquo;aide \u00e0 la descente (Hill Assist Descent Control)<\/p>\n<p dir=\"ltr\"><em><span style=\"font-size: 14.6667px; font-family: Calibri; color: #000000; vertical-align: baseline; white-space: pre-wrap; background-color: transparent;\">\u00c0 bord du nouveau Peugeot 3008 II : \u00e9cran tactile \/ i &#8211; cockpit \/ boutons acc\u00e8s rapide<\/span><\/em><\/p>\n<h2 dir=\"ltr\" style=\"line-height: 1.44; margin-top: 11pt; margin-bottom: 0pt;\"><span id=\"docs-internal-guid-b27708a9-0aad-a21f-01e6-c8448448f4c2\"><span style=\"font-size: 16px; font-family: Calibri; color: #000000; font-weight: bold; font-style: italic; text-decoration: underline; vertical-align: baseline; white-space: pre-wrap; background-color: transparent;\">Ext\u00e9rieur dynamique et une carrosserie personnalis\u00e9e<\/span><\/span><\/h2>\n<p>Le nouveau Peugeot 3008 se distingue par une face avant plus dynamique : capot long et plat, flancs sculpt\u00e9s et une calandre verticale. Il adopte un style audacieux avec ces montants arri\u00e8res de couleur noir, les feux arri\u00e8re comporteront 3 griffes et seront reli\u00e9s par un bandeau noir laqu\u00e9. Sans oublier une bonne habitabilit\u00e9 \u00e0 l&rsquo;arri\u00e8re. Habitable et modulable, le Peugeot 3008 II disposera un hayon mains libres (permet ouvrir le coffre d&rsquo;un simple geste du pied ce qui est tr\u00e8s pratique si vous avez les mains occup\u00e9es).<\/p>\n<p><em>Nouveau Peugeot 3008 2016 : hayon mains libres \/ coffre 520 l \u2013 1580 l \/ banquette AR rabattable \/ levier de vitesse<\/em><\/p>\n<p><u><strong>Volume de chargement<\/strong><\/u><br \/>\n&#8211; 4,45 m de long (+ 8 cm que la version pr\u00e9c\u00e9dente)<br \/>\n&#8211; Une banquette rabattable 2\/3 \u2013 1\/3 (lib\u00e8re un planch\u00e9 plat)<br \/>\n&#8211; Siege avant peut \u00eatre mise en tablette (permet jusqu&rsquo;\u00e0 3m de long de chargement)<br \/>\n&#8211; 520 l \u2013 1580 l (432 l \u2013 1241 l auparavant)<br \/>\n&#8211; Trappe \u00e0 ski<\/p>\n<p dir=\"ltr\"><em><span style=\"font-size: 14.6667px; font-family: Calibri; color: #000000; vertical-align: baseline; white-space: pre-wrap; background-color: transparent;\">Peugeot Quartz Concept : Mondial Automobiles Paris 2014 <\/span><\/em><\/p>\n<p>Les motorisations : 100 \u2013 180 ch + Start &amp; Stop En essence :<br \/>\n&#8211; 1.2 l Pure Tech de 130 ch avec une bo\u00eete auto EAT6 ou manuelle<br \/>\n&#8211; 1.6 THP 165 ch avec une bo\u00eete auto EAT6 En diesel :<br \/>\n&#8211; 1.6 Blue HDi 100 ch (BVM5)<br \/>\n&#8211; 1.6 Blue HDi 120 ch avec une bo\u00eete de vitesses manuel ou automatique &#8211; 2.0 Blue HDi 150 ch (BVM6)<br \/>\n&#8211; 2.0 Blue HDi 180 ch (EAT6)<\/p>\n<h2 dir=\"ltr\" style=\"line-height: 1.44; margin-top: 11pt; margin-bottom: 0pt;\"><u><strong><span style=\"font-family: sans-serif, Arial, Verdana, 'Trebuchet MS'; font-size: 13px; line-height: 1.6;\">Nouveau Peugeot 3008 GT et GT Line<\/span><\/strong><\/u><\/h2>\n<p dir=\"ltr\" style=\"line-height: 1.44; margin-top: 11pt; margin-bottom: 0pt;\"><span id=\"docs-internal-guid-b27708a9-0aad-a21f-01e6-c8448448f4c2\"><span style=\"font-size: 14.6667px; font-family: Calibri; color: #000000; vertical-align: baseline; white-space: pre-wrap; background-color: transparent;\">La version GT b\u00e9n\u00e9ficiera des moteurs plus puissants et des trains roulants. <\/span><br class=\"kix-line-break\" \/><span style=\"font-size: 14.6667px; font-family: Calibri; color: #000000; vertical-align: baseline; white-space: pre-wrap; background-color: transparent;\">Cela donne plus de pr\u00e9cision de comportement, confort et agilit\u00e9. Le Nouveau Peugeot 3008 GT sera commercialis\u00e9 au 2<\/span><span style=\"font-size: 8.8px; font-family: Calibri; color: #000000; vertical-align: super; white-space: pre-wrap; background-color: transparent;\">nd<\/span><span style=\"font-size: 14.6667px; font-family: Calibri; color: #000000; vertical-align: baseline; white-space: pre-wrap; background-color: transparent;\"> semestre 2017 et sera disponible en essence1.6 THP de 215 ch en manuel (version Euro 6) et diesel 2.0 BlueHDi de 180 ch coupl\u00e9 \u00e0 la bo\u00eete automatique \u00e0 6 rapports EAT6.<\/span><\/span><\/p>\n<p dir=\"ltr\">\n<p dir=\"ltr\"><em><span style=\"font-size: 14.6667px; font-family: Calibri; color: #000000; vertical-align: baseline; white-space: pre-wrap; background-color: transparent;\">moteur essence.6 THP 215 ch sur Nouveau SUV 3008<\/span><\/em><\/p>\n<p dir=\"ltr\" style=\"line-height: 1.44; margin-top: 11pt; margin-bottom: 0pt;\"><span id=\"docs-internal-guid-b27708a9-0aad-a21f-01e6-c8448448f4c2\"><span style=\"font-size: 14.6667px; font-family: Calibri; color: #000000; vertical-align: baseline; white-space: pre-wrap; background-color: transparent;\">La version<strong> Nouveau 3008 GT Line<\/strong> sera associ\u00e9e \u00e0 une gamme de motorisations plus large et pourrait faire de l&rsquo;ombre \u00e0 ses concurrents tels que <a href=\"https:\/\/www.autojm.fr\/mandataire-voitures-neuves-volkswagen\">Volkswagen Tiguan<\/a> R-Line ou Kia Sportage GT Line.<\/span><\/span><\/p>\n<h2 dir=\"ltr\" style=\"line-height: 1.44; margin-top: 11pt; margin-bottom: 0pt;\"><span id=\"docs-internal-guid-b27708a9-0aad-a21f-01e6-c8448448f4c2\"><span style=\"font-size: 14.6667px; font-family: Calibri; color: #000000; vertical-align: baseline; white-space: pre-wrap; background-color: transparent;\">A partir de 2018, place aux Hybrides et \u00e9lectriques. Le syst\u00e8me hybride rechargeable \u00e0 essence disposera 4 roues motrices (4&#215;4 de plus de 300 chevaux).<\/span><\/span><\/h2>\n<h2 dir=\"ltr\" style=\"line-height: 1.44; margin-top: 11pt; margin-bottom: 0pt;\"><span id=\"docs-internal-guid-b27708a9-0aad-a21f-01e6-c8448448f4c2\"><span style=\"font-size: 14.6667px; font-family: Calibri; color: #000000; vertical-align: baseline; white-space: pre-wrap; background-color: transparent;\">Peugeot ne laisse pas indiff\u00e9rent et n&rsquo;a pas encore d\u00e9voil\u00e9 tous ses secrets.<\/span><\/span><\/h2>\n<p dir=\"ltr\"><span style=\"font-size: 14.6667px; font-family: Calibri; color: #000000; vertical-align: baseline; white-space: pre-wrap; background-color: transparent;\">Nouveau 3008 de la fabrication \u00e0 la vente <\/span><\/p>\n<p dir=\"ltr\">\n<p><iframe loading=\"lazy\" src=\"\/\/www.dailymotion.com\/embed\/video\/x4rif80\" width=\"480\" height=\"270\" allowfullscreen=\"allowfullscreen\"><\/iframe><br \/>\n<a href=\"http:\/\/www.dailymotion.com\/video\/x4rif80_peugeot-3008-de-sa-fabrication-a-la-concession_auto\" target=\"_blank\" rel=\"noopener\">Peugeot 3008, de sa fabrication \u00e0 la concession<\/a> <i>par <a href=\"http:\/\/www.dailymotion.com\/largus\" target=\"_blank\" rel=\"noopener\">largus<\/a><\/i><\/p>\n","protected":false},"excerpt":{"rendered":"<p>Peugeot change radicalement de m\u00e9thode et passe \u00e0 l&rsquo;offensive. Apr\u00e8s 8 ans, la marque montre un v\u00e9ritable changement. La 2 g\u00e9n\u00e9ration entre sur le march\u00e9. Cette nouvelle g\u00e9n\u00e9ration au physique impressionnant est d\u00e9sormais a adopt\u00e9e tous les codes du baroudeur. Son nouveau mod\u00e8le m\u00e9tamorphos\u00e9 d\u00e9passe toute attente.<\/p>\n","protected":false},"author":1,"featured_media":7357,"comment_status":"open","ping_status":"open","sticky":false,"template":"","format":"standard","meta":{"_acf_changed":false,"content-type":"","footnotes":""},"categories":[235,61],"tags":[90,73,159],"class_list":["post-3631","post","type-post","status-publish","format-standard","has-post-thumbnail","hentry","category-nouveaute-peugeot","category-nouveautes-autos","tag-autojm","tag-peugeot","tag-peugeot-3008"],"acf":[],"yoast_head":"<!-- This site is optimized with the Yoast SEO plugin v27.5 - https:\/\/yoast.com\/product\/yoast-seo-wordpress\/ -->\n<title>Le nouveau Peugeot 3008 sera lanc\u00e9 \u00e0 l&#039;automne 2016<\/title>\n<meta name=\"description\" content=\"Peugeot change radicalement de m\u00e9thode et passe \u00e0 l&#039;offensive. Apr\u00e8s 8 ans, la marque montre un v\u00e9ritable changement. La 2 g\u00e9n\u00e9ration...\" \/>\n<meta name=\"robots\" content=\"index, follow, max-snippet:-1, max-image-preview:large, max-video-preview:-1\" \/>\n<link rel=\"canonical\" href=\"https:\/\/www.autojm.fr\/blog\/le-nouveau-peugeot-3008-sera-lance-a-lautomne-2016\/\" \/>\n<meta property=\"og:locale\" content=\"fr_FR\" \/>\n<meta property=\"og:type\" content=\"article\" \/>\n<meta property=\"og:title\" content=\"Le nouveau Peugeot 3008 sera lanc\u00e9 \u00e0 l&#039;automne 2016\" \/>\n<meta property=\"og:description\" content=\"Peugeot change radicalement de m\u00e9thode et passe \u00e0 l&#039;offensive. Apr\u00e8s 8 ans, la marque montre un v\u00e9ritable changement. La 2 g\u00e9n\u00e9ration...\" \/>\n<meta property=\"og:url\" content=\"https:\/\/www.autojm.fr\/blog\/le-nouveau-peugeot-3008-sera-lance-a-lautomne-2016\/\" \/>\n<meta property=\"og:site_name\" content=\"AutoJM Mag\" \/>\n<meta property=\"article:publisher\" content=\"https:\/\/www.facebook.com\/AutoJM25\" \/>\n<meta property=\"article:published_time\" content=\"2016-06-01T00:00:00+00:00\" \/>\n<meta property=\"article:modified_time\" content=\"2023-04-18T13:41:06+00:00\" \/>\n<meta property=\"og:image\" content=\"https:\/\/www.autojm.fr\/blog\/wp-content\/uploads\/2016\/06\/3008-scaled.jpg\" \/>\n\t<meta property=\"og:image:width\" content=\"2560\" \/>\n\t<meta property=\"og:image:height\" content=\"1440\" \/>\n\t<meta property=\"og:image:type\" content=\"image\/jpeg\" \/>\n<meta name=\"author\" content=\"Autojm\" \/>\n<meta name=\"twitter:card\" content=\"summary_large_image\" \/>\n<meta name=\"twitter:label1\" content=\"\u00c9crit par\" \/>\n\t<meta name=\"twitter:data1\" content=\"Autojm\" \/>\n\t<meta name=\"twitter:label2\" content=\"Dur\u00e9e de lecture estim\u00e9e\" \/>\n\t<meta name=\"twitter:data2\" content=\"4 minutes\" \/>\n<script type=\"application\/ld+json\" class=\"yoast-schema-graph\">{\"@context\":\"https:\\\/\\\/schema.org\",\"@graph\":[{\"@type\":\"Article\",\"@id\":\"https:\\\/\\\/www.autojm.fr\\\/blog\\\/le-nouveau-peugeot-3008-sera-lance-a-lautomne-2016\\\/#article\",\"isPartOf\":{\"@id\":\"https:\\\/\\\/www.autojm.fr\\\/blog\\\/le-nouveau-peugeot-3008-sera-lance-a-lautomne-2016\\\/\"},\"author\":{\"name\":\"Autojm\",\"@id\":\"https:\\\/\\\/www.autojm.fr\\\/blog\\\/#\\\/schema\\\/person\\\/9742bc77541853e0de81fc57f947e1a0\"},\"headline\":\"Le nouveau Peugeot 3008 sera lanc\u00e9 \u00e0 l&rsquo;automne 2016\",\"datePublished\":\"2016-06-01T00:00:00+00:00\",\"dateModified\":\"2023-04-18T13:41:06+00:00\",\"mainEntityOfPage\":{\"@id\":\"https:\\\/\\\/www.autojm.fr\\\/blog\\\/le-nouveau-peugeot-3008-sera-lance-a-lautomne-2016\\\/\"},\"wordCount\":696,\"commentCount\":0,\"publisher\":{\"@id\":\"https:\\\/\\\/www.autojm.fr\\\/blog\\\/#organization\"},\"image\":{\"@id\":\"https:\\\/\\\/www.autojm.fr\\\/blog\\\/le-nouveau-peugeot-3008-sera-lance-a-lautomne-2016\\\/#primaryimage\"},\"thumbnailUrl\":\"https:\\\/\\\/www.autojm.fr\\\/blog\\\/wp-content\\\/uploads\\\/2016\\\/06\\\/3008-scaled.jpg\",\"keywords\":[\"autojm\",\"peugeot\",\"Peugeot 3008\"],\"articleSection\":[\"Nouveaut\u00e9 Peugeot\",\"Nouveaut\u00e9s Autos\"],\"inLanguage\":\"fr-FR\",\"potentialAction\":[{\"@type\":\"CommentAction\",\"name\":\"Comment\",\"target\":[\"https:\\\/\\\/www.autojm.fr\\\/blog\\\/le-nouveau-peugeot-3008-sera-lance-a-lautomne-2016\\\/#respond\"]}]},{\"@type\":\"WebPage\",\"@id\":\"https:\\\/\\\/www.autojm.fr\\\/blog\\\/le-nouveau-peugeot-3008-sera-lance-a-lautomne-2016\\\/\",\"url\":\"https:\\\/\\\/www.autojm.fr\\\/blog\\\/le-nouveau-peugeot-3008-sera-lance-a-lautomne-2016\\\/\",\"name\":\"Le nouveau Peugeot 3008 sera lanc\u00e9 \u00e0 l'automne 2016\",\"isPartOf\":{\"@id\":\"https:\\\/\\\/www.autojm.fr\\\/blog\\\/#website\"},\"primaryImageOfPage\":{\"@id\":\"https:\\\/\\\/www.autojm.fr\\\/blog\\\/le-nouveau-peugeot-3008-sera-lance-a-lautomne-2016\\\/#primaryimage\"},\"image\":{\"@id\":\"https:\\\/\\\/www.autojm.fr\\\/blog\\\/le-nouveau-peugeot-3008-sera-lance-a-lautomne-2016\\\/#primaryimage\"},\"thumbnailUrl\":\"https:\\\/\\\/www.autojm.fr\\\/blog\\\/wp-content\\\/uploads\\\/2016\\\/06\\\/3008-scaled.jpg\",\"datePublished\":\"2016-06-01T00:00:00+00:00\",\"dateModified\":\"2023-04-18T13:41:06+00:00\",\"description\":\"Peugeot change radicalement de m\u00e9thode et passe \u00e0 l'offensive. Apr\u00e8s 8 ans, la marque montre un v\u00e9ritable changement. La 2 g\u00e9n\u00e9ration...\",\"breadcrumb\":{\"@id\":\"https:\\\/\\\/www.autojm.fr\\\/blog\\\/le-nouveau-peugeot-3008-sera-lance-a-lautomne-2016\\\/#breadcrumb\"},\"inLanguage\":\"fr-FR\",\"potentialAction\":[{\"@type\":\"ReadAction\",\"target\":[\"https:\\\/\\\/www.autojm.fr\\\/blog\\\/le-nouveau-peugeot-3008-sera-lance-a-lautomne-2016\\\/\"]}]},{\"@type\":\"ImageObject\",\"inLanguage\":\"fr-FR\",\"@id\":\"https:\\\/\\\/www.autojm.fr\\\/blog\\\/le-nouveau-peugeot-3008-sera-lance-a-lautomne-2016\\\/#primaryimage\",\"url\":\"https:\\\/\\\/www.autojm.fr\\\/blog\\\/wp-content\\\/uploads\\\/2016\\\/06\\\/3008-scaled.jpg\",\"contentUrl\":\"https:\\\/\\\/www.autojm.fr\\\/blog\\\/wp-content\\\/uploads\\\/2016\\\/06\\\/3008-scaled.jpg\",\"width\":2560,\"height\":1440,\"caption\":\"Peugeot 3008\"},{\"@type\":\"BreadcrumbList\",\"@id\":\"https:\\\/\\\/www.autojm.fr\\\/blog\\\/le-nouveau-peugeot-3008-sera-lance-a-lautomne-2016\\\/#breadcrumb\",\"itemListElement\":[{\"@type\":\"ListItem\",\"position\":1,\"name\":\"Accueil\",\"item\":\"https:\\\/\\\/www.autojm.fr\\\/blog\\\/\"},{\"@type\":\"ListItem\",\"position\":2,\"name\":\"Nouveaut\u00e9s Autos\",\"item\":\"https:\\\/\\\/www.autojm.fr\\\/blog\\\/nouveautes-autos\\\/\"},{\"@type\":\"ListItem\",\"position\":3,\"name\":\"Le nouveau Peugeot 3008 sera lanc\u00e9 \u00e0 l&rsquo;automne 2016\"}]},{\"@type\":\"WebSite\",\"@id\":\"https:\\\/\\\/www.autojm.fr\\\/blog\\\/#website\",\"url\":\"https:\\\/\\\/www.autojm.fr\\\/blog\\\/\",\"name\":\"AutoJM Mag\",\"description\":\"Toute l&#039;actu auto en 1 clic !\",\"publisher\":{\"@id\":\"https:\\\/\\\/www.autojm.fr\\\/blog\\\/#organization\"},\"potentialAction\":[{\"@type\":\"SearchAction\",\"target\":{\"@type\":\"EntryPoint\",\"urlTemplate\":\"https:\\\/\\\/www.autojm.fr\\\/blog\\\/?s={search_term_string}\"},\"query-input\":{\"@type\":\"PropertyValueSpecification\",\"valueRequired\":true,\"valueName\":\"search_term_string\"}}],\"inLanguage\":\"fr-FR\"},{\"@type\":\"Organization\",\"@id\":\"https:\\\/\\\/www.autojm.fr\\\/blog\\\/#organization\",\"name\":\"AutoJM Mag\",\"url\":\"https:\\\/\\\/www.autojm.fr\\\/blog\\\/\",\"logo\":{\"@type\":\"ImageObject\",\"inLanguage\":\"fr-FR\",\"@id\":\"https:\\\/\\\/www.autojm.fr\\\/blog\\\/#\\\/schema\\\/logo\\\/image\\\/\",\"url\":\"https:\\\/\\\/www.autojm.fr\\\/blog\\\/wp-content\\\/uploads\\\/2022\\\/12\\\/cropped-AutoJMag-png.png\",\"contentUrl\":\"https:\\\/\\\/www.autojm.fr\\\/blog\\\/wp-content\\\/uploads\\\/2022\\\/12\\\/cropped-AutoJMag-png.png\",\"width\":2834,\"height\":585,\"caption\":\"AutoJM Mag\"},\"image\":{\"@id\":\"https:\\\/\\\/www.autojm.fr\\\/blog\\\/#\\\/schema\\\/logo\\\/image\\\/\"},\"sameAs\":[\"https:\\\/\\\/www.facebook.com\\\/AutoJM25\"]},{\"@type\":\"Person\",\"@id\":\"https:\\\/\\\/www.autojm.fr\\\/blog\\\/#\\\/schema\\\/person\\\/9742bc77541853e0de81fc57f947e1a0\",\"name\":\"Autojm\",\"image\":{\"@type\":\"ImageObject\",\"inLanguage\":\"fr-FR\",\"@id\":\"https:\\\/\\\/secure.gravatar.com\\\/avatar\\\/9a959d52b758fcc232fe4b6aca7bab139182573297122cce7d6f2ee0e537b418?s=96&d=mm&r=g\",\"url\":\"https:\\\/\\\/secure.gravatar.com\\\/avatar\\\/9a959d52b758fcc232fe4b6aca7bab139182573297122cce7d6f2ee0e537b418?s=96&d=mm&r=g\",\"contentUrl\":\"https:\\\/\\\/secure.gravatar.com\\\/avatar\\\/9a959d52b758fcc232fe4b6aca7bab139182573297122cce7d6f2ee0e537b418?s=96&d=mm&r=g\",\"caption\":\"Autojm\"},\"sameAs\":[\"https:\\\/\\\/www.autojm.fr\\\/blog\"],\"url\":\"https:\\\/\\\/www.autojm.fr\\\/blog\\\/author\\\/bichoi\\\/\"}]}<\/script>\n<!-- \/ Yoast SEO plugin. -->","yoast_head_json":{"title":"Le nouveau Peugeot 3008 sera lanc\u00e9 \u00e0 l'automne 2016","description":"Peugeot change radicalement de m\u00e9thode et passe \u00e0 l'offensive. Apr\u00e8s 8 ans, la marque montre un v\u00e9ritable changement. La 2 g\u00e9n\u00e9ration...","robots":{"index":"index","follow":"follow","max-snippet":"max-snippet:-1","max-image-preview":"max-image-preview:large","max-video-preview":"max-video-preview:-1"},"canonical":"https:\/\/www.autojm.fr\/blog\/le-nouveau-peugeot-3008-sera-lance-a-lautomne-2016\/","og_locale":"fr_FR","og_type":"article","og_title":"Le nouveau Peugeot 3008 sera lanc\u00e9 \u00e0 l'automne 2016","og_description":"Peugeot change radicalement de m\u00e9thode et passe \u00e0 l'offensive. Apr\u00e8s 8 ans, la marque montre un v\u00e9ritable changement. La 2 g\u00e9n\u00e9ration...","og_url":"https:\/\/www.autojm.fr\/blog\/le-nouveau-peugeot-3008-sera-lance-a-lautomne-2016\/","og_site_name":"AutoJM Mag","article_publisher":"https:\/\/www.facebook.com\/AutoJM25","article_published_time":"2016-06-01T00:00:00+00:00","article_modified_time":"2023-04-18T13:41:06+00:00","og_image":[{"width":2560,"height":1440,"url":"https:\/\/www.autojm.fr\/blog\/wp-content\/uploads\/2016\/06\/3008-scaled.jpg","type":"image\/jpeg"}],"author":"Autojm","twitter_card":"summary_large_image","twitter_misc":{"\u00c9crit par":"Autojm","Dur\u00e9e de lecture estim\u00e9e":"4 minutes"},"schema":{"@context":"https:\/\/schema.org","@graph":[{"@type":"Article","@id":"https:\/\/www.autojm.fr\/blog\/le-nouveau-peugeot-3008-sera-lance-a-lautomne-2016\/#article","isPartOf":{"@id":"https:\/\/www.autojm.fr\/blog\/le-nouveau-peugeot-3008-sera-lance-a-lautomne-2016\/"},"author":{"name":"Autojm","@id":"https:\/\/www.autojm.fr\/blog\/#\/schema\/person\/9742bc77541853e0de81fc57f947e1a0"},"headline":"Le nouveau Peugeot 3008 sera lanc\u00e9 \u00e0 l&rsquo;automne 2016","datePublished":"2016-06-01T00:00:00+00:00","dateModified":"2023-04-18T13:41:06+00:00","mainEntityOfPage":{"@id":"https:\/\/www.autojm.fr\/blog\/le-nouveau-peugeot-3008-sera-lance-a-lautomne-2016\/"},"wordCount":696,"commentCount":0,"publisher":{"@id":"https:\/\/www.autojm.fr\/blog\/#organization"},"image":{"@id":"https:\/\/www.autojm.fr\/blog\/le-nouveau-peugeot-3008-sera-lance-a-lautomne-2016\/#primaryimage"},"thumbnailUrl":"https:\/\/www.autojm.fr\/blog\/wp-content\/uploads\/2016\/06\/3008-scaled.jpg","keywords":["autojm","peugeot","Peugeot 3008"],"articleSection":["Nouveaut\u00e9 Peugeot","Nouveaut\u00e9s Autos"],"inLanguage":"fr-FR","potentialAction":[{"@type":"CommentAction","name":"Comment","target":["https:\/\/www.autojm.fr\/blog\/le-nouveau-peugeot-3008-sera-lance-a-lautomne-2016\/#respond"]}]},{"@type":"WebPage","@id":"https:\/\/www.autojm.fr\/blog\/le-nouveau-peugeot-3008-sera-lance-a-lautomne-2016\/","url":"https:\/\/www.autojm.fr\/blog\/le-nouveau-peugeot-3008-sera-lance-a-lautomne-2016\/","name":"Le nouveau Peugeot 3008 sera lanc\u00e9 \u00e0 l'automne 2016","isPartOf":{"@id":"https:\/\/www.autojm.fr\/blog\/#website"},"primaryImageOfPage":{"@id":"https:\/\/www.autojm.fr\/blog\/le-nouveau-peugeot-3008-sera-lance-a-lautomne-2016\/#primaryimage"},"image":{"@id":"https:\/\/www.autojm.fr\/blog\/le-nouveau-peugeot-3008-sera-lance-a-lautomne-2016\/#primaryimage"},"thumbnailUrl":"https:\/\/www.autojm.fr\/blog\/wp-content\/uploads\/2016\/06\/3008-scaled.jpg","datePublished":"2016-06-01T00:00:00+00:00","dateModified":"2023-04-18T13:41:06+00:00","description":"Peugeot change radicalement de m\u00e9thode et passe \u00e0 l'offensive. Apr\u00e8s 8 ans, la marque montre un v\u00e9ritable changement. La 2 g\u00e9n\u00e9ration...","breadcrumb":{"@id":"https:\/\/www.autojm.fr\/blog\/le-nouveau-peugeot-3008-sera-lance-a-lautomne-2016\/#breadcrumb"},"inLanguage":"fr-FR","potentialAction":[{"@type":"ReadAction","target":["https:\/\/www.autojm.fr\/blog\/le-nouveau-peugeot-3008-sera-lance-a-lautomne-2016\/"]}]},{"@type":"ImageObject","inLanguage":"fr-FR","@id":"https:\/\/www.autojm.fr\/blog\/le-nouveau-peugeot-3008-sera-lance-a-lautomne-2016\/#primaryimage","url":"https:\/\/www.autojm.fr\/blog\/wp-content\/uploads\/2016\/06\/3008-scaled.jpg","contentUrl":"https:\/\/www.autojm.fr\/blog\/wp-content\/uploads\/2016\/06\/3008-scaled.jpg","width":2560,"height":1440,"caption":"Peugeot 3008"},{"@type":"BreadcrumbList","@id":"https:\/\/www.autojm.fr\/blog\/le-nouveau-peugeot-3008-sera-lance-a-lautomne-2016\/#breadcrumb","itemListElement":[{"@type":"ListItem","position":1,"name":"Accueil","item":"https:\/\/www.autojm.fr\/blog\/"},{"@type":"ListItem","position":2,"name":"Nouveaut\u00e9s Autos","item":"https:\/\/www.autojm.fr\/blog\/nouveautes-autos\/"},{"@type":"ListItem","position":3,"name":"Le nouveau Peugeot 3008 sera lanc\u00e9 \u00e0 l&rsquo;automne 2016"}]},{"@type":"WebSite","@id":"https:\/\/www.autojm.fr\/blog\/#website","url":"https:\/\/www.autojm.fr\/blog\/","name":"AutoJM Mag","description":"Toute l&#039;actu auto en 1 clic !","publisher":{"@id":"https:\/\/www.autojm.fr\/blog\/#organization"},"potentialAction":[{"@type":"SearchAction","target":{"@type":"EntryPoint","urlTemplate":"https:\/\/www.autojm.fr\/blog\/?s={search_term_string}"},"query-input":{"@type":"PropertyValueSpecification","valueRequired":true,"valueName":"search_term_string"}}],"inLanguage":"fr-FR"},{"@type":"Organization","@id":"https:\/\/www.autojm.fr\/blog\/#organization","name":"AutoJM Mag","url":"https:\/\/www.autojm.fr\/blog\/","logo":{"@type":"ImageObject","inLanguage":"fr-FR","@id":"https:\/\/www.autojm.fr\/blog\/#\/schema\/logo\/image\/","url":"https:\/\/www.autojm.fr\/blog\/wp-content\/uploads\/2022\/12\/cropped-AutoJMag-png.png","contentUrl":"https:\/\/www.autojm.fr\/blog\/wp-content\/uploads\/2022\/12\/cropped-AutoJMag-png.png","width":2834,"height":585,"caption":"AutoJM Mag"},"image":{"@id":"https:\/\/www.autojm.fr\/blog\/#\/schema\/logo\/image\/"},"sameAs":["https:\/\/www.facebook.com\/AutoJM25"]},{"@type":"Person","@id":"https:\/\/www.autojm.fr\/blog\/#\/schema\/person\/9742bc77541853e0de81fc57f947e1a0","name":"Autojm","image":{"@type":"ImageObject","inLanguage":"fr-FR","@id":"https:\/\/secure.gravatar.com\/avatar\/9a959d52b758fcc232fe4b6aca7bab139182573297122cce7d6f2ee0e537b418?s=96&d=mm&r=g","url":"https:\/\/secure.gravatar.com\/avatar\/9a959d52b758fcc232fe4b6aca7bab139182573297122cce7d6f2ee0e537b418?s=96&d=mm&r=g","contentUrl":"https:\/\/secure.gravatar.com\/avatar\/9a959d52b758fcc232fe4b6aca7bab139182573297122cce7d6f2ee0e537b418?s=96&d=mm&r=g","caption":"Autojm"},"sameAs":["https:\/\/www.autojm.fr\/blog"],"url":"https:\/\/www.autojm.fr\/blog\/author\/bichoi\/"}]}},"_links":{"self":[{"href":"https:\/\/www.autojm.fr\/blog\/wp-json\/wp\/v2\/posts\/3631","targetHints":{"allow":["GET"]}}],"collection":[{"href":"https:\/\/www.autojm.fr\/blog\/wp-json\/wp\/v2\/posts"}],"about":[{"href":"https:\/\/www.autojm.fr\/blog\/wp-json\/wp\/v2\/types\/post"}],"author":[{"embeddable":true,"href":"https:\/\/www.autojm.fr\/blog\/wp-json\/wp\/v2\/users\/1"}],"replies":[{"embeddable":true,"href":"https:\/\/www.autojm.fr\/blog\/wp-json\/wp\/v2\/comments?post=3631"}],"version-history":[{"count":5,"href":"https:\/\/www.autojm.fr\/blog\/wp-json\/wp\/v2\/posts\/3631\/revisions"}],"predecessor-version":[{"id":9371,"href":"https:\/\/www.autojm.fr\/blog\/wp-json\/wp\/v2\/posts\/3631\/revisions\/9371"}],"wp:featuredmedia":[{"embeddable":true,"href":"https:\/\/www.autojm.fr\/blog\/wp-json\/wp\/v2\/media\/7357"}],"wp:attachment":[{"href":"https:\/\/www.autojm.fr\/blog\/wp-json\/wp\/v2\/media?parent=3631"}],"wp:term":[{"taxonomy":"category","embeddable":true,"href":"https:\/\/www.autojm.fr\/blog\/wp-json\/wp\/v2\/categories?post=3631"},{"taxonomy":"post_tag","embeddable":true,"href":"https:\/\/www.autojm.fr\/blog\/wp-json\/wp\/v2\/tags?post=3631"}],"curies":[{"name":"wp","href":"https:\/\/api.w.org\/{rel}","templated":true}]}}