{"id":3627,"date":"2016-04-27T00:00:00","date_gmt":"2016-04-27T00:00:00","guid":{"rendered":"https:\/\/www.autojm.fr\/blog\/nouveau-tiguan-volkswagen-2016\/"},"modified":"2023-09-08T14:36:13","modified_gmt":"2023-09-08T14:36:13","slug":"nouveau-tiguan-volkswagen-2016","status":"publish","type":"post","link":"https:\/\/www.autojm.fr\/blog\/nouveau-tiguan-volkswagen-2016\/","title":{"rendered":"Nouveau Tiguan Volkswagen 2016"},"content":{"rendered":"<p dir=\"ltr\" style=\"line-height: 1.38; margin-top: 0pt; margin-bottom: 0pt;\"><span id=\"docs-internal-guid-45cf7d17-57a7-ca4e-fbe6-4f0adbc11d30\"><span style=\"font-size: 16px; font-family: Calibri; color: #000000; font-weight: bold; vertical-align: baseline; white-space: pre-wrap;\">Volkswagen a renouvel\u00e9 son Tiguan : Le <\/span><span style=\"font-size: 16px; font-family: Calibri; color: #000000; font-weight: bold; vertical-align: baseline; white-space: pre-wrap; background-color: transparent;\">Tiguan 2 est d\u00e9j\u00e0 sur le march\u00e9 !<\/span><\/span><\/p>\n<div>\n<p dir=\"ltr\" style=\"line-height: 1.38; margin-top: 14pt; margin-bottom: 0pt; text-align: justify;\"><span id=\"docs-internal-guid-45cf7d17-57a7-f11d-3abb-1898fc928060\"><span style=\"font-size: 14.6667px; font-family: Calibri; color: #000000; vertical-align: baseline; white-space: pre-wrap; background-color: transparent;\">Le <\/span><a href=\"https:\/\/www.autojm.fr\/mandataire-voitures-neuves-volkswagen\"><span style=\"font-size: 14.6667px; font-family: Calibri; color: #000000; font-weight: bold; vertical-align: baseline; white-space: pre-wrap; background-color: transparent;\">nouveau Volkswagen Tiguan<\/span><\/a><span style=\"font-size: 14.6667px; font-family: Calibri; color: #000000; vertical-align: baseline; white-space: pre-wrap; background-color: transparent;\"> est plus long et reprend la plateforme MQB de la Golf 7 (MQB : matrice modulaire transversale. C&rsquo;est une nouvelle plateforme Volkswagen con\u00e7ue pour accueillir des moteurs \u00e9lectriques \/ hybrides et elle permet aussi de partager les diff\u00e9rents technologies de marques du groupe).<\/span><\/span><\/p>\n<p dir=\"ltr\" style=\"line-height: 1.38; margin-top: 14pt; margin-bottom: 0pt; text-align: justify;\"><u>Equipements du Nouveau Tiguan<\/u><\/p>\n<div dir=\"ltr\" style=\"line-height: 1.38; margin-top: 14pt; margin-bottom: 0pt; text-align: justify;\"><em><span style=\"font-size: 14.6667px; font-family: Calibri; color: #000000; vertical-align: baseline; white-space: pre-wrap; background-color: transparent;\">Tiguan 2 \/ Phares et feux arri\u00e8re LED \/ jantes de 17&Prime; \u00e0 18&Prime; <\/span><\/em><\/div>\n<p dir=\"ltr\" style=\"line-height: 1.38; margin-top: 14pt; margin-bottom: 0pt;\"><span id=\"docs-internal-guid-45cf7d17-57a7-f11d-3abb-1898fc928060\"><span style=\"font-size: 14.6667px; font-family: Calibri; color: #000000; vertical-align: baseline; white-space: pre-wrap; background-color: transparent;\">Une nouveaut\u00e9 au design \u00e9l\u00e9gant et un look sportif. Le <\/span><span style=\"font-size: 14.6667px; font-family: Calibri; color: #000000; font-weight: bold; vertical-align: baseline; white-space: pre-wrap; background-color: transparent;\">Nouveau Tiguan<\/span> <span style=\"font-size: 14.6667px; font-family: Calibri; color: #000000; vertical-align: baseline; white-space: pre-wrap; background-color: transparent;\">de Volkswagen se distingue par ses technologies intelligentes et son confort.<br \/>\nLe Tiguan restyl\u00e9 montre sa puissance gr\u00e2ce aux moteurs 2.0 TDI de 190 \u2013 240 ch et essence 2.0 TSI de 220 ch et donne le sentiment de dominer davantage la route. Pour le moment, deux motorisations sont propos\u00e9es : le diesel 2.0 TDI 150 ch et l&rsquo;essence 2.0 TSI 180 ch.<\/span><\/span><\/p>\n<p dir=\"ltr\" style=\"line-height: 1.38; margin-top: 14pt; margin-bottom: 0pt;\"><span id=\"docs-internal-guid-45cf7d17-57a7-f11d-3abb-1898fc928060\"><span style=\"font-size: 14.6667px; font-family: Calibri; color: #000000; vertical-align: baseline; white-space: pre-wrap; background-color: transparent;\">Dans un premier temps ses v\u00e9hicules compte 5 places mais une version de 7 places pourrait arriver sur le march\u00e9 prochainement<\/span><span style=\"font-size: 14.6667px; font-family: Calibri; color: #000000; font-weight: bold; vertical-align: baseline; white-space: pre-wrap; background-color: transparent;\">. Le nouveau Tiguan Volkswagen <\/span><span style=\"font-size: 14.6667px; font-family: Calibri; color: #000000; vertical-align: baseline; white-space: pre-wrap; background-color: transparent;\">gagne en habitabilit\u00e9 et en volume de coffre (jusqu&rsquo;\u00e0 615 l). Grace \u00e0 ses dimensions confortables, ce nouveau Tiguan montre toute sa puissance et souligne son style SUV <\/span><span style=\"font-size: 14.6667px; font-family: Calibri; color: #000000; vertical-align: baseline; white-space: pre-wrap;\">\u00ab\u00a0Sport Utility Vehicle\u00a0\u00bb<\/span><span style=\"font-size: 14.6667px; font-family: Calibri; color: #000000; vertical-align: baseline; white-space: pre-wrap; background-color: transparent;\"> sportive et pratique. <\/span><\/span><\/p>\n<p dir=\"ltr\" style=\"line-height: 1.38; margin-top: 14pt; margin-bottom: 0pt;\"><span id=\"docs-internal-guid-45cf7d17-57a7-f11d-3abb-1898fc928060\"><span style=\"font-size: 14.6667px; font-family: Calibri; color: #000000; vertical-align: baseline; white-space: pre-wrap; background-color: transparent;\">Modulable, confortable, High-tech et s\u00e9duisant, <\/span><span style=\"font-size: 14.6667px; font-family: Calibri; color: #000000; font-weight: bold; vertical-align: baseline; white-space: pre-wrap; background-color: transparent;\">le Tiguan 2<\/span><span style=\"font-size: 14.6667px; font-family: Calibri; color: #000000; vertical-align: baseline; white-space: pre-wrap; background-color: transparent;\"> vous donnera une enti\u00e8re satisfaction lors de vos d\u00e9placements !<\/span><\/span><\/p>\n<p dir=\"ltr\" style=\"line-height: 1.38; margin-top: 14pt; margin-bottom: 0pt;\"><span id=\"docs-internal-guid-45cf7d17-57a7-f11d-3abb-1898fc928060\"><span style=\"font-size: 14.6667px; font-family: Calibri; color: #000000; font-weight: bold; font-style: italic; text-decoration: underline; vertical-align: baseline; white-space: pre-wrap; background-color: transparent;\">Les dimensions du Nouveau Tiguan version 2016 :<\/span><\/span><\/p>\n<p dir=\"ltr\" style=\"line-height: 1.38; margin-top: 14pt; margin-bottom: 0pt;\"><span id=\"docs-internal-guid-45cf7d17-57a7-f11d-3abb-1898fc928060\"><span style=\"font-size: 14.6667px; font-family: Calibri; color: #000000; vertical-align: baseline; white-space: pre-wrap; background-color: transparent;\">Largeur : 1.84 m<\/span><br class=\"kix-line-break\" \/><span style=\"font-size: 14.6667px; font-family: Calibri; color: #000000; vertical-align: baseline; white-space: pre-wrap; background-color: transparent;\">Longueur : 4. 49 m<\/span><br class=\"kix-line-break\" \/><span style=\"font-size: 14.6667px; font-family: Calibri; color: #000000; vertical-align: baseline; white-space: pre-wrap; background-color: transparent;\">Hauteur : 1. 63 m<\/span><br class=\"kix-line-break\" \/><span style=\"font-size: 14.6667px; font-family: Calibri; color: #000000; vertical-align: baseline; white-space: pre-wrap; background-color: transparent;\">Empattement : 2. 68 m<\/span><br class=\"kix-line-break\" \/><span style=\"font-size: 14.6667px; font-family: Calibri; color: #000000; vertical-align: baseline; white-space: pre-wrap; background-color: transparent;\">Coffre : 615 \u2013 1 655 l<\/span><\/span><\/p>\n<p dir=\"ltr\" style=\"line-height: 1.38; margin-top: 14pt; margin-bottom: 0pt;\"><span id=\"docs-internal-guid-45cf7d17-57a7-f11d-3abb-1898fc928060\"><span style=\"font-size: 14.6667px; font-family: Calibri; color: #000000; vertical-align: baseline; white-space: pre-wrap;\">L&rsquo;int\u00e9rieur est fonctionnel, moderne et cossu. Ce nouveau mod\u00e8le gagne en l\u00e9g\u00e8ret\u00e9 et en rigidit\u00e9. Remarquable par son adh\u00e9rence, cela rapproche sa conduite de celle d&rsquo;une berline. <\/span><span style=\"font-size: 14.6667px; font-family: Calibri; color: #000000; vertical-align: baseline; white-space: pre-wrap; background-color: transparent;\">Avec des jantes au design exceptionnel de 17 \u00e0 20 pouces, <\/span><span style=\"font-size: 14.6667px; font-family: Calibri; color: #000000; font-weight: bold; vertical-align: baseline; white-space: pre-wrap; background-color: transparent;\">le Tiguan<\/span><span style=\"font-size: 14.6667px; font-family: Calibri; color: #000000; vertical-align: baseline; white-space: pre-wrap; background-color: transparent;\"> souligne davantage son look sportif et tr\u00e8s tendance.<\/span><\/span><\/p>\n<p dir=\"ltr\" style=\"line-height: 1.38; margin-top: 14pt; margin-bottom: 0pt;\"><span style=\"color: #000000; font-family: Calibri; font-size: 14.6667px; font-style: italic; font-weight: bold; text-decoration: underline; white-space: pre-wrap; line-height: 1.38;\">L&rsquo;int\u00e9rieur et ext\u00e9rieur du Nouveau Tiguan :<\/span><\/p>\n<p dir=\"ltr\" style=\"line-height: 1.38; margin-top: 14pt; margin-bottom: 0pt; margin-left: 36pt; text-indent: -18pt;\"><span id=\"docs-internal-guid-45cf7d17-57a7-f11d-3abb-1898fc928060\"><span style=\"font-size: 14.6667px; font-family: Calibri; color: #000000; vertical-align: baseline; white-space: pre-wrap; background-color: transparent;\">\u00b7 <\/span><span style=\"font-size: 14.6667px; font-family: Calibri; color: #000000; font-weight: bold; vertical-align: baseline; white-space: pre-wrap; background-color: transparent;\">l&rsquo;\u00e9clairage d&rsquo;ambiance<\/span><span style=\"font-size: 14.6667px; font-family: Calibri; color: #000000; vertical-align: baseline; white-space: pre-wrap; background-color: transparent;\"> : les phares LED int\u00e9gr\u00e9s qui soulignent les \u00e9l\u00e9ments individuels : les poign\u00e9es et les seuils de portes ainsi que le plancher, les inserts d\u00e9coratifs. La luminosit\u00e9 r\u00e9glable gr\u00e2ce \u00e0 l&rsquo;\u00e9cran central.<\/span><\/span><\/p>\n<p dir=\"ltr\" style=\"line-height: 1.38; margin-top: 14pt; margin-bottom: 0pt; margin-left: 36pt; text-indent: -18pt;\"><span id=\"docs-internal-guid-45cf7d17-57a7-f11d-3abb-1898fc928060\"><span style=\"font-size: 14.6667px; font-family: Calibri; color: #000000; vertical-align: baseline; white-space: pre-wrap; background-color: transparent;\">\u00b7 <\/span><span style=\"font-size: 14.6667px; font-family: Calibri; color: #000000; font-weight: bold; vertical-align: baseline; white-space: pre-wrap;\">Le syst\u00e8me d&rsquo;assistance<\/span><span style=\"font-size: 14.6667px; font-family: Calibri; color: #000000; vertical-align: baseline; white-space: pre-wrap;\">, <\/span><span style=\"font-size: 14.6667px; font-family: Calibri; color: #000000; vertical-align: baseline; white-space: pre-wrap; background-color: transparent;\">destin\u00e9 \u00e0 pr\u00e9venir les accidents sur la route<\/span><\/span><\/p>\n<p dir=\"ltr\" style=\"line-height: 1.38; margin-top: 14pt; margin-bottom: 0pt; margin-left: 36pt; text-indent: -18pt;\"><span id=\"docs-internal-guid-45cf7d17-57a7-f11d-3abb-1898fc928060\"><span style=\"font-size: 14.6667px; font-family: Calibri; color: #000000; vertical-align: baseline; white-space: pre-wrap; background-color: transparent;\">\u00b7 <\/span><span style=\"font-size: 14.6667px; font-family: Calibri; color: #000000; font-weight: bold; vertical-align: baseline; white-space: pre-wrap; background-color: transparent;\">l&rsquo; Area View<\/span><span style=\"font-size: 14.6667px; font-family: Calibri; color: #000000; vertical-align: baseline; white-space: pre-wrap; background-color: transparent;\">, pour une vue d\u00e9gag\u00e9e dans toutes directions. L&rsquo;option Area View envoie jusqu&rsquo;\u00e0 12 vues possible du v\u00e9hicule dans le champ de vision de la cam\u00e9ra 360\u00b0 et offre au conducteur une assistance optimale.<\/span><\/span><\/p>\n<p dir=\"ltr\" style=\"line-height: 1.38; margin-top: 14pt; margin-bottom: 0pt; margin-left: 36pt; text-indent: -18pt;\"><em>Aera View sur Tiguan<\/em><\/p>\n<p dir=\"ltr\" style=\"line-height: 1.38; margin-top: 14pt; margin-bottom: 0pt; margin-left: 36pt; text-indent: -18pt;\"><span id=\"docs-internal-guid-45cf7d17-57a7-f11d-3abb-1898fc928060\"><span style=\"font-size: 14.6667px; font-family: Calibri; color: #000000; vertical-align: baseline; white-space: pre-wrap; background-color: transparent;\">\u00b7 <\/span><span style=\"font-size: 14.6667px; font-family: Calibri; color: #000000; font-weight: bold; vertical-align: baseline; white-space: pre-wrap; background-color: transparent;\"> l&rsquo; Active Info Display<\/span><span style=\"font-size: 14.6667px; font-family: Calibri; color: #000000; vertical-align: baseline; white-space: pre-wrap; background-color: transparent;\"> : un \u00e9cran moderne haute r\u00e9solution 12,3 pouces qui affiche le compteur de vitesse, le compteur kilom\u00e9trique et propose un large \u00e9ventail d&rsquo;information utiles.<\/span><\/span><\/p>\n<p><em style=\"line-height: 17.94px;\">Active Info Display<\/em><\/p>\n<p dir=\"ltr\" style=\"line-height: 1.38; margin-top: 14pt; margin-bottom: 0pt; margin-left: 36pt; text-indent: -18pt;\"><span id=\"docs-internal-guid-45cf7d17-57a7-f11d-3abb-1898fc928060\"><span style=\"font-size: 14.6667px; font-family: Calibri; color: #000000; vertical-align: baseline; white-space: pre-wrap; background-color: transparent;\">\u00b7 <\/span><span style=\"font-size: 14.6667px; font-family: Calibri; color: #000000; font-weight: bold; vertical-align: baseline; white-space: pre-wrap; background-color: transparent;\"> l&rsquo;affichage t\u00eate haute.<\/span><\/span><\/p>\n<p dir=\"ltr\" style=\"line-height: 1.38; margin-top: 14pt; margin-bottom: 0pt; margin-left: 36pt; text-indent: -18pt;\"><span id=\"docs-internal-guid-45cf7d17-57a7-f11d-3abb-1898fc928060\"><span style=\"font-size: 14.6667px; font-family: Calibri; color: #000000; vertical-align: baseline; white-space: pre-wrap; background-color: transparent;\">\u00b7 <\/span><span style=\"font-size: 14.6667px; font-family: Calibri; color: #000000; font-weight: bold; vertical-align: baseline; white-space: pre-wrap; background-color: transparent;\"> Le coffre avec fonction Easy Open<\/span><span style=\"font-size: 14.6667px; font-family: Calibri; color: #000000; vertical-align: baseline; white-space: pre-wrap; background-color: transparent;\"> : un simple mouvement du pied sous l&rsquo;arri\u00e8re du v\u00e9hicule permet d&rsquo;ouvrir le hayon.<\/span><\/span><\/p>\n<p dir=\"ltr\" style=\"line-height: 1.38; margin-top: 14pt; margin-bottom: 0pt; margin-left: 36pt; text-indent: -18pt;\"><span id=\"docs-internal-guid-45cf7d17-57a7-f11d-3abb-1898fc928060\"><span style=\"font-size: 14.6667px; font-family: Calibri; color: #000000; vertical-align: baseline; white-space: pre-wrap; background-color: transparent;\">\u00b7 <\/span><span style=\"font-size: 14.6667px; font-family: Calibri; color: #000000; font-weight: bold; vertical-align: baseline; white-space: pre-wrap; background-color: transparent;\"> Le 4 Motion Active Control <\/span><span style=\"font-size: 14.6667px; font-family: Calibri; color: #000000; vertical-align: baseline; white-space: pre-wrap; background-color: transparent;\">: propose 4 diff\u00e9rentes exp\u00e9riences de conduite. Le conducteur peut adapter la maniabilit\u00e9 de sa voiture selon ses souhaits et faire face \u00e0 une multitude de situations sur la route.<\/span><\/span><\/p>\n<p dir=\"ltr\" style=\"line-height: 1.38; margin-top: 14pt; margin-bottom: 0pt; margin-left: 36pt; text-indent: -18pt;\"><span id=\"docs-internal-guid-45cf7d17-57a7-f11d-3abb-1898fc928060\"><span style=\"font-size: 14.6667px; font-family: Calibri; color: #000000; vertical-align: baseline; white-space: pre-wrap; background-color: transparent;\">\u00b7 <\/span><span style=\"font-size: 14.6667px; font-family: Calibri; color: #000000; font-weight: bold; vertical-align: baseline; white-space: pre-wrap;\">Les pneus de 17 \u00e0 20 pouce<\/span><span style=\"font-size: 14.6667px; font-family: Calibri; color: #000000; vertical-align: baseline; white-space: pre-wrap;\">s selon les mod\u00e8les<\/span><\/span><\/p>\n<p dir=\"ltr\" style=\"line-height: 1.38; margin-top: 14pt; margin-bottom: 0pt; margin-left: 36pt; text-indent: -18pt;\"><span id=\"docs-internal-guid-45cf7d17-57a7-f11d-3abb-1898fc928060\"><span style=\"font-size: 14.6667px; font-family: Calibri; color: #000000; vertical-align: baseline; white-space: pre-wrap; background-color: transparent;\">\u00b7 <\/span><span style=\"font-size: 14.6667px; font-family: Calibri; color: #000000; font-weight: bold; vertical-align: baseline; white-space: pre-wrap; background-color: transparent;\">Le pack \u00ab\u00a0couleur\u00a0\u00bb<\/span><span style=\"font-size: 14.6667px; font-family: Calibri; color: #000000; vertical-align: baseline; white-space: pre-wrap; background-color: transparent;\"> pour l&rsquo;int\u00e9rieur et <\/span><span style=\"font-size: 14.6667px; font-family: Calibri; color: #000000; vertical-align: baseline; white-space: pre-wrap;\">5 teintes de carrosserie : ruby red, pure white, deep black, tungsten silver et atlantic blue<\/span><\/span><\/p>\n<p dir=\"ltr\" style=\"line-height: 1.38; margin-top: 14pt; margin-bottom: 0pt; margin-left: 36pt; text-indent: -18pt;\"><span id=\"docs-internal-guid-45cf7d17-57a7-f11d-3abb-1898fc928060\"><span style=\"font-size: 14.6667px; font-family: Calibri; color: #000000; vertical-align: baseline; white-space: pre-wrap; background-color: transparent;\">\u00b7 <\/span><span style=\"font-size: 14.6667px; font-family: Calibri; color: #000000; font-weight: bold; vertical-align: baseline; white-space: pre-wrap;\">Le pack R-line <\/span><span style=\"font-size: 14.6667px; font-family: Calibri; color: #000000; vertical-align: baseline; white-space: pre-wrap;\">avec pare-chocs sp\u00e9cifique, spoiler arri\u00e8re, diffuseur, jantes 19 pouces, destin\u00e9 aux v\u00e9hicules sportifs<\/span><\/span><\/p>\n<p dir=\"ltr\" style=\"line-height: 1.38; margin-top: 14pt; margin-bottom: 0pt; margin-left: 36pt; text-indent: -18pt;\"><span id=\"docs-internal-guid-45cf7d17-57a7-f11d-3abb-1898fc928060\"><span style=\"font-size: 14.6667px; font-family: Calibri; color: #000000; vertical-align: baseline; white-space: pre-wrap; background-color: transparent;\">\u00b7 <\/span><span style=\"font-size: 14.6667px; font-family: Calibri; color: #000000; font-weight: bold; vertical-align: baseline; white-space: pre-wrap;\">Le <\/span><span style=\"font-size: 14.6667px; font-family: Calibri; color: #000000; font-weight: bold; vertical-align: baseline; white-space: pre-wrap; background-color: transparent;\">pack Offroad<\/span><span style=\"font-size: 14.6667px; font-family: Calibri; color: #000000; vertical-align: baseline; white-space: pre-wrap;\"> qui offre une meilleure s\u00e9curit\u00e9 au conducteur : freinage en descente et assistance au d\u00e9marrage en c\u00f4te)<\/span><\/span><\/p>\n<p dir=\"ltr\" style=\"line-height: 1.38; margin-top: 14pt; margin-bottom: 0pt; margin-left: 36pt; text-indent: -18pt;\"><span style=\"color: #000000; font-family: Calibri; font-size: 14.6667px; font-style: italic; font-weight: bold; text-decoration: underline; white-space: pre-wrap; line-height: 1.38; text-align: justify;\">\u00c9quipements du Tiguan Trendline :<\/span><\/p>\n<p dir=\"ltr\" style=\"line-height: 1.4018181818181819; margin-top: 0pt; margin-bottom: 8pt; margin-left: 36pt; text-indent: -18pt;\"><span id=\"docs-internal-guid-45cf7d17-57a7-f11d-3abb-1898fc928060\"><span style=\"font-size: 14.6667px; font-family: Calibri; color: #000000; font-weight: bold; vertical-align: baseline; white-space: pre-wrap; background-color: transparent;\">\u00b7 <\/span><span style=\"font-size: 14.6667px; font-family: Calibri; color: #000000; vertical-align: baseline; white-space: pre-wrap; background-color: transparent;\"> Six airbags<\/span><\/span><\/p>\n<p dir=\"ltr\" style=\"line-height: 1.4018181818181819; margin-top: 0pt; margin-bottom: 8pt; margin-left: 36pt; text-indent: -18pt;\"><span id=\"docs-internal-guid-45cf7d17-57a7-f11d-3abb-1898fc928060\"><span style=\"font-size: 14.6667px; font-family: Calibri; color: #000000; vertical-align: baseline; white-space: pre-wrap; background-color: transparent;\">\u00b7 Contr\u00f4le de la pression des pneus<\/span><\/span><\/p>\n<p dir=\"ltr\" style=\"line-height: 1.4018181818181819; margin-top: 0pt; margin-bottom: 8pt; margin-left: 36pt; text-indent: -18pt;\"><span id=\"docs-internal-guid-45cf7d17-57a7-f11d-3abb-1898fc928060\"><span style=\"font-size: 14.6667px; font-family: Calibri; color: #000000; vertical-align: baseline; white-space: pre-wrap; background-color: transparent;\">\u00b7 Frein de parking \u00e9lectrique<\/span><\/span><\/p>\n<p dir=\"ltr\" style=\"line-height: 1.4018181818181819; margin-top: 0pt; margin-bottom: 8pt; margin-left: 36pt; text-indent: -18pt;\"><span id=\"docs-internal-guid-45cf7d17-57a7-f11d-3abb-1898fc928060\"><span style=\"font-size: 14.6667px; font-family: Calibri; color: #000000; vertical-align: baseline; white-space: pre-wrap; background-color: transparent;\">\u00b7 Aide au d\u00e9marrage en c\u00f4te<\/span><\/span><\/p>\n<p dir=\"ltr\" style=\"line-height: 1.4018181818181819; margin-top: 0pt; margin-bottom: 8pt; margin-left: 36pt; text-indent: -18pt;\"><span id=\"docs-internal-guid-45cf7d17-57a7-f11d-3abb-1898fc928060\"><span style=\"font-size: 14.6667px; font-family: Calibri; color: #000000; vertical-align: baseline; white-space: pre-wrap; background-color: transparent;\">\u00b7 Direction assist\u00e9e, Capteur de pluie, R\u00e9gulateur-limiteur de vitesse, D\u00e9tecteur de fatigue, R\u00e9troviseurs \u00e9lectriques et d\u00e9givrants, Verrouillage des portes \u00e0 distance<\/span><\/span><\/p>\n<p dir=\"ltr\" style=\"line-height: 1.4018181818181819; margin-top: 0pt; margin-bottom: 8pt; margin-left: 36pt; text-indent: -18pt;\"><span id=\"docs-internal-guid-45cf7d17-57a7-f11d-3abb-1898fc928060\"><span style=\"font-size: 14.6667px; font-family: Calibri; color: #000000; vertical-align: baseline; white-space: pre-wrap; background-color: transparent;\">\u00b7 Climatisation manuelle, Grand ordinateur de bord, Syst\u00e8me audio +\u00e9cran tactile 5 pouces, Si\u00e8ges avant r\u00e9glables en hauteur<\/span><\/span><\/p>\n<p dir=\"ltr\" style=\"line-height: 1.4018181818181819; margin-top: 0pt; margin-bottom: 8pt; margin-left: 36pt; text-indent: -18pt;\"><span id=\"docs-internal-guid-45cf7d17-57a7-f11d-3abb-1898fc928060\"><span style=\"font-size: 14.6667px; font-family: Calibri; color: #000000; vertical-align: baseline; white-space: pre-wrap; background-color: transparent;\">\u00b7 Front assist (syst\u00e8me de surveillance p\u00e9rim\u00e9trique) et Lane Assist (assistant de maintien de voie)<\/span><\/span><\/p>\n<p dir=\"ltr\" style=\"line-height: 1.4018181818181819; margin-top: 0pt; margin-bottom: 8pt; margin-left: 36pt; text-indent: -18pt;\"><span id=\"docs-internal-guid-45cf7d17-57a7-f11d-3abb-1898fc928060\"><span style=\"font-size: 14.6667px; font-family: Calibri; color: #000000; vertical-align: baseline; white-space: pre-wrap; background-color: transparent;\">\u00b7 <\/span> <span style=\"font-size: 14.6667px; font-family: Calibri; color: #000000; vertical-align: baseline; white-space: pre-wrap; background-color: transparent;\">Accoudoir central avant, Banquette 2\/3-1\/3, Feux arri\u00e8re \u00e0 LED, Jantes de 17 pouces avec enjoliveurs<\/span><\/span><\/p>\n<p dir=\"ltr\" style=\"line-height: 1.38; margin-top: 14pt; margin-bottom: 0pt; text-align: justify;\"><span id=\"docs-internal-guid-45cf7d17-57a7-f11d-3abb-1898fc928060\"><span style=\"font-size: 14.6667px; font-family: Calibri; color: #000000; font-weight: bold; font-style: italic; text-decoration: underline; vertical-align: baseline; white-space: pre-wrap;\">\u00c9quipements du Tiguan Confortline:<\/span><\/span><\/p>\n<p dir=\"ltr\" style=\"line-height: 1.4018181818181819; margin-top: 0pt; margin-bottom: 8pt; margin-left: 36pt; text-indent: -18pt;\"><span id=\"docs-internal-guid-45cf7d17-57a7-f11d-3abb-1898fc928060\"><span style=\"font-size: 14.6667px; font-family: Calibri; color: #000000; vertical-align: baseline; white-space: pre-wrap; background-color: transparent;\">\u00b7 Plancher de coffre modulable. Acc\u00e8s et d\u00e9marrage sans cl\u00e9<\/span><\/span><\/p>\n<p dir=\"ltr\" style=\"line-height: 1.4018181818181819; margin-top: 0pt; margin-bottom: 8pt; margin-left: 36pt; text-indent: -18pt;\"><span id=\"docs-internal-guid-45cf7d17-57a7-f11d-3abb-1898fc928060\"><span style=\"font-size: 14.6667px; font-family: Calibri; color: #000000; vertical-align: baseline; white-space: pre-wrap; background-color: transparent;\">\u00b7 Car Net App Connect. Ecran tactile 8 pouces<\/span><\/span><\/p>\n<p dir=\"ltr\" style=\"line-height: 1.4018181818181819; margin-top: 0pt; margin-bottom: 8pt; margin-left: 36pt; text-indent: -18pt;\"><span id=\"docs-internal-guid-45cf7d17-57a7-f11d-3abb-1898fc928060\"><span style=\"font-size: 14.6667px; font-family: Calibri; color: #000000; vertical-align: baseline; white-space: pre-wrap; background-color: transparent;\">\u00b7 Climatisation automatique<\/span><\/span><\/p>\n<p dir=\"ltr\" style=\"line-height: 1.4018181818181819; margin-top: 0pt; margin-bottom: 8pt; margin-left: 36pt; text-indent: -18pt;\"><span id=\"docs-internal-guid-45cf7d17-57a7-f11d-3abb-1898fc928060\"><span style=\"font-size: 14.6667px; font-family: Calibri; color: #000000; vertical-align: baseline; white-space: pre-wrap; background-color: transparent;\">\u00b7 Si\u00e8ges avant confort + r\u00e9glages lombaires, Si\u00e8ges arri\u00e8re pliants et coulissants<\/span><\/span><\/p>\n<p dir=\"ltr\" style=\"line-height: 1.4018181818181819; margin-top: 0pt; margin-bottom: 8pt; margin-left: 36pt; text-indent: -18pt;\"><span id=\"docs-internal-guid-45cf7d17-57a7-f11d-3abb-1898fc928060\"><span style=\"font-size: 14.6667px; font-family: Calibri; color: #000000; vertical-align: baseline; white-space: pre-wrap; background-color: transparent;\">\u00b7 Rear Assist + cam\u00e9ra de recul et Park Assist avec radars de stationnement AV et AR., Light Assist (activation ou d\u00e9sactivation automatique des feux de route), Barres de toit noires, R\u00e9troviseurs chauffants\/rabattables \u00e9lectriquement, Antibrouillards<\/span><\/span><\/p>\n<p dir=\"ltr\" style=\"line-height: 1.4018181818181819; margin-top: 0pt; margin-bottom: 8pt; margin-left: 36pt; text-indent: -18pt;\"><span id=\"docs-internal-guid-45cf7d17-57a7-f11d-3abb-1898fc928060\"><span style=\"font-size: 14.6667px; font-family: Calibri; color: #000000; vertical-align: baseline; white-space: pre-wrap; background-color: transparent;\">\u00b7 Jantes en alliage de 17 pouces<\/span><\/span><\/p>\n<p dir=\"ltr\" style=\"line-height: 1.4018181818181819; margin-top: 0pt; margin-bottom: 8pt; margin-left: 36pt; text-indent: -18pt;\"><em><span style=\"font-size: 14.6667px; font-family: Calibri; color: #000000; vertical-align: baseline; white-space: pre-wrap; background-color: transparent;\">Toit panoramique du Tiguan Carat<\/span><\/em><\/p>\n<p dir=\"ltr\" style=\"line-height: 1.38; margin-top: 14pt; margin-bottom: 0pt; text-align: justify;\"><span id=\"docs-internal-guid-45cf7d17-57a7-f11d-3abb-1898fc928060\"><span style=\"font-size: 14.6667px; font-family: Calibri; color: #000000; font-weight: bold; font-style: italic; text-decoration: underline; vertical-align: baseline; white-space: pre-wrap;\">\u00c9quipements du Tiguan Carat :<\/span> <\/span><\/p>\n<p dir=\"ltr\" style=\"line-height: 1.4018181818181819; margin-top: 0pt; margin-bottom: 8pt; margin-left: 36pt; text-indent: -18pt;\"><span id=\"docs-internal-guid-45cf7d17-57a7-f11d-3abb-1898fc928060\"><span style=\"font-size: 14.6667px; font-family: Calibri; color: #000000; font-weight: bold; vertical-align: baseline; white-space: pre-wrap; background-color: transparent;\">\u00b7 <\/span><span style=\"font-size: 14.6667px; font-family: Calibri; color: #000000; vertical-align: baseline; white-space: pre-wrap; background-color: transparent;\"> Active Info Display (combin\u00e9 digital)<\/span><\/span><\/p>\n<p dir=\"ltr\" style=\"line-height: 1.4018181818181819; margin-top: 0pt; margin-bottom: 8pt; margin-left: 36pt; text-indent: -18pt;\"><span id=\"docs-internal-guid-45cf7d17-57a7-f11d-3abb-1898fc928060\"><span style=\"font-size: 14.6667px; font-family: Calibri; color: #000000; vertical-align: baseline; white-space: pre-wrap; background-color: transparent;\">\u00b7 GPS 8 pouces<\/span><\/span><\/p>\n<p dir=\"ltr\" style=\"line-height: 1.4018181818181819; margin-top: 0pt; margin-bottom: 8pt; margin-left: 36pt; text-indent: -18pt;\"><span id=\"docs-internal-guid-45cf7d17-57a7-f11d-3abb-1898fc928060\"><span style=\"font-size: 14.6667px; font-family: Calibri; color: #000000; vertical-align: baseline; white-space: pre-wrap; background-color: transparent;\">\u00b7 Toit ouvrant panoramique<\/span><\/span><\/p>\n<p dir=\"ltr\" style=\"line-height: 1.4018181818181819; margin-top: 0pt; margin-bottom: 8pt; margin-left: 36pt; text-indent: -18pt;\"><span id=\"docs-internal-guid-45cf7d17-57a7-f11d-3abb-1898fc928060\"><span style=\"font-size: 14.6667px; font-family: Calibri; color: #000000; vertical-align: baseline; white-space: pre-wrap; background-color: transparent;\">\u00b7 Si\u00e8ges avant sport<\/span><\/span><\/p>\n<p dir=\"ltr\" style=\"line-height: 1.4018181818181819; margin-top: 0pt; margin-bottom: 8pt; margin-left: 36pt; text-indent: -18pt;\"><span id=\"docs-internal-guid-45cf7d17-57a7-f11d-3abb-1898fc928060\"><span style=\"font-size: 14.6667px; font-family: Calibri; color: #000000; vertical-align: baseline; white-space: pre-wrap; background-color: transparent;\">\u00b7 R\u00e9gulateur de vitesse adaptatif, Reconnaissance des panneaux, Phares \u00e0 LED, Feux arri\u00e8re \u00e0 LED 3D<\/span><\/span><\/p>\n<p dir=\"ltr\" style=\"line-height: 1.4018181818181819; margin-top: 0pt; margin-bottom: 8pt; margin-left: 36pt; text-indent: -18pt;\"><span id=\"docs-internal-guid-45cf7d17-57a7-f11d-3abb-1898fc928060\"><span style=\"font-size: 14.6667px; font-family: Calibri; color: #000000; vertical-align: baseline; white-space: pre-wrap; background-color: transparent;\">\u00b7 Barres de toit chrom\u00e9es, Jupes lat\u00e9rales, Jantes en alliage de 18 pouces<\/span> <\/span><\/p>\n<p dir=\"ltr\" style=\"line-height: 1.4018181818181819; margin-top: 0pt; margin-bottom: 8pt; margin-left: 36pt; text-indent: -18pt;\"><span style=\"color: #000000; font-family: Calibri; font-size: 14.6667px; font-style: italic; font-weight: bold; line-height: 1.38; text-align: justify; text-decoration: underline; white-space: pre-wrap; text-indent: -18pt;\">\u00c9quipement du Tiguan Carat Edition :<\/span><\/p>\n<div dir=\"ltr\" style=\"line-height: 1.40182; margin-top: 0pt; margin-bottom: 8pt; margin-left: 36pt; text-indent: -18pt;\"><span style=\"text-indent: -18pt; font-size: 14.6667px; font-family: Calibri; color: #000000; font-weight: bold; vertical-align: baseline; white-space: pre-wrap; background-color: transparent;\">\u00b7 <\/span><span style=\"text-indent: -18pt; font-size: 14.6667px; font-family: Calibri; color: #000000; vertical-align: baseline; white-space: pre-wrap; background-color: transparent;\">Sellerie en cuir, Si\u00e8ges avant chauffants, Si\u00e8ge conducteur \u00e9lectrique<\/span><\/div>\n<p dir=\"ltr\" style=\"line-height: 1.4018181818181819; margin-top: 0pt; margin-bottom: 8pt; margin-left: 36pt; text-indent: -18pt;\"><span id=\"docs-internal-guid-45cf7d17-57a7-f11d-3abb-1898fc928060\"><span style=\"font-size: 14.6667px; font-family: Calibri; color: #000000; vertical-align: baseline; white-space: pre-wrap; background-color: transparent;\">\u00b7 GPS Discover Pro (reconnaissance vocale, lecteur DVD\u2026)<\/span><\/span><\/p>\n<p dir=\"ltr\" style=\"line-height: 1.4018181818181819; margin-top: 0pt; margin-bottom: 8pt; margin-left: 36pt; text-indent: -18pt;\"><span id=\"docs-internal-guid-45cf7d17-57a7-f11d-3abb-1898fc928060\"><span style=\"font-size: 14.6667px; font-family: Calibri; color: #000000; vertical-align: baseline; white-space: pre-wrap; background-color: transparent;\">\u00b7 Side Assist Plus (d\u00e9tecteur d&rsquo;angle mort et assistant de sortie de stationnement)<\/span><\/span><\/p>\n<p dir=\"ltr\" style=\"line-height: 1.4018181818181819; margin-top: 0pt; margin-bottom: 8pt; margin-left: 36pt; text-indent: -18pt;\"><span id=\"docs-internal-guid-45cf7d17-57a7-f11d-3abb-1898fc928060\"><span style=\"font-size: 14.6667px; font-family: Calibri; color: #000000; vertical-align: baseline; white-space: pre-wrap; background-color: transparent;\">\u00b7 Ch\u00e2ssis adaptatif (sur TSI 180).<\/span><\/span><\/p>\n<p dir=\"ltr\" style=\"line-height: 1.4018181818181819; margin-top: 0pt; margin-bottom: 8pt;\"><span id=\"docs-internal-guid-45cf7d17-57a7-f11d-3abb-1898fc928060\"><span style=\"font-size: 14.6667px; font-family: Calibri; color: #000000; vertical-align: baseline; white-space: pre-wrap; background-color: transparent;\">Disponible sur notre site aux finitions : Carat, Confortline ou Trendline vous avez l&#8217;embarras du choix ! Fascinant par son design ext\u00e9rieur comme \u00e0 l&rsquo;int\u00e9rieure et \u00e0 la pointe de technologie le nouveau Tiguan vous donnera une enti\u00e8re satisfaction. C&rsquo;est un v\u00e9hicule id\u00e9al pour Vous ! Profitez nous offres jusqu&rsquo;\u00e0 -15,7 % sur notre site autojm.fr* !<\/span><\/span><\/p>\n<p dir=\"ltr\" style=\"line-height: 1.38; margin-top: 14pt; margin-bottom: 15pt;\"><span id=\"docs-internal-guid-45cf7d17-57a7-f11d-3abb-1898fc928060\"><span style=\"font-size: 14.6667px; font-family: Calibri; color: #000000; font-style: italic; vertical-align: baseline; white-space: pre-wrap; background-color: transparent;\">*remise constat\u00e9e au 27\/04\/2016<\/span><\/span><\/p>\n<\/div>\n","protected":false},"excerpt":{"rendered":"<p>Le nouveau Volkswagen Tiguan est plus long et reprend la plateforme MQB de la Golf 7 (MQB : matrice modulaire transversale. C&rsquo;est une nouvelle plateforme Volkswagen con\u00e7ue pour accueillir des moteurs \u00e9lectriques \/ hybrides et elle permet aussi de partager les diff\u00e9rents technologies de marques du groupe).<\/p>\n","protected":false},"author":1,"featured_media":5689,"comment_status":"open","ping_status":"open","sticky":false,"template":"","format":"standard","meta":{"_acf_changed":false,"content-type":"","footnotes":""},"categories":[264,61],"tags":[90,214,96],"class_list":["post-3627","post","type-post","status-publish","format-standard","has-post-thumbnail","hentry","category-nouveaute-volkswagen","category-nouveautes-autos","tag-autojm","tag-tiguan","tag-volkswagen"],"acf":[],"yoast_head":"<!-- This site is optimized with the Yoast SEO plugin v27.5 - https:\/\/yoast.com\/product\/yoast-seo-wordpress\/ -->\n<title>Nouveau Tiguan Volkswagen 2016 - AutoJM Mag<\/title>\n<meta name=\"description\" content=\"Le nouveau Volkswagen Tiguan est plus long et reprend la plateforme MQB de la Golf 7 (MQB : matrice modulaire transversale. C&#039;est une...\" \/>\n<meta name=\"robots\" content=\"index, follow, max-snippet:-1, max-image-preview:large, max-video-preview:-1\" \/>\n<link rel=\"canonical\" href=\"https:\/\/www.autojm.fr\/blog\/nouveau-tiguan-volkswagen-2016\/\" \/>\n<meta property=\"og:locale\" content=\"fr_FR\" \/>\n<meta property=\"og:type\" content=\"article\" \/>\n<meta property=\"og:title\" content=\"Nouveau Tiguan Volkswagen 2016 - AutoJM Mag\" \/>\n<meta property=\"og:description\" content=\"Le nouveau Volkswagen Tiguan est plus long et reprend la plateforme MQB de la Golf 7 (MQB : matrice modulaire transversale. C&#039;est une...\" \/>\n<meta property=\"og:url\" content=\"https:\/\/www.autojm.fr\/blog\/nouveau-tiguan-volkswagen-2016\/\" \/>\n<meta property=\"og:site_name\" content=\"AutoJM Mag\" \/>\n<meta property=\"article:publisher\" content=\"https:\/\/www.facebook.com\/AutoJM25\" \/>\n<meta property=\"article:published_time\" content=\"2016-04-27T00:00:00+00:00\" \/>\n<meta property=\"article:modified_time\" content=\"2023-09-08T14:36:13+00:00\" \/>\n<meta property=\"og:image\" content=\"https:\/\/www.autojm.fr\/blog\/wp-content\/uploads\/2022\/10\/340.jpg\" \/>\n\t<meta property=\"og:image:width\" content=\"884\" \/>\n\t<meta property=\"og:image:height\" content=\"478\" \/>\n\t<meta property=\"og:image:type\" content=\"image\/jpeg\" \/>\n<meta name=\"author\" content=\"Autojm\" \/>\n<meta name=\"twitter:card\" content=\"summary_large_image\" \/>\n<meta name=\"twitter:label1\" content=\"\u00c9crit par\" \/>\n\t<meta name=\"twitter:data1\" content=\"Autojm\" \/>\n\t<meta name=\"twitter:label2\" content=\"Dur\u00e9e de lecture estim\u00e9e\" \/>\n\t<meta name=\"twitter:data2\" content=\"5 minutes\" \/>\n<script type=\"application\/ld+json\" class=\"yoast-schema-graph\">{\"@context\":\"https:\\\/\\\/schema.org\",\"@graph\":[{\"@type\":\"Article\",\"@id\":\"https:\\\/\\\/www.autojm.fr\\\/blog\\\/nouveau-tiguan-volkswagen-2016\\\/#article\",\"isPartOf\":{\"@id\":\"https:\\\/\\\/www.autojm.fr\\\/blog\\\/nouveau-tiguan-volkswagen-2016\\\/\"},\"author\":{\"name\":\"Autojm\",\"@id\":\"https:\\\/\\\/www.autojm.fr\\\/blog\\\/#\\\/schema\\\/person\\\/9742bc77541853e0de81fc57f947e1a0\"},\"headline\":\"Nouveau Tiguan Volkswagen 2016\",\"datePublished\":\"2016-04-27T00:00:00+00:00\",\"dateModified\":\"2023-09-08T14:36:13+00:00\",\"mainEntityOfPage\":{\"@id\":\"https:\\\/\\\/www.autojm.fr\\\/blog\\\/nouveau-tiguan-volkswagen-2016\\\/\"},\"wordCount\":875,\"commentCount\":0,\"publisher\":{\"@id\":\"https:\\\/\\\/www.autojm.fr\\\/blog\\\/#organization\"},\"image\":{\"@id\":\"https:\\\/\\\/www.autojm.fr\\\/blog\\\/nouveau-tiguan-volkswagen-2016\\\/#primaryimage\"},\"thumbnailUrl\":\"https:\\\/\\\/www.autojm.fr\\\/blog\\\/wp-content\\\/uploads\\\/2022\\\/10\\\/340.jpg\",\"keywords\":[\"autojm\",\"Tiguan\",\"Volkswagen\"],\"articleSection\":[\"Nouveaut\u00e9 Volkswagen\",\"Nouveaut\u00e9s Autos\"],\"inLanguage\":\"fr-FR\",\"potentialAction\":[{\"@type\":\"CommentAction\",\"name\":\"Comment\",\"target\":[\"https:\\\/\\\/www.autojm.fr\\\/blog\\\/nouveau-tiguan-volkswagen-2016\\\/#respond\"]}]},{\"@type\":\"WebPage\",\"@id\":\"https:\\\/\\\/www.autojm.fr\\\/blog\\\/nouveau-tiguan-volkswagen-2016\\\/\",\"url\":\"https:\\\/\\\/www.autojm.fr\\\/blog\\\/nouveau-tiguan-volkswagen-2016\\\/\",\"name\":\"Nouveau Tiguan Volkswagen 2016 - AutoJM Mag\",\"isPartOf\":{\"@id\":\"https:\\\/\\\/www.autojm.fr\\\/blog\\\/#website\"},\"primaryImageOfPage\":{\"@id\":\"https:\\\/\\\/www.autojm.fr\\\/blog\\\/nouveau-tiguan-volkswagen-2016\\\/#primaryimage\"},\"image\":{\"@id\":\"https:\\\/\\\/www.autojm.fr\\\/blog\\\/nouveau-tiguan-volkswagen-2016\\\/#primaryimage\"},\"thumbnailUrl\":\"https:\\\/\\\/www.autojm.fr\\\/blog\\\/wp-content\\\/uploads\\\/2022\\\/10\\\/340.jpg\",\"datePublished\":\"2016-04-27T00:00:00+00:00\",\"dateModified\":\"2023-09-08T14:36:13+00:00\",\"description\":\"Le nouveau Volkswagen Tiguan est plus long et reprend la plateforme MQB de la Golf 7 (MQB : matrice modulaire transversale. C'est une...\",\"breadcrumb\":{\"@id\":\"https:\\\/\\\/www.autojm.fr\\\/blog\\\/nouveau-tiguan-volkswagen-2016\\\/#breadcrumb\"},\"inLanguage\":\"fr-FR\",\"potentialAction\":[{\"@type\":\"ReadAction\",\"target\":[\"https:\\\/\\\/www.autojm.fr\\\/blog\\\/nouveau-tiguan-volkswagen-2016\\\/\"]}]},{\"@type\":\"ImageObject\",\"inLanguage\":\"fr-FR\",\"@id\":\"https:\\\/\\\/www.autojm.fr\\\/blog\\\/nouveau-tiguan-volkswagen-2016\\\/#primaryimage\",\"url\":\"https:\\\/\\\/www.autojm.fr\\\/blog\\\/wp-content\\\/uploads\\\/2022\\\/10\\\/340.jpg\",\"contentUrl\":\"https:\\\/\\\/www.autojm.fr\\\/blog\\\/wp-content\\\/uploads\\\/2022\\\/10\\\/340.jpg\",\"width\":884,\"height\":478,\"caption\":\"Volkswagen Tiguan\"},{\"@type\":\"BreadcrumbList\",\"@id\":\"https:\\\/\\\/www.autojm.fr\\\/blog\\\/nouveau-tiguan-volkswagen-2016\\\/#breadcrumb\",\"itemListElement\":[{\"@type\":\"ListItem\",\"position\":1,\"name\":\"Accueil\",\"item\":\"https:\\\/\\\/www.autojm.fr\\\/blog\\\/\"},{\"@type\":\"ListItem\",\"position\":2,\"name\":\"Nouveaut\u00e9s Autos\",\"item\":\"https:\\\/\\\/www.autojm.fr\\\/blog\\\/nouveautes-autos\\\/\"},{\"@type\":\"ListItem\",\"position\":3,\"name\":\"Nouveau Tiguan Volkswagen 2016\"}]},{\"@type\":\"WebSite\",\"@id\":\"https:\\\/\\\/www.autojm.fr\\\/blog\\\/#website\",\"url\":\"https:\\\/\\\/www.autojm.fr\\\/blog\\\/\",\"name\":\"AutoJM Mag\",\"description\":\"Toute l&#039;actu auto en 1 clic !\",\"publisher\":{\"@id\":\"https:\\\/\\\/www.autojm.fr\\\/blog\\\/#organization\"},\"potentialAction\":[{\"@type\":\"SearchAction\",\"target\":{\"@type\":\"EntryPoint\",\"urlTemplate\":\"https:\\\/\\\/www.autojm.fr\\\/blog\\\/?s={search_term_string}\"},\"query-input\":{\"@type\":\"PropertyValueSpecification\",\"valueRequired\":true,\"valueName\":\"search_term_string\"}}],\"inLanguage\":\"fr-FR\"},{\"@type\":\"Organization\",\"@id\":\"https:\\\/\\\/www.autojm.fr\\\/blog\\\/#organization\",\"name\":\"AutoJM Mag\",\"url\":\"https:\\\/\\\/www.autojm.fr\\\/blog\\\/\",\"logo\":{\"@type\":\"ImageObject\",\"inLanguage\":\"fr-FR\",\"@id\":\"https:\\\/\\\/www.autojm.fr\\\/blog\\\/#\\\/schema\\\/logo\\\/image\\\/\",\"url\":\"https:\\\/\\\/www.autojm.fr\\\/blog\\\/wp-content\\\/uploads\\\/2022\\\/12\\\/cropped-AutoJMag-png.png\",\"contentUrl\":\"https:\\\/\\\/www.autojm.fr\\\/blog\\\/wp-content\\\/uploads\\\/2022\\\/12\\\/cropped-AutoJMag-png.png\",\"width\":2834,\"height\":585,\"caption\":\"AutoJM Mag\"},\"image\":{\"@id\":\"https:\\\/\\\/www.autojm.fr\\\/blog\\\/#\\\/schema\\\/logo\\\/image\\\/\"},\"sameAs\":[\"https:\\\/\\\/www.facebook.com\\\/AutoJM25\"]},{\"@type\":\"Person\",\"@id\":\"https:\\\/\\\/www.autojm.fr\\\/blog\\\/#\\\/schema\\\/person\\\/9742bc77541853e0de81fc57f947e1a0\",\"name\":\"Autojm\",\"image\":{\"@type\":\"ImageObject\",\"inLanguage\":\"fr-FR\",\"@id\":\"https:\\\/\\\/secure.gravatar.com\\\/avatar\\\/9a959d52b758fcc232fe4b6aca7bab139182573297122cce7d6f2ee0e537b418?s=96&d=mm&r=g\",\"url\":\"https:\\\/\\\/secure.gravatar.com\\\/avatar\\\/9a959d52b758fcc232fe4b6aca7bab139182573297122cce7d6f2ee0e537b418?s=96&d=mm&r=g\",\"contentUrl\":\"https:\\\/\\\/secure.gravatar.com\\\/avatar\\\/9a959d52b758fcc232fe4b6aca7bab139182573297122cce7d6f2ee0e537b418?s=96&d=mm&r=g\",\"caption\":\"Autojm\"},\"sameAs\":[\"https:\\\/\\\/www.autojm.fr\\\/blog\"],\"url\":\"https:\\\/\\\/www.autojm.fr\\\/blog\\\/author\\\/bichoi\\\/\"}]}<\/script>\n<!-- \/ Yoast SEO plugin. -->","yoast_head_json":{"title":"Nouveau Tiguan Volkswagen 2016 - AutoJM Mag","description":"Le nouveau Volkswagen Tiguan est plus long et reprend la plateforme MQB de la Golf 7 (MQB : matrice modulaire transversale. C'est une...","robots":{"index":"index","follow":"follow","max-snippet":"max-snippet:-1","max-image-preview":"max-image-preview:large","max-video-preview":"max-video-preview:-1"},"canonical":"https:\/\/www.autojm.fr\/blog\/nouveau-tiguan-volkswagen-2016\/","og_locale":"fr_FR","og_type":"article","og_title":"Nouveau Tiguan Volkswagen 2016 - AutoJM Mag","og_description":"Le nouveau Volkswagen Tiguan est plus long et reprend la plateforme MQB de la Golf 7 (MQB : matrice modulaire transversale. C'est une...","og_url":"https:\/\/www.autojm.fr\/blog\/nouveau-tiguan-volkswagen-2016\/","og_site_name":"AutoJM Mag","article_publisher":"https:\/\/www.facebook.com\/AutoJM25","article_published_time":"2016-04-27T00:00:00+00:00","article_modified_time":"2023-09-08T14:36:13+00:00","og_image":[{"width":884,"height":478,"url":"https:\/\/www.autojm.fr\/blog\/wp-content\/uploads\/2022\/10\/340.jpg","type":"image\/jpeg"}],"author":"Autojm","twitter_card":"summary_large_image","twitter_misc":{"\u00c9crit par":"Autojm","Dur\u00e9e de lecture estim\u00e9e":"5 minutes"},"schema":{"@context":"https:\/\/schema.org","@graph":[{"@type":"Article","@id":"https:\/\/www.autojm.fr\/blog\/nouveau-tiguan-volkswagen-2016\/#article","isPartOf":{"@id":"https:\/\/www.autojm.fr\/blog\/nouveau-tiguan-volkswagen-2016\/"},"author":{"name":"Autojm","@id":"https:\/\/www.autojm.fr\/blog\/#\/schema\/person\/9742bc77541853e0de81fc57f947e1a0"},"headline":"Nouveau Tiguan Volkswagen 2016","datePublished":"2016-04-27T00:00:00+00:00","dateModified":"2023-09-08T14:36:13+00:00","mainEntityOfPage":{"@id":"https:\/\/www.autojm.fr\/blog\/nouveau-tiguan-volkswagen-2016\/"},"wordCount":875,"commentCount":0,"publisher":{"@id":"https:\/\/www.autojm.fr\/blog\/#organization"},"image":{"@id":"https:\/\/www.autojm.fr\/blog\/nouveau-tiguan-volkswagen-2016\/#primaryimage"},"thumbnailUrl":"https:\/\/www.autojm.fr\/blog\/wp-content\/uploads\/2022\/10\/340.jpg","keywords":["autojm","Tiguan","Volkswagen"],"articleSection":["Nouveaut\u00e9 Volkswagen","Nouveaut\u00e9s Autos"],"inLanguage":"fr-FR","potentialAction":[{"@type":"CommentAction","name":"Comment","target":["https:\/\/www.autojm.fr\/blog\/nouveau-tiguan-volkswagen-2016\/#respond"]}]},{"@type":"WebPage","@id":"https:\/\/www.autojm.fr\/blog\/nouveau-tiguan-volkswagen-2016\/","url":"https:\/\/www.autojm.fr\/blog\/nouveau-tiguan-volkswagen-2016\/","name":"Nouveau Tiguan Volkswagen 2016 - AutoJM Mag","isPartOf":{"@id":"https:\/\/www.autojm.fr\/blog\/#website"},"primaryImageOfPage":{"@id":"https:\/\/www.autojm.fr\/blog\/nouveau-tiguan-volkswagen-2016\/#primaryimage"},"image":{"@id":"https:\/\/www.autojm.fr\/blog\/nouveau-tiguan-volkswagen-2016\/#primaryimage"},"thumbnailUrl":"https:\/\/www.autojm.fr\/blog\/wp-content\/uploads\/2022\/10\/340.jpg","datePublished":"2016-04-27T00:00:00+00:00","dateModified":"2023-09-08T14:36:13+00:00","description":"Le nouveau Volkswagen Tiguan est plus long et reprend la plateforme MQB de la Golf 7 (MQB : matrice modulaire transversale. C'est une...","breadcrumb":{"@id":"https:\/\/www.autojm.fr\/blog\/nouveau-tiguan-volkswagen-2016\/#breadcrumb"},"inLanguage":"fr-FR","potentialAction":[{"@type":"ReadAction","target":["https:\/\/www.autojm.fr\/blog\/nouveau-tiguan-volkswagen-2016\/"]}]},{"@type":"ImageObject","inLanguage":"fr-FR","@id":"https:\/\/www.autojm.fr\/blog\/nouveau-tiguan-volkswagen-2016\/#primaryimage","url":"https:\/\/www.autojm.fr\/blog\/wp-content\/uploads\/2022\/10\/340.jpg","contentUrl":"https:\/\/www.autojm.fr\/blog\/wp-content\/uploads\/2022\/10\/340.jpg","width":884,"height":478,"caption":"Volkswagen Tiguan"},{"@type":"BreadcrumbList","@id":"https:\/\/www.autojm.fr\/blog\/nouveau-tiguan-volkswagen-2016\/#breadcrumb","itemListElement":[{"@type":"ListItem","position":1,"name":"Accueil","item":"https:\/\/www.autojm.fr\/blog\/"},{"@type":"ListItem","position":2,"name":"Nouveaut\u00e9s Autos","item":"https:\/\/www.autojm.fr\/blog\/nouveautes-autos\/"},{"@type":"ListItem","position":3,"name":"Nouveau Tiguan Volkswagen 2016"}]},{"@type":"WebSite","@id":"https:\/\/www.autojm.fr\/blog\/#website","url":"https:\/\/www.autojm.fr\/blog\/","name":"AutoJM Mag","description":"Toute l&#039;actu auto en 1 clic !","publisher":{"@id":"https:\/\/www.autojm.fr\/blog\/#organization"},"potentialAction":[{"@type":"SearchAction","target":{"@type":"EntryPoint","urlTemplate":"https:\/\/www.autojm.fr\/blog\/?s={search_term_string}"},"query-input":{"@type":"PropertyValueSpecification","valueRequired":true,"valueName":"search_term_string"}}],"inLanguage":"fr-FR"},{"@type":"Organization","@id":"https:\/\/www.autojm.fr\/blog\/#organization","name":"AutoJM Mag","url":"https:\/\/www.autojm.fr\/blog\/","logo":{"@type":"ImageObject","inLanguage":"fr-FR","@id":"https:\/\/www.autojm.fr\/blog\/#\/schema\/logo\/image\/","url":"https:\/\/www.autojm.fr\/blog\/wp-content\/uploads\/2022\/12\/cropped-AutoJMag-png.png","contentUrl":"https:\/\/www.autojm.fr\/blog\/wp-content\/uploads\/2022\/12\/cropped-AutoJMag-png.png","width":2834,"height":585,"caption":"AutoJM Mag"},"image":{"@id":"https:\/\/www.autojm.fr\/blog\/#\/schema\/logo\/image\/"},"sameAs":["https:\/\/www.facebook.com\/AutoJM25"]},{"@type":"Person","@id":"https:\/\/www.autojm.fr\/blog\/#\/schema\/person\/9742bc77541853e0de81fc57f947e1a0","name":"Autojm","image":{"@type":"ImageObject","inLanguage":"fr-FR","@id":"https:\/\/secure.gravatar.com\/avatar\/9a959d52b758fcc232fe4b6aca7bab139182573297122cce7d6f2ee0e537b418?s=96&d=mm&r=g","url":"https:\/\/secure.gravatar.com\/avatar\/9a959d52b758fcc232fe4b6aca7bab139182573297122cce7d6f2ee0e537b418?s=96&d=mm&r=g","contentUrl":"https:\/\/secure.gravatar.com\/avatar\/9a959d52b758fcc232fe4b6aca7bab139182573297122cce7d6f2ee0e537b418?s=96&d=mm&r=g","caption":"Autojm"},"sameAs":["https:\/\/www.autojm.fr\/blog"],"url":"https:\/\/www.autojm.fr\/blog\/author\/bichoi\/"}]}},"_links":{"self":[{"href":"https:\/\/www.autojm.fr\/blog\/wp-json\/wp\/v2\/posts\/3627","targetHints":{"allow":["GET"]}}],"collection":[{"href":"https:\/\/www.autojm.fr\/blog\/wp-json\/wp\/v2\/posts"}],"about":[{"href":"https:\/\/www.autojm.fr\/blog\/wp-json\/wp\/v2\/types\/post"}],"author":[{"embeddable":true,"href":"https:\/\/www.autojm.fr\/blog\/wp-json\/wp\/v2\/users\/1"}],"replies":[{"embeddable":true,"href":"https:\/\/www.autojm.fr\/blog\/wp-json\/wp\/v2\/comments?post=3627"}],"version-history":[{"count":7,"href":"https:\/\/www.autojm.fr\/blog\/wp-json\/wp\/v2\/posts\/3627\/revisions"}],"predecessor-version":[{"id":12561,"href":"https:\/\/www.autojm.fr\/blog\/wp-json\/wp\/v2\/posts\/3627\/revisions\/12561"}],"wp:featuredmedia":[{"embeddable":true,"href":"https:\/\/www.autojm.fr\/blog\/wp-json\/wp\/v2\/media\/5689"}],"wp:attachment":[{"href":"https:\/\/www.autojm.fr\/blog\/wp-json\/wp\/v2\/media?parent=3627"}],"wp:term":[{"taxonomy":"category","embeddable":true,"href":"https:\/\/www.autojm.fr\/blog\/wp-json\/wp\/v2\/categories?post=3627"},{"taxonomy":"post_tag","embeddable":true,"href":"https:\/\/www.autojm.fr\/blog\/wp-json\/wp\/v2\/tags?post=3627"}],"curies":[{"name":"wp","href":"https:\/\/api.w.org\/{rel}","templated":true}]}}