{"id":3623,"date":"2016-03-15T00:00:00","date_gmt":"2016-03-15T00:00:00","guid":{"rendered":"https:\/\/www.autojm.fr\/blog\/d-s3-la-nouvelle-ds3-chez-votre-mandataire-autojm\/"},"modified":"2023-04-18T13:45:10","modified_gmt":"2023-04-18T13:45:10","slug":"d-s3-la-nouvelle-ds3-chez-votre-mandataire-autojm","status":"publish","type":"post","link":"https:\/\/www.autojm.fr\/blog\/d-s3-la-nouvelle-ds3-chez-votre-mandataire-autojm\/","title":{"rendered":"La nouvelle DS3 chez votre Mandataire AutoJM"},"content":{"rendered":"<h1 style=\"text-align: justify;\">Nouvelle DS3, l&rsquo;\u00e2ge de l&rsquo;ind\u00e9pendance<\/h1>\n<p style=\"line-height: 20.8px; text-align: justify;\">N\u00e9e en mars 2010 dans la famille <a href=\"https:\/\/www.autojm.fr\/mandataire-voitures-neuves-citroen\">Citro\u00ebn<\/a>, la DS3 s&rsquo;\u00e9mancipe en 2016 en d\u00e9laissant ses chevrons sans pour autant renier sa famille. Devenue une marque \u00e0 part enti\u00e8re, DS (<a href=\"https:\/\/www.autojm.fr\/mandataire-voitures-neuves-ds\">Distinctives Series<\/a>) compte plusieurs membres que sont la citadine DS3, la compacte DS4, la berline crossover DS5 et la DS6 r\u00e9serv\u00e9e uniquement march\u00e9 chinois.<\/p>\n<p style=\"line-height: 20.8px; text-align: justify;\"><em>DS3 \/ DS4 \/ DS5 \/ DS6<\/em><\/p>\n<h2 style=\"text-align: justify;\">DS, une gamme appel\u00e9e \u00e0 s&rsquo;agrandir<\/h2>\n<p style=\"line-height: 20.8px; text-align: justify;\">D&rsquo;autres naissances sont programm\u00e9es puisque l&rsquo;usine de Mulhouse s&rsquo;est d&rsquo;ores et d\u00e9j\u00e0 vue attribuer la X74, nom de code d&rsquo;un SUV qui sera commercialis\u00e9 \u00e0 partir de 2018. \u00e0 l&rsquo;horizon 2020, la marque DS a d\u00e9j\u00e0 pr\u00e9vu de proposer six mod\u00e8les dont 3 SUV. En attendant, revenons sur cette DS3 \u00e9dition 2016 qui ne manque pas de qualit\u00e9s.<\/p>\n<h2 style=\"text-align: justify;\">Nouvelle DS3, vraiment innovante ou simple mise \u00e0 jour\u2009?<\/h2>\n<p style=\"line-height: 20.8px; text-align: justify;\">De loin, il est difficile de diff\u00e9rencier la nouvelle DS3 du mod\u00e8le pr\u00e9c\u00e9dent. Il est vrai que les designers ont d\u00e9j\u00e0 fait \u00e9voluer la citadine premium en 2014 avec une nouvelle signature, avec les phares LED Vision \u00e0 l&rsquo;avant du v\u00e9hicule, et avec des feux 3D \u00e0 l&rsquo;arri\u00e8re. Pour ce second restylage, l&rsquo;essentiel de l&rsquo;esth\u00e9tique ext\u00e9rieure repose sur la nouvelle calandre baptis\u00e9e DS Wings inspir\u00e9e du concept-car DS Divine. L&rsquo;int\u00e9rieur de la nouvelle DS3 est aussi soign\u00e9 que la pr\u00e9c\u00e9dente labellis\u00e9e Citro\u00ebn, ce que personne ne critiquera. De nouvelles selleries font leur apparition ainsi que de nouveaux d\u00e9cors int\u00e9rieurs. L&rsquo;ordinateur de bord et \u00e0 pr\u00e9sent second\u00e9 par un \u00e9cran tactile de 7 pouces (en s\u00e9rie sur la finition Sport Chic) qui peut afficher la vid\u00e9o de la cam\u00e9ra de recul. La fonction Apple CarPlay pour l&rsquo;iPhone et MirrorLink pour les smartphones sous Android permet une duplication des informations, ce qui se r\u00e9v\u00e8le tr\u00e8s pratique \u00e0 l&rsquo;usage. De nouvelles aides \u00e0 la conduite font leur apparition comme un dispositif aidant au d\u00e9marrage en c\u00f4te ou un freinage automatique en ville (de s\u00e9rie sur la finition Sport Chic).<\/p>\n<p style=\"line-height: 20.8px; text-align: justify;\">\n<p style=\"line-height: 20.8px; text-align: justify;\"><span style=\"font-family: Ubuntu, sans-serif; font-size: 1.5em; line-height: 1.2;\">Des moteurs performants avec un PureTech 130 en plus<\/span><\/p>\n<p style=\"line-height: 20.8px; text-align: justify;\">Si l&rsquo;essentiel des motorisations pr\u00e9c\u00e9dentes a \u00e9t\u00e9 conserv\u00e9 avec en essence, le PureTech 82 et 110 et en diesel, le 1,6 L 100 et 120 ch \u00e0 catalysation SCR. La nouveaut\u00e9 est la disponibilit\u00e9 d&rsquo;un PureTech cette fois en 130 ch. Associ\u00e9 \u00e0 une boite manuelle \u00e0 6 rapports, la citadine Chic se r\u00e9v\u00e8le particuli\u00e8rement agr\u00e9able \u00e0 conduire, ce en ville comme sur les d\u00e9partementales sinueuses. Pour les mod\u00e8les \u00e9quip\u00e9s de la boite automatique, le plaisir est d\u00e9cupl\u00e9, en particulier en activant le programme Sport. En suppl\u00e9ment de cet agr\u00e9ment de conduite, la consommation baisse de pr\u00e8s de 2 l\/100 km sur le 110 ch et les \u00e9missions de CO\u00b2 tombent \u00e0 108g\/km.<\/p>\n<h2 style=\"text-align: justify;\">Naissance de la DS3 Performance<\/h2>\n<p style=\"line-height: 20.8px; text-align: justify;\">La DS3 Racing avait disparue du catalogue en juin 2015. Elle sera de retour en avril 2016 sous le nom de <a href=\"https:\/\/www.autojm.fr\/mandataire-voitures-neuves-ds\">DS Performance<\/a>, nom emprunt\u00e9 \u00e0 l&rsquo;\u00e9curie de Formula E. La motorisation sera assur\u00e9e par le 1,6 L THP Euro 6 d\u00e9veloppant 208 ch et un couple de 300 Nm. La DS3 performance se d\u00e9clinera en berline et cabriolet sous deux finitions dont une noire mat avec toit Gold brillant. Le levier de vitesse et un des bandeaux de la planche de bord adoptent \u00e9galement cette finition or, ce qui devrait \u00eatre du plus bel effet.<\/p>\n<p>Nouvelle DS3 performance \/ N<span style=\"line-height: 20.8px;\">ouvelle DS3 performance black sp\u00e9cial \/ Nouvelle DS3 performance chronographes<\/span><\/p>\n<h2 style=\"text-align: justify;\">Nouvelle DS3, un statut de citadine premium pleinement assum\u00e9<\/h2>\n<p style=\"line-height: 20.8px; text-align: justify;\">M\u00eame si la DS3 2016 n&rsquo;est pas \u00e0 proprement parler une nouvelle voiture compar\u00e9e \u00e0 la Citro\u00ebn DS3 2014, les am\u00e9liorations offertes par ce second restylage sont malgr\u00e9 tout appr\u00e9ciables : un moteur suppl\u00e9mentaire, une DS3 sportive qui satisfera les conducteurs les plus exigeants en mati\u00e8re de performances. Tous les ingr\u00e9dients sont pr\u00e9sents pour faire de la DS3 une v\u00e9ritable citadine premium. Pour r\u00e9sumer, il n&rsquo;y a aucun illogisme \u00e0 ce que la fille ressemble \u00e0 ses parents, d&rsquo;autant plus lorsqu&rsquo;elle a \u00e9t\u00e9 baptis\u00e9e du m\u00eame pr\u00e9nom qu&rsquo;une illustre a\u00efeule.<\/p>\n","protected":false},"excerpt":{"rendered":"<p>N\u00e9e en mars 2010 dans la famille Citro\u00ebn, la DS3 s&rsquo;\u00e9mancipe en 2016 en d\u00e9laissant ses chevrons sans pour autant renier sa famille. Devenue une marque \u00e0 part enti\u00e8re, DS (Distinctives Series) compte plusieurs membres que sont la citadine DS3, la compacte DS4, la berline crossover DS5 et la DS6 r\u00e9serv\u00e9e uniquement march\u00e9 chinois.<\/p>\n","protected":false},"author":1,"featured_media":5684,"comment_status":"open","ping_status":"open","sticky":false,"template":"","format":"standard","meta":{"_acf_changed":false,"content-type":"","footnotes":""},"categories":[234,61],"tags":[90,105,215],"class_list":["post-3623","post","type-post","status-publish","format-standard","has-post-thumbnail","hentry","category-nouveaute-ds","category-nouveautes-autos","tag-autojm","tag-ds","tag-nouvelle-ds3"],"acf":[],"yoast_head":"<!-- This site is optimized with the Yoast SEO plugin v27.5 - https:\/\/yoast.com\/product\/yoast-seo-wordpress\/ -->\n<title>La nouvelle DS3 chez votre Mandataire AutoJM - AutoJM Mag<\/title>\n<meta name=\"description\" content=\"N\u00e9e en mars 2010 dans la famille Citro\u00ebn, la DS3 s&#039;\u00e9mancipe en 2016 en d\u00e9laissant ses chevrons sans pour autant renier sa famille. Devenue...\" \/>\n<meta name=\"robots\" content=\"index, follow, max-snippet:-1, max-image-preview:large, max-video-preview:-1\" \/>\n<link rel=\"canonical\" href=\"https:\/\/www.autojm.fr\/blog\/d-s3-la-nouvelle-ds3-chez-votre-mandataire-autojm\/\" \/>\n<meta property=\"og:locale\" content=\"fr_FR\" \/>\n<meta property=\"og:type\" content=\"article\" \/>\n<meta property=\"og:title\" content=\"La nouvelle DS3 chez votre Mandataire AutoJM - AutoJM Mag\" \/>\n<meta property=\"og:description\" content=\"N\u00e9e en mars 2010 dans la famille Citro\u00ebn, la DS3 s&#039;\u00e9mancipe en 2016 en d\u00e9laissant ses chevrons sans pour autant renier sa famille. Devenue...\" \/>\n<meta property=\"og:url\" content=\"https:\/\/www.autojm.fr\/blog\/d-s3-la-nouvelle-ds3-chez-votre-mandataire-autojm\/\" \/>\n<meta property=\"og:site_name\" content=\"AutoJM Mag\" \/>\n<meta property=\"article:publisher\" content=\"https:\/\/www.facebook.com\/AutoJM25\" \/>\n<meta property=\"article:published_time\" content=\"2016-03-15T00:00:00+00:00\" \/>\n<meta property=\"article:modified_time\" content=\"2023-04-18T13:45:10+00:00\" \/>\n<meta property=\"og:image\" content=\"https:\/\/www.autojm.fr\/blog\/wp-content\/uploads\/2022\/10\/336.jpg\" \/>\n\t<meta property=\"og:image:width\" content=\"912\" \/>\n\t<meta property=\"og:image:height\" content=\"684\" \/>\n\t<meta property=\"og:image:type\" content=\"image\/jpeg\" \/>\n<meta name=\"author\" content=\"Autojm\" \/>\n<meta name=\"twitter:card\" content=\"summary_large_image\" \/>\n<meta name=\"twitter:label1\" content=\"\u00c9crit par\" \/>\n\t<meta name=\"twitter:data1\" content=\"Autojm\" \/>\n\t<meta name=\"twitter:label2\" content=\"Dur\u00e9e de lecture estim\u00e9e\" \/>\n\t<meta name=\"twitter:data2\" content=\"4 minutes\" \/>\n<script type=\"application\/ld+json\" class=\"yoast-schema-graph\">{\"@context\":\"https:\\\/\\\/schema.org\",\"@graph\":[{\"@type\":\"Article\",\"@id\":\"https:\\\/\\\/www.autojm.fr\\\/blog\\\/d-s3-la-nouvelle-ds3-chez-votre-mandataire-autojm\\\/#article\",\"isPartOf\":{\"@id\":\"https:\\\/\\\/www.autojm.fr\\\/blog\\\/d-s3-la-nouvelle-ds3-chez-votre-mandataire-autojm\\\/\"},\"author\":{\"name\":\"Autojm\",\"@id\":\"https:\\\/\\\/www.autojm.fr\\\/blog\\\/#\\\/schema\\\/person\\\/9742bc77541853e0de81fc57f947e1a0\"},\"headline\":\"La nouvelle DS3 chez votre Mandataire AutoJM\",\"datePublished\":\"2016-03-15T00:00:00+00:00\",\"dateModified\":\"2023-04-18T13:45:10+00:00\",\"mainEntityOfPage\":{\"@id\":\"https:\\\/\\\/www.autojm.fr\\\/blog\\\/d-s3-la-nouvelle-ds3-chez-votre-mandataire-autojm\\\/\"},\"wordCount\":694,\"commentCount\":0,\"publisher\":{\"@id\":\"https:\\\/\\\/www.autojm.fr\\\/blog\\\/#organization\"},\"image\":{\"@id\":\"https:\\\/\\\/www.autojm.fr\\\/blog\\\/d-s3-la-nouvelle-ds3-chez-votre-mandataire-autojm\\\/#primaryimage\"},\"thumbnailUrl\":\"https:\\\/\\\/www.autojm.fr\\\/blog\\\/wp-content\\\/uploads\\\/2022\\\/10\\\/336.jpg\",\"keywords\":[\"autojm\",\"DS\",\"Nouvelle DS3\"],\"articleSection\":[\"Nouveaut\u00e9 DS\",\"Nouveaut\u00e9s Autos\"],\"inLanguage\":\"fr-FR\",\"potentialAction\":[{\"@type\":\"CommentAction\",\"name\":\"Comment\",\"target\":[\"https:\\\/\\\/www.autojm.fr\\\/blog\\\/d-s3-la-nouvelle-ds3-chez-votre-mandataire-autojm\\\/#respond\"]}]},{\"@type\":\"WebPage\",\"@id\":\"https:\\\/\\\/www.autojm.fr\\\/blog\\\/d-s3-la-nouvelle-ds3-chez-votre-mandataire-autojm\\\/\",\"url\":\"https:\\\/\\\/www.autojm.fr\\\/blog\\\/d-s3-la-nouvelle-ds3-chez-votre-mandataire-autojm\\\/\",\"name\":\"La nouvelle DS3 chez votre Mandataire AutoJM - AutoJM Mag\",\"isPartOf\":{\"@id\":\"https:\\\/\\\/www.autojm.fr\\\/blog\\\/#website\"},\"primaryImageOfPage\":{\"@id\":\"https:\\\/\\\/www.autojm.fr\\\/blog\\\/d-s3-la-nouvelle-ds3-chez-votre-mandataire-autojm\\\/#primaryimage\"},\"image\":{\"@id\":\"https:\\\/\\\/www.autojm.fr\\\/blog\\\/d-s3-la-nouvelle-ds3-chez-votre-mandataire-autojm\\\/#primaryimage\"},\"thumbnailUrl\":\"https:\\\/\\\/www.autojm.fr\\\/blog\\\/wp-content\\\/uploads\\\/2022\\\/10\\\/336.jpg\",\"datePublished\":\"2016-03-15T00:00:00+00:00\",\"dateModified\":\"2023-04-18T13:45:10+00:00\",\"description\":\"N\u00e9e en mars 2010 dans la famille Citro\u00ebn, la DS3 s'\u00e9mancipe en 2016 en d\u00e9laissant ses chevrons sans pour autant renier sa famille. Devenue...\",\"breadcrumb\":{\"@id\":\"https:\\\/\\\/www.autojm.fr\\\/blog\\\/d-s3-la-nouvelle-ds3-chez-votre-mandataire-autojm\\\/#breadcrumb\"},\"inLanguage\":\"fr-FR\",\"potentialAction\":[{\"@type\":\"ReadAction\",\"target\":[\"https:\\\/\\\/www.autojm.fr\\\/blog\\\/d-s3-la-nouvelle-ds3-chez-votre-mandataire-autojm\\\/\"]}]},{\"@type\":\"ImageObject\",\"inLanguage\":\"fr-FR\",\"@id\":\"https:\\\/\\\/www.autojm.fr\\\/blog\\\/d-s3-la-nouvelle-ds3-chez-votre-mandataire-autojm\\\/#primaryimage\",\"url\":\"https:\\\/\\\/www.autojm.fr\\\/blog\\\/wp-content\\\/uploads\\\/2022\\\/10\\\/336.jpg\",\"contentUrl\":\"https:\\\/\\\/www.autojm.fr\\\/blog\\\/wp-content\\\/uploads\\\/2022\\\/10\\\/336.jpg\",\"width\":912,\"height\":684,\"caption\":\"Nouvelle DS3\"},{\"@type\":\"BreadcrumbList\",\"@id\":\"https:\\\/\\\/www.autojm.fr\\\/blog\\\/d-s3-la-nouvelle-ds3-chez-votre-mandataire-autojm\\\/#breadcrumb\",\"itemListElement\":[{\"@type\":\"ListItem\",\"position\":1,\"name\":\"Accueil\",\"item\":\"https:\\\/\\\/www.autojm.fr\\\/blog\\\/\"},{\"@type\":\"ListItem\",\"position\":2,\"name\":\"Nouveaut\u00e9s Autos\",\"item\":\"https:\\\/\\\/www.autojm.fr\\\/blog\\\/nouveautes-autos\\\/\"},{\"@type\":\"ListItem\",\"position\":3,\"name\":\"La nouvelle DS3 chez votre Mandataire AutoJM\"}]},{\"@type\":\"WebSite\",\"@id\":\"https:\\\/\\\/www.autojm.fr\\\/blog\\\/#website\",\"url\":\"https:\\\/\\\/www.autojm.fr\\\/blog\\\/\",\"name\":\"AutoJM Mag\",\"description\":\"Toute l&#039;actu auto en 1 clic !\",\"publisher\":{\"@id\":\"https:\\\/\\\/www.autojm.fr\\\/blog\\\/#organization\"},\"potentialAction\":[{\"@type\":\"SearchAction\",\"target\":{\"@type\":\"EntryPoint\",\"urlTemplate\":\"https:\\\/\\\/www.autojm.fr\\\/blog\\\/?s={search_term_string}\"},\"query-input\":{\"@type\":\"PropertyValueSpecification\",\"valueRequired\":true,\"valueName\":\"search_term_string\"}}],\"inLanguage\":\"fr-FR\"},{\"@type\":\"Organization\",\"@id\":\"https:\\\/\\\/www.autojm.fr\\\/blog\\\/#organization\",\"name\":\"AutoJM Mag\",\"url\":\"https:\\\/\\\/www.autojm.fr\\\/blog\\\/\",\"logo\":{\"@type\":\"ImageObject\",\"inLanguage\":\"fr-FR\",\"@id\":\"https:\\\/\\\/www.autojm.fr\\\/blog\\\/#\\\/schema\\\/logo\\\/image\\\/\",\"url\":\"https:\\\/\\\/www.autojm.fr\\\/blog\\\/wp-content\\\/uploads\\\/2022\\\/12\\\/cropped-AutoJMag-png.png\",\"contentUrl\":\"https:\\\/\\\/www.autojm.fr\\\/blog\\\/wp-content\\\/uploads\\\/2022\\\/12\\\/cropped-AutoJMag-png.png\",\"width\":2834,\"height\":585,\"caption\":\"AutoJM Mag\"},\"image\":{\"@id\":\"https:\\\/\\\/www.autojm.fr\\\/blog\\\/#\\\/schema\\\/logo\\\/image\\\/\"},\"sameAs\":[\"https:\\\/\\\/www.facebook.com\\\/AutoJM25\"]},{\"@type\":\"Person\",\"@id\":\"https:\\\/\\\/www.autojm.fr\\\/blog\\\/#\\\/schema\\\/person\\\/9742bc77541853e0de81fc57f947e1a0\",\"name\":\"Autojm\",\"image\":{\"@type\":\"ImageObject\",\"inLanguage\":\"fr-FR\",\"@id\":\"https:\\\/\\\/secure.gravatar.com\\\/avatar\\\/9a959d52b758fcc232fe4b6aca7bab139182573297122cce7d6f2ee0e537b418?s=96&d=mm&r=g\",\"url\":\"https:\\\/\\\/secure.gravatar.com\\\/avatar\\\/9a959d52b758fcc232fe4b6aca7bab139182573297122cce7d6f2ee0e537b418?s=96&d=mm&r=g\",\"contentUrl\":\"https:\\\/\\\/secure.gravatar.com\\\/avatar\\\/9a959d52b758fcc232fe4b6aca7bab139182573297122cce7d6f2ee0e537b418?s=96&d=mm&r=g\",\"caption\":\"Autojm\"},\"sameAs\":[\"https:\\\/\\\/www.autojm.fr\\\/blog\"],\"url\":\"https:\\\/\\\/www.autojm.fr\\\/blog\\\/author\\\/bichoi\\\/\"}]}<\/script>\n<!-- \/ Yoast SEO plugin. -->","yoast_head_json":{"title":"La nouvelle DS3 chez votre Mandataire AutoJM - AutoJM Mag","description":"N\u00e9e en mars 2010 dans la famille Citro\u00ebn, la DS3 s'\u00e9mancipe en 2016 en d\u00e9laissant ses chevrons sans pour autant renier sa famille. Devenue...","robots":{"index":"index","follow":"follow","max-snippet":"max-snippet:-1","max-image-preview":"max-image-preview:large","max-video-preview":"max-video-preview:-1"},"canonical":"https:\/\/www.autojm.fr\/blog\/d-s3-la-nouvelle-ds3-chez-votre-mandataire-autojm\/","og_locale":"fr_FR","og_type":"article","og_title":"La nouvelle DS3 chez votre Mandataire AutoJM - AutoJM Mag","og_description":"N\u00e9e en mars 2010 dans la famille Citro\u00ebn, la DS3 s'\u00e9mancipe en 2016 en d\u00e9laissant ses chevrons sans pour autant renier sa famille. Devenue...","og_url":"https:\/\/www.autojm.fr\/blog\/d-s3-la-nouvelle-ds3-chez-votre-mandataire-autojm\/","og_site_name":"AutoJM Mag","article_publisher":"https:\/\/www.facebook.com\/AutoJM25","article_published_time":"2016-03-15T00:00:00+00:00","article_modified_time":"2023-04-18T13:45:10+00:00","og_image":[{"width":912,"height":684,"url":"https:\/\/www.autojm.fr\/blog\/wp-content\/uploads\/2022\/10\/336.jpg","type":"image\/jpeg"}],"author":"Autojm","twitter_card":"summary_large_image","twitter_misc":{"\u00c9crit par":"Autojm","Dur\u00e9e de lecture estim\u00e9e":"4 minutes"},"schema":{"@context":"https:\/\/schema.org","@graph":[{"@type":"Article","@id":"https:\/\/www.autojm.fr\/blog\/d-s3-la-nouvelle-ds3-chez-votre-mandataire-autojm\/#article","isPartOf":{"@id":"https:\/\/www.autojm.fr\/blog\/d-s3-la-nouvelle-ds3-chez-votre-mandataire-autojm\/"},"author":{"name":"Autojm","@id":"https:\/\/www.autojm.fr\/blog\/#\/schema\/person\/9742bc77541853e0de81fc57f947e1a0"},"headline":"La nouvelle DS3 chez votre Mandataire AutoJM","datePublished":"2016-03-15T00:00:00+00:00","dateModified":"2023-04-18T13:45:10+00:00","mainEntityOfPage":{"@id":"https:\/\/www.autojm.fr\/blog\/d-s3-la-nouvelle-ds3-chez-votre-mandataire-autojm\/"},"wordCount":694,"commentCount":0,"publisher":{"@id":"https:\/\/www.autojm.fr\/blog\/#organization"},"image":{"@id":"https:\/\/www.autojm.fr\/blog\/d-s3-la-nouvelle-ds3-chez-votre-mandataire-autojm\/#primaryimage"},"thumbnailUrl":"https:\/\/www.autojm.fr\/blog\/wp-content\/uploads\/2022\/10\/336.jpg","keywords":["autojm","DS","Nouvelle DS3"],"articleSection":["Nouveaut\u00e9 DS","Nouveaut\u00e9s Autos"],"inLanguage":"fr-FR","potentialAction":[{"@type":"CommentAction","name":"Comment","target":["https:\/\/www.autojm.fr\/blog\/d-s3-la-nouvelle-ds3-chez-votre-mandataire-autojm\/#respond"]}]},{"@type":"WebPage","@id":"https:\/\/www.autojm.fr\/blog\/d-s3-la-nouvelle-ds3-chez-votre-mandataire-autojm\/","url":"https:\/\/www.autojm.fr\/blog\/d-s3-la-nouvelle-ds3-chez-votre-mandataire-autojm\/","name":"La nouvelle DS3 chez votre Mandataire AutoJM - AutoJM Mag","isPartOf":{"@id":"https:\/\/www.autojm.fr\/blog\/#website"},"primaryImageOfPage":{"@id":"https:\/\/www.autojm.fr\/blog\/d-s3-la-nouvelle-ds3-chez-votre-mandataire-autojm\/#primaryimage"},"image":{"@id":"https:\/\/www.autojm.fr\/blog\/d-s3-la-nouvelle-ds3-chez-votre-mandataire-autojm\/#primaryimage"},"thumbnailUrl":"https:\/\/www.autojm.fr\/blog\/wp-content\/uploads\/2022\/10\/336.jpg","datePublished":"2016-03-15T00:00:00+00:00","dateModified":"2023-04-18T13:45:10+00:00","description":"N\u00e9e en mars 2010 dans la famille Citro\u00ebn, la DS3 s'\u00e9mancipe en 2016 en d\u00e9laissant ses chevrons sans pour autant renier sa famille. Devenue...","breadcrumb":{"@id":"https:\/\/www.autojm.fr\/blog\/d-s3-la-nouvelle-ds3-chez-votre-mandataire-autojm\/#breadcrumb"},"inLanguage":"fr-FR","potentialAction":[{"@type":"ReadAction","target":["https:\/\/www.autojm.fr\/blog\/d-s3-la-nouvelle-ds3-chez-votre-mandataire-autojm\/"]}]},{"@type":"ImageObject","inLanguage":"fr-FR","@id":"https:\/\/www.autojm.fr\/blog\/d-s3-la-nouvelle-ds3-chez-votre-mandataire-autojm\/#primaryimage","url":"https:\/\/www.autojm.fr\/blog\/wp-content\/uploads\/2022\/10\/336.jpg","contentUrl":"https:\/\/www.autojm.fr\/blog\/wp-content\/uploads\/2022\/10\/336.jpg","width":912,"height":684,"caption":"Nouvelle DS3"},{"@type":"BreadcrumbList","@id":"https:\/\/www.autojm.fr\/blog\/d-s3-la-nouvelle-ds3-chez-votre-mandataire-autojm\/#breadcrumb","itemListElement":[{"@type":"ListItem","position":1,"name":"Accueil","item":"https:\/\/www.autojm.fr\/blog\/"},{"@type":"ListItem","position":2,"name":"Nouveaut\u00e9s Autos","item":"https:\/\/www.autojm.fr\/blog\/nouveautes-autos\/"},{"@type":"ListItem","position":3,"name":"La nouvelle DS3 chez votre Mandataire AutoJM"}]},{"@type":"WebSite","@id":"https:\/\/www.autojm.fr\/blog\/#website","url":"https:\/\/www.autojm.fr\/blog\/","name":"AutoJM Mag","description":"Toute l&#039;actu auto en 1 clic !","publisher":{"@id":"https:\/\/www.autojm.fr\/blog\/#organization"},"potentialAction":[{"@type":"SearchAction","target":{"@type":"EntryPoint","urlTemplate":"https:\/\/www.autojm.fr\/blog\/?s={search_term_string}"},"query-input":{"@type":"PropertyValueSpecification","valueRequired":true,"valueName":"search_term_string"}}],"inLanguage":"fr-FR"},{"@type":"Organization","@id":"https:\/\/www.autojm.fr\/blog\/#organization","name":"AutoJM Mag","url":"https:\/\/www.autojm.fr\/blog\/","logo":{"@type":"ImageObject","inLanguage":"fr-FR","@id":"https:\/\/www.autojm.fr\/blog\/#\/schema\/logo\/image\/","url":"https:\/\/www.autojm.fr\/blog\/wp-content\/uploads\/2022\/12\/cropped-AutoJMag-png.png","contentUrl":"https:\/\/www.autojm.fr\/blog\/wp-content\/uploads\/2022\/12\/cropped-AutoJMag-png.png","width":2834,"height":585,"caption":"AutoJM Mag"},"image":{"@id":"https:\/\/www.autojm.fr\/blog\/#\/schema\/logo\/image\/"},"sameAs":["https:\/\/www.facebook.com\/AutoJM25"]},{"@type":"Person","@id":"https:\/\/www.autojm.fr\/blog\/#\/schema\/person\/9742bc77541853e0de81fc57f947e1a0","name":"Autojm","image":{"@type":"ImageObject","inLanguage":"fr-FR","@id":"https:\/\/secure.gravatar.com\/avatar\/9a959d52b758fcc232fe4b6aca7bab139182573297122cce7d6f2ee0e537b418?s=96&d=mm&r=g","url":"https:\/\/secure.gravatar.com\/avatar\/9a959d52b758fcc232fe4b6aca7bab139182573297122cce7d6f2ee0e537b418?s=96&d=mm&r=g","contentUrl":"https:\/\/secure.gravatar.com\/avatar\/9a959d52b758fcc232fe4b6aca7bab139182573297122cce7d6f2ee0e537b418?s=96&d=mm&r=g","caption":"Autojm"},"sameAs":["https:\/\/www.autojm.fr\/blog"],"url":"https:\/\/www.autojm.fr\/blog\/author\/bichoi\/"}]}},"_links":{"self":[{"href":"https:\/\/www.autojm.fr\/blog\/wp-json\/wp\/v2\/posts\/3623","targetHints":{"allow":["GET"]}}],"collection":[{"href":"https:\/\/www.autojm.fr\/blog\/wp-json\/wp\/v2\/posts"}],"about":[{"href":"https:\/\/www.autojm.fr\/blog\/wp-json\/wp\/v2\/types\/post"}],"author":[{"embeddable":true,"href":"https:\/\/www.autojm.fr\/blog\/wp-json\/wp\/v2\/users\/1"}],"replies":[{"embeddable":true,"href":"https:\/\/www.autojm.fr\/blog\/wp-json\/wp\/v2\/comments?post=3623"}],"version-history":[{"count":4,"href":"https:\/\/www.autojm.fr\/blog\/wp-json\/wp\/v2\/posts\/3623\/revisions"}],"predecessor-version":[{"id":9379,"href":"https:\/\/www.autojm.fr\/blog\/wp-json\/wp\/v2\/posts\/3623\/revisions\/9379"}],"wp:featuredmedia":[{"embeddable":true,"href":"https:\/\/www.autojm.fr\/blog\/wp-json\/wp\/v2\/media\/5684"}],"wp:attachment":[{"href":"https:\/\/www.autojm.fr\/blog\/wp-json\/wp\/v2\/media?parent=3623"}],"wp:term":[{"taxonomy":"category","embeddable":true,"href":"https:\/\/www.autojm.fr\/blog\/wp-json\/wp\/v2\/categories?post=3623"},{"taxonomy":"post_tag","embeddable":true,"href":"https:\/\/www.autojm.fr\/blog\/wp-json\/wp\/v2\/tags?post=3623"}],"curies":[{"name":"wp","href":"https:\/\/api.w.org\/{rel}","templated":true}]}}