{"id":3618,"date":"2016-01-26T00:00:00","date_gmt":"2016-01-26T00:00:00","guid":{"rendered":"https:\/\/www.autojm.fr\/blog\/essence-ou-diesel-voici-nos-conseils\/"},"modified":"2023-04-19T14:35:58","modified_gmt":"2023-04-19T14:35:58","slug":"essence-ou-diesel-voici-nos-conseils","status":"publish","type":"post","link":"https:\/\/www.autojm.fr\/blog\/essence-ou-diesel-voici-nos-conseils\/","title":{"rendered":"Essence ou diesel ? Voici nos conseils"},"content":{"rendered":"<p style=\"line-height: 20.8px;\">Le scandale Volkswagen a redonn\u00e9 un coup de jeune \u00e0 la question du choix entre une ture essence ou diesel. En incitant \u00e0 se m\u00e9fier des arguments aguichants de certaines motorisations diesel, cette affaire a pour avantage de ramener \u00e0 la r\u00e9alit\u00e9 ceux qui pensaient que le diesel \u00e9tait une solution miracle. Comment se d\u00e9cider pour l&rsquo;une ou pour l&rsquo;autre\u2009? De la m\u00eame mani\u00e8re que l&rsquo;on choisissait une voiture essence ou diesel avant que les pouvoirs publics promotionnent le gazole au d\u00e9but des ann\u00e9es 2000 \u00e0 coup de bonus \u00e9cologiques et autres aides fiscales.<\/p>\n<h2>Le diesel est plus cher \u00e0 l&rsquo;achat<\/h2>\n<p style=\"line-height: 20.8px;\">Pour un mod\u00e8le identique, la version diesel peut se r\u00e9v\u00e9ler jusqu&rsquo;\u00e0 25 % plus ch\u00e8re que celle \u00e0 essence. Deux raisons majeures \u00e0 cet \u00e9cart de prix sont d&rsquo;une part certaines pi\u00e8ces m\u00e9caniques qui doivent r\u00e9sister aux fortes contraintes induites par le fonctionnement d&rsquo;un moteur diesel. D&rsquo;autre part, la pr\u00e9sence de plusieurs dispositifs de d\u00e9pollution tels que le filtre \u00e0 particule permettant le traitement des NOx, ces particules polluantes d&rsquo;oxydes d&rsquo;azote, a un impact sur le co\u00fbt du v\u00e9hicule.<\/p>\n<h2>Un co\u00fbt d&rsquo;entretien plus \u00e9lev\u00e9 pour le diesel<\/h2>\n<p style=\"line-height: 20.8px;\">Ces m\u00eames syst\u00e8mes de d\u00e9pollution, d&rsquo;injection plus complexe et la pr\u00e9sence quasi g\u00e9n\u00e9ralis\u00e9e d&rsquo;un turbo compresseur font que l&rsquo;entretien revient plus cher sur un diesel que sur une essence. Si le co\u00fbt varie suivant les mod\u00e8les, il est en moyenne 20 % plus \u00e9lev\u00e9.<\/p>\n<h2>Une assurance plus ch\u00e8re pour un diesel<\/h2>\n<p style=\"line-height: 20.8px;\">Le fait que le prix de certaines pi\u00e8ces soit sensiblement plus \u00e9lev\u00e9 sur un diesel a une r\u00e9percussion sur le co\u00fbt de l&rsquo;assurance. Exemple : la <a href=\"https:\/\/www.autojm.fr\/mandataire-voitures-neuves-renault\">Renault Clio diesel <\/a>dCi 90 pour laquelle l&rsquo;assurance est 6 % plus ch\u00e8re que son homologue \u00e0 essence la TCe 90.<\/p>\n<h2>Voiture essence ou diesel, laquelle pollue le moins<\/h2>\n<p style=\"line-height: 20.8px;\">Le diesel pollue bien plus que l&rsquo;essence\u2009! Oui et non, car encore faut-il mettre c\u00f4te \u00e0 c\u00f4te dans un comparatif essence\/diesel des \u00e9l\u00e9ments proches. Il est certain qu&rsquo;une Peugeot 306 diesel immatricul\u00e9e pour la premi\u00e8re fois en 2002 pollue bien plus que la derni\u00e8re <a href=\"https:\/\/www.autojm.fr\/achat-voitures-neuves-peugeot-nouvelle-308-2021-5p\">Peugeot 308 <\/a>\u00e0 essence. La diff\u00e9rence est par contre bien moindre entre une Peugeot 308 essence et sa d\u00e9clinaison diesel r\u00e9pondant \u00e0 la norme Euro6.<\/p>\n<h2>Un choix dict\u00e9 en priorit\u00e9 par les usages<\/h2>\n<p style=\"line-height: 20.8px;\">De tout temps, le surco\u00fbt li\u00e9 \u00e0 l&rsquo;achat d&rsquo;une voiture diesel n&rsquo;a \u00e9t\u00e9 compensable par la diff\u00e9rence de prix du carburant que sous r\u00e9serve de parcourir un minimum de 15 ou 20\u2009000 km\/an. M\u00eame si les citadines fonctionnant au gazole ont envahi les villes, 7 diesels sur 10 ne sont jamais \u00ab rentabilis\u00e9s \u00bb par leur propri\u00e9taire. Un comparatif essence\/diesel doit donc prendre en compte ses besoins r\u00e9els sans \u00eatre trop influenc\u00e9 par une tendance. En contrepartie, et m\u00eame avec un gazole plus cher, il faudra attendre encore quelques ann\u00e9es avant que les deux carburants soient sur un pied d&rsquo;\u00e9galit\u00e9. Pour un automobiliste qui parcourt plus de 15\u2009000 km\/an, le choix du diesel reste donc d&rsquo;actualit\u00e9, le surco\u00fbt d&rsquo;achat se r\u00e9cup\u00e9rant pour partie lors de la revente de la voiture. N\u00e9anmoins, le nombre de diesels devrait progressivement repasser sous la barre symbolique des 50 %, ce qui n&rsquo;est que la cons\u00e9quence d&rsquo;une certaine prise de conscience des besoins r\u00e9els des automobilistes par rapport au co\u00fbt r\u00e9el global de leur v\u00e9hicule.<\/p>\n","protected":false},"excerpt":{"rendered":"<p>Le scandale Volkswagen a redonn\u00e9 un coup de jeune \u00e0 la question du choix entre une voiture essence ou diesel. En incitant \u00e0 se m\u00e9fier des arguments aguichants de certaines motorisations diesel, cette affaire a pour avantage de ramener \u00e0 la r\u00e9alit\u00e9 ceux qui pensaient que le diesel \u00e9tait une solution miracle. Comment se d\u00e9cider pour l&rsquo;une ou pour l&rsquo;autre\u2009? De la m\u00eame mani\u00e8re que l&rsquo;on choisissait une voiture essence ou diesel avant que les pouvoirs publics promotionnent le gazole au d\u00e9but des ann\u00e9es 2000 \u00e0 coup de bonus \u00e9cologiques et autres aides fiscales.<\/p>\n","protected":false},"author":1,"featured_media":5679,"comment_status":"open","ping_status":"open","sticky":false,"template":"","format":"standard","meta":{"_acf_changed":false,"content-type":"","footnotes":""},"categories":[22],"tags":[90,85,74,105,110,109,106,108,107,73,78,169,96],"class_list":["post-3618","post","type-post","status-publish","format-standard","has-post-thumbnail","hentry","category-conseils-astuces","tag-autojm","tag-citroen-2","tag-dacia","tag-ds","tag-fiat","tag-ford","tag-kia","tag-nissan","tag-opel","tag-peugeot","tag-renault","tag-toyota","tag-volkswagen"],"acf":[],"yoast_head":"<!-- This site is optimized with the Yoast SEO plugin v27.5 - https:\/\/yoast.com\/product\/yoast-seo-wordpress\/ -->\n<title>Essence ou diesel ? Voici nos conseils - AutoJM Mag<\/title>\n<meta name=\"description\" content=\"Le scandale Volkswagen a redonn\u00e9 un coup de jeune \u00e0 la question du choix entre une voiture essence ou diesel. En incitant \u00e0 se m\u00e9fier...\" \/>\n<meta name=\"robots\" content=\"index, follow, max-snippet:-1, max-image-preview:large, max-video-preview:-1\" \/>\n<link rel=\"canonical\" href=\"https:\/\/www.autojm.fr\/blog\/essence-ou-diesel-voici-nos-conseils\/\" \/>\n<meta property=\"og:locale\" content=\"fr_FR\" \/>\n<meta property=\"og:type\" content=\"article\" \/>\n<meta property=\"og:title\" content=\"Essence ou diesel ? Voici nos conseils - AutoJM Mag\" \/>\n<meta property=\"og:description\" content=\"Le scandale Volkswagen a redonn\u00e9 un coup de jeune \u00e0 la question du choix entre une voiture essence ou diesel. En incitant \u00e0 se m\u00e9fier...\" \/>\n<meta property=\"og:url\" content=\"https:\/\/www.autojm.fr\/blog\/essence-ou-diesel-voici-nos-conseils\/\" \/>\n<meta property=\"og:site_name\" content=\"AutoJM Mag\" \/>\n<meta property=\"article:publisher\" content=\"https:\/\/www.facebook.com\/AutoJM25\" \/>\n<meta property=\"article:published_time\" content=\"2016-01-26T00:00:00+00:00\" \/>\n<meta property=\"article:modified_time\" content=\"2023-04-19T14:35:58+00:00\" \/>\n<meta property=\"og:image\" content=\"https:\/\/www.autojm.fr\/blog\/wp-content\/uploads\/2022\/10\/331.jpg\" \/>\n\t<meta property=\"og:image:width\" content=\"400\" \/>\n\t<meta property=\"og:image:height\" content=\"267\" \/>\n\t<meta property=\"og:image:type\" content=\"image\/jpeg\" \/>\n<meta name=\"author\" content=\"Autojm\" \/>\n<meta name=\"twitter:card\" content=\"summary_large_image\" \/>\n<meta name=\"twitter:label1\" content=\"\u00c9crit par\" \/>\n\t<meta name=\"twitter:data1\" content=\"Autojm\" \/>\n\t<meta name=\"twitter:label2\" content=\"Dur\u00e9e de lecture estim\u00e9e\" \/>\n\t<meta name=\"twitter:data2\" content=\"3 minutes\" \/>\n<script type=\"application\/ld+json\" class=\"yoast-schema-graph\">{\"@context\":\"https:\\\/\\\/schema.org\",\"@graph\":[{\"@type\":\"Article\",\"@id\":\"https:\\\/\\\/www.autojm.fr\\\/blog\\\/essence-ou-diesel-voici-nos-conseils\\\/#article\",\"isPartOf\":{\"@id\":\"https:\\\/\\\/www.autojm.fr\\\/blog\\\/essence-ou-diesel-voici-nos-conseils\\\/\"},\"author\":{\"name\":\"Autojm\",\"@id\":\"https:\\\/\\\/www.autojm.fr\\\/blog\\\/#\\\/schema\\\/person\\\/9742bc77541853e0de81fc57f947e1a0\"},\"headline\":\"Essence ou diesel ? Voici nos conseils\",\"datePublished\":\"2016-01-26T00:00:00+00:00\",\"dateModified\":\"2023-04-19T14:35:58+00:00\",\"mainEntityOfPage\":{\"@id\":\"https:\\\/\\\/www.autojm.fr\\\/blog\\\/essence-ou-diesel-voici-nos-conseils\\\/\"},\"wordCount\":576,\"commentCount\":0,\"publisher\":{\"@id\":\"https:\\\/\\\/www.autojm.fr\\\/blog\\\/#organization\"},\"image\":{\"@id\":\"https:\\\/\\\/www.autojm.fr\\\/blog\\\/essence-ou-diesel-voici-nos-conseils\\\/#primaryimage\"},\"thumbnailUrl\":\"https:\\\/\\\/www.autojm.fr\\\/blog\\\/wp-content\\\/uploads\\\/2022\\\/10\\\/331.jpg\",\"keywords\":[\"autojm\",\"Citro\u00ebn\",\"dacia\",\"DS\",\"Fiat\",\"Ford\",\"Kia\",\"Nissan\",\"Opel\",\"peugeot\",\"renault\",\"Toyota\",\"Volkswagen\"],\"articleSection\":[\"Conseils &amp; Astuces\"],\"inLanguage\":\"fr-FR\",\"potentialAction\":[{\"@type\":\"CommentAction\",\"name\":\"Comment\",\"target\":[\"https:\\\/\\\/www.autojm.fr\\\/blog\\\/essence-ou-diesel-voici-nos-conseils\\\/#respond\"]}]},{\"@type\":\"WebPage\",\"@id\":\"https:\\\/\\\/www.autojm.fr\\\/blog\\\/essence-ou-diesel-voici-nos-conseils\\\/\",\"url\":\"https:\\\/\\\/www.autojm.fr\\\/blog\\\/essence-ou-diesel-voici-nos-conseils\\\/\",\"name\":\"Essence ou diesel ? Voici nos conseils - AutoJM Mag\",\"isPartOf\":{\"@id\":\"https:\\\/\\\/www.autojm.fr\\\/blog\\\/#website\"},\"primaryImageOfPage\":{\"@id\":\"https:\\\/\\\/www.autojm.fr\\\/blog\\\/essence-ou-diesel-voici-nos-conseils\\\/#primaryimage\"},\"image\":{\"@id\":\"https:\\\/\\\/www.autojm.fr\\\/blog\\\/essence-ou-diesel-voici-nos-conseils\\\/#primaryimage\"},\"thumbnailUrl\":\"https:\\\/\\\/www.autojm.fr\\\/blog\\\/wp-content\\\/uploads\\\/2022\\\/10\\\/331.jpg\",\"datePublished\":\"2016-01-26T00:00:00+00:00\",\"dateModified\":\"2023-04-19T14:35:58+00:00\",\"description\":\"Le scandale Volkswagen a redonn\u00e9 un coup de jeune \u00e0 la question du choix entre une voiture essence ou diesel. En incitant \u00e0 se m\u00e9fier...\",\"breadcrumb\":{\"@id\":\"https:\\\/\\\/www.autojm.fr\\\/blog\\\/essence-ou-diesel-voici-nos-conseils\\\/#breadcrumb\"},\"inLanguage\":\"fr-FR\",\"potentialAction\":[{\"@type\":\"ReadAction\",\"target\":[\"https:\\\/\\\/www.autojm.fr\\\/blog\\\/essence-ou-diesel-voici-nos-conseils\\\/\"]}]},{\"@type\":\"ImageObject\",\"inLanguage\":\"fr-FR\",\"@id\":\"https:\\\/\\\/www.autojm.fr\\\/blog\\\/essence-ou-diesel-voici-nos-conseils\\\/#primaryimage\",\"url\":\"https:\\\/\\\/www.autojm.fr\\\/blog\\\/wp-content\\\/uploads\\\/2022\\\/10\\\/331.jpg\",\"contentUrl\":\"https:\\\/\\\/www.autojm.fr\\\/blog\\\/wp-content\\\/uploads\\\/2022\\\/10\\\/331.jpg\",\"width\":400,\"height\":267,\"caption\":\"Essence ou diesel\"},{\"@type\":\"BreadcrumbList\",\"@id\":\"https:\\\/\\\/www.autojm.fr\\\/blog\\\/essence-ou-diesel-voici-nos-conseils\\\/#breadcrumb\",\"itemListElement\":[{\"@type\":\"ListItem\",\"position\":1,\"name\":\"Accueil\",\"item\":\"https:\\\/\\\/www.autojm.fr\\\/blog\\\/\"},{\"@type\":\"ListItem\",\"position\":2,\"name\":\"Conseils &amp; Astuces\",\"item\":\"https:\\\/\\\/www.autojm.fr\\\/blog\\\/conseils-astuces\\\/\"},{\"@type\":\"ListItem\",\"position\":3,\"name\":\"Essence ou diesel ? Voici nos conseils\"}]},{\"@type\":\"WebSite\",\"@id\":\"https:\\\/\\\/www.autojm.fr\\\/blog\\\/#website\",\"url\":\"https:\\\/\\\/www.autojm.fr\\\/blog\\\/\",\"name\":\"AutoJM Mag\",\"description\":\"Toute l&#039;actu auto en 1 clic !\",\"publisher\":{\"@id\":\"https:\\\/\\\/www.autojm.fr\\\/blog\\\/#organization\"},\"potentialAction\":[{\"@type\":\"SearchAction\",\"target\":{\"@type\":\"EntryPoint\",\"urlTemplate\":\"https:\\\/\\\/www.autojm.fr\\\/blog\\\/?s={search_term_string}\"},\"query-input\":{\"@type\":\"PropertyValueSpecification\",\"valueRequired\":true,\"valueName\":\"search_term_string\"}}],\"inLanguage\":\"fr-FR\"},{\"@type\":\"Organization\",\"@id\":\"https:\\\/\\\/www.autojm.fr\\\/blog\\\/#organization\",\"name\":\"AutoJM Mag\",\"url\":\"https:\\\/\\\/www.autojm.fr\\\/blog\\\/\",\"logo\":{\"@type\":\"ImageObject\",\"inLanguage\":\"fr-FR\",\"@id\":\"https:\\\/\\\/www.autojm.fr\\\/blog\\\/#\\\/schema\\\/logo\\\/image\\\/\",\"url\":\"https:\\\/\\\/www.autojm.fr\\\/blog\\\/wp-content\\\/uploads\\\/2022\\\/12\\\/cropped-AutoJMag-png.png\",\"contentUrl\":\"https:\\\/\\\/www.autojm.fr\\\/blog\\\/wp-content\\\/uploads\\\/2022\\\/12\\\/cropped-AutoJMag-png.png\",\"width\":2834,\"height\":585,\"caption\":\"AutoJM Mag\"},\"image\":{\"@id\":\"https:\\\/\\\/www.autojm.fr\\\/blog\\\/#\\\/schema\\\/logo\\\/image\\\/\"},\"sameAs\":[\"https:\\\/\\\/www.facebook.com\\\/AutoJM25\"]},{\"@type\":\"Person\",\"@id\":\"https:\\\/\\\/www.autojm.fr\\\/blog\\\/#\\\/schema\\\/person\\\/9742bc77541853e0de81fc57f947e1a0\",\"name\":\"Autojm\",\"image\":{\"@type\":\"ImageObject\",\"inLanguage\":\"fr-FR\",\"@id\":\"https:\\\/\\\/secure.gravatar.com\\\/avatar\\\/9a959d52b758fcc232fe4b6aca7bab139182573297122cce7d6f2ee0e537b418?s=96&d=mm&r=g\",\"url\":\"https:\\\/\\\/secure.gravatar.com\\\/avatar\\\/9a959d52b758fcc232fe4b6aca7bab139182573297122cce7d6f2ee0e537b418?s=96&d=mm&r=g\",\"contentUrl\":\"https:\\\/\\\/secure.gravatar.com\\\/avatar\\\/9a959d52b758fcc232fe4b6aca7bab139182573297122cce7d6f2ee0e537b418?s=96&d=mm&r=g\",\"caption\":\"Autojm\"},\"sameAs\":[\"https:\\\/\\\/www.autojm.fr\\\/blog\"],\"url\":\"https:\\\/\\\/www.autojm.fr\\\/blog\\\/author\\\/bichoi\\\/\"}]}<\/script>\n<!-- \/ Yoast SEO plugin. -->","yoast_head_json":{"title":"Essence ou diesel ? Voici nos conseils - AutoJM Mag","description":"Le scandale Volkswagen a redonn\u00e9 un coup de jeune \u00e0 la question du choix entre une voiture essence ou diesel. En incitant \u00e0 se m\u00e9fier...","robots":{"index":"index","follow":"follow","max-snippet":"max-snippet:-1","max-image-preview":"max-image-preview:large","max-video-preview":"max-video-preview:-1"},"canonical":"https:\/\/www.autojm.fr\/blog\/essence-ou-diesel-voici-nos-conseils\/","og_locale":"fr_FR","og_type":"article","og_title":"Essence ou diesel ? Voici nos conseils - AutoJM Mag","og_description":"Le scandale Volkswagen a redonn\u00e9 un coup de jeune \u00e0 la question du choix entre une voiture essence ou diesel. En incitant \u00e0 se m\u00e9fier...","og_url":"https:\/\/www.autojm.fr\/blog\/essence-ou-diesel-voici-nos-conseils\/","og_site_name":"AutoJM Mag","article_publisher":"https:\/\/www.facebook.com\/AutoJM25","article_published_time":"2016-01-26T00:00:00+00:00","article_modified_time":"2023-04-19T14:35:58+00:00","og_image":[{"width":400,"height":267,"url":"https:\/\/www.autojm.fr\/blog\/wp-content\/uploads\/2022\/10\/331.jpg","type":"image\/jpeg"}],"author":"Autojm","twitter_card":"summary_large_image","twitter_misc":{"\u00c9crit par":"Autojm","Dur\u00e9e de lecture estim\u00e9e":"3 minutes"},"schema":{"@context":"https:\/\/schema.org","@graph":[{"@type":"Article","@id":"https:\/\/www.autojm.fr\/blog\/essence-ou-diesel-voici-nos-conseils\/#article","isPartOf":{"@id":"https:\/\/www.autojm.fr\/blog\/essence-ou-diesel-voici-nos-conseils\/"},"author":{"name":"Autojm","@id":"https:\/\/www.autojm.fr\/blog\/#\/schema\/person\/9742bc77541853e0de81fc57f947e1a0"},"headline":"Essence ou diesel ? Voici nos conseils","datePublished":"2016-01-26T00:00:00+00:00","dateModified":"2023-04-19T14:35:58+00:00","mainEntityOfPage":{"@id":"https:\/\/www.autojm.fr\/blog\/essence-ou-diesel-voici-nos-conseils\/"},"wordCount":576,"commentCount":0,"publisher":{"@id":"https:\/\/www.autojm.fr\/blog\/#organization"},"image":{"@id":"https:\/\/www.autojm.fr\/blog\/essence-ou-diesel-voici-nos-conseils\/#primaryimage"},"thumbnailUrl":"https:\/\/www.autojm.fr\/blog\/wp-content\/uploads\/2022\/10\/331.jpg","keywords":["autojm","Citro\u00ebn","dacia","DS","Fiat","Ford","Kia","Nissan","Opel","peugeot","renault","Toyota","Volkswagen"],"articleSection":["Conseils &amp; Astuces"],"inLanguage":"fr-FR","potentialAction":[{"@type":"CommentAction","name":"Comment","target":["https:\/\/www.autojm.fr\/blog\/essence-ou-diesel-voici-nos-conseils\/#respond"]}]},{"@type":"WebPage","@id":"https:\/\/www.autojm.fr\/blog\/essence-ou-diesel-voici-nos-conseils\/","url":"https:\/\/www.autojm.fr\/blog\/essence-ou-diesel-voici-nos-conseils\/","name":"Essence ou diesel ? Voici nos conseils - AutoJM Mag","isPartOf":{"@id":"https:\/\/www.autojm.fr\/blog\/#website"},"primaryImageOfPage":{"@id":"https:\/\/www.autojm.fr\/blog\/essence-ou-diesel-voici-nos-conseils\/#primaryimage"},"image":{"@id":"https:\/\/www.autojm.fr\/blog\/essence-ou-diesel-voici-nos-conseils\/#primaryimage"},"thumbnailUrl":"https:\/\/www.autojm.fr\/blog\/wp-content\/uploads\/2022\/10\/331.jpg","datePublished":"2016-01-26T00:00:00+00:00","dateModified":"2023-04-19T14:35:58+00:00","description":"Le scandale Volkswagen a redonn\u00e9 un coup de jeune \u00e0 la question du choix entre une voiture essence ou diesel. En incitant \u00e0 se m\u00e9fier...","breadcrumb":{"@id":"https:\/\/www.autojm.fr\/blog\/essence-ou-diesel-voici-nos-conseils\/#breadcrumb"},"inLanguage":"fr-FR","potentialAction":[{"@type":"ReadAction","target":["https:\/\/www.autojm.fr\/blog\/essence-ou-diesel-voici-nos-conseils\/"]}]},{"@type":"ImageObject","inLanguage":"fr-FR","@id":"https:\/\/www.autojm.fr\/blog\/essence-ou-diesel-voici-nos-conseils\/#primaryimage","url":"https:\/\/www.autojm.fr\/blog\/wp-content\/uploads\/2022\/10\/331.jpg","contentUrl":"https:\/\/www.autojm.fr\/blog\/wp-content\/uploads\/2022\/10\/331.jpg","width":400,"height":267,"caption":"Essence ou diesel"},{"@type":"BreadcrumbList","@id":"https:\/\/www.autojm.fr\/blog\/essence-ou-diesel-voici-nos-conseils\/#breadcrumb","itemListElement":[{"@type":"ListItem","position":1,"name":"Accueil","item":"https:\/\/www.autojm.fr\/blog\/"},{"@type":"ListItem","position":2,"name":"Conseils &amp; Astuces","item":"https:\/\/www.autojm.fr\/blog\/conseils-astuces\/"},{"@type":"ListItem","position":3,"name":"Essence ou diesel ? Voici nos conseils"}]},{"@type":"WebSite","@id":"https:\/\/www.autojm.fr\/blog\/#website","url":"https:\/\/www.autojm.fr\/blog\/","name":"AutoJM Mag","description":"Toute l&#039;actu auto en 1 clic !","publisher":{"@id":"https:\/\/www.autojm.fr\/blog\/#organization"},"potentialAction":[{"@type":"SearchAction","target":{"@type":"EntryPoint","urlTemplate":"https:\/\/www.autojm.fr\/blog\/?s={search_term_string}"},"query-input":{"@type":"PropertyValueSpecification","valueRequired":true,"valueName":"search_term_string"}}],"inLanguage":"fr-FR"},{"@type":"Organization","@id":"https:\/\/www.autojm.fr\/blog\/#organization","name":"AutoJM Mag","url":"https:\/\/www.autojm.fr\/blog\/","logo":{"@type":"ImageObject","inLanguage":"fr-FR","@id":"https:\/\/www.autojm.fr\/blog\/#\/schema\/logo\/image\/","url":"https:\/\/www.autojm.fr\/blog\/wp-content\/uploads\/2022\/12\/cropped-AutoJMag-png.png","contentUrl":"https:\/\/www.autojm.fr\/blog\/wp-content\/uploads\/2022\/12\/cropped-AutoJMag-png.png","width":2834,"height":585,"caption":"AutoJM Mag"},"image":{"@id":"https:\/\/www.autojm.fr\/blog\/#\/schema\/logo\/image\/"},"sameAs":["https:\/\/www.facebook.com\/AutoJM25"]},{"@type":"Person","@id":"https:\/\/www.autojm.fr\/blog\/#\/schema\/person\/9742bc77541853e0de81fc57f947e1a0","name":"Autojm","image":{"@type":"ImageObject","inLanguage":"fr-FR","@id":"https:\/\/secure.gravatar.com\/avatar\/9a959d52b758fcc232fe4b6aca7bab139182573297122cce7d6f2ee0e537b418?s=96&d=mm&r=g","url":"https:\/\/secure.gravatar.com\/avatar\/9a959d52b758fcc232fe4b6aca7bab139182573297122cce7d6f2ee0e537b418?s=96&d=mm&r=g","contentUrl":"https:\/\/secure.gravatar.com\/avatar\/9a959d52b758fcc232fe4b6aca7bab139182573297122cce7d6f2ee0e537b418?s=96&d=mm&r=g","caption":"Autojm"},"sameAs":["https:\/\/www.autojm.fr\/blog"],"url":"https:\/\/www.autojm.fr\/blog\/author\/bichoi\/"}]}},"_links":{"self":[{"href":"https:\/\/www.autojm.fr\/blog\/wp-json\/wp\/v2\/posts\/3618","targetHints":{"allow":["GET"]}}],"collection":[{"href":"https:\/\/www.autojm.fr\/blog\/wp-json\/wp\/v2\/posts"}],"about":[{"href":"https:\/\/www.autojm.fr\/blog\/wp-json\/wp\/v2\/types\/post"}],"author":[{"embeddable":true,"href":"https:\/\/www.autojm.fr\/blog\/wp-json\/wp\/v2\/users\/1"}],"replies":[{"embeddable":true,"href":"https:\/\/www.autojm.fr\/blog\/wp-json\/wp\/v2\/comments?post=3618"}],"version-history":[{"count":4,"href":"https:\/\/www.autojm.fr\/blog\/wp-json\/wp\/v2\/posts\/3618\/revisions"}],"predecessor-version":[{"id":9647,"href":"https:\/\/www.autojm.fr\/blog\/wp-json\/wp\/v2\/posts\/3618\/revisions\/9647"}],"wp:featuredmedia":[{"embeddable":true,"href":"https:\/\/www.autojm.fr\/blog\/wp-json\/wp\/v2\/media\/5679"}],"wp:attachment":[{"href":"https:\/\/www.autojm.fr\/blog\/wp-json\/wp\/v2\/media?parent=3618"}],"wp:term":[{"taxonomy":"category","embeddable":true,"href":"https:\/\/www.autojm.fr\/blog\/wp-json\/wp\/v2\/categories?post=3618"},{"taxonomy":"post_tag","embeddable":true,"href":"https:\/\/www.autojm.fr\/blog\/wp-json\/wp\/v2\/tags?post=3618"}],"curies":[{"name":"wp","href":"https:\/\/api.w.org\/{rel}","templated":true}]}}