{"id":3613,"date":"2015-09-29T00:00:00","date_gmt":"2015-09-29T00:00:00","guid":{"rendered":"https:\/\/www.autojm.fr\/blog\/renault-megane-4-presentation-prix-motorisation-design\/"},"modified":"2023-04-18T13:47:54","modified_gmt":"2023-04-18T13:47:54","slug":"renault-megane-4-presentation-prix-motorisation-design","status":"publish","type":"post","link":"https:\/\/www.autojm.fr\/blog\/renault-megane-4-presentation-prix-motorisation-design\/","title":{"rendered":"Renault Megane 4 : pr\u00e9sentation, prix, motorisation, design"},"content":{"rendered":"<p>Mod\u00e8le phare du salon de Francfort 2015, d\u00e9couvrez toutes les caract\u00e9ristiques de la Renault Megane 4 : motorisation, technologie, design\u2026<\/p>\n<h2>Renault M\u00e9gane 4 : Star fran\u00e7aise du Salon de Francfort<\/h2>\n<p style=\"text-align: justify;\">C&rsquo;est officiel : la Nouvelle <a href=\"https:\/\/www.autojm.fr\/mandataire-voitures-neuves-renault\">Renault<\/a> M\u00e9gane 2016 a \u00e9t\u00e9 pr\u00e9sent\u00e9e ce mois de septembre au Salon de Francfort. Et le moins que l&rsquo;on puisse dire c&rsquo;est qu&rsquo;elle n&rsquo;a laiss\u00e9 personne indiff\u00e9rent. De nombreux clich\u00e9s avaient fuit\u00e9 avant l&rsquo;\u00e9v\u00e8nement, laissant apercevoir une silhouette semblant se rapprocher de la Clio. Mais apr\u00e8s avoir \u00e9t\u00e9 expos\u00e9e pour la premi\u00e8re fois au public, il n&rsquo;y a plus de doute possible : le Renault M\u00e9gane 4 devrait plaire au plus grand nombre et s&rsquo;annonce comme une concurrente de taille pour le Peugeot 308. Si son arriv\u00e9e dans les concessions est pr\u00e9vue pour Mars 2016, son prix fait encore l&rsquo;objet de nombreuses rumeurs : on parle pour l&rsquo;instant d&rsquo;un prix de base de 21 000\u20ac. Motorisation hybride, TCe ou dCi, 4Control et R-Link 2\u2026 petit tour d&rsquo;horizon de ce que cette Nouvelle <strong>Renault M\u00e9gane 2016<\/strong> a \u00e0 nous offrir.<\/p>\n<h2>Une motorisation exhaustive pour la Renault M\u00e9gane 2016<\/h2>\n<p style=\"text-align: justify;\">Si une motorisation hybride est annonc\u00e9e pour 2017, les premiers mod\u00e8les de la gamme seront disponibles en diesel ou essence. Les motorisations essence, Energy TCe 100 et TCe 130, sont accompagn\u00e9es d&rsquo;une boite automatique EDC 7 \u00e0 double embrayage. Du c\u00f4t\u00e9 diesel, on retrouve les Energy dCi 90, dCi 110 (labellis\u00e9 ECO 2 avec 3,3l\/100km) et dCi 130. La version hybride est elle annonc\u00e9e pour d\u00e9but 2017 : l&rsquo; \u00ab Hybrid Assist \u00bb est un bloc 1.5 dCi associ\u00e9 \u00e0 un moteur \u00e9lectrique 10kW visant les 3l\/100km et 76g CO2\/km.<\/p>\n<p style=\"text-align: justify;\">Le Renault M\u00e9gane 4 propose cinq modes de conduite : Eco, Normal, Confort, Sport, Personnalis\u00e9. La <a href=\"https:\/\/www.autojm.fr\/mandataire-voitures-neuves-renault\">M\u00e9gane 4 <\/a>GT, disponible d\u00e8s le lancement, sera propos\u00e9e avec une motorisation essence de 205ch, suivie au courant de l&rsquo;ann\u00e9e 2016 par une version diesel 165ch afin de concurrencer la Golf GTD. Un mod\u00e8le qui promet un tr\u00e8s bon confort de conduite, notamment gr\u00e2ce \u00e0 la pr\u00e9sence de la technologie 4Control coupl\u00e9e au MultiSens pour plus de polyvalence. Et selon les rumeurs entendues sur le Salon de Francfort, une M\u00e9gane 4 RS serait attendue pour 2017 et pourrait franchir la barre des 300ch.<\/p>\n<table>\n<tbody>\n<tr>\n<td>\n<p style=\"text-align: justify;\"><img decoding=\"async\" style=\"width: 250px;\" src=\"http:\/\/www.largus.fr\/images\/images\/2016-renault-megane-4-03.jpg\" alt=\"nouvelle renault megane 2016\" \/><\/p>\n<p>Nouvelle Megane 4<\/td>\n<\/tr>\n<\/tbody>\n<\/table>\n<h2>Renault M\u00e9gane 4 : un design qui monte en gamme<\/h2>\n<p style=\"text-align: justify;\">Par rapport \u00e0 la <strong>Renault M\u00e9gane 3 <\/strong>qui avait connu deux restylages depuis 2008, la nouvelle M\u00e9gane 2016 op\u00e8re une v\u00e9ritable mont\u00e9e en gamme en termes de design. Laurens van den Acker semble s&rsquo;\u00eatre inspir\u00e9 de la Talisman tout en donnant \u00e0 la nouvelle M\u00e9gane une identit\u00e9 propre est bien d\u00e9finie. Plus basse que sa pr\u00e9d\u00e9cesseur (-2,5cm), elle offre des voies plus larges \u00e0 l&rsquo;avant et un porte-\u00e0-faux arri\u00e8re r\u00e9duit. La signature lumineuse offre \u00e9norm\u00e9ment de cachet \u00e0 la voiture : \u00e0 l&rsquo;arri\u00e8re notamment, elle reprend les feux de la Talisman convergeant vers le losange central, et se dote d&rsquo;une barre de feux full LED. Les lignes en g\u00e9n\u00e9rale sont travaill\u00e9es, rac\u00e9es, donnant au v\u00e9hicule une allure presque break \u00e0 l&rsquo;ensemble. La qualit\u00e9 per\u00e7ue est d\u00e9finitivement en hausse.<\/p>\n<h2>La Renault M\u00e9gane 4 renoue avec la technologie<\/h2>\n<p style=\"text-align: justify;\">Selon Delphine de Andria, le choix de la plateforme CMF d\u00e9j\u00e0 pr\u00e9sente sur la <a href=\"https:\/\/www.autojm.fr\/mandataire-voitures-neuves-renault\">Kadjar<\/a> ou la Talisman, outre l&rsquo;aspect financier int\u00e9ressant, permet le partage d&rsquo;un grand nombre de contenus entre les mod\u00e8les et donc la d\u00e9mocratisation des technologies haut de gamme. Pour sa 4\u00e8me g\u00e9n\u00e9ration de M\u00e9gane, Renault a donc fait le choix d&rsquo;apporter au segment D, un niveau de technologie d\u00e9j\u00e0 vu sur la Talisman par exemple. Le point central de cet \u00e9quipement est un \u00e9cran tactile de 8.9\u00a0\u00bb dispos\u00e9 \u00e0 la verticale pour une manipulation plus ais\u00e9e. Le syst\u00e8me R-Link2 du v\u00e9hicule permet d&rsquo;une part de piloter l&rsquo;ensemble des fonctions multim\u00e9dia (mp3, vid\u00e9o\u2026) et offre d&rsquo;autre part des fonctionnalit\u00e9s d&rsquo;aide \u00e0 la conduite.<\/p>\n<p style=\"text-align: justify;\">Parmi celles-ci un r\u00e9gulateur de vitesse adaptatif qui maintien \u00e0 distance de s\u00e9curit\u00e9, une aide au maintien dans la file avec alertes sonores ou encore une cam\u00e9ra qui lit les panneaux pour afficher les limitations de vitesse. Le tableau de bord num\u00e9rique se dote \u00e9galement de diff\u00e9rents affichages pour s&rsquo;adapter selon l&rsquo;ambiance ou le mode de conduite d\u00e9sir\u00e9. <a href=\"https:\/\/www.autojm.fr\/mandataire-voitures-neuves-renault\"><strong>La Renault M\u00e9gane <\/strong><\/a>est \u00e9galement \u00e9quip\u00e9e d&rsquo;un affichage t\u00eate haute ainsi que de capteurs dans le pare-chocs. Ces derniers servent au stationnement semi-automatique ainsi qu&rsquo;\u00e0 la captation d&rsquo;obstacles dans l&rsquo;angle mort.<\/p>\n","protected":false},"excerpt":{"rendered":"<p>C&rsquo;est officiel : la Nouvelle Renault M\u00e9gane 2016 a \u00e9t\u00e9 pr\u00e9sent\u00e9e ce mois de septembre au Salon de Francfort. Et le moins que l&rsquo;on puisse dire c&rsquo;est qu&rsquo;elle n&rsquo;a laiss\u00e9 personne indiff\u00e9rent. De nombreux clich\u00e9s avaient fuit\u00e9 avant l&rsquo;\u00e9v\u00e8nement, laissant apercevoir une silhouette semblant se rapprocher de la Clio.<\/p>\n","protected":false},"author":1,"featured_media":5674,"comment_status":"open","ping_status":"open","sticky":false,"template":"","format":"standard","meta":{"_acf_changed":false,"content-type":"","footnotes":""},"categories":[62,61],"tags":[90,78,216],"class_list":["post-3613","post","type-post","status-publish","format-standard","has-post-thumbnail","hentry","category-nouveaute-renault","category-nouveautes-autos","tag-autojm","tag-renault","tag-renault-megane-4"],"acf":[],"yoast_head":"<!-- This site is optimized with the Yoast SEO plugin v27.5 - https:\/\/yoast.com\/product\/yoast-seo-wordpress\/ -->\n<title>Renault Megane 4 : pr\u00e9sentation, prix, motorisation, design<\/title>\n<meta name=\"description\" content=\"C&#039;est officiel : la Nouvelle Renault M\u00e9gane 2016 a \u00e9t\u00e9 pr\u00e9sent\u00e9e ce mois de septembre au Salon de Francfort. Et le moins que l&#039;on puisse...\" \/>\n<meta name=\"robots\" content=\"index, follow, max-snippet:-1, max-image-preview:large, max-video-preview:-1\" \/>\n<link rel=\"canonical\" href=\"https:\/\/www.autojm.fr\/blog\/renault-megane-4-presentation-prix-motorisation-design\/\" \/>\n<meta property=\"og:locale\" content=\"fr_FR\" \/>\n<meta property=\"og:type\" content=\"article\" \/>\n<meta property=\"og:title\" content=\"Renault Megane 4 : pr\u00e9sentation, prix, motorisation, design\" \/>\n<meta property=\"og:description\" content=\"C&#039;est officiel : la Nouvelle Renault M\u00e9gane 2016 a \u00e9t\u00e9 pr\u00e9sent\u00e9e ce mois de septembre au Salon de Francfort. Et le moins que l&#039;on puisse...\" \/>\n<meta property=\"og:url\" content=\"https:\/\/www.autojm.fr\/blog\/renault-megane-4-presentation-prix-motorisation-design\/\" \/>\n<meta property=\"og:site_name\" content=\"AutoJM Mag\" \/>\n<meta property=\"article:publisher\" content=\"https:\/\/www.facebook.com\/AutoJM25\" \/>\n<meta property=\"article:published_time\" content=\"2015-09-29T00:00:00+00:00\" \/>\n<meta property=\"article:modified_time\" content=\"2023-04-18T13:47:54+00:00\" \/>\n<meta property=\"og:image\" content=\"https:\/\/www.autojm.fr\/blog\/wp-content\/uploads\/2022\/10\/326.jpg\" \/>\n\t<meta property=\"og:image:width\" content=\"460\" \/>\n\t<meta property=\"og:image:height\" content=\"301\" \/>\n\t<meta property=\"og:image:type\" content=\"image\/jpeg\" \/>\n<meta name=\"author\" content=\"Autojm\" \/>\n<meta name=\"twitter:card\" content=\"summary_large_image\" \/>\n<meta name=\"twitter:label1\" content=\"\u00c9crit par\" \/>\n\t<meta name=\"twitter:data1\" content=\"Autojm\" \/>\n\t<meta name=\"twitter:label2\" content=\"Dur\u00e9e de lecture estim\u00e9e\" \/>\n\t<meta name=\"twitter:data2\" content=\"4 minutes\" \/>\n<script type=\"application\/ld+json\" class=\"yoast-schema-graph\">{\"@context\":\"https:\\\/\\\/schema.org\",\"@graph\":[{\"@type\":\"Article\",\"@id\":\"https:\\\/\\\/www.autojm.fr\\\/blog\\\/renault-megane-4-presentation-prix-motorisation-design\\\/#article\",\"isPartOf\":{\"@id\":\"https:\\\/\\\/www.autojm.fr\\\/blog\\\/renault-megane-4-presentation-prix-motorisation-design\\\/\"},\"author\":{\"name\":\"Autojm\",\"@id\":\"https:\\\/\\\/www.autojm.fr\\\/blog\\\/#\\\/schema\\\/person\\\/9742bc77541853e0de81fc57f947e1a0\"},\"headline\":\"Renault Megane 4 : pr\u00e9sentation, prix, motorisation, design\",\"datePublished\":\"2015-09-29T00:00:00+00:00\",\"dateModified\":\"2023-04-18T13:47:54+00:00\",\"mainEntityOfPage\":{\"@id\":\"https:\\\/\\\/www.autojm.fr\\\/blog\\\/renault-megane-4-presentation-prix-motorisation-design\\\/\"},\"wordCount\":764,\"commentCount\":0,\"publisher\":{\"@id\":\"https:\\\/\\\/www.autojm.fr\\\/blog\\\/#organization\"},\"image\":{\"@id\":\"https:\\\/\\\/www.autojm.fr\\\/blog\\\/renault-megane-4-presentation-prix-motorisation-design\\\/#primaryimage\"},\"thumbnailUrl\":\"https:\\\/\\\/www.autojm.fr\\\/blog\\\/wp-content\\\/uploads\\\/2022\\\/10\\\/326.jpg\",\"keywords\":[\"autojm\",\"renault\",\"Renault Megane 4\"],\"articleSection\":[\"Nouveaut\u00e9 Renault\",\"Nouveaut\u00e9s Autos\"],\"inLanguage\":\"fr-FR\",\"potentialAction\":[{\"@type\":\"CommentAction\",\"name\":\"Comment\",\"target\":[\"https:\\\/\\\/www.autojm.fr\\\/blog\\\/renault-megane-4-presentation-prix-motorisation-design\\\/#respond\"]}]},{\"@type\":\"WebPage\",\"@id\":\"https:\\\/\\\/www.autojm.fr\\\/blog\\\/renault-megane-4-presentation-prix-motorisation-design\\\/\",\"url\":\"https:\\\/\\\/www.autojm.fr\\\/blog\\\/renault-megane-4-presentation-prix-motorisation-design\\\/\",\"name\":\"Renault Megane 4 : pr\u00e9sentation, prix, motorisation, design\",\"isPartOf\":{\"@id\":\"https:\\\/\\\/www.autojm.fr\\\/blog\\\/#website\"},\"primaryImageOfPage\":{\"@id\":\"https:\\\/\\\/www.autojm.fr\\\/blog\\\/renault-megane-4-presentation-prix-motorisation-design\\\/#primaryimage\"},\"image\":{\"@id\":\"https:\\\/\\\/www.autojm.fr\\\/blog\\\/renault-megane-4-presentation-prix-motorisation-design\\\/#primaryimage\"},\"thumbnailUrl\":\"https:\\\/\\\/www.autojm.fr\\\/blog\\\/wp-content\\\/uploads\\\/2022\\\/10\\\/326.jpg\",\"datePublished\":\"2015-09-29T00:00:00+00:00\",\"dateModified\":\"2023-04-18T13:47:54+00:00\",\"description\":\"C'est officiel : la Nouvelle Renault M\u00e9gane 2016 a \u00e9t\u00e9 pr\u00e9sent\u00e9e ce mois de septembre au Salon de Francfort. Et le moins que l'on puisse...\",\"breadcrumb\":{\"@id\":\"https:\\\/\\\/www.autojm.fr\\\/blog\\\/renault-megane-4-presentation-prix-motorisation-design\\\/#breadcrumb\"},\"inLanguage\":\"fr-FR\",\"potentialAction\":[{\"@type\":\"ReadAction\",\"target\":[\"https:\\\/\\\/www.autojm.fr\\\/blog\\\/renault-megane-4-presentation-prix-motorisation-design\\\/\"]}]},{\"@type\":\"ImageObject\",\"inLanguage\":\"fr-FR\",\"@id\":\"https:\\\/\\\/www.autojm.fr\\\/blog\\\/renault-megane-4-presentation-prix-motorisation-design\\\/#primaryimage\",\"url\":\"https:\\\/\\\/www.autojm.fr\\\/blog\\\/wp-content\\\/uploads\\\/2022\\\/10\\\/326.jpg\",\"contentUrl\":\"https:\\\/\\\/www.autojm.fr\\\/blog\\\/wp-content\\\/uploads\\\/2022\\\/10\\\/326.jpg\",\"width\":460,\"height\":301,\"caption\":\"Renault Megane 4\"},{\"@type\":\"BreadcrumbList\",\"@id\":\"https:\\\/\\\/www.autojm.fr\\\/blog\\\/renault-megane-4-presentation-prix-motorisation-design\\\/#breadcrumb\",\"itemListElement\":[{\"@type\":\"ListItem\",\"position\":1,\"name\":\"Accueil\",\"item\":\"https:\\\/\\\/www.autojm.fr\\\/blog\\\/\"},{\"@type\":\"ListItem\",\"position\":2,\"name\":\"Nouveaut\u00e9s Autos\",\"item\":\"https:\\\/\\\/www.autojm.fr\\\/blog\\\/nouveautes-autos\\\/\"},{\"@type\":\"ListItem\",\"position\":3,\"name\":\"Renault Megane 4 : pr\u00e9sentation, prix, motorisation, design\"}]},{\"@type\":\"WebSite\",\"@id\":\"https:\\\/\\\/www.autojm.fr\\\/blog\\\/#website\",\"url\":\"https:\\\/\\\/www.autojm.fr\\\/blog\\\/\",\"name\":\"AutoJM Mag\",\"description\":\"Toute l&#039;actu auto en 1 clic !\",\"publisher\":{\"@id\":\"https:\\\/\\\/www.autojm.fr\\\/blog\\\/#organization\"},\"potentialAction\":[{\"@type\":\"SearchAction\",\"target\":{\"@type\":\"EntryPoint\",\"urlTemplate\":\"https:\\\/\\\/www.autojm.fr\\\/blog\\\/?s={search_term_string}\"},\"query-input\":{\"@type\":\"PropertyValueSpecification\",\"valueRequired\":true,\"valueName\":\"search_term_string\"}}],\"inLanguage\":\"fr-FR\"},{\"@type\":\"Organization\",\"@id\":\"https:\\\/\\\/www.autojm.fr\\\/blog\\\/#organization\",\"name\":\"AutoJM Mag\",\"url\":\"https:\\\/\\\/www.autojm.fr\\\/blog\\\/\",\"logo\":{\"@type\":\"ImageObject\",\"inLanguage\":\"fr-FR\",\"@id\":\"https:\\\/\\\/www.autojm.fr\\\/blog\\\/#\\\/schema\\\/logo\\\/image\\\/\",\"url\":\"https:\\\/\\\/www.autojm.fr\\\/blog\\\/wp-content\\\/uploads\\\/2022\\\/12\\\/cropped-AutoJMag-png.png\",\"contentUrl\":\"https:\\\/\\\/www.autojm.fr\\\/blog\\\/wp-content\\\/uploads\\\/2022\\\/12\\\/cropped-AutoJMag-png.png\",\"width\":2834,\"height\":585,\"caption\":\"AutoJM Mag\"},\"image\":{\"@id\":\"https:\\\/\\\/www.autojm.fr\\\/blog\\\/#\\\/schema\\\/logo\\\/image\\\/\"},\"sameAs\":[\"https:\\\/\\\/www.facebook.com\\\/AutoJM25\"]},{\"@type\":\"Person\",\"@id\":\"https:\\\/\\\/www.autojm.fr\\\/blog\\\/#\\\/schema\\\/person\\\/9742bc77541853e0de81fc57f947e1a0\",\"name\":\"Autojm\",\"image\":{\"@type\":\"ImageObject\",\"inLanguage\":\"fr-FR\",\"@id\":\"https:\\\/\\\/secure.gravatar.com\\\/avatar\\\/9a959d52b758fcc232fe4b6aca7bab139182573297122cce7d6f2ee0e537b418?s=96&d=mm&r=g\",\"url\":\"https:\\\/\\\/secure.gravatar.com\\\/avatar\\\/9a959d52b758fcc232fe4b6aca7bab139182573297122cce7d6f2ee0e537b418?s=96&d=mm&r=g\",\"contentUrl\":\"https:\\\/\\\/secure.gravatar.com\\\/avatar\\\/9a959d52b758fcc232fe4b6aca7bab139182573297122cce7d6f2ee0e537b418?s=96&d=mm&r=g\",\"caption\":\"Autojm\"},\"sameAs\":[\"https:\\\/\\\/www.autojm.fr\\\/blog\"],\"url\":\"https:\\\/\\\/www.autojm.fr\\\/blog\\\/author\\\/bichoi\\\/\"}]}<\/script>\n<!-- \/ Yoast SEO plugin. -->","yoast_head_json":{"title":"Renault Megane 4 : pr\u00e9sentation, prix, motorisation, design","description":"C'est officiel : la Nouvelle Renault M\u00e9gane 2016 a \u00e9t\u00e9 pr\u00e9sent\u00e9e ce mois de septembre au Salon de Francfort. Et le moins que l'on puisse...","robots":{"index":"index","follow":"follow","max-snippet":"max-snippet:-1","max-image-preview":"max-image-preview:large","max-video-preview":"max-video-preview:-1"},"canonical":"https:\/\/www.autojm.fr\/blog\/renault-megane-4-presentation-prix-motorisation-design\/","og_locale":"fr_FR","og_type":"article","og_title":"Renault Megane 4 : pr\u00e9sentation, prix, motorisation, design","og_description":"C'est officiel : la Nouvelle Renault M\u00e9gane 2016 a \u00e9t\u00e9 pr\u00e9sent\u00e9e ce mois de septembre au Salon de Francfort. Et le moins que l'on puisse...","og_url":"https:\/\/www.autojm.fr\/blog\/renault-megane-4-presentation-prix-motorisation-design\/","og_site_name":"AutoJM Mag","article_publisher":"https:\/\/www.facebook.com\/AutoJM25","article_published_time":"2015-09-29T00:00:00+00:00","article_modified_time":"2023-04-18T13:47:54+00:00","og_image":[{"width":460,"height":301,"url":"https:\/\/www.autojm.fr\/blog\/wp-content\/uploads\/2022\/10\/326.jpg","type":"image\/jpeg"}],"author":"Autojm","twitter_card":"summary_large_image","twitter_misc":{"\u00c9crit par":"Autojm","Dur\u00e9e de lecture estim\u00e9e":"4 minutes"},"schema":{"@context":"https:\/\/schema.org","@graph":[{"@type":"Article","@id":"https:\/\/www.autojm.fr\/blog\/renault-megane-4-presentation-prix-motorisation-design\/#article","isPartOf":{"@id":"https:\/\/www.autojm.fr\/blog\/renault-megane-4-presentation-prix-motorisation-design\/"},"author":{"name":"Autojm","@id":"https:\/\/www.autojm.fr\/blog\/#\/schema\/person\/9742bc77541853e0de81fc57f947e1a0"},"headline":"Renault Megane 4 : pr\u00e9sentation, prix, motorisation, design","datePublished":"2015-09-29T00:00:00+00:00","dateModified":"2023-04-18T13:47:54+00:00","mainEntityOfPage":{"@id":"https:\/\/www.autojm.fr\/blog\/renault-megane-4-presentation-prix-motorisation-design\/"},"wordCount":764,"commentCount":0,"publisher":{"@id":"https:\/\/www.autojm.fr\/blog\/#organization"},"image":{"@id":"https:\/\/www.autojm.fr\/blog\/renault-megane-4-presentation-prix-motorisation-design\/#primaryimage"},"thumbnailUrl":"https:\/\/www.autojm.fr\/blog\/wp-content\/uploads\/2022\/10\/326.jpg","keywords":["autojm","renault","Renault Megane 4"],"articleSection":["Nouveaut\u00e9 Renault","Nouveaut\u00e9s Autos"],"inLanguage":"fr-FR","potentialAction":[{"@type":"CommentAction","name":"Comment","target":["https:\/\/www.autojm.fr\/blog\/renault-megane-4-presentation-prix-motorisation-design\/#respond"]}]},{"@type":"WebPage","@id":"https:\/\/www.autojm.fr\/blog\/renault-megane-4-presentation-prix-motorisation-design\/","url":"https:\/\/www.autojm.fr\/blog\/renault-megane-4-presentation-prix-motorisation-design\/","name":"Renault Megane 4 : pr\u00e9sentation, prix, motorisation, design","isPartOf":{"@id":"https:\/\/www.autojm.fr\/blog\/#website"},"primaryImageOfPage":{"@id":"https:\/\/www.autojm.fr\/blog\/renault-megane-4-presentation-prix-motorisation-design\/#primaryimage"},"image":{"@id":"https:\/\/www.autojm.fr\/blog\/renault-megane-4-presentation-prix-motorisation-design\/#primaryimage"},"thumbnailUrl":"https:\/\/www.autojm.fr\/blog\/wp-content\/uploads\/2022\/10\/326.jpg","datePublished":"2015-09-29T00:00:00+00:00","dateModified":"2023-04-18T13:47:54+00:00","description":"C'est officiel : la Nouvelle Renault M\u00e9gane 2016 a \u00e9t\u00e9 pr\u00e9sent\u00e9e ce mois de septembre au Salon de Francfort. Et le moins que l'on puisse...","breadcrumb":{"@id":"https:\/\/www.autojm.fr\/blog\/renault-megane-4-presentation-prix-motorisation-design\/#breadcrumb"},"inLanguage":"fr-FR","potentialAction":[{"@type":"ReadAction","target":["https:\/\/www.autojm.fr\/blog\/renault-megane-4-presentation-prix-motorisation-design\/"]}]},{"@type":"ImageObject","inLanguage":"fr-FR","@id":"https:\/\/www.autojm.fr\/blog\/renault-megane-4-presentation-prix-motorisation-design\/#primaryimage","url":"https:\/\/www.autojm.fr\/blog\/wp-content\/uploads\/2022\/10\/326.jpg","contentUrl":"https:\/\/www.autojm.fr\/blog\/wp-content\/uploads\/2022\/10\/326.jpg","width":460,"height":301,"caption":"Renault Megane 4"},{"@type":"BreadcrumbList","@id":"https:\/\/www.autojm.fr\/blog\/renault-megane-4-presentation-prix-motorisation-design\/#breadcrumb","itemListElement":[{"@type":"ListItem","position":1,"name":"Accueil","item":"https:\/\/www.autojm.fr\/blog\/"},{"@type":"ListItem","position":2,"name":"Nouveaut\u00e9s Autos","item":"https:\/\/www.autojm.fr\/blog\/nouveautes-autos\/"},{"@type":"ListItem","position":3,"name":"Renault Megane 4 : pr\u00e9sentation, prix, motorisation, design"}]},{"@type":"WebSite","@id":"https:\/\/www.autojm.fr\/blog\/#website","url":"https:\/\/www.autojm.fr\/blog\/","name":"AutoJM Mag","description":"Toute l&#039;actu auto en 1 clic !","publisher":{"@id":"https:\/\/www.autojm.fr\/blog\/#organization"},"potentialAction":[{"@type":"SearchAction","target":{"@type":"EntryPoint","urlTemplate":"https:\/\/www.autojm.fr\/blog\/?s={search_term_string}"},"query-input":{"@type":"PropertyValueSpecification","valueRequired":true,"valueName":"search_term_string"}}],"inLanguage":"fr-FR"},{"@type":"Organization","@id":"https:\/\/www.autojm.fr\/blog\/#organization","name":"AutoJM Mag","url":"https:\/\/www.autojm.fr\/blog\/","logo":{"@type":"ImageObject","inLanguage":"fr-FR","@id":"https:\/\/www.autojm.fr\/blog\/#\/schema\/logo\/image\/","url":"https:\/\/www.autojm.fr\/blog\/wp-content\/uploads\/2022\/12\/cropped-AutoJMag-png.png","contentUrl":"https:\/\/www.autojm.fr\/blog\/wp-content\/uploads\/2022\/12\/cropped-AutoJMag-png.png","width":2834,"height":585,"caption":"AutoJM Mag"},"image":{"@id":"https:\/\/www.autojm.fr\/blog\/#\/schema\/logo\/image\/"},"sameAs":["https:\/\/www.facebook.com\/AutoJM25"]},{"@type":"Person","@id":"https:\/\/www.autojm.fr\/blog\/#\/schema\/person\/9742bc77541853e0de81fc57f947e1a0","name":"Autojm","image":{"@type":"ImageObject","inLanguage":"fr-FR","@id":"https:\/\/secure.gravatar.com\/avatar\/9a959d52b758fcc232fe4b6aca7bab139182573297122cce7d6f2ee0e537b418?s=96&d=mm&r=g","url":"https:\/\/secure.gravatar.com\/avatar\/9a959d52b758fcc232fe4b6aca7bab139182573297122cce7d6f2ee0e537b418?s=96&d=mm&r=g","contentUrl":"https:\/\/secure.gravatar.com\/avatar\/9a959d52b758fcc232fe4b6aca7bab139182573297122cce7d6f2ee0e537b418?s=96&d=mm&r=g","caption":"Autojm"},"sameAs":["https:\/\/www.autojm.fr\/blog"],"url":"https:\/\/www.autojm.fr\/blog\/author\/bichoi\/"}]}},"_links":{"self":[{"href":"https:\/\/www.autojm.fr\/blog\/wp-json\/wp\/v2\/posts\/3613","targetHints":{"allow":["GET"]}}],"collection":[{"href":"https:\/\/www.autojm.fr\/blog\/wp-json\/wp\/v2\/posts"}],"about":[{"href":"https:\/\/www.autojm.fr\/blog\/wp-json\/wp\/v2\/types\/post"}],"author":[{"embeddable":true,"href":"https:\/\/www.autojm.fr\/blog\/wp-json\/wp\/v2\/users\/1"}],"replies":[{"embeddable":true,"href":"https:\/\/www.autojm.fr\/blog\/wp-json\/wp\/v2\/comments?post=3613"}],"version-history":[{"count":5,"href":"https:\/\/www.autojm.fr\/blog\/wp-json\/wp\/v2\/posts\/3613\/revisions"}],"predecessor-version":[{"id":9385,"href":"https:\/\/www.autojm.fr\/blog\/wp-json\/wp\/v2\/posts\/3613\/revisions\/9385"}],"wp:featuredmedia":[{"embeddable":true,"href":"https:\/\/www.autojm.fr\/blog\/wp-json\/wp\/v2\/media\/5674"}],"wp:attachment":[{"href":"https:\/\/www.autojm.fr\/blog\/wp-json\/wp\/v2\/media?parent=3613"}],"wp:term":[{"taxonomy":"category","embeddable":true,"href":"https:\/\/www.autojm.fr\/blog\/wp-json\/wp\/v2\/categories?post=3613"},{"taxonomy":"post_tag","embeddable":true,"href":"https:\/\/www.autojm.fr\/blog\/wp-json\/wp\/v2\/tags?post=3613"}],"curies":[{"name":"wp","href":"https:\/\/api.w.org\/{rel}","templated":true}]}}