{"id":3603,"date":"2015-03-12T00:00:00","date_gmt":"2015-03-12T00:00:00","guid":{"rendered":"https:\/\/www.autojm.fr\/blog\/renault-espace-5-a-la-redecouverte-du-monospace\/"},"modified":"2023-09-15T12:24:17","modified_gmt":"2023-09-15T12:24:17","slug":"renault-espace-5-a-la-redecouverte-du-monospace","status":"publish","type":"post","link":"https:\/\/www.autojm.fr\/blog\/renault-espace-5-a-la-redecouverte-du-monospace\/","title":{"rendered":"Renault Espace 5, \u00e0 la red\u00e9couverte du monospace"},"content":{"rendered":"<h2>Nouvel Renault espace 5, un monospace fort en technologie<\/h2>\n<h3><span style=\"line-height: 1.6;\">D\u00e9couvrez le nouveau Renault espace: plus performant, plus confortable et dot\u00e9 des technologies dernier cri, et prochainement disponible \u00e0 prix mandataire.<\/span><\/h3>\n<p><span style=\"line-height: 1.6;\">Lors du Salon de l&rsquo;Automobile \u00e0 Gen\u00e8ve, Renault met en avant son Nouveau Renault Espace pr\u00e9vu en commercialisation ce printemps 2015.<\/span><\/p>\n<p style=\"text-align: justify;\">On red\u00e9couvre l&rsquo;Espace sous un autre angle au Salon de Gen\u00e8ve, le nouveau monospace de Renault qui est donc plus long que l&rsquo;Espace actuel mais \u00e9galement plus l\u00e9ger de 250kg et plus bas de 7 cm que son pr\u00e9d\u00e9cesseur. Le nouvel Espace mesure en revanche 4m85, soit une taille identique \u00e0 l&rsquo;actuelle version du Grand Espace.<br \/>\nRenault ne pr\u00e9voit cependant pas de version \u00abcourte\u00bb du nouvel Espace 5 mais on pourra choisir entre 5 et 7 places.<\/p>\n<div style=\"text-align: justify;\">Bien qu&rsquo;il ait perdu du poids, cette cinqui\u00e8me g\u00e9n\u00e9ration <strong>d&rsquo;Espace<\/strong>, pourrait presque rentrer dans la cour des SUV puisqu&rsquo;il reprend la plateforme modifi\u00e9e du Nissan Qashqai et du tout dernier Kadjar. Modifi\u00e9 donc, car la plateforme Nissan a \u00e9t\u00e9 \u00e9largie pour accueillir des roues allant jusqu&rsquo;\u00e0 20 pouces. Enfin l&rsquo;avant est plus imposant et reprend le design des derniers mod\u00e8les Renault\u2026 Le tout Nouveau Renault Espace (Espace V) change les codes Monospace en apportant en plus un vrai design.<\/div>\n<div>\n<div style=\"text-align: justify;\">La preuve en est, dans son communiqu\u00e9 de presse, le constructeur annonce que l&rsquo;Espace V \u00aba b\u00e9n\u00e9fici\u00e9 d&rsquo;une attention dans les moindres d\u00e9tails en termes de conception et de fabrication\u00bb. La qualit\u00e9 devrait donc en plus \u00eatre au rendez-vous.<\/div>\n<div style=\"text-align: justify;\"><\/div>\n<div style=\"text-align: justify;\"><strong>Un int\u00e9rieur nouveau et innovant (ou novateur) en succombant aux nouvelles technologies<\/strong><\/div>\n<div style=\"text-align: justify;\">La modernit\u00e9 est omnipr\u00e9sente sur la console avant: Le tableau de bord est dot\u00e9 d&rsquo;un grand \u00e9cran tactile (9 pouces). On y retrouve toutes les fonctionnalit\u00e9s multim\u00e9dia et celle propres au fonctionnement de la voiture comme par exemple le mode de conduite sport, \u00e9co, neutre, les fonctions de radar, etc&#8230;<\/div>\n<div style=\"text-align: justify;\">Le compteur est d\u00e9sormais \u00e9quip\u00e9 de la technologie TFT. Il est \u00e0 ce titre personnalisable suivant votre humeur et vos envies comme le changement de couleur et pr\u00e9sentation du compteur kilom\u00e9trique.<\/div>\n<div>\n<p style=\"line-height: 15.6pt; text-align: justify;\">Sur la partie flottante de la console, on retrouve une boite de vitesses automatique assez importante. Inspir\u00e9e de l&rsquo;a\u00e9ronautique, elle comporte une innovation: le changement de vitesse se fait sans contact m\u00e9canique mais par impulsion \u00e9lectrique.<\/p>\n<div style=\"text-align: justify;\">Parmi les autres nouveaut\u00e9s technologiques, on retrouvera pour la premi\u00e8re fois dans un v\u00e9hicule <strong>Renault<\/strong>, l&rsquo;affichage t\u00eate haute, la lecture des panneaux de signalisation, le stationnement \u00absans les mains\u00bb ou encore l&rsquo;ouverture automatique du hayon, tous les feux \u00e0 LED \u2026<\/div>\n<p style=\"line-height: 15.6pt; text-align: justify;\">Enfin pour terminer sur la partie \u00abtechnologico-\u00e9lectronique\u00bb, ce Renault Espace cinqui\u00e8me g\u00e9n\u00e9ration est dot\u00e9 du syst\u00e8me de navigation<span style=\"color: #555555; font-family: 'Open Sans', serif; font-size: 11.5pt; line-height: 15.6pt;\">R-Link2, avec Gps \u00e0 vision 3D.<\/span><\/p>\n<p style=\"line-height: 15.6pt;\"><strong style=\"line-height: 1.6;\">C\u00f4t\u00e9 confort<\/strong><\/p>\n<div style=\"text-align: justify;\">Les si\u00e8ges arri\u00e8res sont non plus d\u00e9montables mais coulissables et se plient dans le plancher<br \/>\n2 si\u00e8ges suppl\u00e9mentaires dans le coffre, pour<strong> la version 7 places<\/strong>, qui s&rsquo;escamotent dans le plancher. Par contre vu leur taille r\u00e9duite, ces si\u00e8ges sont plus adapt\u00e9s \u00e0 des enfants qu&rsquo;\u00e0 des adultes.<\/div>\n<div style=\"text-align: justify;\">Ce v\u00e9hicule est un monospace, donc un v\u00e9hicule fait pour les d\u00e9placements en famille. On y retrouve donc de nombreux rangement et une boite \u00e0 gants type tiroir, d\u00e9j\u00e0 vu sur le Renault Captur.<br \/>\nDe plus, une grande modularit\u00e9 et un grand espace entre les v\u00e9hicules sont les points positifs de cet Espace 5.<\/div>\n<div><\/div>\n<div><\/div>\n<div><\/div>\n<div>\n<div><strong>La nouveaut\u00e9 au niveau si\u00e8ge: l&rsquo;option si\u00e8ges chauffants au rang 2!<\/strong><\/div>\n<div><strong>Sous le capot du nouvel Espace\u2026<\/strong><\/div>\n<div>Tout d&rsquo;abord les versions: le nouveau Renault se d\u00e9cline en 4 versions: Life, Zen, Intens et Initiale Paris.<\/div>\n<div>Pour ce qui est de la motorisation elle sera r\u00e9partie comme suit:<\/div>\n<div>\n<div>\u2013 <strong>Renault Espace 5<\/strong> LIFE diesel Energy dCi 130 BVM6<\/div>\n<div>\u2013 <strong>Renault Espace 5<\/strong> ZEN diesel Energy dCi 160 EDC6<\/div>\n<div>\u2013 <strong>Renault Espace 5<\/strong> ZEN essence Energy TCe 200 EDC7<\/div>\n<div>\u2013 <strong>Renault Espace 5<\/strong> INTENS diesel Energy dCi 160 EDC6<\/div>\n<div>\u2013 <strong>Renault Espace 5 <\/strong>INTENS essence Energy TCe 200 EDC7<\/div>\n<div>\u2013 <strong>Renault Espace 5<\/strong> INITIALE PARIS diesel Energy dCi 160<\/div>\n<div>\u2013 <strong>Renault Espace 5 <\/strong>Essence energy TCe 200 EDC7<\/div>\n<div style=\"text-align: justify;\">La nouvelle bo\u00eete EDC, \u00e0 double embrayage et \u00e0 7 rapports sera donc disponible seulement avec avec le moteur essence 1,6 TCe 200 ch.<br \/>\nEn Diesel, l&rsquo;Espace accueillera un nouveau moteur dCi 160 Twinturbo.<\/div>\n<div style=\"text-align: justify;\">Ces motorisations, homologu\u00e9s norme Euro 6 et 7, annoncent une r\u00e9duction de 20% de consommation de carburant. Un bon point pour votre porte-monnaie et pour la plan\u00e8te notamment gr\u00e2ce \u00e0 des \u00e9missions de CO2 contenues entre 119g et 140g de CO\u00b2 par km.<\/div>\n<div style=\"text-align: justify;\"><\/div>\n<div style=\"text-align: justify;\"><strong style=\"line-height: 1.6;\">Derni\u00e8re nouveaut\u00e9, les roues directrices<\/strong><\/div>\n<div>\n<div style=\"text-align: justify;\">Le Nouvel Espace sera disponible en version 4 roues directrices gr\u00e2ce \u00e0 la technologie 4Control.<br \/>\nAttention, ce n&rsquo;est pas une 4 roues-motrices mais bien \u00abdirectrices\u00bb. Les roues arri\u00e8res suivent le mouvement des roues avant.<br \/>\nInnov\u00e9 en 2008 sur la Renault Laguna GT, le ch\u00e2ssis 4control a \u00e9t\u00e9 d\u00e9velopp\u00e9 par l&rsquo;ing\u00e9nierie Renault en collaboration avec les sp\u00e9cialistes de Renault Sport Technologies \u00e0 partir de la base d\u00e9j\u00e0 tr\u00e8s aboutie des trains roulants de Renault Laguna.<br \/>\nCe syst\u00e8me de 4 roues directrices procure ainsi un plaisir intense en conduite dynamique ou sportive et garantit une maniabilit\u00e9 \u00e9tonnante \u00e0 faible vitesse.<\/div>\n<div style=\"text-align: justify;\"><\/div>\n<\/div>\n<\/div>\n<div>\n<div style=\"text-align: justify;\"><strong>Et le prix?<\/strong><\/div>\n<div style=\"text-align: justify;\">Bien que pr\u00e9sentant des prestations haut de gamme, les prix bien qu&rsquo;\u00e9lev\u00e9s restes contenus. D\u00e9butant \u00e0 34200\u20ac pour la version Life en di\u00e9sel 130CV, le prix le plus \u00e9lev\u00e9 se hisse \u00e0 44800\u20ac avec la version essence 200CV.<\/div>\n<div style=\"text-align: justify;\">Mais rassurez-vous, vous retrouverez ce nouvel Espace 5 tr\u00e8s prochainement chez votre mandataire automobile \u00e0 des prix bien plus bas !<\/div>\n<div><\/div>\n<\/div>\n<\/div>\n<\/div>\n<\/div>\n","protected":false},"excerpt":{"rendered":"<p>D\u00e9couvrez le nouveau Renault espace : plus performant, plus confortable, dot\u00e9 des technologies dernier cri et prochainement disponible \u00e0 prix mandataire.<\/p>\n","protected":false},"author":1,"featured_media":5665,"comment_status":"open","ping_status":"open","sticky":false,"template":"","format":"standard","meta":{"_acf_changed":false,"content-type":"","footnotes":""},"categories":[62,61],"tags":[90,78,218],"class_list":["post-3603","post","type-post","status-publish","format-standard","has-post-thumbnail","hentry","category-nouveaute-renault","category-nouveautes-autos","tag-autojm","tag-renault","tag-renault-espace-5"],"acf":[],"yoast_head":"<!-- This site is optimized with the Yoast SEO plugin v27.5 - https:\/\/yoast.com\/product\/yoast-seo-wordpress\/ -->\n<title>Renault Espace 5, \u00e0 la red\u00e9couverte du monospace - AutoJM Mag<\/title>\n<meta name=\"description\" content=\"D\u00e9couvrez le nouveau Renault espace : plus performant, plus confortable, dot\u00e9 des technologies dernier cri et prochainement...\" \/>\n<meta name=\"robots\" content=\"index, follow, max-snippet:-1, max-image-preview:large, max-video-preview:-1\" \/>\n<link rel=\"canonical\" href=\"https:\/\/www.autojm.fr\/blog\/renault-espace-5-a-la-redecouverte-du-monospace\/\" \/>\n<meta property=\"og:locale\" content=\"fr_FR\" \/>\n<meta property=\"og:type\" content=\"article\" \/>\n<meta property=\"og:title\" content=\"Renault Espace 5, \u00e0 la red\u00e9couverte du monospace - AutoJM Mag\" \/>\n<meta property=\"og:description\" content=\"D\u00e9couvrez le nouveau Renault espace : plus performant, plus confortable, dot\u00e9 des technologies dernier cri et prochainement...\" \/>\n<meta property=\"og:url\" content=\"https:\/\/www.autojm.fr\/blog\/renault-espace-5-a-la-redecouverte-du-monospace\/\" \/>\n<meta property=\"og:site_name\" content=\"AutoJM Mag\" \/>\n<meta property=\"article:publisher\" content=\"https:\/\/www.facebook.com\/AutoJM25\" \/>\n<meta property=\"article:published_time\" content=\"2015-03-12T00:00:00+00:00\" \/>\n<meta property=\"article:modified_time\" content=\"2023-09-15T12:24:17+00:00\" \/>\n<meta property=\"og:image\" content=\"https:\/\/www.autojm.fr\/blog\/wp-content\/uploads\/2022\/10\/316.jpg\" \/>\n\t<meta property=\"og:image:width\" content=\"640\" \/>\n\t<meta property=\"og:image:height\" content=\"426\" \/>\n\t<meta property=\"og:image:type\" content=\"image\/jpeg\" \/>\n<meta name=\"author\" content=\"Autojm\" \/>\n<meta name=\"twitter:card\" content=\"summary_large_image\" \/>\n<meta name=\"twitter:label1\" content=\"\u00c9crit par\" \/>\n\t<meta name=\"twitter:data1\" content=\"Autojm\" \/>\n\t<meta name=\"twitter:label2\" content=\"Dur\u00e9e de lecture estim\u00e9e\" \/>\n\t<meta name=\"twitter:data2\" content=\"5 minutes\" \/>\n<script type=\"application\/ld+json\" class=\"yoast-schema-graph\">{\"@context\":\"https:\\\/\\\/schema.org\",\"@graph\":[{\"@type\":\"Article\",\"@id\":\"https:\\\/\\\/www.autojm.fr\\\/blog\\\/renault-espace-5-a-la-redecouverte-du-monospace\\\/#article\",\"isPartOf\":{\"@id\":\"https:\\\/\\\/www.autojm.fr\\\/blog\\\/renault-espace-5-a-la-redecouverte-du-monospace\\\/\"},\"author\":{\"name\":\"Autojm\",\"@id\":\"https:\\\/\\\/www.autojm.fr\\\/blog\\\/#\\\/schema\\\/person\\\/9742bc77541853e0de81fc57f947e1a0\"},\"headline\":\"Renault Espace 5, \u00e0 la red\u00e9couverte du monospace\",\"datePublished\":\"2015-03-12T00:00:00+00:00\",\"dateModified\":\"2023-09-15T12:24:17+00:00\",\"mainEntityOfPage\":{\"@id\":\"https:\\\/\\\/www.autojm.fr\\\/blog\\\/renault-espace-5-a-la-redecouverte-du-monospace\\\/\"},\"wordCount\":916,\"commentCount\":0,\"publisher\":{\"@id\":\"https:\\\/\\\/www.autojm.fr\\\/blog\\\/#organization\"},\"image\":{\"@id\":\"https:\\\/\\\/www.autojm.fr\\\/blog\\\/renault-espace-5-a-la-redecouverte-du-monospace\\\/#primaryimage\"},\"thumbnailUrl\":\"https:\\\/\\\/www.autojm.fr\\\/blog\\\/wp-content\\\/uploads\\\/2022\\\/10\\\/316.jpg\",\"keywords\":[\"autojm\",\"renault\",\"Renault Espace 5\"],\"articleSection\":[\"Nouveaut\u00e9 Renault\",\"Nouveaut\u00e9s Autos\"],\"inLanguage\":\"fr-FR\",\"potentialAction\":[{\"@type\":\"CommentAction\",\"name\":\"Comment\",\"target\":[\"https:\\\/\\\/www.autojm.fr\\\/blog\\\/renault-espace-5-a-la-redecouverte-du-monospace\\\/#respond\"]}]},{\"@type\":\"WebPage\",\"@id\":\"https:\\\/\\\/www.autojm.fr\\\/blog\\\/renault-espace-5-a-la-redecouverte-du-monospace\\\/\",\"url\":\"https:\\\/\\\/www.autojm.fr\\\/blog\\\/renault-espace-5-a-la-redecouverte-du-monospace\\\/\",\"name\":\"Renault Espace 5, \u00e0 la red\u00e9couverte du monospace - AutoJM Mag\",\"isPartOf\":{\"@id\":\"https:\\\/\\\/www.autojm.fr\\\/blog\\\/#website\"},\"primaryImageOfPage\":{\"@id\":\"https:\\\/\\\/www.autojm.fr\\\/blog\\\/renault-espace-5-a-la-redecouverte-du-monospace\\\/#primaryimage\"},\"image\":{\"@id\":\"https:\\\/\\\/www.autojm.fr\\\/blog\\\/renault-espace-5-a-la-redecouverte-du-monospace\\\/#primaryimage\"},\"thumbnailUrl\":\"https:\\\/\\\/www.autojm.fr\\\/blog\\\/wp-content\\\/uploads\\\/2022\\\/10\\\/316.jpg\",\"datePublished\":\"2015-03-12T00:00:00+00:00\",\"dateModified\":\"2023-09-15T12:24:17+00:00\",\"description\":\"D\u00e9couvrez le nouveau Renault espace : plus performant, plus confortable, dot\u00e9 des technologies dernier cri et prochainement...\",\"breadcrumb\":{\"@id\":\"https:\\\/\\\/www.autojm.fr\\\/blog\\\/renault-espace-5-a-la-redecouverte-du-monospace\\\/#breadcrumb\"},\"inLanguage\":\"fr-FR\",\"potentialAction\":[{\"@type\":\"ReadAction\",\"target\":[\"https:\\\/\\\/www.autojm.fr\\\/blog\\\/renault-espace-5-a-la-redecouverte-du-monospace\\\/\"]}]},{\"@type\":\"ImageObject\",\"inLanguage\":\"fr-FR\",\"@id\":\"https:\\\/\\\/www.autojm.fr\\\/blog\\\/renault-espace-5-a-la-redecouverte-du-monospace\\\/#primaryimage\",\"url\":\"https:\\\/\\\/www.autojm.fr\\\/blog\\\/wp-content\\\/uploads\\\/2022\\\/10\\\/316.jpg\",\"contentUrl\":\"https:\\\/\\\/www.autojm.fr\\\/blog\\\/wp-content\\\/uploads\\\/2022\\\/10\\\/316.jpg\",\"width\":640,\"height\":426,\"caption\":\"Renault Espace 5\"},{\"@type\":\"BreadcrumbList\",\"@id\":\"https:\\\/\\\/www.autojm.fr\\\/blog\\\/renault-espace-5-a-la-redecouverte-du-monospace\\\/#breadcrumb\",\"itemListElement\":[{\"@type\":\"ListItem\",\"position\":1,\"name\":\"Accueil\",\"item\":\"https:\\\/\\\/www.autojm.fr\\\/blog\\\/\"},{\"@type\":\"ListItem\",\"position\":2,\"name\":\"Nouveaut\u00e9s Autos\",\"item\":\"https:\\\/\\\/www.autojm.fr\\\/blog\\\/nouveautes-autos\\\/\"},{\"@type\":\"ListItem\",\"position\":3,\"name\":\"Renault Espace 5, \u00e0 la red\u00e9couverte du monospace\"}]},{\"@type\":\"WebSite\",\"@id\":\"https:\\\/\\\/www.autojm.fr\\\/blog\\\/#website\",\"url\":\"https:\\\/\\\/www.autojm.fr\\\/blog\\\/\",\"name\":\"AutoJM Mag\",\"description\":\"Toute l&#039;actu auto en 1 clic !\",\"publisher\":{\"@id\":\"https:\\\/\\\/www.autojm.fr\\\/blog\\\/#organization\"},\"potentialAction\":[{\"@type\":\"SearchAction\",\"target\":{\"@type\":\"EntryPoint\",\"urlTemplate\":\"https:\\\/\\\/www.autojm.fr\\\/blog\\\/?s={search_term_string}\"},\"query-input\":{\"@type\":\"PropertyValueSpecification\",\"valueRequired\":true,\"valueName\":\"search_term_string\"}}],\"inLanguage\":\"fr-FR\"},{\"@type\":\"Organization\",\"@id\":\"https:\\\/\\\/www.autojm.fr\\\/blog\\\/#organization\",\"name\":\"AutoJM Mag\",\"url\":\"https:\\\/\\\/www.autojm.fr\\\/blog\\\/\",\"logo\":{\"@type\":\"ImageObject\",\"inLanguage\":\"fr-FR\",\"@id\":\"https:\\\/\\\/www.autojm.fr\\\/blog\\\/#\\\/schema\\\/logo\\\/image\\\/\",\"url\":\"https:\\\/\\\/www.autojm.fr\\\/blog\\\/wp-content\\\/uploads\\\/2022\\\/12\\\/cropped-AutoJMag-png.png\",\"contentUrl\":\"https:\\\/\\\/www.autojm.fr\\\/blog\\\/wp-content\\\/uploads\\\/2022\\\/12\\\/cropped-AutoJMag-png.png\",\"width\":2834,\"height\":585,\"caption\":\"AutoJM Mag\"},\"image\":{\"@id\":\"https:\\\/\\\/www.autojm.fr\\\/blog\\\/#\\\/schema\\\/logo\\\/image\\\/\"},\"sameAs\":[\"https:\\\/\\\/www.facebook.com\\\/AutoJM25\"]},{\"@type\":\"Person\",\"@id\":\"https:\\\/\\\/www.autojm.fr\\\/blog\\\/#\\\/schema\\\/person\\\/9742bc77541853e0de81fc57f947e1a0\",\"name\":\"Autojm\",\"image\":{\"@type\":\"ImageObject\",\"inLanguage\":\"fr-FR\",\"@id\":\"https:\\\/\\\/secure.gravatar.com\\\/avatar\\\/9a959d52b758fcc232fe4b6aca7bab139182573297122cce7d6f2ee0e537b418?s=96&d=mm&r=g\",\"url\":\"https:\\\/\\\/secure.gravatar.com\\\/avatar\\\/9a959d52b758fcc232fe4b6aca7bab139182573297122cce7d6f2ee0e537b418?s=96&d=mm&r=g\",\"contentUrl\":\"https:\\\/\\\/secure.gravatar.com\\\/avatar\\\/9a959d52b758fcc232fe4b6aca7bab139182573297122cce7d6f2ee0e537b418?s=96&d=mm&r=g\",\"caption\":\"Autojm\"},\"sameAs\":[\"https:\\\/\\\/www.autojm.fr\\\/blog\"],\"url\":\"https:\\\/\\\/www.autojm.fr\\\/blog\\\/author\\\/bichoi\\\/\"}]}<\/script>\n<!-- \/ Yoast SEO plugin. -->","yoast_head_json":{"title":"Renault Espace 5, \u00e0 la red\u00e9couverte du monospace - AutoJM Mag","description":"D\u00e9couvrez le nouveau Renault espace : plus performant, plus confortable, dot\u00e9 des technologies dernier cri et prochainement...","robots":{"index":"index","follow":"follow","max-snippet":"max-snippet:-1","max-image-preview":"max-image-preview:large","max-video-preview":"max-video-preview:-1"},"canonical":"https:\/\/www.autojm.fr\/blog\/renault-espace-5-a-la-redecouverte-du-monospace\/","og_locale":"fr_FR","og_type":"article","og_title":"Renault Espace 5, \u00e0 la red\u00e9couverte du monospace - AutoJM Mag","og_description":"D\u00e9couvrez le nouveau Renault espace : plus performant, plus confortable, dot\u00e9 des technologies dernier cri et prochainement...","og_url":"https:\/\/www.autojm.fr\/blog\/renault-espace-5-a-la-redecouverte-du-monospace\/","og_site_name":"AutoJM Mag","article_publisher":"https:\/\/www.facebook.com\/AutoJM25","article_published_time":"2015-03-12T00:00:00+00:00","article_modified_time":"2023-09-15T12:24:17+00:00","og_image":[{"width":640,"height":426,"url":"https:\/\/www.autojm.fr\/blog\/wp-content\/uploads\/2022\/10\/316.jpg","type":"image\/jpeg"}],"author":"Autojm","twitter_card":"summary_large_image","twitter_misc":{"\u00c9crit par":"Autojm","Dur\u00e9e de lecture estim\u00e9e":"5 minutes"},"schema":{"@context":"https:\/\/schema.org","@graph":[{"@type":"Article","@id":"https:\/\/www.autojm.fr\/blog\/renault-espace-5-a-la-redecouverte-du-monospace\/#article","isPartOf":{"@id":"https:\/\/www.autojm.fr\/blog\/renault-espace-5-a-la-redecouverte-du-monospace\/"},"author":{"name":"Autojm","@id":"https:\/\/www.autojm.fr\/blog\/#\/schema\/person\/9742bc77541853e0de81fc57f947e1a0"},"headline":"Renault Espace 5, \u00e0 la red\u00e9couverte du monospace","datePublished":"2015-03-12T00:00:00+00:00","dateModified":"2023-09-15T12:24:17+00:00","mainEntityOfPage":{"@id":"https:\/\/www.autojm.fr\/blog\/renault-espace-5-a-la-redecouverte-du-monospace\/"},"wordCount":916,"commentCount":0,"publisher":{"@id":"https:\/\/www.autojm.fr\/blog\/#organization"},"image":{"@id":"https:\/\/www.autojm.fr\/blog\/renault-espace-5-a-la-redecouverte-du-monospace\/#primaryimage"},"thumbnailUrl":"https:\/\/www.autojm.fr\/blog\/wp-content\/uploads\/2022\/10\/316.jpg","keywords":["autojm","renault","Renault Espace 5"],"articleSection":["Nouveaut\u00e9 Renault","Nouveaut\u00e9s Autos"],"inLanguage":"fr-FR","potentialAction":[{"@type":"CommentAction","name":"Comment","target":["https:\/\/www.autojm.fr\/blog\/renault-espace-5-a-la-redecouverte-du-monospace\/#respond"]}]},{"@type":"WebPage","@id":"https:\/\/www.autojm.fr\/blog\/renault-espace-5-a-la-redecouverte-du-monospace\/","url":"https:\/\/www.autojm.fr\/blog\/renault-espace-5-a-la-redecouverte-du-monospace\/","name":"Renault Espace 5, \u00e0 la red\u00e9couverte du monospace - AutoJM Mag","isPartOf":{"@id":"https:\/\/www.autojm.fr\/blog\/#website"},"primaryImageOfPage":{"@id":"https:\/\/www.autojm.fr\/blog\/renault-espace-5-a-la-redecouverte-du-monospace\/#primaryimage"},"image":{"@id":"https:\/\/www.autojm.fr\/blog\/renault-espace-5-a-la-redecouverte-du-monospace\/#primaryimage"},"thumbnailUrl":"https:\/\/www.autojm.fr\/blog\/wp-content\/uploads\/2022\/10\/316.jpg","datePublished":"2015-03-12T00:00:00+00:00","dateModified":"2023-09-15T12:24:17+00:00","description":"D\u00e9couvrez le nouveau Renault espace : plus performant, plus confortable, dot\u00e9 des technologies dernier cri et prochainement...","breadcrumb":{"@id":"https:\/\/www.autojm.fr\/blog\/renault-espace-5-a-la-redecouverte-du-monospace\/#breadcrumb"},"inLanguage":"fr-FR","potentialAction":[{"@type":"ReadAction","target":["https:\/\/www.autojm.fr\/blog\/renault-espace-5-a-la-redecouverte-du-monospace\/"]}]},{"@type":"ImageObject","inLanguage":"fr-FR","@id":"https:\/\/www.autojm.fr\/blog\/renault-espace-5-a-la-redecouverte-du-monospace\/#primaryimage","url":"https:\/\/www.autojm.fr\/blog\/wp-content\/uploads\/2022\/10\/316.jpg","contentUrl":"https:\/\/www.autojm.fr\/blog\/wp-content\/uploads\/2022\/10\/316.jpg","width":640,"height":426,"caption":"Renault Espace 5"},{"@type":"BreadcrumbList","@id":"https:\/\/www.autojm.fr\/blog\/renault-espace-5-a-la-redecouverte-du-monospace\/#breadcrumb","itemListElement":[{"@type":"ListItem","position":1,"name":"Accueil","item":"https:\/\/www.autojm.fr\/blog\/"},{"@type":"ListItem","position":2,"name":"Nouveaut\u00e9s Autos","item":"https:\/\/www.autojm.fr\/blog\/nouveautes-autos\/"},{"@type":"ListItem","position":3,"name":"Renault Espace 5, \u00e0 la red\u00e9couverte du monospace"}]},{"@type":"WebSite","@id":"https:\/\/www.autojm.fr\/blog\/#website","url":"https:\/\/www.autojm.fr\/blog\/","name":"AutoJM Mag","description":"Toute l&#039;actu auto en 1 clic !","publisher":{"@id":"https:\/\/www.autojm.fr\/blog\/#organization"},"potentialAction":[{"@type":"SearchAction","target":{"@type":"EntryPoint","urlTemplate":"https:\/\/www.autojm.fr\/blog\/?s={search_term_string}"},"query-input":{"@type":"PropertyValueSpecification","valueRequired":true,"valueName":"search_term_string"}}],"inLanguage":"fr-FR"},{"@type":"Organization","@id":"https:\/\/www.autojm.fr\/blog\/#organization","name":"AutoJM Mag","url":"https:\/\/www.autojm.fr\/blog\/","logo":{"@type":"ImageObject","inLanguage":"fr-FR","@id":"https:\/\/www.autojm.fr\/blog\/#\/schema\/logo\/image\/","url":"https:\/\/www.autojm.fr\/blog\/wp-content\/uploads\/2022\/12\/cropped-AutoJMag-png.png","contentUrl":"https:\/\/www.autojm.fr\/blog\/wp-content\/uploads\/2022\/12\/cropped-AutoJMag-png.png","width":2834,"height":585,"caption":"AutoJM Mag"},"image":{"@id":"https:\/\/www.autojm.fr\/blog\/#\/schema\/logo\/image\/"},"sameAs":["https:\/\/www.facebook.com\/AutoJM25"]},{"@type":"Person","@id":"https:\/\/www.autojm.fr\/blog\/#\/schema\/person\/9742bc77541853e0de81fc57f947e1a0","name":"Autojm","image":{"@type":"ImageObject","inLanguage":"fr-FR","@id":"https:\/\/secure.gravatar.com\/avatar\/9a959d52b758fcc232fe4b6aca7bab139182573297122cce7d6f2ee0e537b418?s=96&d=mm&r=g","url":"https:\/\/secure.gravatar.com\/avatar\/9a959d52b758fcc232fe4b6aca7bab139182573297122cce7d6f2ee0e537b418?s=96&d=mm&r=g","contentUrl":"https:\/\/secure.gravatar.com\/avatar\/9a959d52b758fcc232fe4b6aca7bab139182573297122cce7d6f2ee0e537b418?s=96&d=mm&r=g","caption":"Autojm"},"sameAs":["https:\/\/www.autojm.fr\/blog"],"url":"https:\/\/www.autojm.fr\/blog\/author\/bichoi\/"}]}},"_links":{"self":[{"href":"https:\/\/www.autojm.fr\/blog\/wp-json\/wp\/v2\/posts\/3603","targetHints":{"allow":["GET"]}}],"collection":[{"href":"https:\/\/www.autojm.fr\/blog\/wp-json\/wp\/v2\/posts"}],"about":[{"href":"https:\/\/www.autojm.fr\/blog\/wp-json\/wp\/v2\/types\/post"}],"author":[{"embeddable":true,"href":"https:\/\/www.autojm.fr\/blog\/wp-json\/wp\/v2\/users\/1"}],"replies":[{"embeddable":true,"href":"https:\/\/www.autojm.fr\/blog\/wp-json\/wp\/v2\/comments?post=3603"}],"version-history":[{"count":7,"href":"https:\/\/www.autojm.fr\/blog\/wp-json\/wp\/v2\/posts\/3603\/revisions"}],"predecessor-version":[{"id":12717,"href":"https:\/\/www.autojm.fr\/blog\/wp-json\/wp\/v2\/posts\/3603\/revisions\/12717"}],"wp:featuredmedia":[{"embeddable":true,"href":"https:\/\/www.autojm.fr\/blog\/wp-json\/wp\/v2\/media\/5665"}],"wp:attachment":[{"href":"https:\/\/www.autojm.fr\/blog\/wp-json\/wp\/v2\/media?parent=3603"}],"wp:term":[{"taxonomy":"category","embeddable":true,"href":"https:\/\/www.autojm.fr\/blog\/wp-json\/wp\/v2\/categories?post=3603"},{"taxonomy":"post_tag","embeddable":true,"href":"https:\/\/www.autojm.fr\/blog\/wp-json\/wp\/v2\/tags?post=3603"}],"curies":[{"name":"wp","href":"https:\/\/api.w.org\/{rel}","templated":true}]}}