{"id":3600,"date":"2022-10-07T00:00:00","date_gmt":"2022-10-07T00:00:00","guid":{"rendered":"https:\/\/www.autojm.fr\/blog\/le-logo-citroen-fait-peau-neuve\/"},"modified":"2024-03-25T10:31:42","modified_gmt":"2024-03-25T10:31:42","slug":"le-logo-citroen-fait-peau-neuve","status":"publish","type":"post","link":"https:\/\/www.autojm.fr\/blog\/le-logo-citroen-fait-peau-neuve\/","title":{"rendered":"Le logo Citro\u00ebn fait peau neuve"},"content":{"rendered":"<h2 style=\"text-align: justify;\">Un retour aux origines de Citro\u00ebn<\/h2>\n<p style=\"text-align: justify;\">\u00c0 partir de mi-2023, les futurs v\u00e9hicules de s\u00e9rie et autres concepts de la marque Citro\u00ebn arboreront progressivement un nouveau logo qui a \u00e9t\u00e9 d\u00e9voil\u00e9 fin septembre \u00e0 l&rsquo;occasion de la pr\u00e9sentation d&rsquo;un concept-car in\u00e9dit.<\/p>\n<p style=\"text-align: justify;\">Le constructeur automobile -aujourd&rsquo;hui d\u00e9tenu et exploit\u00e9 par le groupe PSA Peugeot Citro\u00ebn- a en effet opt\u00e9 pour un retour \u00e0 ses origines avec un logo proche de celui imagin\u00e9 en 1919 par son <strong>fondateur Andr\u00e9-Gustave Citro\u00ebn<\/strong>. Compos\u00e9 de deux lettres \u201cV\u201d invers\u00e9es, il est \u00e0 l&rsquo;origine influenc\u00e9 par l&rsquo;entreprise initiale de son fondateur, dont l&rsquo;activit\u00e9 de m\u00e9tallurgie consistait \u00e0 produire des syst\u00e8mes d&rsquo;engrenages en forme de chevrons.<\/p>\n<p style=\"text-align: justify;\">L&rsquo;industriel fran\u00e7ais avait \u00e0 l&rsquo;\u00e9poque choisi de reprendre les deux chevrons qui contribuent \u00e0 l&rsquo;identit\u00e9 visuelle de la marque en y ajoutant un ovale pour les entourer. Le nouveau logo de Citro\u00ebn constitue donc un v\u00e9ritable clin d&rsquo;oeil \u00e0 l&rsquo;Histoire avec le retour de l&rsquo;ovale -plus pr\u00e9cis\u00e9ment d&rsquo;un cercle- qui avait \u00e9t\u00e9 d\u00e9laiss\u00e9 au fil du temps.<\/p>\n<p style=\"text-align: justify;\">Successivement repr\u00e9sent\u00e9 par des pins, des pyramides, des c\u00f4nes de signalisation, la montagne ou encore le chevron militaire, le logo a \u00e9volu\u00e9 aux c\u00f4t\u00e9s de la marque. Cette 10e \u00e9volution r\u00e9cemment d\u00e9voil\u00e9e s&rsquo;inscrit dans un contexte de transition \u00e9nerg\u00e9tique et entend d\u00e9montrer l&rsquo;intention de la marque de passer ses v\u00e9hicules \u00e0 l&rsquo;\u00e9lectrique.<\/p>\n<p style=\"text-align: justify;\">Son <strong>styliste Alexandre Revert<\/strong> a tenu \u00e0 honorer les racines du constructeur avec une approche en deux dimensions et un rev\u00eatement pixellis\u00e9 qui fait r\u00e9f\u00e9rence \u00e0 l&rsquo;\u00e9lectrique ainsi qu&rsquo;au num\u00e9rique. Appos\u00e9 au centre de la face avant, le logo est d\u00e9sormais compos\u00e9 de deux chevrons en rouge -entour\u00e9s par un cercle de m\u00eame couleur- sur un fond noir et sera affich\u00e9 en diff\u00e9rentes couleurs. 20 ans apr\u00e8s sa derni\u00e8re refonte, il conserve ses chevrons plac\u00e9s \u00e0 l&rsquo;int\u00e9rieur d&rsquo;un cercle qui remplace l&rsquo;ovale, repr\u00e9sent\u00e9 lui sur le premier logo de Citro\u00ebn.<\/p>\n<p><iframe loading=\"lazy\" title=\"YouTube video player\" src=\"https:\/\/www.youtube.com\/embed\/-qNbPJoevfM\" width=\"100%\" height=\"315\" allowfullscreen=\"allowfullscreen\"><\/iframe><\/p>\n<h2 style=\"text-align: justify;\">Le nouveau logo de Citro\u00ebn s&rsquo;accompagne d&rsquo;un nouveau slogan<\/h2>\n<p style=\"text-align: justify;\">\u00e0 cette occasion, la marque lance \u00e9galement son nouveau slogan qui est mentionn\u00e9 autour du logo : <strong>\u201cNothing moves us like a Citro\u00ebn\u201d<\/strong> (litt\u00e9ralement traduit \u201cRien ne nous \u00e9meut comme Citro\u00ebn\u201d, m\u00eame si le verbe \u201cmove\u201d peut aussi d\u00e9signer le d\u00e9placement). Ce nouveau plan de communication, qui s&rsquo;inscrit dans le cadre de la m\u00e9tamorphose de la marque au niveau de ses motorisations et de son design, ambitionne de positionner Citro\u00ebn comme une entreprise de mobilit\u00e9 et non plus uniquement de voitures.<\/p>\n<p style=\"text-align: justify;\">Adapt\u00e9 aux supports digitaux, ce nouveau logo plus moderne et graphique vise \u00e0 promouvoir une nouvelle identit\u00e9 de marque annon\u00e7ant un nouveau chapitre de son histoire. Dans cette optique, Citro\u00ebn envisage d&rsquo;\u00e9tendre ses valeurs d&rsquo;accessibilit\u00e9 et de bien-\u00eatre de ses clients qui font toutes deux partie int\u00e9grante de son ADN. En ce sens, ce nouvel embl\u00e8me empreint d&rsquo;\u00e9l\u00e9gance marque l&rsquo;entr\u00e9e dans une nouvelle \u00e8re r\u00e9solument tourn\u00e9e vers la mobilit\u00e9 familiale de demain.<\/p>\n<p style=\"text-align: justify;\">Une palette de couleurs rafra\u00eechie et un nouveau lettrage viendront \u00e9galement s&rsquo;ajouter au logo <strong><a href=\"https:\/\/www.autojm.fr\/mandataire-voitures-neuves-citroen\">Citro\u00ebn<\/a><\/strong> pour compl\u00e9ter cette image de marque. Le <strong>blanc et le gris<\/strong> incarneront la s\u00e9r\u00e9nit\u00e9 et la facilit\u00e9 tandis que deux autres couleurs seront d\u00e9di\u00e9es aux d\u00e9tails et aux zones sp\u00e9cifiques. Le <strong>bleu Monte Carlo<\/strong> devrait faire son retour sur les v\u00e9hicules de la gamme afin de renforcer l&rsquo;identit\u00e9 de la marque dans le r\u00e9seau de distribution ainsi que sur les supports imprim\u00e9s et num\u00e9riques. Enfin, le rouge actuellement utilis\u00e9 sur tous les supports laissera place \u00e0 un <strong>infrarouge<\/strong> plus distinctif afin d&rsquo;ajouter un \u00e9quilibre et un contraste dynamique.<\/p>\n<p style=\"text-align: justify;\">\u00e0 noter que Citro\u00ebn profite du lancement de son nouveau logo pour annoncer que ses concessions et autres points de vente seront progressivement adapt\u00e9s au concept<strong> \u201cLa Maison Citro\u00ebn\u201d<\/strong>. Une appellation destin\u00e9e \u00e0 faire en sorte que les clients de la marque aux chevrons se sentent comme chez eux gr\u00e2ce \u00e0 des int\u00e9rieurs confortables et familiers.<\/p>\n<p style=\"text-align: justify;\">\n<p style=\"text-align: justify;\">\n<p style=\"text-align: justify;\">\n<p style=\"margin-top: 1.75em; margin-bottom: 1.75em; font-size: 0.813em; line-height: 1.5em; color: #666666; font-family: Arial, Helvetica, sans-serif;\"><br style=\"font-size: 13.008px;\" \/><span style=\"font-variant-numeric: normal; font-variant-east-asian: normal; background-color: transparent; text-align: justify; color: #000000; font-family: Arial; font-size: 14.66px; vertical-align: baseline; white-space: pre-wrap;\"><\/span><\/span><\/p>\n","protected":false},"excerpt":{"rendered":"<p>\u00c0 partir de mi-2023, les futurs v\u00e9hicules de s\u00e9rie et autres concepts de la marque Citro\u00ebn arboreront progressivement un nouveau logo qui a \u00e9t\u00e9 d\u00e9voil\u00e9 fin septembre \u00e0 l&rsquo;occasion de la pr\u00e9sentation d&rsquo;un concept-car in\u00e9dit.<\/p>\n","protected":false},"author":1,"featured_media":5663,"comment_status":"open","ping_status":"open","sticky":false,"template":"","format":"standard","meta":{"_acf_changed":false,"content-type":"","footnotes":""},"categories":[70],"tags":[90,211,79,130,84,82,143],"class_list":["post-3600","post","type-post","status-publish","format-standard","has-post-thumbnail","hentry","category-actualites-citroen","tag-autojm","tag-c4-picasso","tag-citroen","tag-nouveau-c5-aircross","tag-nouvelle-c3","tag-nouvelle-c4","tag-nouvelle-c5x"],"acf":[],"yoast_head":"<!-- This site is optimized with the Yoast SEO plugin v27.5 - https:\/\/yoast.com\/product\/yoast-seo-wordpress\/ -->\n<title>Le logo Citro\u00ebn fait peau neuve - AutoJM Mag<\/title>\n<meta name=\"description\" content=\"\u00c0 partir de mi-2023, les futurs v\u00e9hicules de s\u00e9rie et autres concepts de la marque Citro\u00ebn arboreront progressivement un nouveau logo.\" \/>\n<meta name=\"robots\" content=\"index, follow, max-snippet:-1, max-image-preview:large, max-video-preview:-1\" \/>\n<link rel=\"canonical\" href=\"https:\/\/www.autojm.fr\/blog\/le-logo-citroen-fait-peau-neuve\/\" \/>\n<meta property=\"og:locale\" content=\"fr_FR\" \/>\n<meta property=\"og:type\" content=\"article\" \/>\n<meta property=\"og:title\" content=\"Le logo Citro\u00ebn fait peau neuve - AutoJM Mag\" \/>\n<meta property=\"og:description\" content=\"\u00c0 partir de mi-2023, les futurs v\u00e9hicules de s\u00e9rie et autres concepts de la marque Citro\u00ebn arboreront progressivement un nouveau logo.\" \/>\n<meta property=\"og:url\" content=\"https:\/\/www.autojm.fr\/blog\/le-logo-citroen-fait-peau-neuve\/\" \/>\n<meta property=\"og:site_name\" content=\"AutoJM Mag\" \/>\n<meta property=\"article:publisher\" content=\"https:\/\/www.facebook.com\/AutoJM25\" \/>\n<meta property=\"article:published_time\" content=\"2022-10-07T00:00:00+00:00\" \/>\n<meta property=\"article:modified_time\" content=\"2024-03-25T10:31:42+00:00\" \/>\n<meta property=\"og:image\" content=\"https:\/\/www.autojm.fr\/blog\/wp-content\/uploads\/2022\/10\/707.jpg\" \/>\n\t<meta property=\"og:image:width\" content=\"1000\" \/>\n\t<meta property=\"og:image:height\" content=\"500\" \/>\n\t<meta property=\"og:image:type\" content=\"image\/jpeg\" \/>\n<meta name=\"author\" content=\"Autojm\" \/>\n<meta name=\"twitter:card\" content=\"summary_large_image\" \/>\n<meta name=\"twitter:label1\" content=\"\u00c9crit par\" \/>\n\t<meta name=\"twitter:data1\" content=\"Autojm\" \/>\n\t<meta name=\"twitter:label2\" content=\"Dur\u00e9e de lecture estim\u00e9e\" \/>\n\t<meta name=\"twitter:data2\" content=\"4 minutes\" \/>\n<script type=\"application\/ld+json\" class=\"yoast-schema-graph\">{\"@context\":\"https:\\\/\\\/schema.org\",\"@graph\":[{\"@type\":\"Article\",\"@id\":\"https:\\\/\\\/www.autojm.fr\\\/blog\\\/le-logo-citroen-fait-peau-neuve\\\/#article\",\"isPartOf\":{\"@id\":\"https:\\\/\\\/www.autojm.fr\\\/blog\\\/le-logo-citroen-fait-peau-neuve\\\/\"},\"author\":{\"name\":\"Autojm\",\"@id\":\"https:\\\/\\\/www.autojm.fr\\\/blog\\\/#\\\/schema\\\/person\\\/9742bc77541853e0de81fc57f947e1a0\"},\"headline\":\"Le logo Citro\u00ebn fait peau neuve\",\"datePublished\":\"2022-10-07T00:00:00+00:00\",\"dateModified\":\"2024-03-25T10:31:42+00:00\",\"mainEntityOfPage\":{\"@id\":\"https:\\\/\\\/www.autojm.fr\\\/blog\\\/le-logo-citroen-fait-peau-neuve\\\/\"},\"wordCount\":701,\"commentCount\":0,\"publisher\":{\"@id\":\"https:\\\/\\\/www.autojm.fr\\\/blog\\\/#organization\"},\"image\":{\"@id\":\"https:\\\/\\\/www.autojm.fr\\\/blog\\\/le-logo-citroen-fait-peau-neuve\\\/#primaryimage\"},\"thumbnailUrl\":\"https:\\\/\\\/www.autojm.fr\\\/blog\\\/wp-content\\\/uploads\\\/2022\\\/10\\\/707.jpg\",\"keywords\":[\"autojm\",\"C4 Picasso\",\"citroen\",\"Nouveau C5 Aircross\",\"nouvelle c3\",\"nouvelle c4\",\"Nouvelle C5X\"],\"articleSection\":[\"Actualit\u00e9s Citro\u00ebn\"],\"inLanguage\":\"fr-FR\",\"potentialAction\":[{\"@type\":\"CommentAction\",\"name\":\"Comment\",\"target\":[\"https:\\\/\\\/www.autojm.fr\\\/blog\\\/le-logo-citroen-fait-peau-neuve\\\/#respond\"]}]},{\"@type\":\"WebPage\",\"@id\":\"https:\\\/\\\/www.autojm.fr\\\/blog\\\/le-logo-citroen-fait-peau-neuve\\\/\",\"url\":\"https:\\\/\\\/www.autojm.fr\\\/blog\\\/le-logo-citroen-fait-peau-neuve\\\/\",\"name\":\"Le logo Citro\u00ebn fait peau neuve - AutoJM Mag\",\"isPartOf\":{\"@id\":\"https:\\\/\\\/www.autojm.fr\\\/blog\\\/#website\"},\"primaryImageOfPage\":{\"@id\":\"https:\\\/\\\/www.autojm.fr\\\/blog\\\/le-logo-citroen-fait-peau-neuve\\\/#primaryimage\"},\"image\":{\"@id\":\"https:\\\/\\\/www.autojm.fr\\\/blog\\\/le-logo-citroen-fait-peau-neuve\\\/#primaryimage\"},\"thumbnailUrl\":\"https:\\\/\\\/www.autojm.fr\\\/blog\\\/wp-content\\\/uploads\\\/2022\\\/10\\\/707.jpg\",\"datePublished\":\"2022-10-07T00:00:00+00:00\",\"dateModified\":\"2024-03-25T10:31:42+00:00\",\"description\":\"\u00c0 partir de mi-2023, les futurs v\u00e9hicules de s\u00e9rie et autres concepts de la marque Citro\u00ebn arboreront progressivement un nouveau logo.\",\"breadcrumb\":{\"@id\":\"https:\\\/\\\/www.autojm.fr\\\/blog\\\/le-logo-citroen-fait-peau-neuve\\\/#breadcrumb\"},\"inLanguage\":\"fr-FR\",\"potentialAction\":[{\"@type\":\"ReadAction\",\"target\":[\"https:\\\/\\\/www.autojm.fr\\\/blog\\\/le-logo-citroen-fait-peau-neuve\\\/\"]}]},{\"@type\":\"ImageObject\",\"inLanguage\":\"fr-FR\",\"@id\":\"https:\\\/\\\/www.autojm.fr\\\/blog\\\/le-logo-citroen-fait-peau-neuve\\\/#primaryimage\",\"url\":\"https:\\\/\\\/www.autojm.fr\\\/blog\\\/wp-content\\\/uploads\\\/2022\\\/10\\\/707.jpg\",\"contentUrl\":\"https:\\\/\\\/www.autojm.fr\\\/blog\\\/wp-content\\\/uploads\\\/2022\\\/10\\\/707.jpg\",\"width\":1000,\"height\":500,\"caption\":\"Logo Citro\u00ebn\"},{\"@type\":\"BreadcrumbList\",\"@id\":\"https:\\\/\\\/www.autojm.fr\\\/blog\\\/le-logo-citroen-fait-peau-neuve\\\/#breadcrumb\",\"itemListElement\":[{\"@type\":\"ListItem\",\"position\":1,\"name\":\"Accueil\",\"item\":\"https:\\\/\\\/www.autojm.fr\\\/blog\\\/\"},{\"@type\":\"ListItem\",\"position\":2,\"name\":\"Actualit\u00e9 Automobile\",\"item\":\"https:\\\/\\\/www.autojm.fr\\\/blog\\\/actualite-automobile\\\/\"},{\"@type\":\"ListItem\",\"position\":3,\"name\":\"Actualit\u00e9s Citro\u00ebn\",\"item\":\"https:\\\/\\\/www.autojm.fr\\\/blog\\\/actualite-automobile\\\/actualites-citroen\\\/\"},{\"@type\":\"ListItem\",\"position\":4,\"name\":\"Le logo Citro\u00ebn fait peau neuve\"}]},{\"@type\":\"WebSite\",\"@id\":\"https:\\\/\\\/www.autojm.fr\\\/blog\\\/#website\",\"url\":\"https:\\\/\\\/www.autojm.fr\\\/blog\\\/\",\"name\":\"AutoJM Mag\",\"description\":\"Toute l&#039;actu auto en 1 clic !\",\"publisher\":{\"@id\":\"https:\\\/\\\/www.autojm.fr\\\/blog\\\/#organization\"},\"potentialAction\":[{\"@type\":\"SearchAction\",\"target\":{\"@type\":\"EntryPoint\",\"urlTemplate\":\"https:\\\/\\\/www.autojm.fr\\\/blog\\\/?s={search_term_string}\"},\"query-input\":{\"@type\":\"PropertyValueSpecification\",\"valueRequired\":true,\"valueName\":\"search_term_string\"}}],\"inLanguage\":\"fr-FR\"},{\"@type\":\"Organization\",\"@id\":\"https:\\\/\\\/www.autojm.fr\\\/blog\\\/#organization\",\"name\":\"AutoJM Mag\",\"url\":\"https:\\\/\\\/www.autojm.fr\\\/blog\\\/\",\"logo\":{\"@type\":\"ImageObject\",\"inLanguage\":\"fr-FR\",\"@id\":\"https:\\\/\\\/www.autojm.fr\\\/blog\\\/#\\\/schema\\\/logo\\\/image\\\/\",\"url\":\"https:\\\/\\\/www.autojm.fr\\\/blog\\\/wp-content\\\/uploads\\\/2022\\\/12\\\/cropped-AutoJMag-png.png\",\"contentUrl\":\"https:\\\/\\\/www.autojm.fr\\\/blog\\\/wp-content\\\/uploads\\\/2022\\\/12\\\/cropped-AutoJMag-png.png\",\"width\":2834,\"height\":585,\"caption\":\"AutoJM Mag\"},\"image\":{\"@id\":\"https:\\\/\\\/www.autojm.fr\\\/blog\\\/#\\\/schema\\\/logo\\\/image\\\/\"},\"sameAs\":[\"https:\\\/\\\/www.facebook.com\\\/AutoJM25\"]},{\"@type\":\"Person\",\"@id\":\"https:\\\/\\\/www.autojm.fr\\\/blog\\\/#\\\/schema\\\/person\\\/9742bc77541853e0de81fc57f947e1a0\",\"name\":\"Autojm\",\"image\":{\"@type\":\"ImageObject\",\"inLanguage\":\"fr-FR\",\"@id\":\"https:\\\/\\\/secure.gravatar.com\\\/avatar\\\/9a959d52b758fcc232fe4b6aca7bab139182573297122cce7d6f2ee0e537b418?s=96&d=mm&r=g\",\"url\":\"https:\\\/\\\/secure.gravatar.com\\\/avatar\\\/9a959d52b758fcc232fe4b6aca7bab139182573297122cce7d6f2ee0e537b418?s=96&d=mm&r=g\",\"contentUrl\":\"https:\\\/\\\/secure.gravatar.com\\\/avatar\\\/9a959d52b758fcc232fe4b6aca7bab139182573297122cce7d6f2ee0e537b418?s=96&d=mm&r=g\",\"caption\":\"Autojm\"},\"sameAs\":[\"https:\\\/\\\/www.autojm.fr\\\/blog\"],\"url\":\"https:\\\/\\\/www.autojm.fr\\\/blog\\\/author\\\/bichoi\\\/\"}]}<\/script>\n<!-- \/ Yoast SEO plugin. -->","yoast_head_json":{"title":"Le logo Citro\u00ebn fait peau neuve - AutoJM Mag","description":"\u00c0 partir de mi-2023, les futurs v\u00e9hicules de s\u00e9rie et autres concepts de la marque Citro\u00ebn arboreront progressivement un nouveau logo.","robots":{"index":"index","follow":"follow","max-snippet":"max-snippet:-1","max-image-preview":"max-image-preview:large","max-video-preview":"max-video-preview:-1"},"canonical":"https:\/\/www.autojm.fr\/blog\/le-logo-citroen-fait-peau-neuve\/","og_locale":"fr_FR","og_type":"article","og_title":"Le logo Citro\u00ebn fait peau neuve - AutoJM Mag","og_description":"\u00c0 partir de mi-2023, les futurs v\u00e9hicules de s\u00e9rie et autres concepts de la marque Citro\u00ebn arboreront progressivement un nouveau logo.","og_url":"https:\/\/www.autojm.fr\/blog\/le-logo-citroen-fait-peau-neuve\/","og_site_name":"AutoJM Mag","article_publisher":"https:\/\/www.facebook.com\/AutoJM25","article_published_time":"2022-10-07T00:00:00+00:00","article_modified_time":"2024-03-25T10:31:42+00:00","og_image":[{"width":1000,"height":500,"url":"https:\/\/www.autojm.fr\/blog\/wp-content\/uploads\/2022\/10\/707.jpg","type":"image\/jpeg"}],"author":"Autojm","twitter_card":"summary_large_image","twitter_misc":{"\u00c9crit par":"Autojm","Dur\u00e9e de lecture estim\u00e9e":"4 minutes"},"schema":{"@context":"https:\/\/schema.org","@graph":[{"@type":"Article","@id":"https:\/\/www.autojm.fr\/blog\/le-logo-citroen-fait-peau-neuve\/#article","isPartOf":{"@id":"https:\/\/www.autojm.fr\/blog\/le-logo-citroen-fait-peau-neuve\/"},"author":{"name":"Autojm","@id":"https:\/\/www.autojm.fr\/blog\/#\/schema\/person\/9742bc77541853e0de81fc57f947e1a0"},"headline":"Le logo Citro\u00ebn fait peau neuve","datePublished":"2022-10-07T00:00:00+00:00","dateModified":"2024-03-25T10:31:42+00:00","mainEntityOfPage":{"@id":"https:\/\/www.autojm.fr\/blog\/le-logo-citroen-fait-peau-neuve\/"},"wordCount":701,"commentCount":0,"publisher":{"@id":"https:\/\/www.autojm.fr\/blog\/#organization"},"image":{"@id":"https:\/\/www.autojm.fr\/blog\/le-logo-citroen-fait-peau-neuve\/#primaryimage"},"thumbnailUrl":"https:\/\/www.autojm.fr\/blog\/wp-content\/uploads\/2022\/10\/707.jpg","keywords":["autojm","C4 Picasso","citroen","Nouveau C5 Aircross","nouvelle c3","nouvelle c4","Nouvelle C5X"],"articleSection":["Actualit\u00e9s Citro\u00ebn"],"inLanguage":"fr-FR","potentialAction":[{"@type":"CommentAction","name":"Comment","target":["https:\/\/www.autojm.fr\/blog\/le-logo-citroen-fait-peau-neuve\/#respond"]}]},{"@type":"WebPage","@id":"https:\/\/www.autojm.fr\/blog\/le-logo-citroen-fait-peau-neuve\/","url":"https:\/\/www.autojm.fr\/blog\/le-logo-citroen-fait-peau-neuve\/","name":"Le logo Citro\u00ebn fait peau neuve - AutoJM Mag","isPartOf":{"@id":"https:\/\/www.autojm.fr\/blog\/#website"},"primaryImageOfPage":{"@id":"https:\/\/www.autojm.fr\/blog\/le-logo-citroen-fait-peau-neuve\/#primaryimage"},"image":{"@id":"https:\/\/www.autojm.fr\/blog\/le-logo-citroen-fait-peau-neuve\/#primaryimage"},"thumbnailUrl":"https:\/\/www.autojm.fr\/blog\/wp-content\/uploads\/2022\/10\/707.jpg","datePublished":"2022-10-07T00:00:00+00:00","dateModified":"2024-03-25T10:31:42+00:00","description":"\u00c0 partir de mi-2023, les futurs v\u00e9hicules de s\u00e9rie et autres concepts de la marque Citro\u00ebn arboreront progressivement un nouveau logo.","breadcrumb":{"@id":"https:\/\/www.autojm.fr\/blog\/le-logo-citroen-fait-peau-neuve\/#breadcrumb"},"inLanguage":"fr-FR","potentialAction":[{"@type":"ReadAction","target":["https:\/\/www.autojm.fr\/blog\/le-logo-citroen-fait-peau-neuve\/"]}]},{"@type":"ImageObject","inLanguage":"fr-FR","@id":"https:\/\/www.autojm.fr\/blog\/le-logo-citroen-fait-peau-neuve\/#primaryimage","url":"https:\/\/www.autojm.fr\/blog\/wp-content\/uploads\/2022\/10\/707.jpg","contentUrl":"https:\/\/www.autojm.fr\/blog\/wp-content\/uploads\/2022\/10\/707.jpg","width":1000,"height":500,"caption":"Logo Citro\u00ebn"},{"@type":"BreadcrumbList","@id":"https:\/\/www.autojm.fr\/blog\/le-logo-citroen-fait-peau-neuve\/#breadcrumb","itemListElement":[{"@type":"ListItem","position":1,"name":"Accueil","item":"https:\/\/www.autojm.fr\/blog\/"},{"@type":"ListItem","position":2,"name":"Actualit\u00e9 Automobile","item":"https:\/\/www.autojm.fr\/blog\/actualite-automobile\/"},{"@type":"ListItem","position":3,"name":"Actualit\u00e9s Citro\u00ebn","item":"https:\/\/www.autojm.fr\/blog\/actualite-automobile\/actualites-citroen\/"},{"@type":"ListItem","position":4,"name":"Le logo Citro\u00ebn fait peau neuve"}]},{"@type":"WebSite","@id":"https:\/\/www.autojm.fr\/blog\/#website","url":"https:\/\/www.autojm.fr\/blog\/","name":"AutoJM Mag","description":"Toute l&#039;actu auto en 1 clic !","publisher":{"@id":"https:\/\/www.autojm.fr\/blog\/#organization"},"potentialAction":[{"@type":"SearchAction","target":{"@type":"EntryPoint","urlTemplate":"https:\/\/www.autojm.fr\/blog\/?s={search_term_string}"},"query-input":{"@type":"PropertyValueSpecification","valueRequired":true,"valueName":"search_term_string"}}],"inLanguage":"fr-FR"},{"@type":"Organization","@id":"https:\/\/www.autojm.fr\/blog\/#organization","name":"AutoJM Mag","url":"https:\/\/www.autojm.fr\/blog\/","logo":{"@type":"ImageObject","inLanguage":"fr-FR","@id":"https:\/\/www.autojm.fr\/blog\/#\/schema\/logo\/image\/","url":"https:\/\/www.autojm.fr\/blog\/wp-content\/uploads\/2022\/12\/cropped-AutoJMag-png.png","contentUrl":"https:\/\/www.autojm.fr\/blog\/wp-content\/uploads\/2022\/12\/cropped-AutoJMag-png.png","width":2834,"height":585,"caption":"AutoJM Mag"},"image":{"@id":"https:\/\/www.autojm.fr\/blog\/#\/schema\/logo\/image\/"},"sameAs":["https:\/\/www.facebook.com\/AutoJM25"]},{"@type":"Person","@id":"https:\/\/www.autojm.fr\/blog\/#\/schema\/person\/9742bc77541853e0de81fc57f947e1a0","name":"Autojm","image":{"@type":"ImageObject","inLanguage":"fr-FR","@id":"https:\/\/secure.gravatar.com\/avatar\/9a959d52b758fcc232fe4b6aca7bab139182573297122cce7d6f2ee0e537b418?s=96&d=mm&r=g","url":"https:\/\/secure.gravatar.com\/avatar\/9a959d52b758fcc232fe4b6aca7bab139182573297122cce7d6f2ee0e537b418?s=96&d=mm&r=g","contentUrl":"https:\/\/secure.gravatar.com\/avatar\/9a959d52b758fcc232fe4b6aca7bab139182573297122cce7d6f2ee0e537b418?s=96&d=mm&r=g","caption":"Autojm"},"sameAs":["https:\/\/www.autojm.fr\/blog"],"url":"https:\/\/www.autojm.fr\/blog\/author\/bichoi\/"}]}},"_links":{"self":[{"href":"https:\/\/www.autojm.fr\/blog\/wp-json\/wp\/v2\/posts\/3600","targetHints":{"allow":["GET"]}}],"collection":[{"href":"https:\/\/www.autojm.fr\/blog\/wp-json\/wp\/v2\/posts"}],"about":[{"href":"https:\/\/www.autojm.fr\/blog\/wp-json\/wp\/v2\/types\/post"}],"author":[{"embeddable":true,"href":"https:\/\/www.autojm.fr\/blog\/wp-json\/wp\/v2\/users\/1"}],"replies":[{"embeddable":true,"href":"https:\/\/www.autojm.fr\/blog\/wp-json\/wp\/v2\/comments?post=3600"}],"version-history":[{"count":5,"href":"https:\/\/www.autojm.fr\/blog\/wp-json\/wp\/v2\/posts\/3600\/revisions"}],"predecessor-version":[{"id":6907,"href":"https:\/\/www.autojm.fr\/blog\/wp-json\/wp\/v2\/posts\/3600\/revisions\/6907"}],"wp:featuredmedia":[{"embeddable":true,"href":"https:\/\/www.autojm.fr\/blog\/wp-json\/wp\/v2\/media\/5663"}],"wp:attachment":[{"href":"https:\/\/www.autojm.fr\/blog\/wp-json\/wp\/v2\/media?parent=3600"}],"wp:term":[{"taxonomy":"category","embeddable":true,"href":"https:\/\/www.autojm.fr\/blog\/wp-json\/wp\/v2\/categories?post=3600"},{"taxonomy":"post_tag","embeddable":true,"href":"https:\/\/www.autojm.fr\/blog\/wp-json\/wp\/v2\/tags?post=3600"}],"curies":[{"name":"wp","href":"https:\/\/api.w.org\/{rel}","templated":true}]}}