{"id":3599,"date":"2015-01-28T00:00:00","date_gmt":"2015-01-28T00:00:00","guid":{"rendered":"https:\/\/www.autojm.fr\/blog\/peugeot-nouvelle-308-gt-a-decouvrir-sans-attendre\/"},"modified":"2023-09-15T12:21:10","modified_gmt":"2023-09-15T12:21:10","slug":"peugeot-nouvelle-308-gt-a-decouvrir-sans-attendre","status":"publish","type":"post","link":"https:\/\/www.autojm.fr\/blog\/peugeot-nouvelle-308-gt-a-decouvrir-sans-attendre\/","title":{"rendered":"Peugeot nouvelle 308 GT \u00e0 d\u00e9couvrir sans attendre"},"content":{"rendered":"<h2>Peugeot 308 GT, la petite nouvelle sur les gammes berline et SW.<\/h2>\n<p style=\"text-align: justify; background-image: initial; background-attachment: initial; background-size: initial; background-origin: initial; background-clip: initial; background-position: initial; background-repeat: initial;\"><span style=\"font-size: 9.0pt;\">En 2014, la n<\/span><span style=\"font-size: 9.0pt;\">ouvelle 308 <\/span><span style=\"font-size: 9.0pt;\">a \u00e9t\u00e9 consacr\u00e9e \u00ab\u00a0voiture de l&rsquo;ann\u00e9e\u00a0\u00bb, donc rien de plus normal pour Peugeot d&rsquo;\u00e9largir sa gamme avec la version sportive de cette voiture : <strong>la nouvelle 308 GT et nouvelle 308 GT SW.<\/strong><\/span><\/p>\n<p style=\"text-align: justify; background-image: initial; background-attachment: initial; background-size: initial; background-origin: initial; background-clip: initial; background-position: initial; background-repeat: initial;\"><span style=\"font-size: 9.0pt;\">Pour le grand plaisir des connaisseurs et amateurs de v\u00e9hicules sportifs, la GT a donc rejoint il y a quelques jours seulement la famille 308.Peugeot la d\u00e9crit comme un v\u00e9hicule avec un style \u00ab\u00a0affirm\u00e9 et des performances dynamiques remarquables\u00a0\u00bb. Ainsi, Peugeot renoue avec sa tradition des compactes sportives, 309 GTI et autres 306 S16, mise en sommeil depuis les ann\u00e9es 2000.<\/span><\/p>\n<p style=\"text-align: justify; background-image: initial; background-attachment: initial; background-size: initial; background-origin: initial; background-clip: initial; background-position: initial; background-repeat: initial;\"><span style=\"font-size: 9.0pt;\">Attention tout de m\u00eame, cette nouvelle 308 n&rsquo;est pas une M\u00e9gane RS ou une Audi de s\u00e9rie S! Mais comme son nom l&rsquo;indique une voiture Grand Tourisme, soit une voiture plus puissante que la moyenne gardant son c\u00f4t\u00e9 confortable. A ce titre, Peugeot d\u00e9cline donc logiquement cette voiture au format break plus familiale.<\/span><\/p>\n<p style=\"background-image: initial; background-attachment: initial; background-size: initial; background-origin: initial; background-clip: initial; background-position: initial; background-repeat: initial;\"><span style=\"font-size: 9.0pt;\">Les principales diff\u00e9rences avec la version \u00ab\u00a0simple\u00a0\u00bb de la 308 berline :<br \/>\n&#8211; une assiette abaiss\u00e9e de 7 mm l&rsquo;avant et 10 MM \u00e0 l&rsquo;arri\u00e8re,<br \/>\n&#8211; le retour du lion sur la calandre aux trois griffes,<br \/>\n&#8211; des jantes 18 pouces diamant\u00e9es bi aspect,<br \/>\n&#8211; une signature lumineuse \u00e0 LED avec indicateurs de direction exclusifs \u00e0 affichage LED d\u00e9filant.<\/span><\/p>\n<p style=\"background-image: initial; background-attachment: initial; background-size: initial; background-origin: initial; background-clip: initial; background-position: initial; background-repeat: initial;\"><span style=\"font-size: 9.0pt;\">&#8211; A l&rsquo;arri\u00e8re un diffuseur noir laqu\u00e9 \u00e0 doubles canules d&rsquo;\u00e9chappement.<\/span><\/p>\n<p style=\"text-align: justify; background-image: initial; background-attachment: initial; background-size: initial; background-origin: initial; background-clip: initial; background-position: initial; background-repeat: initial;\"><span style=\"font-size: 9.0pt;\">De plus, Peugeot propose un nouveau coloris, cr\u00e9\u00e9 pour cette voiture :le Bleu Magnetic Exclusive, bleu r\u00e9serv\u00e9 historiquement aux v\u00e9hicules de course.<\/span><\/p>\n<p style=\"background-image: initial; background-attachment: initial; background-size: initial; background-origin: initial; background-clip: initial; background-position: initial; background-repeat: initial;\"><span style=\"font-size: 9.0pt;\">A l&rsquo;int\u00e9rieur de l&rsquo;habitacle, la 308 GT a tout d&rsquo;une sportive :<br \/>\n&#8211; p\u00e9dalier alu,<br \/>\n&#8211; seuils de porte,<br \/>\n&#8211; ciel de toit et \u00e9b\u00e9nisteries hautes anthracite,<br \/>\n&#8211; une omnipr\u00e9sence de surpiq\u00fbres rouges sur la sellerie simili-cuir-Alcantara , planche de bord et panneaux de porte.<\/span><\/p>\n<p style=\"background-image: initial; background-attachment: initial; background-size: initial; background-origin: initial; background-clip: initial; background-position: initial; background-repeat: initial;\"><span style=\"font-size: 9.0pt;\">C\u00f4t\u00e9 motorisation, la 308 GT int\u00e8gre 2 nouveaux moteurs :<br \/>\n&#8211;<\/span><a href=\"https:\/\/www.autojm.fr\/mandataire-voitures-neuves-peugeot\"><span style=\"font-size: 9.0pt;\">308 GT Essence<\/span><\/a><span style=\"font-size: 9.0pt;\">: 1,6l Turbo THP 205 S&amp;S,<br \/>\n&#8211;<\/span><a href=\"https:\/\/www.autojm.fr\/mandataire-voitures-neuves-peugeot\"><span style=\"font-size: 9.0pt;\">308 GT Diesel<\/span><\/a><span style=\"font-size: 9.0pt;\">: 2l BlueHDi 180<\/span><\/p>\n<p style=\"text-align: justify; background-image: initial; background-attachment: initial; background-size: initial; background-origin: initial; background-clip: initial; background-position: initial; background-repeat: initial;\"><span style=\"font-size: 9.0pt;\">\u00c0 bord, on embarque dans l&rsquo;univers <b><\/b><strong>Peugeot i-Cockpit <\/strong>avec affichage t\u00eate haute, petit volant avec cuir perfor\u00e9 int\u00e9grant le log Peugeot GT, un \u00e9cran tactile rouge et noir, appel\u00e9 Redline. Attention tout cela reste tout de m\u00eame tr\u00e8s sobre, et on s&rsquo;approche l\u00e0 encore de tr\u00e8s pr\u00e8s \u00e0 la simplicit\u00e9 allemande, sans que cela ne devienne non plus de l&rsquo;aust\u00e9rit\u00e9.<\/span><\/p>\n<p style=\"text-align: justify; background-image: initial; background-attachment: initial; background-size: initial; background-origin: initial; background-clip: initial; background-position: initial; background-repeat: initial;\"><span style=\"font-size: 9.0pt;\">C\u00f4t\u00e9 sportif, Peugeot a agr\u00e9ment\u00e9 la voiture d&rsquo;un bouton \u00ab\u00a0Sport\u00a0\u00bb. Vous profiterez pleinement du Driver Sport Pack, activable depuis la console centrale pour plus de sensations sportives (sonorit\u00e9 du moteur sortant des enceintes de la voiture, combin\u00e9 \u00e0 l&rsquo;affichage rouge, affichage de donn\u00e9es relatives \u00e0 l&rsquo;acc\u00e9l\u00e9ration, la pression de suralimentation&#8230;). A noter aussi, l&rsquo;affermissement de la direction et des cartographies qui donnent toute leur mesure aux moteurs \u00e9quipant la nouvelle Peugeot.<\/span><\/p>\n<div>Ainsi sur la version essence, la petite sportive affiche un honorable 7.5 secondes de 0 \u00e0 100M contre 8.4 secondes pour la version Diesel de 180ch<\/div>\n<div>Cerise sur le g\u00e2teau, quelle que soit la motorisation, la consommation reste r\u00e9duite avec 4 L\/100 km pour la version diesel et 5.6 L\/100 km pour la version essence.<\/div>\n<p style=\"text-align: justify; background-image: initial; background-attachment: initial; background-size: initial; background-origin: initial; background-clip: initial; background-position: initial; background-repeat: initial;\">A noter aussi que la GT est la petite derni\u00e8re fabriqu\u00e9e dans les usines de Sochaux, dans le Doubs.<\/p>\n","protected":false},"excerpt":{"rendered":"<p>En 2014, la Nouvelle 308 a \u00e9t\u00e9 consacr\u00e9e \u00ab\u00a0voiture de l&rsquo;ann\u00e9e\u00a0\u00bb, donc rien de plus normal pour Peugeot d&rsquo;\u00e9largir sa gamme avec la version sportive de cette voiture : la nouvelle 308 GT et nouvelle 308 GT SW.<\/p>\n","protected":false},"author":1,"featured_media":5662,"comment_status":"open","ping_status":"open","sticky":false,"template":"","format":"standard","meta":{"_acf_changed":false,"content-type":"","footnotes":""},"categories":[235,61],"tags":[90,73,153,137],"class_list":["post-3599","post","type-post","status-publish","format-standard","has-post-thumbnail","hentry","category-nouveaute-peugeot","category-nouveautes-autos","tag-autojm","tag-peugeot","tag-peugeot-308","tag-peugeot-308-sw"],"acf":[],"yoast_head":"<!-- This site is optimized with the Yoast SEO plugin v27.5 - https:\/\/yoast.com\/product\/yoast-seo-wordpress\/ -->\n<title>Peugeot nouvelle 308 GT \u00e0 d\u00e9couvrir sans attendre - AutoJM Mag<\/title>\n<meta name=\"description\" content=\"En 2014, la Nouvelle 308 a \u00e9t\u00e9 consacr\u00e9e &quot;voiture de l&#039;ann\u00e9e&quot;, donc rien de plus normal pour Peugeot d&#039;\u00e9largir sa gamme avec la version...\" \/>\n<meta name=\"robots\" content=\"index, follow, max-snippet:-1, max-image-preview:large, max-video-preview:-1\" \/>\n<link rel=\"canonical\" href=\"https:\/\/www.autojm.fr\/blog\/peugeot-nouvelle-308-gt-a-decouvrir-sans-attendre\/\" \/>\n<meta property=\"og:locale\" content=\"fr_FR\" \/>\n<meta property=\"og:type\" content=\"article\" \/>\n<meta property=\"og:title\" content=\"Peugeot nouvelle 308 GT \u00e0 d\u00e9couvrir sans attendre - AutoJM Mag\" \/>\n<meta property=\"og:description\" content=\"En 2014, la Nouvelle 308 a \u00e9t\u00e9 consacr\u00e9e &quot;voiture de l&#039;ann\u00e9e&quot;, donc rien de plus normal pour Peugeot d&#039;\u00e9largir sa gamme avec la version...\" \/>\n<meta property=\"og:url\" content=\"https:\/\/www.autojm.fr\/blog\/peugeot-nouvelle-308-gt-a-decouvrir-sans-attendre\/\" \/>\n<meta property=\"og:site_name\" content=\"AutoJM Mag\" \/>\n<meta property=\"article:publisher\" content=\"https:\/\/www.facebook.com\/AutoJM25\" \/>\n<meta property=\"article:published_time\" content=\"2015-01-28T00:00:00+00:00\" \/>\n<meta property=\"article:modified_time\" content=\"2023-09-15T12:21:10+00:00\" \/>\n<meta property=\"og:image\" content=\"https:\/\/www.autojm.fr\/blog\/wp-content\/uploads\/2022\/10\/313.jpg\" \/>\n\t<meta property=\"og:image:width\" content=\"633\" \/>\n\t<meta property=\"og:image:height\" content=\"400\" \/>\n\t<meta property=\"og:image:type\" content=\"image\/jpeg\" \/>\n<meta name=\"author\" content=\"Autojm\" \/>\n<meta name=\"twitter:card\" content=\"summary_large_image\" \/>\n<meta name=\"twitter:label1\" content=\"\u00c9crit par\" \/>\n\t<meta name=\"twitter:data1\" content=\"Autojm\" \/>\n\t<meta name=\"twitter:label2\" content=\"Dur\u00e9e de lecture estim\u00e9e\" \/>\n\t<meta name=\"twitter:data2\" content=\"3 minutes\" \/>\n<script type=\"application\/ld+json\" class=\"yoast-schema-graph\">{\"@context\":\"https:\\\/\\\/schema.org\",\"@graph\":[{\"@type\":\"Article\",\"@id\":\"https:\\\/\\\/www.autojm.fr\\\/blog\\\/peugeot-nouvelle-308-gt-a-decouvrir-sans-attendre\\\/#article\",\"isPartOf\":{\"@id\":\"https:\\\/\\\/www.autojm.fr\\\/blog\\\/peugeot-nouvelle-308-gt-a-decouvrir-sans-attendre\\\/\"},\"author\":{\"name\":\"Autojm\",\"@id\":\"https:\\\/\\\/www.autojm.fr\\\/blog\\\/#\\\/schema\\\/person\\\/9742bc77541853e0de81fc57f947e1a0\"},\"headline\":\"Peugeot nouvelle 308 GT \u00e0 d\u00e9couvrir sans attendre\",\"datePublished\":\"2015-01-28T00:00:00+00:00\",\"dateModified\":\"2023-09-15T12:21:10+00:00\",\"mainEntityOfPage\":{\"@id\":\"https:\\\/\\\/www.autojm.fr\\\/blog\\\/peugeot-nouvelle-308-gt-a-decouvrir-sans-attendre\\\/\"},\"wordCount\":547,\"commentCount\":0,\"publisher\":{\"@id\":\"https:\\\/\\\/www.autojm.fr\\\/blog\\\/#organization\"},\"image\":{\"@id\":\"https:\\\/\\\/www.autojm.fr\\\/blog\\\/peugeot-nouvelle-308-gt-a-decouvrir-sans-attendre\\\/#primaryimage\"},\"thumbnailUrl\":\"https:\\\/\\\/www.autojm.fr\\\/blog\\\/wp-content\\\/uploads\\\/2022\\\/10\\\/313.jpg\",\"keywords\":[\"autojm\",\"peugeot\",\"Peugeot 308\",\"Peugeot 308 SW\"],\"articleSection\":[\"Nouveaut\u00e9 Peugeot\",\"Nouveaut\u00e9s Autos\"],\"inLanguage\":\"fr-FR\",\"potentialAction\":[{\"@type\":\"CommentAction\",\"name\":\"Comment\",\"target\":[\"https:\\\/\\\/www.autojm.fr\\\/blog\\\/peugeot-nouvelle-308-gt-a-decouvrir-sans-attendre\\\/#respond\"]}]},{\"@type\":\"WebPage\",\"@id\":\"https:\\\/\\\/www.autojm.fr\\\/blog\\\/peugeot-nouvelle-308-gt-a-decouvrir-sans-attendre\\\/\",\"url\":\"https:\\\/\\\/www.autojm.fr\\\/blog\\\/peugeot-nouvelle-308-gt-a-decouvrir-sans-attendre\\\/\",\"name\":\"Peugeot nouvelle 308 GT \u00e0 d\u00e9couvrir sans attendre - AutoJM Mag\",\"isPartOf\":{\"@id\":\"https:\\\/\\\/www.autojm.fr\\\/blog\\\/#website\"},\"primaryImageOfPage\":{\"@id\":\"https:\\\/\\\/www.autojm.fr\\\/blog\\\/peugeot-nouvelle-308-gt-a-decouvrir-sans-attendre\\\/#primaryimage\"},\"image\":{\"@id\":\"https:\\\/\\\/www.autojm.fr\\\/blog\\\/peugeot-nouvelle-308-gt-a-decouvrir-sans-attendre\\\/#primaryimage\"},\"thumbnailUrl\":\"https:\\\/\\\/www.autojm.fr\\\/blog\\\/wp-content\\\/uploads\\\/2022\\\/10\\\/313.jpg\",\"datePublished\":\"2015-01-28T00:00:00+00:00\",\"dateModified\":\"2023-09-15T12:21:10+00:00\",\"description\":\"En 2014, la Nouvelle 308 a \u00e9t\u00e9 consacr\u00e9e \\\"voiture de l'ann\u00e9e\\\", donc rien de plus normal pour Peugeot d'\u00e9largir sa gamme avec la version...\",\"breadcrumb\":{\"@id\":\"https:\\\/\\\/www.autojm.fr\\\/blog\\\/peugeot-nouvelle-308-gt-a-decouvrir-sans-attendre\\\/#breadcrumb\"},\"inLanguage\":\"fr-FR\",\"potentialAction\":[{\"@type\":\"ReadAction\",\"target\":[\"https:\\\/\\\/www.autojm.fr\\\/blog\\\/peugeot-nouvelle-308-gt-a-decouvrir-sans-attendre\\\/\"]}]},{\"@type\":\"ImageObject\",\"inLanguage\":\"fr-FR\",\"@id\":\"https:\\\/\\\/www.autojm.fr\\\/blog\\\/peugeot-nouvelle-308-gt-a-decouvrir-sans-attendre\\\/#primaryimage\",\"url\":\"https:\\\/\\\/www.autojm.fr\\\/blog\\\/wp-content\\\/uploads\\\/2022\\\/10\\\/313.jpg\",\"contentUrl\":\"https:\\\/\\\/www.autojm.fr\\\/blog\\\/wp-content\\\/uploads\\\/2022\\\/10\\\/313.jpg\",\"width\":633,\"height\":400,\"caption\":\"Peugeot 308\"},{\"@type\":\"BreadcrumbList\",\"@id\":\"https:\\\/\\\/www.autojm.fr\\\/blog\\\/peugeot-nouvelle-308-gt-a-decouvrir-sans-attendre\\\/#breadcrumb\",\"itemListElement\":[{\"@type\":\"ListItem\",\"position\":1,\"name\":\"Accueil\",\"item\":\"https:\\\/\\\/www.autojm.fr\\\/blog\\\/\"},{\"@type\":\"ListItem\",\"position\":2,\"name\":\"Nouveaut\u00e9s Autos\",\"item\":\"https:\\\/\\\/www.autojm.fr\\\/blog\\\/nouveautes-autos\\\/\"},{\"@type\":\"ListItem\",\"position\":3,\"name\":\"Peugeot nouvelle 308 GT \u00e0 d\u00e9couvrir sans attendre\"}]},{\"@type\":\"WebSite\",\"@id\":\"https:\\\/\\\/www.autojm.fr\\\/blog\\\/#website\",\"url\":\"https:\\\/\\\/www.autojm.fr\\\/blog\\\/\",\"name\":\"AutoJM Mag\",\"description\":\"Toute l&#039;actu auto en 1 clic !\",\"publisher\":{\"@id\":\"https:\\\/\\\/www.autojm.fr\\\/blog\\\/#organization\"},\"potentialAction\":[{\"@type\":\"SearchAction\",\"target\":{\"@type\":\"EntryPoint\",\"urlTemplate\":\"https:\\\/\\\/www.autojm.fr\\\/blog\\\/?s={search_term_string}\"},\"query-input\":{\"@type\":\"PropertyValueSpecification\",\"valueRequired\":true,\"valueName\":\"search_term_string\"}}],\"inLanguage\":\"fr-FR\"},{\"@type\":\"Organization\",\"@id\":\"https:\\\/\\\/www.autojm.fr\\\/blog\\\/#organization\",\"name\":\"AutoJM Mag\",\"url\":\"https:\\\/\\\/www.autojm.fr\\\/blog\\\/\",\"logo\":{\"@type\":\"ImageObject\",\"inLanguage\":\"fr-FR\",\"@id\":\"https:\\\/\\\/www.autojm.fr\\\/blog\\\/#\\\/schema\\\/logo\\\/image\\\/\",\"url\":\"https:\\\/\\\/www.autojm.fr\\\/blog\\\/wp-content\\\/uploads\\\/2022\\\/12\\\/cropped-AutoJMag-png.png\",\"contentUrl\":\"https:\\\/\\\/www.autojm.fr\\\/blog\\\/wp-content\\\/uploads\\\/2022\\\/12\\\/cropped-AutoJMag-png.png\",\"width\":2834,\"height\":585,\"caption\":\"AutoJM Mag\"},\"image\":{\"@id\":\"https:\\\/\\\/www.autojm.fr\\\/blog\\\/#\\\/schema\\\/logo\\\/image\\\/\"},\"sameAs\":[\"https:\\\/\\\/www.facebook.com\\\/AutoJM25\"]},{\"@type\":\"Person\",\"@id\":\"https:\\\/\\\/www.autojm.fr\\\/blog\\\/#\\\/schema\\\/person\\\/9742bc77541853e0de81fc57f947e1a0\",\"name\":\"Autojm\",\"image\":{\"@type\":\"ImageObject\",\"inLanguage\":\"fr-FR\",\"@id\":\"https:\\\/\\\/secure.gravatar.com\\\/avatar\\\/9a959d52b758fcc232fe4b6aca7bab139182573297122cce7d6f2ee0e537b418?s=96&d=mm&r=g\",\"url\":\"https:\\\/\\\/secure.gravatar.com\\\/avatar\\\/9a959d52b758fcc232fe4b6aca7bab139182573297122cce7d6f2ee0e537b418?s=96&d=mm&r=g\",\"contentUrl\":\"https:\\\/\\\/secure.gravatar.com\\\/avatar\\\/9a959d52b758fcc232fe4b6aca7bab139182573297122cce7d6f2ee0e537b418?s=96&d=mm&r=g\",\"caption\":\"Autojm\"},\"sameAs\":[\"https:\\\/\\\/www.autojm.fr\\\/blog\"],\"url\":\"https:\\\/\\\/www.autojm.fr\\\/blog\\\/author\\\/bichoi\\\/\"}]}<\/script>\n<!-- \/ Yoast SEO plugin. -->","yoast_head_json":{"title":"Peugeot nouvelle 308 GT \u00e0 d\u00e9couvrir sans attendre - AutoJM Mag","description":"En 2014, la Nouvelle 308 a \u00e9t\u00e9 consacr\u00e9e \"voiture de l'ann\u00e9e\", donc rien de plus normal pour Peugeot d'\u00e9largir sa gamme avec la version...","robots":{"index":"index","follow":"follow","max-snippet":"max-snippet:-1","max-image-preview":"max-image-preview:large","max-video-preview":"max-video-preview:-1"},"canonical":"https:\/\/www.autojm.fr\/blog\/peugeot-nouvelle-308-gt-a-decouvrir-sans-attendre\/","og_locale":"fr_FR","og_type":"article","og_title":"Peugeot nouvelle 308 GT \u00e0 d\u00e9couvrir sans attendre - AutoJM Mag","og_description":"En 2014, la Nouvelle 308 a \u00e9t\u00e9 consacr\u00e9e \"voiture de l'ann\u00e9e\", donc rien de plus normal pour Peugeot d'\u00e9largir sa gamme avec la version...","og_url":"https:\/\/www.autojm.fr\/blog\/peugeot-nouvelle-308-gt-a-decouvrir-sans-attendre\/","og_site_name":"AutoJM Mag","article_publisher":"https:\/\/www.facebook.com\/AutoJM25","article_published_time":"2015-01-28T00:00:00+00:00","article_modified_time":"2023-09-15T12:21:10+00:00","og_image":[{"width":633,"height":400,"url":"https:\/\/www.autojm.fr\/blog\/wp-content\/uploads\/2022\/10\/313.jpg","type":"image\/jpeg"}],"author":"Autojm","twitter_card":"summary_large_image","twitter_misc":{"\u00c9crit par":"Autojm","Dur\u00e9e de lecture estim\u00e9e":"3 minutes"},"schema":{"@context":"https:\/\/schema.org","@graph":[{"@type":"Article","@id":"https:\/\/www.autojm.fr\/blog\/peugeot-nouvelle-308-gt-a-decouvrir-sans-attendre\/#article","isPartOf":{"@id":"https:\/\/www.autojm.fr\/blog\/peugeot-nouvelle-308-gt-a-decouvrir-sans-attendre\/"},"author":{"name":"Autojm","@id":"https:\/\/www.autojm.fr\/blog\/#\/schema\/person\/9742bc77541853e0de81fc57f947e1a0"},"headline":"Peugeot nouvelle 308 GT \u00e0 d\u00e9couvrir sans attendre","datePublished":"2015-01-28T00:00:00+00:00","dateModified":"2023-09-15T12:21:10+00:00","mainEntityOfPage":{"@id":"https:\/\/www.autojm.fr\/blog\/peugeot-nouvelle-308-gt-a-decouvrir-sans-attendre\/"},"wordCount":547,"commentCount":0,"publisher":{"@id":"https:\/\/www.autojm.fr\/blog\/#organization"},"image":{"@id":"https:\/\/www.autojm.fr\/blog\/peugeot-nouvelle-308-gt-a-decouvrir-sans-attendre\/#primaryimage"},"thumbnailUrl":"https:\/\/www.autojm.fr\/blog\/wp-content\/uploads\/2022\/10\/313.jpg","keywords":["autojm","peugeot","Peugeot 308","Peugeot 308 SW"],"articleSection":["Nouveaut\u00e9 Peugeot","Nouveaut\u00e9s Autos"],"inLanguage":"fr-FR","potentialAction":[{"@type":"CommentAction","name":"Comment","target":["https:\/\/www.autojm.fr\/blog\/peugeot-nouvelle-308-gt-a-decouvrir-sans-attendre\/#respond"]}]},{"@type":"WebPage","@id":"https:\/\/www.autojm.fr\/blog\/peugeot-nouvelle-308-gt-a-decouvrir-sans-attendre\/","url":"https:\/\/www.autojm.fr\/blog\/peugeot-nouvelle-308-gt-a-decouvrir-sans-attendre\/","name":"Peugeot nouvelle 308 GT \u00e0 d\u00e9couvrir sans attendre - AutoJM Mag","isPartOf":{"@id":"https:\/\/www.autojm.fr\/blog\/#website"},"primaryImageOfPage":{"@id":"https:\/\/www.autojm.fr\/blog\/peugeot-nouvelle-308-gt-a-decouvrir-sans-attendre\/#primaryimage"},"image":{"@id":"https:\/\/www.autojm.fr\/blog\/peugeot-nouvelle-308-gt-a-decouvrir-sans-attendre\/#primaryimage"},"thumbnailUrl":"https:\/\/www.autojm.fr\/blog\/wp-content\/uploads\/2022\/10\/313.jpg","datePublished":"2015-01-28T00:00:00+00:00","dateModified":"2023-09-15T12:21:10+00:00","description":"En 2014, la Nouvelle 308 a \u00e9t\u00e9 consacr\u00e9e \"voiture de l'ann\u00e9e\", donc rien de plus normal pour Peugeot d'\u00e9largir sa gamme avec la version...","breadcrumb":{"@id":"https:\/\/www.autojm.fr\/blog\/peugeot-nouvelle-308-gt-a-decouvrir-sans-attendre\/#breadcrumb"},"inLanguage":"fr-FR","potentialAction":[{"@type":"ReadAction","target":["https:\/\/www.autojm.fr\/blog\/peugeot-nouvelle-308-gt-a-decouvrir-sans-attendre\/"]}]},{"@type":"ImageObject","inLanguage":"fr-FR","@id":"https:\/\/www.autojm.fr\/blog\/peugeot-nouvelle-308-gt-a-decouvrir-sans-attendre\/#primaryimage","url":"https:\/\/www.autojm.fr\/blog\/wp-content\/uploads\/2022\/10\/313.jpg","contentUrl":"https:\/\/www.autojm.fr\/blog\/wp-content\/uploads\/2022\/10\/313.jpg","width":633,"height":400,"caption":"Peugeot 308"},{"@type":"BreadcrumbList","@id":"https:\/\/www.autojm.fr\/blog\/peugeot-nouvelle-308-gt-a-decouvrir-sans-attendre\/#breadcrumb","itemListElement":[{"@type":"ListItem","position":1,"name":"Accueil","item":"https:\/\/www.autojm.fr\/blog\/"},{"@type":"ListItem","position":2,"name":"Nouveaut\u00e9s Autos","item":"https:\/\/www.autojm.fr\/blog\/nouveautes-autos\/"},{"@type":"ListItem","position":3,"name":"Peugeot nouvelle 308 GT \u00e0 d\u00e9couvrir sans attendre"}]},{"@type":"WebSite","@id":"https:\/\/www.autojm.fr\/blog\/#website","url":"https:\/\/www.autojm.fr\/blog\/","name":"AutoJM Mag","description":"Toute l&#039;actu auto en 1 clic !","publisher":{"@id":"https:\/\/www.autojm.fr\/blog\/#organization"},"potentialAction":[{"@type":"SearchAction","target":{"@type":"EntryPoint","urlTemplate":"https:\/\/www.autojm.fr\/blog\/?s={search_term_string}"},"query-input":{"@type":"PropertyValueSpecification","valueRequired":true,"valueName":"search_term_string"}}],"inLanguage":"fr-FR"},{"@type":"Organization","@id":"https:\/\/www.autojm.fr\/blog\/#organization","name":"AutoJM Mag","url":"https:\/\/www.autojm.fr\/blog\/","logo":{"@type":"ImageObject","inLanguage":"fr-FR","@id":"https:\/\/www.autojm.fr\/blog\/#\/schema\/logo\/image\/","url":"https:\/\/www.autojm.fr\/blog\/wp-content\/uploads\/2022\/12\/cropped-AutoJMag-png.png","contentUrl":"https:\/\/www.autojm.fr\/blog\/wp-content\/uploads\/2022\/12\/cropped-AutoJMag-png.png","width":2834,"height":585,"caption":"AutoJM Mag"},"image":{"@id":"https:\/\/www.autojm.fr\/blog\/#\/schema\/logo\/image\/"},"sameAs":["https:\/\/www.facebook.com\/AutoJM25"]},{"@type":"Person","@id":"https:\/\/www.autojm.fr\/blog\/#\/schema\/person\/9742bc77541853e0de81fc57f947e1a0","name":"Autojm","image":{"@type":"ImageObject","inLanguage":"fr-FR","@id":"https:\/\/secure.gravatar.com\/avatar\/9a959d52b758fcc232fe4b6aca7bab139182573297122cce7d6f2ee0e537b418?s=96&d=mm&r=g","url":"https:\/\/secure.gravatar.com\/avatar\/9a959d52b758fcc232fe4b6aca7bab139182573297122cce7d6f2ee0e537b418?s=96&d=mm&r=g","contentUrl":"https:\/\/secure.gravatar.com\/avatar\/9a959d52b758fcc232fe4b6aca7bab139182573297122cce7d6f2ee0e537b418?s=96&d=mm&r=g","caption":"Autojm"},"sameAs":["https:\/\/www.autojm.fr\/blog"],"url":"https:\/\/www.autojm.fr\/blog\/author\/bichoi\/"}]}},"_links":{"self":[{"href":"https:\/\/www.autojm.fr\/blog\/wp-json\/wp\/v2\/posts\/3599","targetHints":{"allow":["GET"]}}],"collection":[{"href":"https:\/\/www.autojm.fr\/blog\/wp-json\/wp\/v2\/posts"}],"about":[{"href":"https:\/\/www.autojm.fr\/blog\/wp-json\/wp\/v2\/types\/post"}],"author":[{"embeddable":true,"href":"https:\/\/www.autojm.fr\/blog\/wp-json\/wp\/v2\/users\/1"}],"replies":[{"embeddable":true,"href":"https:\/\/www.autojm.fr\/blog\/wp-json\/wp\/v2\/comments?post=3599"}],"version-history":[{"count":6,"href":"https:\/\/www.autojm.fr\/blog\/wp-json\/wp\/v2\/posts\/3599\/revisions"}],"predecessor-version":[{"id":12713,"href":"https:\/\/www.autojm.fr\/blog\/wp-json\/wp\/v2\/posts\/3599\/revisions\/12713"}],"wp:featuredmedia":[{"embeddable":true,"href":"https:\/\/www.autojm.fr\/blog\/wp-json\/wp\/v2\/media\/5662"}],"wp:attachment":[{"href":"https:\/\/www.autojm.fr\/blog\/wp-json\/wp\/v2\/media?parent=3599"}],"wp:term":[{"taxonomy":"category","embeddable":true,"href":"https:\/\/www.autojm.fr\/blog\/wp-json\/wp\/v2\/categories?post=3599"},{"taxonomy":"post_tag","embeddable":true,"href":"https:\/\/www.autojm.fr\/blog\/wp-json\/wp\/v2\/tags?post=3599"}],"curies":[{"name":"wp","href":"https:\/\/api.w.org\/{rel}","templated":true}]}}