{"id":3597,"date":"2014-12-30T11:05:00","date_gmt":"2014-12-30T11:05:00","guid":{"rendered":"https:\/\/www.autojm.fr\/blog\/preparer-lhiver-equipements-speciaux-obligatoires\/"},"modified":"2023-04-19T14:35:16","modified_gmt":"2023-04-19T14:35:16","slug":"preparer-lhiver-equipements-speciaux-obligatoires","status":"publish","type":"post","link":"https:\/\/www.autojm.fr\/blog\/preparer-lhiver-equipements-speciaux-obligatoires\/","title":{"rendered":"Pr\u00e9parer l&rsquo;hiver : \u00e9quipements sp\u00e9ciaux obligatoires ?"},"content":{"rendered":"<h1><span style=\"font-family: Arial, Helvetica, sans-serif; color: #d3145a; font-size: 12px;\">Sp\u00e9cial hiver : Faut-il rendre obligatoire les \u00e9quipements sp\u00e9ciaux pour acc\u00e9der aux stations ?<\/span><\/h1>\n<p>Suite \u00e0 la panique g\u00e9n\u00e9rale du weekend dernier \u00e0 cause des probl\u00e8mes d&rsquo;acc\u00e8s aux stations pour les vacanciers, faut-il que les \u00e9quipements de type <a href=\"http:\/\/www.1001pneus.fr\/pneus-hiver-neige.html\">pneus neige<\/a> ou <a href=\"http:\/\/www.allopneus.com\/accessoires\/chaine-neige.html\">chaines \u00e0 neige<\/a>\u00a0soient obligatoires ?<\/p>\n<p>En effet, le weekend dernier a \u00e9t\u00e9 un cauchemar pour les vacanciers se rendant aux stations savoyardes, ont \u00e9t\u00e9 bloqu\u00e9s dans la neige. De ce fait, plus de 15 000 personnes ont \u00e9t\u00e9 log\u00e9s d&rsquo;urgence.<\/p>\n<p><strong>Une question se pose donc : Faut-il rendre obligatoire les \u00e9quipements ?<\/strong><br \/>\nLors de sa derni\u00e8re interview sur BFM TV, le ministre de l&rsquo;int\u00e9rieur parle \u00ab\u00a0d&rsquo;incitation\u00a0\u00bb et non \u00ab\u00a0d&rsquo;obligation\u00a0\u00bb : \u00abIl serait raisonnable de regarder les conditions dans lesquelles on peut, de fa\u00e7on pr\u00e9ventive, (les) inciter \u00e0 mieux s&rsquo;\u00e9quiper\u00bb.<\/p>\n<p>Actuellement, les cha\u00eenes sont obligatoires uniquement lorsqu&rsquo;il y a le panneau rond et bleu avec le dessin d&rsquo;un pneu avec des cha\u00eenes. L&rsquo;absence de chaines ne sera pas verbalisable mais vous serez tr\u00e8s gentiment \u00e0 rebrousser chemin.<\/p>\n<p>Dans d&rsquo;autres pays Europ\u00e9ens, tels que l&rsquo;Allemagne, l&rsquo;Autriche, le Luxembourg, les pays baltes ..les \u00e9quipements sp\u00e9ciaux sont obligatoires si les conditions m\u00e9t\u00e9orologiques l&rsquo;exigent sous peine d&rsquo;amende ou de saisie du v\u00e9hicule.<\/p>\n<p>En attendant, voici quelques conseils pour affronter l&rsquo;hiver !<\/p>\n<p><a href=\"http:\/\/www.20minutes.fr\/societe\/1507583-20141229-automobile-faut-rendre-obligatoires-chaines-pneus-neige-montagne\"><em><span style=\"font-size: xx-small;\">Source 20 minutes<\/span><\/em><\/a><\/p>\n","protected":false},"excerpt":{"rendered":"<p>Suite \u00e0 la panique g\u00e9n\u00e9rale du weekend dernier \u00e0 cause des probl\u00e8mes d&rsquo;acc\u00e8s aux stations pour les vacanciers, faut-il que les \u00e9quipements de type pneus neige ou chaines \u00e0 neige\u00a0soient obligatoires ?<\/p>\n","protected":false},"author":1,"featured_media":5661,"comment_status":"open","ping_status":"open","sticky":false,"template":"","format":"standard","meta":{"_acf_changed":false,"content-type":"","footnotes":""},"categories":[22],"tags":[90,85,74,105,110,109,106,108,107,73,78,169,96],"class_list":["post-3597","post","type-post","status-publish","format-standard","has-post-thumbnail","hentry","category-conseils-astuces","tag-autojm","tag-citroen-2","tag-dacia","tag-ds","tag-fiat","tag-ford","tag-kia","tag-nissan","tag-opel","tag-peugeot","tag-renault","tag-toyota","tag-volkswagen"],"acf":[],"yoast_head":"<!-- This site is optimized with the Yoast SEO plugin v27.5 - https:\/\/yoast.com\/product\/yoast-seo-wordpress\/ -->\n<title>Pr\u00e9parer l&#039;hiver : \u00e9quipements sp\u00e9ciaux obligatoires ? AutoJM Mag<\/title>\n<meta name=\"description\" content=\"Suite \u00e0 la panique g\u00e9n\u00e9rale du weekend dernier \u00e0 cause des probl\u00e8mes d&#039;acc\u00e8s aux stations pour les vacanciers, faut-il que les \u00e9quipements...\" \/>\n<meta name=\"robots\" content=\"index, follow, max-snippet:-1, max-image-preview:large, max-video-preview:-1\" \/>\n<link rel=\"canonical\" href=\"https:\/\/www.autojm.fr\/blog\/preparer-lhiver-equipements-speciaux-obligatoires\/\" \/>\n<meta property=\"og:locale\" content=\"fr_FR\" \/>\n<meta property=\"og:type\" content=\"article\" \/>\n<meta property=\"og:title\" content=\"Pr\u00e9parer l&#039;hiver : \u00e9quipements sp\u00e9ciaux obligatoires ? AutoJM Mag\" \/>\n<meta property=\"og:description\" content=\"Suite \u00e0 la panique g\u00e9n\u00e9rale du weekend dernier \u00e0 cause des probl\u00e8mes d&#039;acc\u00e8s aux stations pour les vacanciers, faut-il que les \u00e9quipements...\" \/>\n<meta property=\"og:url\" content=\"https:\/\/www.autojm.fr\/blog\/preparer-lhiver-equipements-speciaux-obligatoires\/\" \/>\n<meta property=\"og:site_name\" content=\"AutoJM Mag\" \/>\n<meta property=\"article:publisher\" content=\"https:\/\/www.facebook.com\/AutoJM25\" \/>\n<meta property=\"article:published_time\" content=\"2014-12-30T11:05:00+00:00\" \/>\n<meta property=\"article:modified_time\" content=\"2023-04-19T14:35:16+00:00\" \/>\n<meta property=\"og:image\" content=\"https:\/\/www.autojm.fr\/blog\/wp-content\/uploads\/2022\/10\/311.jpg\" \/>\n\t<meta property=\"og:image:width\" content=\"648\" \/>\n\t<meta property=\"og:image:height\" content=\"415\" \/>\n\t<meta property=\"og:image:type\" content=\"image\/jpeg\" \/>\n<meta name=\"author\" content=\"Autojm\" \/>\n<meta name=\"twitter:card\" content=\"summary_large_image\" \/>\n<meta name=\"twitter:label1\" content=\"\u00c9crit par\" \/>\n\t<meta name=\"twitter:data1\" content=\"Autojm\" \/>\n\t<meta name=\"twitter:label2\" content=\"Dur\u00e9e de lecture estim\u00e9e\" \/>\n\t<meta name=\"twitter:data2\" content=\"2 minutes\" \/>\n<script type=\"application\/ld+json\" class=\"yoast-schema-graph\">{\"@context\":\"https:\\\/\\\/schema.org\",\"@graph\":[{\"@type\":\"Article\",\"@id\":\"https:\\\/\\\/www.autojm.fr\\\/blog\\\/preparer-lhiver-equipements-speciaux-obligatoires\\\/#article\",\"isPartOf\":{\"@id\":\"https:\\\/\\\/www.autojm.fr\\\/blog\\\/preparer-lhiver-equipements-speciaux-obligatoires\\\/\"},\"author\":{\"name\":\"Autojm\",\"@id\":\"https:\\\/\\\/www.autojm.fr\\\/blog\\\/#\\\/schema\\\/person\\\/9742bc77541853e0de81fc57f947e1a0\"},\"headline\":\"Pr\u00e9parer l&rsquo;hiver : \u00e9quipements sp\u00e9ciaux obligatoires ?\",\"datePublished\":\"2014-12-30T11:05:00+00:00\",\"dateModified\":\"2023-04-19T14:35:16+00:00\",\"mainEntityOfPage\":{\"@id\":\"https:\\\/\\\/www.autojm.fr\\\/blog\\\/preparer-lhiver-equipements-speciaux-obligatoires\\\/\"},\"wordCount\":225,\"commentCount\":0,\"publisher\":{\"@id\":\"https:\\\/\\\/www.autojm.fr\\\/blog\\\/#organization\"},\"image\":{\"@id\":\"https:\\\/\\\/www.autojm.fr\\\/blog\\\/preparer-lhiver-equipements-speciaux-obligatoires\\\/#primaryimage\"},\"thumbnailUrl\":\"https:\\\/\\\/www.autojm.fr\\\/blog\\\/wp-content\\\/uploads\\\/2022\\\/10\\\/311.jpg\",\"keywords\":[\"autojm\",\"Citro\u00ebn\",\"dacia\",\"DS\",\"Fiat\",\"Ford\",\"Kia\",\"Nissan\",\"Opel\",\"peugeot\",\"renault\",\"Toyota\",\"Volkswagen\"],\"articleSection\":[\"Conseils &amp; Astuces\"],\"inLanguage\":\"fr-FR\",\"potentialAction\":[{\"@type\":\"CommentAction\",\"name\":\"Comment\",\"target\":[\"https:\\\/\\\/www.autojm.fr\\\/blog\\\/preparer-lhiver-equipements-speciaux-obligatoires\\\/#respond\"]}]},{\"@type\":\"WebPage\",\"@id\":\"https:\\\/\\\/www.autojm.fr\\\/blog\\\/preparer-lhiver-equipements-speciaux-obligatoires\\\/\",\"url\":\"https:\\\/\\\/www.autojm.fr\\\/blog\\\/preparer-lhiver-equipements-speciaux-obligatoires\\\/\",\"name\":\"Pr\u00e9parer l'hiver : \u00e9quipements sp\u00e9ciaux obligatoires ? AutoJM Mag\",\"isPartOf\":{\"@id\":\"https:\\\/\\\/www.autojm.fr\\\/blog\\\/#website\"},\"primaryImageOfPage\":{\"@id\":\"https:\\\/\\\/www.autojm.fr\\\/blog\\\/preparer-lhiver-equipements-speciaux-obligatoires\\\/#primaryimage\"},\"image\":{\"@id\":\"https:\\\/\\\/www.autojm.fr\\\/blog\\\/preparer-lhiver-equipements-speciaux-obligatoires\\\/#primaryimage\"},\"thumbnailUrl\":\"https:\\\/\\\/www.autojm.fr\\\/blog\\\/wp-content\\\/uploads\\\/2022\\\/10\\\/311.jpg\",\"datePublished\":\"2014-12-30T11:05:00+00:00\",\"dateModified\":\"2023-04-19T14:35:16+00:00\",\"description\":\"Suite \u00e0 la panique g\u00e9n\u00e9rale du weekend dernier \u00e0 cause des probl\u00e8mes d'acc\u00e8s aux stations pour les vacanciers, faut-il que les \u00e9quipements...\",\"breadcrumb\":{\"@id\":\"https:\\\/\\\/www.autojm.fr\\\/blog\\\/preparer-lhiver-equipements-speciaux-obligatoires\\\/#breadcrumb\"},\"inLanguage\":\"fr-FR\",\"potentialAction\":[{\"@type\":\"ReadAction\",\"target\":[\"https:\\\/\\\/www.autojm.fr\\\/blog\\\/preparer-lhiver-equipements-speciaux-obligatoires\\\/\"]}]},{\"@type\":\"ImageObject\",\"inLanguage\":\"fr-FR\",\"@id\":\"https:\\\/\\\/www.autojm.fr\\\/blog\\\/preparer-lhiver-equipements-speciaux-obligatoires\\\/#primaryimage\",\"url\":\"https:\\\/\\\/www.autojm.fr\\\/blog\\\/wp-content\\\/uploads\\\/2022\\\/10\\\/311.jpg\",\"contentUrl\":\"https:\\\/\\\/www.autojm.fr\\\/blog\\\/wp-content\\\/uploads\\\/2022\\\/10\\\/311.jpg\",\"width\":648,\"height\":415,\"caption\":\"Hiver\"},{\"@type\":\"BreadcrumbList\",\"@id\":\"https:\\\/\\\/www.autojm.fr\\\/blog\\\/preparer-lhiver-equipements-speciaux-obligatoires\\\/#breadcrumb\",\"itemListElement\":[{\"@type\":\"ListItem\",\"position\":1,\"name\":\"Accueil\",\"item\":\"https:\\\/\\\/www.autojm.fr\\\/blog\\\/\"},{\"@type\":\"ListItem\",\"position\":2,\"name\":\"Conseils &amp; Astuces\",\"item\":\"https:\\\/\\\/www.autojm.fr\\\/blog\\\/conseils-astuces\\\/\"},{\"@type\":\"ListItem\",\"position\":3,\"name\":\"Pr\u00e9parer l&rsquo;hiver : \u00e9quipements sp\u00e9ciaux obligatoires ?\"}]},{\"@type\":\"WebSite\",\"@id\":\"https:\\\/\\\/www.autojm.fr\\\/blog\\\/#website\",\"url\":\"https:\\\/\\\/www.autojm.fr\\\/blog\\\/\",\"name\":\"AutoJM Mag\",\"description\":\"Toute l&#039;actu auto en 1 clic !\",\"publisher\":{\"@id\":\"https:\\\/\\\/www.autojm.fr\\\/blog\\\/#organization\"},\"potentialAction\":[{\"@type\":\"SearchAction\",\"target\":{\"@type\":\"EntryPoint\",\"urlTemplate\":\"https:\\\/\\\/www.autojm.fr\\\/blog\\\/?s={search_term_string}\"},\"query-input\":{\"@type\":\"PropertyValueSpecification\",\"valueRequired\":true,\"valueName\":\"search_term_string\"}}],\"inLanguage\":\"fr-FR\"},{\"@type\":\"Organization\",\"@id\":\"https:\\\/\\\/www.autojm.fr\\\/blog\\\/#organization\",\"name\":\"AutoJM Mag\",\"url\":\"https:\\\/\\\/www.autojm.fr\\\/blog\\\/\",\"logo\":{\"@type\":\"ImageObject\",\"inLanguage\":\"fr-FR\",\"@id\":\"https:\\\/\\\/www.autojm.fr\\\/blog\\\/#\\\/schema\\\/logo\\\/image\\\/\",\"url\":\"https:\\\/\\\/www.autojm.fr\\\/blog\\\/wp-content\\\/uploads\\\/2022\\\/12\\\/cropped-AutoJMag-png.png\",\"contentUrl\":\"https:\\\/\\\/www.autojm.fr\\\/blog\\\/wp-content\\\/uploads\\\/2022\\\/12\\\/cropped-AutoJMag-png.png\",\"width\":2834,\"height\":585,\"caption\":\"AutoJM Mag\"},\"image\":{\"@id\":\"https:\\\/\\\/www.autojm.fr\\\/blog\\\/#\\\/schema\\\/logo\\\/image\\\/\"},\"sameAs\":[\"https:\\\/\\\/www.facebook.com\\\/AutoJM25\"]},{\"@type\":\"Person\",\"@id\":\"https:\\\/\\\/www.autojm.fr\\\/blog\\\/#\\\/schema\\\/person\\\/9742bc77541853e0de81fc57f947e1a0\",\"name\":\"Autojm\",\"image\":{\"@type\":\"ImageObject\",\"inLanguage\":\"fr-FR\",\"@id\":\"https:\\\/\\\/secure.gravatar.com\\\/avatar\\\/9a959d52b758fcc232fe4b6aca7bab139182573297122cce7d6f2ee0e537b418?s=96&d=mm&r=g\",\"url\":\"https:\\\/\\\/secure.gravatar.com\\\/avatar\\\/9a959d52b758fcc232fe4b6aca7bab139182573297122cce7d6f2ee0e537b418?s=96&d=mm&r=g\",\"contentUrl\":\"https:\\\/\\\/secure.gravatar.com\\\/avatar\\\/9a959d52b758fcc232fe4b6aca7bab139182573297122cce7d6f2ee0e537b418?s=96&d=mm&r=g\",\"caption\":\"Autojm\"},\"sameAs\":[\"https:\\\/\\\/www.autojm.fr\\\/blog\"],\"url\":\"https:\\\/\\\/www.autojm.fr\\\/blog\\\/author\\\/bichoi\\\/\"}]}<\/script>\n<!-- \/ Yoast SEO plugin. -->","yoast_head_json":{"title":"Pr\u00e9parer l'hiver : \u00e9quipements sp\u00e9ciaux obligatoires ? AutoJM Mag","description":"Suite \u00e0 la panique g\u00e9n\u00e9rale du weekend dernier \u00e0 cause des probl\u00e8mes d'acc\u00e8s aux stations pour les vacanciers, faut-il que les \u00e9quipements...","robots":{"index":"index","follow":"follow","max-snippet":"max-snippet:-1","max-image-preview":"max-image-preview:large","max-video-preview":"max-video-preview:-1"},"canonical":"https:\/\/www.autojm.fr\/blog\/preparer-lhiver-equipements-speciaux-obligatoires\/","og_locale":"fr_FR","og_type":"article","og_title":"Pr\u00e9parer l'hiver : \u00e9quipements sp\u00e9ciaux obligatoires ? AutoJM Mag","og_description":"Suite \u00e0 la panique g\u00e9n\u00e9rale du weekend dernier \u00e0 cause des probl\u00e8mes d'acc\u00e8s aux stations pour les vacanciers, faut-il que les \u00e9quipements...","og_url":"https:\/\/www.autojm.fr\/blog\/preparer-lhiver-equipements-speciaux-obligatoires\/","og_site_name":"AutoJM Mag","article_publisher":"https:\/\/www.facebook.com\/AutoJM25","article_published_time":"2014-12-30T11:05:00+00:00","article_modified_time":"2023-04-19T14:35:16+00:00","og_image":[{"width":648,"height":415,"url":"https:\/\/www.autojm.fr\/blog\/wp-content\/uploads\/2022\/10\/311.jpg","type":"image\/jpeg"}],"author":"Autojm","twitter_card":"summary_large_image","twitter_misc":{"\u00c9crit par":"Autojm","Dur\u00e9e de lecture estim\u00e9e":"2 minutes"},"schema":{"@context":"https:\/\/schema.org","@graph":[{"@type":"Article","@id":"https:\/\/www.autojm.fr\/blog\/preparer-lhiver-equipements-speciaux-obligatoires\/#article","isPartOf":{"@id":"https:\/\/www.autojm.fr\/blog\/preparer-lhiver-equipements-speciaux-obligatoires\/"},"author":{"name":"Autojm","@id":"https:\/\/www.autojm.fr\/blog\/#\/schema\/person\/9742bc77541853e0de81fc57f947e1a0"},"headline":"Pr\u00e9parer l&rsquo;hiver : \u00e9quipements sp\u00e9ciaux obligatoires ?","datePublished":"2014-12-30T11:05:00+00:00","dateModified":"2023-04-19T14:35:16+00:00","mainEntityOfPage":{"@id":"https:\/\/www.autojm.fr\/blog\/preparer-lhiver-equipements-speciaux-obligatoires\/"},"wordCount":225,"commentCount":0,"publisher":{"@id":"https:\/\/www.autojm.fr\/blog\/#organization"},"image":{"@id":"https:\/\/www.autojm.fr\/blog\/preparer-lhiver-equipements-speciaux-obligatoires\/#primaryimage"},"thumbnailUrl":"https:\/\/www.autojm.fr\/blog\/wp-content\/uploads\/2022\/10\/311.jpg","keywords":["autojm","Citro\u00ebn","dacia","DS","Fiat","Ford","Kia","Nissan","Opel","peugeot","renault","Toyota","Volkswagen"],"articleSection":["Conseils &amp; Astuces"],"inLanguage":"fr-FR","potentialAction":[{"@type":"CommentAction","name":"Comment","target":["https:\/\/www.autojm.fr\/blog\/preparer-lhiver-equipements-speciaux-obligatoires\/#respond"]}]},{"@type":"WebPage","@id":"https:\/\/www.autojm.fr\/blog\/preparer-lhiver-equipements-speciaux-obligatoires\/","url":"https:\/\/www.autojm.fr\/blog\/preparer-lhiver-equipements-speciaux-obligatoires\/","name":"Pr\u00e9parer l'hiver : \u00e9quipements sp\u00e9ciaux obligatoires ? AutoJM Mag","isPartOf":{"@id":"https:\/\/www.autojm.fr\/blog\/#website"},"primaryImageOfPage":{"@id":"https:\/\/www.autojm.fr\/blog\/preparer-lhiver-equipements-speciaux-obligatoires\/#primaryimage"},"image":{"@id":"https:\/\/www.autojm.fr\/blog\/preparer-lhiver-equipements-speciaux-obligatoires\/#primaryimage"},"thumbnailUrl":"https:\/\/www.autojm.fr\/blog\/wp-content\/uploads\/2022\/10\/311.jpg","datePublished":"2014-12-30T11:05:00+00:00","dateModified":"2023-04-19T14:35:16+00:00","description":"Suite \u00e0 la panique g\u00e9n\u00e9rale du weekend dernier \u00e0 cause des probl\u00e8mes d'acc\u00e8s aux stations pour les vacanciers, faut-il que les \u00e9quipements...","breadcrumb":{"@id":"https:\/\/www.autojm.fr\/blog\/preparer-lhiver-equipements-speciaux-obligatoires\/#breadcrumb"},"inLanguage":"fr-FR","potentialAction":[{"@type":"ReadAction","target":["https:\/\/www.autojm.fr\/blog\/preparer-lhiver-equipements-speciaux-obligatoires\/"]}]},{"@type":"ImageObject","inLanguage":"fr-FR","@id":"https:\/\/www.autojm.fr\/blog\/preparer-lhiver-equipements-speciaux-obligatoires\/#primaryimage","url":"https:\/\/www.autojm.fr\/blog\/wp-content\/uploads\/2022\/10\/311.jpg","contentUrl":"https:\/\/www.autojm.fr\/blog\/wp-content\/uploads\/2022\/10\/311.jpg","width":648,"height":415,"caption":"Hiver"},{"@type":"BreadcrumbList","@id":"https:\/\/www.autojm.fr\/blog\/preparer-lhiver-equipements-speciaux-obligatoires\/#breadcrumb","itemListElement":[{"@type":"ListItem","position":1,"name":"Accueil","item":"https:\/\/www.autojm.fr\/blog\/"},{"@type":"ListItem","position":2,"name":"Conseils &amp; Astuces","item":"https:\/\/www.autojm.fr\/blog\/conseils-astuces\/"},{"@type":"ListItem","position":3,"name":"Pr\u00e9parer l&rsquo;hiver : \u00e9quipements sp\u00e9ciaux obligatoires ?"}]},{"@type":"WebSite","@id":"https:\/\/www.autojm.fr\/blog\/#website","url":"https:\/\/www.autojm.fr\/blog\/","name":"AutoJM Mag","description":"Toute l&#039;actu auto en 1 clic !","publisher":{"@id":"https:\/\/www.autojm.fr\/blog\/#organization"},"potentialAction":[{"@type":"SearchAction","target":{"@type":"EntryPoint","urlTemplate":"https:\/\/www.autojm.fr\/blog\/?s={search_term_string}"},"query-input":{"@type":"PropertyValueSpecification","valueRequired":true,"valueName":"search_term_string"}}],"inLanguage":"fr-FR"},{"@type":"Organization","@id":"https:\/\/www.autojm.fr\/blog\/#organization","name":"AutoJM Mag","url":"https:\/\/www.autojm.fr\/blog\/","logo":{"@type":"ImageObject","inLanguage":"fr-FR","@id":"https:\/\/www.autojm.fr\/blog\/#\/schema\/logo\/image\/","url":"https:\/\/www.autojm.fr\/blog\/wp-content\/uploads\/2022\/12\/cropped-AutoJMag-png.png","contentUrl":"https:\/\/www.autojm.fr\/blog\/wp-content\/uploads\/2022\/12\/cropped-AutoJMag-png.png","width":2834,"height":585,"caption":"AutoJM Mag"},"image":{"@id":"https:\/\/www.autojm.fr\/blog\/#\/schema\/logo\/image\/"},"sameAs":["https:\/\/www.facebook.com\/AutoJM25"]},{"@type":"Person","@id":"https:\/\/www.autojm.fr\/blog\/#\/schema\/person\/9742bc77541853e0de81fc57f947e1a0","name":"Autojm","image":{"@type":"ImageObject","inLanguage":"fr-FR","@id":"https:\/\/secure.gravatar.com\/avatar\/9a959d52b758fcc232fe4b6aca7bab139182573297122cce7d6f2ee0e537b418?s=96&d=mm&r=g","url":"https:\/\/secure.gravatar.com\/avatar\/9a959d52b758fcc232fe4b6aca7bab139182573297122cce7d6f2ee0e537b418?s=96&d=mm&r=g","contentUrl":"https:\/\/secure.gravatar.com\/avatar\/9a959d52b758fcc232fe4b6aca7bab139182573297122cce7d6f2ee0e537b418?s=96&d=mm&r=g","caption":"Autojm"},"sameAs":["https:\/\/www.autojm.fr\/blog"],"url":"https:\/\/www.autojm.fr\/blog\/author\/bichoi\/"}]}},"_links":{"self":[{"href":"https:\/\/www.autojm.fr\/blog\/wp-json\/wp\/v2\/posts\/3597","targetHints":{"allow":["GET"]}}],"collection":[{"href":"https:\/\/www.autojm.fr\/blog\/wp-json\/wp\/v2\/posts"}],"about":[{"href":"https:\/\/www.autojm.fr\/blog\/wp-json\/wp\/v2\/types\/post"}],"author":[{"embeddable":true,"href":"https:\/\/www.autojm.fr\/blog\/wp-json\/wp\/v2\/users\/1"}],"replies":[{"embeddable":true,"href":"https:\/\/www.autojm.fr\/blog\/wp-json\/wp\/v2\/comments?post=3597"}],"version-history":[{"count":5,"href":"https:\/\/www.autojm.fr\/blog\/wp-json\/wp\/v2\/posts\/3597\/revisions"}],"predecessor-version":[{"id":9645,"href":"https:\/\/www.autojm.fr\/blog\/wp-json\/wp\/v2\/posts\/3597\/revisions\/9645"}],"wp:featuredmedia":[{"embeddable":true,"href":"https:\/\/www.autojm.fr\/blog\/wp-json\/wp\/v2\/media\/5661"}],"wp:attachment":[{"href":"https:\/\/www.autojm.fr\/blog\/wp-json\/wp\/v2\/media?parent=3597"}],"wp:term":[{"taxonomy":"category","embeddable":true,"href":"https:\/\/www.autojm.fr\/blog\/wp-json\/wp\/v2\/categories?post=3597"},{"taxonomy":"post_tag","embeddable":true,"href":"https:\/\/www.autojm.fr\/blog\/wp-json\/wp\/v2\/tags?post=3597"}],"curies":[{"name":"wp","href":"https:\/\/api.w.org\/{rel}","templated":true}]}}