{"id":3592,"date":"2014-08-07T16:36:28","date_gmt":"2014-08-07T16:36:28","guid":{"rendered":"https:\/\/www.autojm.fr\/blog\/nouvelle-citroen-ds-3-decouvrez-son-restylage\/"},"modified":"2023-09-08T15:37:26","modified_gmt":"2023-09-08T15:37:26","slug":"nouvelle-citroen-ds-3-decouvrez-son-restylage","status":"publish","type":"post","link":"https:\/\/www.autojm.fr\/blog\/nouvelle-citroen-ds-3-decouvrez-son-restylage\/","title":{"rendered":"Nouvelle Citron DS 3 : d\u00e9couvrez son restylage"},"content":{"rendered":"<h1><span style=\"font-family: Arial, Helvetica, sans-serif; color: #d3145a; font-size: 16px;\">Citroen Nouvelle DS3 version 2014 : d\u00e9couvrez le restylage de la DS 3<\/span><\/h1>\n<h2>La Nouvelle DS3 version 2014, appel\u00e9e \u00ab\u00a0DS 3\u00a0\u00bb, est d\u00e9sormais disponible en commande en concession ou chez votre <a href=\"https:\/\/www.autojm.fr\/\">mandataire automobile<\/a>.<\/h2>\n<p>Sur cette version 2014, les changements se situent au niveau des optiques avant et arri\u00e8re mais \u00e9galement au niveau motorisation et jantes. La Nouvelle DS3 propose \u00e9galement de nouvelles possibilit\u00e9s de personnalisation int\u00e9rieure et ext\u00e9rieure.<\/p>\n<p><u><strong>Nouvelle signature lumineuse : <\/strong><\/u><br \/>\nCitro\u00ebn d\u00e9crit la nouvelle signature lumineuse de la <a href=\"https:\/\/www.autojm.fr\/mandataire-voitures-neuves-ds\">Nouvelle DS3<\/a> comme ayant \u00ab\u00a0un regard irr\u00e9sistible\u00a0\u00bb.<br \/>\nLes optiques avant arborent donc des projecteurs avant X\u00e9non Full Led, des feux arri\u00e8res 3D \u00e0 led et des lumi\u00e8res DRL \u00e0 l&rsquo;avant. Ces 3 projecteurs \u00e0 diodes et un au X\u00e9non permet de r\u00e9duire la consommation d&rsquo;\u00e9nergie de pr\u00e8s de 35% en feux de croisement et de 75% en feux de route.<br \/>\nQuant aux feux arri\u00e8res 3D, qui avaient \u00e9t\u00e9 inaugur\u00e9es sur la version cabriolet de la DS3 (DS3 Cabrio), sont d\u00e9sormais disponibles sur la berline.<\/p>\n<p><u>Plus de personnalisation :<\/u><br \/>\nLa Nouvelle DS3 est disponible dans un nouveau coloris : le Blanc nacr\u00e9 avec des jantes aluminium diamant\u00e9es 17 pouces.<br \/>\nA l&rsquo;achat, on aura donc le choix parmi 11 teintes de caisse et 4 teintes de toit.<br \/>\nLa nouveaut\u00e9 se trouve \u00e9galement au niveau th\u00e8me de personnalisation int\u00e9rieur avec panneaux de planche de bord grav\u00e9s et vitres de custode s\u00e9rigraphi\u00e9es : d\u00e9couvrez le th\u00e8me \u00ab\u00a0So Irresistible\u00a0\u00bb o\u00f9 l&rsquo;on retrouvera Cuir Nappa, toile tiss\u00e9e Jacquard, gravure laser sur le tableau de bord &#8230; et tout \u00e7a sur un air de Paris.<\/p>\n<p><u>Nouvelles motorisations :<\/u><br \/>\nEn essence, la DS 3 propose une nouvelle motorisation PureTech e-VTi 82 S&amp;S ETG, conforme \u00e0 la r\u00e9glementation Euro6, est tr\u00e8s \u00e9conomique avec 4,1l\/100 et seulement 95g\/km de CO<sub>2<\/sub>.<\/p>\n<p>En diesel, les moteurs 80 et 115ch laissent leurs places aux moteurs BlueHDI 100 et 120 chevaux qui rejettent moins de NOx et de CO2 : ces moteurs sont conformes \u00e0 la norme Euro 6.<\/p>\n<p>Tout comme la version actuelle, cette Nouvelle DS 3 est disponible en version DS 3 Cabrio et en DS 3 Racing.<\/p>\n<p style=\"text-align: center;\"><u><strong>\u00c9conomisez sur l&rsquo;achat de votre <a href=\"https:\/\/www.autojm.fr\/mandataire-voitures-neuves-ds\">nouvelle DS 3 <\/a>gr\u00e2ce au mandataire automobile : Automobiles JM<\/strong><\/u><\/p>\n<p style=\"text-align: left;\">\n<p style=\"text-align: left;\">\n","protected":false},"excerpt":{"rendered":"<p>La Nouvelle DS3 version 2014, appel\u00e9e \u00ab\u00a0DS 3\u00a0\u00bb, est d\u00e9sormais disponible en commande en concession ou chez votre mandataire automobile.<\/p>\n","protected":false},"author":1,"featured_media":5657,"comment_status":"open","ping_status":"open","sticky":false,"template":"","format":"standard","meta":{"_acf_changed":false,"content-type":"","footnotes":""},"categories":[234,61],"tags":[90,105,135],"class_list":["post-3592","post","type-post","status-publish","format-standard","has-post-thumbnail","hentry","category-nouveaute-ds","category-nouveautes-autos","tag-autojm","tag-ds","tag-ds3"],"acf":[],"yoast_head":"<!-- This site is optimized with the Yoast SEO plugin v27.5 - https:\/\/yoast.com\/product\/yoast-seo-wordpress\/ -->\n<title>Nouvelle Citron DS 3 : d\u00e9couvrez son restylage - AutoJM Mag<\/title>\n<meta name=\"description\" content=\"La Nouvelle DS3 version 2014, appel\u00e9e &quot;DS 3&quot;, est d\u00e9sormais disponible en commande en concession ou chez votre mandataire automobile.\" \/>\n<meta name=\"robots\" content=\"index, follow, max-snippet:-1, max-image-preview:large, max-video-preview:-1\" \/>\n<link rel=\"canonical\" href=\"https:\/\/www.autojm.fr\/blog\/nouvelle-citroen-ds-3-decouvrez-son-restylage\/\" \/>\n<meta property=\"og:locale\" content=\"fr_FR\" \/>\n<meta property=\"og:type\" content=\"article\" \/>\n<meta property=\"og:title\" content=\"Nouvelle Citron DS 3 : d\u00e9couvrez son restylage - AutoJM Mag\" \/>\n<meta property=\"og:description\" content=\"La Nouvelle DS3 version 2014, appel\u00e9e &quot;DS 3&quot;, est d\u00e9sormais disponible en commande en concession ou chez votre mandataire automobile.\" \/>\n<meta property=\"og:url\" content=\"https:\/\/www.autojm.fr\/blog\/nouvelle-citroen-ds-3-decouvrez-son-restylage\/\" \/>\n<meta property=\"og:site_name\" content=\"AutoJM Mag\" \/>\n<meta property=\"article:publisher\" content=\"https:\/\/www.facebook.com\/AutoJM25\" \/>\n<meta property=\"article:published_time\" content=\"2014-08-07T16:36:28+00:00\" \/>\n<meta property=\"article:modified_time\" content=\"2023-09-08T15:37:26+00:00\" \/>\n<meta property=\"og:image\" content=\"https:\/\/www.autojm.fr\/blog\/wp-content\/uploads\/2022\/10\/306.jpg\" \/>\n\t<meta property=\"og:image:width\" content=\"534\" \/>\n\t<meta property=\"og:image:height\" content=\"327\" \/>\n\t<meta property=\"og:image:type\" content=\"image\/jpeg\" \/>\n<meta name=\"author\" content=\"Autojm\" \/>\n<meta name=\"twitter:card\" content=\"summary_large_image\" \/>\n<meta name=\"twitter:label1\" content=\"\u00c9crit par\" \/>\n\t<meta name=\"twitter:data1\" content=\"Autojm\" \/>\n\t<meta name=\"twitter:label2\" content=\"Dur\u00e9e de lecture estim\u00e9e\" \/>\n\t<meta name=\"twitter:data2\" content=\"2 minutes\" \/>\n<script type=\"application\/ld+json\" class=\"yoast-schema-graph\">{\"@context\":\"https:\\\/\\\/schema.org\",\"@graph\":[{\"@type\":\"Article\",\"@id\":\"https:\\\/\\\/www.autojm.fr\\\/blog\\\/nouvelle-citroen-ds-3-decouvrez-son-restylage\\\/#article\",\"isPartOf\":{\"@id\":\"https:\\\/\\\/www.autojm.fr\\\/blog\\\/nouvelle-citroen-ds-3-decouvrez-son-restylage\\\/\"},\"author\":{\"name\":\"Autojm\",\"@id\":\"https:\\\/\\\/www.autojm.fr\\\/blog\\\/#\\\/schema\\\/person\\\/9742bc77541853e0de81fc57f947e1a0\"},\"headline\":\"Nouvelle Citron DS 3 : d\u00e9couvrez son restylage\",\"datePublished\":\"2014-08-07T16:36:28+00:00\",\"dateModified\":\"2023-09-08T15:37:26+00:00\",\"mainEntityOfPage\":{\"@id\":\"https:\\\/\\\/www.autojm.fr\\\/blog\\\/nouvelle-citroen-ds-3-decouvrez-son-restylage\\\/\"},\"wordCount\":368,\"commentCount\":0,\"publisher\":{\"@id\":\"https:\\\/\\\/www.autojm.fr\\\/blog\\\/#organization\"},\"image\":{\"@id\":\"https:\\\/\\\/www.autojm.fr\\\/blog\\\/nouvelle-citroen-ds-3-decouvrez-son-restylage\\\/#primaryimage\"},\"thumbnailUrl\":\"https:\\\/\\\/www.autojm.fr\\\/blog\\\/wp-content\\\/uploads\\\/2022\\\/10\\\/306.jpg\",\"keywords\":[\"autojm\",\"DS\",\"DS3\"],\"articleSection\":[\"Nouveaut\u00e9 DS\",\"Nouveaut\u00e9s Autos\"],\"inLanguage\":\"fr-FR\",\"potentialAction\":[{\"@type\":\"CommentAction\",\"name\":\"Comment\",\"target\":[\"https:\\\/\\\/www.autojm.fr\\\/blog\\\/nouvelle-citroen-ds-3-decouvrez-son-restylage\\\/#respond\"]}]},{\"@type\":\"WebPage\",\"@id\":\"https:\\\/\\\/www.autojm.fr\\\/blog\\\/nouvelle-citroen-ds-3-decouvrez-son-restylage\\\/\",\"url\":\"https:\\\/\\\/www.autojm.fr\\\/blog\\\/nouvelle-citroen-ds-3-decouvrez-son-restylage\\\/\",\"name\":\"Nouvelle Citron DS 3 : d\u00e9couvrez son restylage - AutoJM Mag\",\"isPartOf\":{\"@id\":\"https:\\\/\\\/www.autojm.fr\\\/blog\\\/#website\"},\"primaryImageOfPage\":{\"@id\":\"https:\\\/\\\/www.autojm.fr\\\/blog\\\/nouvelle-citroen-ds-3-decouvrez-son-restylage\\\/#primaryimage\"},\"image\":{\"@id\":\"https:\\\/\\\/www.autojm.fr\\\/blog\\\/nouvelle-citroen-ds-3-decouvrez-son-restylage\\\/#primaryimage\"},\"thumbnailUrl\":\"https:\\\/\\\/www.autojm.fr\\\/blog\\\/wp-content\\\/uploads\\\/2022\\\/10\\\/306.jpg\",\"datePublished\":\"2014-08-07T16:36:28+00:00\",\"dateModified\":\"2023-09-08T15:37:26+00:00\",\"description\":\"La Nouvelle DS3 version 2014, appel\u00e9e \\\"DS 3\\\", est d\u00e9sormais disponible en commande en concession ou chez votre mandataire automobile.\",\"breadcrumb\":{\"@id\":\"https:\\\/\\\/www.autojm.fr\\\/blog\\\/nouvelle-citroen-ds-3-decouvrez-son-restylage\\\/#breadcrumb\"},\"inLanguage\":\"fr-FR\",\"potentialAction\":[{\"@type\":\"ReadAction\",\"target\":[\"https:\\\/\\\/www.autojm.fr\\\/blog\\\/nouvelle-citroen-ds-3-decouvrez-son-restylage\\\/\"]}]},{\"@type\":\"ImageObject\",\"inLanguage\":\"fr-FR\",\"@id\":\"https:\\\/\\\/www.autojm.fr\\\/blog\\\/nouvelle-citroen-ds-3-decouvrez-son-restylage\\\/#primaryimage\",\"url\":\"https:\\\/\\\/www.autojm.fr\\\/blog\\\/wp-content\\\/uploads\\\/2022\\\/10\\\/306.jpg\",\"contentUrl\":\"https:\\\/\\\/www.autojm.fr\\\/blog\\\/wp-content\\\/uploads\\\/2022\\\/10\\\/306.jpg\",\"width\":534,\"height\":327,\"caption\":\"DS3\"},{\"@type\":\"BreadcrumbList\",\"@id\":\"https:\\\/\\\/www.autojm.fr\\\/blog\\\/nouvelle-citroen-ds-3-decouvrez-son-restylage\\\/#breadcrumb\",\"itemListElement\":[{\"@type\":\"ListItem\",\"position\":1,\"name\":\"Accueil\",\"item\":\"https:\\\/\\\/www.autojm.fr\\\/blog\\\/\"},{\"@type\":\"ListItem\",\"position\":2,\"name\":\"Nouveaut\u00e9s Autos\",\"item\":\"https:\\\/\\\/www.autojm.fr\\\/blog\\\/nouveautes-autos\\\/\"},{\"@type\":\"ListItem\",\"position\":3,\"name\":\"Nouvelle Citron DS 3 : d\u00e9couvrez son restylage\"}]},{\"@type\":\"WebSite\",\"@id\":\"https:\\\/\\\/www.autojm.fr\\\/blog\\\/#website\",\"url\":\"https:\\\/\\\/www.autojm.fr\\\/blog\\\/\",\"name\":\"AutoJM Mag\",\"description\":\"Toute l&#039;actu auto en 1 clic !\",\"publisher\":{\"@id\":\"https:\\\/\\\/www.autojm.fr\\\/blog\\\/#organization\"},\"potentialAction\":[{\"@type\":\"SearchAction\",\"target\":{\"@type\":\"EntryPoint\",\"urlTemplate\":\"https:\\\/\\\/www.autojm.fr\\\/blog\\\/?s={search_term_string}\"},\"query-input\":{\"@type\":\"PropertyValueSpecification\",\"valueRequired\":true,\"valueName\":\"search_term_string\"}}],\"inLanguage\":\"fr-FR\"},{\"@type\":\"Organization\",\"@id\":\"https:\\\/\\\/www.autojm.fr\\\/blog\\\/#organization\",\"name\":\"AutoJM Mag\",\"url\":\"https:\\\/\\\/www.autojm.fr\\\/blog\\\/\",\"logo\":{\"@type\":\"ImageObject\",\"inLanguage\":\"fr-FR\",\"@id\":\"https:\\\/\\\/www.autojm.fr\\\/blog\\\/#\\\/schema\\\/logo\\\/image\\\/\",\"url\":\"https:\\\/\\\/www.autojm.fr\\\/blog\\\/wp-content\\\/uploads\\\/2022\\\/12\\\/cropped-AutoJMag-png.png\",\"contentUrl\":\"https:\\\/\\\/www.autojm.fr\\\/blog\\\/wp-content\\\/uploads\\\/2022\\\/12\\\/cropped-AutoJMag-png.png\",\"width\":2834,\"height\":585,\"caption\":\"AutoJM Mag\"},\"image\":{\"@id\":\"https:\\\/\\\/www.autojm.fr\\\/blog\\\/#\\\/schema\\\/logo\\\/image\\\/\"},\"sameAs\":[\"https:\\\/\\\/www.facebook.com\\\/AutoJM25\"]},{\"@type\":\"Person\",\"@id\":\"https:\\\/\\\/www.autojm.fr\\\/blog\\\/#\\\/schema\\\/person\\\/9742bc77541853e0de81fc57f947e1a0\",\"name\":\"Autojm\",\"image\":{\"@type\":\"ImageObject\",\"inLanguage\":\"fr-FR\",\"@id\":\"https:\\\/\\\/secure.gravatar.com\\\/avatar\\\/9a959d52b758fcc232fe4b6aca7bab139182573297122cce7d6f2ee0e537b418?s=96&d=mm&r=g\",\"url\":\"https:\\\/\\\/secure.gravatar.com\\\/avatar\\\/9a959d52b758fcc232fe4b6aca7bab139182573297122cce7d6f2ee0e537b418?s=96&d=mm&r=g\",\"contentUrl\":\"https:\\\/\\\/secure.gravatar.com\\\/avatar\\\/9a959d52b758fcc232fe4b6aca7bab139182573297122cce7d6f2ee0e537b418?s=96&d=mm&r=g\",\"caption\":\"Autojm\"},\"sameAs\":[\"https:\\\/\\\/www.autojm.fr\\\/blog\"],\"url\":\"https:\\\/\\\/www.autojm.fr\\\/blog\\\/author\\\/bichoi\\\/\"}]}<\/script>\n<!-- \/ Yoast SEO plugin. -->","yoast_head_json":{"title":"Nouvelle Citron DS 3 : d\u00e9couvrez son restylage - AutoJM Mag","description":"La Nouvelle DS3 version 2014, appel\u00e9e \"DS 3\", est d\u00e9sormais disponible en commande en concession ou chez votre mandataire automobile.","robots":{"index":"index","follow":"follow","max-snippet":"max-snippet:-1","max-image-preview":"max-image-preview:large","max-video-preview":"max-video-preview:-1"},"canonical":"https:\/\/www.autojm.fr\/blog\/nouvelle-citroen-ds-3-decouvrez-son-restylage\/","og_locale":"fr_FR","og_type":"article","og_title":"Nouvelle Citron DS 3 : d\u00e9couvrez son restylage - AutoJM Mag","og_description":"La Nouvelle DS3 version 2014, appel\u00e9e \"DS 3\", est d\u00e9sormais disponible en commande en concession ou chez votre mandataire automobile.","og_url":"https:\/\/www.autojm.fr\/blog\/nouvelle-citroen-ds-3-decouvrez-son-restylage\/","og_site_name":"AutoJM Mag","article_publisher":"https:\/\/www.facebook.com\/AutoJM25","article_published_time":"2014-08-07T16:36:28+00:00","article_modified_time":"2023-09-08T15:37:26+00:00","og_image":[{"width":534,"height":327,"url":"https:\/\/www.autojm.fr\/blog\/wp-content\/uploads\/2022\/10\/306.jpg","type":"image\/jpeg"}],"author":"Autojm","twitter_card":"summary_large_image","twitter_misc":{"\u00c9crit par":"Autojm","Dur\u00e9e de lecture estim\u00e9e":"2 minutes"},"schema":{"@context":"https:\/\/schema.org","@graph":[{"@type":"Article","@id":"https:\/\/www.autojm.fr\/blog\/nouvelle-citroen-ds-3-decouvrez-son-restylage\/#article","isPartOf":{"@id":"https:\/\/www.autojm.fr\/blog\/nouvelle-citroen-ds-3-decouvrez-son-restylage\/"},"author":{"name":"Autojm","@id":"https:\/\/www.autojm.fr\/blog\/#\/schema\/person\/9742bc77541853e0de81fc57f947e1a0"},"headline":"Nouvelle Citron DS 3 : d\u00e9couvrez son restylage","datePublished":"2014-08-07T16:36:28+00:00","dateModified":"2023-09-08T15:37:26+00:00","mainEntityOfPage":{"@id":"https:\/\/www.autojm.fr\/blog\/nouvelle-citroen-ds-3-decouvrez-son-restylage\/"},"wordCount":368,"commentCount":0,"publisher":{"@id":"https:\/\/www.autojm.fr\/blog\/#organization"},"image":{"@id":"https:\/\/www.autojm.fr\/blog\/nouvelle-citroen-ds-3-decouvrez-son-restylage\/#primaryimage"},"thumbnailUrl":"https:\/\/www.autojm.fr\/blog\/wp-content\/uploads\/2022\/10\/306.jpg","keywords":["autojm","DS","DS3"],"articleSection":["Nouveaut\u00e9 DS","Nouveaut\u00e9s Autos"],"inLanguage":"fr-FR","potentialAction":[{"@type":"CommentAction","name":"Comment","target":["https:\/\/www.autojm.fr\/blog\/nouvelle-citroen-ds-3-decouvrez-son-restylage\/#respond"]}]},{"@type":"WebPage","@id":"https:\/\/www.autojm.fr\/blog\/nouvelle-citroen-ds-3-decouvrez-son-restylage\/","url":"https:\/\/www.autojm.fr\/blog\/nouvelle-citroen-ds-3-decouvrez-son-restylage\/","name":"Nouvelle Citron DS 3 : d\u00e9couvrez son restylage - AutoJM Mag","isPartOf":{"@id":"https:\/\/www.autojm.fr\/blog\/#website"},"primaryImageOfPage":{"@id":"https:\/\/www.autojm.fr\/blog\/nouvelle-citroen-ds-3-decouvrez-son-restylage\/#primaryimage"},"image":{"@id":"https:\/\/www.autojm.fr\/blog\/nouvelle-citroen-ds-3-decouvrez-son-restylage\/#primaryimage"},"thumbnailUrl":"https:\/\/www.autojm.fr\/blog\/wp-content\/uploads\/2022\/10\/306.jpg","datePublished":"2014-08-07T16:36:28+00:00","dateModified":"2023-09-08T15:37:26+00:00","description":"La Nouvelle DS3 version 2014, appel\u00e9e \"DS 3\", est d\u00e9sormais disponible en commande en concession ou chez votre mandataire automobile.","breadcrumb":{"@id":"https:\/\/www.autojm.fr\/blog\/nouvelle-citroen-ds-3-decouvrez-son-restylage\/#breadcrumb"},"inLanguage":"fr-FR","potentialAction":[{"@type":"ReadAction","target":["https:\/\/www.autojm.fr\/blog\/nouvelle-citroen-ds-3-decouvrez-son-restylage\/"]}]},{"@type":"ImageObject","inLanguage":"fr-FR","@id":"https:\/\/www.autojm.fr\/blog\/nouvelle-citroen-ds-3-decouvrez-son-restylage\/#primaryimage","url":"https:\/\/www.autojm.fr\/blog\/wp-content\/uploads\/2022\/10\/306.jpg","contentUrl":"https:\/\/www.autojm.fr\/blog\/wp-content\/uploads\/2022\/10\/306.jpg","width":534,"height":327,"caption":"DS3"},{"@type":"BreadcrumbList","@id":"https:\/\/www.autojm.fr\/blog\/nouvelle-citroen-ds-3-decouvrez-son-restylage\/#breadcrumb","itemListElement":[{"@type":"ListItem","position":1,"name":"Accueil","item":"https:\/\/www.autojm.fr\/blog\/"},{"@type":"ListItem","position":2,"name":"Nouveaut\u00e9s Autos","item":"https:\/\/www.autojm.fr\/blog\/nouveautes-autos\/"},{"@type":"ListItem","position":3,"name":"Nouvelle Citron DS 3 : d\u00e9couvrez son restylage"}]},{"@type":"WebSite","@id":"https:\/\/www.autojm.fr\/blog\/#website","url":"https:\/\/www.autojm.fr\/blog\/","name":"AutoJM Mag","description":"Toute l&#039;actu auto en 1 clic !","publisher":{"@id":"https:\/\/www.autojm.fr\/blog\/#organization"},"potentialAction":[{"@type":"SearchAction","target":{"@type":"EntryPoint","urlTemplate":"https:\/\/www.autojm.fr\/blog\/?s={search_term_string}"},"query-input":{"@type":"PropertyValueSpecification","valueRequired":true,"valueName":"search_term_string"}}],"inLanguage":"fr-FR"},{"@type":"Organization","@id":"https:\/\/www.autojm.fr\/blog\/#organization","name":"AutoJM Mag","url":"https:\/\/www.autojm.fr\/blog\/","logo":{"@type":"ImageObject","inLanguage":"fr-FR","@id":"https:\/\/www.autojm.fr\/blog\/#\/schema\/logo\/image\/","url":"https:\/\/www.autojm.fr\/blog\/wp-content\/uploads\/2022\/12\/cropped-AutoJMag-png.png","contentUrl":"https:\/\/www.autojm.fr\/blog\/wp-content\/uploads\/2022\/12\/cropped-AutoJMag-png.png","width":2834,"height":585,"caption":"AutoJM Mag"},"image":{"@id":"https:\/\/www.autojm.fr\/blog\/#\/schema\/logo\/image\/"},"sameAs":["https:\/\/www.facebook.com\/AutoJM25"]},{"@type":"Person","@id":"https:\/\/www.autojm.fr\/blog\/#\/schema\/person\/9742bc77541853e0de81fc57f947e1a0","name":"Autojm","image":{"@type":"ImageObject","inLanguage":"fr-FR","@id":"https:\/\/secure.gravatar.com\/avatar\/9a959d52b758fcc232fe4b6aca7bab139182573297122cce7d6f2ee0e537b418?s=96&d=mm&r=g","url":"https:\/\/secure.gravatar.com\/avatar\/9a959d52b758fcc232fe4b6aca7bab139182573297122cce7d6f2ee0e537b418?s=96&d=mm&r=g","contentUrl":"https:\/\/secure.gravatar.com\/avatar\/9a959d52b758fcc232fe4b6aca7bab139182573297122cce7d6f2ee0e537b418?s=96&d=mm&r=g","caption":"Autojm"},"sameAs":["https:\/\/www.autojm.fr\/blog"],"url":"https:\/\/www.autojm.fr\/blog\/author\/bichoi\/"}]}},"_links":{"self":[{"href":"https:\/\/www.autojm.fr\/blog\/wp-json\/wp\/v2\/posts\/3592","targetHints":{"allow":["GET"]}}],"collection":[{"href":"https:\/\/www.autojm.fr\/blog\/wp-json\/wp\/v2\/posts"}],"about":[{"href":"https:\/\/www.autojm.fr\/blog\/wp-json\/wp\/v2\/types\/post"}],"author":[{"embeddable":true,"href":"https:\/\/www.autojm.fr\/blog\/wp-json\/wp\/v2\/users\/1"}],"replies":[{"embeddable":true,"href":"https:\/\/www.autojm.fr\/blog\/wp-json\/wp\/v2\/comments?post=3592"}],"version-history":[{"count":5,"href":"https:\/\/www.autojm.fr\/blog\/wp-json\/wp\/v2\/posts\/3592\/revisions"}],"predecessor-version":[{"id":12565,"href":"https:\/\/www.autojm.fr\/blog\/wp-json\/wp\/v2\/posts\/3592\/revisions\/12565"}],"wp:featuredmedia":[{"embeddable":true,"href":"https:\/\/www.autojm.fr\/blog\/wp-json\/wp\/v2\/media\/5657"}],"wp:attachment":[{"href":"https:\/\/www.autojm.fr\/blog\/wp-json\/wp\/v2\/media?parent=3592"}],"wp:term":[{"taxonomy":"category","embeddable":true,"href":"https:\/\/www.autojm.fr\/blog\/wp-json\/wp\/v2\/categories?post=3592"},{"taxonomy":"post_tag","embeddable":true,"href":"https:\/\/www.autojm.fr\/blog\/wp-json\/wp\/v2\/tags?post=3592"}],"curies":[{"name":"wp","href":"https:\/\/api.w.org\/{rel}","templated":true}]}}