{"id":3591,"date":"2014-07-31T10:31:12","date_gmt":"2014-07-31T10:31:12","guid":{"rendered":"https:\/\/www.autojm.fr\/blog\/renault-restyle-ses-trafic-et-sassocie-avec-opel\/"},"modified":"2023-09-15T12:24:50","modified_gmt":"2023-09-15T12:24:50","slug":"renault-restyle-ses-trafic-et-sassocie-avec-opel","status":"publish","type":"post","link":"https:\/\/www.autojm.fr\/blog\/renault-restyle-ses-trafic-et-sassocie-avec-opel\/","title":{"rendered":"Renault restyle ses Trafic et s&rsquo;associe avec Opel"},"content":{"rendered":"<h1><span style=\"font-family: Arial, Helvetica, sans-serif; color: #d3145a; font-size: 16px;\">Renault restyle en 2014 son Trafic VP ainsi que son mod\u00e8le en VU, en associant une nouvelle fois avec Opel.<\/span><\/h1>\n<h2><span style=\"font-family: Arial, Helvetica, sans-serif; color: #d3145a; font-size: 12px;\">Renault et Opel ont profit\u00e9 d&rsquo;une communication conjointe pour lever le voile sur leurs nouveaux utilitaires compacts : Trafic et Vivaro.<\/span><\/h2>\n<p>Ces 2 constructeurs sont donc une nouvelle fois partenaires pour le lancement de leurs nouveaux mod\u00e8les, mais restent n\u00e9anmoins concurrents ! la commercialisation de ces v\u00e9hicules d\u00e9butera cet \u00e9t\u00e9.<\/p>\n<p><u>Quelles sont les diff\u00e9rences entre le Renault Trafic VU actuel et le nouveau ?<\/u><\/p>\n<p>D&rsquo;un point de vue esth\u00e9tique, le logo <strong>Renault <\/strong>est donc agrandit et int\u00e9gr\u00e9 dans la calandre :\u00ab Le pare-brise plus inclin\u00e9 pr\u00e9sente une ligne de cassure nette avec le capot \u00bb, souligne la marque dans un communiqu\u00e9.<\/p>\n<p>Les dimensions n&rsquo;ont pas \u00e9norm\u00e9ment chang\u00e9 : seule la longueur est allong\u00e9e de 11 cm dans le porte \u00e0 faux arri\u00e8re. La version L1 mesure tr\u00e8s exactement 4.99m ce qui fait de ce v\u00e9hicule le plus long des fourgons compacts.<\/p>\n<p><strong>Renault<\/strong> commercialisera donc dans un premier temps les version L1 et L2. Le H2 n&rsquo;est attendu que pour 2015. Au final, la gamme s&rsquo;articulera autour de 2 hauteurs, de 2 longueurs, de versions fourgon, cabine approfondie, plancher cabine, transport de personnes, soit environ 270 d\u00e9clinaisons possibles.<\/p>\n<p>Niveau motorisation : on annonce donc un moteur Diesel 1.6l dCi avec 2 variantes :une avec turbo \u00e0 g\u00e9om\u00e9trie variable pour des puissances de 90 ch et 115 ch, l&rsquo;autre avec deux turbos \u00e0 g\u00e9om\u00e9trie fixe pour des r\u00e9glages de 120 ch (Energy dCi 120) et 140 ch.<\/p>\n<p>A l&rsquo;int\u00e9rieur, le si\u00e8ge du conducteur a \u00e9t\u00e9 rabaiss\u00e9 de 36 mm et le dossier est plus inclin\u00e9.<br \/>\nLe volant a plus de fonctionnalit\u00e9s que l&rsquo;ancienne version et le constructeur met \u00e0 disposition des professionnels des supports pour les t\u00e9l\u00e9phones et ordinateurs portables.<\/p>\n<p>En ce qui concerne la commercialisation du Renault Trafic utilitaire et Renault Trafic transport de personnes, Automobiles JM proposera ses tarifs tr\u00e8s prochainement, au courant de l&rsquo;\u00e9t\u00e9.<br \/>\nAutomobiles JM vous propose \u00e9galement jusqu&rsquo;\u00e0 40% de remise imm\u00e9diate sur votre <a href=\"https:\/\/www.autojm.fr\/mandataire-voitures-neuves-renault\">utilitaire Renault<\/a>.<\/p>\n","protected":false},"excerpt":{"rendered":"<p>Ces 2 constructeurs sont donc une nouvelle fois partenaires pour le lancement de leurs nouveaux mod\u00e8les, mais restent n\u00e9anmoins concurrents ! la commercialisation de ces v\u00e9hicules d\u00e9butera cet \u00e9t\u00e9.<\/p>\n","protected":false},"author":1,"featured_media":5656,"comment_status":"open","ping_status":"open","sticky":false,"template":"","format":"standard","meta":{"_acf_changed":false,"content-type":"","footnotes":""},"categories":[62,61],"tags":[90,78,220],"class_list":["post-3591","post","type-post","status-publish","format-standard","has-post-thumbnail","hentry","category-nouveaute-renault","category-nouveautes-autos","tag-autojm","tag-renault","tag-renault-trafic"],"acf":[],"yoast_head":"<!-- This site is optimized with the Yoast SEO plugin v27.5 - https:\/\/yoast.com\/product\/yoast-seo-wordpress\/ -->\n<title>Renault restyle ses Trafic et s&#039;associe avec Opel - AutoJM Mag<\/title>\n<meta name=\"description\" content=\"Ces 2 constructeurs sont donc une nouvelle fois partenaires pour le lancement de leurs nouveaux mod\u00e8les, mais restent n\u00e9anmoins...\" \/>\n<meta name=\"robots\" content=\"index, follow, max-snippet:-1, max-image-preview:large, max-video-preview:-1\" \/>\n<link rel=\"canonical\" href=\"https:\/\/www.autojm.fr\/blog\/renault-restyle-ses-trafic-et-sassocie-avec-opel\/\" \/>\n<meta property=\"og:locale\" content=\"fr_FR\" \/>\n<meta property=\"og:type\" content=\"article\" \/>\n<meta property=\"og:title\" content=\"Renault restyle ses Trafic et s&#039;associe avec Opel - AutoJM Mag\" \/>\n<meta property=\"og:description\" content=\"Ces 2 constructeurs sont donc une nouvelle fois partenaires pour le lancement de leurs nouveaux mod\u00e8les, mais restent n\u00e9anmoins...\" \/>\n<meta property=\"og:url\" content=\"https:\/\/www.autojm.fr\/blog\/renault-restyle-ses-trafic-et-sassocie-avec-opel\/\" \/>\n<meta property=\"og:site_name\" content=\"AutoJM Mag\" \/>\n<meta property=\"article:publisher\" content=\"https:\/\/www.facebook.com\/AutoJM25\" \/>\n<meta property=\"article:published_time\" content=\"2014-07-31T10:31:12+00:00\" \/>\n<meta property=\"article:modified_time\" content=\"2023-09-15T12:24:50+00:00\" \/>\n<meta property=\"og:image\" content=\"https:\/\/www.autojm.fr\/blog\/wp-content\/uploads\/2022\/10\/305.jpg\" \/>\n\t<meta property=\"og:image:width\" content=\"1024\" \/>\n\t<meta property=\"og:image:height\" content=\"742\" \/>\n\t<meta property=\"og:image:type\" content=\"image\/jpeg\" \/>\n<meta name=\"author\" content=\"Autojm\" \/>\n<meta name=\"twitter:card\" content=\"summary_large_image\" \/>\n<meta name=\"twitter:label1\" content=\"\u00c9crit par\" \/>\n\t<meta name=\"twitter:data1\" content=\"Autojm\" \/>\n\t<meta name=\"twitter:label2\" content=\"Dur\u00e9e de lecture estim\u00e9e\" \/>\n\t<meta name=\"twitter:data2\" content=\"2 minutes\" \/>\n<script type=\"application\/ld+json\" class=\"yoast-schema-graph\">{\"@context\":\"https:\\\/\\\/schema.org\",\"@graph\":[{\"@type\":\"Article\",\"@id\":\"https:\\\/\\\/www.autojm.fr\\\/blog\\\/renault-restyle-ses-trafic-et-sassocie-avec-opel\\\/#article\",\"isPartOf\":{\"@id\":\"https:\\\/\\\/www.autojm.fr\\\/blog\\\/renault-restyle-ses-trafic-et-sassocie-avec-opel\\\/\"},\"author\":{\"name\":\"Autojm\",\"@id\":\"https:\\\/\\\/www.autojm.fr\\\/blog\\\/#\\\/schema\\\/person\\\/9742bc77541853e0de81fc57f947e1a0\"},\"headline\":\"Renault restyle ses Trafic et s&rsquo;associe avec Opel\",\"datePublished\":\"2014-07-31T10:31:12+00:00\",\"dateModified\":\"2023-09-15T12:24:50+00:00\",\"mainEntityOfPage\":{\"@id\":\"https:\\\/\\\/www.autojm.fr\\\/blog\\\/renault-restyle-ses-trafic-et-sassocie-avec-opel\\\/\"},\"wordCount\":349,\"commentCount\":0,\"publisher\":{\"@id\":\"https:\\\/\\\/www.autojm.fr\\\/blog\\\/#organization\"},\"image\":{\"@id\":\"https:\\\/\\\/www.autojm.fr\\\/blog\\\/renault-restyle-ses-trafic-et-sassocie-avec-opel\\\/#primaryimage\"},\"thumbnailUrl\":\"https:\\\/\\\/www.autojm.fr\\\/blog\\\/wp-content\\\/uploads\\\/2022\\\/10\\\/305.jpg\",\"keywords\":[\"autojm\",\"renault\",\"Renault Trafic\"],\"articleSection\":[\"Nouveaut\u00e9 Renault\",\"Nouveaut\u00e9s Autos\"],\"inLanguage\":\"fr-FR\",\"potentialAction\":[{\"@type\":\"CommentAction\",\"name\":\"Comment\",\"target\":[\"https:\\\/\\\/www.autojm.fr\\\/blog\\\/renault-restyle-ses-trafic-et-sassocie-avec-opel\\\/#respond\"]}]},{\"@type\":\"WebPage\",\"@id\":\"https:\\\/\\\/www.autojm.fr\\\/blog\\\/renault-restyle-ses-trafic-et-sassocie-avec-opel\\\/\",\"url\":\"https:\\\/\\\/www.autojm.fr\\\/blog\\\/renault-restyle-ses-trafic-et-sassocie-avec-opel\\\/\",\"name\":\"Renault restyle ses Trafic et s'associe avec Opel - AutoJM Mag\",\"isPartOf\":{\"@id\":\"https:\\\/\\\/www.autojm.fr\\\/blog\\\/#website\"},\"primaryImageOfPage\":{\"@id\":\"https:\\\/\\\/www.autojm.fr\\\/blog\\\/renault-restyle-ses-trafic-et-sassocie-avec-opel\\\/#primaryimage\"},\"image\":{\"@id\":\"https:\\\/\\\/www.autojm.fr\\\/blog\\\/renault-restyle-ses-trafic-et-sassocie-avec-opel\\\/#primaryimage\"},\"thumbnailUrl\":\"https:\\\/\\\/www.autojm.fr\\\/blog\\\/wp-content\\\/uploads\\\/2022\\\/10\\\/305.jpg\",\"datePublished\":\"2014-07-31T10:31:12+00:00\",\"dateModified\":\"2023-09-15T12:24:50+00:00\",\"description\":\"Ces 2 constructeurs sont donc une nouvelle fois partenaires pour le lancement de leurs nouveaux mod\u00e8les, mais restent n\u00e9anmoins...\",\"breadcrumb\":{\"@id\":\"https:\\\/\\\/www.autojm.fr\\\/blog\\\/renault-restyle-ses-trafic-et-sassocie-avec-opel\\\/#breadcrumb\"},\"inLanguage\":\"fr-FR\",\"potentialAction\":[{\"@type\":\"ReadAction\",\"target\":[\"https:\\\/\\\/www.autojm.fr\\\/blog\\\/renault-restyle-ses-trafic-et-sassocie-avec-opel\\\/\"]}]},{\"@type\":\"ImageObject\",\"inLanguage\":\"fr-FR\",\"@id\":\"https:\\\/\\\/www.autojm.fr\\\/blog\\\/renault-restyle-ses-trafic-et-sassocie-avec-opel\\\/#primaryimage\",\"url\":\"https:\\\/\\\/www.autojm.fr\\\/blog\\\/wp-content\\\/uploads\\\/2022\\\/10\\\/305.jpg\",\"contentUrl\":\"https:\\\/\\\/www.autojm.fr\\\/blog\\\/wp-content\\\/uploads\\\/2022\\\/10\\\/305.jpg\",\"width\":1024,\"height\":742,\"caption\":\"Renault Trafic\"},{\"@type\":\"BreadcrumbList\",\"@id\":\"https:\\\/\\\/www.autojm.fr\\\/blog\\\/renault-restyle-ses-trafic-et-sassocie-avec-opel\\\/#breadcrumb\",\"itemListElement\":[{\"@type\":\"ListItem\",\"position\":1,\"name\":\"Accueil\",\"item\":\"https:\\\/\\\/www.autojm.fr\\\/blog\\\/\"},{\"@type\":\"ListItem\",\"position\":2,\"name\":\"Nouveaut\u00e9s Autos\",\"item\":\"https:\\\/\\\/www.autojm.fr\\\/blog\\\/nouveautes-autos\\\/\"},{\"@type\":\"ListItem\",\"position\":3,\"name\":\"Renault restyle ses Trafic et s&rsquo;associe avec Opel\"}]},{\"@type\":\"WebSite\",\"@id\":\"https:\\\/\\\/www.autojm.fr\\\/blog\\\/#website\",\"url\":\"https:\\\/\\\/www.autojm.fr\\\/blog\\\/\",\"name\":\"AutoJM Mag\",\"description\":\"Toute l&#039;actu auto en 1 clic !\",\"publisher\":{\"@id\":\"https:\\\/\\\/www.autojm.fr\\\/blog\\\/#organization\"},\"potentialAction\":[{\"@type\":\"SearchAction\",\"target\":{\"@type\":\"EntryPoint\",\"urlTemplate\":\"https:\\\/\\\/www.autojm.fr\\\/blog\\\/?s={search_term_string}\"},\"query-input\":{\"@type\":\"PropertyValueSpecification\",\"valueRequired\":true,\"valueName\":\"search_term_string\"}}],\"inLanguage\":\"fr-FR\"},{\"@type\":\"Organization\",\"@id\":\"https:\\\/\\\/www.autojm.fr\\\/blog\\\/#organization\",\"name\":\"AutoJM Mag\",\"url\":\"https:\\\/\\\/www.autojm.fr\\\/blog\\\/\",\"logo\":{\"@type\":\"ImageObject\",\"inLanguage\":\"fr-FR\",\"@id\":\"https:\\\/\\\/www.autojm.fr\\\/blog\\\/#\\\/schema\\\/logo\\\/image\\\/\",\"url\":\"https:\\\/\\\/www.autojm.fr\\\/blog\\\/wp-content\\\/uploads\\\/2022\\\/12\\\/cropped-AutoJMag-png.png\",\"contentUrl\":\"https:\\\/\\\/www.autojm.fr\\\/blog\\\/wp-content\\\/uploads\\\/2022\\\/12\\\/cropped-AutoJMag-png.png\",\"width\":2834,\"height\":585,\"caption\":\"AutoJM Mag\"},\"image\":{\"@id\":\"https:\\\/\\\/www.autojm.fr\\\/blog\\\/#\\\/schema\\\/logo\\\/image\\\/\"},\"sameAs\":[\"https:\\\/\\\/www.facebook.com\\\/AutoJM25\"]},{\"@type\":\"Person\",\"@id\":\"https:\\\/\\\/www.autojm.fr\\\/blog\\\/#\\\/schema\\\/person\\\/9742bc77541853e0de81fc57f947e1a0\",\"name\":\"Autojm\",\"image\":{\"@type\":\"ImageObject\",\"inLanguage\":\"fr-FR\",\"@id\":\"https:\\\/\\\/secure.gravatar.com\\\/avatar\\\/9a959d52b758fcc232fe4b6aca7bab139182573297122cce7d6f2ee0e537b418?s=96&d=mm&r=g\",\"url\":\"https:\\\/\\\/secure.gravatar.com\\\/avatar\\\/9a959d52b758fcc232fe4b6aca7bab139182573297122cce7d6f2ee0e537b418?s=96&d=mm&r=g\",\"contentUrl\":\"https:\\\/\\\/secure.gravatar.com\\\/avatar\\\/9a959d52b758fcc232fe4b6aca7bab139182573297122cce7d6f2ee0e537b418?s=96&d=mm&r=g\",\"caption\":\"Autojm\"},\"sameAs\":[\"https:\\\/\\\/www.autojm.fr\\\/blog\"],\"url\":\"https:\\\/\\\/www.autojm.fr\\\/blog\\\/author\\\/bichoi\\\/\"}]}<\/script>\n<!-- \/ Yoast SEO plugin. -->","yoast_head_json":{"title":"Renault restyle ses Trafic et s'associe avec Opel - AutoJM Mag","description":"Ces 2 constructeurs sont donc une nouvelle fois partenaires pour le lancement de leurs nouveaux mod\u00e8les, mais restent n\u00e9anmoins...","robots":{"index":"index","follow":"follow","max-snippet":"max-snippet:-1","max-image-preview":"max-image-preview:large","max-video-preview":"max-video-preview:-1"},"canonical":"https:\/\/www.autojm.fr\/blog\/renault-restyle-ses-trafic-et-sassocie-avec-opel\/","og_locale":"fr_FR","og_type":"article","og_title":"Renault restyle ses Trafic et s'associe avec Opel - AutoJM Mag","og_description":"Ces 2 constructeurs sont donc une nouvelle fois partenaires pour le lancement de leurs nouveaux mod\u00e8les, mais restent n\u00e9anmoins...","og_url":"https:\/\/www.autojm.fr\/blog\/renault-restyle-ses-trafic-et-sassocie-avec-opel\/","og_site_name":"AutoJM Mag","article_publisher":"https:\/\/www.facebook.com\/AutoJM25","article_published_time":"2014-07-31T10:31:12+00:00","article_modified_time":"2023-09-15T12:24:50+00:00","og_image":[{"width":1024,"height":742,"url":"https:\/\/www.autojm.fr\/blog\/wp-content\/uploads\/2022\/10\/305.jpg","type":"image\/jpeg"}],"author":"Autojm","twitter_card":"summary_large_image","twitter_misc":{"\u00c9crit par":"Autojm","Dur\u00e9e de lecture estim\u00e9e":"2 minutes"},"schema":{"@context":"https:\/\/schema.org","@graph":[{"@type":"Article","@id":"https:\/\/www.autojm.fr\/blog\/renault-restyle-ses-trafic-et-sassocie-avec-opel\/#article","isPartOf":{"@id":"https:\/\/www.autojm.fr\/blog\/renault-restyle-ses-trafic-et-sassocie-avec-opel\/"},"author":{"name":"Autojm","@id":"https:\/\/www.autojm.fr\/blog\/#\/schema\/person\/9742bc77541853e0de81fc57f947e1a0"},"headline":"Renault restyle ses Trafic et s&rsquo;associe avec Opel","datePublished":"2014-07-31T10:31:12+00:00","dateModified":"2023-09-15T12:24:50+00:00","mainEntityOfPage":{"@id":"https:\/\/www.autojm.fr\/blog\/renault-restyle-ses-trafic-et-sassocie-avec-opel\/"},"wordCount":349,"commentCount":0,"publisher":{"@id":"https:\/\/www.autojm.fr\/blog\/#organization"},"image":{"@id":"https:\/\/www.autojm.fr\/blog\/renault-restyle-ses-trafic-et-sassocie-avec-opel\/#primaryimage"},"thumbnailUrl":"https:\/\/www.autojm.fr\/blog\/wp-content\/uploads\/2022\/10\/305.jpg","keywords":["autojm","renault","Renault Trafic"],"articleSection":["Nouveaut\u00e9 Renault","Nouveaut\u00e9s Autos"],"inLanguage":"fr-FR","potentialAction":[{"@type":"CommentAction","name":"Comment","target":["https:\/\/www.autojm.fr\/blog\/renault-restyle-ses-trafic-et-sassocie-avec-opel\/#respond"]}]},{"@type":"WebPage","@id":"https:\/\/www.autojm.fr\/blog\/renault-restyle-ses-trafic-et-sassocie-avec-opel\/","url":"https:\/\/www.autojm.fr\/blog\/renault-restyle-ses-trafic-et-sassocie-avec-opel\/","name":"Renault restyle ses Trafic et s'associe avec Opel - AutoJM Mag","isPartOf":{"@id":"https:\/\/www.autojm.fr\/blog\/#website"},"primaryImageOfPage":{"@id":"https:\/\/www.autojm.fr\/blog\/renault-restyle-ses-trafic-et-sassocie-avec-opel\/#primaryimage"},"image":{"@id":"https:\/\/www.autojm.fr\/blog\/renault-restyle-ses-trafic-et-sassocie-avec-opel\/#primaryimage"},"thumbnailUrl":"https:\/\/www.autojm.fr\/blog\/wp-content\/uploads\/2022\/10\/305.jpg","datePublished":"2014-07-31T10:31:12+00:00","dateModified":"2023-09-15T12:24:50+00:00","description":"Ces 2 constructeurs sont donc une nouvelle fois partenaires pour le lancement de leurs nouveaux mod\u00e8les, mais restent n\u00e9anmoins...","breadcrumb":{"@id":"https:\/\/www.autojm.fr\/blog\/renault-restyle-ses-trafic-et-sassocie-avec-opel\/#breadcrumb"},"inLanguage":"fr-FR","potentialAction":[{"@type":"ReadAction","target":["https:\/\/www.autojm.fr\/blog\/renault-restyle-ses-trafic-et-sassocie-avec-opel\/"]}]},{"@type":"ImageObject","inLanguage":"fr-FR","@id":"https:\/\/www.autojm.fr\/blog\/renault-restyle-ses-trafic-et-sassocie-avec-opel\/#primaryimage","url":"https:\/\/www.autojm.fr\/blog\/wp-content\/uploads\/2022\/10\/305.jpg","contentUrl":"https:\/\/www.autojm.fr\/blog\/wp-content\/uploads\/2022\/10\/305.jpg","width":1024,"height":742,"caption":"Renault Trafic"},{"@type":"BreadcrumbList","@id":"https:\/\/www.autojm.fr\/blog\/renault-restyle-ses-trafic-et-sassocie-avec-opel\/#breadcrumb","itemListElement":[{"@type":"ListItem","position":1,"name":"Accueil","item":"https:\/\/www.autojm.fr\/blog\/"},{"@type":"ListItem","position":2,"name":"Nouveaut\u00e9s Autos","item":"https:\/\/www.autojm.fr\/blog\/nouveautes-autos\/"},{"@type":"ListItem","position":3,"name":"Renault restyle ses Trafic et s&rsquo;associe avec Opel"}]},{"@type":"WebSite","@id":"https:\/\/www.autojm.fr\/blog\/#website","url":"https:\/\/www.autojm.fr\/blog\/","name":"AutoJM Mag","description":"Toute l&#039;actu auto en 1 clic !","publisher":{"@id":"https:\/\/www.autojm.fr\/blog\/#organization"},"potentialAction":[{"@type":"SearchAction","target":{"@type":"EntryPoint","urlTemplate":"https:\/\/www.autojm.fr\/blog\/?s={search_term_string}"},"query-input":{"@type":"PropertyValueSpecification","valueRequired":true,"valueName":"search_term_string"}}],"inLanguage":"fr-FR"},{"@type":"Organization","@id":"https:\/\/www.autojm.fr\/blog\/#organization","name":"AutoJM Mag","url":"https:\/\/www.autojm.fr\/blog\/","logo":{"@type":"ImageObject","inLanguage":"fr-FR","@id":"https:\/\/www.autojm.fr\/blog\/#\/schema\/logo\/image\/","url":"https:\/\/www.autojm.fr\/blog\/wp-content\/uploads\/2022\/12\/cropped-AutoJMag-png.png","contentUrl":"https:\/\/www.autojm.fr\/blog\/wp-content\/uploads\/2022\/12\/cropped-AutoJMag-png.png","width":2834,"height":585,"caption":"AutoJM Mag"},"image":{"@id":"https:\/\/www.autojm.fr\/blog\/#\/schema\/logo\/image\/"},"sameAs":["https:\/\/www.facebook.com\/AutoJM25"]},{"@type":"Person","@id":"https:\/\/www.autojm.fr\/blog\/#\/schema\/person\/9742bc77541853e0de81fc57f947e1a0","name":"Autojm","image":{"@type":"ImageObject","inLanguage":"fr-FR","@id":"https:\/\/secure.gravatar.com\/avatar\/9a959d52b758fcc232fe4b6aca7bab139182573297122cce7d6f2ee0e537b418?s=96&d=mm&r=g","url":"https:\/\/secure.gravatar.com\/avatar\/9a959d52b758fcc232fe4b6aca7bab139182573297122cce7d6f2ee0e537b418?s=96&d=mm&r=g","contentUrl":"https:\/\/secure.gravatar.com\/avatar\/9a959d52b758fcc232fe4b6aca7bab139182573297122cce7d6f2ee0e537b418?s=96&d=mm&r=g","caption":"Autojm"},"sameAs":["https:\/\/www.autojm.fr\/blog"],"url":"https:\/\/www.autojm.fr\/blog\/author\/bichoi\/"}]}},"_links":{"self":[{"href":"https:\/\/www.autojm.fr\/blog\/wp-json\/wp\/v2\/posts\/3591","targetHints":{"allow":["GET"]}}],"collection":[{"href":"https:\/\/www.autojm.fr\/blog\/wp-json\/wp\/v2\/posts"}],"about":[{"href":"https:\/\/www.autojm.fr\/blog\/wp-json\/wp\/v2\/types\/post"}],"author":[{"embeddable":true,"href":"https:\/\/www.autojm.fr\/blog\/wp-json\/wp\/v2\/users\/1"}],"replies":[{"embeddable":true,"href":"https:\/\/www.autojm.fr\/blog\/wp-json\/wp\/v2\/comments?post=3591"}],"version-history":[{"count":4,"href":"https:\/\/www.autojm.fr\/blog\/wp-json\/wp\/v2\/posts\/3591\/revisions"}],"predecessor-version":[{"id":12719,"href":"https:\/\/www.autojm.fr\/blog\/wp-json\/wp\/v2\/posts\/3591\/revisions\/12719"}],"wp:featuredmedia":[{"embeddable":true,"href":"https:\/\/www.autojm.fr\/blog\/wp-json\/wp\/v2\/media\/5656"}],"wp:attachment":[{"href":"https:\/\/www.autojm.fr\/blog\/wp-json\/wp\/v2\/media?parent=3591"}],"wp:term":[{"taxonomy":"category","embeddable":true,"href":"https:\/\/www.autojm.fr\/blog\/wp-json\/wp\/v2\/categories?post=3591"},{"taxonomy":"post_tag","embeddable":true,"href":"https:\/\/www.autojm.fr\/blog\/wp-json\/wp\/v2\/tags?post=3591"}],"curies":[{"name":"wp","href":"https:\/\/api.w.org\/{rel}","templated":true}]}}