{"id":3581,"date":"2014-02-14T17:55:43","date_gmt":"2014-02-14T17:55:43","guid":{"rendered":"https:\/\/www.autojm.fr\/blog\/la-nouvelle-peugeot-108-arrive\/"},"modified":"2023-09-15T09:59:47","modified_gmt":"2023-09-15T09:59:47","slug":"la-nouvelle-peugeot-108-arrive","status":"publish","type":"post","link":"https:\/\/www.autojm.fr\/blog\/la-nouvelle-peugeot-108-arrive\/","title":{"rendered":"La nouvelle Peugeot 108 arrive"},"content":{"rendered":"<h1><span style=\"font-family: Arial, Helvetica, sans-serif; color: #d3145a; font-size: 12px;\">Dites adieu \u00e0 la Peugeot 107 et bonjour \u00e0 la toute nouvelle Peugeot 108 !<\/span><\/h1>\n<p>Pr\u00e9sent\u00e9e au prochain salon de Gen\u00e8ve, la petite derni\u00e8re du constructeur <u><strong><a href=\"https:\/\/www.autojm.fr\/mandataire-voitures-neuves-peugeot\">Peugeot <\/a><\/strong><\/u>va faire tourner des t\u00eates !<\/p>\n<p>En effet, cette mini citadine, rempla\u00e7ante de la<strong> Peugeot 107 s<\/strong>era plus chic, plus personnalisable et plus high tech !<\/p>\n<p>La future concurrente de la Renault Twingo est enti\u00e8rement personnalisable et peut \u00e9galement se configurer en bi couleur. celle ci sera propos\u00e9e en version 3 et 5 portes et le client pourra choisir entre 7 th\u00e8mes de personnalisation int\u00e9rieur &#8211; ext\u00e9rieur :Le th\u00e8me Dressy avec le fameux pied-de-poule. Le th\u00e8me Dual qui repr\u00e9sente un motif de trame brod\u00e9. On retrouve m\u00eame un th\u00e8me Kilt destin\u00e9 aux fans du Lac du Connemara. Le th\u00e8me Sport affichera un motif de damier en d\u00e9grad\u00e9 tandis que le th\u00e8me Tattoo affichera \u00ab des petites fleurs m\u00e9talliques au trac\u00e9 tendu et nerveux \u00bb.<\/p>\n","protected":false},"excerpt":{"rendered":"<p>Pr\u00e9sent\u00e9e au prochain salon de Gen\u00e8ve, la petite derni\u00e8re du constructeur Peugeot va faire tourner des t\u00eates !<\/p>\n<p>En effet, cette mini citadine, rempla\u00e7ante de la Peugeot 107 sera plus chic, plus personnalisable et plus high tech !<\/p>\n","protected":false},"author":1,"featured_media":5646,"comment_status":"open","ping_status":"open","sticky":false,"template":"","format":"standard","meta":{"_acf_changed":false,"content-type":"","footnotes":""},"categories":[235,61],"tags":[90,73,224],"class_list":["post-3581","post","type-post","status-publish","format-standard","has-post-thumbnail","hentry","category-nouveaute-peugeot","category-nouveautes-autos","tag-autojm","tag-peugeot","tag-peugeot-108"],"acf":[],"yoast_head":"<!-- This site is optimized with the Yoast SEO plugin v27.5 - https:\/\/yoast.com\/product\/yoast-seo-wordpress\/ -->\n<title>La nouvelle Peugeot 108 arrive - AutoJM Mag<\/title>\n<meta name=\"description\" content=\"Pr\u00e9sent\u00e9e au prochain salon de Gen\u00e8ve, la petite derni\u00e8re du constructeur Peugeot va faire tourner des t\u00eates ! En effet, cette mini...\" \/>\n<meta name=\"robots\" content=\"index, follow, max-snippet:-1, max-image-preview:large, max-video-preview:-1\" \/>\n<link rel=\"canonical\" href=\"https:\/\/www.autojm.fr\/blog\/la-nouvelle-peugeot-108-arrive\/\" \/>\n<meta property=\"og:locale\" content=\"fr_FR\" \/>\n<meta property=\"og:type\" content=\"article\" \/>\n<meta property=\"og:title\" content=\"La nouvelle Peugeot 108 arrive - AutoJM Mag\" \/>\n<meta property=\"og:description\" content=\"Pr\u00e9sent\u00e9e au prochain salon de Gen\u00e8ve, la petite derni\u00e8re du constructeur Peugeot va faire tourner des t\u00eates ! En effet, cette mini...\" \/>\n<meta property=\"og:url\" content=\"https:\/\/www.autojm.fr\/blog\/la-nouvelle-peugeot-108-arrive\/\" \/>\n<meta property=\"og:site_name\" content=\"AutoJM Mag\" \/>\n<meta property=\"article:publisher\" content=\"https:\/\/www.facebook.com\/AutoJM25\" \/>\n<meta property=\"article:published_time\" content=\"2014-02-14T17:55:43+00:00\" \/>\n<meta property=\"article:modified_time\" content=\"2023-09-15T09:59:47+00:00\" \/>\n<meta property=\"og:image\" content=\"https:\/\/www.autojm.fr\/blog\/wp-content\/uploads\/2022\/10\/295.jpg\" \/>\n\t<meta property=\"og:image:width\" content=\"636\" \/>\n\t<meta property=\"og:image:height\" content=\"424\" \/>\n\t<meta property=\"og:image:type\" content=\"image\/jpeg\" \/>\n<meta name=\"author\" content=\"Autojm\" \/>\n<meta name=\"twitter:card\" content=\"summary_large_image\" \/>\n<meta name=\"twitter:label1\" content=\"\u00c9crit par\" \/>\n\t<meta name=\"twitter:data1\" content=\"Autojm\" \/>\n\t<meta name=\"twitter:label2\" content=\"Dur\u00e9e de lecture estim\u00e9e\" \/>\n\t<meta name=\"twitter:data2\" content=\"1 minute\" \/>\n<script type=\"application\/ld+json\" class=\"yoast-schema-graph\">{\"@context\":\"https:\\\/\\\/schema.org\",\"@graph\":[{\"@type\":\"Article\",\"@id\":\"https:\\\/\\\/www.autojm.fr\\\/blog\\\/la-nouvelle-peugeot-108-arrive\\\/#article\",\"isPartOf\":{\"@id\":\"https:\\\/\\\/www.autojm.fr\\\/blog\\\/la-nouvelle-peugeot-108-arrive\\\/\"},\"author\":{\"name\":\"Autojm\",\"@id\":\"https:\\\/\\\/www.autojm.fr\\\/blog\\\/#\\\/schema\\\/person\\\/9742bc77541853e0de81fc57f947e1a0\"},\"headline\":\"La nouvelle Peugeot 108 arrive\",\"datePublished\":\"2014-02-14T17:55:43+00:00\",\"dateModified\":\"2023-09-15T09:59:47+00:00\",\"mainEntityOfPage\":{\"@id\":\"https:\\\/\\\/www.autojm.fr\\\/blog\\\/la-nouvelle-peugeot-108-arrive\\\/\"},\"wordCount\":162,\"commentCount\":0,\"publisher\":{\"@id\":\"https:\\\/\\\/www.autojm.fr\\\/blog\\\/#organization\"},\"image\":{\"@id\":\"https:\\\/\\\/www.autojm.fr\\\/blog\\\/la-nouvelle-peugeot-108-arrive\\\/#primaryimage\"},\"thumbnailUrl\":\"https:\\\/\\\/www.autojm.fr\\\/blog\\\/wp-content\\\/uploads\\\/2022\\\/10\\\/295.jpg\",\"keywords\":[\"autojm\",\"peugeot\",\"Peugeot 108\"],\"articleSection\":[\"Nouveaut\u00e9 Peugeot\",\"Nouveaut\u00e9s Autos\"],\"inLanguage\":\"fr-FR\",\"potentialAction\":[{\"@type\":\"CommentAction\",\"name\":\"Comment\",\"target\":[\"https:\\\/\\\/www.autojm.fr\\\/blog\\\/la-nouvelle-peugeot-108-arrive\\\/#respond\"]}]},{\"@type\":\"WebPage\",\"@id\":\"https:\\\/\\\/www.autojm.fr\\\/blog\\\/la-nouvelle-peugeot-108-arrive\\\/\",\"url\":\"https:\\\/\\\/www.autojm.fr\\\/blog\\\/la-nouvelle-peugeot-108-arrive\\\/\",\"name\":\"La nouvelle Peugeot 108 arrive - AutoJM Mag\",\"isPartOf\":{\"@id\":\"https:\\\/\\\/www.autojm.fr\\\/blog\\\/#website\"},\"primaryImageOfPage\":{\"@id\":\"https:\\\/\\\/www.autojm.fr\\\/blog\\\/la-nouvelle-peugeot-108-arrive\\\/#primaryimage\"},\"image\":{\"@id\":\"https:\\\/\\\/www.autojm.fr\\\/blog\\\/la-nouvelle-peugeot-108-arrive\\\/#primaryimage\"},\"thumbnailUrl\":\"https:\\\/\\\/www.autojm.fr\\\/blog\\\/wp-content\\\/uploads\\\/2022\\\/10\\\/295.jpg\",\"datePublished\":\"2014-02-14T17:55:43+00:00\",\"dateModified\":\"2023-09-15T09:59:47+00:00\",\"description\":\"Pr\u00e9sent\u00e9e au prochain salon de Gen\u00e8ve, la petite derni\u00e8re du constructeur Peugeot va faire tourner des t\u00eates ! En effet, cette mini...\",\"breadcrumb\":{\"@id\":\"https:\\\/\\\/www.autojm.fr\\\/blog\\\/la-nouvelle-peugeot-108-arrive\\\/#breadcrumb\"},\"inLanguage\":\"fr-FR\",\"potentialAction\":[{\"@type\":\"ReadAction\",\"target\":[\"https:\\\/\\\/www.autojm.fr\\\/blog\\\/la-nouvelle-peugeot-108-arrive\\\/\"]}]},{\"@type\":\"ImageObject\",\"inLanguage\":\"fr-FR\",\"@id\":\"https:\\\/\\\/www.autojm.fr\\\/blog\\\/la-nouvelle-peugeot-108-arrive\\\/#primaryimage\",\"url\":\"https:\\\/\\\/www.autojm.fr\\\/blog\\\/wp-content\\\/uploads\\\/2022\\\/10\\\/295.jpg\",\"contentUrl\":\"https:\\\/\\\/www.autojm.fr\\\/blog\\\/wp-content\\\/uploads\\\/2022\\\/10\\\/295.jpg\",\"width\":636,\"height\":424,\"caption\":\"Peugeot 108\"},{\"@type\":\"BreadcrumbList\",\"@id\":\"https:\\\/\\\/www.autojm.fr\\\/blog\\\/la-nouvelle-peugeot-108-arrive\\\/#breadcrumb\",\"itemListElement\":[{\"@type\":\"ListItem\",\"position\":1,\"name\":\"Accueil\",\"item\":\"https:\\\/\\\/www.autojm.fr\\\/blog\\\/\"},{\"@type\":\"ListItem\",\"position\":2,\"name\":\"Nouveaut\u00e9s Autos\",\"item\":\"https:\\\/\\\/www.autojm.fr\\\/blog\\\/nouveautes-autos\\\/\"},{\"@type\":\"ListItem\",\"position\":3,\"name\":\"La nouvelle Peugeot 108 arrive\"}]},{\"@type\":\"WebSite\",\"@id\":\"https:\\\/\\\/www.autojm.fr\\\/blog\\\/#website\",\"url\":\"https:\\\/\\\/www.autojm.fr\\\/blog\\\/\",\"name\":\"AutoJM Mag\",\"description\":\"Toute l&#039;actu auto en 1 clic !\",\"publisher\":{\"@id\":\"https:\\\/\\\/www.autojm.fr\\\/blog\\\/#organization\"},\"potentialAction\":[{\"@type\":\"SearchAction\",\"target\":{\"@type\":\"EntryPoint\",\"urlTemplate\":\"https:\\\/\\\/www.autojm.fr\\\/blog\\\/?s={search_term_string}\"},\"query-input\":{\"@type\":\"PropertyValueSpecification\",\"valueRequired\":true,\"valueName\":\"search_term_string\"}}],\"inLanguage\":\"fr-FR\"},{\"@type\":\"Organization\",\"@id\":\"https:\\\/\\\/www.autojm.fr\\\/blog\\\/#organization\",\"name\":\"AutoJM Mag\",\"url\":\"https:\\\/\\\/www.autojm.fr\\\/blog\\\/\",\"logo\":{\"@type\":\"ImageObject\",\"inLanguage\":\"fr-FR\",\"@id\":\"https:\\\/\\\/www.autojm.fr\\\/blog\\\/#\\\/schema\\\/logo\\\/image\\\/\",\"url\":\"https:\\\/\\\/www.autojm.fr\\\/blog\\\/wp-content\\\/uploads\\\/2022\\\/12\\\/cropped-AutoJMag-png.png\",\"contentUrl\":\"https:\\\/\\\/www.autojm.fr\\\/blog\\\/wp-content\\\/uploads\\\/2022\\\/12\\\/cropped-AutoJMag-png.png\",\"width\":2834,\"height\":585,\"caption\":\"AutoJM Mag\"},\"image\":{\"@id\":\"https:\\\/\\\/www.autojm.fr\\\/blog\\\/#\\\/schema\\\/logo\\\/image\\\/\"},\"sameAs\":[\"https:\\\/\\\/www.facebook.com\\\/AutoJM25\"]},{\"@type\":\"Person\",\"@id\":\"https:\\\/\\\/www.autojm.fr\\\/blog\\\/#\\\/schema\\\/person\\\/9742bc77541853e0de81fc57f947e1a0\",\"name\":\"Autojm\",\"image\":{\"@type\":\"ImageObject\",\"inLanguage\":\"fr-FR\",\"@id\":\"https:\\\/\\\/secure.gravatar.com\\\/avatar\\\/9a959d52b758fcc232fe4b6aca7bab139182573297122cce7d6f2ee0e537b418?s=96&d=mm&r=g\",\"url\":\"https:\\\/\\\/secure.gravatar.com\\\/avatar\\\/9a959d52b758fcc232fe4b6aca7bab139182573297122cce7d6f2ee0e537b418?s=96&d=mm&r=g\",\"contentUrl\":\"https:\\\/\\\/secure.gravatar.com\\\/avatar\\\/9a959d52b758fcc232fe4b6aca7bab139182573297122cce7d6f2ee0e537b418?s=96&d=mm&r=g\",\"caption\":\"Autojm\"},\"sameAs\":[\"https:\\\/\\\/www.autojm.fr\\\/blog\"],\"url\":\"https:\\\/\\\/www.autojm.fr\\\/blog\\\/author\\\/bichoi\\\/\"}]}<\/script>\n<!-- \/ Yoast SEO plugin. -->","yoast_head_json":{"title":"La nouvelle Peugeot 108 arrive - AutoJM Mag","description":"Pr\u00e9sent\u00e9e au prochain salon de Gen\u00e8ve, la petite derni\u00e8re du constructeur Peugeot va faire tourner des t\u00eates ! En effet, cette mini...","robots":{"index":"index","follow":"follow","max-snippet":"max-snippet:-1","max-image-preview":"max-image-preview:large","max-video-preview":"max-video-preview:-1"},"canonical":"https:\/\/www.autojm.fr\/blog\/la-nouvelle-peugeot-108-arrive\/","og_locale":"fr_FR","og_type":"article","og_title":"La nouvelle Peugeot 108 arrive - AutoJM Mag","og_description":"Pr\u00e9sent\u00e9e au prochain salon de Gen\u00e8ve, la petite derni\u00e8re du constructeur Peugeot va faire tourner des t\u00eates ! En effet, cette mini...","og_url":"https:\/\/www.autojm.fr\/blog\/la-nouvelle-peugeot-108-arrive\/","og_site_name":"AutoJM Mag","article_publisher":"https:\/\/www.facebook.com\/AutoJM25","article_published_time":"2014-02-14T17:55:43+00:00","article_modified_time":"2023-09-15T09:59:47+00:00","og_image":[{"width":636,"height":424,"url":"https:\/\/www.autojm.fr\/blog\/wp-content\/uploads\/2022\/10\/295.jpg","type":"image\/jpeg"}],"author":"Autojm","twitter_card":"summary_large_image","twitter_misc":{"\u00c9crit par":"Autojm","Dur\u00e9e de lecture estim\u00e9e":"1 minute"},"schema":{"@context":"https:\/\/schema.org","@graph":[{"@type":"Article","@id":"https:\/\/www.autojm.fr\/blog\/la-nouvelle-peugeot-108-arrive\/#article","isPartOf":{"@id":"https:\/\/www.autojm.fr\/blog\/la-nouvelle-peugeot-108-arrive\/"},"author":{"name":"Autojm","@id":"https:\/\/www.autojm.fr\/blog\/#\/schema\/person\/9742bc77541853e0de81fc57f947e1a0"},"headline":"La nouvelle Peugeot 108 arrive","datePublished":"2014-02-14T17:55:43+00:00","dateModified":"2023-09-15T09:59:47+00:00","mainEntityOfPage":{"@id":"https:\/\/www.autojm.fr\/blog\/la-nouvelle-peugeot-108-arrive\/"},"wordCount":162,"commentCount":0,"publisher":{"@id":"https:\/\/www.autojm.fr\/blog\/#organization"},"image":{"@id":"https:\/\/www.autojm.fr\/blog\/la-nouvelle-peugeot-108-arrive\/#primaryimage"},"thumbnailUrl":"https:\/\/www.autojm.fr\/blog\/wp-content\/uploads\/2022\/10\/295.jpg","keywords":["autojm","peugeot","Peugeot 108"],"articleSection":["Nouveaut\u00e9 Peugeot","Nouveaut\u00e9s Autos"],"inLanguage":"fr-FR","potentialAction":[{"@type":"CommentAction","name":"Comment","target":["https:\/\/www.autojm.fr\/blog\/la-nouvelle-peugeot-108-arrive\/#respond"]}]},{"@type":"WebPage","@id":"https:\/\/www.autojm.fr\/blog\/la-nouvelle-peugeot-108-arrive\/","url":"https:\/\/www.autojm.fr\/blog\/la-nouvelle-peugeot-108-arrive\/","name":"La nouvelle Peugeot 108 arrive - AutoJM Mag","isPartOf":{"@id":"https:\/\/www.autojm.fr\/blog\/#website"},"primaryImageOfPage":{"@id":"https:\/\/www.autojm.fr\/blog\/la-nouvelle-peugeot-108-arrive\/#primaryimage"},"image":{"@id":"https:\/\/www.autojm.fr\/blog\/la-nouvelle-peugeot-108-arrive\/#primaryimage"},"thumbnailUrl":"https:\/\/www.autojm.fr\/blog\/wp-content\/uploads\/2022\/10\/295.jpg","datePublished":"2014-02-14T17:55:43+00:00","dateModified":"2023-09-15T09:59:47+00:00","description":"Pr\u00e9sent\u00e9e au prochain salon de Gen\u00e8ve, la petite derni\u00e8re du constructeur Peugeot va faire tourner des t\u00eates ! En effet, cette mini...","breadcrumb":{"@id":"https:\/\/www.autojm.fr\/blog\/la-nouvelle-peugeot-108-arrive\/#breadcrumb"},"inLanguage":"fr-FR","potentialAction":[{"@type":"ReadAction","target":["https:\/\/www.autojm.fr\/blog\/la-nouvelle-peugeot-108-arrive\/"]}]},{"@type":"ImageObject","inLanguage":"fr-FR","@id":"https:\/\/www.autojm.fr\/blog\/la-nouvelle-peugeot-108-arrive\/#primaryimage","url":"https:\/\/www.autojm.fr\/blog\/wp-content\/uploads\/2022\/10\/295.jpg","contentUrl":"https:\/\/www.autojm.fr\/blog\/wp-content\/uploads\/2022\/10\/295.jpg","width":636,"height":424,"caption":"Peugeot 108"},{"@type":"BreadcrumbList","@id":"https:\/\/www.autojm.fr\/blog\/la-nouvelle-peugeot-108-arrive\/#breadcrumb","itemListElement":[{"@type":"ListItem","position":1,"name":"Accueil","item":"https:\/\/www.autojm.fr\/blog\/"},{"@type":"ListItem","position":2,"name":"Nouveaut\u00e9s Autos","item":"https:\/\/www.autojm.fr\/blog\/nouveautes-autos\/"},{"@type":"ListItem","position":3,"name":"La nouvelle Peugeot 108 arrive"}]},{"@type":"WebSite","@id":"https:\/\/www.autojm.fr\/blog\/#website","url":"https:\/\/www.autojm.fr\/blog\/","name":"AutoJM Mag","description":"Toute l&#039;actu auto en 1 clic !","publisher":{"@id":"https:\/\/www.autojm.fr\/blog\/#organization"},"potentialAction":[{"@type":"SearchAction","target":{"@type":"EntryPoint","urlTemplate":"https:\/\/www.autojm.fr\/blog\/?s={search_term_string}"},"query-input":{"@type":"PropertyValueSpecification","valueRequired":true,"valueName":"search_term_string"}}],"inLanguage":"fr-FR"},{"@type":"Organization","@id":"https:\/\/www.autojm.fr\/blog\/#organization","name":"AutoJM Mag","url":"https:\/\/www.autojm.fr\/blog\/","logo":{"@type":"ImageObject","inLanguage":"fr-FR","@id":"https:\/\/www.autojm.fr\/blog\/#\/schema\/logo\/image\/","url":"https:\/\/www.autojm.fr\/blog\/wp-content\/uploads\/2022\/12\/cropped-AutoJMag-png.png","contentUrl":"https:\/\/www.autojm.fr\/blog\/wp-content\/uploads\/2022\/12\/cropped-AutoJMag-png.png","width":2834,"height":585,"caption":"AutoJM Mag"},"image":{"@id":"https:\/\/www.autojm.fr\/blog\/#\/schema\/logo\/image\/"},"sameAs":["https:\/\/www.facebook.com\/AutoJM25"]},{"@type":"Person","@id":"https:\/\/www.autojm.fr\/blog\/#\/schema\/person\/9742bc77541853e0de81fc57f947e1a0","name":"Autojm","image":{"@type":"ImageObject","inLanguage":"fr-FR","@id":"https:\/\/secure.gravatar.com\/avatar\/9a959d52b758fcc232fe4b6aca7bab139182573297122cce7d6f2ee0e537b418?s=96&d=mm&r=g","url":"https:\/\/secure.gravatar.com\/avatar\/9a959d52b758fcc232fe4b6aca7bab139182573297122cce7d6f2ee0e537b418?s=96&d=mm&r=g","contentUrl":"https:\/\/secure.gravatar.com\/avatar\/9a959d52b758fcc232fe4b6aca7bab139182573297122cce7d6f2ee0e537b418?s=96&d=mm&r=g","caption":"Autojm"},"sameAs":["https:\/\/www.autojm.fr\/blog"],"url":"https:\/\/www.autojm.fr\/blog\/author\/bichoi\/"}]}},"_links":{"self":[{"href":"https:\/\/www.autojm.fr\/blog\/wp-json\/wp\/v2\/posts\/3581","targetHints":{"allow":["GET"]}}],"collection":[{"href":"https:\/\/www.autojm.fr\/blog\/wp-json\/wp\/v2\/posts"}],"about":[{"href":"https:\/\/www.autojm.fr\/blog\/wp-json\/wp\/v2\/types\/post"}],"author":[{"embeddable":true,"href":"https:\/\/www.autojm.fr\/blog\/wp-json\/wp\/v2\/users\/1"}],"replies":[{"embeddable":true,"href":"https:\/\/www.autojm.fr\/blog\/wp-json\/wp\/v2\/comments?post=3581"}],"version-history":[{"count":4,"href":"https:\/\/www.autojm.fr\/blog\/wp-json\/wp\/v2\/posts\/3581\/revisions"}],"predecessor-version":[{"id":12692,"href":"https:\/\/www.autojm.fr\/blog\/wp-json\/wp\/v2\/posts\/3581\/revisions\/12692"}],"wp:featuredmedia":[{"embeddable":true,"href":"https:\/\/www.autojm.fr\/blog\/wp-json\/wp\/v2\/media\/5646"}],"wp:attachment":[{"href":"https:\/\/www.autojm.fr\/blog\/wp-json\/wp\/v2\/media?parent=3581"}],"wp:term":[{"taxonomy":"category","embeddable":true,"href":"https:\/\/www.autojm.fr\/blog\/wp-json\/wp\/v2\/categories?post=3581"},{"taxonomy":"post_tag","embeddable":true,"href":"https:\/\/www.autojm.fr\/blog\/wp-json\/wp\/v2\/tags?post=3581"}],"curies":[{"name":"wp","href":"https:\/\/api.w.org\/{rel}","templated":true}]}}