{"id":3580,"date":"2014-02-06T09:51:51","date_gmt":"2014-02-06T09:51:51","guid":{"rendered":"https:\/\/www.autojm.fr\/blog\/limpartialite-d-autoplus\/"},"modified":"2022-12-13T09:17:05","modified_gmt":"2022-12-13T09:17:05","slug":"limpartialite-d-autoplus","status":"publish","type":"post","link":"https:\/\/www.autojm.fr\/blog\/limpartialite-d-autoplus\/","title":{"rendered":"L&rsquo;impartialit\u00e9 d&rsquo;Autoplus"},"content":{"rendered":"<p><u><strong>Echanges de mails \/ courriers entre AutoJM et AutoPlus<br \/>\n<\/strong><\/u><\/p>\n<p style=\"text-align: justify;\"><em>Le 18\/04\/2013 \/ Mail Automobiles JM<\/em><br \/>\nMr, Je vous fais part du fort m\u00e9contentement de ma direction, qui est f\u00e2ch\u00e9e au point de vouloir cesser toute future collaboration avec votre soci\u00e9t\u00e9 !<br \/>\nJe vous explique, dans le dernier num\u00e9ro du 15 avril, sur 11 v\u00e9hicules mis en avant, Automobiles JM n&rsquo;a pas \u00e9t\u00e9 cit\u00e9e une seule fois!<br \/>\nVous n&rsquo;\u00eates pas sans savoir que nous travaillons avec vous depuis de nombreuses ann\u00e9es et que nos tarifs sur v\u00e9hicules fran\u00e7ais sont, tr\u00e8s souvent, plus int\u00e9ressants que ceux pratiqu\u00e9s par les soci\u00e9t\u00e9s mises en avant dans vos dossiers !<br \/>\nNous pensons tr\u00e8s sinc\u00e8rement \u00eatre mis \u00e0 l&rsquo;\u00e9cart \u00e0 chaque dossier, sachant que nous avons d\u00fbt \u00eatre cit\u00e9 qu&rsquo;une seule fois dans votre magazine depuis\u2026 X ann\u00e9es !<br \/>\nMerci de transmettre ce mail au service concern\u00e9. Cordialement,<\/p>\n<p style=\"text-align: justify;\"><em>Le 23\/04\/2013 \/ Mail AutoPlus<\/em><br \/>\nBonjour. Comme promis, je vous donne des nouvelles suite \u00e0 votre mail que j&rsquo;ai transmis aux responsables de la r\u00e9daction. Ci-dessous leur r\u00e9ponse :<br \/>\n<strong>\u00ab Les mandataires ayant toujours eu une r\u00e9putation et des pratiques parfois sulfureuses, pour limiter au maximum le risque de voir nos lecteurs tomber sur un os, nous nous concentrons r\u00e9guli\u00e8rement sur les trois plus gros acteurs du march\u00e9 dont les volumes de transactions \u00ab garantissent \u00bb, si tant faire se peut, une certitude de livraison et a priori, sur les maxi affaires, un nombre d&rsquo;offres cons\u00e9quentes en volume. Cette r\u00e8gle est en vigueur depuis des ann\u00e9es dans nos articles et nous n&rsquo;avons jamais eu de plaintes en la mati\u00e8re. \u00bb<\/strong><br \/>\nBien s\u00fbr, le 4\u00e8me peut se sentir frustr\u00e9 au m\u00eame titre que le 8 \u00e8me se sentirait lui aussi frustr\u00e9 si l&rsquo;\u00e9tude portait sur les 7 premiers\u2026\u2026\u2026\u2026\u2026\u2026<br \/>\nD&rsquo;autre part, la r\u00e9daction me rappelle qu&rsquo;\u00eatre annonceur ou pas dans le magazine n&rsquo;est pas un crit\u00e8re pris en compte dans leurs \u00e9tudes et ceci dans un souci de transparence et de d\u00e9ontologie.<br \/>\nPour ma part, je ne peux vous apporter d&rsquo;autres r\u00e9ponses, mon activit\u00e9 se limitant \u00e0 la partie publicitaire.<br \/>\nJe reste \u00e0 votre disposition.<br \/>\nCordialement.<\/p>\n<p style=\"text-align: justify;\"><em>Le 02\/05\/2013 \/ Mail Automobiles JM<\/em><br \/>\nMonsieur,<br \/>\nDepuis le temps que nous attendions de savoir pourquoi nous n&rsquo;\u00e9tions pas cit\u00e9s dans vos colonnes lors de comparatifs tarifaires\u2026<br \/>\nIl ne s&rsquo;agit donc pas de notre m\u00e9diocre performance, il ne s&rsquo;agit pas de notre manque de fiabilit\u00e9, il ne s&rsquo;agit pas non plus de notre sale r\u00e9putation ni de notre odeur\u2026 Mais de notre positionnement dans la hi\u00e9rarchie des mandataires.<br \/>\nAlors donc le journal qui se met \u00e0 la place de l&rsquo;automobiliste pense que l&rsquo;automobiliste veut savoir qui, parmi les 3 plus importants, plus forts, plus riches, plus influents mandataires, propose la meilleure offre. Il se moque certainement de faire une \u00e9conomie substantielle en s&rsquo;adressant au num\u00e9ro 4, ou 7.<br \/>\nL&rsquo;automobiliste ne serait-il pas surpris d&rsquo;apprendre que ceux qui sont derri\u00e8re les 3 premiers n&rsquo;ont pas droit au chapitre ? Que penserait le lecteur s&rsquo;il apprenait que son int\u00e9r\u00eat est bafou\u00e9 puisqu&rsquo;il n&rsquo;existe en r\u00e9alit\u00e9 pas de comparatif mais un \u00e9ni\u00e8me publi-reportage sur qui fraye le mieux avec Auto Plus ?<br \/>\nComment pouvez d\u00e9cemment nous exclure alors que nous sommes tr\u00e8s majoritairement moins chers que vos 3 m\u00e9c\u00e8nes ?<br \/>\nVotre explication est un oxymoron qui commence par donner de pitoyables raisons \u00e0 la discrimination dont nous sommes victimes, pour se terminer par l&rsquo;\u00e9vocation de votre d\u00e9ontologie transparente\u2026 C&rsquo;eut \u00e9t\u00e9 un exploit que vous parveniez \u00e0 d\u00e9fendre votre objectivit\u00e9 en vous justifiant aussi maladroitement.<br \/>\nNous transmettons votre mail \u00e0 notre conseil afin de v\u00e9rifier que nous pouvons l\u00e9gitimement informer, via notre site, l&rsquo;ensemble de nos prospects de la fa\u00e7on dont vous \u00e9laborez vos comparatifs, en diffusant tout ou partie de votre r\u00e9ponse.<br \/>\nPS : Nous ne paraitrons pas cette ann\u00e9e dans votre num\u00e9ro \u00ab 1000 essais \u00bb et boycotterons autant que faire se peut votre magazine.<br \/>\nPS2 : Nous avons livr\u00e9 3320 clients cette ann\u00e9e, record historique pour notre petite entreprise, et nous esp\u00e9rons grimper un jour sur ce fameux podium qui, apparemment, ouvre des voies insoup\u00e7onn\u00e9es.<\/p>\n<p style=\"text-align: justify;\">Votre (tr\u00e8s probablement) plus ancien annonceur.<\/p>\n","protected":false},"excerpt":{"rendered":"<p>Mr, Je vous fais part du fort m\u00e9contentement de ma direction, qui est f\u00e2ch\u00e9e au point de vouloir cesser toute future collaboration avec votre soci\u00e9t\u00e9 !<\/p>\n","protected":false},"author":1,"featured_media":5645,"comment_status":"open","ping_status":"open","sticky":false,"template":"","format":"standard","meta":{"_acf_changed":false,"content-type":"","footnotes":""},"categories":[5],"tags":[90,79,74,105,110,109,106,108,107,73,78,169,96],"class_list":["post-3580","post","type-post","status-publish","format-standard","has-post-thumbnail","hentry","category-actualite-automobile","tag-autojm","tag-citroen","tag-dacia","tag-ds","tag-fiat","tag-ford","tag-kia","tag-nissan","tag-opel","tag-peugeot","tag-renault","tag-toyota","tag-volkswagen"],"acf":[],"yoast_head":"<!-- This site is optimized with the Yoast SEO plugin v27.5 - https:\/\/yoast.com\/product\/yoast-seo-wordpress\/ -->\n<title>L&#039;impartialit\u00e9 d&#039;Autoplus - AutoJM Mag<\/title>\n<meta name=\"description\" content=\"Mr, Je vous fais part du fort m\u00e9contentement de ma direction, qui est f\u00e2ch\u00e9e au point de vouloir cesser toute future collaboration avec...\" \/>\n<meta name=\"robots\" content=\"index, follow, max-snippet:-1, max-image-preview:large, max-video-preview:-1\" \/>\n<link rel=\"canonical\" href=\"https:\/\/www.autojm.fr\/blog\/limpartialite-d-autoplus\/\" \/>\n<meta property=\"og:locale\" content=\"fr_FR\" \/>\n<meta property=\"og:type\" content=\"article\" \/>\n<meta property=\"og:title\" content=\"L&#039;impartialit\u00e9 d&#039;Autoplus - AutoJM Mag\" \/>\n<meta property=\"og:description\" content=\"Mr, Je vous fais part du fort m\u00e9contentement de ma direction, qui est f\u00e2ch\u00e9e au point de vouloir cesser toute future collaboration avec...\" \/>\n<meta property=\"og:url\" content=\"https:\/\/www.autojm.fr\/blog\/limpartialite-d-autoplus\/\" \/>\n<meta property=\"og:site_name\" content=\"AutoJM Mag\" \/>\n<meta property=\"article:publisher\" content=\"https:\/\/www.facebook.com\/AutoJM25\" \/>\n<meta property=\"article:published_time\" content=\"2014-02-06T09:51:51+00:00\" \/>\n<meta property=\"article:modified_time\" content=\"2022-12-13T09:17:05+00:00\" \/>\n<meta property=\"og:image\" content=\"https:\/\/www.autojm.fr\/blog\/wp-content\/uploads\/2022\/10\/294.jpg\" \/>\n\t<meta property=\"og:image:width\" content=\"100\" \/>\n\t<meta property=\"og:image:height\" content=\"126\" \/>\n\t<meta property=\"og:image:type\" content=\"image\/jpeg\" \/>\n<meta name=\"author\" content=\"Autojm\" \/>\n<meta name=\"twitter:card\" content=\"summary_large_image\" \/>\n<meta name=\"twitter:label1\" content=\"\u00c9crit par\" \/>\n\t<meta name=\"twitter:data1\" content=\"Autojm\" \/>\n\t<meta name=\"twitter:label2\" content=\"Dur\u00e9e de lecture estim\u00e9e\" \/>\n\t<meta name=\"twitter:data2\" content=\"4 minutes\" \/>\n<script type=\"application\/ld+json\" class=\"yoast-schema-graph\">{\"@context\":\"https:\\\/\\\/schema.org\",\"@graph\":[{\"@type\":\"Article\",\"@id\":\"https:\\\/\\\/www.autojm.fr\\\/blog\\\/limpartialite-d-autoplus\\\/#article\",\"isPartOf\":{\"@id\":\"https:\\\/\\\/www.autojm.fr\\\/blog\\\/limpartialite-d-autoplus\\\/\"},\"author\":{\"name\":\"Autojm\",\"@id\":\"https:\\\/\\\/www.autojm.fr\\\/blog\\\/#\\\/schema\\\/person\\\/9742bc77541853e0de81fc57f947e1a0\"},\"headline\":\"L&rsquo;impartialit\u00e9 d&rsquo;Autoplus\",\"datePublished\":\"2014-02-06T09:51:51+00:00\",\"dateModified\":\"2022-12-13T09:17:05+00:00\",\"mainEntityOfPage\":{\"@id\":\"https:\\\/\\\/www.autojm.fr\\\/blog\\\/limpartialite-d-autoplus\\\/\"},\"wordCount\":703,\"commentCount\":0,\"publisher\":{\"@id\":\"https:\\\/\\\/www.autojm.fr\\\/blog\\\/#organization\"},\"image\":{\"@id\":\"https:\\\/\\\/www.autojm.fr\\\/blog\\\/limpartialite-d-autoplus\\\/#primaryimage\"},\"thumbnailUrl\":\"https:\\\/\\\/www.autojm.fr\\\/blog\\\/wp-content\\\/uploads\\\/2022\\\/10\\\/294.jpg\",\"keywords\":[\"autojm\",\"citroen\",\"dacia\",\"DS\",\"Fiat\",\"Ford\",\"Kia\",\"Nissan\",\"Opel\",\"peugeot\",\"renault\",\"Toyota\",\"Volkswagen\"],\"articleSection\":[\"Actualit\u00e9 Automobile\"],\"inLanguage\":\"fr-FR\",\"potentialAction\":[{\"@type\":\"CommentAction\",\"name\":\"Comment\",\"target\":[\"https:\\\/\\\/www.autojm.fr\\\/blog\\\/limpartialite-d-autoplus\\\/#respond\"]}]},{\"@type\":\"WebPage\",\"@id\":\"https:\\\/\\\/www.autojm.fr\\\/blog\\\/limpartialite-d-autoplus\\\/\",\"url\":\"https:\\\/\\\/www.autojm.fr\\\/blog\\\/limpartialite-d-autoplus\\\/\",\"name\":\"L'impartialit\u00e9 d'Autoplus - AutoJM Mag\",\"isPartOf\":{\"@id\":\"https:\\\/\\\/www.autojm.fr\\\/blog\\\/#website\"},\"primaryImageOfPage\":{\"@id\":\"https:\\\/\\\/www.autojm.fr\\\/blog\\\/limpartialite-d-autoplus\\\/#primaryimage\"},\"image\":{\"@id\":\"https:\\\/\\\/www.autojm.fr\\\/blog\\\/limpartialite-d-autoplus\\\/#primaryimage\"},\"thumbnailUrl\":\"https:\\\/\\\/www.autojm.fr\\\/blog\\\/wp-content\\\/uploads\\\/2022\\\/10\\\/294.jpg\",\"datePublished\":\"2014-02-06T09:51:51+00:00\",\"dateModified\":\"2022-12-13T09:17:05+00:00\",\"description\":\"Mr, Je vous fais part du fort m\u00e9contentement de ma direction, qui est f\u00e2ch\u00e9e au point de vouloir cesser toute future collaboration avec...\",\"breadcrumb\":{\"@id\":\"https:\\\/\\\/www.autojm.fr\\\/blog\\\/limpartialite-d-autoplus\\\/#breadcrumb\"},\"inLanguage\":\"fr-FR\",\"potentialAction\":[{\"@type\":\"ReadAction\",\"target\":[\"https:\\\/\\\/www.autojm.fr\\\/blog\\\/limpartialite-d-autoplus\\\/\"]}]},{\"@type\":\"ImageObject\",\"inLanguage\":\"fr-FR\",\"@id\":\"https:\\\/\\\/www.autojm.fr\\\/blog\\\/limpartialite-d-autoplus\\\/#primaryimage\",\"url\":\"https:\\\/\\\/www.autojm.fr\\\/blog\\\/wp-content\\\/uploads\\\/2022\\\/10\\\/294.jpg\",\"contentUrl\":\"https:\\\/\\\/www.autojm.fr\\\/blog\\\/wp-content\\\/uploads\\\/2022\\\/10\\\/294.jpg\",\"width\":100,\"height\":126,\"caption\":\"Autoplus\"},{\"@type\":\"BreadcrumbList\",\"@id\":\"https:\\\/\\\/www.autojm.fr\\\/blog\\\/limpartialite-d-autoplus\\\/#breadcrumb\",\"itemListElement\":[{\"@type\":\"ListItem\",\"position\":1,\"name\":\"Accueil\",\"item\":\"https:\\\/\\\/www.autojm.fr\\\/blog\\\/\"},{\"@type\":\"ListItem\",\"position\":2,\"name\":\"Actualit\u00e9 Automobile\",\"item\":\"https:\\\/\\\/www.autojm.fr\\\/blog\\\/actualite-automobile\\\/\"},{\"@type\":\"ListItem\",\"position\":3,\"name\":\"L&rsquo;impartialit\u00e9 d&rsquo;Autoplus\"}]},{\"@type\":\"WebSite\",\"@id\":\"https:\\\/\\\/www.autojm.fr\\\/blog\\\/#website\",\"url\":\"https:\\\/\\\/www.autojm.fr\\\/blog\\\/\",\"name\":\"AutoJM Mag\",\"description\":\"Toute l&#039;actu auto en 1 clic !\",\"publisher\":{\"@id\":\"https:\\\/\\\/www.autojm.fr\\\/blog\\\/#organization\"},\"potentialAction\":[{\"@type\":\"SearchAction\",\"target\":{\"@type\":\"EntryPoint\",\"urlTemplate\":\"https:\\\/\\\/www.autojm.fr\\\/blog\\\/?s={search_term_string}\"},\"query-input\":{\"@type\":\"PropertyValueSpecification\",\"valueRequired\":true,\"valueName\":\"search_term_string\"}}],\"inLanguage\":\"fr-FR\"},{\"@type\":\"Organization\",\"@id\":\"https:\\\/\\\/www.autojm.fr\\\/blog\\\/#organization\",\"name\":\"AutoJM Mag\",\"url\":\"https:\\\/\\\/www.autojm.fr\\\/blog\\\/\",\"logo\":{\"@type\":\"ImageObject\",\"inLanguage\":\"fr-FR\",\"@id\":\"https:\\\/\\\/www.autojm.fr\\\/blog\\\/#\\\/schema\\\/logo\\\/image\\\/\",\"url\":\"https:\\\/\\\/www.autojm.fr\\\/blog\\\/wp-content\\\/uploads\\\/2022\\\/12\\\/cropped-AutoJMag-png.png\",\"contentUrl\":\"https:\\\/\\\/www.autojm.fr\\\/blog\\\/wp-content\\\/uploads\\\/2022\\\/12\\\/cropped-AutoJMag-png.png\",\"width\":2834,\"height\":585,\"caption\":\"AutoJM Mag\"},\"image\":{\"@id\":\"https:\\\/\\\/www.autojm.fr\\\/blog\\\/#\\\/schema\\\/logo\\\/image\\\/\"},\"sameAs\":[\"https:\\\/\\\/www.facebook.com\\\/AutoJM25\"]},{\"@type\":\"Person\",\"@id\":\"https:\\\/\\\/www.autojm.fr\\\/blog\\\/#\\\/schema\\\/person\\\/9742bc77541853e0de81fc57f947e1a0\",\"name\":\"Autojm\",\"image\":{\"@type\":\"ImageObject\",\"inLanguage\":\"fr-FR\",\"@id\":\"https:\\\/\\\/secure.gravatar.com\\\/avatar\\\/9a959d52b758fcc232fe4b6aca7bab139182573297122cce7d6f2ee0e537b418?s=96&d=mm&r=g\",\"url\":\"https:\\\/\\\/secure.gravatar.com\\\/avatar\\\/9a959d52b758fcc232fe4b6aca7bab139182573297122cce7d6f2ee0e537b418?s=96&d=mm&r=g\",\"contentUrl\":\"https:\\\/\\\/secure.gravatar.com\\\/avatar\\\/9a959d52b758fcc232fe4b6aca7bab139182573297122cce7d6f2ee0e537b418?s=96&d=mm&r=g\",\"caption\":\"Autojm\"},\"sameAs\":[\"https:\\\/\\\/www.autojm.fr\\\/blog\"],\"url\":\"https:\\\/\\\/www.autojm.fr\\\/blog\\\/author\\\/bichoi\\\/\"}]}<\/script>\n<!-- \/ Yoast SEO plugin. -->","yoast_head_json":{"title":"L'impartialit\u00e9 d'Autoplus - AutoJM Mag","description":"Mr, Je vous fais part du fort m\u00e9contentement de ma direction, qui est f\u00e2ch\u00e9e au point de vouloir cesser toute future collaboration avec...","robots":{"index":"index","follow":"follow","max-snippet":"max-snippet:-1","max-image-preview":"max-image-preview:large","max-video-preview":"max-video-preview:-1"},"canonical":"https:\/\/www.autojm.fr\/blog\/limpartialite-d-autoplus\/","og_locale":"fr_FR","og_type":"article","og_title":"L'impartialit\u00e9 d'Autoplus - AutoJM Mag","og_description":"Mr, Je vous fais part du fort m\u00e9contentement de ma direction, qui est f\u00e2ch\u00e9e au point de vouloir cesser toute future collaboration avec...","og_url":"https:\/\/www.autojm.fr\/blog\/limpartialite-d-autoplus\/","og_site_name":"AutoJM Mag","article_publisher":"https:\/\/www.facebook.com\/AutoJM25","article_published_time":"2014-02-06T09:51:51+00:00","article_modified_time":"2022-12-13T09:17:05+00:00","og_image":[{"width":100,"height":126,"url":"https:\/\/www.autojm.fr\/blog\/wp-content\/uploads\/2022\/10\/294.jpg","type":"image\/jpeg"}],"author":"Autojm","twitter_card":"summary_large_image","twitter_misc":{"\u00c9crit par":"Autojm","Dur\u00e9e de lecture estim\u00e9e":"4 minutes"},"schema":{"@context":"https:\/\/schema.org","@graph":[{"@type":"Article","@id":"https:\/\/www.autojm.fr\/blog\/limpartialite-d-autoplus\/#article","isPartOf":{"@id":"https:\/\/www.autojm.fr\/blog\/limpartialite-d-autoplus\/"},"author":{"name":"Autojm","@id":"https:\/\/www.autojm.fr\/blog\/#\/schema\/person\/9742bc77541853e0de81fc57f947e1a0"},"headline":"L&rsquo;impartialit\u00e9 d&rsquo;Autoplus","datePublished":"2014-02-06T09:51:51+00:00","dateModified":"2022-12-13T09:17:05+00:00","mainEntityOfPage":{"@id":"https:\/\/www.autojm.fr\/blog\/limpartialite-d-autoplus\/"},"wordCount":703,"commentCount":0,"publisher":{"@id":"https:\/\/www.autojm.fr\/blog\/#organization"},"image":{"@id":"https:\/\/www.autojm.fr\/blog\/limpartialite-d-autoplus\/#primaryimage"},"thumbnailUrl":"https:\/\/www.autojm.fr\/blog\/wp-content\/uploads\/2022\/10\/294.jpg","keywords":["autojm","citroen","dacia","DS","Fiat","Ford","Kia","Nissan","Opel","peugeot","renault","Toyota","Volkswagen"],"articleSection":["Actualit\u00e9 Automobile"],"inLanguage":"fr-FR","potentialAction":[{"@type":"CommentAction","name":"Comment","target":["https:\/\/www.autojm.fr\/blog\/limpartialite-d-autoplus\/#respond"]}]},{"@type":"WebPage","@id":"https:\/\/www.autojm.fr\/blog\/limpartialite-d-autoplus\/","url":"https:\/\/www.autojm.fr\/blog\/limpartialite-d-autoplus\/","name":"L'impartialit\u00e9 d'Autoplus - AutoJM Mag","isPartOf":{"@id":"https:\/\/www.autojm.fr\/blog\/#website"},"primaryImageOfPage":{"@id":"https:\/\/www.autojm.fr\/blog\/limpartialite-d-autoplus\/#primaryimage"},"image":{"@id":"https:\/\/www.autojm.fr\/blog\/limpartialite-d-autoplus\/#primaryimage"},"thumbnailUrl":"https:\/\/www.autojm.fr\/blog\/wp-content\/uploads\/2022\/10\/294.jpg","datePublished":"2014-02-06T09:51:51+00:00","dateModified":"2022-12-13T09:17:05+00:00","description":"Mr, Je vous fais part du fort m\u00e9contentement de ma direction, qui est f\u00e2ch\u00e9e au point de vouloir cesser toute future collaboration avec...","breadcrumb":{"@id":"https:\/\/www.autojm.fr\/blog\/limpartialite-d-autoplus\/#breadcrumb"},"inLanguage":"fr-FR","potentialAction":[{"@type":"ReadAction","target":["https:\/\/www.autojm.fr\/blog\/limpartialite-d-autoplus\/"]}]},{"@type":"ImageObject","inLanguage":"fr-FR","@id":"https:\/\/www.autojm.fr\/blog\/limpartialite-d-autoplus\/#primaryimage","url":"https:\/\/www.autojm.fr\/blog\/wp-content\/uploads\/2022\/10\/294.jpg","contentUrl":"https:\/\/www.autojm.fr\/blog\/wp-content\/uploads\/2022\/10\/294.jpg","width":100,"height":126,"caption":"Autoplus"},{"@type":"BreadcrumbList","@id":"https:\/\/www.autojm.fr\/blog\/limpartialite-d-autoplus\/#breadcrumb","itemListElement":[{"@type":"ListItem","position":1,"name":"Accueil","item":"https:\/\/www.autojm.fr\/blog\/"},{"@type":"ListItem","position":2,"name":"Actualit\u00e9 Automobile","item":"https:\/\/www.autojm.fr\/blog\/actualite-automobile\/"},{"@type":"ListItem","position":3,"name":"L&rsquo;impartialit\u00e9 d&rsquo;Autoplus"}]},{"@type":"WebSite","@id":"https:\/\/www.autojm.fr\/blog\/#website","url":"https:\/\/www.autojm.fr\/blog\/","name":"AutoJM Mag","description":"Toute l&#039;actu auto en 1 clic !","publisher":{"@id":"https:\/\/www.autojm.fr\/blog\/#organization"},"potentialAction":[{"@type":"SearchAction","target":{"@type":"EntryPoint","urlTemplate":"https:\/\/www.autojm.fr\/blog\/?s={search_term_string}"},"query-input":{"@type":"PropertyValueSpecification","valueRequired":true,"valueName":"search_term_string"}}],"inLanguage":"fr-FR"},{"@type":"Organization","@id":"https:\/\/www.autojm.fr\/blog\/#organization","name":"AutoJM Mag","url":"https:\/\/www.autojm.fr\/blog\/","logo":{"@type":"ImageObject","inLanguage":"fr-FR","@id":"https:\/\/www.autojm.fr\/blog\/#\/schema\/logo\/image\/","url":"https:\/\/www.autojm.fr\/blog\/wp-content\/uploads\/2022\/12\/cropped-AutoJMag-png.png","contentUrl":"https:\/\/www.autojm.fr\/blog\/wp-content\/uploads\/2022\/12\/cropped-AutoJMag-png.png","width":2834,"height":585,"caption":"AutoJM Mag"},"image":{"@id":"https:\/\/www.autojm.fr\/blog\/#\/schema\/logo\/image\/"},"sameAs":["https:\/\/www.facebook.com\/AutoJM25"]},{"@type":"Person","@id":"https:\/\/www.autojm.fr\/blog\/#\/schema\/person\/9742bc77541853e0de81fc57f947e1a0","name":"Autojm","image":{"@type":"ImageObject","inLanguage":"fr-FR","@id":"https:\/\/secure.gravatar.com\/avatar\/9a959d52b758fcc232fe4b6aca7bab139182573297122cce7d6f2ee0e537b418?s=96&d=mm&r=g","url":"https:\/\/secure.gravatar.com\/avatar\/9a959d52b758fcc232fe4b6aca7bab139182573297122cce7d6f2ee0e537b418?s=96&d=mm&r=g","contentUrl":"https:\/\/secure.gravatar.com\/avatar\/9a959d52b758fcc232fe4b6aca7bab139182573297122cce7d6f2ee0e537b418?s=96&d=mm&r=g","caption":"Autojm"},"sameAs":["https:\/\/www.autojm.fr\/blog"],"url":"https:\/\/www.autojm.fr\/blog\/author\/bichoi\/"}]}},"_links":{"self":[{"href":"https:\/\/www.autojm.fr\/blog\/wp-json\/wp\/v2\/posts\/3580","targetHints":{"allow":["GET"]}}],"collection":[{"href":"https:\/\/www.autojm.fr\/blog\/wp-json\/wp\/v2\/posts"}],"about":[{"href":"https:\/\/www.autojm.fr\/blog\/wp-json\/wp\/v2\/types\/post"}],"author":[{"embeddable":true,"href":"https:\/\/www.autojm.fr\/blog\/wp-json\/wp\/v2\/users\/1"}],"replies":[{"embeddable":true,"href":"https:\/\/www.autojm.fr\/blog\/wp-json\/wp\/v2\/comments?post=3580"}],"version-history":[{"count":3,"href":"https:\/\/www.autojm.fr\/blog\/wp-json\/wp\/v2\/posts\/3580\/revisions"}],"predecessor-version":[{"id":7416,"href":"https:\/\/www.autojm.fr\/blog\/wp-json\/wp\/v2\/posts\/3580\/revisions\/7416"}],"wp:featuredmedia":[{"embeddable":true,"href":"https:\/\/www.autojm.fr\/blog\/wp-json\/wp\/v2\/media\/5645"}],"wp:attachment":[{"href":"https:\/\/www.autojm.fr\/blog\/wp-json\/wp\/v2\/media?parent=3580"}],"wp:term":[{"taxonomy":"category","embeddable":true,"href":"https:\/\/www.autojm.fr\/blog\/wp-json\/wp\/v2\/categories?post=3580"},{"taxonomy":"post_tag","embeddable":true,"href":"https:\/\/www.autojm.fr\/blog\/wp-json\/wp\/v2\/tags?post=3580"}],"curies":[{"name":"wp","href":"https:\/\/api.w.org\/{rel}","templated":true}]}}