{"id":3537,"date":"2013-05-14T11:26:00","date_gmt":"2013-05-14T11:26:00","guid":{"rendered":"https:\/\/www.autojm.fr\/blog\/nouvelle-peugeot-308-le-dernier-espoir-pour-psa\/"},"modified":"2023-04-19T14:13:01","modified_gmt":"2023-04-19T14:13:01","slug":"nouvelle-peugeot-308-le-dernier-espoir-pour-psa","status":"publish","type":"post","link":"https:\/\/www.autojm.fr\/blog\/nouvelle-peugeot-308-le-dernier-espoir-pour-psa\/","title":{"rendered":"Nouvelle Peugeot 308 : le dernier espoir pour PSA"},"content":{"rendered":"<h1><span style=\"font-family: Arial, Helvetica, sans-serif; color: #d3145a; font-size: 12px;\">PSA vient d&rsquo;officialiser la seconde g\u00e9n\u00e9ration de la Peugeot 308 qui semble \u00eatre le dernier espoir pour faire repartir ses ventes.<\/span><\/h1>\n<p><strong>Pourquoi une nouvelle version de la Peugeot 308 ? Qu&rsquo;y a t il de plus que la premi\u00e8re version ?<\/strong><\/p>\n<p>La premi\u00e8re version de la <a href=\"https:\/\/www.autojm.fr\/mandataire-voitures-neuves-peugeot\">Peugeot 308 <\/a>pr\u00e9sent\u00e9e en juin 2007 suivait la tendance des \u00ab\u00a0bouches\u00a0\u00bb, des prises d&rsquo;air hypertrophi\u00e9es donnant du caract\u00e8re aux voitures de la marque. Cette nouvelle version, inspir\u00e9e tr\u00e8s fortement de la Meilleure vente Europ\u00e9enne du moment, la Volkswagen Golf, sera plus compacte, plus l\u00e9g\u00e8re et son habitacle sera dot\u00e9 des derni\u00e8res technologies.<\/p>\n<p>Concernant les am\u00e9liorations, la <a href=\"https:\/\/www.autojm.fr\/mandataire-voitures-neuves-peugeot\">nouvelle Peugeot 308<\/a> rejettera moins de 85 g\/km de co2, ce qui reste du jamais vu pour le moment. En ce qui concerne la motorisation, la gamme reprendra les moteurs 1,6l et 2l HDI avec 90, 115, 136 et 163 ch&#8230; La nouveaut\u00e9 est la motorisation BlueHDi de 150 ch qui r\u00e9pondra aux futurs normes Euro 6exigibles pour tout nouveau mod\u00e8le d\u00e8s septembre 2014, et pour toute voiture neuve commercialis\u00e9e \u00e0 partir de septembre 2015.<\/p>\n<p>C\u00f4t\u00e9 int\u00e9rieur, la technologie est au rendez-vous avec une \u00e9puration compl\u00e8te du tableau de bord et la plupart des fonctions de confort se pilotent gr\u00e2ce \u00e0 un gigantesque \u00e9cran tactile de 9.7 pouces.<\/p>\n<p>=&gt; Vous souhaitez connaitre la disponibilit\u00e9 de ce v\u00e9hicule chez votre mandataire ? <a href=\"https:\/\/www.autojm.fr\/mandataire-voitures-neuves-peugeot\">Rendez vous sur cette page<\/a><\/p>\n","protected":false},"excerpt":{"rendered":"<p>La premi\u00e8re version de la Peugeot 308 pr\u00e9sent\u00e9e en juin 2007 suivait la tendance des \u00ab\u00a0bouches\u00a0\u00bb, des prises d&rsquo;air hypertrophi\u00e9es donnant du caract\u00e8re aux voitures de la marque.<\/p>\n","protected":false},"author":1,"featured_media":5603,"comment_status":"open","ping_status":"open","sticky":false,"template":"","format":"standard","meta":{"_acf_changed":false,"content-type":"","footnotes":""},"categories":[63,235,61],"tags":[90,73,153],"class_list":["post-3537","post","type-post","status-publish","format-standard","has-post-thumbnail","hentry","category-actualites-peugeot","category-nouveaute-peugeot","category-nouveautes-autos","tag-autojm","tag-peugeot","tag-peugeot-308"],"acf":[],"yoast_head":"<!-- This site is optimized with the Yoast SEO plugin v27.5 - https:\/\/yoast.com\/product\/yoast-seo-wordpress\/ -->\n<title>Nouvelle Peugeot 308 : le dernier espoir pour PSA - AutoJM Mag<\/title>\n<meta name=\"description\" content=\"La premi\u00e8re version de la Peugeot 308 pr\u00e9sent\u00e9e en juin 2007 suivait la tendance des &quot;bouches&quot;, des prises d&#039;air hypertrophi\u00e9es donnant du...\" \/>\n<meta name=\"robots\" content=\"index, follow, max-snippet:-1, max-image-preview:large, max-video-preview:-1\" \/>\n<link rel=\"canonical\" href=\"https:\/\/www.autojm.fr\/blog\/nouvelle-peugeot-308-le-dernier-espoir-pour-psa\/\" \/>\n<meta property=\"og:locale\" content=\"fr_FR\" \/>\n<meta property=\"og:type\" content=\"article\" \/>\n<meta property=\"og:title\" content=\"Nouvelle Peugeot 308 : le dernier espoir pour PSA - AutoJM Mag\" \/>\n<meta property=\"og:description\" content=\"La premi\u00e8re version de la Peugeot 308 pr\u00e9sent\u00e9e en juin 2007 suivait la tendance des &quot;bouches&quot;, des prises d&#039;air hypertrophi\u00e9es donnant du...\" \/>\n<meta property=\"og:url\" content=\"https:\/\/www.autojm.fr\/blog\/nouvelle-peugeot-308-le-dernier-espoir-pour-psa\/\" \/>\n<meta property=\"og:site_name\" content=\"AutoJM Mag\" \/>\n<meta property=\"article:publisher\" content=\"https:\/\/www.facebook.com\/AutoJM25\" \/>\n<meta property=\"article:published_time\" content=\"2013-05-14T11:26:00+00:00\" \/>\n<meta property=\"article:modified_time\" content=\"2023-04-19T14:13:01+00:00\" \/>\n<meta property=\"og:image\" content=\"https:\/\/www.autojm.fr\/blog\/wp-content\/uploads\/2022\/10\/251.jpg\" \/>\n\t<meta property=\"og:image:width\" content=\"1024\" \/>\n\t<meta property=\"og:image:height\" content=\"565\" \/>\n\t<meta property=\"og:image:type\" content=\"image\/jpeg\" \/>\n<meta name=\"author\" content=\"Autojm\" \/>\n<meta name=\"twitter:card\" content=\"summary_large_image\" \/>\n<meta name=\"twitter:label1\" content=\"\u00c9crit par\" \/>\n\t<meta name=\"twitter:data1\" content=\"Autojm\" \/>\n\t<meta name=\"twitter:label2\" content=\"Dur\u00e9e de lecture estim\u00e9e\" \/>\n\t<meta name=\"twitter:data2\" content=\"2 minutes\" \/>\n<script type=\"application\/ld+json\" class=\"yoast-schema-graph\">{\"@context\":\"https:\\\/\\\/schema.org\",\"@graph\":[{\"@type\":\"Article\",\"@id\":\"https:\\\/\\\/www.autojm.fr\\\/blog\\\/nouvelle-peugeot-308-le-dernier-espoir-pour-psa\\\/#article\",\"isPartOf\":{\"@id\":\"https:\\\/\\\/www.autojm.fr\\\/blog\\\/nouvelle-peugeot-308-le-dernier-espoir-pour-psa\\\/\"},\"author\":{\"name\":\"Autojm\",\"@id\":\"https:\\\/\\\/www.autojm.fr\\\/blog\\\/#\\\/schema\\\/person\\\/9742bc77541853e0de81fc57f947e1a0\"},\"headline\":\"Nouvelle Peugeot 308 : le dernier espoir pour PSA\",\"datePublished\":\"2013-05-14T11:26:00+00:00\",\"dateModified\":\"2023-04-19T14:13:01+00:00\",\"mainEntityOfPage\":{\"@id\":\"https:\\\/\\\/www.autojm.fr\\\/blog\\\/nouvelle-peugeot-308-le-dernier-espoir-pour-psa\\\/\"},\"wordCount\":241,\"commentCount\":0,\"publisher\":{\"@id\":\"https:\\\/\\\/www.autojm.fr\\\/blog\\\/#organization\"},\"image\":{\"@id\":\"https:\\\/\\\/www.autojm.fr\\\/blog\\\/nouvelle-peugeot-308-le-dernier-espoir-pour-psa\\\/#primaryimage\"},\"thumbnailUrl\":\"https:\\\/\\\/www.autojm.fr\\\/blog\\\/wp-content\\\/uploads\\\/2022\\\/10\\\/251.jpg\",\"keywords\":[\"autojm\",\"peugeot\",\"Peugeot 308\"],\"articleSection\":[\"Actualit\u00e9s Peugeot\",\"Nouveaut\u00e9 Peugeot\",\"Nouveaut\u00e9s Autos\"],\"inLanguage\":\"fr-FR\",\"potentialAction\":[{\"@type\":\"CommentAction\",\"name\":\"Comment\",\"target\":[\"https:\\\/\\\/www.autojm.fr\\\/blog\\\/nouvelle-peugeot-308-le-dernier-espoir-pour-psa\\\/#respond\"]}]},{\"@type\":\"WebPage\",\"@id\":\"https:\\\/\\\/www.autojm.fr\\\/blog\\\/nouvelle-peugeot-308-le-dernier-espoir-pour-psa\\\/\",\"url\":\"https:\\\/\\\/www.autojm.fr\\\/blog\\\/nouvelle-peugeot-308-le-dernier-espoir-pour-psa\\\/\",\"name\":\"Nouvelle Peugeot 308 : le dernier espoir pour PSA - AutoJM Mag\",\"isPartOf\":{\"@id\":\"https:\\\/\\\/www.autojm.fr\\\/blog\\\/#website\"},\"primaryImageOfPage\":{\"@id\":\"https:\\\/\\\/www.autojm.fr\\\/blog\\\/nouvelle-peugeot-308-le-dernier-espoir-pour-psa\\\/#primaryimage\"},\"image\":{\"@id\":\"https:\\\/\\\/www.autojm.fr\\\/blog\\\/nouvelle-peugeot-308-le-dernier-espoir-pour-psa\\\/#primaryimage\"},\"thumbnailUrl\":\"https:\\\/\\\/www.autojm.fr\\\/blog\\\/wp-content\\\/uploads\\\/2022\\\/10\\\/251.jpg\",\"datePublished\":\"2013-05-14T11:26:00+00:00\",\"dateModified\":\"2023-04-19T14:13:01+00:00\",\"description\":\"La premi\u00e8re version de la Peugeot 308 pr\u00e9sent\u00e9e en juin 2007 suivait la tendance des \\\"bouches\\\", des prises d'air hypertrophi\u00e9es donnant du...\",\"breadcrumb\":{\"@id\":\"https:\\\/\\\/www.autojm.fr\\\/blog\\\/nouvelle-peugeot-308-le-dernier-espoir-pour-psa\\\/#breadcrumb\"},\"inLanguage\":\"fr-FR\",\"potentialAction\":[{\"@type\":\"ReadAction\",\"target\":[\"https:\\\/\\\/www.autojm.fr\\\/blog\\\/nouvelle-peugeot-308-le-dernier-espoir-pour-psa\\\/\"]}]},{\"@type\":\"ImageObject\",\"inLanguage\":\"fr-FR\",\"@id\":\"https:\\\/\\\/www.autojm.fr\\\/blog\\\/nouvelle-peugeot-308-le-dernier-espoir-pour-psa\\\/#primaryimage\",\"url\":\"https:\\\/\\\/www.autojm.fr\\\/blog\\\/wp-content\\\/uploads\\\/2022\\\/10\\\/251.jpg\",\"contentUrl\":\"https:\\\/\\\/www.autojm.fr\\\/blog\\\/wp-content\\\/uploads\\\/2022\\\/10\\\/251.jpg\",\"width\":1024,\"height\":565},{\"@type\":\"BreadcrumbList\",\"@id\":\"https:\\\/\\\/www.autojm.fr\\\/blog\\\/nouvelle-peugeot-308-le-dernier-espoir-pour-psa\\\/#breadcrumb\",\"itemListElement\":[{\"@type\":\"ListItem\",\"position\":1,\"name\":\"Accueil\",\"item\":\"https:\\\/\\\/www.autojm.fr\\\/blog\\\/\"},{\"@type\":\"ListItem\",\"position\":2,\"name\":\"Nouveaut\u00e9s Autos\",\"item\":\"https:\\\/\\\/www.autojm.fr\\\/blog\\\/nouveautes-autos\\\/\"},{\"@type\":\"ListItem\",\"position\":3,\"name\":\"Nouvelle Peugeot 308 : le dernier espoir pour PSA\"}]},{\"@type\":\"WebSite\",\"@id\":\"https:\\\/\\\/www.autojm.fr\\\/blog\\\/#website\",\"url\":\"https:\\\/\\\/www.autojm.fr\\\/blog\\\/\",\"name\":\"AutoJM Mag\",\"description\":\"Toute l&#039;actu auto en 1 clic !\",\"publisher\":{\"@id\":\"https:\\\/\\\/www.autojm.fr\\\/blog\\\/#organization\"},\"potentialAction\":[{\"@type\":\"SearchAction\",\"target\":{\"@type\":\"EntryPoint\",\"urlTemplate\":\"https:\\\/\\\/www.autojm.fr\\\/blog\\\/?s={search_term_string}\"},\"query-input\":{\"@type\":\"PropertyValueSpecification\",\"valueRequired\":true,\"valueName\":\"search_term_string\"}}],\"inLanguage\":\"fr-FR\"},{\"@type\":\"Organization\",\"@id\":\"https:\\\/\\\/www.autojm.fr\\\/blog\\\/#organization\",\"name\":\"AutoJM Mag\",\"url\":\"https:\\\/\\\/www.autojm.fr\\\/blog\\\/\",\"logo\":{\"@type\":\"ImageObject\",\"inLanguage\":\"fr-FR\",\"@id\":\"https:\\\/\\\/www.autojm.fr\\\/blog\\\/#\\\/schema\\\/logo\\\/image\\\/\",\"url\":\"https:\\\/\\\/www.autojm.fr\\\/blog\\\/wp-content\\\/uploads\\\/2022\\\/12\\\/cropped-AutoJMag-png.png\",\"contentUrl\":\"https:\\\/\\\/www.autojm.fr\\\/blog\\\/wp-content\\\/uploads\\\/2022\\\/12\\\/cropped-AutoJMag-png.png\",\"width\":2834,\"height\":585,\"caption\":\"AutoJM Mag\"},\"image\":{\"@id\":\"https:\\\/\\\/www.autojm.fr\\\/blog\\\/#\\\/schema\\\/logo\\\/image\\\/\"},\"sameAs\":[\"https:\\\/\\\/www.facebook.com\\\/AutoJM25\"]},{\"@type\":\"Person\",\"@id\":\"https:\\\/\\\/www.autojm.fr\\\/blog\\\/#\\\/schema\\\/person\\\/9742bc77541853e0de81fc57f947e1a0\",\"name\":\"Autojm\",\"image\":{\"@type\":\"ImageObject\",\"inLanguage\":\"fr-FR\",\"@id\":\"https:\\\/\\\/secure.gravatar.com\\\/avatar\\\/9a959d52b758fcc232fe4b6aca7bab139182573297122cce7d6f2ee0e537b418?s=96&d=mm&r=g\",\"url\":\"https:\\\/\\\/secure.gravatar.com\\\/avatar\\\/9a959d52b758fcc232fe4b6aca7bab139182573297122cce7d6f2ee0e537b418?s=96&d=mm&r=g\",\"contentUrl\":\"https:\\\/\\\/secure.gravatar.com\\\/avatar\\\/9a959d52b758fcc232fe4b6aca7bab139182573297122cce7d6f2ee0e537b418?s=96&d=mm&r=g\",\"caption\":\"Autojm\"},\"sameAs\":[\"https:\\\/\\\/www.autojm.fr\\\/blog\"],\"url\":\"https:\\\/\\\/www.autojm.fr\\\/blog\\\/author\\\/bichoi\\\/\"}]}<\/script>\n<!-- \/ Yoast SEO plugin. -->","yoast_head_json":{"title":"Nouvelle Peugeot 308 : le dernier espoir pour PSA - AutoJM Mag","description":"La premi\u00e8re version de la Peugeot 308 pr\u00e9sent\u00e9e en juin 2007 suivait la tendance des \"bouches\", des prises d'air hypertrophi\u00e9es donnant du...","robots":{"index":"index","follow":"follow","max-snippet":"max-snippet:-1","max-image-preview":"max-image-preview:large","max-video-preview":"max-video-preview:-1"},"canonical":"https:\/\/www.autojm.fr\/blog\/nouvelle-peugeot-308-le-dernier-espoir-pour-psa\/","og_locale":"fr_FR","og_type":"article","og_title":"Nouvelle Peugeot 308 : le dernier espoir pour PSA - AutoJM Mag","og_description":"La premi\u00e8re version de la Peugeot 308 pr\u00e9sent\u00e9e en juin 2007 suivait la tendance des \"bouches\", des prises d'air hypertrophi\u00e9es donnant du...","og_url":"https:\/\/www.autojm.fr\/blog\/nouvelle-peugeot-308-le-dernier-espoir-pour-psa\/","og_site_name":"AutoJM Mag","article_publisher":"https:\/\/www.facebook.com\/AutoJM25","article_published_time":"2013-05-14T11:26:00+00:00","article_modified_time":"2023-04-19T14:13:01+00:00","og_image":[{"width":1024,"height":565,"url":"https:\/\/www.autojm.fr\/blog\/wp-content\/uploads\/2022\/10\/251.jpg","type":"image\/jpeg"}],"author":"Autojm","twitter_card":"summary_large_image","twitter_misc":{"\u00c9crit par":"Autojm","Dur\u00e9e de lecture estim\u00e9e":"2 minutes"},"schema":{"@context":"https:\/\/schema.org","@graph":[{"@type":"Article","@id":"https:\/\/www.autojm.fr\/blog\/nouvelle-peugeot-308-le-dernier-espoir-pour-psa\/#article","isPartOf":{"@id":"https:\/\/www.autojm.fr\/blog\/nouvelle-peugeot-308-le-dernier-espoir-pour-psa\/"},"author":{"name":"Autojm","@id":"https:\/\/www.autojm.fr\/blog\/#\/schema\/person\/9742bc77541853e0de81fc57f947e1a0"},"headline":"Nouvelle Peugeot 308 : le dernier espoir pour PSA","datePublished":"2013-05-14T11:26:00+00:00","dateModified":"2023-04-19T14:13:01+00:00","mainEntityOfPage":{"@id":"https:\/\/www.autojm.fr\/blog\/nouvelle-peugeot-308-le-dernier-espoir-pour-psa\/"},"wordCount":241,"commentCount":0,"publisher":{"@id":"https:\/\/www.autojm.fr\/blog\/#organization"},"image":{"@id":"https:\/\/www.autojm.fr\/blog\/nouvelle-peugeot-308-le-dernier-espoir-pour-psa\/#primaryimage"},"thumbnailUrl":"https:\/\/www.autojm.fr\/blog\/wp-content\/uploads\/2022\/10\/251.jpg","keywords":["autojm","peugeot","Peugeot 308"],"articleSection":["Actualit\u00e9s Peugeot","Nouveaut\u00e9 Peugeot","Nouveaut\u00e9s Autos"],"inLanguage":"fr-FR","potentialAction":[{"@type":"CommentAction","name":"Comment","target":["https:\/\/www.autojm.fr\/blog\/nouvelle-peugeot-308-le-dernier-espoir-pour-psa\/#respond"]}]},{"@type":"WebPage","@id":"https:\/\/www.autojm.fr\/blog\/nouvelle-peugeot-308-le-dernier-espoir-pour-psa\/","url":"https:\/\/www.autojm.fr\/blog\/nouvelle-peugeot-308-le-dernier-espoir-pour-psa\/","name":"Nouvelle Peugeot 308 : le dernier espoir pour PSA - AutoJM Mag","isPartOf":{"@id":"https:\/\/www.autojm.fr\/blog\/#website"},"primaryImageOfPage":{"@id":"https:\/\/www.autojm.fr\/blog\/nouvelle-peugeot-308-le-dernier-espoir-pour-psa\/#primaryimage"},"image":{"@id":"https:\/\/www.autojm.fr\/blog\/nouvelle-peugeot-308-le-dernier-espoir-pour-psa\/#primaryimage"},"thumbnailUrl":"https:\/\/www.autojm.fr\/blog\/wp-content\/uploads\/2022\/10\/251.jpg","datePublished":"2013-05-14T11:26:00+00:00","dateModified":"2023-04-19T14:13:01+00:00","description":"La premi\u00e8re version de la Peugeot 308 pr\u00e9sent\u00e9e en juin 2007 suivait la tendance des \"bouches\", des prises d'air hypertrophi\u00e9es donnant du...","breadcrumb":{"@id":"https:\/\/www.autojm.fr\/blog\/nouvelle-peugeot-308-le-dernier-espoir-pour-psa\/#breadcrumb"},"inLanguage":"fr-FR","potentialAction":[{"@type":"ReadAction","target":["https:\/\/www.autojm.fr\/blog\/nouvelle-peugeot-308-le-dernier-espoir-pour-psa\/"]}]},{"@type":"ImageObject","inLanguage":"fr-FR","@id":"https:\/\/www.autojm.fr\/blog\/nouvelle-peugeot-308-le-dernier-espoir-pour-psa\/#primaryimage","url":"https:\/\/www.autojm.fr\/blog\/wp-content\/uploads\/2022\/10\/251.jpg","contentUrl":"https:\/\/www.autojm.fr\/blog\/wp-content\/uploads\/2022\/10\/251.jpg","width":1024,"height":565},{"@type":"BreadcrumbList","@id":"https:\/\/www.autojm.fr\/blog\/nouvelle-peugeot-308-le-dernier-espoir-pour-psa\/#breadcrumb","itemListElement":[{"@type":"ListItem","position":1,"name":"Accueil","item":"https:\/\/www.autojm.fr\/blog\/"},{"@type":"ListItem","position":2,"name":"Nouveaut\u00e9s Autos","item":"https:\/\/www.autojm.fr\/blog\/nouveautes-autos\/"},{"@type":"ListItem","position":3,"name":"Nouvelle Peugeot 308 : le dernier espoir pour PSA"}]},{"@type":"WebSite","@id":"https:\/\/www.autojm.fr\/blog\/#website","url":"https:\/\/www.autojm.fr\/blog\/","name":"AutoJM Mag","description":"Toute l&#039;actu auto en 1 clic !","publisher":{"@id":"https:\/\/www.autojm.fr\/blog\/#organization"},"potentialAction":[{"@type":"SearchAction","target":{"@type":"EntryPoint","urlTemplate":"https:\/\/www.autojm.fr\/blog\/?s={search_term_string}"},"query-input":{"@type":"PropertyValueSpecification","valueRequired":true,"valueName":"search_term_string"}}],"inLanguage":"fr-FR"},{"@type":"Organization","@id":"https:\/\/www.autojm.fr\/blog\/#organization","name":"AutoJM Mag","url":"https:\/\/www.autojm.fr\/blog\/","logo":{"@type":"ImageObject","inLanguage":"fr-FR","@id":"https:\/\/www.autojm.fr\/blog\/#\/schema\/logo\/image\/","url":"https:\/\/www.autojm.fr\/blog\/wp-content\/uploads\/2022\/12\/cropped-AutoJMag-png.png","contentUrl":"https:\/\/www.autojm.fr\/blog\/wp-content\/uploads\/2022\/12\/cropped-AutoJMag-png.png","width":2834,"height":585,"caption":"AutoJM Mag"},"image":{"@id":"https:\/\/www.autojm.fr\/blog\/#\/schema\/logo\/image\/"},"sameAs":["https:\/\/www.facebook.com\/AutoJM25"]},{"@type":"Person","@id":"https:\/\/www.autojm.fr\/blog\/#\/schema\/person\/9742bc77541853e0de81fc57f947e1a0","name":"Autojm","image":{"@type":"ImageObject","inLanguage":"fr-FR","@id":"https:\/\/secure.gravatar.com\/avatar\/9a959d52b758fcc232fe4b6aca7bab139182573297122cce7d6f2ee0e537b418?s=96&d=mm&r=g","url":"https:\/\/secure.gravatar.com\/avatar\/9a959d52b758fcc232fe4b6aca7bab139182573297122cce7d6f2ee0e537b418?s=96&d=mm&r=g","contentUrl":"https:\/\/secure.gravatar.com\/avatar\/9a959d52b758fcc232fe4b6aca7bab139182573297122cce7d6f2ee0e537b418?s=96&d=mm&r=g","caption":"Autojm"},"sameAs":["https:\/\/www.autojm.fr\/blog"],"url":"https:\/\/www.autojm.fr\/blog\/author\/bichoi\/"}]}},"_links":{"self":[{"href":"https:\/\/www.autojm.fr\/blog\/wp-json\/wp\/v2\/posts\/3537","targetHints":{"allow":["GET"]}}],"collection":[{"href":"https:\/\/www.autojm.fr\/blog\/wp-json\/wp\/v2\/posts"}],"about":[{"href":"https:\/\/www.autojm.fr\/blog\/wp-json\/wp\/v2\/types\/post"}],"author":[{"embeddable":true,"href":"https:\/\/www.autojm.fr\/blog\/wp-json\/wp\/v2\/users\/1"}],"replies":[{"embeddable":true,"href":"https:\/\/www.autojm.fr\/blog\/wp-json\/wp\/v2\/comments?post=3537"}],"version-history":[{"count":5,"href":"https:\/\/www.autojm.fr\/blog\/wp-json\/wp\/v2\/posts\/3537\/revisions"}],"predecessor-version":[{"id":9597,"href":"https:\/\/www.autojm.fr\/blog\/wp-json\/wp\/v2\/posts\/3537\/revisions\/9597"}],"wp:featuredmedia":[{"embeddable":true,"href":"https:\/\/www.autojm.fr\/blog\/wp-json\/wp\/v2\/media\/5603"}],"wp:attachment":[{"href":"https:\/\/www.autojm.fr\/blog\/wp-json\/wp\/v2\/media?parent=3537"}],"wp:term":[{"taxonomy":"category","embeddable":true,"href":"https:\/\/www.autojm.fr\/blog\/wp-json\/wp\/v2\/categories?post=3537"},{"taxonomy":"post_tag","embeddable":true,"href":"https:\/\/www.autojm.fr\/blog\/wp-json\/wp\/v2\/tags?post=3537"}],"curies":[{"name":"wp","href":"https:\/\/api.w.org\/{rel}","templated":true}]}}