{"id":3514,"date":"2013-02-04T11:50:44","date_gmt":"2013-02-04T11:50:44","guid":{"rendered":"https:\/\/www.autojm.fr\/blog\/vente-de-voiture-neuve-en-chute-libre\/"},"modified":"2023-09-15T12:28:48","modified_gmt":"2023-09-15T12:28:48","slug":"vente-de-voiture-neuve-en-chute-libre","status":"publish","type":"post","link":"https:\/\/www.autojm.fr\/blog\/vente-de-voiture-neuve-en-chute-libre\/","title":{"rendered":"Vente de voiture neuve en chute libre"},"content":{"rendered":"<h1><span style=\"font-family: Arial, Helvetica, sans-serif; color: #d3145a; font-size: 12px;\">C&rsquo;est la crise dans le secteur automobile ! Jamais les constructeurs fran\u00e7ais ont connu une telle chute dans leur vente de <\/span><span style=\"font-family: Arial, Helvetica, sans-serif; color: #d3145a; font-size: 12px;\">voitures neuves<\/span><span style=\"font-family: Arial, Helvetica, sans-serif; color: #d3145a; font-size: 12px;\"> en France !<\/span><\/h1>\n<p>L&rsquo;ann\u00e9e 2012 s&rsquo;est termin\u00e9 en catastrophe pour PSA et <a href=\"https:\/\/www.autojm.fr\/mandataire-voitures-neuves-renault\">Renault <\/a>et l&rsquo;ann\u00e9e 2013 promet une ann\u00e9e tr\u00e8s mauvaises. On annonce d\u00e9j\u00e0 une perte de 15% des immatriculations en Janvier 2013 et les employ\u00e9s des usines <a href=\"https:\/\/www.autojm.fr\/mandataire-voitures-neuves-peugeot\">PSA <\/a>et Renault en France ont peur pour l&rsquo;avenir.<\/p>\n<p>Pour rivaliser contre des concurrents \u00e9trangers, les constructeurs misent sur des r\u00e9ductions des co\u00fbts de main-d&rsquo;oeuvre en investissant hors de France et les usines fran\u00e7aises tournent au ralentit.. Ce qui provoque la col\u00e8re des travailleurs..<\/p>\n<p>On ne sait pas jusqu&rsquo;\u00e0 o\u00f9 l&rsquo;Etat laissera les salari\u00e9s de ces usines dans le doute&#8230;<\/p>\n","protected":false},"excerpt":{"rendered":"<p>L&rsquo;ann\u00e9e 2012 s&rsquo;est termin\u00e9 en catastrophe pour PSA et Renault et l&rsquo;ann\u00e9e 2013 promet une ann\u00e9e tr\u00e8s mauvaises. On annonce d\u00e9j\u00e0 une perte de 15% des immatriculations en Janvier 2013 et les employ\u00e9s des usines PSA et Renault en France ont peur pour l&rsquo;avenir.<\/p>\n","protected":false},"author":1,"featured_media":7394,"comment_status":"open","ping_status":"open","sticky":false,"template":"","format":"standard","meta":{"_acf_changed":false,"content-type":"","footnotes":""},"categories":[5],"tags":[90,79,74,105,110,109,106,108,107,73,78,169,96],"class_list":["post-3514","post","type-post","status-publish","format-standard","has-post-thumbnail","hentry","category-actualite-automobile","tag-autojm","tag-citroen","tag-dacia","tag-ds","tag-fiat","tag-ford","tag-kia","tag-nissan","tag-opel","tag-peugeot","tag-renault","tag-toyota","tag-volkswagen"],"acf":[],"yoast_head":"<!-- This site is optimized with the Yoast SEO plugin v27.5 - https:\/\/yoast.com\/product\/yoast-seo-wordpress\/ -->\n<title>Vente de voiture neuve en chute libre - AutoJM Mag<\/title>\n<meta name=\"description\" content=\"L&#039;ann\u00e9e 2012 s&#039;est termin\u00e9 en catastrophe pour PSA et Renault et l&#039;ann\u00e9e 2013 promet une ann\u00e9e tr\u00e8s mauvaises. On annonce d\u00e9j\u00e0 une...\" \/>\n<meta name=\"robots\" content=\"index, follow, max-snippet:-1, max-image-preview:large, max-video-preview:-1\" \/>\n<link rel=\"canonical\" href=\"https:\/\/www.autojm.fr\/blog\/vente-de-voiture-neuve-en-chute-libre\/\" \/>\n<meta property=\"og:locale\" content=\"fr_FR\" \/>\n<meta property=\"og:type\" content=\"article\" \/>\n<meta property=\"og:title\" content=\"Vente de voiture neuve en chute libre - AutoJM Mag\" \/>\n<meta property=\"og:description\" content=\"L&#039;ann\u00e9e 2012 s&#039;est termin\u00e9 en catastrophe pour PSA et Renault et l&#039;ann\u00e9e 2013 promet une ann\u00e9e tr\u00e8s mauvaises. On annonce d\u00e9j\u00e0 une...\" \/>\n<meta property=\"og:url\" content=\"https:\/\/www.autojm.fr\/blog\/vente-de-voiture-neuve-en-chute-libre\/\" \/>\n<meta property=\"og:site_name\" content=\"AutoJM Mag\" \/>\n<meta property=\"article:publisher\" content=\"https:\/\/www.facebook.com\/AutoJM25\" \/>\n<meta property=\"article:published_time\" content=\"2013-02-04T11:50:44+00:00\" \/>\n<meta property=\"article:modified_time\" content=\"2023-09-15T12:28:48+00:00\" \/>\n<meta property=\"og:image\" content=\"https:\/\/www.autojm.fr\/blog\/wp-content\/uploads\/2014\/11\/location.jpg\" \/>\n\t<meta property=\"og:image:width\" content=\"960\" \/>\n\t<meta property=\"og:image:height\" content=\"640\" \/>\n\t<meta property=\"og:image:type\" content=\"image\/jpeg\" \/>\n<meta name=\"author\" content=\"Autojm\" \/>\n<meta name=\"twitter:card\" content=\"summary_large_image\" \/>\n<meta name=\"twitter:label1\" content=\"\u00c9crit par\" \/>\n\t<meta name=\"twitter:data1\" content=\"Autojm\" \/>\n\t<meta name=\"twitter:label2\" content=\"Dur\u00e9e de lecture estim\u00e9e\" \/>\n\t<meta name=\"twitter:data2\" content=\"1 minute\" \/>\n<script type=\"application\/ld+json\" class=\"yoast-schema-graph\">{\"@context\":\"https:\\\/\\\/schema.org\",\"@graph\":[{\"@type\":\"Article\",\"@id\":\"https:\\\/\\\/www.autojm.fr\\\/blog\\\/vente-de-voiture-neuve-en-chute-libre\\\/#article\",\"isPartOf\":{\"@id\":\"https:\\\/\\\/www.autojm.fr\\\/blog\\\/vente-de-voiture-neuve-en-chute-libre\\\/\"},\"author\":{\"name\":\"Autojm\",\"@id\":\"https:\\\/\\\/www.autojm.fr\\\/blog\\\/#\\\/schema\\\/person\\\/9742bc77541853e0de81fc57f947e1a0\"},\"headline\":\"Vente de voiture neuve en chute libre\",\"datePublished\":\"2013-02-04T11:50:44+00:00\",\"dateModified\":\"2023-09-15T12:28:48+00:00\",\"mainEntityOfPage\":{\"@id\":\"https:\\\/\\\/www.autojm.fr\\\/blog\\\/vente-de-voiture-neuve-en-chute-libre\\\/\"},\"wordCount\":134,\"commentCount\":0,\"publisher\":{\"@id\":\"https:\\\/\\\/www.autojm.fr\\\/blog\\\/#organization\"},\"image\":{\"@id\":\"https:\\\/\\\/www.autojm.fr\\\/blog\\\/vente-de-voiture-neuve-en-chute-libre\\\/#primaryimage\"},\"thumbnailUrl\":\"https:\\\/\\\/www.autojm.fr\\\/blog\\\/wp-content\\\/uploads\\\/2014\\\/11\\\/location.jpg\",\"keywords\":[\"autojm\",\"citroen\",\"dacia\",\"DS\",\"Fiat\",\"Ford\",\"Kia\",\"Nissan\",\"Opel\",\"peugeot\",\"renault\",\"Toyota\",\"Volkswagen\"],\"articleSection\":[\"Actualit\u00e9 Automobile\"],\"inLanguage\":\"fr-FR\",\"potentialAction\":[{\"@type\":\"CommentAction\",\"name\":\"Comment\",\"target\":[\"https:\\\/\\\/www.autojm.fr\\\/blog\\\/vente-de-voiture-neuve-en-chute-libre\\\/#respond\"]}]},{\"@type\":\"WebPage\",\"@id\":\"https:\\\/\\\/www.autojm.fr\\\/blog\\\/vente-de-voiture-neuve-en-chute-libre\\\/\",\"url\":\"https:\\\/\\\/www.autojm.fr\\\/blog\\\/vente-de-voiture-neuve-en-chute-libre\\\/\",\"name\":\"Vente de voiture neuve en chute libre - AutoJM Mag\",\"isPartOf\":{\"@id\":\"https:\\\/\\\/www.autojm.fr\\\/blog\\\/#website\"},\"primaryImageOfPage\":{\"@id\":\"https:\\\/\\\/www.autojm.fr\\\/blog\\\/vente-de-voiture-neuve-en-chute-libre\\\/#primaryimage\"},\"image\":{\"@id\":\"https:\\\/\\\/www.autojm.fr\\\/blog\\\/vente-de-voiture-neuve-en-chute-libre\\\/#primaryimage\"},\"thumbnailUrl\":\"https:\\\/\\\/www.autojm.fr\\\/blog\\\/wp-content\\\/uploads\\\/2014\\\/11\\\/location.jpg\",\"datePublished\":\"2013-02-04T11:50:44+00:00\",\"dateModified\":\"2023-09-15T12:28:48+00:00\",\"description\":\"L'ann\u00e9e 2012 s'est termin\u00e9 en catastrophe pour PSA et Renault et l'ann\u00e9e 2013 promet une ann\u00e9e tr\u00e8s mauvaises. On annonce d\u00e9j\u00e0 une...\",\"breadcrumb\":{\"@id\":\"https:\\\/\\\/www.autojm.fr\\\/blog\\\/vente-de-voiture-neuve-en-chute-libre\\\/#breadcrumb\"},\"inLanguage\":\"fr-FR\",\"potentialAction\":[{\"@type\":\"ReadAction\",\"target\":[\"https:\\\/\\\/www.autojm.fr\\\/blog\\\/vente-de-voiture-neuve-en-chute-libre\\\/\"]}]},{\"@type\":\"ImageObject\",\"inLanguage\":\"fr-FR\",\"@id\":\"https:\\\/\\\/www.autojm.fr\\\/blog\\\/vente-de-voiture-neuve-en-chute-libre\\\/#primaryimage\",\"url\":\"https:\\\/\\\/www.autojm.fr\\\/blog\\\/wp-content\\\/uploads\\\/2014\\\/11\\\/location.jpg\",\"contentUrl\":\"https:\\\/\\\/www.autojm.fr\\\/blog\\\/wp-content\\\/uploads\\\/2014\\\/11\\\/location.jpg\",\"width\":960,\"height\":640,\"caption\":\"Vols de voitures\"},{\"@type\":\"BreadcrumbList\",\"@id\":\"https:\\\/\\\/www.autojm.fr\\\/blog\\\/vente-de-voiture-neuve-en-chute-libre\\\/#breadcrumb\",\"itemListElement\":[{\"@type\":\"ListItem\",\"position\":1,\"name\":\"Accueil\",\"item\":\"https:\\\/\\\/www.autojm.fr\\\/blog\\\/\"},{\"@type\":\"ListItem\",\"position\":2,\"name\":\"Actualit\u00e9 Automobile\",\"item\":\"https:\\\/\\\/www.autojm.fr\\\/blog\\\/actualite-automobile\\\/\"},{\"@type\":\"ListItem\",\"position\":3,\"name\":\"Vente de voiture neuve en chute libre\"}]},{\"@type\":\"WebSite\",\"@id\":\"https:\\\/\\\/www.autojm.fr\\\/blog\\\/#website\",\"url\":\"https:\\\/\\\/www.autojm.fr\\\/blog\\\/\",\"name\":\"AutoJM Mag\",\"description\":\"Toute l&#039;actu auto en 1 clic !\",\"publisher\":{\"@id\":\"https:\\\/\\\/www.autojm.fr\\\/blog\\\/#organization\"},\"potentialAction\":[{\"@type\":\"SearchAction\",\"target\":{\"@type\":\"EntryPoint\",\"urlTemplate\":\"https:\\\/\\\/www.autojm.fr\\\/blog\\\/?s={search_term_string}\"},\"query-input\":{\"@type\":\"PropertyValueSpecification\",\"valueRequired\":true,\"valueName\":\"search_term_string\"}}],\"inLanguage\":\"fr-FR\"},{\"@type\":\"Organization\",\"@id\":\"https:\\\/\\\/www.autojm.fr\\\/blog\\\/#organization\",\"name\":\"AutoJM Mag\",\"url\":\"https:\\\/\\\/www.autojm.fr\\\/blog\\\/\",\"logo\":{\"@type\":\"ImageObject\",\"inLanguage\":\"fr-FR\",\"@id\":\"https:\\\/\\\/www.autojm.fr\\\/blog\\\/#\\\/schema\\\/logo\\\/image\\\/\",\"url\":\"https:\\\/\\\/www.autojm.fr\\\/blog\\\/wp-content\\\/uploads\\\/2022\\\/12\\\/cropped-AutoJMag-png.png\",\"contentUrl\":\"https:\\\/\\\/www.autojm.fr\\\/blog\\\/wp-content\\\/uploads\\\/2022\\\/12\\\/cropped-AutoJMag-png.png\",\"width\":2834,\"height\":585,\"caption\":\"AutoJM Mag\"},\"image\":{\"@id\":\"https:\\\/\\\/www.autojm.fr\\\/blog\\\/#\\\/schema\\\/logo\\\/image\\\/\"},\"sameAs\":[\"https:\\\/\\\/www.facebook.com\\\/AutoJM25\"]},{\"@type\":\"Person\",\"@id\":\"https:\\\/\\\/www.autojm.fr\\\/blog\\\/#\\\/schema\\\/person\\\/9742bc77541853e0de81fc57f947e1a0\",\"name\":\"Autojm\",\"image\":{\"@type\":\"ImageObject\",\"inLanguage\":\"fr-FR\",\"@id\":\"https:\\\/\\\/secure.gravatar.com\\\/avatar\\\/9a959d52b758fcc232fe4b6aca7bab139182573297122cce7d6f2ee0e537b418?s=96&d=mm&r=g\",\"url\":\"https:\\\/\\\/secure.gravatar.com\\\/avatar\\\/9a959d52b758fcc232fe4b6aca7bab139182573297122cce7d6f2ee0e537b418?s=96&d=mm&r=g\",\"contentUrl\":\"https:\\\/\\\/secure.gravatar.com\\\/avatar\\\/9a959d52b758fcc232fe4b6aca7bab139182573297122cce7d6f2ee0e537b418?s=96&d=mm&r=g\",\"caption\":\"Autojm\"},\"sameAs\":[\"https:\\\/\\\/www.autojm.fr\\\/blog\"],\"url\":\"https:\\\/\\\/www.autojm.fr\\\/blog\\\/author\\\/bichoi\\\/\"}]}<\/script>\n<!-- \/ Yoast SEO plugin. -->","yoast_head_json":{"title":"Vente de voiture neuve en chute libre - AutoJM Mag","description":"L'ann\u00e9e 2012 s'est termin\u00e9 en catastrophe pour PSA et Renault et l'ann\u00e9e 2013 promet une ann\u00e9e tr\u00e8s mauvaises. On annonce d\u00e9j\u00e0 une...","robots":{"index":"index","follow":"follow","max-snippet":"max-snippet:-1","max-image-preview":"max-image-preview:large","max-video-preview":"max-video-preview:-1"},"canonical":"https:\/\/www.autojm.fr\/blog\/vente-de-voiture-neuve-en-chute-libre\/","og_locale":"fr_FR","og_type":"article","og_title":"Vente de voiture neuve en chute libre - AutoJM Mag","og_description":"L'ann\u00e9e 2012 s'est termin\u00e9 en catastrophe pour PSA et Renault et l'ann\u00e9e 2013 promet une ann\u00e9e tr\u00e8s mauvaises. On annonce d\u00e9j\u00e0 une...","og_url":"https:\/\/www.autojm.fr\/blog\/vente-de-voiture-neuve-en-chute-libre\/","og_site_name":"AutoJM Mag","article_publisher":"https:\/\/www.facebook.com\/AutoJM25","article_published_time":"2013-02-04T11:50:44+00:00","article_modified_time":"2023-09-15T12:28:48+00:00","og_image":[{"width":960,"height":640,"url":"https:\/\/www.autojm.fr\/blog\/wp-content\/uploads\/2014\/11\/location.jpg","type":"image\/jpeg"}],"author":"Autojm","twitter_card":"summary_large_image","twitter_misc":{"\u00c9crit par":"Autojm","Dur\u00e9e de lecture estim\u00e9e":"1 minute"},"schema":{"@context":"https:\/\/schema.org","@graph":[{"@type":"Article","@id":"https:\/\/www.autojm.fr\/blog\/vente-de-voiture-neuve-en-chute-libre\/#article","isPartOf":{"@id":"https:\/\/www.autojm.fr\/blog\/vente-de-voiture-neuve-en-chute-libre\/"},"author":{"name":"Autojm","@id":"https:\/\/www.autojm.fr\/blog\/#\/schema\/person\/9742bc77541853e0de81fc57f947e1a0"},"headline":"Vente de voiture neuve en chute libre","datePublished":"2013-02-04T11:50:44+00:00","dateModified":"2023-09-15T12:28:48+00:00","mainEntityOfPage":{"@id":"https:\/\/www.autojm.fr\/blog\/vente-de-voiture-neuve-en-chute-libre\/"},"wordCount":134,"commentCount":0,"publisher":{"@id":"https:\/\/www.autojm.fr\/blog\/#organization"},"image":{"@id":"https:\/\/www.autojm.fr\/blog\/vente-de-voiture-neuve-en-chute-libre\/#primaryimage"},"thumbnailUrl":"https:\/\/www.autojm.fr\/blog\/wp-content\/uploads\/2014\/11\/location.jpg","keywords":["autojm","citroen","dacia","DS","Fiat","Ford","Kia","Nissan","Opel","peugeot","renault","Toyota","Volkswagen"],"articleSection":["Actualit\u00e9 Automobile"],"inLanguage":"fr-FR","potentialAction":[{"@type":"CommentAction","name":"Comment","target":["https:\/\/www.autojm.fr\/blog\/vente-de-voiture-neuve-en-chute-libre\/#respond"]}]},{"@type":"WebPage","@id":"https:\/\/www.autojm.fr\/blog\/vente-de-voiture-neuve-en-chute-libre\/","url":"https:\/\/www.autojm.fr\/blog\/vente-de-voiture-neuve-en-chute-libre\/","name":"Vente de voiture neuve en chute libre - AutoJM Mag","isPartOf":{"@id":"https:\/\/www.autojm.fr\/blog\/#website"},"primaryImageOfPage":{"@id":"https:\/\/www.autojm.fr\/blog\/vente-de-voiture-neuve-en-chute-libre\/#primaryimage"},"image":{"@id":"https:\/\/www.autojm.fr\/blog\/vente-de-voiture-neuve-en-chute-libre\/#primaryimage"},"thumbnailUrl":"https:\/\/www.autojm.fr\/blog\/wp-content\/uploads\/2014\/11\/location.jpg","datePublished":"2013-02-04T11:50:44+00:00","dateModified":"2023-09-15T12:28:48+00:00","description":"L'ann\u00e9e 2012 s'est termin\u00e9 en catastrophe pour PSA et Renault et l'ann\u00e9e 2013 promet une ann\u00e9e tr\u00e8s mauvaises. On annonce d\u00e9j\u00e0 une...","breadcrumb":{"@id":"https:\/\/www.autojm.fr\/blog\/vente-de-voiture-neuve-en-chute-libre\/#breadcrumb"},"inLanguage":"fr-FR","potentialAction":[{"@type":"ReadAction","target":["https:\/\/www.autojm.fr\/blog\/vente-de-voiture-neuve-en-chute-libre\/"]}]},{"@type":"ImageObject","inLanguage":"fr-FR","@id":"https:\/\/www.autojm.fr\/blog\/vente-de-voiture-neuve-en-chute-libre\/#primaryimage","url":"https:\/\/www.autojm.fr\/blog\/wp-content\/uploads\/2014\/11\/location.jpg","contentUrl":"https:\/\/www.autojm.fr\/blog\/wp-content\/uploads\/2014\/11\/location.jpg","width":960,"height":640,"caption":"Vols de voitures"},{"@type":"BreadcrumbList","@id":"https:\/\/www.autojm.fr\/blog\/vente-de-voiture-neuve-en-chute-libre\/#breadcrumb","itemListElement":[{"@type":"ListItem","position":1,"name":"Accueil","item":"https:\/\/www.autojm.fr\/blog\/"},{"@type":"ListItem","position":2,"name":"Actualit\u00e9 Automobile","item":"https:\/\/www.autojm.fr\/blog\/actualite-automobile\/"},{"@type":"ListItem","position":3,"name":"Vente de voiture neuve en chute libre"}]},{"@type":"WebSite","@id":"https:\/\/www.autojm.fr\/blog\/#website","url":"https:\/\/www.autojm.fr\/blog\/","name":"AutoJM Mag","description":"Toute l&#039;actu auto en 1 clic !","publisher":{"@id":"https:\/\/www.autojm.fr\/blog\/#organization"},"potentialAction":[{"@type":"SearchAction","target":{"@type":"EntryPoint","urlTemplate":"https:\/\/www.autojm.fr\/blog\/?s={search_term_string}"},"query-input":{"@type":"PropertyValueSpecification","valueRequired":true,"valueName":"search_term_string"}}],"inLanguage":"fr-FR"},{"@type":"Organization","@id":"https:\/\/www.autojm.fr\/blog\/#organization","name":"AutoJM Mag","url":"https:\/\/www.autojm.fr\/blog\/","logo":{"@type":"ImageObject","inLanguage":"fr-FR","@id":"https:\/\/www.autojm.fr\/blog\/#\/schema\/logo\/image\/","url":"https:\/\/www.autojm.fr\/blog\/wp-content\/uploads\/2022\/12\/cropped-AutoJMag-png.png","contentUrl":"https:\/\/www.autojm.fr\/blog\/wp-content\/uploads\/2022\/12\/cropped-AutoJMag-png.png","width":2834,"height":585,"caption":"AutoJM Mag"},"image":{"@id":"https:\/\/www.autojm.fr\/blog\/#\/schema\/logo\/image\/"},"sameAs":["https:\/\/www.facebook.com\/AutoJM25"]},{"@type":"Person","@id":"https:\/\/www.autojm.fr\/blog\/#\/schema\/person\/9742bc77541853e0de81fc57f947e1a0","name":"Autojm","image":{"@type":"ImageObject","inLanguage":"fr-FR","@id":"https:\/\/secure.gravatar.com\/avatar\/9a959d52b758fcc232fe4b6aca7bab139182573297122cce7d6f2ee0e537b418?s=96&d=mm&r=g","url":"https:\/\/secure.gravatar.com\/avatar\/9a959d52b758fcc232fe4b6aca7bab139182573297122cce7d6f2ee0e537b418?s=96&d=mm&r=g","contentUrl":"https:\/\/secure.gravatar.com\/avatar\/9a959d52b758fcc232fe4b6aca7bab139182573297122cce7d6f2ee0e537b418?s=96&d=mm&r=g","caption":"Autojm"},"sameAs":["https:\/\/www.autojm.fr\/blog"],"url":"https:\/\/www.autojm.fr\/blog\/author\/bichoi\/"}]}},"_links":{"self":[{"href":"https:\/\/www.autojm.fr\/blog\/wp-json\/wp\/v2\/posts\/3514","targetHints":{"allow":["GET"]}}],"collection":[{"href":"https:\/\/www.autojm.fr\/blog\/wp-json\/wp\/v2\/posts"}],"about":[{"href":"https:\/\/www.autojm.fr\/blog\/wp-json\/wp\/v2\/types\/post"}],"author":[{"embeddable":true,"href":"https:\/\/www.autojm.fr\/blog\/wp-json\/wp\/v2\/users\/1"}],"replies":[{"embeddable":true,"href":"https:\/\/www.autojm.fr\/blog\/wp-json\/wp\/v2\/comments?post=3514"}],"version-history":[{"count":4,"href":"https:\/\/www.autojm.fr\/blog\/wp-json\/wp\/v2\/posts\/3514\/revisions"}],"predecessor-version":[{"id":12729,"href":"https:\/\/www.autojm.fr\/blog\/wp-json\/wp\/v2\/posts\/3514\/revisions\/12729"}],"wp:featuredmedia":[{"embeddable":true,"href":"https:\/\/www.autojm.fr\/blog\/wp-json\/wp\/v2\/media\/7394"}],"wp:attachment":[{"href":"https:\/\/www.autojm.fr\/blog\/wp-json\/wp\/v2\/media?parent=3514"}],"wp:term":[{"taxonomy":"category","embeddable":true,"href":"https:\/\/www.autojm.fr\/blog\/wp-json\/wp\/v2\/categories?post=3514"},{"taxonomy":"post_tag","embeddable":true,"href":"https:\/\/www.autojm.fr\/blog\/wp-json\/wp\/v2\/tags?post=3514"}],"curies":[{"name":"wp","href":"https:\/\/api.w.org\/{rel}","templated":true}]}}