{"id":3506,"date":"2013-01-10T14:49:03","date_gmt":"2013-01-10T14:49:03","guid":{"rendered":"https:\/\/www.autojm.fr\/blog\/a-decouvrir-clio-4-estate\/"},"modified":"2023-04-19T14:25:35","modified_gmt":"2023-04-19T14:25:35","slug":"a-decouvrir-clio-4-estate","status":"publish","type":"post","link":"https:\/\/www.autojm.fr\/blog\/a-decouvrir-clio-4-estate\/","title":{"rendered":"\u00c0 d\u00e9couvrir Clio 4 Estate"},"content":{"rendered":"<h2><span style=\"font-family: Arial, Helvetica, sans-serif; color: #d3145a; font-size: 12px;\">La Renault Clio 4 a \u00e9t\u00e9 lanc\u00e9e r\u00e9cemment et c&rsquo;est d\u00e9j\u00e0 un succ\u00e8s !<\/span><\/h2>\n<p><strong>Voici sa d\u00e9clinaison au format familiale, la <\/strong><a href=\"https:\/\/www.autojm.fr\/mandataire-voitures-neuves-renault\"><strong>Clio 4<\/strong><\/a><strong> GrandTour ou Estate.<br \/>\n<\/strong><\/p>\n<p>On a pu la d\u00e9couvrir au Mondial de l&rsquo;Auto \u00e0 Paris en 2012, la version break de la <a href=\"https:\/\/www.autojm.fr\/mandataire-voitures-neuves-renault\">Renault Clio 4 Estate<\/a> est d\u00e9j\u00e0 sur tous les fronts. D\u00e9crite comme un break expressif et pratique, <a href=\"https:\/\/www.autojm.fr\/mandataire-voitures-neuves-renault\">Renault <\/a>mise sur le cr\u00e9neau \u00ab\u00a0famille\u00a0\u00bb .<\/p>\n<p>Cette derni\u00e8re ne sera pas uniquement un \u00ab\u00a0break\u00a0\u00bb pr\u00eat \u00e0 accueillir toute une famille mais bel et bien une auto dot\u00e9e des derni\u00e8res technologies. On la cat\u00e9gorise d\u00e9j\u00e0 dans la cat\u00e9gorie \u00ab\u00a0petit break\u00a0\u00bb car la capacit\u00e9 dans l&rsquo;habitacle ainsi que du coffre, n&rsquo;est pas aussi importante que l&rsquo;ancienne Clio Estate.<\/p>\n<p>Avec ses grands feux, la partie arri\u00e8re est elle aussi plut\u00f4t sympathique avec une lunette inclin\u00e9e et peut \u00eatre un peu petite pour certains et un bas de hayon presque vertical qui garanti le volume de chargement et la facilit\u00e9 d&rsquo;acc\u00e8s puisqu&rsquo;il descend assez bas puisqu&rsquo;il s&rsquo;arr\u00eate juste au dessus de la baguette chrom\u00e9e de finition du pare choc noir.<\/p>\n<p>Les nouveaut\u00e9s de la<strong> Clio 4 Estate s<\/strong>ont : la cam\u00e9ra de recul de s\u00e9rie (en fonction des finitions), et des \u00e9quipements amovibles, tels que le cache bagage ou le si\u00e8ge passager qui se replie enti\u00e8rement pour un gain de place consid\u00e9rable.<\/p>\n<p>C\u00f4t\u00e9 motorisation, 1 motorisation Diesel et 1 Essence sont annonc\u00e9s :<\/p>\n<p>&#8211; TCe, 90 ch qui consommera 104 g de CO2\/km<\/p>\n<p>&#8211; 1.5 L dCi Energy, 90 ch, qui consommera 90 g de CO2\/km<\/p>\n","protected":false},"excerpt":{"rendered":"<p>On a pu la d\u00e9couvrir au Mondial de l&rsquo;Auto \u00e0 Paris en 2012, la version break de la Renault Clio 4 Estate est d\u00e9j\u00e0 sur tous les fronts. D\u00e9crite comme un break expressif et pratique, Renault mise sur le cr\u00e9neau \u00ab\u00a0famille\u00a0\u00bb .<\/p>\n","protected":false},"author":1,"featured_media":5577,"comment_status":"open","ping_status":"open","sticky":false,"template":"","format":"standard","meta":{"_acf_changed":false,"content-type":"","footnotes":""},"categories":[62,61],"tags":[90,78,227],"class_list":["post-3506","post","type-post","status-publish","format-standard","has-post-thumbnail","hentry","category-nouveaute-renault","category-nouveautes-autos","tag-autojm","tag-renault","tag-renault-clio-4-estate"],"acf":[],"yoast_head":"<!-- This site is optimized with the Yoast SEO plugin v27.5 - https:\/\/yoast.com\/product\/yoast-seo-wordpress\/ -->\n<title>\u00c0 d\u00e9couvrir Clio 4 Estate - AutoJM Mag<\/title>\n<meta name=\"description\" content=\"On a pu la d\u00e9couvrir au Mondial de l&#039;Auto \u00e0 Paris en 2012, la version break de la Renault Clio 4 Estate est d\u00e9j\u00e0 sur tous les fronts.\" \/>\n<meta name=\"robots\" content=\"index, follow, max-snippet:-1, max-image-preview:large, max-video-preview:-1\" \/>\n<link rel=\"canonical\" href=\"https:\/\/www.autojm.fr\/blog\/a-decouvrir-clio-4-estate\/\" \/>\n<meta property=\"og:locale\" content=\"fr_FR\" \/>\n<meta property=\"og:type\" content=\"article\" \/>\n<meta property=\"og:title\" content=\"\u00c0 d\u00e9couvrir Clio 4 Estate - AutoJM Mag\" \/>\n<meta property=\"og:description\" content=\"On a pu la d\u00e9couvrir au Mondial de l&#039;Auto \u00e0 Paris en 2012, la version break de la Renault Clio 4 Estate est d\u00e9j\u00e0 sur tous les fronts.\" \/>\n<meta property=\"og:url\" content=\"https:\/\/www.autojm.fr\/blog\/a-decouvrir-clio-4-estate\/\" \/>\n<meta property=\"og:site_name\" content=\"AutoJM Mag\" \/>\n<meta property=\"article:publisher\" content=\"https:\/\/www.facebook.com\/AutoJM25\" \/>\n<meta property=\"article:published_time\" content=\"2013-01-10T14:49:03+00:00\" \/>\n<meta property=\"article:modified_time\" content=\"2023-04-19T14:25:35+00:00\" \/>\n<meta property=\"og:image\" content=\"https:\/\/www.autojm.fr\/blog\/wp-content\/uploads\/2022\/10\/220.jpg\" \/>\n\t<meta property=\"og:image:width\" content=\"519\" \/>\n\t<meta property=\"og:image:height\" content=\"252\" \/>\n\t<meta property=\"og:image:type\" content=\"image\/jpeg\" \/>\n<meta name=\"author\" content=\"Autojm\" \/>\n<meta name=\"twitter:card\" content=\"summary_large_image\" \/>\n<meta name=\"twitter:label1\" content=\"\u00c9crit par\" \/>\n\t<meta name=\"twitter:data1\" content=\"Autojm\" \/>\n\t<meta name=\"twitter:label2\" content=\"Dur\u00e9e de lecture estim\u00e9e\" \/>\n\t<meta name=\"twitter:data2\" content=\"2 minutes\" \/>\n<script type=\"application\/ld+json\" class=\"yoast-schema-graph\">{\"@context\":\"https:\\\/\\\/schema.org\",\"@graph\":[{\"@type\":\"Article\",\"@id\":\"https:\\\/\\\/www.autojm.fr\\\/blog\\\/a-decouvrir-clio-4-estate\\\/#article\",\"isPartOf\":{\"@id\":\"https:\\\/\\\/www.autojm.fr\\\/blog\\\/a-decouvrir-clio-4-estate\\\/\"},\"author\":{\"name\":\"Autojm\",\"@id\":\"https:\\\/\\\/www.autojm.fr\\\/blog\\\/#\\\/schema\\\/person\\\/9742bc77541853e0de81fc57f947e1a0\"},\"headline\":\"\u00c0 d\u00e9couvrir Clio 4 Estate\",\"datePublished\":\"2013-01-10T14:49:03+00:00\",\"dateModified\":\"2023-04-19T14:25:35+00:00\",\"mainEntityOfPage\":{\"@id\":\"https:\\\/\\\/www.autojm.fr\\\/blog\\\/a-decouvrir-clio-4-estate\\\/\"},\"wordCount\":272,\"commentCount\":0,\"publisher\":{\"@id\":\"https:\\\/\\\/www.autojm.fr\\\/blog\\\/#organization\"},\"image\":{\"@id\":\"https:\\\/\\\/www.autojm.fr\\\/blog\\\/a-decouvrir-clio-4-estate\\\/#primaryimage\"},\"thumbnailUrl\":\"https:\\\/\\\/www.autojm.fr\\\/blog\\\/wp-content\\\/uploads\\\/2022\\\/10\\\/220.jpg\",\"keywords\":[\"autojm\",\"renault\",\"Renault Clio 4 Estate\"],\"articleSection\":[\"Nouveaut\u00e9 Renault\",\"Nouveaut\u00e9s Autos\"],\"inLanguage\":\"fr-FR\",\"potentialAction\":[{\"@type\":\"CommentAction\",\"name\":\"Comment\",\"target\":[\"https:\\\/\\\/www.autojm.fr\\\/blog\\\/a-decouvrir-clio-4-estate\\\/#respond\"]}]},{\"@type\":\"WebPage\",\"@id\":\"https:\\\/\\\/www.autojm.fr\\\/blog\\\/a-decouvrir-clio-4-estate\\\/\",\"url\":\"https:\\\/\\\/www.autojm.fr\\\/blog\\\/a-decouvrir-clio-4-estate\\\/\",\"name\":\"\u00c0 d\u00e9couvrir Clio 4 Estate - AutoJM Mag\",\"isPartOf\":{\"@id\":\"https:\\\/\\\/www.autojm.fr\\\/blog\\\/#website\"},\"primaryImageOfPage\":{\"@id\":\"https:\\\/\\\/www.autojm.fr\\\/blog\\\/a-decouvrir-clio-4-estate\\\/#primaryimage\"},\"image\":{\"@id\":\"https:\\\/\\\/www.autojm.fr\\\/blog\\\/a-decouvrir-clio-4-estate\\\/#primaryimage\"},\"thumbnailUrl\":\"https:\\\/\\\/www.autojm.fr\\\/blog\\\/wp-content\\\/uploads\\\/2022\\\/10\\\/220.jpg\",\"datePublished\":\"2013-01-10T14:49:03+00:00\",\"dateModified\":\"2023-04-19T14:25:35+00:00\",\"description\":\"On a pu la d\u00e9couvrir au Mondial de l'Auto \u00e0 Paris en 2012, la version break de la Renault Clio 4 Estate est d\u00e9j\u00e0 sur tous les fronts.\",\"breadcrumb\":{\"@id\":\"https:\\\/\\\/www.autojm.fr\\\/blog\\\/a-decouvrir-clio-4-estate\\\/#breadcrumb\"},\"inLanguage\":\"fr-FR\",\"potentialAction\":[{\"@type\":\"ReadAction\",\"target\":[\"https:\\\/\\\/www.autojm.fr\\\/blog\\\/a-decouvrir-clio-4-estate\\\/\"]}]},{\"@type\":\"ImageObject\",\"inLanguage\":\"fr-FR\",\"@id\":\"https:\\\/\\\/www.autojm.fr\\\/blog\\\/a-decouvrir-clio-4-estate\\\/#primaryimage\",\"url\":\"https:\\\/\\\/www.autojm.fr\\\/blog\\\/wp-content\\\/uploads\\\/2022\\\/10\\\/220.jpg\",\"contentUrl\":\"https:\\\/\\\/www.autojm.fr\\\/blog\\\/wp-content\\\/uploads\\\/2022\\\/10\\\/220.jpg\",\"width\":519,\"height\":252},{\"@type\":\"BreadcrumbList\",\"@id\":\"https:\\\/\\\/www.autojm.fr\\\/blog\\\/a-decouvrir-clio-4-estate\\\/#breadcrumb\",\"itemListElement\":[{\"@type\":\"ListItem\",\"position\":1,\"name\":\"Accueil\",\"item\":\"https:\\\/\\\/www.autojm.fr\\\/blog\\\/\"},{\"@type\":\"ListItem\",\"position\":2,\"name\":\"Nouveaut\u00e9s Autos\",\"item\":\"https:\\\/\\\/www.autojm.fr\\\/blog\\\/nouveautes-autos\\\/\"},{\"@type\":\"ListItem\",\"position\":3,\"name\":\"\u00c0 d\u00e9couvrir Clio 4 Estate\"}]},{\"@type\":\"WebSite\",\"@id\":\"https:\\\/\\\/www.autojm.fr\\\/blog\\\/#website\",\"url\":\"https:\\\/\\\/www.autojm.fr\\\/blog\\\/\",\"name\":\"AutoJM Mag\",\"description\":\"Toute l&#039;actu auto en 1 clic !\",\"publisher\":{\"@id\":\"https:\\\/\\\/www.autojm.fr\\\/blog\\\/#organization\"},\"potentialAction\":[{\"@type\":\"SearchAction\",\"target\":{\"@type\":\"EntryPoint\",\"urlTemplate\":\"https:\\\/\\\/www.autojm.fr\\\/blog\\\/?s={search_term_string}\"},\"query-input\":{\"@type\":\"PropertyValueSpecification\",\"valueRequired\":true,\"valueName\":\"search_term_string\"}}],\"inLanguage\":\"fr-FR\"},{\"@type\":\"Organization\",\"@id\":\"https:\\\/\\\/www.autojm.fr\\\/blog\\\/#organization\",\"name\":\"AutoJM Mag\",\"url\":\"https:\\\/\\\/www.autojm.fr\\\/blog\\\/\",\"logo\":{\"@type\":\"ImageObject\",\"inLanguage\":\"fr-FR\",\"@id\":\"https:\\\/\\\/www.autojm.fr\\\/blog\\\/#\\\/schema\\\/logo\\\/image\\\/\",\"url\":\"https:\\\/\\\/www.autojm.fr\\\/blog\\\/wp-content\\\/uploads\\\/2022\\\/12\\\/cropped-AutoJMag-png.png\",\"contentUrl\":\"https:\\\/\\\/www.autojm.fr\\\/blog\\\/wp-content\\\/uploads\\\/2022\\\/12\\\/cropped-AutoJMag-png.png\",\"width\":2834,\"height\":585,\"caption\":\"AutoJM Mag\"},\"image\":{\"@id\":\"https:\\\/\\\/www.autojm.fr\\\/blog\\\/#\\\/schema\\\/logo\\\/image\\\/\"},\"sameAs\":[\"https:\\\/\\\/www.facebook.com\\\/AutoJM25\"]},{\"@type\":\"Person\",\"@id\":\"https:\\\/\\\/www.autojm.fr\\\/blog\\\/#\\\/schema\\\/person\\\/9742bc77541853e0de81fc57f947e1a0\",\"name\":\"Autojm\",\"image\":{\"@type\":\"ImageObject\",\"inLanguage\":\"fr-FR\",\"@id\":\"https:\\\/\\\/secure.gravatar.com\\\/avatar\\\/9a959d52b758fcc232fe4b6aca7bab139182573297122cce7d6f2ee0e537b418?s=96&d=mm&r=g\",\"url\":\"https:\\\/\\\/secure.gravatar.com\\\/avatar\\\/9a959d52b758fcc232fe4b6aca7bab139182573297122cce7d6f2ee0e537b418?s=96&d=mm&r=g\",\"contentUrl\":\"https:\\\/\\\/secure.gravatar.com\\\/avatar\\\/9a959d52b758fcc232fe4b6aca7bab139182573297122cce7d6f2ee0e537b418?s=96&d=mm&r=g\",\"caption\":\"Autojm\"},\"sameAs\":[\"https:\\\/\\\/www.autojm.fr\\\/blog\"],\"url\":\"https:\\\/\\\/www.autojm.fr\\\/blog\\\/author\\\/bichoi\\\/\"}]}<\/script>\n<!-- \/ Yoast SEO plugin. -->","yoast_head_json":{"title":"\u00c0 d\u00e9couvrir Clio 4 Estate - AutoJM Mag","description":"On a pu la d\u00e9couvrir au Mondial de l'Auto \u00e0 Paris en 2012, la version break de la Renault Clio 4 Estate est d\u00e9j\u00e0 sur tous les fronts.","robots":{"index":"index","follow":"follow","max-snippet":"max-snippet:-1","max-image-preview":"max-image-preview:large","max-video-preview":"max-video-preview:-1"},"canonical":"https:\/\/www.autojm.fr\/blog\/a-decouvrir-clio-4-estate\/","og_locale":"fr_FR","og_type":"article","og_title":"\u00c0 d\u00e9couvrir Clio 4 Estate - AutoJM Mag","og_description":"On a pu la d\u00e9couvrir au Mondial de l'Auto \u00e0 Paris en 2012, la version break de la Renault Clio 4 Estate est d\u00e9j\u00e0 sur tous les fronts.","og_url":"https:\/\/www.autojm.fr\/blog\/a-decouvrir-clio-4-estate\/","og_site_name":"AutoJM Mag","article_publisher":"https:\/\/www.facebook.com\/AutoJM25","article_published_time":"2013-01-10T14:49:03+00:00","article_modified_time":"2023-04-19T14:25:35+00:00","og_image":[{"width":519,"height":252,"url":"https:\/\/www.autojm.fr\/blog\/wp-content\/uploads\/2022\/10\/220.jpg","type":"image\/jpeg"}],"author":"Autojm","twitter_card":"summary_large_image","twitter_misc":{"\u00c9crit par":"Autojm","Dur\u00e9e de lecture estim\u00e9e":"2 minutes"},"schema":{"@context":"https:\/\/schema.org","@graph":[{"@type":"Article","@id":"https:\/\/www.autojm.fr\/blog\/a-decouvrir-clio-4-estate\/#article","isPartOf":{"@id":"https:\/\/www.autojm.fr\/blog\/a-decouvrir-clio-4-estate\/"},"author":{"name":"Autojm","@id":"https:\/\/www.autojm.fr\/blog\/#\/schema\/person\/9742bc77541853e0de81fc57f947e1a0"},"headline":"\u00c0 d\u00e9couvrir Clio 4 Estate","datePublished":"2013-01-10T14:49:03+00:00","dateModified":"2023-04-19T14:25:35+00:00","mainEntityOfPage":{"@id":"https:\/\/www.autojm.fr\/blog\/a-decouvrir-clio-4-estate\/"},"wordCount":272,"commentCount":0,"publisher":{"@id":"https:\/\/www.autojm.fr\/blog\/#organization"},"image":{"@id":"https:\/\/www.autojm.fr\/blog\/a-decouvrir-clio-4-estate\/#primaryimage"},"thumbnailUrl":"https:\/\/www.autojm.fr\/blog\/wp-content\/uploads\/2022\/10\/220.jpg","keywords":["autojm","renault","Renault Clio 4 Estate"],"articleSection":["Nouveaut\u00e9 Renault","Nouveaut\u00e9s Autos"],"inLanguage":"fr-FR","potentialAction":[{"@type":"CommentAction","name":"Comment","target":["https:\/\/www.autojm.fr\/blog\/a-decouvrir-clio-4-estate\/#respond"]}]},{"@type":"WebPage","@id":"https:\/\/www.autojm.fr\/blog\/a-decouvrir-clio-4-estate\/","url":"https:\/\/www.autojm.fr\/blog\/a-decouvrir-clio-4-estate\/","name":"\u00c0 d\u00e9couvrir Clio 4 Estate - AutoJM Mag","isPartOf":{"@id":"https:\/\/www.autojm.fr\/blog\/#website"},"primaryImageOfPage":{"@id":"https:\/\/www.autojm.fr\/blog\/a-decouvrir-clio-4-estate\/#primaryimage"},"image":{"@id":"https:\/\/www.autojm.fr\/blog\/a-decouvrir-clio-4-estate\/#primaryimage"},"thumbnailUrl":"https:\/\/www.autojm.fr\/blog\/wp-content\/uploads\/2022\/10\/220.jpg","datePublished":"2013-01-10T14:49:03+00:00","dateModified":"2023-04-19T14:25:35+00:00","description":"On a pu la d\u00e9couvrir au Mondial de l'Auto \u00e0 Paris en 2012, la version break de la Renault Clio 4 Estate est d\u00e9j\u00e0 sur tous les fronts.","breadcrumb":{"@id":"https:\/\/www.autojm.fr\/blog\/a-decouvrir-clio-4-estate\/#breadcrumb"},"inLanguage":"fr-FR","potentialAction":[{"@type":"ReadAction","target":["https:\/\/www.autojm.fr\/blog\/a-decouvrir-clio-4-estate\/"]}]},{"@type":"ImageObject","inLanguage":"fr-FR","@id":"https:\/\/www.autojm.fr\/blog\/a-decouvrir-clio-4-estate\/#primaryimage","url":"https:\/\/www.autojm.fr\/blog\/wp-content\/uploads\/2022\/10\/220.jpg","contentUrl":"https:\/\/www.autojm.fr\/blog\/wp-content\/uploads\/2022\/10\/220.jpg","width":519,"height":252},{"@type":"BreadcrumbList","@id":"https:\/\/www.autojm.fr\/blog\/a-decouvrir-clio-4-estate\/#breadcrumb","itemListElement":[{"@type":"ListItem","position":1,"name":"Accueil","item":"https:\/\/www.autojm.fr\/blog\/"},{"@type":"ListItem","position":2,"name":"Nouveaut\u00e9s Autos","item":"https:\/\/www.autojm.fr\/blog\/nouveautes-autos\/"},{"@type":"ListItem","position":3,"name":"\u00c0 d\u00e9couvrir Clio 4 Estate"}]},{"@type":"WebSite","@id":"https:\/\/www.autojm.fr\/blog\/#website","url":"https:\/\/www.autojm.fr\/blog\/","name":"AutoJM Mag","description":"Toute l&#039;actu auto en 1 clic !","publisher":{"@id":"https:\/\/www.autojm.fr\/blog\/#organization"},"potentialAction":[{"@type":"SearchAction","target":{"@type":"EntryPoint","urlTemplate":"https:\/\/www.autojm.fr\/blog\/?s={search_term_string}"},"query-input":{"@type":"PropertyValueSpecification","valueRequired":true,"valueName":"search_term_string"}}],"inLanguage":"fr-FR"},{"@type":"Organization","@id":"https:\/\/www.autojm.fr\/blog\/#organization","name":"AutoJM Mag","url":"https:\/\/www.autojm.fr\/blog\/","logo":{"@type":"ImageObject","inLanguage":"fr-FR","@id":"https:\/\/www.autojm.fr\/blog\/#\/schema\/logo\/image\/","url":"https:\/\/www.autojm.fr\/blog\/wp-content\/uploads\/2022\/12\/cropped-AutoJMag-png.png","contentUrl":"https:\/\/www.autojm.fr\/blog\/wp-content\/uploads\/2022\/12\/cropped-AutoJMag-png.png","width":2834,"height":585,"caption":"AutoJM Mag"},"image":{"@id":"https:\/\/www.autojm.fr\/blog\/#\/schema\/logo\/image\/"},"sameAs":["https:\/\/www.facebook.com\/AutoJM25"]},{"@type":"Person","@id":"https:\/\/www.autojm.fr\/blog\/#\/schema\/person\/9742bc77541853e0de81fc57f947e1a0","name":"Autojm","image":{"@type":"ImageObject","inLanguage":"fr-FR","@id":"https:\/\/secure.gravatar.com\/avatar\/9a959d52b758fcc232fe4b6aca7bab139182573297122cce7d6f2ee0e537b418?s=96&d=mm&r=g","url":"https:\/\/secure.gravatar.com\/avatar\/9a959d52b758fcc232fe4b6aca7bab139182573297122cce7d6f2ee0e537b418?s=96&d=mm&r=g","contentUrl":"https:\/\/secure.gravatar.com\/avatar\/9a959d52b758fcc232fe4b6aca7bab139182573297122cce7d6f2ee0e537b418?s=96&d=mm&r=g","caption":"Autojm"},"sameAs":["https:\/\/www.autojm.fr\/blog"],"url":"https:\/\/www.autojm.fr\/blog\/author\/bichoi\/"}]}},"_links":{"self":[{"href":"https:\/\/www.autojm.fr\/blog\/wp-json\/wp\/v2\/posts\/3506","targetHints":{"allow":["GET"]}}],"collection":[{"href":"https:\/\/www.autojm.fr\/blog\/wp-json\/wp\/v2\/posts"}],"about":[{"href":"https:\/\/www.autojm.fr\/blog\/wp-json\/wp\/v2\/types\/post"}],"author":[{"embeddable":true,"href":"https:\/\/www.autojm.fr\/blog\/wp-json\/wp\/v2\/users\/1"}],"replies":[{"embeddable":true,"href":"https:\/\/www.autojm.fr\/blog\/wp-json\/wp\/v2\/comments?post=3506"}],"version-history":[{"count":4,"href":"https:\/\/www.autojm.fr\/blog\/wp-json\/wp\/v2\/posts\/3506\/revisions"}],"predecessor-version":[{"id":9623,"href":"https:\/\/www.autojm.fr\/blog\/wp-json\/wp\/v2\/posts\/3506\/revisions\/9623"}],"wp:featuredmedia":[{"embeddable":true,"href":"https:\/\/www.autojm.fr\/blog\/wp-json\/wp\/v2\/media\/5577"}],"wp:attachment":[{"href":"https:\/\/www.autojm.fr\/blog\/wp-json\/wp\/v2\/media?parent=3506"}],"wp:term":[{"taxonomy":"category","embeddable":true,"href":"https:\/\/www.autojm.fr\/blog\/wp-json\/wp\/v2\/categories?post=3506"},{"taxonomy":"post_tag","embeddable":true,"href":"https:\/\/www.autojm.fr\/blog\/wp-json\/wp\/v2\/tags?post=3506"}],"curies":[{"name":"wp","href":"https:\/\/api.w.org\/{rel}","templated":true}]}}