{"id":3499,"date":"2012-11-29T15:12:57","date_gmt":"2012-11-29T15:12:57","guid":{"rendered":"https:\/\/www.autojm.fr\/blog\/peugeot-3008-restyle-prochainement\/"},"modified":"2023-04-19T14:27:04","modified_gmt":"2023-04-19T14:27:04","slug":"peugeot-3008-restyle-prochainement","status":"publish","type":"post","link":"https:\/\/www.autojm.fr\/blog\/peugeot-3008-restyle-prochainement\/","title":{"rendered":"Peugeot 3008 restyl\u00e9 prochainement"},"content":{"rendered":"<p><a href=\"https:\/\/www.autojm.fr\/mandataire-voitures-neuves-peugeot\">Peugeot 3008 restyl\u00e9e<\/a> arrive tr\u00e8s prochainement en France. Nous l&rsquo;avons annonc\u00e9 il y a peu de temps, la Peugeot 3008 sera bien restyl\u00e9e tr\u00e8s prochainement.<\/p>\n<p>La refonte du<a href=\"https:\/\/www.autojm.fr\/mandataire-voitures-neuves-peugeot\"> Peugeot 3008 <\/a>est dans un premier temps commercialis\u00e9 en Chine sous cet aspect et sera pr\u00e9sent\u00e9 au public Europ\u00e9en au prochain salon de Francfort en septembre 2013.<\/p>\n<p>Selon les photos qui circulent sur le net, cette version \u00ab\u00a0chinoise\u00a0\u00bb affiche une face avant tr\u00e8s largement remani\u00e9e. Moins de plastiques, plus de chromes, elle int\u00e8gre surtout une toute nouvelle et large calandre.<\/p>\n<p>\u00c0 souligner aussi le bosselage du capot mettant en valeur le Lion, l&rsquo;apparition de feux de jour \u00e0 LED sous les projecteurs ou encore de nouvelles optiques arri\u00e8re en cristal translucide. Enfin, si le profil ne change que peu, la vitre de custode arri\u00e8re est invers\u00e9e.<\/p>\n","protected":false},"excerpt":{"rendered":"<p>Peugeot 3008 restyl\u00e9e arrive tr\u00e8s prochainement en France. Nous l&rsquo;avons annonc\u00e9 il y a peu de temps, la Peugeot 3008 sera bien restyl\u00e9e tr\u00e8s prochainement.<\/p>\n","protected":false},"author":1,"featured_media":5572,"comment_status":"open","ping_status":"open","sticky":false,"template":"","format":"standard","meta":{"_acf_changed":false,"content-type":"","footnotes":""},"categories":[235],"tags":[90,73,159],"class_list":["post-3499","post","type-post","status-publish","format-standard","has-post-thumbnail","hentry","category-nouveaute-peugeot","tag-autojm","tag-peugeot","tag-peugeot-3008"],"acf":[],"yoast_head":"<!-- This site is optimized with the Yoast SEO plugin v27.5 - https:\/\/yoast.com\/product\/yoast-seo-wordpress\/ -->\n<title>Peugeot 3008 restyl\u00e9 prochainement - AutoJM Mag<\/title>\n<meta name=\"description\" content=\"Peugeot 3008 restyl\u00e9e arrive tr\u00e8s prochainement en France. Nous l&#039;avons annonc\u00e9 il y a peu de temps, la Peugeot 3008 sera...\" \/>\n<meta name=\"robots\" content=\"index, follow, max-snippet:-1, max-image-preview:large, max-video-preview:-1\" \/>\n<link rel=\"canonical\" href=\"https:\/\/www.autojm.fr\/blog\/peugeot-3008-restyle-prochainement\/\" \/>\n<meta property=\"og:locale\" content=\"fr_FR\" \/>\n<meta property=\"og:type\" content=\"article\" \/>\n<meta property=\"og:title\" content=\"Peugeot 3008 restyl\u00e9 prochainement - AutoJM Mag\" \/>\n<meta property=\"og:description\" content=\"Peugeot 3008 restyl\u00e9e arrive tr\u00e8s prochainement en France. Nous l&#039;avons annonc\u00e9 il y a peu de temps, la Peugeot 3008 sera...\" \/>\n<meta property=\"og:url\" content=\"https:\/\/www.autojm.fr\/blog\/peugeot-3008-restyle-prochainement\/\" \/>\n<meta property=\"og:site_name\" content=\"AutoJM Mag\" \/>\n<meta property=\"article:publisher\" content=\"https:\/\/www.facebook.com\/AutoJM25\" \/>\n<meta property=\"article:published_time\" content=\"2012-11-29T15:12:57+00:00\" \/>\n<meta property=\"article:modified_time\" content=\"2023-04-19T14:27:04+00:00\" \/>\n<meta property=\"og:image\" content=\"https:\/\/www.autojm.fr\/blog\/wp-content\/uploads\/2022\/10\/213.jpg\" \/>\n\t<meta property=\"og:image:width\" content=\"652\" \/>\n\t<meta property=\"og:image:height\" content=\"462\" \/>\n\t<meta property=\"og:image:type\" content=\"image\/jpeg\" \/>\n<meta name=\"author\" content=\"Autojm\" \/>\n<meta name=\"twitter:card\" content=\"summary_large_image\" \/>\n<meta name=\"twitter:label1\" content=\"\u00c9crit par\" \/>\n\t<meta name=\"twitter:data1\" content=\"Autojm\" \/>\n\t<meta name=\"twitter:label2\" content=\"Dur\u00e9e de lecture estim\u00e9e\" \/>\n\t<meta name=\"twitter:data2\" content=\"2 minutes\" \/>\n<script type=\"application\/ld+json\" class=\"yoast-schema-graph\">{\"@context\":\"https:\\\/\\\/schema.org\",\"@graph\":[{\"@type\":\"Article\",\"@id\":\"https:\\\/\\\/www.autojm.fr\\\/blog\\\/peugeot-3008-restyle-prochainement\\\/#article\",\"isPartOf\":{\"@id\":\"https:\\\/\\\/www.autojm.fr\\\/blog\\\/peugeot-3008-restyle-prochainement\\\/\"},\"author\":{\"name\":\"Autojm\",\"@id\":\"https:\\\/\\\/www.autojm.fr\\\/blog\\\/#\\\/schema\\\/person\\\/9742bc77541853e0de81fc57f947e1a0\"},\"headline\":\"Peugeot 3008 restyl\u00e9 prochainement\",\"datePublished\":\"2012-11-29T15:12:57+00:00\",\"dateModified\":\"2023-04-19T14:27:04+00:00\",\"mainEntityOfPage\":{\"@id\":\"https:\\\/\\\/www.autojm.fr\\\/blog\\\/peugeot-3008-restyle-prochainement\\\/\"},\"wordCount\":143,\"commentCount\":0,\"publisher\":{\"@id\":\"https:\\\/\\\/www.autojm.fr\\\/blog\\\/#organization\"},\"image\":{\"@id\":\"https:\\\/\\\/www.autojm.fr\\\/blog\\\/peugeot-3008-restyle-prochainement\\\/#primaryimage\"},\"thumbnailUrl\":\"https:\\\/\\\/www.autojm.fr\\\/blog\\\/wp-content\\\/uploads\\\/2022\\\/10\\\/213.jpg\",\"keywords\":[\"autojm\",\"peugeot\",\"Peugeot 3008\"],\"articleSection\":[\"Nouveaut\u00e9 Peugeot\"],\"inLanguage\":\"fr-FR\",\"potentialAction\":[{\"@type\":\"CommentAction\",\"name\":\"Comment\",\"target\":[\"https:\\\/\\\/www.autojm.fr\\\/blog\\\/peugeot-3008-restyle-prochainement\\\/#respond\"]}]},{\"@type\":\"WebPage\",\"@id\":\"https:\\\/\\\/www.autojm.fr\\\/blog\\\/peugeot-3008-restyle-prochainement\\\/\",\"url\":\"https:\\\/\\\/www.autojm.fr\\\/blog\\\/peugeot-3008-restyle-prochainement\\\/\",\"name\":\"Peugeot 3008 restyl\u00e9 prochainement - AutoJM Mag\",\"isPartOf\":{\"@id\":\"https:\\\/\\\/www.autojm.fr\\\/blog\\\/#website\"},\"primaryImageOfPage\":{\"@id\":\"https:\\\/\\\/www.autojm.fr\\\/blog\\\/peugeot-3008-restyle-prochainement\\\/#primaryimage\"},\"image\":{\"@id\":\"https:\\\/\\\/www.autojm.fr\\\/blog\\\/peugeot-3008-restyle-prochainement\\\/#primaryimage\"},\"thumbnailUrl\":\"https:\\\/\\\/www.autojm.fr\\\/blog\\\/wp-content\\\/uploads\\\/2022\\\/10\\\/213.jpg\",\"datePublished\":\"2012-11-29T15:12:57+00:00\",\"dateModified\":\"2023-04-19T14:27:04+00:00\",\"description\":\"Peugeot 3008 restyl\u00e9e arrive tr\u00e8s prochainement en France. Nous l'avons annonc\u00e9 il y a peu de temps, la Peugeot 3008 sera...\",\"breadcrumb\":{\"@id\":\"https:\\\/\\\/www.autojm.fr\\\/blog\\\/peugeot-3008-restyle-prochainement\\\/#breadcrumb\"},\"inLanguage\":\"fr-FR\",\"potentialAction\":[{\"@type\":\"ReadAction\",\"target\":[\"https:\\\/\\\/www.autojm.fr\\\/blog\\\/peugeot-3008-restyle-prochainement\\\/\"]}]},{\"@type\":\"ImageObject\",\"inLanguage\":\"fr-FR\",\"@id\":\"https:\\\/\\\/www.autojm.fr\\\/blog\\\/peugeot-3008-restyle-prochainement\\\/#primaryimage\",\"url\":\"https:\\\/\\\/www.autojm.fr\\\/blog\\\/wp-content\\\/uploads\\\/2022\\\/10\\\/213.jpg\",\"contentUrl\":\"https:\\\/\\\/www.autojm.fr\\\/blog\\\/wp-content\\\/uploads\\\/2022\\\/10\\\/213.jpg\",\"width\":652,\"height\":462,\"caption\":\"Peugeot 3008\"},{\"@type\":\"BreadcrumbList\",\"@id\":\"https:\\\/\\\/www.autojm.fr\\\/blog\\\/peugeot-3008-restyle-prochainement\\\/#breadcrumb\",\"itemListElement\":[{\"@type\":\"ListItem\",\"position\":1,\"name\":\"Accueil\",\"item\":\"https:\\\/\\\/www.autojm.fr\\\/blog\\\/\"},{\"@type\":\"ListItem\",\"position\":2,\"name\":\"Nouveaut\u00e9s Autos\",\"item\":\"https:\\\/\\\/www.autojm.fr\\\/blog\\\/nouveautes-autos\\\/\"},{\"@type\":\"ListItem\",\"position\":3,\"name\":\"Nouveaut\u00e9 Peugeot\",\"item\":\"https:\\\/\\\/www.autojm.fr\\\/blog\\\/nouveautes-autos\\\/nouveaute-peugeot\\\/\"},{\"@type\":\"ListItem\",\"position\":4,\"name\":\"Peugeot 3008 restyl\u00e9 prochainement\"}]},{\"@type\":\"WebSite\",\"@id\":\"https:\\\/\\\/www.autojm.fr\\\/blog\\\/#website\",\"url\":\"https:\\\/\\\/www.autojm.fr\\\/blog\\\/\",\"name\":\"AutoJM Mag\",\"description\":\"Toute l&#039;actu auto en 1 clic !\",\"publisher\":{\"@id\":\"https:\\\/\\\/www.autojm.fr\\\/blog\\\/#organization\"},\"potentialAction\":[{\"@type\":\"SearchAction\",\"target\":{\"@type\":\"EntryPoint\",\"urlTemplate\":\"https:\\\/\\\/www.autojm.fr\\\/blog\\\/?s={search_term_string}\"},\"query-input\":{\"@type\":\"PropertyValueSpecification\",\"valueRequired\":true,\"valueName\":\"search_term_string\"}}],\"inLanguage\":\"fr-FR\"},{\"@type\":\"Organization\",\"@id\":\"https:\\\/\\\/www.autojm.fr\\\/blog\\\/#organization\",\"name\":\"AutoJM Mag\",\"url\":\"https:\\\/\\\/www.autojm.fr\\\/blog\\\/\",\"logo\":{\"@type\":\"ImageObject\",\"inLanguage\":\"fr-FR\",\"@id\":\"https:\\\/\\\/www.autojm.fr\\\/blog\\\/#\\\/schema\\\/logo\\\/image\\\/\",\"url\":\"https:\\\/\\\/www.autojm.fr\\\/blog\\\/wp-content\\\/uploads\\\/2022\\\/12\\\/cropped-AutoJMag-png.png\",\"contentUrl\":\"https:\\\/\\\/www.autojm.fr\\\/blog\\\/wp-content\\\/uploads\\\/2022\\\/12\\\/cropped-AutoJMag-png.png\",\"width\":2834,\"height\":585,\"caption\":\"AutoJM Mag\"},\"image\":{\"@id\":\"https:\\\/\\\/www.autojm.fr\\\/blog\\\/#\\\/schema\\\/logo\\\/image\\\/\"},\"sameAs\":[\"https:\\\/\\\/www.facebook.com\\\/AutoJM25\"]},{\"@type\":\"Person\",\"@id\":\"https:\\\/\\\/www.autojm.fr\\\/blog\\\/#\\\/schema\\\/person\\\/9742bc77541853e0de81fc57f947e1a0\",\"name\":\"Autojm\",\"image\":{\"@type\":\"ImageObject\",\"inLanguage\":\"fr-FR\",\"@id\":\"https:\\\/\\\/secure.gravatar.com\\\/avatar\\\/9a959d52b758fcc232fe4b6aca7bab139182573297122cce7d6f2ee0e537b418?s=96&d=mm&r=g\",\"url\":\"https:\\\/\\\/secure.gravatar.com\\\/avatar\\\/9a959d52b758fcc232fe4b6aca7bab139182573297122cce7d6f2ee0e537b418?s=96&d=mm&r=g\",\"contentUrl\":\"https:\\\/\\\/secure.gravatar.com\\\/avatar\\\/9a959d52b758fcc232fe4b6aca7bab139182573297122cce7d6f2ee0e537b418?s=96&d=mm&r=g\",\"caption\":\"Autojm\"},\"sameAs\":[\"https:\\\/\\\/www.autojm.fr\\\/blog\"],\"url\":\"https:\\\/\\\/www.autojm.fr\\\/blog\\\/author\\\/bichoi\\\/\"}]}<\/script>\n<!-- \/ Yoast SEO plugin. -->","yoast_head_json":{"title":"Peugeot 3008 restyl\u00e9 prochainement - AutoJM Mag","description":"Peugeot 3008 restyl\u00e9e arrive tr\u00e8s prochainement en France. Nous l'avons annonc\u00e9 il y a peu de temps, la Peugeot 3008 sera...","robots":{"index":"index","follow":"follow","max-snippet":"max-snippet:-1","max-image-preview":"max-image-preview:large","max-video-preview":"max-video-preview:-1"},"canonical":"https:\/\/www.autojm.fr\/blog\/peugeot-3008-restyle-prochainement\/","og_locale":"fr_FR","og_type":"article","og_title":"Peugeot 3008 restyl\u00e9 prochainement - AutoJM Mag","og_description":"Peugeot 3008 restyl\u00e9e arrive tr\u00e8s prochainement en France. Nous l'avons annonc\u00e9 il y a peu de temps, la Peugeot 3008 sera...","og_url":"https:\/\/www.autojm.fr\/blog\/peugeot-3008-restyle-prochainement\/","og_site_name":"AutoJM Mag","article_publisher":"https:\/\/www.facebook.com\/AutoJM25","article_published_time":"2012-11-29T15:12:57+00:00","article_modified_time":"2023-04-19T14:27:04+00:00","og_image":[{"width":652,"height":462,"url":"https:\/\/www.autojm.fr\/blog\/wp-content\/uploads\/2022\/10\/213.jpg","type":"image\/jpeg"}],"author":"Autojm","twitter_card":"summary_large_image","twitter_misc":{"\u00c9crit par":"Autojm","Dur\u00e9e de lecture estim\u00e9e":"2 minutes"},"schema":{"@context":"https:\/\/schema.org","@graph":[{"@type":"Article","@id":"https:\/\/www.autojm.fr\/blog\/peugeot-3008-restyle-prochainement\/#article","isPartOf":{"@id":"https:\/\/www.autojm.fr\/blog\/peugeot-3008-restyle-prochainement\/"},"author":{"name":"Autojm","@id":"https:\/\/www.autojm.fr\/blog\/#\/schema\/person\/9742bc77541853e0de81fc57f947e1a0"},"headline":"Peugeot 3008 restyl\u00e9 prochainement","datePublished":"2012-11-29T15:12:57+00:00","dateModified":"2023-04-19T14:27:04+00:00","mainEntityOfPage":{"@id":"https:\/\/www.autojm.fr\/blog\/peugeot-3008-restyle-prochainement\/"},"wordCount":143,"commentCount":0,"publisher":{"@id":"https:\/\/www.autojm.fr\/blog\/#organization"},"image":{"@id":"https:\/\/www.autojm.fr\/blog\/peugeot-3008-restyle-prochainement\/#primaryimage"},"thumbnailUrl":"https:\/\/www.autojm.fr\/blog\/wp-content\/uploads\/2022\/10\/213.jpg","keywords":["autojm","peugeot","Peugeot 3008"],"articleSection":["Nouveaut\u00e9 Peugeot"],"inLanguage":"fr-FR","potentialAction":[{"@type":"CommentAction","name":"Comment","target":["https:\/\/www.autojm.fr\/blog\/peugeot-3008-restyle-prochainement\/#respond"]}]},{"@type":"WebPage","@id":"https:\/\/www.autojm.fr\/blog\/peugeot-3008-restyle-prochainement\/","url":"https:\/\/www.autojm.fr\/blog\/peugeot-3008-restyle-prochainement\/","name":"Peugeot 3008 restyl\u00e9 prochainement - AutoJM Mag","isPartOf":{"@id":"https:\/\/www.autojm.fr\/blog\/#website"},"primaryImageOfPage":{"@id":"https:\/\/www.autojm.fr\/blog\/peugeot-3008-restyle-prochainement\/#primaryimage"},"image":{"@id":"https:\/\/www.autojm.fr\/blog\/peugeot-3008-restyle-prochainement\/#primaryimage"},"thumbnailUrl":"https:\/\/www.autojm.fr\/blog\/wp-content\/uploads\/2022\/10\/213.jpg","datePublished":"2012-11-29T15:12:57+00:00","dateModified":"2023-04-19T14:27:04+00:00","description":"Peugeot 3008 restyl\u00e9e arrive tr\u00e8s prochainement en France. Nous l'avons annonc\u00e9 il y a peu de temps, la Peugeot 3008 sera...","breadcrumb":{"@id":"https:\/\/www.autojm.fr\/blog\/peugeot-3008-restyle-prochainement\/#breadcrumb"},"inLanguage":"fr-FR","potentialAction":[{"@type":"ReadAction","target":["https:\/\/www.autojm.fr\/blog\/peugeot-3008-restyle-prochainement\/"]}]},{"@type":"ImageObject","inLanguage":"fr-FR","@id":"https:\/\/www.autojm.fr\/blog\/peugeot-3008-restyle-prochainement\/#primaryimage","url":"https:\/\/www.autojm.fr\/blog\/wp-content\/uploads\/2022\/10\/213.jpg","contentUrl":"https:\/\/www.autojm.fr\/blog\/wp-content\/uploads\/2022\/10\/213.jpg","width":652,"height":462,"caption":"Peugeot 3008"},{"@type":"BreadcrumbList","@id":"https:\/\/www.autojm.fr\/blog\/peugeot-3008-restyle-prochainement\/#breadcrumb","itemListElement":[{"@type":"ListItem","position":1,"name":"Accueil","item":"https:\/\/www.autojm.fr\/blog\/"},{"@type":"ListItem","position":2,"name":"Nouveaut\u00e9s Autos","item":"https:\/\/www.autojm.fr\/blog\/nouveautes-autos\/"},{"@type":"ListItem","position":3,"name":"Nouveaut\u00e9 Peugeot","item":"https:\/\/www.autojm.fr\/blog\/nouveautes-autos\/nouveaute-peugeot\/"},{"@type":"ListItem","position":4,"name":"Peugeot 3008 restyl\u00e9 prochainement"}]},{"@type":"WebSite","@id":"https:\/\/www.autojm.fr\/blog\/#website","url":"https:\/\/www.autojm.fr\/blog\/","name":"AutoJM Mag","description":"Toute l&#039;actu auto en 1 clic !","publisher":{"@id":"https:\/\/www.autojm.fr\/blog\/#organization"},"potentialAction":[{"@type":"SearchAction","target":{"@type":"EntryPoint","urlTemplate":"https:\/\/www.autojm.fr\/blog\/?s={search_term_string}"},"query-input":{"@type":"PropertyValueSpecification","valueRequired":true,"valueName":"search_term_string"}}],"inLanguage":"fr-FR"},{"@type":"Organization","@id":"https:\/\/www.autojm.fr\/blog\/#organization","name":"AutoJM Mag","url":"https:\/\/www.autojm.fr\/blog\/","logo":{"@type":"ImageObject","inLanguage":"fr-FR","@id":"https:\/\/www.autojm.fr\/blog\/#\/schema\/logo\/image\/","url":"https:\/\/www.autojm.fr\/blog\/wp-content\/uploads\/2022\/12\/cropped-AutoJMag-png.png","contentUrl":"https:\/\/www.autojm.fr\/blog\/wp-content\/uploads\/2022\/12\/cropped-AutoJMag-png.png","width":2834,"height":585,"caption":"AutoJM Mag"},"image":{"@id":"https:\/\/www.autojm.fr\/blog\/#\/schema\/logo\/image\/"},"sameAs":["https:\/\/www.facebook.com\/AutoJM25"]},{"@type":"Person","@id":"https:\/\/www.autojm.fr\/blog\/#\/schema\/person\/9742bc77541853e0de81fc57f947e1a0","name":"Autojm","image":{"@type":"ImageObject","inLanguage":"fr-FR","@id":"https:\/\/secure.gravatar.com\/avatar\/9a959d52b758fcc232fe4b6aca7bab139182573297122cce7d6f2ee0e537b418?s=96&d=mm&r=g","url":"https:\/\/secure.gravatar.com\/avatar\/9a959d52b758fcc232fe4b6aca7bab139182573297122cce7d6f2ee0e537b418?s=96&d=mm&r=g","contentUrl":"https:\/\/secure.gravatar.com\/avatar\/9a959d52b758fcc232fe4b6aca7bab139182573297122cce7d6f2ee0e537b418?s=96&d=mm&r=g","caption":"Autojm"},"sameAs":["https:\/\/www.autojm.fr\/blog"],"url":"https:\/\/www.autojm.fr\/blog\/author\/bichoi\/"}]}},"_links":{"self":[{"href":"https:\/\/www.autojm.fr\/blog\/wp-json\/wp\/v2\/posts\/3499","targetHints":{"allow":["GET"]}}],"collection":[{"href":"https:\/\/www.autojm.fr\/blog\/wp-json\/wp\/v2\/posts"}],"about":[{"href":"https:\/\/www.autojm.fr\/blog\/wp-json\/wp\/v2\/types\/post"}],"author":[{"embeddable":true,"href":"https:\/\/www.autojm.fr\/blog\/wp-json\/wp\/v2\/users\/1"}],"replies":[{"embeddable":true,"href":"https:\/\/www.autojm.fr\/blog\/wp-json\/wp\/v2\/comments?post=3499"}],"version-history":[{"count":4,"href":"https:\/\/www.autojm.fr\/blog\/wp-json\/wp\/v2\/posts\/3499\/revisions"}],"predecessor-version":[{"id":9629,"href":"https:\/\/www.autojm.fr\/blog\/wp-json\/wp\/v2\/posts\/3499\/revisions\/9629"}],"wp:featuredmedia":[{"embeddable":true,"href":"https:\/\/www.autojm.fr\/blog\/wp-json\/wp\/v2\/media\/5572"}],"wp:attachment":[{"href":"https:\/\/www.autojm.fr\/blog\/wp-json\/wp\/v2\/media?parent=3499"}],"wp:term":[{"taxonomy":"category","embeddable":true,"href":"https:\/\/www.autojm.fr\/blog\/wp-json\/wp\/v2\/categories?post=3499"},{"taxonomy":"post_tag","embeddable":true,"href":"https:\/\/www.autojm.fr\/blog\/wp-json\/wp\/v2\/tags?post=3499"}],"curies":[{"name":"wp","href":"https:\/\/api.w.org\/{rel}","templated":true}]}}