{"id":3494,"date":"2012-11-14T11:02:04","date_gmt":"2012-11-14T11:02:04","guid":{"rendered":"https:\/\/www.autojm.fr\/blog\/preparer-sa-voiture-pour-lhiver\/"},"modified":"2022-12-08T16:18:17","modified_gmt":"2022-12-08T16:18:17","slug":"preparer-sa-voiture-pour-lhiver","status":"publish","type":"post","link":"https:\/\/www.autojm.fr\/blog\/preparer-sa-voiture-pour-lhiver\/","title":{"rendered":"Pr\u00e9parer sa voiture pour l&rsquo;hiver"},"content":{"rendered":"<h2><span style=\"font-family: Arial, Helvetica, sans-serif; color: #d3145a; font-size: 12px;\">L&rsquo;hiver s&rsquo;installe doucement et il est l&rsquo;heure de contr\u00f4ler votre v\u00e9hicule pour un hiver en toute s\u00e9curit\u00e9<\/span><\/h2>\n<p>\u00c0 l&rsquo;approche de l&rsquo;hiver, il est important de faire un check up de votre <a href=\"http:\/\/www.autojm.fr\">v\u00e9hicule <\/a>afin d&rsquo;\u00e9viter un accident. La n\u00e9gligence des conducteurs vis \u00e0 vis de l&rsquo;entretien de leur v\u00e9hicule est la cause num\u00e9ro 1 des accidents de la route. Pourtant celui-ci peut \u00eatre fait en quelques minutes seulement.<\/p>\n<p><strong>Que faut il faire contr\u00f4ler ?<\/strong><\/p>\n<p>il est important de faire contr\u00f4ler les points suivants :<\/p>\n<p>&#8211; Ampoules \/ lumi\u00e8res pour une meilleure visibilit\u00e9 en temps de brouillard par exemple.<\/p>\n<p>&#8211; La batterie \/ le d\u00e9marreur, si vous peiner pour d\u00e9marrer le matin, il faut en connaitre l&rsquo;origine.<\/p>\n<p>&#8211; Les pneus : En dessous de 7 degr\u00e9s il est temps de passer aux pneus hiver, pour une meilleure adh\u00e9rence \u00e0 la route.il faut \u00e9galement faire contr\u00f4ler la pression de vos pneus.<\/p>\n<p>&#8211; Le syst\u00e8me de refroidissement du moteur doit \u00eatre maintenu dans un \u00e9tat de fonctionnement optimal. Le refroidissement du moteur est plus qu&rsquo;essentiel car le froid g\u00e8le le liquide de refroidissement si bien que la vitesse de circulation de l&rsquo;autre est ralentie.<\/p>\n<p>&#8211; La vidange du r\u00e9servoir d&rsquo;huile du carter au moyen d&rsquo;un graissage sous pression est \u00e0 r\u00e9aliser.<br \/>\nPensez \u00e9galement \u00e0 faire v\u00e9rifier la pompe \u00e0 essence et le filtre \u00e0 air.<\/p>\n<p>De plus, prenez bien le soin d&rsquo;essuyer et de d\u00e9gager le pare-brise avec un antigel pr\u00e9vu \u00e0 cet effet. La propret\u00e9 du pare-brise conditionne une bonne visibilit\u00e9 \u00e0 une lointaine distance.<\/p>\n<p>N&rsquo;attendez plus et rendez vous dans un <a href=\"http:\/\/www.garagejm.fr\/\">garage automobile<\/a> rapidement.<\/p>\n","protected":false},"excerpt":{"rendered":"<p>\u00c0 l&rsquo;approche de l&rsquo;hiver, il est important de faire un check up de votre v\u00e9hicule afin d&rsquo;\u00e9viter un accident. La n\u00e9gligence des conducteurs vis \u00e0 vis de l&rsquo;entretien de leur v\u00e9hicule est la cause num\u00e9ro 1 des accidents de la route. Pourtant celui-ci peut \u00eatre fait en quelques minutes seulement.<\/p>\n","protected":false},"author":1,"featured_media":5567,"comment_status":"open","ping_status":"open","sticky":false,"template":"","format":"standard","meta":{"_acf_changed":false,"content-type":"","footnotes":""},"categories":[22],"tags":[90,85,74,105,110,109,106,108,107,73,78,169,96],"class_list":["post-3494","post","type-post","status-publish","format-standard","has-post-thumbnail","hentry","category-conseils-astuces","tag-autojm","tag-citroen-2","tag-dacia","tag-ds","tag-fiat","tag-ford","tag-kia","tag-nissan","tag-opel","tag-peugeot","tag-renault","tag-toyota","tag-volkswagen"],"acf":[],"yoast_head":"<!-- This site is optimized with the Yoast SEO plugin v27.5 - https:\/\/yoast.com\/product\/yoast-seo-wordpress\/ -->\n<title>Pr\u00e9parer sa voiture pour l&#039;hiver - AutoJM Mag<\/title>\n<meta name=\"description\" content=\"\u00c0 l&#039;approche de l&#039;hiver, il est important de faire un check up de votre v\u00e9hicule afin d&#039;\u00e9viter un accident. La n\u00e9gligence des conducteurs...\" \/>\n<meta name=\"robots\" content=\"index, follow, max-snippet:-1, max-image-preview:large, max-video-preview:-1\" \/>\n<link rel=\"canonical\" href=\"https:\/\/www.autojm.fr\/blog\/preparer-sa-voiture-pour-lhiver\/\" \/>\n<meta property=\"og:locale\" content=\"fr_FR\" \/>\n<meta property=\"og:type\" content=\"article\" \/>\n<meta property=\"og:title\" content=\"Pr\u00e9parer sa voiture pour l&#039;hiver - AutoJM Mag\" \/>\n<meta property=\"og:description\" content=\"\u00c0 l&#039;approche de l&#039;hiver, il est important de faire un check up de votre v\u00e9hicule afin d&#039;\u00e9viter un accident. La n\u00e9gligence des conducteurs...\" \/>\n<meta property=\"og:url\" content=\"https:\/\/www.autojm.fr\/blog\/preparer-sa-voiture-pour-lhiver\/\" \/>\n<meta property=\"og:site_name\" content=\"AutoJM Mag\" \/>\n<meta property=\"article:publisher\" content=\"https:\/\/www.facebook.com\/AutoJM25\" \/>\n<meta property=\"article:published_time\" content=\"2012-11-14T11:02:04+00:00\" \/>\n<meta property=\"article:modified_time\" content=\"2022-12-08T16:18:17+00:00\" \/>\n<meta property=\"og:image\" content=\"https:\/\/www.autojm.fr\/blog\/wp-content\/uploads\/2022\/10\/208.jpg\" \/>\n\t<meta property=\"og:image:width\" content=\"275\" \/>\n\t<meta property=\"og:image:height\" content=\"183\" \/>\n\t<meta property=\"og:image:type\" content=\"image\/jpeg\" \/>\n<meta name=\"author\" content=\"Autojm\" \/>\n<meta name=\"twitter:card\" content=\"summary_large_image\" \/>\n<meta name=\"twitter:label1\" content=\"\u00c9crit par\" \/>\n\t<meta name=\"twitter:data1\" content=\"Autojm\" \/>\n\t<meta name=\"twitter:label2\" content=\"Dur\u00e9e de lecture estim\u00e9e\" \/>\n\t<meta name=\"twitter:data2\" content=\"2 minutes\" \/>\n<script type=\"application\/ld+json\" class=\"yoast-schema-graph\">{\"@context\":\"https:\\\/\\\/schema.org\",\"@graph\":[{\"@type\":\"Article\",\"@id\":\"https:\\\/\\\/www.autojm.fr\\\/blog\\\/preparer-sa-voiture-pour-lhiver\\\/#article\",\"isPartOf\":{\"@id\":\"https:\\\/\\\/www.autojm.fr\\\/blog\\\/preparer-sa-voiture-pour-lhiver\\\/\"},\"author\":{\"name\":\"Autojm\",\"@id\":\"https:\\\/\\\/www.autojm.fr\\\/blog\\\/#\\\/schema\\\/person\\\/9742bc77541853e0de81fc57f947e1a0\"},\"headline\":\"Pr\u00e9parer sa voiture pour l&rsquo;hiver\",\"datePublished\":\"2012-11-14T11:02:04+00:00\",\"dateModified\":\"2022-12-08T16:18:17+00:00\",\"mainEntityOfPage\":{\"@id\":\"https:\\\/\\\/www.autojm.fr\\\/blog\\\/preparer-sa-voiture-pour-lhiver\\\/\"},\"wordCount\":276,\"commentCount\":0,\"publisher\":{\"@id\":\"https:\\\/\\\/www.autojm.fr\\\/blog\\\/#organization\"},\"image\":{\"@id\":\"https:\\\/\\\/www.autojm.fr\\\/blog\\\/preparer-sa-voiture-pour-lhiver\\\/#primaryimage\"},\"thumbnailUrl\":\"https:\\\/\\\/www.autojm.fr\\\/blog\\\/wp-content\\\/uploads\\\/2022\\\/10\\\/208.jpg\",\"keywords\":[\"autojm\",\"Citro\u00ebn\",\"dacia\",\"DS\",\"Fiat\",\"Ford\",\"Kia\",\"Nissan\",\"Opel\",\"peugeot\",\"renault\",\"Toyota\",\"Volkswagen\"],\"articleSection\":[\"Conseils &amp; Astuces\"],\"inLanguage\":\"fr-FR\",\"potentialAction\":[{\"@type\":\"CommentAction\",\"name\":\"Comment\",\"target\":[\"https:\\\/\\\/www.autojm.fr\\\/blog\\\/preparer-sa-voiture-pour-lhiver\\\/#respond\"]}]},{\"@type\":\"WebPage\",\"@id\":\"https:\\\/\\\/www.autojm.fr\\\/blog\\\/preparer-sa-voiture-pour-lhiver\\\/\",\"url\":\"https:\\\/\\\/www.autojm.fr\\\/blog\\\/preparer-sa-voiture-pour-lhiver\\\/\",\"name\":\"Pr\u00e9parer sa voiture pour l'hiver - AutoJM Mag\",\"isPartOf\":{\"@id\":\"https:\\\/\\\/www.autojm.fr\\\/blog\\\/#website\"},\"primaryImageOfPage\":{\"@id\":\"https:\\\/\\\/www.autojm.fr\\\/blog\\\/preparer-sa-voiture-pour-lhiver\\\/#primaryimage\"},\"image\":{\"@id\":\"https:\\\/\\\/www.autojm.fr\\\/blog\\\/preparer-sa-voiture-pour-lhiver\\\/#primaryimage\"},\"thumbnailUrl\":\"https:\\\/\\\/www.autojm.fr\\\/blog\\\/wp-content\\\/uploads\\\/2022\\\/10\\\/208.jpg\",\"datePublished\":\"2012-11-14T11:02:04+00:00\",\"dateModified\":\"2022-12-08T16:18:17+00:00\",\"description\":\"\u00c0 l'approche de l'hiver, il est important de faire un check up de votre v\u00e9hicule afin d'\u00e9viter un accident. La n\u00e9gligence des conducteurs...\",\"breadcrumb\":{\"@id\":\"https:\\\/\\\/www.autojm.fr\\\/blog\\\/preparer-sa-voiture-pour-lhiver\\\/#breadcrumb\"},\"inLanguage\":\"fr-FR\",\"potentialAction\":[{\"@type\":\"ReadAction\",\"target\":[\"https:\\\/\\\/www.autojm.fr\\\/blog\\\/preparer-sa-voiture-pour-lhiver\\\/\"]}]},{\"@type\":\"ImageObject\",\"inLanguage\":\"fr-FR\",\"@id\":\"https:\\\/\\\/www.autojm.fr\\\/blog\\\/preparer-sa-voiture-pour-lhiver\\\/#primaryimage\",\"url\":\"https:\\\/\\\/www.autojm.fr\\\/blog\\\/wp-content\\\/uploads\\\/2022\\\/10\\\/208.jpg\",\"contentUrl\":\"https:\\\/\\\/www.autojm.fr\\\/blog\\\/wp-content\\\/uploads\\\/2022\\\/10\\\/208.jpg\",\"width\":275,\"height\":183,\"caption\":\"Hiver\"},{\"@type\":\"BreadcrumbList\",\"@id\":\"https:\\\/\\\/www.autojm.fr\\\/blog\\\/preparer-sa-voiture-pour-lhiver\\\/#breadcrumb\",\"itemListElement\":[{\"@type\":\"ListItem\",\"position\":1,\"name\":\"Accueil\",\"item\":\"https:\\\/\\\/www.autojm.fr\\\/blog\\\/\"},{\"@type\":\"ListItem\",\"position\":2,\"name\":\"Conseils &amp; Astuces\",\"item\":\"https:\\\/\\\/www.autojm.fr\\\/blog\\\/conseils-astuces\\\/\"},{\"@type\":\"ListItem\",\"position\":3,\"name\":\"Pr\u00e9parer sa voiture pour l&rsquo;hiver\"}]},{\"@type\":\"WebSite\",\"@id\":\"https:\\\/\\\/www.autojm.fr\\\/blog\\\/#website\",\"url\":\"https:\\\/\\\/www.autojm.fr\\\/blog\\\/\",\"name\":\"AutoJM Mag\",\"description\":\"Toute l&#039;actu auto en 1 clic !\",\"publisher\":{\"@id\":\"https:\\\/\\\/www.autojm.fr\\\/blog\\\/#organization\"},\"potentialAction\":[{\"@type\":\"SearchAction\",\"target\":{\"@type\":\"EntryPoint\",\"urlTemplate\":\"https:\\\/\\\/www.autojm.fr\\\/blog\\\/?s={search_term_string}\"},\"query-input\":{\"@type\":\"PropertyValueSpecification\",\"valueRequired\":true,\"valueName\":\"search_term_string\"}}],\"inLanguage\":\"fr-FR\"},{\"@type\":\"Organization\",\"@id\":\"https:\\\/\\\/www.autojm.fr\\\/blog\\\/#organization\",\"name\":\"AutoJM Mag\",\"url\":\"https:\\\/\\\/www.autojm.fr\\\/blog\\\/\",\"logo\":{\"@type\":\"ImageObject\",\"inLanguage\":\"fr-FR\",\"@id\":\"https:\\\/\\\/www.autojm.fr\\\/blog\\\/#\\\/schema\\\/logo\\\/image\\\/\",\"url\":\"https:\\\/\\\/www.autojm.fr\\\/blog\\\/wp-content\\\/uploads\\\/2022\\\/12\\\/cropped-AutoJMag-png.png\",\"contentUrl\":\"https:\\\/\\\/www.autojm.fr\\\/blog\\\/wp-content\\\/uploads\\\/2022\\\/12\\\/cropped-AutoJMag-png.png\",\"width\":2834,\"height\":585,\"caption\":\"AutoJM Mag\"},\"image\":{\"@id\":\"https:\\\/\\\/www.autojm.fr\\\/blog\\\/#\\\/schema\\\/logo\\\/image\\\/\"},\"sameAs\":[\"https:\\\/\\\/www.facebook.com\\\/AutoJM25\"]},{\"@type\":\"Person\",\"@id\":\"https:\\\/\\\/www.autojm.fr\\\/blog\\\/#\\\/schema\\\/person\\\/9742bc77541853e0de81fc57f947e1a0\",\"name\":\"Autojm\",\"image\":{\"@type\":\"ImageObject\",\"inLanguage\":\"fr-FR\",\"@id\":\"https:\\\/\\\/secure.gravatar.com\\\/avatar\\\/9a959d52b758fcc232fe4b6aca7bab139182573297122cce7d6f2ee0e537b418?s=96&d=mm&r=g\",\"url\":\"https:\\\/\\\/secure.gravatar.com\\\/avatar\\\/9a959d52b758fcc232fe4b6aca7bab139182573297122cce7d6f2ee0e537b418?s=96&d=mm&r=g\",\"contentUrl\":\"https:\\\/\\\/secure.gravatar.com\\\/avatar\\\/9a959d52b758fcc232fe4b6aca7bab139182573297122cce7d6f2ee0e537b418?s=96&d=mm&r=g\",\"caption\":\"Autojm\"},\"sameAs\":[\"https:\\\/\\\/www.autojm.fr\\\/blog\"],\"url\":\"https:\\\/\\\/www.autojm.fr\\\/blog\\\/author\\\/bichoi\\\/\"}]}<\/script>\n<!-- \/ Yoast SEO plugin. -->","yoast_head_json":{"title":"Pr\u00e9parer sa voiture pour l'hiver - AutoJM Mag","description":"\u00c0 l'approche de l'hiver, il est important de faire un check up de votre v\u00e9hicule afin d'\u00e9viter un accident. La n\u00e9gligence des conducteurs...","robots":{"index":"index","follow":"follow","max-snippet":"max-snippet:-1","max-image-preview":"max-image-preview:large","max-video-preview":"max-video-preview:-1"},"canonical":"https:\/\/www.autojm.fr\/blog\/preparer-sa-voiture-pour-lhiver\/","og_locale":"fr_FR","og_type":"article","og_title":"Pr\u00e9parer sa voiture pour l'hiver - AutoJM Mag","og_description":"\u00c0 l'approche de l'hiver, il est important de faire un check up de votre v\u00e9hicule afin d'\u00e9viter un accident. La n\u00e9gligence des conducteurs...","og_url":"https:\/\/www.autojm.fr\/blog\/preparer-sa-voiture-pour-lhiver\/","og_site_name":"AutoJM Mag","article_publisher":"https:\/\/www.facebook.com\/AutoJM25","article_published_time":"2012-11-14T11:02:04+00:00","article_modified_time":"2022-12-08T16:18:17+00:00","og_image":[{"width":275,"height":183,"url":"https:\/\/www.autojm.fr\/blog\/wp-content\/uploads\/2022\/10\/208.jpg","type":"image\/jpeg"}],"author":"Autojm","twitter_card":"summary_large_image","twitter_misc":{"\u00c9crit par":"Autojm","Dur\u00e9e de lecture estim\u00e9e":"2 minutes"},"schema":{"@context":"https:\/\/schema.org","@graph":[{"@type":"Article","@id":"https:\/\/www.autojm.fr\/blog\/preparer-sa-voiture-pour-lhiver\/#article","isPartOf":{"@id":"https:\/\/www.autojm.fr\/blog\/preparer-sa-voiture-pour-lhiver\/"},"author":{"name":"Autojm","@id":"https:\/\/www.autojm.fr\/blog\/#\/schema\/person\/9742bc77541853e0de81fc57f947e1a0"},"headline":"Pr\u00e9parer sa voiture pour l&rsquo;hiver","datePublished":"2012-11-14T11:02:04+00:00","dateModified":"2022-12-08T16:18:17+00:00","mainEntityOfPage":{"@id":"https:\/\/www.autojm.fr\/blog\/preparer-sa-voiture-pour-lhiver\/"},"wordCount":276,"commentCount":0,"publisher":{"@id":"https:\/\/www.autojm.fr\/blog\/#organization"},"image":{"@id":"https:\/\/www.autojm.fr\/blog\/preparer-sa-voiture-pour-lhiver\/#primaryimage"},"thumbnailUrl":"https:\/\/www.autojm.fr\/blog\/wp-content\/uploads\/2022\/10\/208.jpg","keywords":["autojm","Citro\u00ebn","dacia","DS","Fiat","Ford","Kia","Nissan","Opel","peugeot","renault","Toyota","Volkswagen"],"articleSection":["Conseils &amp; Astuces"],"inLanguage":"fr-FR","potentialAction":[{"@type":"CommentAction","name":"Comment","target":["https:\/\/www.autojm.fr\/blog\/preparer-sa-voiture-pour-lhiver\/#respond"]}]},{"@type":"WebPage","@id":"https:\/\/www.autojm.fr\/blog\/preparer-sa-voiture-pour-lhiver\/","url":"https:\/\/www.autojm.fr\/blog\/preparer-sa-voiture-pour-lhiver\/","name":"Pr\u00e9parer sa voiture pour l'hiver - AutoJM Mag","isPartOf":{"@id":"https:\/\/www.autojm.fr\/blog\/#website"},"primaryImageOfPage":{"@id":"https:\/\/www.autojm.fr\/blog\/preparer-sa-voiture-pour-lhiver\/#primaryimage"},"image":{"@id":"https:\/\/www.autojm.fr\/blog\/preparer-sa-voiture-pour-lhiver\/#primaryimage"},"thumbnailUrl":"https:\/\/www.autojm.fr\/blog\/wp-content\/uploads\/2022\/10\/208.jpg","datePublished":"2012-11-14T11:02:04+00:00","dateModified":"2022-12-08T16:18:17+00:00","description":"\u00c0 l'approche de l'hiver, il est important de faire un check up de votre v\u00e9hicule afin d'\u00e9viter un accident. La n\u00e9gligence des conducteurs...","breadcrumb":{"@id":"https:\/\/www.autojm.fr\/blog\/preparer-sa-voiture-pour-lhiver\/#breadcrumb"},"inLanguage":"fr-FR","potentialAction":[{"@type":"ReadAction","target":["https:\/\/www.autojm.fr\/blog\/preparer-sa-voiture-pour-lhiver\/"]}]},{"@type":"ImageObject","inLanguage":"fr-FR","@id":"https:\/\/www.autojm.fr\/blog\/preparer-sa-voiture-pour-lhiver\/#primaryimage","url":"https:\/\/www.autojm.fr\/blog\/wp-content\/uploads\/2022\/10\/208.jpg","contentUrl":"https:\/\/www.autojm.fr\/blog\/wp-content\/uploads\/2022\/10\/208.jpg","width":275,"height":183,"caption":"Hiver"},{"@type":"BreadcrumbList","@id":"https:\/\/www.autojm.fr\/blog\/preparer-sa-voiture-pour-lhiver\/#breadcrumb","itemListElement":[{"@type":"ListItem","position":1,"name":"Accueil","item":"https:\/\/www.autojm.fr\/blog\/"},{"@type":"ListItem","position":2,"name":"Conseils &amp; Astuces","item":"https:\/\/www.autojm.fr\/blog\/conseils-astuces\/"},{"@type":"ListItem","position":3,"name":"Pr\u00e9parer sa voiture pour l&rsquo;hiver"}]},{"@type":"WebSite","@id":"https:\/\/www.autojm.fr\/blog\/#website","url":"https:\/\/www.autojm.fr\/blog\/","name":"AutoJM Mag","description":"Toute l&#039;actu auto en 1 clic !","publisher":{"@id":"https:\/\/www.autojm.fr\/blog\/#organization"},"potentialAction":[{"@type":"SearchAction","target":{"@type":"EntryPoint","urlTemplate":"https:\/\/www.autojm.fr\/blog\/?s={search_term_string}"},"query-input":{"@type":"PropertyValueSpecification","valueRequired":true,"valueName":"search_term_string"}}],"inLanguage":"fr-FR"},{"@type":"Organization","@id":"https:\/\/www.autojm.fr\/blog\/#organization","name":"AutoJM Mag","url":"https:\/\/www.autojm.fr\/blog\/","logo":{"@type":"ImageObject","inLanguage":"fr-FR","@id":"https:\/\/www.autojm.fr\/blog\/#\/schema\/logo\/image\/","url":"https:\/\/www.autojm.fr\/blog\/wp-content\/uploads\/2022\/12\/cropped-AutoJMag-png.png","contentUrl":"https:\/\/www.autojm.fr\/blog\/wp-content\/uploads\/2022\/12\/cropped-AutoJMag-png.png","width":2834,"height":585,"caption":"AutoJM Mag"},"image":{"@id":"https:\/\/www.autojm.fr\/blog\/#\/schema\/logo\/image\/"},"sameAs":["https:\/\/www.facebook.com\/AutoJM25"]},{"@type":"Person","@id":"https:\/\/www.autojm.fr\/blog\/#\/schema\/person\/9742bc77541853e0de81fc57f947e1a0","name":"Autojm","image":{"@type":"ImageObject","inLanguage":"fr-FR","@id":"https:\/\/secure.gravatar.com\/avatar\/9a959d52b758fcc232fe4b6aca7bab139182573297122cce7d6f2ee0e537b418?s=96&d=mm&r=g","url":"https:\/\/secure.gravatar.com\/avatar\/9a959d52b758fcc232fe4b6aca7bab139182573297122cce7d6f2ee0e537b418?s=96&d=mm&r=g","contentUrl":"https:\/\/secure.gravatar.com\/avatar\/9a959d52b758fcc232fe4b6aca7bab139182573297122cce7d6f2ee0e537b418?s=96&d=mm&r=g","caption":"Autojm"},"sameAs":["https:\/\/www.autojm.fr\/blog"],"url":"https:\/\/www.autojm.fr\/blog\/author\/bichoi\/"}]}},"_links":{"self":[{"href":"https:\/\/www.autojm.fr\/blog\/wp-json\/wp\/v2\/posts\/3494","targetHints":{"allow":["GET"]}}],"collection":[{"href":"https:\/\/www.autojm.fr\/blog\/wp-json\/wp\/v2\/posts"}],"about":[{"href":"https:\/\/www.autojm.fr\/blog\/wp-json\/wp\/v2\/types\/post"}],"author":[{"embeddable":true,"href":"https:\/\/www.autojm.fr\/blog\/wp-json\/wp\/v2\/users\/1"}],"replies":[{"embeddable":true,"href":"https:\/\/www.autojm.fr\/blog\/wp-json\/wp\/v2\/comments?post=3494"}],"version-history":[{"count":3,"href":"https:\/\/www.autojm.fr\/blog\/wp-json\/wp\/v2\/posts\/3494\/revisions"}],"predecessor-version":[{"id":7466,"href":"https:\/\/www.autojm.fr\/blog\/wp-json\/wp\/v2\/posts\/3494\/revisions\/7466"}],"wp:featuredmedia":[{"embeddable":true,"href":"https:\/\/www.autojm.fr\/blog\/wp-json\/wp\/v2\/media\/5567"}],"wp:attachment":[{"href":"https:\/\/www.autojm.fr\/blog\/wp-json\/wp\/v2\/media?parent=3494"}],"wp:term":[{"taxonomy":"category","embeddable":true,"href":"https:\/\/www.autojm.fr\/blog\/wp-json\/wp\/v2\/categories?post=3494"},{"taxonomy":"post_tag","embeddable":true,"href":"https:\/\/www.autojm.fr\/blog\/wp-json\/wp\/v2\/tags?post=3494"}],"curies":[{"name":"wp","href":"https:\/\/api.w.org\/{rel}","templated":true}]}}