{"id":3488,"date":"2012-10-30T11:14:04","date_gmt":"2012-10-30T11:14:04","guid":{"rendered":"https:\/\/www.autojm.fr\/blog\/honda-jazz-ou-fit-version-feminine\/"},"modified":"2022-12-13T09:17:05","modified_gmt":"2022-12-13T09:17:05","slug":"honda-jazz-ou-fit-version-feminine","status":"publish","type":"post","link":"https:\/\/www.autojm.fr\/blog\/honda-jazz-ou-fit-version-feminine\/","title":{"rendered":"Honda Jazz ou fit version f\u00e9minine"},"content":{"rendered":"<h2><span style=\"font-family: Arial, Helvetica, sans-serif; color: #d3145a; font-size: 12px;\">La marque japonaise Honda tente de s\u00e9duire les femmes avec son nouveau mod\u00e8le tr\u00e8s \u00ab\u00a0R-os\u00e9\u00a0\u00bb !<\/span><\/h2>\n<p>Ce v\u00e9hicule destin\u00e9e au march\u00e9 Japonais, dans un premier temps, est baptis\u00e9e She&rsquo;s, l&rsquo;apostrophe \u00e9tant remplac\u00e9e par un c\u0153ur. C&rsquo;est une version sp\u00e9ciale de la Fit (Jazz en Europe).<\/p>\n<p>La Honda Fit She&rsquo;s est propos\u00e9 en des teintes sp\u00e9cifiques : blanc, noir, marron et rose pastel . Celle ci sera compos\u00e9 d&rsquo;un pare-brise anti UV, d&rsquo;un syst\u00e8me de climatisation avec ioniseur d&rsquo;air ( pour am\u00e9liorer la qualit\u00e9 de la peau ). Cette version sp\u00e9ciale sera propos\u00e9e avec des si\u00e8ges chauffants \u00ab pour une conduite plus confortable \u00bb.<\/p>\n<p>Est ce que cette voiture arrivera jusqu&rsquo;\u00e0 chez nous sans changer de couleur ?<\/p>\n","protected":false},"excerpt":{"rendered":"<p>Ce v\u00e9hicule destin\u00e9e au march\u00e9 Japonais, dans un premier temps, est baptis\u00e9e She&rsquo;s, l&rsquo;apostrophe \u00e9tant remplac\u00e9e par un c\u0153ur. C&rsquo;est une version sp\u00e9ciale de la Fit (Jazz en Europe).<\/p>\n","protected":false},"author":1,"featured_media":5562,"comment_status":"open","ping_status":"open","sticky":false,"template":"","format":"standard","meta":{"_acf_changed":false,"content-type":"","footnotes":""},"categories":[5],"tags":[90,231],"class_list":["post-3488","post","type-post","status-publish","format-standard","has-post-thumbnail","hentry","category-actualite-automobile","tag-autojm","tag-honda"],"acf":[],"yoast_head":"<!-- This site is optimized with the Yoast SEO plugin v27.5 - https:\/\/yoast.com\/product\/yoast-seo-wordpress\/ -->\n<title>Honda Jazz ou fit version f\u00e9minine - AutoJM Mag<\/title>\n<meta name=\"description\" content=\"Ce v\u00e9hicule destin\u00e9e au march\u00e9 Japonais, dans un premier temps, est baptis\u00e9e She&#039;s, l&#039;apostrophe \u00e9tant remplac\u00e9e par un c\u0153ur. C&#039;est une...\" \/>\n<meta name=\"robots\" content=\"index, follow, max-snippet:-1, max-image-preview:large, max-video-preview:-1\" \/>\n<link rel=\"canonical\" href=\"https:\/\/www.autojm.fr\/blog\/honda-jazz-ou-fit-version-feminine\/\" \/>\n<meta property=\"og:locale\" content=\"fr_FR\" \/>\n<meta property=\"og:type\" content=\"article\" \/>\n<meta property=\"og:title\" content=\"Honda Jazz ou fit version f\u00e9minine - AutoJM Mag\" \/>\n<meta property=\"og:description\" content=\"Ce v\u00e9hicule destin\u00e9e au march\u00e9 Japonais, dans un premier temps, est baptis\u00e9e She&#039;s, l&#039;apostrophe \u00e9tant remplac\u00e9e par un c\u0153ur. C&#039;est une...\" \/>\n<meta property=\"og:url\" content=\"https:\/\/www.autojm.fr\/blog\/honda-jazz-ou-fit-version-feminine\/\" \/>\n<meta property=\"og:site_name\" content=\"AutoJM Mag\" \/>\n<meta property=\"article:publisher\" content=\"https:\/\/www.facebook.com\/AutoJM25\" \/>\n<meta property=\"article:published_time\" content=\"2012-10-30T11:14:04+00:00\" \/>\n<meta property=\"article:modified_time\" content=\"2022-12-13T09:17:05+00:00\" \/>\n<meta property=\"og:image\" content=\"https:\/\/www.autojm.fr\/blog\/wp-content\/uploads\/2022\/10\/202.jpg\" \/>\n\t<meta property=\"og:image:width\" content=\"660\" \/>\n\t<meta property=\"og:image:height\" content=\"362\" \/>\n\t<meta property=\"og:image:type\" content=\"image\/jpeg\" \/>\n<meta name=\"author\" content=\"Autojm\" \/>\n<meta name=\"twitter:card\" content=\"summary_large_image\" \/>\n<meta name=\"twitter:label1\" content=\"\u00c9crit par\" \/>\n\t<meta name=\"twitter:data1\" content=\"Autojm\" \/>\n\t<meta name=\"twitter:label2\" content=\"Dur\u00e9e de lecture estim\u00e9e\" \/>\n\t<meta name=\"twitter:data2\" content=\"1 minute\" \/>\n<script type=\"application\/ld+json\" class=\"yoast-schema-graph\">{\"@context\":\"https:\\\/\\\/schema.org\",\"@graph\":[{\"@type\":\"Article\",\"@id\":\"https:\\\/\\\/www.autojm.fr\\\/blog\\\/honda-jazz-ou-fit-version-feminine\\\/#article\",\"isPartOf\":{\"@id\":\"https:\\\/\\\/www.autojm.fr\\\/blog\\\/honda-jazz-ou-fit-version-feminine\\\/\"},\"author\":{\"name\":\"Autojm\",\"@id\":\"https:\\\/\\\/www.autojm.fr\\\/blog\\\/#\\\/schema\\\/person\\\/9742bc77541853e0de81fc57f947e1a0\"},\"headline\":\"Honda Jazz ou fit version f\u00e9minine\",\"datePublished\":\"2012-10-30T11:14:04+00:00\",\"dateModified\":\"2022-12-13T09:17:05+00:00\",\"mainEntityOfPage\":{\"@id\":\"https:\\\/\\\/www.autojm.fr\\\/blog\\\/honda-jazz-ou-fit-version-feminine\\\/\"},\"wordCount\":131,\"commentCount\":0,\"publisher\":{\"@id\":\"https:\\\/\\\/www.autojm.fr\\\/blog\\\/#organization\"},\"image\":{\"@id\":\"https:\\\/\\\/www.autojm.fr\\\/blog\\\/honda-jazz-ou-fit-version-feminine\\\/#primaryimage\"},\"thumbnailUrl\":\"https:\\\/\\\/www.autojm.fr\\\/blog\\\/wp-content\\\/uploads\\\/2022\\\/10\\\/202.jpg\",\"keywords\":[\"autojm\",\"Honda\"],\"articleSection\":[\"Actualit\u00e9 Automobile\"],\"inLanguage\":\"fr-FR\",\"potentialAction\":[{\"@type\":\"CommentAction\",\"name\":\"Comment\",\"target\":[\"https:\\\/\\\/www.autojm.fr\\\/blog\\\/honda-jazz-ou-fit-version-feminine\\\/#respond\"]}]},{\"@type\":\"WebPage\",\"@id\":\"https:\\\/\\\/www.autojm.fr\\\/blog\\\/honda-jazz-ou-fit-version-feminine\\\/\",\"url\":\"https:\\\/\\\/www.autojm.fr\\\/blog\\\/honda-jazz-ou-fit-version-feminine\\\/\",\"name\":\"Honda Jazz ou fit version f\u00e9minine - AutoJM Mag\",\"isPartOf\":{\"@id\":\"https:\\\/\\\/www.autojm.fr\\\/blog\\\/#website\"},\"primaryImageOfPage\":{\"@id\":\"https:\\\/\\\/www.autojm.fr\\\/blog\\\/honda-jazz-ou-fit-version-feminine\\\/#primaryimage\"},\"image\":{\"@id\":\"https:\\\/\\\/www.autojm.fr\\\/blog\\\/honda-jazz-ou-fit-version-feminine\\\/#primaryimage\"},\"thumbnailUrl\":\"https:\\\/\\\/www.autojm.fr\\\/blog\\\/wp-content\\\/uploads\\\/2022\\\/10\\\/202.jpg\",\"datePublished\":\"2012-10-30T11:14:04+00:00\",\"dateModified\":\"2022-12-13T09:17:05+00:00\",\"description\":\"Ce v\u00e9hicule destin\u00e9e au march\u00e9 Japonais, dans un premier temps, est baptis\u00e9e She's, l'apostrophe \u00e9tant remplac\u00e9e par un c\u0153ur. C'est une...\",\"breadcrumb\":{\"@id\":\"https:\\\/\\\/www.autojm.fr\\\/blog\\\/honda-jazz-ou-fit-version-feminine\\\/#breadcrumb\"},\"inLanguage\":\"fr-FR\",\"potentialAction\":[{\"@type\":\"ReadAction\",\"target\":[\"https:\\\/\\\/www.autojm.fr\\\/blog\\\/honda-jazz-ou-fit-version-feminine\\\/\"]}]},{\"@type\":\"ImageObject\",\"inLanguage\":\"fr-FR\",\"@id\":\"https:\\\/\\\/www.autojm.fr\\\/blog\\\/honda-jazz-ou-fit-version-feminine\\\/#primaryimage\",\"url\":\"https:\\\/\\\/www.autojm.fr\\\/blog\\\/wp-content\\\/uploads\\\/2022\\\/10\\\/202.jpg\",\"contentUrl\":\"https:\\\/\\\/www.autojm.fr\\\/blog\\\/wp-content\\\/uploads\\\/2022\\\/10\\\/202.jpg\",\"width\":660,\"height\":362,\"caption\":\"Honda\"},{\"@type\":\"BreadcrumbList\",\"@id\":\"https:\\\/\\\/www.autojm.fr\\\/blog\\\/honda-jazz-ou-fit-version-feminine\\\/#breadcrumb\",\"itemListElement\":[{\"@type\":\"ListItem\",\"position\":1,\"name\":\"Accueil\",\"item\":\"https:\\\/\\\/www.autojm.fr\\\/blog\\\/\"},{\"@type\":\"ListItem\",\"position\":2,\"name\":\"Actualit\u00e9 Automobile\",\"item\":\"https:\\\/\\\/www.autojm.fr\\\/blog\\\/actualite-automobile\\\/\"},{\"@type\":\"ListItem\",\"position\":3,\"name\":\"Honda Jazz ou fit version f\u00e9minine\"}]},{\"@type\":\"WebSite\",\"@id\":\"https:\\\/\\\/www.autojm.fr\\\/blog\\\/#website\",\"url\":\"https:\\\/\\\/www.autojm.fr\\\/blog\\\/\",\"name\":\"AutoJM Mag\",\"description\":\"Toute l&#039;actu auto en 1 clic !\",\"publisher\":{\"@id\":\"https:\\\/\\\/www.autojm.fr\\\/blog\\\/#organization\"},\"potentialAction\":[{\"@type\":\"SearchAction\",\"target\":{\"@type\":\"EntryPoint\",\"urlTemplate\":\"https:\\\/\\\/www.autojm.fr\\\/blog\\\/?s={search_term_string}\"},\"query-input\":{\"@type\":\"PropertyValueSpecification\",\"valueRequired\":true,\"valueName\":\"search_term_string\"}}],\"inLanguage\":\"fr-FR\"},{\"@type\":\"Organization\",\"@id\":\"https:\\\/\\\/www.autojm.fr\\\/blog\\\/#organization\",\"name\":\"AutoJM Mag\",\"url\":\"https:\\\/\\\/www.autojm.fr\\\/blog\\\/\",\"logo\":{\"@type\":\"ImageObject\",\"inLanguage\":\"fr-FR\",\"@id\":\"https:\\\/\\\/www.autojm.fr\\\/blog\\\/#\\\/schema\\\/logo\\\/image\\\/\",\"url\":\"https:\\\/\\\/www.autojm.fr\\\/blog\\\/wp-content\\\/uploads\\\/2022\\\/12\\\/cropped-AutoJMag-png.png\",\"contentUrl\":\"https:\\\/\\\/www.autojm.fr\\\/blog\\\/wp-content\\\/uploads\\\/2022\\\/12\\\/cropped-AutoJMag-png.png\",\"width\":2834,\"height\":585,\"caption\":\"AutoJM Mag\"},\"image\":{\"@id\":\"https:\\\/\\\/www.autojm.fr\\\/blog\\\/#\\\/schema\\\/logo\\\/image\\\/\"},\"sameAs\":[\"https:\\\/\\\/www.facebook.com\\\/AutoJM25\"]},{\"@type\":\"Person\",\"@id\":\"https:\\\/\\\/www.autojm.fr\\\/blog\\\/#\\\/schema\\\/person\\\/9742bc77541853e0de81fc57f947e1a0\",\"name\":\"Autojm\",\"image\":{\"@type\":\"ImageObject\",\"inLanguage\":\"fr-FR\",\"@id\":\"https:\\\/\\\/secure.gravatar.com\\\/avatar\\\/9a959d52b758fcc232fe4b6aca7bab139182573297122cce7d6f2ee0e537b418?s=96&d=mm&r=g\",\"url\":\"https:\\\/\\\/secure.gravatar.com\\\/avatar\\\/9a959d52b758fcc232fe4b6aca7bab139182573297122cce7d6f2ee0e537b418?s=96&d=mm&r=g\",\"contentUrl\":\"https:\\\/\\\/secure.gravatar.com\\\/avatar\\\/9a959d52b758fcc232fe4b6aca7bab139182573297122cce7d6f2ee0e537b418?s=96&d=mm&r=g\",\"caption\":\"Autojm\"},\"sameAs\":[\"https:\\\/\\\/www.autojm.fr\\\/blog\"],\"url\":\"https:\\\/\\\/www.autojm.fr\\\/blog\\\/author\\\/bichoi\\\/\"}]}<\/script>\n<!-- \/ Yoast SEO plugin. -->","yoast_head_json":{"title":"Honda Jazz ou fit version f\u00e9minine - AutoJM Mag","description":"Ce v\u00e9hicule destin\u00e9e au march\u00e9 Japonais, dans un premier temps, est baptis\u00e9e She's, l'apostrophe \u00e9tant remplac\u00e9e par un c\u0153ur. C'est une...","robots":{"index":"index","follow":"follow","max-snippet":"max-snippet:-1","max-image-preview":"max-image-preview:large","max-video-preview":"max-video-preview:-1"},"canonical":"https:\/\/www.autojm.fr\/blog\/honda-jazz-ou-fit-version-feminine\/","og_locale":"fr_FR","og_type":"article","og_title":"Honda Jazz ou fit version f\u00e9minine - AutoJM Mag","og_description":"Ce v\u00e9hicule destin\u00e9e au march\u00e9 Japonais, dans un premier temps, est baptis\u00e9e She's, l'apostrophe \u00e9tant remplac\u00e9e par un c\u0153ur. C'est une...","og_url":"https:\/\/www.autojm.fr\/blog\/honda-jazz-ou-fit-version-feminine\/","og_site_name":"AutoJM Mag","article_publisher":"https:\/\/www.facebook.com\/AutoJM25","article_published_time":"2012-10-30T11:14:04+00:00","article_modified_time":"2022-12-13T09:17:05+00:00","og_image":[{"width":660,"height":362,"url":"https:\/\/www.autojm.fr\/blog\/wp-content\/uploads\/2022\/10\/202.jpg","type":"image\/jpeg"}],"author":"Autojm","twitter_card":"summary_large_image","twitter_misc":{"\u00c9crit par":"Autojm","Dur\u00e9e de lecture estim\u00e9e":"1 minute"},"schema":{"@context":"https:\/\/schema.org","@graph":[{"@type":"Article","@id":"https:\/\/www.autojm.fr\/blog\/honda-jazz-ou-fit-version-feminine\/#article","isPartOf":{"@id":"https:\/\/www.autojm.fr\/blog\/honda-jazz-ou-fit-version-feminine\/"},"author":{"name":"Autojm","@id":"https:\/\/www.autojm.fr\/blog\/#\/schema\/person\/9742bc77541853e0de81fc57f947e1a0"},"headline":"Honda Jazz ou fit version f\u00e9minine","datePublished":"2012-10-30T11:14:04+00:00","dateModified":"2022-12-13T09:17:05+00:00","mainEntityOfPage":{"@id":"https:\/\/www.autojm.fr\/blog\/honda-jazz-ou-fit-version-feminine\/"},"wordCount":131,"commentCount":0,"publisher":{"@id":"https:\/\/www.autojm.fr\/blog\/#organization"},"image":{"@id":"https:\/\/www.autojm.fr\/blog\/honda-jazz-ou-fit-version-feminine\/#primaryimage"},"thumbnailUrl":"https:\/\/www.autojm.fr\/blog\/wp-content\/uploads\/2022\/10\/202.jpg","keywords":["autojm","Honda"],"articleSection":["Actualit\u00e9 Automobile"],"inLanguage":"fr-FR","potentialAction":[{"@type":"CommentAction","name":"Comment","target":["https:\/\/www.autojm.fr\/blog\/honda-jazz-ou-fit-version-feminine\/#respond"]}]},{"@type":"WebPage","@id":"https:\/\/www.autojm.fr\/blog\/honda-jazz-ou-fit-version-feminine\/","url":"https:\/\/www.autojm.fr\/blog\/honda-jazz-ou-fit-version-feminine\/","name":"Honda Jazz ou fit version f\u00e9minine - AutoJM Mag","isPartOf":{"@id":"https:\/\/www.autojm.fr\/blog\/#website"},"primaryImageOfPage":{"@id":"https:\/\/www.autojm.fr\/blog\/honda-jazz-ou-fit-version-feminine\/#primaryimage"},"image":{"@id":"https:\/\/www.autojm.fr\/blog\/honda-jazz-ou-fit-version-feminine\/#primaryimage"},"thumbnailUrl":"https:\/\/www.autojm.fr\/blog\/wp-content\/uploads\/2022\/10\/202.jpg","datePublished":"2012-10-30T11:14:04+00:00","dateModified":"2022-12-13T09:17:05+00:00","description":"Ce v\u00e9hicule destin\u00e9e au march\u00e9 Japonais, dans un premier temps, est baptis\u00e9e She's, l'apostrophe \u00e9tant remplac\u00e9e par un c\u0153ur. C'est une...","breadcrumb":{"@id":"https:\/\/www.autojm.fr\/blog\/honda-jazz-ou-fit-version-feminine\/#breadcrumb"},"inLanguage":"fr-FR","potentialAction":[{"@type":"ReadAction","target":["https:\/\/www.autojm.fr\/blog\/honda-jazz-ou-fit-version-feminine\/"]}]},{"@type":"ImageObject","inLanguage":"fr-FR","@id":"https:\/\/www.autojm.fr\/blog\/honda-jazz-ou-fit-version-feminine\/#primaryimage","url":"https:\/\/www.autojm.fr\/blog\/wp-content\/uploads\/2022\/10\/202.jpg","contentUrl":"https:\/\/www.autojm.fr\/blog\/wp-content\/uploads\/2022\/10\/202.jpg","width":660,"height":362,"caption":"Honda"},{"@type":"BreadcrumbList","@id":"https:\/\/www.autojm.fr\/blog\/honda-jazz-ou-fit-version-feminine\/#breadcrumb","itemListElement":[{"@type":"ListItem","position":1,"name":"Accueil","item":"https:\/\/www.autojm.fr\/blog\/"},{"@type":"ListItem","position":2,"name":"Actualit\u00e9 Automobile","item":"https:\/\/www.autojm.fr\/blog\/actualite-automobile\/"},{"@type":"ListItem","position":3,"name":"Honda Jazz ou fit version f\u00e9minine"}]},{"@type":"WebSite","@id":"https:\/\/www.autojm.fr\/blog\/#website","url":"https:\/\/www.autojm.fr\/blog\/","name":"AutoJM Mag","description":"Toute l&#039;actu auto en 1 clic !","publisher":{"@id":"https:\/\/www.autojm.fr\/blog\/#organization"},"potentialAction":[{"@type":"SearchAction","target":{"@type":"EntryPoint","urlTemplate":"https:\/\/www.autojm.fr\/blog\/?s={search_term_string}"},"query-input":{"@type":"PropertyValueSpecification","valueRequired":true,"valueName":"search_term_string"}}],"inLanguage":"fr-FR"},{"@type":"Organization","@id":"https:\/\/www.autojm.fr\/blog\/#organization","name":"AutoJM Mag","url":"https:\/\/www.autojm.fr\/blog\/","logo":{"@type":"ImageObject","inLanguage":"fr-FR","@id":"https:\/\/www.autojm.fr\/blog\/#\/schema\/logo\/image\/","url":"https:\/\/www.autojm.fr\/blog\/wp-content\/uploads\/2022\/12\/cropped-AutoJMag-png.png","contentUrl":"https:\/\/www.autojm.fr\/blog\/wp-content\/uploads\/2022\/12\/cropped-AutoJMag-png.png","width":2834,"height":585,"caption":"AutoJM Mag"},"image":{"@id":"https:\/\/www.autojm.fr\/blog\/#\/schema\/logo\/image\/"},"sameAs":["https:\/\/www.facebook.com\/AutoJM25"]},{"@type":"Person","@id":"https:\/\/www.autojm.fr\/blog\/#\/schema\/person\/9742bc77541853e0de81fc57f947e1a0","name":"Autojm","image":{"@type":"ImageObject","inLanguage":"fr-FR","@id":"https:\/\/secure.gravatar.com\/avatar\/9a959d52b758fcc232fe4b6aca7bab139182573297122cce7d6f2ee0e537b418?s=96&d=mm&r=g","url":"https:\/\/secure.gravatar.com\/avatar\/9a959d52b758fcc232fe4b6aca7bab139182573297122cce7d6f2ee0e537b418?s=96&d=mm&r=g","contentUrl":"https:\/\/secure.gravatar.com\/avatar\/9a959d52b758fcc232fe4b6aca7bab139182573297122cce7d6f2ee0e537b418?s=96&d=mm&r=g","caption":"Autojm"},"sameAs":["https:\/\/www.autojm.fr\/blog"],"url":"https:\/\/www.autojm.fr\/blog\/author\/bichoi\/"}]}},"_links":{"self":[{"href":"https:\/\/www.autojm.fr\/blog\/wp-json\/wp\/v2\/posts\/3488","targetHints":{"allow":["GET"]}}],"collection":[{"href":"https:\/\/www.autojm.fr\/blog\/wp-json\/wp\/v2\/posts"}],"about":[{"href":"https:\/\/www.autojm.fr\/blog\/wp-json\/wp\/v2\/types\/post"}],"author":[{"embeddable":true,"href":"https:\/\/www.autojm.fr\/blog\/wp-json\/wp\/v2\/users\/1"}],"replies":[{"embeddable":true,"href":"https:\/\/www.autojm.fr\/blog\/wp-json\/wp\/v2\/comments?post=3488"}],"version-history":[{"count":3,"href":"https:\/\/www.autojm.fr\/blog\/wp-json\/wp\/v2\/posts\/3488\/revisions"}],"predecessor-version":[{"id":7470,"href":"https:\/\/www.autojm.fr\/blog\/wp-json\/wp\/v2\/posts\/3488\/revisions\/7470"}],"wp:featuredmedia":[{"embeddable":true,"href":"https:\/\/www.autojm.fr\/blog\/wp-json\/wp\/v2\/media\/5562"}],"wp:attachment":[{"href":"https:\/\/www.autojm.fr\/blog\/wp-json\/wp\/v2\/media?parent=3488"}],"wp:term":[{"taxonomy":"category","embeddable":true,"href":"https:\/\/www.autojm.fr\/blog\/wp-json\/wp\/v2\/categories?post=3488"},{"taxonomy":"post_tag","embeddable":true,"href":"https:\/\/www.autojm.fr\/blog\/wp-json\/wp\/v2\/tags?post=3488"}],"curies":[{"name":"wp","href":"https:\/\/api.w.org\/{rel}","templated":true}]}}