{"id":3477,"date":"2012-09-21T10:02:44","date_gmt":"2012-09-21T10:02:44","guid":{"rendered":"https:\/\/www.autojm.fr\/blog\/mondial-de-lauto-kia-carens-nouvelle-generation\/"},"modified":"2023-04-19T14:16:10","modified_gmt":"2023-04-19T14:16:10","slug":"mondial-de-lauto-kia-carens-nouvelle-generation","status":"publish","type":"post","link":"https:\/\/www.autojm.fr\/blog\/mondial-de-lauto-kia-carens-nouvelle-generation\/","title":{"rendered":"Mondial de l&rsquo;auto : Kia Carens nouvelle g\u00e9n\u00e9ration"},"content":{"rendered":"<p>Le constructeur Cor\u00e9en <a href=\"https:\/\/www.autojm.fr\/mandataire-voitures-neuves-kia\">Kia <\/a>mise sur la nouvelle version de son Kia Carens pour concurrencer les familiales de type <a href=\"https:\/\/www.autojm.fr\/mandataire-voitures-neuves-citroen\">Citro\u00ebn C4 Picasso <\/a>et <a href=\"https:\/\/www.autojm.fr\/achat-voitures-neuves-peugeot-nouveau-3008-suv-2021-5p\">Peugeot 3008<\/a>.<\/p>\n<p>Son style actuel n&rsquo;est pas des plus attractives et les amateurs de la marque l&rsquo;ont un peu boud\u00e9. C&rsquo;est donc pour cela qu&rsquo;une version plus styl\u00e9e avec la \u00ab\u00a0Tiger Nose\u00a0\u00bb sera pr\u00e9sent\u00e9e au mondial de l&rsquo;automobile \u00e0 Paris.<\/p>\n<p>Nouveau bouclier, nouveaux blocs optiques.. petit aileron de hayon.. Bref des petites nouveaut\u00e9s qui devraient trouver preneur.<\/p>\n<p>Le petit plus, ce monospace accueillera jusqu&rsquo;\u00e0 7 personnes gr\u00e2ce au 2 si\u00e8ges pr\u00e9vus au 3\u00e8me rang.<\/p>\n<p>C\u00f4t\u00e9 motorisation, Kia n&rsquo;a pas d\u00e9voil\u00e9 la motorisation et les caract\u00e9ristiques de son int\u00e9rieur.<\/p>\n<p>\u00c0 d\u00e9couvrir donc au mondial de l&rsquo;auto \u00e0 Paris !<\/p>\n<p><a href=\"https:\/\/www.autojm.fr\/mandataire-voitures-neuves-kia\">Kia Ceed pas cher <\/a>chez le mandataire auto : Automobiles JM.<\/p>\n","protected":false},"excerpt":{"rendered":"<p>Le constructeur Cor\u00e9en, Kia, mise sur la nouvelle version de son Kia Carens pour concurrencer les familiales de type Citro\u00ebn C4 Picasso et Peugeot 3008.<\/p>\n","protected":false},"author":1,"featured_media":5552,"comment_status":"open","ping_status":"open","sticky":false,"template":"","format":"standard","meta":{"_acf_changed":false,"content-type":"","footnotes":""},"categories":[67,61],"tags":[90,106,239],"class_list":["post-3477","post","type-post","status-publish","format-standard","has-post-thumbnail","hentry","category-actualites-kia","category-nouveautes-autos","tag-autojm","tag-kia","tag-kia-carens"],"acf":[],"yoast_head":"<!-- This site is optimized with the Yoast SEO plugin v27.5 - https:\/\/yoast.com\/product\/yoast-seo-wordpress\/ -->\n<title>Mondial de l&#039;auto : Kia Carens nouvelle g\u00e9n\u00e9ration - AutoJM Mag<\/title>\n<meta name=\"description\" content=\"Le constructeur Cor\u00e9en Kia mise sur la nouvelle version de son Kia Carens pour concurrencer les familiales de type Citro\u00ebn C4...\" \/>\n<meta name=\"robots\" content=\"index, follow, max-snippet:-1, max-image-preview:large, max-video-preview:-1\" \/>\n<link rel=\"canonical\" href=\"https:\/\/www.autojm.fr\/blog\/mondial-de-lauto-kia-carens-nouvelle-generation\/\" \/>\n<meta property=\"og:locale\" content=\"fr_FR\" \/>\n<meta property=\"og:type\" content=\"article\" \/>\n<meta property=\"og:title\" content=\"Mondial de l&#039;auto : Kia Carens nouvelle g\u00e9n\u00e9ration - AutoJM Mag\" \/>\n<meta property=\"og:description\" content=\"Le constructeur Cor\u00e9en Kia mise sur la nouvelle version de son Kia Carens pour concurrencer les familiales de type Citro\u00ebn C4...\" \/>\n<meta property=\"og:url\" content=\"https:\/\/www.autojm.fr\/blog\/mondial-de-lauto-kia-carens-nouvelle-generation\/\" \/>\n<meta property=\"og:site_name\" content=\"AutoJM Mag\" \/>\n<meta property=\"article:publisher\" content=\"https:\/\/www.facebook.com\/AutoJM25\" \/>\n<meta property=\"article:published_time\" content=\"2012-09-21T10:02:44+00:00\" \/>\n<meta property=\"article:modified_time\" content=\"2023-04-19T14:16:10+00:00\" \/>\n<meta property=\"og:image\" content=\"https:\/\/www.autojm.fr\/blog\/wp-content\/uploads\/2022\/10\/191.jpg\" \/>\n\t<meta property=\"og:image:width\" content=\"350\" \/>\n\t<meta property=\"og:image:height\" content=\"220\" \/>\n\t<meta property=\"og:image:type\" content=\"image\/jpeg\" \/>\n<meta name=\"author\" content=\"Autojm\" \/>\n<meta name=\"twitter:card\" content=\"summary_large_image\" \/>\n<meta name=\"twitter:label1\" content=\"\u00c9crit par\" \/>\n\t<meta name=\"twitter:data1\" content=\"Autojm\" \/>\n\t<meta name=\"twitter:label2\" content=\"Dur\u00e9e de lecture estim\u00e9e\" \/>\n\t<meta name=\"twitter:data2\" content=\"1 minute\" \/>\n<script type=\"application\/ld+json\" class=\"yoast-schema-graph\">{\"@context\":\"https:\\\/\\\/schema.org\",\"@graph\":[{\"@type\":\"Article\",\"@id\":\"https:\\\/\\\/www.autojm.fr\\\/blog\\\/mondial-de-lauto-kia-carens-nouvelle-generation\\\/#article\",\"isPartOf\":{\"@id\":\"https:\\\/\\\/www.autojm.fr\\\/blog\\\/mondial-de-lauto-kia-carens-nouvelle-generation\\\/\"},\"author\":{\"name\":\"Autojm\",\"@id\":\"https:\\\/\\\/www.autojm.fr\\\/blog\\\/#\\\/schema\\\/person\\\/9742bc77541853e0de81fc57f947e1a0\"},\"headline\":\"Mondial de l&rsquo;auto : Kia Carens nouvelle g\u00e9n\u00e9ration\",\"datePublished\":\"2012-09-21T10:02:44+00:00\",\"dateModified\":\"2023-04-19T14:16:10+00:00\",\"mainEntityOfPage\":{\"@id\":\"https:\\\/\\\/www.autojm.fr\\\/blog\\\/mondial-de-lauto-kia-carens-nouvelle-generation\\\/\"},\"wordCount\":147,\"commentCount\":0,\"publisher\":{\"@id\":\"https:\\\/\\\/www.autojm.fr\\\/blog\\\/#organization\"},\"image\":{\"@id\":\"https:\\\/\\\/www.autojm.fr\\\/blog\\\/mondial-de-lauto-kia-carens-nouvelle-generation\\\/#primaryimage\"},\"thumbnailUrl\":\"https:\\\/\\\/www.autojm.fr\\\/blog\\\/wp-content\\\/uploads\\\/2022\\\/10\\\/191.jpg\",\"keywords\":[\"autojm\",\"Kia\",\"Kia Carens\"],\"articleSection\":[\"Actualit\u00e9s Kia\",\"Nouveaut\u00e9s Autos\"],\"inLanguage\":\"fr-FR\",\"potentialAction\":[{\"@type\":\"CommentAction\",\"name\":\"Comment\",\"target\":[\"https:\\\/\\\/www.autojm.fr\\\/blog\\\/mondial-de-lauto-kia-carens-nouvelle-generation\\\/#respond\"]}]},{\"@type\":\"WebPage\",\"@id\":\"https:\\\/\\\/www.autojm.fr\\\/blog\\\/mondial-de-lauto-kia-carens-nouvelle-generation\\\/\",\"url\":\"https:\\\/\\\/www.autojm.fr\\\/blog\\\/mondial-de-lauto-kia-carens-nouvelle-generation\\\/\",\"name\":\"Mondial de l'auto : Kia Carens nouvelle g\u00e9n\u00e9ration - AutoJM Mag\",\"isPartOf\":{\"@id\":\"https:\\\/\\\/www.autojm.fr\\\/blog\\\/#website\"},\"primaryImageOfPage\":{\"@id\":\"https:\\\/\\\/www.autojm.fr\\\/blog\\\/mondial-de-lauto-kia-carens-nouvelle-generation\\\/#primaryimage\"},\"image\":{\"@id\":\"https:\\\/\\\/www.autojm.fr\\\/blog\\\/mondial-de-lauto-kia-carens-nouvelle-generation\\\/#primaryimage\"},\"thumbnailUrl\":\"https:\\\/\\\/www.autojm.fr\\\/blog\\\/wp-content\\\/uploads\\\/2022\\\/10\\\/191.jpg\",\"datePublished\":\"2012-09-21T10:02:44+00:00\",\"dateModified\":\"2023-04-19T14:16:10+00:00\",\"description\":\"Le constructeur Cor\u00e9en Kia mise sur la nouvelle version de son Kia Carens pour concurrencer les familiales de type Citro\u00ebn C4...\",\"breadcrumb\":{\"@id\":\"https:\\\/\\\/www.autojm.fr\\\/blog\\\/mondial-de-lauto-kia-carens-nouvelle-generation\\\/#breadcrumb\"},\"inLanguage\":\"fr-FR\",\"potentialAction\":[{\"@type\":\"ReadAction\",\"target\":[\"https:\\\/\\\/www.autojm.fr\\\/blog\\\/mondial-de-lauto-kia-carens-nouvelle-generation\\\/\"]}]},{\"@type\":\"ImageObject\",\"inLanguage\":\"fr-FR\",\"@id\":\"https:\\\/\\\/www.autojm.fr\\\/blog\\\/mondial-de-lauto-kia-carens-nouvelle-generation\\\/#primaryimage\",\"url\":\"https:\\\/\\\/www.autojm.fr\\\/blog\\\/wp-content\\\/uploads\\\/2022\\\/10\\\/191.jpg\",\"contentUrl\":\"https:\\\/\\\/www.autojm.fr\\\/blog\\\/wp-content\\\/uploads\\\/2022\\\/10\\\/191.jpg\",\"width\":350,\"height\":220,\"caption\":\"Kia Carens\"},{\"@type\":\"BreadcrumbList\",\"@id\":\"https:\\\/\\\/www.autojm.fr\\\/blog\\\/mondial-de-lauto-kia-carens-nouvelle-generation\\\/#breadcrumb\",\"itemListElement\":[{\"@type\":\"ListItem\",\"position\":1,\"name\":\"Accueil\",\"item\":\"https:\\\/\\\/www.autojm.fr\\\/blog\\\/\"},{\"@type\":\"ListItem\",\"position\":2,\"name\":\"Nouveaut\u00e9s Autos\",\"item\":\"https:\\\/\\\/www.autojm.fr\\\/blog\\\/nouveautes-autos\\\/\"},{\"@type\":\"ListItem\",\"position\":3,\"name\":\"Mondial de l&rsquo;auto : Kia Carens nouvelle g\u00e9n\u00e9ration\"}]},{\"@type\":\"WebSite\",\"@id\":\"https:\\\/\\\/www.autojm.fr\\\/blog\\\/#website\",\"url\":\"https:\\\/\\\/www.autojm.fr\\\/blog\\\/\",\"name\":\"AutoJM Mag\",\"description\":\"Toute l&#039;actu auto en 1 clic !\",\"publisher\":{\"@id\":\"https:\\\/\\\/www.autojm.fr\\\/blog\\\/#organization\"},\"potentialAction\":[{\"@type\":\"SearchAction\",\"target\":{\"@type\":\"EntryPoint\",\"urlTemplate\":\"https:\\\/\\\/www.autojm.fr\\\/blog\\\/?s={search_term_string}\"},\"query-input\":{\"@type\":\"PropertyValueSpecification\",\"valueRequired\":true,\"valueName\":\"search_term_string\"}}],\"inLanguage\":\"fr-FR\"},{\"@type\":\"Organization\",\"@id\":\"https:\\\/\\\/www.autojm.fr\\\/blog\\\/#organization\",\"name\":\"AutoJM Mag\",\"url\":\"https:\\\/\\\/www.autojm.fr\\\/blog\\\/\",\"logo\":{\"@type\":\"ImageObject\",\"inLanguage\":\"fr-FR\",\"@id\":\"https:\\\/\\\/www.autojm.fr\\\/blog\\\/#\\\/schema\\\/logo\\\/image\\\/\",\"url\":\"https:\\\/\\\/www.autojm.fr\\\/blog\\\/wp-content\\\/uploads\\\/2022\\\/12\\\/cropped-AutoJMag-png.png\",\"contentUrl\":\"https:\\\/\\\/www.autojm.fr\\\/blog\\\/wp-content\\\/uploads\\\/2022\\\/12\\\/cropped-AutoJMag-png.png\",\"width\":2834,\"height\":585,\"caption\":\"AutoJM Mag\"},\"image\":{\"@id\":\"https:\\\/\\\/www.autojm.fr\\\/blog\\\/#\\\/schema\\\/logo\\\/image\\\/\"},\"sameAs\":[\"https:\\\/\\\/www.facebook.com\\\/AutoJM25\"]},{\"@type\":\"Person\",\"@id\":\"https:\\\/\\\/www.autojm.fr\\\/blog\\\/#\\\/schema\\\/person\\\/9742bc77541853e0de81fc57f947e1a0\",\"name\":\"Autojm\",\"image\":{\"@type\":\"ImageObject\",\"inLanguage\":\"fr-FR\",\"@id\":\"https:\\\/\\\/secure.gravatar.com\\\/avatar\\\/9a959d52b758fcc232fe4b6aca7bab139182573297122cce7d6f2ee0e537b418?s=96&d=mm&r=g\",\"url\":\"https:\\\/\\\/secure.gravatar.com\\\/avatar\\\/9a959d52b758fcc232fe4b6aca7bab139182573297122cce7d6f2ee0e537b418?s=96&d=mm&r=g\",\"contentUrl\":\"https:\\\/\\\/secure.gravatar.com\\\/avatar\\\/9a959d52b758fcc232fe4b6aca7bab139182573297122cce7d6f2ee0e537b418?s=96&d=mm&r=g\",\"caption\":\"Autojm\"},\"sameAs\":[\"https:\\\/\\\/www.autojm.fr\\\/blog\"],\"url\":\"https:\\\/\\\/www.autojm.fr\\\/blog\\\/author\\\/bichoi\\\/\"}]}<\/script>\n<!-- \/ Yoast SEO plugin. -->","yoast_head_json":{"title":"Mondial de l'auto : Kia Carens nouvelle g\u00e9n\u00e9ration - AutoJM Mag","description":"Le constructeur Cor\u00e9en Kia mise sur la nouvelle version de son Kia Carens pour concurrencer les familiales de type Citro\u00ebn C4...","robots":{"index":"index","follow":"follow","max-snippet":"max-snippet:-1","max-image-preview":"max-image-preview:large","max-video-preview":"max-video-preview:-1"},"canonical":"https:\/\/www.autojm.fr\/blog\/mondial-de-lauto-kia-carens-nouvelle-generation\/","og_locale":"fr_FR","og_type":"article","og_title":"Mondial de l'auto : Kia Carens nouvelle g\u00e9n\u00e9ration - AutoJM Mag","og_description":"Le constructeur Cor\u00e9en Kia mise sur la nouvelle version de son Kia Carens pour concurrencer les familiales de type Citro\u00ebn C4...","og_url":"https:\/\/www.autojm.fr\/blog\/mondial-de-lauto-kia-carens-nouvelle-generation\/","og_site_name":"AutoJM Mag","article_publisher":"https:\/\/www.facebook.com\/AutoJM25","article_published_time":"2012-09-21T10:02:44+00:00","article_modified_time":"2023-04-19T14:16:10+00:00","og_image":[{"width":350,"height":220,"url":"https:\/\/www.autojm.fr\/blog\/wp-content\/uploads\/2022\/10\/191.jpg","type":"image\/jpeg"}],"author":"Autojm","twitter_card":"summary_large_image","twitter_misc":{"\u00c9crit par":"Autojm","Dur\u00e9e de lecture estim\u00e9e":"1 minute"},"schema":{"@context":"https:\/\/schema.org","@graph":[{"@type":"Article","@id":"https:\/\/www.autojm.fr\/blog\/mondial-de-lauto-kia-carens-nouvelle-generation\/#article","isPartOf":{"@id":"https:\/\/www.autojm.fr\/blog\/mondial-de-lauto-kia-carens-nouvelle-generation\/"},"author":{"name":"Autojm","@id":"https:\/\/www.autojm.fr\/blog\/#\/schema\/person\/9742bc77541853e0de81fc57f947e1a0"},"headline":"Mondial de l&rsquo;auto : Kia Carens nouvelle g\u00e9n\u00e9ration","datePublished":"2012-09-21T10:02:44+00:00","dateModified":"2023-04-19T14:16:10+00:00","mainEntityOfPage":{"@id":"https:\/\/www.autojm.fr\/blog\/mondial-de-lauto-kia-carens-nouvelle-generation\/"},"wordCount":147,"commentCount":0,"publisher":{"@id":"https:\/\/www.autojm.fr\/blog\/#organization"},"image":{"@id":"https:\/\/www.autojm.fr\/blog\/mondial-de-lauto-kia-carens-nouvelle-generation\/#primaryimage"},"thumbnailUrl":"https:\/\/www.autojm.fr\/blog\/wp-content\/uploads\/2022\/10\/191.jpg","keywords":["autojm","Kia","Kia Carens"],"articleSection":["Actualit\u00e9s Kia","Nouveaut\u00e9s Autos"],"inLanguage":"fr-FR","potentialAction":[{"@type":"CommentAction","name":"Comment","target":["https:\/\/www.autojm.fr\/blog\/mondial-de-lauto-kia-carens-nouvelle-generation\/#respond"]}]},{"@type":"WebPage","@id":"https:\/\/www.autojm.fr\/blog\/mondial-de-lauto-kia-carens-nouvelle-generation\/","url":"https:\/\/www.autojm.fr\/blog\/mondial-de-lauto-kia-carens-nouvelle-generation\/","name":"Mondial de l'auto : Kia Carens nouvelle g\u00e9n\u00e9ration - AutoJM Mag","isPartOf":{"@id":"https:\/\/www.autojm.fr\/blog\/#website"},"primaryImageOfPage":{"@id":"https:\/\/www.autojm.fr\/blog\/mondial-de-lauto-kia-carens-nouvelle-generation\/#primaryimage"},"image":{"@id":"https:\/\/www.autojm.fr\/blog\/mondial-de-lauto-kia-carens-nouvelle-generation\/#primaryimage"},"thumbnailUrl":"https:\/\/www.autojm.fr\/blog\/wp-content\/uploads\/2022\/10\/191.jpg","datePublished":"2012-09-21T10:02:44+00:00","dateModified":"2023-04-19T14:16:10+00:00","description":"Le constructeur Cor\u00e9en Kia mise sur la nouvelle version de son Kia Carens pour concurrencer les familiales de type Citro\u00ebn C4...","breadcrumb":{"@id":"https:\/\/www.autojm.fr\/blog\/mondial-de-lauto-kia-carens-nouvelle-generation\/#breadcrumb"},"inLanguage":"fr-FR","potentialAction":[{"@type":"ReadAction","target":["https:\/\/www.autojm.fr\/blog\/mondial-de-lauto-kia-carens-nouvelle-generation\/"]}]},{"@type":"ImageObject","inLanguage":"fr-FR","@id":"https:\/\/www.autojm.fr\/blog\/mondial-de-lauto-kia-carens-nouvelle-generation\/#primaryimage","url":"https:\/\/www.autojm.fr\/blog\/wp-content\/uploads\/2022\/10\/191.jpg","contentUrl":"https:\/\/www.autojm.fr\/blog\/wp-content\/uploads\/2022\/10\/191.jpg","width":350,"height":220,"caption":"Kia Carens"},{"@type":"BreadcrumbList","@id":"https:\/\/www.autojm.fr\/blog\/mondial-de-lauto-kia-carens-nouvelle-generation\/#breadcrumb","itemListElement":[{"@type":"ListItem","position":1,"name":"Accueil","item":"https:\/\/www.autojm.fr\/blog\/"},{"@type":"ListItem","position":2,"name":"Nouveaut\u00e9s Autos","item":"https:\/\/www.autojm.fr\/blog\/nouveautes-autos\/"},{"@type":"ListItem","position":3,"name":"Mondial de l&rsquo;auto : Kia Carens nouvelle g\u00e9n\u00e9ration"}]},{"@type":"WebSite","@id":"https:\/\/www.autojm.fr\/blog\/#website","url":"https:\/\/www.autojm.fr\/blog\/","name":"AutoJM Mag","description":"Toute l&#039;actu auto en 1 clic !","publisher":{"@id":"https:\/\/www.autojm.fr\/blog\/#organization"},"potentialAction":[{"@type":"SearchAction","target":{"@type":"EntryPoint","urlTemplate":"https:\/\/www.autojm.fr\/blog\/?s={search_term_string}"},"query-input":{"@type":"PropertyValueSpecification","valueRequired":true,"valueName":"search_term_string"}}],"inLanguage":"fr-FR"},{"@type":"Organization","@id":"https:\/\/www.autojm.fr\/blog\/#organization","name":"AutoJM Mag","url":"https:\/\/www.autojm.fr\/blog\/","logo":{"@type":"ImageObject","inLanguage":"fr-FR","@id":"https:\/\/www.autojm.fr\/blog\/#\/schema\/logo\/image\/","url":"https:\/\/www.autojm.fr\/blog\/wp-content\/uploads\/2022\/12\/cropped-AutoJMag-png.png","contentUrl":"https:\/\/www.autojm.fr\/blog\/wp-content\/uploads\/2022\/12\/cropped-AutoJMag-png.png","width":2834,"height":585,"caption":"AutoJM Mag"},"image":{"@id":"https:\/\/www.autojm.fr\/blog\/#\/schema\/logo\/image\/"},"sameAs":["https:\/\/www.facebook.com\/AutoJM25"]},{"@type":"Person","@id":"https:\/\/www.autojm.fr\/blog\/#\/schema\/person\/9742bc77541853e0de81fc57f947e1a0","name":"Autojm","image":{"@type":"ImageObject","inLanguage":"fr-FR","@id":"https:\/\/secure.gravatar.com\/avatar\/9a959d52b758fcc232fe4b6aca7bab139182573297122cce7d6f2ee0e537b418?s=96&d=mm&r=g","url":"https:\/\/secure.gravatar.com\/avatar\/9a959d52b758fcc232fe4b6aca7bab139182573297122cce7d6f2ee0e537b418?s=96&d=mm&r=g","contentUrl":"https:\/\/secure.gravatar.com\/avatar\/9a959d52b758fcc232fe4b6aca7bab139182573297122cce7d6f2ee0e537b418?s=96&d=mm&r=g","caption":"Autojm"},"sameAs":["https:\/\/www.autojm.fr\/blog"],"url":"https:\/\/www.autojm.fr\/blog\/author\/bichoi\/"}]}},"_links":{"self":[{"href":"https:\/\/www.autojm.fr\/blog\/wp-json\/wp\/v2\/posts\/3477","targetHints":{"allow":["GET"]}}],"collection":[{"href":"https:\/\/www.autojm.fr\/blog\/wp-json\/wp\/v2\/posts"}],"about":[{"href":"https:\/\/www.autojm.fr\/blog\/wp-json\/wp\/v2\/types\/post"}],"author":[{"embeddable":true,"href":"https:\/\/www.autojm.fr\/blog\/wp-json\/wp\/v2\/users\/1"}],"replies":[{"embeddable":true,"href":"https:\/\/www.autojm.fr\/blog\/wp-json\/wp\/v2\/comments?post=3477"}],"version-history":[{"count":4,"href":"https:\/\/www.autojm.fr\/blog\/wp-json\/wp\/v2\/posts\/3477\/revisions"}],"predecessor-version":[{"id":9605,"href":"https:\/\/www.autojm.fr\/blog\/wp-json\/wp\/v2\/posts\/3477\/revisions\/9605"}],"wp:featuredmedia":[{"embeddable":true,"href":"https:\/\/www.autojm.fr\/blog\/wp-json\/wp\/v2\/media\/5552"}],"wp:attachment":[{"href":"https:\/\/www.autojm.fr\/blog\/wp-json\/wp\/v2\/media?parent=3477"}],"wp:term":[{"taxonomy":"category","embeddable":true,"href":"https:\/\/www.autojm.fr\/blog\/wp-json\/wp\/v2\/categories?post=3477"},{"taxonomy":"post_tag","embeddable":true,"href":"https:\/\/www.autojm.fr\/blog\/wp-json\/wp\/v2\/tags?post=3477"}],"curies":[{"name":"wp","href":"https:\/\/api.w.org\/{rel}","templated":true}]}}