{"id":3474,"date":"2012-09-18T15:27:53","date_gmt":"2012-09-18T15:27:53","guid":{"rendered":"https:\/\/www.autojm.fr\/blog\/citroen-ds4-et-ds5-en-version-luxe\/"},"modified":"2023-04-19T14:17:32","modified_gmt":"2023-04-19T14:17:32","slug":"citroen-ds4-et-ds5-en-version-luxe","status":"publish","type":"post","link":"https:\/\/www.autojm.fr\/blog\/citroen-ds4-et-ds5-en-version-luxe\/","title":{"rendered":"Citro\u00ebn DS4 et DS5 en version luxe"},"content":{"rendered":"<p>Encore des nouveaut\u00e9s au stand <a href=\"https:\/\/www.autojm.fr\/mandataire-voitures-neuves-citroen\">Citro\u00ebn <\/a>!<\/p>\n<p>La marque aux chevrons pr\u00e9sentera une version plus \u00ab\u00a0luxueuse\u00a0\u00bb de ses <a href=\"https:\/\/www.autojm.fr\/achat-voitures-neuves-ds-nouvelle-ds-4-2021-5p\">DS4 <\/a>et DS5 , en sortant une \u00e9dition limit\u00e9 appel\u00e9e \u00ab\u00a0Pure Pearl Edition\u00a0\u00bb.<\/p>\n<p>Cette \u00e9dition se caract\u00e9rise par une couleur de carrosserie \u00ab\u00a0Blanc Perle\u00a0\u00bb et des touches de chrome un peu partout sur le v\u00e9hicule.<\/p>\n<p>On verra \u00e9galement apparaitre les phares adaptatifs au xenon, des capteurs de parking avant et arri\u00e8re.<\/p>\n<p>C\u00f4t\u00e9 motorisation, elle sera disponible uniquement en version HDI 2.0 litres avec 163 ch.<\/p>\n<p>\u00c0 d\u00e9couvrir donc au Mondial de l&rsquo;Automobile<\/p>\n","protected":false},"excerpt":{"rendered":"<p>La marque aux chevrons pr\u00e9sentera une version plus \u00ab\u00a0luxueuse\u00a0\u00bb de ses DS4 et DS5 , en sortant une \u00e9dition limit\u00e9 appel\u00e9e \u00ab\u00a0Pure Pearl Edition\u00a0\u00bb.<\/p>\n","protected":false},"author":1,"featured_media":5550,"comment_status":"open","ping_status":"open","sticky":false,"template":"","format":"standard","meta":{"_acf_changed":false,"content-type":"","footnotes":""},"categories":[65,61],"tags":[90,105,102,240],"class_list":["post-3474","post","type-post","status-publish","format-standard","has-post-thumbnail","hentry","category-actualites-ds","category-nouveautes-autos","tag-autojm","tag-ds","tag-ds4","tag-ds5"],"acf":[],"yoast_head":"<!-- This site is optimized with the Yoast SEO plugin v27.5 - https:\/\/yoast.com\/product\/yoast-seo-wordpress\/ -->\n<title>Citro\u00ebn DS4 et DS5 en version luxe - AutoJM Mag<\/title>\n<meta name=\"description\" content=\"La marque aux chevrons pr\u00e9sentera une version plus &quot;luxueuse&quot; de ses DS4 et DS5 , en sortant une \u00e9dition limit\u00e9 appel\u00e9e &quot;Pure Pearl Edition&quot;.\" \/>\n<meta name=\"robots\" content=\"index, follow, max-snippet:-1, max-image-preview:large, max-video-preview:-1\" \/>\n<link rel=\"canonical\" href=\"https:\/\/www.autojm.fr\/blog\/citroen-ds4-et-ds5-en-version-luxe\/\" \/>\n<meta property=\"og:locale\" content=\"fr_FR\" \/>\n<meta property=\"og:type\" content=\"article\" \/>\n<meta property=\"og:title\" content=\"Citro\u00ebn DS4 et DS5 en version luxe - AutoJM Mag\" \/>\n<meta property=\"og:description\" content=\"La marque aux chevrons pr\u00e9sentera une version plus &quot;luxueuse&quot; de ses DS4 et DS5 , en sortant une \u00e9dition limit\u00e9 appel\u00e9e &quot;Pure Pearl Edition&quot;.\" \/>\n<meta property=\"og:url\" content=\"https:\/\/www.autojm.fr\/blog\/citroen-ds4-et-ds5-en-version-luxe\/\" \/>\n<meta property=\"og:site_name\" content=\"AutoJM Mag\" \/>\n<meta property=\"article:publisher\" content=\"https:\/\/www.facebook.com\/AutoJM25\" \/>\n<meta property=\"article:published_time\" content=\"2012-09-18T15:27:53+00:00\" \/>\n<meta property=\"article:modified_time\" content=\"2023-04-19T14:17:32+00:00\" \/>\n<meta property=\"og:image\" content=\"https:\/\/www.autojm.fr\/blog\/wp-content\/uploads\/2022\/10\/188.jpg\" \/>\n\t<meta property=\"og:image:width\" content=\"460\" \/>\n\t<meta property=\"og:image:height\" content=\"512\" \/>\n\t<meta property=\"og:image:type\" content=\"image\/jpeg\" \/>\n<meta name=\"author\" content=\"Autojm\" \/>\n<meta name=\"twitter:card\" content=\"summary_large_image\" \/>\n<meta name=\"twitter:label1\" content=\"\u00c9crit par\" \/>\n\t<meta name=\"twitter:data1\" content=\"Autojm\" \/>\n\t<meta name=\"twitter:label2\" content=\"Dur\u00e9e de lecture estim\u00e9e\" \/>\n\t<meta name=\"twitter:data2\" content=\"1 minute\" \/>\n<script type=\"application\/ld+json\" class=\"yoast-schema-graph\">{\"@context\":\"https:\\\/\\\/schema.org\",\"@graph\":[{\"@type\":\"Article\",\"@id\":\"https:\\\/\\\/www.autojm.fr\\\/blog\\\/citroen-ds4-et-ds5-en-version-luxe\\\/#article\",\"isPartOf\":{\"@id\":\"https:\\\/\\\/www.autojm.fr\\\/blog\\\/citroen-ds4-et-ds5-en-version-luxe\\\/\"},\"author\":{\"name\":\"Autojm\",\"@id\":\"https:\\\/\\\/www.autojm.fr\\\/blog\\\/#\\\/schema\\\/person\\\/9742bc77541853e0de81fc57f947e1a0\"},\"headline\":\"Citro\u00ebn DS4 et DS5 en version luxe\",\"datePublished\":\"2012-09-18T15:27:53+00:00\",\"dateModified\":\"2023-04-19T14:17:32+00:00\",\"mainEntityOfPage\":{\"@id\":\"https:\\\/\\\/www.autojm.fr\\\/blog\\\/citroen-ds4-et-ds5-en-version-luxe\\\/\"},\"wordCount\":102,\"commentCount\":0,\"publisher\":{\"@id\":\"https:\\\/\\\/www.autojm.fr\\\/blog\\\/#organization\"},\"image\":{\"@id\":\"https:\\\/\\\/www.autojm.fr\\\/blog\\\/citroen-ds4-et-ds5-en-version-luxe\\\/#primaryimage\"},\"thumbnailUrl\":\"https:\\\/\\\/www.autojm.fr\\\/blog\\\/wp-content\\\/uploads\\\/2022\\\/10\\\/188.jpg\",\"keywords\":[\"autojm\",\"DS\",\"DS4\",\"DS5\"],\"articleSection\":[\"Actualit\u00e9s DS\",\"Nouveaut\u00e9s Autos\"],\"inLanguage\":\"fr-FR\",\"potentialAction\":[{\"@type\":\"CommentAction\",\"name\":\"Comment\",\"target\":[\"https:\\\/\\\/www.autojm.fr\\\/blog\\\/citroen-ds4-et-ds5-en-version-luxe\\\/#respond\"]}]},{\"@type\":\"WebPage\",\"@id\":\"https:\\\/\\\/www.autojm.fr\\\/blog\\\/citroen-ds4-et-ds5-en-version-luxe\\\/\",\"url\":\"https:\\\/\\\/www.autojm.fr\\\/blog\\\/citroen-ds4-et-ds5-en-version-luxe\\\/\",\"name\":\"Citro\u00ebn DS4 et DS5 en version luxe - AutoJM Mag\",\"isPartOf\":{\"@id\":\"https:\\\/\\\/www.autojm.fr\\\/blog\\\/#website\"},\"primaryImageOfPage\":{\"@id\":\"https:\\\/\\\/www.autojm.fr\\\/blog\\\/citroen-ds4-et-ds5-en-version-luxe\\\/#primaryimage\"},\"image\":{\"@id\":\"https:\\\/\\\/www.autojm.fr\\\/blog\\\/citroen-ds4-et-ds5-en-version-luxe\\\/#primaryimage\"},\"thumbnailUrl\":\"https:\\\/\\\/www.autojm.fr\\\/blog\\\/wp-content\\\/uploads\\\/2022\\\/10\\\/188.jpg\",\"datePublished\":\"2012-09-18T15:27:53+00:00\",\"dateModified\":\"2023-04-19T14:17:32+00:00\",\"description\":\"La marque aux chevrons pr\u00e9sentera une version plus \\\"luxueuse\\\" de ses DS4 et DS5 , en sortant une \u00e9dition limit\u00e9 appel\u00e9e \\\"Pure Pearl Edition\\\".\",\"breadcrumb\":{\"@id\":\"https:\\\/\\\/www.autojm.fr\\\/blog\\\/citroen-ds4-et-ds5-en-version-luxe\\\/#breadcrumb\"},\"inLanguage\":\"fr-FR\",\"potentialAction\":[{\"@type\":\"ReadAction\",\"target\":[\"https:\\\/\\\/www.autojm.fr\\\/blog\\\/citroen-ds4-et-ds5-en-version-luxe\\\/\"]}]},{\"@type\":\"ImageObject\",\"inLanguage\":\"fr-FR\",\"@id\":\"https:\\\/\\\/www.autojm.fr\\\/blog\\\/citroen-ds4-et-ds5-en-version-luxe\\\/#primaryimage\",\"url\":\"https:\\\/\\\/www.autojm.fr\\\/blog\\\/wp-content\\\/uploads\\\/2022\\\/10\\\/188.jpg\",\"contentUrl\":\"https:\\\/\\\/www.autojm.fr\\\/blog\\\/wp-content\\\/uploads\\\/2022\\\/10\\\/188.jpg\",\"width\":460,\"height\":512,\"caption\":\"DS4\"},{\"@type\":\"BreadcrumbList\",\"@id\":\"https:\\\/\\\/www.autojm.fr\\\/blog\\\/citroen-ds4-et-ds5-en-version-luxe\\\/#breadcrumb\",\"itemListElement\":[{\"@type\":\"ListItem\",\"position\":1,\"name\":\"Accueil\",\"item\":\"https:\\\/\\\/www.autojm.fr\\\/blog\\\/\"},{\"@type\":\"ListItem\",\"position\":2,\"name\":\"Nouveaut\u00e9s Autos\",\"item\":\"https:\\\/\\\/www.autojm.fr\\\/blog\\\/nouveautes-autos\\\/\"},{\"@type\":\"ListItem\",\"position\":3,\"name\":\"Citro\u00ebn DS4 et DS5 en version luxe\"}]},{\"@type\":\"WebSite\",\"@id\":\"https:\\\/\\\/www.autojm.fr\\\/blog\\\/#website\",\"url\":\"https:\\\/\\\/www.autojm.fr\\\/blog\\\/\",\"name\":\"AutoJM Mag\",\"description\":\"Toute l&#039;actu auto en 1 clic !\",\"publisher\":{\"@id\":\"https:\\\/\\\/www.autojm.fr\\\/blog\\\/#organization\"},\"potentialAction\":[{\"@type\":\"SearchAction\",\"target\":{\"@type\":\"EntryPoint\",\"urlTemplate\":\"https:\\\/\\\/www.autojm.fr\\\/blog\\\/?s={search_term_string}\"},\"query-input\":{\"@type\":\"PropertyValueSpecification\",\"valueRequired\":true,\"valueName\":\"search_term_string\"}}],\"inLanguage\":\"fr-FR\"},{\"@type\":\"Organization\",\"@id\":\"https:\\\/\\\/www.autojm.fr\\\/blog\\\/#organization\",\"name\":\"AutoJM Mag\",\"url\":\"https:\\\/\\\/www.autojm.fr\\\/blog\\\/\",\"logo\":{\"@type\":\"ImageObject\",\"inLanguage\":\"fr-FR\",\"@id\":\"https:\\\/\\\/www.autojm.fr\\\/blog\\\/#\\\/schema\\\/logo\\\/image\\\/\",\"url\":\"https:\\\/\\\/www.autojm.fr\\\/blog\\\/wp-content\\\/uploads\\\/2022\\\/12\\\/cropped-AutoJMag-png.png\",\"contentUrl\":\"https:\\\/\\\/www.autojm.fr\\\/blog\\\/wp-content\\\/uploads\\\/2022\\\/12\\\/cropped-AutoJMag-png.png\",\"width\":2834,\"height\":585,\"caption\":\"AutoJM Mag\"},\"image\":{\"@id\":\"https:\\\/\\\/www.autojm.fr\\\/blog\\\/#\\\/schema\\\/logo\\\/image\\\/\"},\"sameAs\":[\"https:\\\/\\\/www.facebook.com\\\/AutoJM25\"]},{\"@type\":\"Person\",\"@id\":\"https:\\\/\\\/www.autojm.fr\\\/blog\\\/#\\\/schema\\\/person\\\/9742bc77541853e0de81fc57f947e1a0\",\"name\":\"Autojm\",\"image\":{\"@type\":\"ImageObject\",\"inLanguage\":\"fr-FR\",\"@id\":\"https:\\\/\\\/secure.gravatar.com\\\/avatar\\\/9a959d52b758fcc232fe4b6aca7bab139182573297122cce7d6f2ee0e537b418?s=96&d=mm&r=g\",\"url\":\"https:\\\/\\\/secure.gravatar.com\\\/avatar\\\/9a959d52b758fcc232fe4b6aca7bab139182573297122cce7d6f2ee0e537b418?s=96&d=mm&r=g\",\"contentUrl\":\"https:\\\/\\\/secure.gravatar.com\\\/avatar\\\/9a959d52b758fcc232fe4b6aca7bab139182573297122cce7d6f2ee0e537b418?s=96&d=mm&r=g\",\"caption\":\"Autojm\"},\"sameAs\":[\"https:\\\/\\\/www.autojm.fr\\\/blog\"],\"url\":\"https:\\\/\\\/www.autojm.fr\\\/blog\\\/author\\\/bichoi\\\/\"}]}<\/script>\n<!-- \/ Yoast SEO plugin. -->","yoast_head_json":{"title":"Citro\u00ebn DS4 et DS5 en version luxe - AutoJM Mag","description":"La marque aux chevrons pr\u00e9sentera une version plus \"luxueuse\" de ses DS4 et DS5 , en sortant une \u00e9dition limit\u00e9 appel\u00e9e \"Pure Pearl Edition\".","robots":{"index":"index","follow":"follow","max-snippet":"max-snippet:-1","max-image-preview":"max-image-preview:large","max-video-preview":"max-video-preview:-1"},"canonical":"https:\/\/www.autojm.fr\/blog\/citroen-ds4-et-ds5-en-version-luxe\/","og_locale":"fr_FR","og_type":"article","og_title":"Citro\u00ebn DS4 et DS5 en version luxe - AutoJM Mag","og_description":"La marque aux chevrons pr\u00e9sentera une version plus \"luxueuse\" de ses DS4 et DS5 , en sortant une \u00e9dition limit\u00e9 appel\u00e9e \"Pure Pearl Edition\".","og_url":"https:\/\/www.autojm.fr\/blog\/citroen-ds4-et-ds5-en-version-luxe\/","og_site_name":"AutoJM Mag","article_publisher":"https:\/\/www.facebook.com\/AutoJM25","article_published_time":"2012-09-18T15:27:53+00:00","article_modified_time":"2023-04-19T14:17:32+00:00","og_image":[{"width":460,"height":512,"url":"https:\/\/www.autojm.fr\/blog\/wp-content\/uploads\/2022\/10\/188.jpg","type":"image\/jpeg"}],"author":"Autojm","twitter_card":"summary_large_image","twitter_misc":{"\u00c9crit par":"Autojm","Dur\u00e9e de lecture estim\u00e9e":"1 minute"},"schema":{"@context":"https:\/\/schema.org","@graph":[{"@type":"Article","@id":"https:\/\/www.autojm.fr\/blog\/citroen-ds4-et-ds5-en-version-luxe\/#article","isPartOf":{"@id":"https:\/\/www.autojm.fr\/blog\/citroen-ds4-et-ds5-en-version-luxe\/"},"author":{"name":"Autojm","@id":"https:\/\/www.autojm.fr\/blog\/#\/schema\/person\/9742bc77541853e0de81fc57f947e1a0"},"headline":"Citro\u00ebn DS4 et DS5 en version luxe","datePublished":"2012-09-18T15:27:53+00:00","dateModified":"2023-04-19T14:17:32+00:00","mainEntityOfPage":{"@id":"https:\/\/www.autojm.fr\/blog\/citroen-ds4-et-ds5-en-version-luxe\/"},"wordCount":102,"commentCount":0,"publisher":{"@id":"https:\/\/www.autojm.fr\/blog\/#organization"},"image":{"@id":"https:\/\/www.autojm.fr\/blog\/citroen-ds4-et-ds5-en-version-luxe\/#primaryimage"},"thumbnailUrl":"https:\/\/www.autojm.fr\/blog\/wp-content\/uploads\/2022\/10\/188.jpg","keywords":["autojm","DS","DS4","DS5"],"articleSection":["Actualit\u00e9s DS","Nouveaut\u00e9s Autos"],"inLanguage":"fr-FR","potentialAction":[{"@type":"CommentAction","name":"Comment","target":["https:\/\/www.autojm.fr\/blog\/citroen-ds4-et-ds5-en-version-luxe\/#respond"]}]},{"@type":"WebPage","@id":"https:\/\/www.autojm.fr\/blog\/citroen-ds4-et-ds5-en-version-luxe\/","url":"https:\/\/www.autojm.fr\/blog\/citroen-ds4-et-ds5-en-version-luxe\/","name":"Citro\u00ebn DS4 et DS5 en version luxe - AutoJM Mag","isPartOf":{"@id":"https:\/\/www.autojm.fr\/blog\/#website"},"primaryImageOfPage":{"@id":"https:\/\/www.autojm.fr\/blog\/citroen-ds4-et-ds5-en-version-luxe\/#primaryimage"},"image":{"@id":"https:\/\/www.autojm.fr\/blog\/citroen-ds4-et-ds5-en-version-luxe\/#primaryimage"},"thumbnailUrl":"https:\/\/www.autojm.fr\/blog\/wp-content\/uploads\/2022\/10\/188.jpg","datePublished":"2012-09-18T15:27:53+00:00","dateModified":"2023-04-19T14:17:32+00:00","description":"La marque aux chevrons pr\u00e9sentera une version plus \"luxueuse\" de ses DS4 et DS5 , en sortant une \u00e9dition limit\u00e9 appel\u00e9e \"Pure Pearl Edition\".","breadcrumb":{"@id":"https:\/\/www.autojm.fr\/blog\/citroen-ds4-et-ds5-en-version-luxe\/#breadcrumb"},"inLanguage":"fr-FR","potentialAction":[{"@type":"ReadAction","target":["https:\/\/www.autojm.fr\/blog\/citroen-ds4-et-ds5-en-version-luxe\/"]}]},{"@type":"ImageObject","inLanguage":"fr-FR","@id":"https:\/\/www.autojm.fr\/blog\/citroen-ds4-et-ds5-en-version-luxe\/#primaryimage","url":"https:\/\/www.autojm.fr\/blog\/wp-content\/uploads\/2022\/10\/188.jpg","contentUrl":"https:\/\/www.autojm.fr\/blog\/wp-content\/uploads\/2022\/10\/188.jpg","width":460,"height":512,"caption":"DS4"},{"@type":"BreadcrumbList","@id":"https:\/\/www.autojm.fr\/blog\/citroen-ds4-et-ds5-en-version-luxe\/#breadcrumb","itemListElement":[{"@type":"ListItem","position":1,"name":"Accueil","item":"https:\/\/www.autojm.fr\/blog\/"},{"@type":"ListItem","position":2,"name":"Nouveaut\u00e9s Autos","item":"https:\/\/www.autojm.fr\/blog\/nouveautes-autos\/"},{"@type":"ListItem","position":3,"name":"Citro\u00ebn DS4 et DS5 en version luxe"}]},{"@type":"WebSite","@id":"https:\/\/www.autojm.fr\/blog\/#website","url":"https:\/\/www.autojm.fr\/blog\/","name":"AutoJM Mag","description":"Toute l&#039;actu auto en 1 clic !","publisher":{"@id":"https:\/\/www.autojm.fr\/blog\/#organization"},"potentialAction":[{"@type":"SearchAction","target":{"@type":"EntryPoint","urlTemplate":"https:\/\/www.autojm.fr\/blog\/?s={search_term_string}"},"query-input":{"@type":"PropertyValueSpecification","valueRequired":true,"valueName":"search_term_string"}}],"inLanguage":"fr-FR"},{"@type":"Organization","@id":"https:\/\/www.autojm.fr\/blog\/#organization","name":"AutoJM Mag","url":"https:\/\/www.autojm.fr\/blog\/","logo":{"@type":"ImageObject","inLanguage":"fr-FR","@id":"https:\/\/www.autojm.fr\/blog\/#\/schema\/logo\/image\/","url":"https:\/\/www.autojm.fr\/blog\/wp-content\/uploads\/2022\/12\/cropped-AutoJMag-png.png","contentUrl":"https:\/\/www.autojm.fr\/blog\/wp-content\/uploads\/2022\/12\/cropped-AutoJMag-png.png","width":2834,"height":585,"caption":"AutoJM Mag"},"image":{"@id":"https:\/\/www.autojm.fr\/blog\/#\/schema\/logo\/image\/"},"sameAs":["https:\/\/www.facebook.com\/AutoJM25"]},{"@type":"Person","@id":"https:\/\/www.autojm.fr\/blog\/#\/schema\/person\/9742bc77541853e0de81fc57f947e1a0","name":"Autojm","image":{"@type":"ImageObject","inLanguage":"fr-FR","@id":"https:\/\/secure.gravatar.com\/avatar\/9a959d52b758fcc232fe4b6aca7bab139182573297122cce7d6f2ee0e537b418?s=96&d=mm&r=g","url":"https:\/\/secure.gravatar.com\/avatar\/9a959d52b758fcc232fe4b6aca7bab139182573297122cce7d6f2ee0e537b418?s=96&d=mm&r=g","contentUrl":"https:\/\/secure.gravatar.com\/avatar\/9a959d52b758fcc232fe4b6aca7bab139182573297122cce7d6f2ee0e537b418?s=96&d=mm&r=g","caption":"Autojm"},"sameAs":["https:\/\/www.autojm.fr\/blog"],"url":"https:\/\/www.autojm.fr\/blog\/author\/bichoi\/"}]}},"_links":{"self":[{"href":"https:\/\/www.autojm.fr\/blog\/wp-json\/wp\/v2\/posts\/3474","targetHints":{"allow":["GET"]}}],"collection":[{"href":"https:\/\/www.autojm.fr\/blog\/wp-json\/wp\/v2\/posts"}],"about":[{"href":"https:\/\/www.autojm.fr\/blog\/wp-json\/wp\/v2\/types\/post"}],"author":[{"embeddable":true,"href":"https:\/\/www.autojm.fr\/blog\/wp-json\/wp\/v2\/users\/1"}],"replies":[{"embeddable":true,"href":"https:\/\/www.autojm.fr\/blog\/wp-json\/wp\/v2\/comments?post=3474"}],"version-history":[{"count":4,"href":"https:\/\/www.autojm.fr\/blog\/wp-json\/wp\/v2\/posts\/3474\/revisions"}],"predecessor-version":[{"id":9609,"href":"https:\/\/www.autojm.fr\/blog\/wp-json\/wp\/v2\/posts\/3474\/revisions\/9609"}],"wp:featuredmedia":[{"embeddable":true,"href":"https:\/\/www.autojm.fr\/blog\/wp-json\/wp\/v2\/media\/5550"}],"wp:attachment":[{"href":"https:\/\/www.autojm.fr\/blog\/wp-json\/wp\/v2\/media?parent=3474"}],"wp:term":[{"taxonomy":"category","embeddable":true,"href":"https:\/\/www.autojm.fr\/blog\/wp-json\/wp\/v2\/categories?post=3474"},{"taxonomy":"post_tag","embeddable":true,"href":"https:\/\/www.autojm.fr\/blog\/wp-json\/wp\/v2\/tags?post=3474"}],"curies":[{"name":"wp","href":"https:\/\/api.w.org\/{rel}","templated":true}]}}