{"id":3457,"date":"2012-07-09T14:54:00","date_gmt":"2012-07-09T14:54:00","guid":{"rendered":"https:\/\/www.autojm.fr\/blog\/le-voile-est-leve-sur-la-renault-clio-4\/"},"modified":"2023-04-19T14:28:43","modified_gmt":"2023-04-19T14:28:43","slug":"le-voile-est-leve-sur-la-renault-clio-4","status":"publish","type":"post","link":"https:\/\/www.autojm.fr\/blog\/le-voile-est-leve-sur-la-renault-clio-4\/","title":{"rendered":"Le voile est lev\u00e9 sur la Renault Clio 4"},"content":{"rendered":"<p><a href=\"https:\/\/www.autojm.fr\/mandataire-voitures-neuves-renault\">Renault <\/a>l&rsquo;avait annonc\u00e9, la derni\u00e8re g\u00e9n\u00e9ration de sa <a href=\"https:\/\/www.autojm.fr\/mandataire-voitures-neuves-renault\">Clio <\/a>sera la nouvelle star de ces dames ! L&rsquo;innovation se trouve sur le plan technique mais \u00e9galement sur le plan esth\u00e9tique !<\/p>\n<p>Cette Clio 4 fera de l&rsquo;ombre aux citadines ultra personnalisables, telle que la DS3 et la Fiat 500.<\/p>\n<p>En effet, <a href=\"https:\/\/www.autojm.fr\/mandataire-voitures-neuves-renault\">Renault <\/a>proposera un programme de personnalisation avec des stickers afin de se d\u00e9marquer des mod\u00e8les standards. Cette personnalisation pourra \u00eatre plus pr\u00e9cise avec le choix de la couleur sur les joncs de calandre, les protections inf\u00e9rieure se porti\u00e8res, l&rsquo;int\u00e9rieur des jante, les coques et la jupe de bouclier arri\u00e8re.<\/p>\n<p>Bien entendu, les int\u00e9rieurs pourront \u00eatre customis\u00e9s : tableau de bord, si\u00e8ge, volant&#8230;<\/p>\n<p>Voici quelques photos pour les plus impatients !<\/p>\n<p>Vous pouvez \u00e9galement en parler avec les amateurs de la Renault Clio 4 sur ce <a href=\"http:\/\/renault-clio-4.forumpro.fr\/\">forum d\u00e9di\u00e9.<\/a><\/p>\n","protected":false},"excerpt":{"rendered":"<p>Renault l&rsquo;avait annonc\u00e9, la derni\u00e8re g\u00e9n\u00e9ration de sa Clio sera la nouvelle star de ces dames ! L&rsquo;innovation se trouve sur le plan technique mais \u00e9galement sur le plan esth\u00e9tique !<\/p>\n","protected":false},"author":1,"featured_media":5537,"comment_status":"open","ping_status":"open","sticky":false,"template":"","format":"standard","meta":{"_acf_changed":false,"content-type":"","footnotes":""},"categories":[62,61],"tags":[90,78,232],"class_list":["post-3457","post","type-post","status-publish","format-standard","has-post-thumbnail","hentry","category-nouveaute-renault","category-nouveautes-autos","tag-autojm","tag-renault","tag-renault-clio-4"],"acf":[],"yoast_head":"<!-- This site is optimized with the Yoast SEO plugin v27.5 - https:\/\/yoast.com\/product\/yoast-seo-wordpress\/ -->\n<title>Le voile est lev\u00e9 sur la Renault Clio 4 - AutoJM Mag<\/title>\n<meta name=\"description\" content=\"Renault l&#039;avait annonc\u00e9, la derni\u00e8re g\u00e9n\u00e9ration de sa Clio sera la nouvelle star de ces dames ! L&#039;innovation se trouve sur le plan...\" \/>\n<meta name=\"robots\" content=\"index, follow, max-snippet:-1, max-image-preview:large, max-video-preview:-1\" \/>\n<link rel=\"canonical\" href=\"https:\/\/www.autojm.fr\/blog\/le-voile-est-leve-sur-la-renault-clio-4\/\" \/>\n<meta property=\"og:locale\" content=\"fr_FR\" \/>\n<meta property=\"og:type\" content=\"article\" \/>\n<meta property=\"og:title\" content=\"Le voile est lev\u00e9 sur la Renault Clio 4 - AutoJM Mag\" \/>\n<meta property=\"og:description\" content=\"Renault l&#039;avait annonc\u00e9, la derni\u00e8re g\u00e9n\u00e9ration de sa Clio sera la nouvelle star de ces dames ! L&#039;innovation se trouve sur le plan...\" \/>\n<meta property=\"og:url\" content=\"https:\/\/www.autojm.fr\/blog\/le-voile-est-leve-sur-la-renault-clio-4\/\" \/>\n<meta property=\"og:site_name\" content=\"AutoJM Mag\" \/>\n<meta property=\"article:publisher\" content=\"https:\/\/www.facebook.com\/AutoJM25\" \/>\n<meta property=\"article:published_time\" content=\"2012-07-09T14:54:00+00:00\" \/>\n<meta property=\"article:modified_time\" content=\"2023-04-19T14:28:43+00:00\" \/>\n<meta property=\"og:image\" content=\"https:\/\/www.autojm.fr\/blog\/wp-content\/uploads\/2022\/10\/171.jpg\" \/>\n\t<meta property=\"og:image:width\" content=\"564\" \/>\n\t<meta property=\"og:image:height\" content=\"282\" \/>\n\t<meta property=\"og:image:type\" content=\"image\/jpeg\" \/>\n<meta name=\"author\" content=\"Autojm\" \/>\n<meta name=\"twitter:card\" content=\"summary_large_image\" \/>\n<meta name=\"twitter:label1\" content=\"\u00c9crit par\" \/>\n\t<meta name=\"twitter:data1\" content=\"Autojm\" \/>\n\t<meta name=\"twitter:label2\" content=\"Dur\u00e9e de lecture estim\u00e9e\" \/>\n\t<meta name=\"twitter:data2\" content=\"1 minute\" \/>\n<script type=\"application\/ld+json\" class=\"yoast-schema-graph\">{\"@context\":\"https:\\\/\\\/schema.org\",\"@graph\":[{\"@type\":\"Article\",\"@id\":\"https:\\\/\\\/www.autojm.fr\\\/blog\\\/le-voile-est-leve-sur-la-renault-clio-4\\\/#article\",\"isPartOf\":{\"@id\":\"https:\\\/\\\/www.autojm.fr\\\/blog\\\/le-voile-est-leve-sur-la-renault-clio-4\\\/\"},\"author\":{\"name\":\"Autojm\",\"@id\":\"https:\\\/\\\/www.autojm.fr\\\/blog\\\/#\\\/schema\\\/person\\\/9742bc77541853e0de81fc57f947e1a0\"},\"headline\":\"Le voile est lev\u00e9 sur la Renault Clio 4\",\"datePublished\":\"2012-07-09T14:54:00+00:00\",\"dateModified\":\"2023-04-19T14:28:43+00:00\",\"mainEntityOfPage\":{\"@id\":\"https:\\\/\\\/www.autojm.fr\\\/blog\\\/le-voile-est-leve-sur-la-renault-clio-4\\\/\"},\"wordCount\":154,\"commentCount\":0,\"publisher\":{\"@id\":\"https:\\\/\\\/www.autojm.fr\\\/blog\\\/#organization\"},\"image\":{\"@id\":\"https:\\\/\\\/www.autojm.fr\\\/blog\\\/le-voile-est-leve-sur-la-renault-clio-4\\\/#primaryimage\"},\"thumbnailUrl\":\"https:\\\/\\\/www.autojm.fr\\\/blog\\\/wp-content\\\/uploads\\\/2022\\\/10\\\/171.jpg\",\"keywords\":[\"autojm\",\"renault\",\"Renault Clio 4\"],\"articleSection\":[\"Nouveaut\u00e9 Renault\",\"Nouveaut\u00e9s Autos\"],\"inLanguage\":\"fr-FR\",\"potentialAction\":[{\"@type\":\"CommentAction\",\"name\":\"Comment\",\"target\":[\"https:\\\/\\\/www.autojm.fr\\\/blog\\\/le-voile-est-leve-sur-la-renault-clio-4\\\/#respond\"]}]},{\"@type\":\"WebPage\",\"@id\":\"https:\\\/\\\/www.autojm.fr\\\/blog\\\/le-voile-est-leve-sur-la-renault-clio-4\\\/\",\"url\":\"https:\\\/\\\/www.autojm.fr\\\/blog\\\/le-voile-est-leve-sur-la-renault-clio-4\\\/\",\"name\":\"Le voile est lev\u00e9 sur la Renault Clio 4 - AutoJM Mag\",\"isPartOf\":{\"@id\":\"https:\\\/\\\/www.autojm.fr\\\/blog\\\/#website\"},\"primaryImageOfPage\":{\"@id\":\"https:\\\/\\\/www.autojm.fr\\\/blog\\\/le-voile-est-leve-sur-la-renault-clio-4\\\/#primaryimage\"},\"image\":{\"@id\":\"https:\\\/\\\/www.autojm.fr\\\/blog\\\/le-voile-est-leve-sur-la-renault-clio-4\\\/#primaryimage\"},\"thumbnailUrl\":\"https:\\\/\\\/www.autojm.fr\\\/blog\\\/wp-content\\\/uploads\\\/2022\\\/10\\\/171.jpg\",\"datePublished\":\"2012-07-09T14:54:00+00:00\",\"dateModified\":\"2023-04-19T14:28:43+00:00\",\"description\":\"Renault l'avait annonc\u00e9, la derni\u00e8re g\u00e9n\u00e9ration de sa Clio sera la nouvelle star de ces dames ! L'innovation se trouve sur le plan...\",\"breadcrumb\":{\"@id\":\"https:\\\/\\\/www.autojm.fr\\\/blog\\\/le-voile-est-leve-sur-la-renault-clio-4\\\/#breadcrumb\"},\"inLanguage\":\"fr-FR\",\"potentialAction\":[{\"@type\":\"ReadAction\",\"target\":[\"https:\\\/\\\/www.autojm.fr\\\/blog\\\/le-voile-est-leve-sur-la-renault-clio-4\\\/\"]}]},{\"@type\":\"ImageObject\",\"inLanguage\":\"fr-FR\",\"@id\":\"https:\\\/\\\/www.autojm.fr\\\/blog\\\/le-voile-est-leve-sur-la-renault-clio-4\\\/#primaryimage\",\"url\":\"https:\\\/\\\/www.autojm.fr\\\/blog\\\/wp-content\\\/uploads\\\/2022\\\/10\\\/171.jpg\",\"contentUrl\":\"https:\\\/\\\/www.autojm.fr\\\/blog\\\/wp-content\\\/uploads\\\/2022\\\/10\\\/171.jpg\",\"width\":564,\"height\":282,\"caption\":\"Renault Clio 4\"},{\"@type\":\"BreadcrumbList\",\"@id\":\"https:\\\/\\\/www.autojm.fr\\\/blog\\\/le-voile-est-leve-sur-la-renault-clio-4\\\/#breadcrumb\",\"itemListElement\":[{\"@type\":\"ListItem\",\"position\":1,\"name\":\"Accueil\",\"item\":\"https:\\\/\\\/www.autojm.fr\\\/blog\\\/\"},{\"@type\":\"ListItem\",\"position\":2,\"name\":\"Nouveaut\u00e9s Autos\",\"item\":\"https:\\\/\\\/www.autojm.fr\\\/blog\\\/nouveautes-autos\\\/\"},{\"@type\":\"ListItem\",\"position\":3,\"name\":\"Le voile est lev\u00e9 sur la Renault Clio 4\"}]},{\"@type\":\"WebSite\",\"@id\":\"https:\\\/\\\/www.autojm.fr\\\/blog\\\/#website\",\"url\":\"https:\\\/\\\/www.autojm.fr\\\/blog\\\/\",\"name\":\"AutoJM Mag\",\"description\":\"Toute l&#039;actu auto en 1 clic !\",\"publisher\":{\"@id\":\"https:\\\/\\\/www.autojm.fr\\\/blog\\\/#organization\"},\"potentialAction\":[{\"@type\":\"SearchAction\",\"target\":{\"@type\":\"EntryPoint\",\"urlTemplate\":\"https:\\\/\\\/www.autojm.fr\\\/blog\\\/?s={search_term_string}\"},\"query-input\":{\"@type\":\"PropertyValueSpecification\",\"valueRequired\":true,\"valueName\":\"search_term_string\"}}],\"inLanguage\":\"fr-FR\"},{\"@type\":\"Organization\",\"@id\":\"https:\\\/\\\/www.autojm.fr\\\/blog\\\/#organization\",\"name\":\"AutoJM Mag\",\"url\":\"https:\\\/\\\/www.autojm.fr\\\/blog\\\/\",\"logo\":{\"@type\":\"ImageObject\",\"inLanguage\":\"fr-FR\",\"@id\":\"https:\\\/\\\/www.autojm.fr\\\/blog\\\/#\\\/schema\\\/logo\\\/image\\\/\",\"url\":\"https:\\\/\\\/www.autojm.fr\\\/blog\\\/wp-content\\\/uploads\\\/2022\\\/12\\\/cropped-AutoJMag-png.png\",\"contentUrl\":\"https:\\\/\\\/www.autojm.fr\\\/blog\\\/wp-content\\\/uploads\\\/2022\\\/12\\\/cropped-AutoJMag-png.png\",\"width\":2834,\"height\":585,\"caption\":\"AutoJM Mag\"},\"image\":{\"@id\":\"https:\\\/\\\/www.autojm.fr\\\/blog\\\/#\\\/schema\\\/logo\\\/image\\\/\"},\"sameAs\":[\"https:\\\/\\\/www.facebook.com\\\/AutoJM25\"]},{\"@type\":\"Person\",\"@id\":\"https:\\\/\\\/www.autojm.fr\\\/blog\\\/#\\\/schema\\\/person\\\/9742bc77541853e0de81fc57f947e1a0\",\"name\":\"Autojm\",\"image\":{\"@type\":\"ImageObject\",\"inLanguage\":\"fr-FR\",\"@id\":\"https:\\\/\\\/secure.gravatar.com\\\/avatar\\\/9a959d52b758fcc232fe4b6aca7bab139182573297122cce7d6f2ee0e537b418?s=96&d=mm&r=g\",\"url\":\"https:\\\/\\\/secure.gravatar.com\\\/avatar\\\/9a959d52b758fcc232fe4b6aca7bab139182573297122cce7d6f2ee0e537b418?s=96&d=mm&r=g\",\"contentUrl\":\"https:\\\/\\\/secure.gravatar.com\\\/avatar\\\/9a959d52b758fcc232fe4b6aca7bab139182573297122cce7d6f2ee0e537b418?s=96&d=mm&r=g\",\"caption\":\"Autojm\"},\"sameAs\":[\"https:\\\/\\\/www.autojm.fr\\\/blog\"],\"url\":\"https:\\\/\\\/www.autojm.fr\\\/blog\\\/author\\\/bichoi\\\/\"}]}<\/script>\n<!-- \/ Yoast SEO plugin. -->","yoast_head_json":{"title":"Le voile est lev\u00e9 sur la Renault Clio 4 - AutoJM Mag","description":"Renault l'avait annonc\u00e9, la derni\u00e8re g\u00e9n\u00e9ration de sa Clio sera la nouvelle star de ces dames ! L'innovation se trouve sur le plan...","robots":{"index":"index","follow":"follow","max-snippet":"max-snippet:-1","max-image-preview":"max-image-preview:large","max-video-preview":"max-video-preview:-1"},"canonical":"https:\/\/www.autojm.fr\/blog\/le-voile-est-leve-sur-la-renault-clio-4\/","og_locale":"fr_FR","og_type":"article","og_title":"Le voile est lev\u00e9 sur la Renault Clio 4 - AutoJM Mag","og_description":"Renault l'avait annonc\u00e9, la derni\u00e8re g\u00e9n\u00e9ration de sa Clio sera la nouvelle star de ces dames ! L'innovation se trouve sur le plan...","og_url":"https:\/\/www.autojm.fr\/blog\/le-voile-est-leve-sur-la-renault-clio-4\/","og_site_name":"AutoJM Mag","article_publisher":"https:\/\/www.facebook.com\/AutoJM25","article_published_time":"2012-07-09T14:54:00+00:00","article_modified_time":"2023-04-19T14:28:43+00:00","og_image":[{"width":564,"height":282,"url":"https:\/\/www.autojm.fr\/blog\/wp-content\/uploads\/2022\/10\/171.jpg","type":"image\/jpeg"}],"author":"Autojm","twitter_card":"summary_large_image","twitter_misc":{"\u00c9crit par":"Autojm","Dur\u00e9e de lecture estim\u00e9e":"1 minute"},"schema":{"@context":"https:\/\/schema.org","@graph":[{"@type":"Article","@id":"https:\/\/www.autojm.fr\/blog\/le-voile-est-leve-sur-la-renault-clio-4\/#article","isPartOf":{"@id":"https:\/\/www.autojm.fr\/blog\/le-voile-est-leve-sur-la-renault-clio-4\/"},"author":{"name":"Autojm","@id":"https:\/\/www.autojm.fr\/blog\/#\/schema\/person\/9742bc77541853e0de81fc57f947e1a0"},"headline":"Le voile est lev\u00e9 sur la Renault Clio 4","datePublished":"2012-07-09T14:54:00+00:00","dateModified":"2023-04-19T14:28:43+00:00","mainEntityOfPage":{"@id":"https:\/\/www.autojm.fr\/blog\/le-voile-est-leve-sur-la-renault-clio-4\/"},"wordCount":154,"commentCount":0,"publisher":{"@id":"https:\/\/www.autojm.fr\/blog\/#organization"},"image":{"@id":"https:\/\/www.autojm.fr\/blog\/le-voile-est-leve-sur-la-renault-clio-4\/#primaryimage"},"thumbnailUrl":"https:\/\/www.autojm.fr\/blog\/wp-content\/uploads\/2022\/10\/171.jpg","keywords":["autojm","renault","Renault Clio 4"],"articleSection":["Nouveaut\u00e9 Renault","Nouveaut\u00e9s Autos"],"inLanguage":"fr-FR","potentialAction":[{"@type":"CommentAction","name":"Comment","target":["https:\/\/www.autojm.fr\/blog\/le-voile-est-leve-sur-la-renault-clio-4\/#respond"]}]},{"@type":"WebPage","@id":"https:\/\/www.autojm.fr\/blog\/le-voile-est-leve-sur-la-renault-clio-4\/","url":"https:\/\/www.autojm.fr\/blog\/le-voile-est-leve-sur-la-renault-clio-4\/","name":"Le voile est lev\u00e9 sur la Renault Clio 4 - AutoJM Mag","isPartOf":{"@id":"https:\/\/www.autojm.fr\/blog\/#website"},"primaryImageOfPage":{"@id":"https:\/\/www.autojm.fr\/blog\/le-voile-est-leve-sur-la-renault-clio-4\/#primaryimage"},"image":{"@id":"https:\/\/www.autojm.fr\/blog\/le-voile-est-leve-sur-la-renault-clio-4\/#primaryimage"},"thumbnailUrl":"https:\/\/www.autojm.fr\/blog\/wp-content\/uploads\/2022\/10\/171.jpg","datePublished":"2012-07-09T14:54:00+00:00","dateModified":"2023-04-19T14:28:43+00:00","description":"Renault l'avait annonc\u00e9, la derni\u00e8re g\u00e9n\u00e9ration de sa Clio sera la nouvelle star de ces dames ! L'innovation se trouve sur le plan...","breadcrumb":{"@id":"https:\/\/www.autojm.fr\/blog\/le-voile-est-leve-sur-la-renault-clio-4\/#breadcrumb"},"inLanguage":"fr-FR","potentialAction":[{"@type":"ReadAction","target":["https:\/\/www.autojm.fr\/blog\/le-voile-est-leve-sur-la-renault-clio-4\/"]}]},{"@type":"ImageObject","inLanguage":"fr-FR","@id":"https:\/\/www.autojm.fr\/blog\/le-voile-est-leve-sur-la-renault-clio-4\/#primaryimage","url":"https:\/\/www.autojm.fr\/blog\/wp-content\/uploads\/2022\/10\/171.jpg","contentUrl":"https:\/\/www.autojm.fr\/blog\/wp-content\/uploads\/2022\/10\/171.jpg","width":564,"height":282,"caption":"Renault Clio 4"},{"@type":"BreadcrumbList","@id":"https:\/\/www.autojm.fr\/blog\/le-voile-est-leve-sur-la-renault-clio-4\/#breadcrumb","itemListElement":[{"@type":"ListItem","position":1,"name":"Accueil","item":"https:\/\/www.autojm.fr\/blog\/"},{"@type":"ListItem","position":2,"name":"Nouveaut\u00e9s Autos","item":"https:\/\/www.autojm.fr\/blog\/nouveautes-autos\/"},{"@type":"ListItem","position":3,"name":"Le voile est lev\u00e9 sur la Renault Clio 4"}]},{"@type":"WebSite","@id":"https:\/\/www.autojm.fr\/blog\/#website","url":"https:\/\/www.autojm.fr\/blog\/","name":"AutoJM Mag","description":"Toute l&#039;actu auto en 1 clic !","publisher":{"@id":"https:\/\/www.autojm.fr\/blog\/#organization"},"potentialAction":[{"@type":"SearchAction","target":{"@type":"EntryPoint","urlTemplate":"https:\/\/www.autojm.fr\/blog\/?s={search_term_string}"},"query-input":{"@type":"PropertyValueSpecification","valueRequired":true,"valueName":"search_term_string"}}],"inLanguage":"fr-FR"},{"@type":"Organization","@id":"https:\/\/www.autojm.fr\/blog\/#organization","name":"AutoJM Mag","url":"https:\/\/www.autojm.fr\/blog\/","logo":{"@type":"ImageObject","inLanguage":"fr-FR","@id":"https:\/\/www.autojm.fr\/blog\/#\/schema\/logo\/image\/","url":"https:\/\/www.autojm.fr\/blog\/wp-content\/uploads\/2022\/12\/cropped-AutoJMag-png.png","contentUrl":"https:\/\/www.autojm.fr\/blog\/wp-content\/uploads\/2022\/12\/cropped-AutoJMag-png.png","width":2834,"height":585,"caption":"AutoJM Mag"},"image":{"@id":"https:\/\/www.autojm.fr\/blog\/#\/schema\/logo\/image\/"},"sameAs":["https:\/\/www.facebook.com\/AutoJM25"]},{"@type":"Person","@id":"https:\/\/www.autojm.fr\/blog\/#\/schema\/person\/9742bc77541853e0de81fc57f947e1a0","name":"Autojm","image":{"@type":"ImageObject","inLanguage":"fr-FR","@id":"https:\/\/secure.gravatar.com\/avatar\/9a959d52b758fcc232fe4b6aca7bab139182573297122cce7d6f2ee0e537b418?s=96&d=mm&r=g","url":"https:\/\/secure.gravatar.com\/avatar\/9a959d52b758fcc232fe4b6aca7bab139182573297122cce7d6f2ee0e537b418?s=96&d=mm&r=g","contentUrl":"https:\/\/secure.gravatar.com\/avatar\/9a959d52b758fcc232fe4b6aca7bab139182573297122cce7d6f2ee0e537b418?s=96&d=mm&r=g","caption":"Autojm"},"sameAs":["https:\/\/www.autojm.fr\/blog"],"url":"https:\/\/www.autojm.fr\/blog\/author\/bichoi\/"}]}},"_links":{"self":[{"href":"https:\/\/www.autojm.fr\/blog\/wp-json\/wp\/v2\/posts\/3457","targetHints":{"allow":["GET"]}}],"collection":[{"href":"https:\/\/www.autojm.fr\/blog\/wp-json\/wp\/v2\/posts"}],"about":[{"href":"https:\/\/www.autojm.fr\/blog\/wp-json\/wp\/v2\/types\/post"}],"author":[{"embeddable":true,"href":"https:\/\/www.autojm.fr\/blog\/wp-json\/wp\/v2\/users\/1"}],"replies":[{"embeddable":true,"href":"https:\/\/www.autojm.fr\/blog\/wp-json\/wp\/v2\/comments?post=3457"}],"version-history":[{"count":4,"href":"https:\/\/www.autojm.fr\/blog\/wp-json\/wp\/v2\/posts\/3457\/revisions"}],"predecessor-version":[{"id":9633,"href":"https:\/\/www.autojm.fr\/blog\/wp-json\/wp\/v2\/posts\/3457\/revisions\/9633"}],"wp:featuredmedia":[{"embeddable":true,"href":"https:\/\/www.autojm.fr\/blog\/wp-json\/wp\/v2\/media\/5537"}],"wp:attachment":[{"href":"https:\/\/www.autojm.fr\/blog\/wp-json\/wp\/v2\/media?parent=3457"}],"wp:term":[{"taxonomy":"category","embeddable":true,"href":"https:\/\/www.autojm.fr\/blog\/wp-json\/wp\/v2\/categories?post=3457"},{"taxonomy":"post_tag","embeddable":true,"href":"https:\/\/www.autojm.fr\/blog\/wp-json\/wp\/v2\/tags?post=3457"}],"curies":[{"name":"wp","href":"https:\/\/api.w.org\/{rel}","templated":true}]}}