{"id":3450,"date":"2012-06-08T15:11:38","date_gmt":"2012-06-08T15:11:38","guid":{"rendered":"https:\/\/www.autojm.fr\/blog\/peugeot-208-deja-la-polemique\/"},"modified":"2022-12-13T07:56:50","modified_gmt":"2022-12-13T07:56:50","slug":"peugeot-208-deja-la-polemique","status":"publish","type":"post","link":"https:\/\/www.autojm.fr\/blog\/peugeot-208-deja-la-polemique\/","title":{"rendered":"Peugeot 208 : d\u00e9j\u00e0 la pol\u00e9mique !"},"content":{"rendered":"<p>La nouvelle <a href=\"https:\/\/www.autojm.fr\/mandataire-voitures-neuves-peugeot\">Peugeot 208<\/a> connait une hausse des ventes assez spectaculaires. En mai, elle \u00e9tait 6\u00e8me du podium de voitures neuves les plus vendues en France avec pr\u00e8s de 3500 voitures immatricul\u00e9es.<\/p>\n<p>Malgr\u00e9 cette nouveaut\u00e9, d\u00e9j\u00e0 3 d\u00e9tails font pol\u00e9miques :<\/p>\n<p><strong>1. le volant cacherait les compteurs.<\/strong><\/p>\n<p>En effet, en fonction de la taille de l&rsquo;automobiliste, les compteurs seraient en partie cach\u00e9s par le volant. Pour une personne d&rsquo;environ 1,60m, il faut s&rsquo;attarder \u00e0 r\u00e9gler le si\u00e8ge. mais rien de tr\u00e8s alarmant.<\/p>\n<p>Si vous \u00eates un peu plus grand, c&rsquo;est l&rsquo;aiguille que l&rsquo;on voit disparaitre sous les 30 km heures.<\/p>\n<p><strong>2. l&rsquo;autoradio serait trop compliqu\u00e9 \u00e0 utiliser<\/strong><\/p>\n<p>en effet, l&rsquo;autoradio de la 208 est compris dans le tableau de bord qui est une tablette tactile. Vous pouvez donc dire adieu au CD dans ce v\u00e9hicule et bonjour au MP3 ! Bien que cet \u00e9cran soit intuitif, les n\u00e9ophytes pourront s&rsquo;aider de la notice pour comprendre le fonctionnement de cette machine de guerre.<\/p>\n<p><strong>3. Le syst\u00e8me multim\u00e9dia plante comme un ordinateur !<\/strong><\/p>\n<p>Tout comme un ordinateur, la tablette qui combine autoradio \/ GPS connait quelques d\u00e9faillances. la connexion Bluetooth peut \u00eatre capricieuse et l&rsquo;\u00e9cran se fige pour ceux qui veulent aller trop vite. IL faut donc arr\u00eater la voiture quelques minutes pour que ca fonctionne de nouveaux&#8230;<\/p>\n<p>Achetez votre <a href=\"https:\/\/www.autojm.fr\/mandataire-voitures-neuves-peugeot\">Peugeot 208 en stock <\/a>chez un mandataire automobile<\/p>\n","protected":false},"excerpt":{"rendered":"<p>La nouvelle Peugeot 208 connait une hausse des ventes assez spectaculaires. En mai, elle \u00e9tait 6\u00e8me du podium de voitures neuves les plus vendues en France avec pr\u00e8s de 3500 voitures immatricul\u00e9es.<\/p>\n","protected":false},"author":1,"featured_media":5534,"comment_status":"open","ping_status":"open","sticky":false,"template":"","format":"standard","meta":{"_acf_changed":false,"content-type":"","footnotes":""},"categories":[235,61],"tags":[90,73,114],"class_list":["post-3450","post","type-post","status-publish","format-standard","has-post-thumbnail","hentry","category-nouveaute-peugeot","category-nouveautes-autos","tag-autojm","tag-peugeot","tag-peugeot-208"],"acf":[],"yoast_head":"<!-- This site is optimized with the Yoast SEO plugin v27.5 - https:\/\/yoast.com\/product\/yoast-seo-wordpress\/ -->\n<title>Peugeot 208 : d\u00e9j\u00e0 la pol\u00e9mique ! - AutoJM Mag<\/title>\n<meta name=\"description\" content=\"La nouvelle Peugeot 208 connait une hausse des ventes assez spectaculaires. En mai, elle \u00e9tait 6\u00e8me du podium de voitures neuves les...\" \/>\n<meta name=\"robots\" content=\"index, follow, max-snippet:-1, max-image-preview:large, max-video-preview:-1\" \/>\n<link rel=\"canonical\" href=\"https:\/\/www.autojm.fr\/blog\/peugeot-208-deja-la-polemique\/\" \/>\n<meta property=\"og:locale\" content=\"fr_FR\" \/>\n<meta property=\"og:type\" content=\"article\" \/>\n<meta property=\"og:title\" content=\"Peugeot 208 : d\u00e9j\u00e0 la pol\u00e9mique ! - AutoJM Mag\" \/>\n<meta property=\"og:description\" content=\"La nouvelle Peugeot 208 connait une hausse des ventes assez spectaculaires. En mai, elle \u00e9tait 6\u00e8me du podium de voitures neuves les...\" \/>\n<meta property=\"og:url\" content=\"https:\/\/www.autojm.fr\/blog\/peugeot-208-deja-la-polemique\/\" \/>\n<meta property=\"og:site_name\" content=\"AutoJM Mag\" \/>\n<meta property=\"article:publisher\" content=\"https:\/\/www.facebook.com\/AutoJM25\" \/>\n<meta property=\"article:published_time\" content=\"2012-06-08T15:11:38+00:00\" \/>\n<meta property=\"article:modified_time\" content=\"2022-12-13T07:56:50+00:00\" \/>\n<meta property=\"og:image\" content=\"https:\/\/www.autojm.fr\/blog\/wp-content\/uploads\/2022\/10\/164.jpg\" \/>\n\t<meta property=\"og:image:width\" content=\"275\" \/>\n\t<meta property=\"og:image:height\" content=\"183\" \/>\n\t<meta property=\"og:image:type\" content=\"image\/jpeg\" \/>\n<meta name=\"author\" content=\"Autojm\" \/>\n<meta name=\"twitter:card\" content=\"summary_large_image\" \/>\n<meta name=\"twitter:label1\" content=\"\u00c9crit par\" \/>\n\t<meta name=\"twitter:data1\" content=\"Autojm\" \/>\n\t<meta name=\"twitter:label2\" content=\"Dur\u00e9e de lecture estim\u00e9e\" \/>\n\t<meta name=\"twitter:data2\" content=\"2 minutes\" \/>\n<script type=\"application\/ld+json\" class=\"yoast-schema-graph\">{\"@context\":\"https:\\\/\\\/schema.org\",\"@graph\":[{\"@type\":\"Article\",\"@id\":\"https:\\\/\\\/www.autojm.fr\\\/blog\\\/peugeot-208-deja-la-polemique\\\/#article\",\"isPartOf\":{\"@id\":\"https:\\\/\\\/www.autojm.fr\\\/blog\\\/peugeot-208-deja-la-polemique\\\/\"},\"author\":{\"name\":\"Autojm\",\"@id\":\"https:\\\/\\\/www.autojm.fr\\\/blog\\\/#\\\/schema\\\/person\\\/9742bc77541853e0de81fc57f947e1a0\"},\"headline\":\"Peugeot 208 : d\u00e9j\u00e0 la pol\u00e9mique !\",\"datePublished\":\"2012-06-08T15:11:38+00:00\",\"dateModified\":\"2022-12-13T07:56:50+00:00\",\"mainEntityOfPage\":{\"@id\":\"https:\\\/\\\/www.autojm.fr\\\/blog\\\/peugeot-208-deja-la-polemique\\\/\"},\"wordCount\":233,\"commentCount\":0,\"publisher\":{\"@id\":\"https:\\\/\\\/www.autojm.fr\\\/blog\\\/#organization\"},\"image\":{\"@id\":\"https:\\\/\\\/www.autojm.fr\\\/blog\\\/peugeot-208-deja-la-polemique\\\/#primaryimage\"},\"thumbnailUrl\":\"https:\\\/\\\/www.autojm.fr\\\/blog\\\/wp-content\\\/uploads\\\/2022\\\/10\\\/164.jpg\",\"keywords\":[\"autojm\",\"peugeot\",\"Peugeot 208\"],\"articleSection\":[\"Nouveaut\u00e9 Peugeot\",\"Nouveaut\u00e9s Autos\"],\"inLanguage\":\"fr-FR\",\"potentialAction\":[{\"@type\":\"CommentAction\",\"name\":\"Comment\",\"target\":[\"https:\\\/\\\/www.autojm.fr\\\/blog\\\/peugeot-208-deja-la-polemique\\\/#respond\"]}]},{\"@type\":\"WebPage\",\"@id\":\"https:\\\/\\\/www.autojm.fr\\\/blog\\\/peugeot-208-deja-la-polemique\\\/\",\"url\":\"https:\\\/\\\/www.autojm.fr\\\/blog\\\/peugeot-208-deja-la-polemique\\\/\",\"name\":\"Peugeot 208 : d\u00e9j\u00e0 la pol\u00e9mique ! - AutoJM Mag\",\"isPartOf\":{\"@id\":\"https:\\\/\\\/www.autojm.fr\\\/blog\\\/#website\"},\"primaryImageOfPage\":{\"@id\":\"https:\\\/\\\/www.autojm.fr\\\/blog\\\/peugeot-208-deja-la-polemique\\\/#primaryimage\"},\"image\":{\"@id\":\"https:\\\/\\\/www.autojm.fr\\\/blog\\\/peugeot-208-deja-la-polemique\\\/#primaryimage\"},\"thumbnailUrl\":\"https:\\\/\\\/www.autojm.fr\\\/blog\\\/wp-content\\\/uploads\\\/2022\\\/10\\\/164.jpg\",\"datePublished\":\"2012-06-08T15:11:38+00:00\",\"dateModified\":\"2022-12-13T07:56:50+00:00\",\"description\":\"La nouvelle Peugeot 208 connait une hausse des ventes assez spectaculaires. En mai, elle \u00e9tait 6\u00e8me du podium de voitures neuves les...\",\"breadcrumb\":{\"@id\":\"https:\\\/\\\/www.autojm.fr\\\/blog\\\/peugeot-208-deja-la-polemique\\\/#breadcrumb\"},\"inLanguage\":\"fr-FR\",\"potentialAction\":[{\"@type\":\"ReadAction\",\"target\":[\"https:\\\/\\\/www.autojm.fr\\\/blog\\\/peugeot-208-deja-la-polemique\\\/\"]}]},{\"@type\":\"ImageObject\",\"inLanguage\":\"fr-FR\",\"@id\":\"https:\\\/\\\/www.autojm.fr\\\/blog\\\/peugeot-208-deja-la-polemique\\\/#primaryimage\",\"url\":\"https:\\\/\\\/www.autojm.fr\\\/blog\\\/wp-content\\\/uploads\\\/2022\\\/10\\\/164.jpg\",\"contentUrl\":\"https:\\\/\\\/www.autojm.fr\\\/blog\\\/wp-content\\\/uploads\\\/2022\\\/10\\\/164.jpg\",\"width\":275,\"height\":183},{\"@type\":\"BreadcrumbList\",\"@id\":\"https:\\\/\\\/www.autojm.fr\\\/blog\\\/peugeot-208-deja-la-polemique\\\/#breadcrumb\",\"itemListElement\":[{\"@type\":\"ListItem\",\"position\":1,\"name\":\"Accueil\",\"item\":\"https:\\\/\\\/www.autojm.fr\\\/blog\\\/\"},{\"@type\":\"ListItem\",\"position\":2,\"name\":\"Nouveaut\u00e9s Autos\",\"item\":\"https:\\\/\\\/www.autojm.fr\\\/blog\\\/nouveautes-autos\\\/\"},{\"@type\":\"ListItem\",\"position\":3,\"name\":\"Peugeot 208 : d\u00e9j\u00e0 la pol\u00e9mique !\"}]},{\"@type\":\"WebSite\",\"@id\":\"https:\\\/\\\/www.autojm.fr\\\/blog\\\/#website\",\"url\":\"https:\\\/\\\/www.autojm.fr\\\/blog\\\/\",\"name\":\"AutoJM Mag\",\"description\":\"Toute l&#039;actu auto en 1 clic !\",\"publisher\":{\"@id\":\"https:\\\/\\\/www.autojm.fr\\\/blog\\\/#organization\"},\"potentialAction\":[{\"@type\":\"SearchAction\",\"target\":{\"@type\":\"EntryPoint\",\"urlTemplate\":\"https:\\\/\\\/www.autojm.fr\\\/blog\\\/?s={search_term_string}\"},\"query-input\":{\"@type\":\"PropertyValueSpecification\",\"valueRequired\":true,\"valueName\":\"search_term_string\"}}],\"inLanguage\":\"fr-FR\"},{\"@type\":\"Organization\",\"@id\":\"https:\\\/\\\/www.autojm.fr\\\/blog\\\/#organization\",\"name\":\"AutoJM Mag\",\"url\":\"https:\\\/\\\/www.autojm.fr\\\/blog\\\/\",\"logo\":{\"@type\":\"ImageObject\",\"inLanguage\":\"fr-FR\",\"@id\":\"https:\\\/\\\/www.autojm.fr\\\/blog\\\/#\\\/schema\\\/logo\\\/image\\\/\",\"url\":\"https:\\\/\\\/www.autojm.fr\\\/blog\\\/wp-content\\\/uploads\\\/2022\\\/12\\\/cropped-AutoJMag-png.png\",\"contentUrl\":\"https:\\\/\\\/www.autojm.fr\\\/blog\\\/wp-content\\\/uploads\\\/2022\\\/12\\\/cropped-AutoJMag-png.png\",\"width\":2834,\"height\":585,\"caption\":\"AutoJM Mag\"},\"image\":{\"@id\":\"https:\\\/\\\/www.autojm.fr\\\/blog\\\/#\\\/schema\\\/logo\\\/image\\\/\"},\"sameAs\":[\"https:\\\/\\\/www.facebook.com\\\/AutoJM25\"]},{\"@type\":\"Person\",\"@id\":\"https:\\\/\\\/www.autojm.fr\\\/blog\\\/#\\\/schema\\\/person\\\/9742bc77541853e0de81fc57f947e1a0\",\"name\":\"Autojm\",\"image\":{\"@type\":\"ImageObject\",\"inLanguage\":\"fr-FR\",\"@id\":\"https:\\\/\\\/secure.gravatar.com\\\/avatar\\\/9a959d52b758fcc232fe4b6aca7bab139182573297122cce7d6f2ee0e537b418?s=96&d=mm&r=g\",\"url\":\"https:\\\/\\\/secure.gravatar.com\\\/avatar\\\/9a959d52b758fcc232fe4b6aca7bab139182573297122cce7d6f2ee0e537b418?s=96&d=mm&r=g\",\"contentUrl\":\"https:\\\/\\\/secure.gravatar.com\\\/avatar\\\/9a959d52b758fcc232fe4b6aca7bab139182573297122cce7d6f2ee0e537b418?s=96&d=mm&r=g\",\"caption\":\"Autojm\"},\"sameAs\":[\"https:\\\/\\\/www.autojm.fr\\\/blog\"],\"url\":\"https:\\\/\\\/www.autojm.fr\\\/blog\\\/author\\\/bichoi\\\/\"}]}<\/script>\n<!-- \/ Yoast SEO plugin. -->","yoast_head_json":{"title":"Peugeot 208 : d\u00e9j\u00e0 la pol\u00e9mique ! - AutoJM Mag","description":"La nouvelle Peugeot 208 connait une hausse des ventes assez spectaculaires. En mai, elle \u00e9tait 6\u00e8me du podium de voitures neuves les...","robots":{"index":"index","follow":"follow","max-snippet":"max-snippet:-1","max-image-preview":"max-image-preview:large","max-video-preview":"max-video-preview:-1"},"canonical":"https:\/\/www.autojm.fr\/blog\/peugeot-208-deja-la-polemique\/","og_locale":"fr_FR","og_type":"article","og_title":"Peugeot 208 : d\u00e9j\u00e0 la pol\u00e9mique ! - AutoJM Mag","og_description":"La nouvelle Peugeot 208 connait une hausse des ventes assez spectaculaires. En mai, elle \u00e9tait 6\u00e8me du podium de voitures neuves les...","og_url":"https:\/\/www.autojm.fr\/blog\/peugeot-208-deja-la-polemique\/","og_site_name":"AutoJM Mag","article_publisher":"https:\/\/www.facebook.com\/AutoJM25","article_published_time":"2012-06-08T15:11:38+00:00","article_modified_time":"2022-12-13T07:56:50+00:00","og_image":[{"width":275,"height":183,"url":"https:\/\/www.autojm.fr\/blog\/wp-content\/uploads\/2022\/10\/164.jpg","type":"image\/jpeg"}],"author":"Autojm","twitter_card":"summary_large_image","twitter_misc":{"\u00c9crit par":"Autojm","Dur\u00e9e de lecture estim\u00e9e":"2 minutes"},"schema":{"@context":"https:\/\/schema.org","@graph":[{"@type":"Article","@id":"https:\/\/www.autojm.fr\/blog\/peugeot-208-deja-la-polemique\/#article","isPartOf":{"@id":"https:\/\/www.autojm.fr\/blog\/peugeot-208-deja-la-polemique\/"},"author":{"name":"Autojm","@id":"https:\/\/www.autojm.fr\/blog\/#\/schema\/person\/9742bc77541853e0de81fc57f947e1a0"},"headline":"Peugeot 208 : d\u00e9j\u00e0 la pol\u00e9mique !","datePublished":"2012-06-08T15:11:38+00:00","dateModified":"2022-12-13T07:56:50+00:00","mainEntityOfPage":{"@id":"https:\/\/www.autojm.fr\/blog\/peugeot-208-deja-la-polemique\/"},"wordCount":233,"commentCount":0,"publisher":{"@id":"https:\/\/www.autojm.fr\/blog\/#organization"},"image":{"@id":"https:\/\/www.autojm.fr\/blog\/peugeot-208-deja-la-polemique\/#primaryimage"},"thumbnailUrl":"https:\/\/www.autojm.fr\/blog\/wp-content\/uploads\/2022\/10\/164.jpg","keywords":["autojm","peugeot","Peugeot 208"],"articleSection":["Nouveaut\u00e9 Peugeot","Nouveaut\u00e9s Autos"],"inLanguage":"fr-FR","potentialAction":[{"@type":"CommentAction","name":"Comment","target":["https:\/\/www.autojm.fr\/blog\/peugeot-208-deja-la-polemique\/#respond"]}]},{"@type":"WebPage","@id":"https:\/\/www.autojm.fr\/blog\/peugeot-208-deja-la-polemique\/","url":"https:\/\/www.autojm.fr\/blog\/peugeot-208-deja-la-polemique\/","name":"Peugeot 208 : d\u00e9j\u00e0 la pol\u00e9mique ! - AutoJM Mag","isPartOf":{"@id":"https:\/\/www.autojm.fr\/blog\/#website"},"primaryImageOfPage":{"@id":"https:\/\/www.autojm.fr\/blog\/peugeot-208-deja-la-polemique\/#primaryimage"},"image":{"@id":"https:\/\/www.autojm.fr\/blog\/peugeot-208-deja-la-polemique\/#primaryimage"},"thumbnailUrl":"https:\/\/www.autojm.fr\/blog\/wp-content\/uploads\/2022\/10\/164.jpg","datePublished":"2012-06-08T15:11:38+00:00","dateModified":"2022-12-13T07:56:50+00:00","description":"La nouvelle Peugeot 208 connait une hausse des ventes assez spectaculaires. En mai, elle \u00e9tait 6\u00e8me du podium de voitures neuves les...","breadcrumb":{"@id":"https:\/\/www.autojm.fr\/blog\/peugeot-208-deja-la-polemique\/#breadcrumb"},"inLanguage":"fr-FR","potentialAction":[{"@type":"ReadAction","target":["https:\/\/www.autojm.fr\/blog\/peugeot-208-deja-la-polemique\/"]}]},{"@type":"ImageObject","inLanguage":"fr-FR","@id":"https:\/\/www.autojm.fr\/blog\/peugeot-208-deja-la-polemique\/#primaryimage","url":"https:\/\/www.autojm.fr\/blog\/wp-content\/uploads\/2022\/10\/164.jpg","contentUrl":"https:\/\/www.autojm.fr\/blog\/wp-content\/uploads\/2022\/10\/164.jpg","width":275,"height":183},{"@type":"BreadcrumbList","@id":"https:\/\/www.autojm.fr\/blog\/peugeot-208-deja-la-polemique\/#breadcrumb","itemListElement":[{"@type":"ListItem","position":1,"name":"Accueil","item":"https:\/\/www.autojm.fr\/blog\/"},{"@type":"ListItem","position":2,"name":"Nouveaut\u00e9s Autos","item":"https:\/\/www.autojm.fr\/blog\/nouveautes-autos\/"},{"@type":"ListItem","position":3,"name":"Peugeot 208 : d\u00e9j\u00e0 la pol\u00e9mique !"}]},{"@type":"WebSite","@id":"https:\/\/www.autojm.fr\/blog\/#website","url":"https:\/\/www.autojm.fr\/blog\/","name":"AutoJM Mag","description":"Toute l&#039;actu auto en 1 clic !","publisher":{"@id":"https:\/\/www.autojm.fr\/blog\/#organization"},"potentialAction":[{"@type":"SearchAction","target":{"@type":"EntryPoint","urlTemplate":"https:\/\/www.autojm.fr\/blog\/?s={search_term_string}"},"query-input":{"@type":"PropertyValueSpecification","valueRequired":true,"valueName":"search_term_string"}}],"inLanguage":"fr-FR"},{"@type":"Organization","@id":"https:\/\/www.autojm.fr\/blog\/#organization","name":"AutoJM Mag","url":"https:\/\/www.autojm.fr\/blog\/","logo":{"@type":"ImageObject","inLanguage":"fr-FR","@id":"https:\/\/www.autojm.fr\/blog\/#\/schema\/logo\/image\/","url":"https:\/\/www.autojm.fr\/blog\/wp-content\/uploads\/2022\/12\/cropped-AutoJMag-png.png","contentUrl":"https:\/\/www.autojm.fr\/blog\/wp-content\/uploads\/2022\/12\/cropped-AutoJMag-png.png","width":2834,"height":585,"caption":"AutoJM Mag"},"image":{"@id":"https:\/\/www.autojm.fr\/blog\/#\/schema\/logo\/image\/"},"sameAs":["https:\/\/www.facebook.com\/AutoJM25"]},{"@type":"Person","@id":"https:\/\/www.autojm.fr\/blog\/#\/schema\/person\/9742bc77541853e0de81fc57f947e1a0","name":"Autojm","image":{"@type":"ImageObject","inLanguage":"fr-FR","@id":"https:\/\/secure.gravatar.com\/avatar\/9a959d52b758fcc232fe4b6aca7bab139182573297122cce7d6f2ee0e537b418?s=96&d=mm&r=g","url":"https:\/\/secure.gravatar.com\/avatar\/9a959d52b758fcc232fe4b6aca7bab139182573297122cce7d6f2ee0e537b418?s=96&d=mm&r=g","contentUrl":"https:\/\/secure.gravatar.com\/avatar\/9a959d52b758fcc232fe4b6aca7bab139182573297122cce7d6f2ee0e537b418?s=96&d=mm&r=g","caption":"Autojm"},"sameAs":["https:\/\/www.autojm.fr\/blog"],"url":"https:\/\/www.autojm.fr\/blog\/author\/bichoi\/"}]}},"_links":{"self":[{"href":"https:\/\/www.autojm.fr\/blog\/wp-json\/wp\/v2\/posts\/3450","targetHints":{"allow":["GET"]}}],"collection":[{"href":"https:\/\/www.autojm.fr\/blog\/wp-json\/wp\/v2\/posts"}],"about":[{"href":"https:\/\/www.autojm.fr\/blog\/wp-json\/wp\/v2\/types\/post"}],"author":[{"embeddable":true,"href":"https:\/\/www.autojm.fr\/blog\/wp-json\/wp\/v2\/users\/1"}],"replies":[{"embeddable":true,"href":"https:\/\/www.autojm.fr\/blog\/wp-json\/wp\/v2\/comments?post=3450"}],"version-history":[{"count":3,"href":"https:\/\/www.autojm.fr\/blog\/wp-json\/wp\/v2\/posts\/3450\/revisions"}],"predecessor-version":[{"id":7550,"href":"https:\/\/www.autojm.fr\/blog\/wp-json\/wp\/v2\/posts\/3450\/revisions\/7550"}],"wp:featuredmedia":[{"embeddable":true,"href":"https:\/\/www.autojm.fr\/blog\/wp-json\/wp\/v2\/media\/5534"}],"wp:attachment":[{"href":"https:\/\/www.autojm.fr\/blog\/wp-json\/wp\/v2\/media?parent=3450"}],"wp:term":[{"taxonomy":"category","embeddable":true,"href":"https:\/\/www.autojm.fr\/blog\/wp-json\/wp\/v2\/categories?post=3450"},{"taxonomy":"post_tag","embeddable":true,"href":"https:\/\/www.autojm.fr\/blog\/wp-json\/wp\/v2\/tags?post=3450"}],"curies":[{"name":"wp","href":"https:\/\/api.w.org\/{rel}","templated":true}]}}