{"id":3399,"date":"2012-02-23T11:58:37","date_gmt":"2012-02-23T11:58:37","guid":{"rendered":"https:\/\/www.autojm.fr\/blog\/renault-twingo-mauboussin\/"},"modified":"2022-12-09T09:30:46","modified_gmt":"2022-12-09T09:30:46","slug":"renault-twingo-mauboussin","status":"publish","type":"post","link":"https:\/\/www.autojm.fr\/blog\/renault-twingo-mauboussin\/","title":{"rendered":"Renault Twingo Mauboussin"},"content":{"rendered":"<p>La <a href=\"https:\/\/www.autojm.fr\/mandataire-voitures-neuves-renault\">Renault Twingo<\/a> se met au couleur du c\u00e9l\u00e8bre joaillier de la Place Vend\u00f4me, Mauboussin.<\/p>\n<p>D\u00e9couverte lors du dernier salon de Francfort, Cette nouvelle version de la Twingo commencera \u00e0 13 500\u20ac pour la version 1.2 75 chevaux en Essence.<\/p>\n<p>Cette auto sera clairement destin\u00e9e \u00e0 une client\u00e8le f\u00e9minine de couleur brun Tourmaline avec des stickers griff\u00e9s, des jantes alu diamant\u00e9es noire de 15 pouces et une sellerie cuir \/ tissu avec les logos Mauboussin sur les panneaux de porte, surtapis et appuie-t\u00eates.<\/p>\n<p>Les heureuses propri\u00e9taires auront la chance d&rsquo;avoir en cadeau une sublime montre pendentif Mauboussin en argent.<\/p>\n","protected":false},"excerpt":{"rendered":"<p>La Renault Twingo se met au couleur du c\u00e9l\u00e8bre joaillier de la Place Vend\u00f4me, Mauboussin.<\/p>\n<p>D\u00e9couverte lors du dernier salon de Francfort, Cette nouvelle version de la Twingo commencera \u00e0 13 500\u20ac pour la version 1.2 75 chevaux en Essence.<\/p>\n","protected":false},"author":1,"featured_media":5495,"comment_status":"open","ping_status":"open","sticky":false,"template":"","format":"standard","meta":{"_acf_changed":false,"content-type":"","footnotes":""},"categories":[62,61],"tags":[90,78,248],"class_list":["post-3399","post","type-post","status-publish","format-standard","has-post-thumbnail","hentry","category-nouveaute-renault","category-nouveautes-autos","tag-autojm","tag-renault","tag-renault-twingo"],"acf":[],"yoast_head":"<!-- This site is optimized with the Yoast SEO plugin v27.5 - https:\/\/yoast.com\/product\/yoast-seo-wordpress\/ -->\n<title>Renault Twingo Mauboussin - AutoJM Mag<\/title>\n<meta name=\"description\" content=\"La Renault Twingo se met au couleur du c\u00e9l\u00e8bre joaillier de la Place Vend\u00f4me, Mauboussin. D\u00e9couverte lors du dernier salon de Francfort...\" \/>\n<meta name=\"robots\" content=\"index, follow, max-snippet:-1, max-image-preview:large, max-video-preview:-1\" \/>\n<link rel=\"canonical\" href=\"https:\/\/www.autojm.fr\/blog\/renault-twingo-mauboussin\/\" \/>\n<meta property=\"og:locale\" content=\"fr_FR\" \/>\n<meta property=\"og:type\" content=\"article\" \/>\n<meta property=\"og:title\" content=\"Renault Twingo Mauboussin - AutoJM Mag\" \/>\n<meta property=\"og:description\" content=\"La Renault Twingo se met au couleur du c\u00e9l\u00e8bre joaillier de la Place Vend\u00f4me, Mauboussin. D\u00e9couverte lors du dernier salon de Francfort...\" \/>\n<meta property=\"og:url\" content=\"https:\/\/www.autojm.fr\/blog\/renault-twingo-mauboussin\/\" \/>\n<meta property=\"og:site_name\" content=\"AutoJM Mag\" \/>\n<meta property=\"article:publisher\" content=\"https:\/\/www.facebook.com\/AutoJM25\" \/>\n<meta property=\"article:published_time\" content=\"2012-02-23T11:58:37+00:00\" \/>\n<meta property=\"article:modified_time\" content=\"2022-12-09T09:30:46+00:00\" \/>\n<meta property=\"og:image\" content=\"https:\/\/www.autojm.fr\/blog\/wp-content\/uploads\/2022\/10\/113.jpg\" \/>\n\t<meta property=\"og:image:width\" content=\"650\" \/>\n\t<meta property=\"og:image:height\" content=\"563\" \/>\n\t<meta property=\"og:image:type\" content=\"image\/jpeg\" \/>\n<meta name=\"author\" content=\"Autojm\" \/>\n<meta name=\"twitter:card\" content=\"summary_large_image\" \/>\n<meta name=\"twitter:label1\" content=\"\u00c9crit par\" \/>\n\t<meta name=\"twitter:data1\" content=\"Autojm\" \/>\n\t<meta name=\"twitter:label2\" content=\"Dur\u00e9e de lecture estim\u00e9e\" \/>\n\t<meta name=\"twitter:data2\" content=\"1 minute\" \/>\n<script type=\"application\/ld+json\" class=\"yoast-schema-graph\">{\"@context\":\"https:\\\/\\\/schema.org\",\"@graph\":[{\"@type\":\"Article\",\"@id\":\"https:\\\/\\\/www.autojm.fr\\\/blog\\\/renault-twingo-mauboussin\\\/#article\",\"isPartOf\":{\"@id\":\"https:\\\/\\\/www.autojm.fr\\\/blog\\\/renault-twingo-mauboussin\\\/\"},\"author\":{\"name\":\"Autojm\",\"@id\":\"https:\\\/\\\/www.autojm.fr\\\/blog\\\/#\\\/schema\\\/person\\\/9742bc77541853e0de81fc57f947e1a0\"},\"headline\":\"Renault Twingo Mauboussin\",\"datePublished\":\"2012-02-23T11:58:37+00:00\",\"dateModified\":\"2022-12-09T09:30:46+00:00\",\"mainEntityOfPage\":{\"@id\":\"https:\\\/\\\/www.autojm.fr\\\/blog\\\/renault-twingo-mauboussin\\\/\"},\"wordCount\":105,\"commentCount\":0,\"publisher\":{\"@id\":\"https:\\\/\\\/www.autojm.fr\\\/blog\\\/#organization\"},\"image\":{\"@id\":\"https:\\\/\\\/www.autojm.fr\\\/blog\\\/renault-twingo-mauboussin\\\/#primaryimage\"},\"thumbnailUrl\":\"https:\\\/\\\/www.autojm.fr\\\/blog\\\/wp-content\\\/uploads\\\/2022\\\/10\\\/113.jpg\",\"keywords\":[\"autojm\",\"renault\",\"Renault Twingo\"],\"articleSection\":[\"Nouveaut\u00e9 Renault\",\"Nouveaut\u00e9s Autos\"],\"inLanguage\":\"fr-FR\",\"potentialAction\":[{\"@type\":\"CommentAction\",\"name\":\"Comment\",\"target\":[\"https:\\\/\\\/www.autojm.fr\\\/blog\\\/renault-twingo-mauboussin\\\/#respond\"]}]},{\"@type\":\"WebPage\",\"@id\":\"https:\\\/\\\/www.autojm.fr\\\/blog\\\/renault-twingo-mauboussin\\\/\",\"url\":\"https:\\\/\\\/www.autojm.fr\\\/blog\\\/renault-twingo-mauboussin\\\/\",\"name\":\"Renault Twingo Mauboussin - AutoJM Mag\",\"isPartOf\":{\"@id\":\"https:\\\/\\\/www.autojm.fr\\\/blog\\\/#website\"},\"primaryImageOfPage\":{\"@id\":\"https:\\\/\\\/www.autojm.fr\\\/blog\\\/renault-twingo-mauboussin\\\/#primaryimage\"},\"image\":{\"@id\":\"https:\\\/\\\/www.autojm.fr\\\/blog\\\/renault-twingo-mauboussin\\\/#primaryimage\"},\"thumbnailUrl\":\"https:\\\/\\\/www.autojm.fr\\\/blog\\\/wp-content\\\/uploads\\\/2022\\\/10\\\/113.jpg\",\"datePublished\":\"2012-02-23T11:58:37+00:00\",\"dateModified\":\"2022-12-09T09:30:46+00:00\",\"description\":\"La Renault Twingo se met au couleur du c\u00e9l\u00e8bre joaillier de la Place Vend\u00f4me, Mauboussin. D\u00e9couverte lors du dernier salon de Francfort...\",\"breadcrumb\":{\"@id\":\"https:\\\/\\\/www.autojm.fr\\\/blog\\\/renault-twingo-mauboussin\\\/#breadcrumb\"},\"inLanguage\":\"fr-FR\",\"potentialAction\":[{\"@type\":\"ReadAction\",\"target\":[\"https:\\\/\\\/www.autojm.fr\\\/blog\\\/renault-twingo-mauboussin\\\/\"]}]},{\"@type\":\"ImageObject\",\"inLanguage\":\"fr-FR\",\"@id\":\"https:\\\/\\\/www.autojm.fr\\\/blog\\\/renault-twingo-mauboussin\\\/#primaryimage\",\"url\":\"https:\\\/\\\/www.autojm.fr\\\/blog\\\/wp-content\\\/uploads\\\/2022\\\/10\\\/113.jpg\",\"contentUrl\":\"https:\\\/\\\/www.autojm.fr\\\/blog\\\/wp-content\\\/uploads\\\/2022\\\/10\\\/113.jpg\",\"width\":650,\"height\":563,\"caption\":\"Renault Twingo\"},{\"@type\":\"BreadcrumbList\",\"@id\":\"https:\\\/\\\/www.autojm.fr\\\/blog\\\/renault-twingo-mauboussin\\\/#breadcrumb\",\"itemListElement\":[{\"@type\":\"ListItem\",\"position\":1,\"name\":\"Accueil\",\"item\":\"https:\\\/\\\/www.autojm.fr\\\/blog\\\/\"},{\"@type\":\"ListItem\",\"position\":2,\"name\":\"Nouveaut\u00e9s Autos\",\"item\":\"https:\\\/\\\/www.autojm.fr\\\/blog\\\/nouveautes-autos\\\/\"},{\"@type\":\"ListItem\",\"position\":3,\"name\":\"Renault Twingo Mauboussin\"}]},{\"@type\":\"WebSite\",\"@id\":\"https:\\\/\\\/www.autojm.fr\\\/blog\\\/#website\",\"url\":\"https:\\\/\\\/www.autojm.fr\\\/blog\\\/\",\"name\":\"AutoJM Mag\",\"description\":\"Toute l&#039;actu auto en 1 clic !\",\"publisher\":{\"@id\":\"https:\\\/\\\/www.autojm.fr\\\/blog\\\/#organization\"},\"potentialAction\":[{\"@type\":\"SearchAction\",\"target\":{\"@type\":\"EntryPoint\",\"urlTemplate\":\"https:\\\/\\\/www.autojm.fr\\\/blog\\\/?s={search_term_string}\"},\"query-input\":{\"@type\":\"PropertyValueSpecification\",\"valueRequired\":true,\"valueName\":\"search_term_string\"}}],\"inLanguage\":\"fr-FR\"},{\"@type\":\"Organization\",\"@id\":\"https:\\\/\\\/www.autojm.fr\\\/blog\\\/#organization\",\"name\":\"AutoJM Mag\",\"url\":\"https:\\\/\\\/www.autojm.fr\\\/blog\\\/\",\"logo\":{\"@type\":\"ImageObject\",\"inLanguage\":\"fr-FR\",\"@id\":\"https:\\\/\\\/www.autojm.fr\\\/blog\\\/#\\\/schema\\\/logo\\\/image\\\/\",\"url\":\"https:\\\/\\\/www.autojm.fr\\\/blog\\\/wp-content\\\/uploads\\\/2022\\\/12\\\/cropped-AutoJMag-png.png\",\"contentUrl\":\"https:\\\/\\\/www.autojm.fr\\\/blog\\\/wp-content\\\/uploads\\\/2022\\\/12\\\/cropped-AutoJMag-png.png\",\"width\":2834,\"height\":585,\"caption\":\"AutoJM Mag\"},\"image\":{\"@id\":\"https:\\\/\\\/www.autojm.fr\\\/blog\\\/#\\\/schema\\\/logo\\\/image\\\/\"},\"sameAs\":[\"https:\\\/\\\/www.facebook.com\\\/AutoJM25\"]},{\"@type\":\"Person\",\"@id\":\"https:\\\/\\\/www.autojm.fr\\\/blog\\\/#\\\/schema\\\/person\\\/9742bc77541853e0de81fc57f947e1a0\",\"name\":\"Autojm\",\"image\":{\"@type\":\"ImageObject\",\"inLanguage\":\"fr-FR\",\"@id\":\"https:\\\/\\\/secure.gravatar.com\\\/avatar\\\/9a959d52b758fcc232fe4b6aca7bab139182573297122cce7d6f2ee0e537b418?s=96&d=mm&r=g\",\"url\":\"https:\\\/\\\/secure.gravatar.com\\\/avatar\\\/9a959d52b758fcc232fe4b6aca7bab139182573297122cce7d6f2ee0e537b418?s=96&d=mm&r=g\",\"contentUrl\":\"https:\\\/\\\/secure.gravatar.com\\\/avatar\\\/9a959d52b758fcc232fe4b6aca7bab139182573297122cce7d6f2ee0e537b418?s=96&d=mm&r=g\",\"caption\":\"Autojm\"},\"sameAs\":[\"https:\\\/\\\/www.autojm.fr\\\/blog\"],\"url\":\"https:\\\/\\\/www.autojm.fr\\\/blog\\\/author\\\/bichoi\\\/\"}]}<\/script>\n<!-- \/ Yoast SEO plugin. -->","yoast_head_json":{"title":"Renault Twingo Mauboussin - AutoJM Mag","description":"La Renault Twingo se met au couleur du c\u00e9l\u00e8bre joaillier de la Place Vend\u00f4me, Mauboussin. D\u00e9couverte lors du dernier salon de Francfort...","robots":{"index":"index","follow":"follow","max-snippet":"max-snippet:-1","max-image-preview":"max-image-preview:large","max-video-preview":"max-video-preview:-1"},"canonical":"https:\/\/www.autojm.fr\/blog\/renault-twingo-mauboussin\/","og_locale":"fr_FR","og_type":"article","og_title":"Renault Twingo Mauboussin - AutoJM Mag","og_description":"La Renault Twingo se met au couleur du c\u00e9l\u00e8bre joaillier de la Place Vend\u00f4me, Mauboussin. D\u00e9couverte lors du dernier salon de Francfort...","og_url":"https:\/\/www.autojm.fr\/blog\/renault-twingo-mauboussin\/","og_site_name":"AutoJM Mag","article_publisher":"https:\/\/www.facebook.com\/AutoJM25","article_published_time":"2012-02-23T11:58:37+00:00","article_modified_time":"2022-12-09T09:30:46+00:00","og_image":[{"width":650,"height":563,"url":"https:\/\/www.autojm.fr\/blog\/wp-content\/uploads\/2022\/10\/113.jpg","type":"image\/jpeg"}],"author":"Autojm","twitter_card":"summary_large_image","twitter_misc":{"\u00c9crit par":"Autojm","Dur\u00e9e de lecture estim\u00e9e":"1 minute"},"schema":{"@context":"https:\/\/schema.org","@graph":[{"@type":"Article","@id":"https:\/\/www.autojm.fr\/blog\/renault-twingo-mauboussin\/#article","isPartOf":{"@id":"https:\/\/www.autojm.fr\/blog\/renault-twingo-mauboussin\/"},"author":{"name":"Autojm","@id":"https:\/\/www.autojm.fr\/blog\/#\/schema\/person\/9742bc77541853e0de81fc57f947e1a0"},"headline":"Renault Twingo Mauboussin","datePublished":"2012-02-23T11:58:37+00:00","dateModified":"2022-12-09T09:30:46+00:00","mainEntityOfPage":{"@id":"https:\/\/www.autojm.fr\/blog\/renault-twingo-mauboussin\/"},"wordCount":105,"commentCount":0,"publisher":{"@id":"https:\/\/www.autojm.fr\/blog\/#organization"},"image":{"@id":"https:\/\/www.autojm.fr\/blog\/renault-twingo-mauboussin\/#primaryimage"},"thumbnailUrl":"https:\/\/www.autojm.fr\/blog\/wp-content\/uploads\/2022\/10\/113.jpg","keywords":["autojm","renault","Renault Twingo"],"articleSection":["Nouveaut\u00e9 Renault","Nouveaut\u00e9s Autos"],"inLanguage":"fr-FR","potentialAction":[{"@type":"CommentAction","name":"Comment","target":["https:\/\/www.autojm.fr\/blog\/renault-twingo-mauboussin\/#respond"]}]},{"@type":"WebPage","@id":"https:\/\/www.autojm.fr\/blog\/renault-twingo-mauboussin\/","url":"https:\/\/www.autojm.fr\/blog\/renault-twingo-mauboussin\/","name":"Renault Twingo Mauboussin - AutoJM Mag","isPartOf":{"@id":"https:\/\/www.autojm.fr\/blog\/#website"},"primaryImageOfPage":{"@id":"https:\/\/www.autojm.fr\/blog\/renault-twingo-mauboussin\/#primaryimage"},"image":{"@id":"https:\/\/www.autojm.fr\/blog\/renault-twingo-mauboussin\/#primaryimage"},"thumbnailUrl":"https:\/\/www.autojm.fr\/blog\/wp-content\/uploads\/2022\/10\/113.jpg","datePublished":"2012-02-23T11:58:37+00:00","dateModified":"2022-12-09T09:30:46+00:00","description":"La Renault Twingo se met au couleur du c\u00e9l\u00e8bre joaillier de la Place Vend\u00f4me, Mauboussin. D\u00e9couverte lors du dernier salon de Francfort...","breadcrumb":{"@id":"https:\/\/www.autojm.fr\/blog\/renault-twingo-mauboussin\/#breadcrumb"},"inLanguage":"fr-FR","potentialAction":[{"@type":"ReadAction","target":["https:\/\/www.autojm.fr\/blog\/renault-twingo-mauboussin\/"]}]},{"@type":"ImageObject","inLanguage":"fr-FR","@id":"https:\/\/www.autojm.fr\/blog\/renault-twingo-mauboussin\/#primaryimage","url":"https:\/\/www.autojm.fr\/blog\/wp-content\/uploads\/2022\/10\/113.jpg","contentUrl":"https:\/\/www.autojm.fr\/blog\/wp-content\/uploads\/2022\/10\/113.jpg","width":650,"height":563,"caption":"Renault Twingo"},{"@type":"BreadcrumbList","@id":"https:\/\/www.autojm.fr\/blog\/renault-twingo-mauboussin\/#breadcrumb","itemListElement":[{"@type":"ListItem","position":1,"name":"Accueil","item":"https:\/\/www.autojm.fr\/blog\/"},{"@type":"ListItem","position":2,"name":"Nouveaut\u00e9s Autos","item":"https:\/\/www.autojm.fr\/blog\/nouveautes-autos\/"},{"@type":"ListItem","position":3,"name":"Renault Twingo Mauboussin"}]},{"@type":"WebSite","@id":"https:\/\/www.autojm.fr\/blog\/#website","url":"https:\/\/www.autojm.fr\/blog\/","name":"AutoJM Mag","description":"Toute l&#039;actu auto en 1 clic !","publisher":{"@id":"https:\/\/www.autojm.fr\/blog\/#organization"},"potentialAction":[{"@type":"SearchAction","target":{"@type":"EntryPoint","urlTemplate":"https:\/\/www.autojm.fr\/blog\/?s={search_term_string}"},"query-input":{"@type":"PropertyValueSpecification","valueRequired":true,"valueName":"search_term_string"}}],"inLanguage":"fr-FR"},{"@type":"Organization","@id":"https:\/\/www.autojm.fr\/blog\/#organization","name":"AutoJM Mag","url":"https:\/\/www.autojm.fr\/blog\/","logo":{"@type":"ImageObject","inLanguage":"fr-FR","@id":"https:\/\/www.autojm.fr\/blog\/#\/schema\/logo\/image\/","url":"https:\/\/www.autojm.fr\/blog\/wp-content\/uploads\/2022\/12\/cropped-AutoJMag-png.png","contentUrl":"https:\/\/www.autojm.fr\/blog\/wp-content\/uploads\/2022\/12\/cropped-AutoJMag-png.png","width":2834,"height":585,"caption":"AutoJM Mag"},"image":{"@id":"https:\/\/www.autojm.fr\/blog\/#\/schema\/logo\/image\/"},"sameAs":["https:\/\/www.facebook.com\/AutoJM25"]},{"@type":"Person","@id":"https:\/\/www.autojm.fr\/blog\/#\/schema\/person\/9742bc77541853e0de81fc57f947e1a0","name":"Autojm","image":{"@type":"ImageObject","inLanguage":"fr-FR","@id":"https:\/\/secure.gravatar.com\/avatar\/9a959d52b758fcc232fe4b6aca7bab139182573297122cce7d6f2ee0e537b418?s=96&d=mm&r=g","url":"https:\/\/secure.gravatar.com\/avatar\/9a959d52b758fcc232fe4b6aca7bab139182573297122cce7d6f2ee0e537b418?s=96&d=mm&r=g","contentUrl":"https:\/\/secure.gravatar.com\/avatar\/9a959d52b758fcc232fe4b6aca7bab139182573297122cce7d6f2ee0e537b418?s=96&d=mm&r=g","caption":"Autojm"},"sameAs":["https:\/\/www.autojm.fr\/blog"],"url":"https:\/\/www.autojm.fr\/blog\/author\/bichoi\/"}]}},"_links":{"self":[{"href":"https:\/\/www.autojm.fr\/blog\/wp-json\/wp\/v2\/posts\/3399","targetHints":{"allow":["GET"]}}],"collection":[{"href":"https:\/\/www.autojm.fr\/blog\/wp-json\/wp\/v2\/posts"}],"about":[{"href":"https:\/\/www.autojm.fr\/blog\/wp-json\/wp\/v2\/types\/post"}],"author":[{"embeddable":true,"href":"https:\/\/www.autojm.fr\/blog\/wp-json\/wp\/v2\/users\/1"}],"replies":[{"embeddable":true,"href":"https:\/\/www.autojm.fr\/blog\/wp-json\/wp\/v2\/comments?post=3399"}],"version-history":[{"count":3,"href":"https:\/\/www.autojm.fr\/blog\/wp-json\/wp\/v2\/posts\/3399\/revisions"}],"predecessor-version":[{"id":7586,"href":"https:\/\/www.autojm.fr\/blog\/wp-json\/wp\/v2\/posts\/3399\/revisions\/7586"}],"wp:featuredmedia":[{"embeddable":true,"href":"https:\/\/www.autojm.fr\/blog\/wp-json\/wp\/v2\/media\/5495"}],"wp:attachment":[{"href":"https:\/\/www.autojm.fr\/blog\/wp-json\/wp\/v2\/media?parent=3399"}],"wp:term":[{"taxonomy":"category","embeddable":true,"href":"https:\/\/www.autojm.fr\/blog\/wp-json\/wp\/v2\/categories?post=3399"},{"taxonomy":"post_tag","embeddable":true,"href":"https:\/\/www.autojm.fr\/blog\/wp-json\/wp\/v2\/tags?post=3399"}],"curies":[{"name":"wp","href":"https:\/\/api.w.org\/{rel}","templated":true}]}}