{"id":3394,"date":"2012-02-10T11:40:44","date_gmt":"2012-02-10T11:40:44","guid":{"rendered":"https:\/\/www.autojm.fr\/blog\/fabrication-des-vehicules-francais-a-l-etranger\/"},"modified":"2022-12-09T09:58:08","modified_gmt":"2022-12-09T09:58:08","slug":"fabrication-des-vehicules-francais-a-l-etranger","status":"publish","type":"post","link":"https:\/\/www.autojm.fr\/blog\/fabrication-des-vehicules-francais-a-l-etranger\/","title":{"rendered":"Fabrication des v\u00e9hicules fran\u00e7ais \u00e0 l&rsquo;\u00e9tranger"},"content":{"rendered":"<p>\u00c0 ceux qui croient que les v\u00e9hicules de marques fran\u00e7aises sont toujours fabriqu\u00e9s en France&#8230; la r\u00e9ponse est NON !<\/p>\n<p>En effet, dans le secteur de la vente automobile et en tant que <a href=\"http:\/\/www.autojm.fr\/\">mandataire auto<\/a>, beaucoup de clients font peu confiance car le v\u00e9hicule provient essentiellement de l&rsquo;\u00e9tranger.<\/p>\n<p>Mais qui peut dire aujourd&rsquo;hui qu&rsquo;il a achet\u00e9 un v\u00e9hicule fabriqu\u00e9 en France ? De moins en moins de v\u00e9hicules le sont et pour preuve, <a href=\"https:\/\/www.autojm.fr\/mandataire-voitures-neuves-renault\">Renault <\/a>ouvre juste son usine \u00e0 Tanger qui pr\u00e9voit pr\u00e8s de 400 000 v\u00e9hicules produits \/ an. Celle-ci deviendra la plus grande usine Renault au monde loin devant celle de Pitesti, en Roumanie, qui a produit 327.400 v\u00e9hicules en 2011, et celles de Bursa (Turquie, 313.200 v\u00e9hicules), de Palencia (Espagne, 240.000 v\u00e9hicules), de Douai (France, 177.000 v\u00e9hicules) et de Novo Mesto (Slov\u00e9nie, 174.000 v\u00e9hicules).<\/p>\n<p>PSA a pour objectif d&rsquo;ouvrir sa prochaine usine en Inde o\u00f9 il devrait produire la <a href=\"https:\/\/www.autojm.fr\/mandataire-voitures-neuves-peugeot\">Peugeot RCZ<\/a>, 3008 ou encore la 508 actuellement produite en Espagne.<\/p>\n<p>Un autre exemple, les <a href=\"https:\/\/www.autojm.fr\/mandataire-voitures-neuves-citroen\">Citro\u00ebn C4<\/a> ou Berlingo proviennent d&rsquo;Espagne. Les 4007 ou C Crosser sont eux produits en Russie. C3 et Xsara Picasso sont produits au Br\u00e9sil&#8230;<\/p>\n<p>Sur 16 usines PSA dans le monde, seules 5 sont situ\u00e9es en France !<\/p>\n<p><strong>Voil\u00e0 pourquoi acheter votre v\u00e9hicule chez un mandataire ne change en rien le v\u00e9hicule en lui m\u00eame. Il proviendra des m\u00eames chaines de production et aura les m\u00eames garanties.<\/strong><\/p>\n","protected":false},"excerpt":{"rendered":"<p>\u00c0 ceux qui croient que les v\u00e9hicules de marques fran\u00e7aises sont toujours fabriqu\u00e9s en France&#8230; la r\u00e9ponse est NON !<\/p>\n<p>En effet, dans le secteur de la vente automobile et en tant que mandataire auto, beaucoup de clients font peu confiance car le v\u00e9hicule provient essentiellement de l&rsquo;\u00e9tranger.<\/p>\n","protected":false},"author":1,"featured_media":5490,"comment_status":"open","ping_status":"open","sticky":false,"template":"","format":"standard","meta":{"_acf_changed":false,"content-type":"","footnotes":""},"categories":[22],"tags":[90,85,74,105,110,109,106,108,107,73,78,169,96],"class_list":["post-3394","post","type-post","status-publish","format-standard","has-post-thumbnail","hentry","category-conseils-astuces","tag-autojm","tag-citroen-2","tag-dacia","tag-ds","tag-fiat","tag-ford","tag-kia","tag-nissan","tag-opel","tag-peugeot","tag-renault","tag-toyota","tag-volkswagen"],"acf":[],"yoast_head":"<!-- This site is optimized with the Yoast SEO plugin v27.5 - https:\/\/yoast.com\/product\/yoast-seo-wordpress\/ -->\n<title>Fabrication des v\u00e9hicules fran\u00e7ais \u00e0 l&#039;\u00e9tranger - AutoJM Mag<\/title>\n<meta name=\"description\" content=\"\u00c0 ceux qui croient que les v\u00e9hicules de marques fran\u00e7aises sont toujours fabriqu\u00e9s en France... la r\u00e9ponse est NON ! En effet, dans le...\" \/>\n<meta name=\"robots\" content=\"index, follow, max-snippet:-1, max-image-preview:large, max-video-preview:-1\" \/>\n<link rel=\"canonical\" href=\"https:\/\/www.autojm.fr\/blog\/fabrication-des-vehicules-francais-a-l-etranger\/\" \/>\n<meta property=\"og:locale\" content=\"fr_FR\" \/>\n<meta property=\"og:type\" content=\"article\" \/>\n<meta property=\"og:title\" content=\"Fabrication des v\u00e9hicules fran\u00e7ais \u00e0 l&#039;\u00e9tranger - AutoJM Mag\" \/>\n<meta property=\"og:description\" content=\"\u00c0 ceux qui croient que les v\u00e9hicules de marques fran\u00e7aises sont toujours fabriqu\u00e9s en France... la r\u00e9ponse est NON ! En effet, dans le...\" \/>\n<meta property=\"og:url\" content=\"https:\/\/www.autojm.fr\/blog\/fabrication-des-vehicules-francais-a-l-etranger\/\" \/>\n<meta property=\"og:site_name\" content=\"AutoJM Mag\" \/>\n<meta property=\"article:publisher\" content=\"https:\/\/www.facebook.com\/AutoJM25\" \/>\n<meta property=\"article:published_time\" content=\"2012-02-10T11:40:44+00:00\" \/>\n<meta property=\"article:modified_time\" content=\"2022-12-09T09:58:08+00:00\" \/>\n<meta property=\"og:image\" content=\"https:\/\/www.autojm.fr\/blog\/wp-content\/uploads\/2022\/10\/108.jpg\" \/>\n\t<meta property=\"og:image:width\" content=\"259\" \/>\n\t<meta property=\"og:image:height\" content=\"194\" \/>\n\t<meta property=\"og:image:type\" content=\"image\/jpeg\" \/>\n<meta name=\"author\" content=\"Autojm\" \/>\n<meta name=\"twitter:card\" content=\"summary_large_image\" \/>\n<meta name=\"twitter:label1\" content=\"\u00c9crit par\" \/>\n\t<meta name=\"twitter:data1\" content=\"Autojm\" \/>\n\t<meta name=\"twitter:label2\" content=\"Dur\u00e9e de lecture estim\u00e9e\" \/>\n\t<meta name=\"twitter:data2\" content=\"2 minutes\" \/>\n<script type=\"application\/ld+json\" class=\"yoast-schema-graph\">{\"@context\":\"https:\\\/\\\/schema.org\",\"@graph\":[{\"@type\":\"Article\",\"@id\":\"https:\\\/\\\/www.autojm.fr\\\/blog\\\/fabrication-des-vehicules-francais-a-l-etranger\\\/#article\",\"isPartOf\":{\"@id\":\"https:\\\/\\\/www.autojm.fr\\\/blog\\\/fabrication-des-vehicules-francais-a-l-etranger\\\/\"},\"author\":{\"name\":\"Autojm\",\"@id\":\"https:\\\/\\\/www.autojm.fr\\\/blog\\\/#\\\/schema\\\/person\\\/9742bc77541853e0de81fc57f947e1a0\"},\"headline\":\"Fabrication des v\u00e9hicules fran\u00e7ais \u00e0 l&rsquo;\u00e9tranger\",\"datePublished\":\"2012-02-10T11:40:44+00:00\",\"dateModified\":\"2022-12-09T09:58:08+00:00\",\"mainEntityOfPage\":{\"@id\":\"https:\\\/\\\/www.autojm.fr\\\/blog\\\/fabrication-des-vehicules-francais-a-l-etranger\\\/\"},\"wordCount\":248,\"commentCount\":0,\"publisher\":{\"@id\":\"https:\\\/\\\/www.autojm.fr\\\/blog\\\/#organization\"},\"image\":{\"@id\":\"https:\\\/\\\/www.autojm.fr\\\/blog\\\/fabrication-des-vehicules-francais-a-l-etranger\\\/#primaryimage\"},\"thumbnailUrl\":\"https:\\\/\\\/www.autojm.fr\\\/blog\\\/wp-content\\\/uploads\\\/2022\\\/10\\\/108.jpg\",\"keywords\":[\"autojm\",\"Citro\u00ebn\",\"dacia\",\"DS\",\"Fiat\",\"Ford\",\"Kia\",\"Nissan\",\"Opel\",\"peugeot\",\"renault\",\"Toyota\",\"Volkswagen\"],\"articleSection\":[\"Conseils &amp; Astuces\"],\"inLanguage\":\"fr-FR\",\"potentialAction\":[{\"@type\":\"CommentAction\",\"name\":\"Comment\",\"target\":[\"https:\\\/\\\/www.autojm.fr\\\/blog\\\/fabrication-des-vehicules-francais-a-l-etranger\\\/#respond\"]}]},{\"@type\":\"WebPage\",\"@id\":\"https:\\\/\\\/www.autojm.fr\\\/blog\\\/fabrication-des-vehicules-francais-a-l-etranger\\\/\",\"url\":\"https:\\\/\\\/www.autojm.fr\\\/blog\\\/fabrication-des-vehicules-francais-a-l-etranger\\\/\",\"name\":\"Fabrication des v\u00e9hicules fran\u00e7ais \u00e0 l'\u00e9tranger - AutoJM Mag\",\"isPartOf\":{\"@id\":\"https:\\\/\\\/www.autojm.fr\\\/blog\\\/#website\"},\"primaryImageOfPage\":{\"@id\":\"https:\\\/\\\/www.autojm.fr\\\/blog\\\/fabrication-des-vehicules-francais-a-l-etranger\\\/#primaryimage\"},\"image\":{\"@id\":\"https:\\\/\\\/www.autojm.fr\\\/blog\\\/fabrication-des-vehicules-francais-a-l-etranger\\\/#primaryimage\"},\"thumbnailUrl\":\"https:\\\/\\\/www.autojm.fr\\\/blog\\\/wp-content\\\/uploads\\\/2022\\\/10\\\/108.jpg\",\"datePublished\":\"2012-02-10T11:40:44+00:00\",\"dateModified\":\"2022-12-09T09:58:08+00:00\",\"description\":\"\u00c0 ceux qui croient que les v\u00e9hicules de marques fran\u00e7aises sont toujours fabriqu\u00e9s en France... la r\u00e9ponse est NON ! En effet, dans le...\",\"breadcrumb\":{\"@id\":\"https:\\\/\\\/www.autojm.fr\\\/blog\\\/fabrication-des-vehicules-francais-a-l-etranger\\\/#breadcrumb\"},\"inLanguage\":\"fr-FR\",\"potentialAction\":[{\"@type\":\"ReadAction\",\"target\":[\"https:\\\/\\\/www.autojm.fr\\\/blog\\\/fabrication-des-vehicules-francais-a-l-etranger\\\/\"]}]},{\"@type\":\"ImageObject\",\"inLanguage\":\"fr-FR\",\"@id\":\"https:\\\/\\\/www.autojm.fr\\\/blog\\\/fabrication-des-vehicules-francais-a-l-etranger\\\/#primaryimage\",\"url\":\"https:\\\/\\\/www.autojm.fr\\\/blog\\\/wp-content\\\/uploads\\\/2022\\\/10\\\/108.jpg\",\"contentUrl\":\"https:\\\/\\\/www.autojm.fr\\\/blog\\\/wp-content\\\/uploads\\\/2022\\\/10\\\/108.jpg\",\"width\":259,\"height\":194,\"caption\":\"Fabrication\"},{\"@type\":\"BreadcrumbList\",\"@id\":\"https:\\\/\\\/www.autojm.fr\\\/blog\\\/fabrication-des-vehicules-francais-a-l-etranger\\\/#breadcrumb\",\"itemListElement\":[{\"@type\":\"ListItem\",\"position\":1,\"name\":\"Accueil\",\"item\":\"https:\\\/\\\/www.autojm.fr\\\/blog\\\/\"},{\"@type\":\"ListItem\",\"position\":2,\"name\":\"Conseils &amp; Astuces\",\"item\":\"https:\\\/\\\/www.autojm.fr\\\/blog\\\/conseils-astuces\\\/\"},{\"@type\":\"ListItem\",\"position\":3,\"name\":\"Fabrication des v\u00e9hicules fran\u00e7ais \u00e0 l&rsquo;\u00e9tranger\"}]},{\"@type\":\"WebSite\",\"@id\":\"https:\\\/\\\/www.autojm.fr\\\/blog\\\/#website\",\"url\":\"https:\\\/\\\/www.autojm.fr\\\/blog\\\/\",\"name\":\"AutoJM Mag\",\"description\":\"Toute l&#039;actu auto en 1 clic !\",\"publisher\":{\"@id\":\"https:\\\/\\\/www.autojm.fr\\\/blog\\\/#organization\"},\"potentialAction\":[{\"@type\":\"SearchAction\",\"target\":{\"@type\":\"EntryPoint\",\"urlTemplate\":\"https:\\\/\\\/www.autojm.fr\\\/blog\\\/?s={search_term_string}\"},\"query-input\":{\"@type\":\"PropertyValueSpecification\",\"valueRequired\":true,\"valueName\":\"search_term_string\"}}],\"inLanguage\":\"fr-FR\"},{\"@type\":\"Organization\",\"@id\":\"https:\\\/\\\/www.autojm.fr\\\/blog\\\/#organization\",\"name\":\"AutoJM Mag\",\"url\":\"https:\\\/\\\/www.autojm.fr\\\/blog\\\/\",\"logo\":{\"@type\":\"ImageObject\",\"inLanguage\":\"fr-FR\",\"@id\":\"https:\\\/\\\/www.autojm.fr\\\/blog\\\/#\\\/schema\\\/logo\\\/image\\\/\",\"url\":\"https:\\\/\\\/www.autojm.fr\\\/blog\\\/wp-content\\\/uploads\\\/2022\\\/12\\\/cropped-AutoJMag-png.png\",\"contentUrl\":\"https:\\\/\\\/www.autojm.fr\\\/blog\\\/wp-content\\\/uploads\\\/2022\\\/12\\\/cropped-AutoJMag-png.png\",\"width\":2834,\"height\":585,\"caption\":\"AutoJM Mag\"},\"image\":{\"@id\":\"https:\\\/\\\/www.autojm.fr\\\/blog\\\/#\\\/schema\\\/logo\\\/image\\\/\"},\"sameAs\":[\"https:\\\/\\\/www.facebook.com\\\/AutoJM25\"]},{\"@type\":\"Person\",\"@id\":\"https:\\\/\\\/www.autojm.fr\\\/blog\\\/#\\\/schema\\\/person\\\/9742bc77541853e0de81fc57f947e1a0\",\"name\":\"Autojm\",\"image\":{\"@type\":\"ImageObject\",\"inLanguage\":\"fr-FR\",\"@id\":\"https:\\\/\\\/secure.gravatar.com\\\/avatar\\\/9a959d52b758fcc232fe4b6aca7bab139182573297122cce7d6f2ee0e537b418?s=96&d=mm&r=g\",\"url\":\"https:\\\/\\\/secure.gravatar.com\\\/avatar\\\/9a959d52b758fcc232fe4b6aca7bab139182573297122cce7d6f2ee0e537b418?s=96&d=mm&r=g\",\"contentUrl\":\"https:\\\/\\\/secure.gravatar.com\\\/avatar\\\/9a959d52b758fcc232fe4b6aca7bab139182573297122cce7d6f2ee0e537b418?s=96&d=mm&r=g\",\"caption\":\"Autojm\"},\"sameAs\":[\"https:\\\/\\\/www.autojm.fr\\\/blog\"],\"url\":\"https:\\\/\\\/www.autojm.fr\\\/blog\\\/author\\\/bichoi\\\/\"}]}<\/script>\n<!-- \/ Yoast SEO plugin. -->","yoast_head_json":{"title":"Fabrication des v\u00e9hicules fran\u00e7ais \u00e0 l'\u00e9tranger - AutoJM Mag","description":"\u00c0 ceux qui croient que les v\u00e9hicules de marques fran\u00e7aises sont toujours fabriqu\u00e9s en France... la r\u00e9ponse est NON ! En effet, dans le...","robots":{"index":"index","follow":"follow","max-snippet":"max-snippet:-1","max-image-preview":"max-image-preview:large","max-video-preview":"max-video-preview:-1"},"canonical":"https:\/\/www.autojm.fr\/blog\/fabrication-des-vehicules-francais-a-l-etranger\/","og_locale":"fr_FR","og_type":"article","og_title":"Fabrication des v\u00e9hicules fran\u00e7ais \u00e0 l'\u00e9tranger - AutoJM Mag","og_description":"\u00c0 ceux qui croient que les v\u00e9hicules de marques fran\u00e7aises sont toujours fabriqu\u00e9s en France... la r\u00e9ponse est NON ! En effet, dans le...","og_url":"https:\/\/www.autojm.fr\/blog\/fabrication-des-vehicules-francais-a-l-etranger\/","og_site_name":"AutoJM Mag","article_publisher":"https:\/\/www.facebook.com\/AutoJM25","article_published_time":"2012-02-10T11:40:44+00:00","article_modified_time":"2022-12-09T09:58:08+00:00","og_image":[{"width":259,"height":194,"url":"https:\/\/www.autojm.fr\/blog\/wp-content\/uploads\/2022\/10\/108.jpg","type":"image\/jpeg"}],"author":"Autojm","twitter_card":"summary_large_image","twitter_misc":{"\u00c9crit par":"Autojm","Dur\u00e9e de lecture estim\u00e9e":"2 minutes"},"schema":{"@context":"https:\/\/schema.org","@graph":[{"@type":"Article","@id":"https:\/\/www.autojm.fr\/blog\/fabrication-des-vehicules-francais-a-l-etranger\/#article","isPartOf":{"@id":"https:\/\/www.autojm.fr\/blog\/fabrication-des-vehicules-francais-a-l-etranger\/"},"author":{"name":"Autojm","@id":"https:\/\/www.autojm.fr\/blog\/#\/schema\/person\/9742bc77541853e0de81fc57f947e1a0"},"headline":"Fabrication des v\u00e9hicules fran\u00e7ais \u00e0 l&rsquo;\u00e9tranger","datePublished":"2012-02-10T11:40:44+00:00","dateModified":"2022-12-09T09:58:08+00:00","mainEntityOfPage":{"@id":"https:\/\/www.autojm.fr\/blog\/fabrication-des-vehicules-francais-a-l-etranger\/"},"wordCount":248,"commentCount":0,"publisher":{"@id":"https:\/\/www.autojm.fr\/blog\/#organization"},"image":{"@id":"https:\/\/www.autojm.fr\/blog\/fabrication-des-vehicules-francais-a-l-etranger\/#primaryimage"},"thumbnailUrl":"https:\/\/www.autojm.fr\/blog\/wp-content\/uploads\/2022\/10\/108.jpg","keywords":["autojm","Citro\u00ebn","dacia","DS","Fiat","Ford","Kia","Nissan","Opel","peugeot","renault","Toyota","Volkswagen"],"articleSection":["Conseils &amp; Astuces"],"inLanguage":"fr-FR","potentialAction":[{"@type":"CommentAction","name":"Comment","target":["https:\/\/www.autojm.fr\/blog\/fabrication-des-vehicules-francais-a-l-etranger\/#respond"]}]},{"@type":"WebPage","@id":"https:\/\/www.autojm.fr\/blog\/fabrication-des-vehicules-francais-a-l-etranger\/","url":"https:\/\/www.autojm.fr\/blog\/fabrication-des-vehicules-francais-a-l-etranger\/","name":"Fabrication des v\u00e9hicules fran\u00e7ais \u00e0 l'\u00e9tranger - AutoJM Mag","isPartOf":{"@id":"https:\/\/www.autojm.fr\/blog\/#website"},"primaryImageOfPage":{"@id":"https:\/\/www.autojm.fr\/blog\/fabrication-des-vehicules-francais-a-l-etranger\/#primaryimage"},"image":{"@id":"https:\/\/www.autojm.fr\/blog\/fabrication-des-vehicules-francais-a-l-etranger\/#primaryimage"},"thumbnailUrl":"https:\/\/www.autojm.fr\/blog\/wp-content\/uploads\/2022\/10\/108.jpg","datePublished":"2012-02-10T11:40:44+00:00","dateModified":"2022-12-09T09:58:08+00:00","description":"\u00c0 ceux qui croient que les v\u00e9hicules de marques fran\u00e7aises sont toujours fabriqu\u00e9s en France... la r\u00e9ponse est NON ! En effet, dans le...","breadcrumb":{"@id":"https:\/\/www.autojm.fr\/blog\/fabrication-des-vehicules-francais-a-l-etranger\/#breadcrumb"},"inLanguage":"fr-FR","potentialAction":[{"@type":"ReadAction","target":["https:\/\/www.autojm.fr\/blog\/fabrication-des-vehicules-francais-a-l-etranger\/"]}]},{"@type":"ImageObject","inLanguage":"fr-FR","@id":"https:\/\/www.autojm.fr\/blog\/fabrication-des-vehicules-francais-a-l-etranger\/#primaryimage","url":"https:\/\/www.autojm.fr\/blog\/wp-content\/uploads\/2022\/10\/108.jpg","contentUrl":"https:\/\/www.autojm.fr\/blog\/wp-content\/uploads\/2022\/10\/108.jpg","width":259,"height":194,"caption":"Fabrication"},{"@type":"BreadcrumbList","@id":"https:\/\/www.autojm.fr\/blog\/fabrication-des-vehicules-francais-a-l-etranger\/#breadcrumb","itemListElement":[{"@type":"ListItem","position":1,"name":"Accueil","item":"https:\/\/www.autojm.fr\/blog\/"},{"@type":"ListItem","position":2,"name":"Conseils &amp; Astuces","item":"https:\/\/www.autojm.fr\/blog\/conseils-astuces\/"},{"@type":"ListItem","position":3,"name":"Fabrication des v\u00e9hicules fran\u00e7ais \u00e0 l&rsquo;\u00e9tranger"}]},{"@type":"WebSite","@id":"https:\/\/www.autojm.fr\/blog\/#website","url":"https:\/\/www.autojm.fr\/blog\/","name":"AutoJM Mag","description":"Toute l&#039;actu auto en 1 clic !","publisher":{"@id":"https:\/\/www.autojm.fr\/blog\/#organization"},"potentialAction":[{"@type":"SearchAction","target":{"@type":"EntryPoint","urlTemplate":"https:\/\/www.autojm.fr\/blog\/?s={search_term_string}"},"query-input":{"@type":"PropertyValueSpecification","valueRequired":true,"valueName":"search_term_string"}}],"inLanguage":"fr-FR"},{"@type":"Organization","@id":"https:\/\/www.autojm.fr\/blog\/#organization","name":"AutoJM Mag","url":"https:\/\/www.autojm.fr\/blog\/","logo":{"@type":"ImageObject","inLanguage":"fr-FR","@id":"https:\/\/www.autojm.fr\/blog\/#\/schema\/logo\/image\/","url":"https:\/\/www.autojm.fr\/blog\/wp-content\/uploads\/2022\/12\/cropped-AutoJMag-png.png","contentUrl":"https:\/\/www.autojm.fr\/blog\/wp-content\/uploads\/2022\/12\/cropped-AutoJMag-png.png","width":2834,"height":585,"caption":"AutoJM Mag"},"image":{"@id":"https:\/\/www.autojm.fr\/blog\/#\/schema\/logo\/image\/"},"sameAs":["https:\/\/www.facebook.com\/AutoJM25"]},{"@type":"Person","@id":"https:\/\/www.autojm.fr\/blog\/#\/schema\/person\/9742bc77541853e0de81fc57f947e1a0","name":"Autojm","image":{"@type":"ImageObject","inLanguage":"fr-FR","@id":"https:\/\/secure.gravatar.com\/avatar\/9a959d52b758fcc232fe4b6aca7bab139182573297122cce7d6f2ee0e537b418?s=96&d=mm&r=g","url":"https:\/\/secure.gravatar.com\/avatar\/9a959d52b758fcc232fe4b6aca7bab139182573297122cce7d6f2ee0e537b418?s=96&d=mm&r=g","contentUrl":"https:\/\/secure.gravatar.com\/avatar\/9a959d52b758fcc232fe4b6aca7bab139182573297122cce7d6f2ee0e537b418?s=96&d=mm&r=g","caption":"Autojm"},"sameAs":["https:\/\/www.autojm.fr\/blog"],"url":"https:\/\/www.autojm.fr\/blog\/author\/bichoi\/"}]}},"_links":{"self":[{"href":"https:\/\/www.autojm.fr\/blog\/wp-json\/wp\/v2\/posts\/3394","targetHints":{"allow":["GET"]}}],"collection":[{"href":"https:\/\/www.autojm.fr\/blog\/wp-json\/wp\/v2\/posts"}],"about":[{"href":"https:\/\/www.autojm.fr\/blog\/wp-json\/wp\/v2\/types\/post"}],"author":[{"embeddable":true,"href":"https:\/\/www.autojm.fr\/blog\/wp-json\/wp\/v2\/users\/1"}],"replies":[{"embeddable":true,"href":"https:\/\/www.autojm.fr\/blog\/wp-json\/wp\/v2\/comments?post=3394"}],"version-history":[{"count":4,"href":"https:\/\/www.autojm.fr\/blog\/wp-json\/wp\/v2\/posts\/3394\/revisions"}],"predecessor-version":[{"id":7590,"href":"https:\/\/www.autojm.fr\/blog\/wp-json\/wp\/v2\/posts\/3394\/revisions\/7590"}],"wp:featuredmedia":[{"embeddable":true,"href":"https:\/\/www.autojm.fr\/blog\/wp-json\/wp\/v2\/media\/5490"}],"wp:attachment":[{"href":"https:\/\/www.autojm.fr\/blog\/wp-json\/wp\/v2\/media?parent=3394"}],"wp:term":[{"taxonomy":"category","embeddable":true,"href":"https:\/\/www.autojm.fr\/blog\/wp-json\/wp\/v2\/categories?post=3394"},{"taxonomy":"post_tag","embeddable":true,"href":"https:\/\/www.autojm.fr\/blog\/wp-json\/wp\/v2\/tags?post=3394"}],"curies":[{"name":"wp","href":"https:\/\/api.w.org\/{rel}","templated":true}]}}