{"id":3373,"date":"2011-12-12T10:15:00","date_gmt":"2011-12-12T10:15:00","guid":{"rendered":"https:\/\/www.autojm.fr\/blog\/explosion-dune-voiture-au-gpl\/"},"modified":"2022-12-13T09:17:06","modified_gmt":"2022-12-13T09:17:06","slug":"explosion-dune-voiture-au-gpl","status":"publish","type":"post","link":"https:\/\/www.autojm.fr\/blog\/explosion-dune-voiture-au-gpl\/","title":{"rendered":"Explosion d&rsquo;une voiture au GPL"},"content":{"rendered":"<p>Ce week-end dans le Var, une voiture GPL a explos\u00e9 peu de temps apr\u00e8s avoir fait le plein.<\/p>\n<p>En effet, digne d&rsquo;une sc\u00e8ne d&rsquo;action des plus grands films hollywoodiens, au moment de repartir de la station essence, le v\u00e9hicule explose en projetant son conducteur \u00e0 travers le toit ouvrant.<\/p>\n<p>Du bonheur dans son malheur&#8230; puisque l&rsquo;automobiliste ne serait br\u00fbl\u00e9 qu&rsquo;aux mains.<\/p>\n<p>La voiture n&rsquo;a pas pu \u00eatre sauv\u00e9e mais la station a \u00e9t\u00e9 prise \u00e0 temps par les pompiers.<\/p>\n<p>On ne nous pr\u00e9cise pas la marque du v\u00e9hicule&#8230; \u00e0 suivre !<\/p>\n","protected":false},"excerpt":{"rendered":"<p>Ce week-end dans le Var, une voiture GPL a explos\u00e9 peu de temps apr\u00e8s avoir fait le plein.<\/p>\n<p>En effet, digne d&rsquo;une sc\u00e8ne d&rsquo;action des plus grands films hollywoodiens, au moment de repartir de la station essence, le v\u00e9hicule explose en projetant son conducteur \u00e0 travers le toit ouvrant.<\/p>\n","protected":false},"author":1,"featured_media":7600,"comment_status":"open","ping_status":"open","sticky":false,"template":"","format":"standard","meta":{"_acf_changed":false,"content-type":"","footnotes":""},"categories":[5],"tags":[90,79,74,105,110,109,106,108,107,73,78,169,96],"class_list":["post-3373","post","type-post","status-publish","format-standard","has-post-thumbnail","hentry","category-actualite-automobile","tag-autojm","tag-citroen","tag-dacia","tag-ds","tag-fiat","tag-ford","tag-kia","tag-nissan","tag-opel","tag-peugeot","tag-renault","tag-toyota","tag-volkswagen"],"acf":[],"yoast_head":"<!-- This site is optimized with the Yoast SEO plugin v27.5 - https:\/\/yoast.com\/product\/yoast-seo-wordpress\/ -->\n<title>Explosion d&#039;une voiture au GPL - AutoJM Mag<\/title>\n<meta name=\"description\" content=\"Ce week-end dans le Var, une voiture GPL a explos\u00e9 peu de temps apr\u00e8s avoir fait le plein. En effet, digne d&#039;une sc\u00e8ne d&#039;action des plus...\" \/>\n<meta name=\"robots\" content=\"index, follow, max-snippet:-1, max-image-preview:large, max-video-preview:-1\" \/>\n<link rel=\"canonical\" href=\"https:\/\/www.autojm.fr\/blog\/explosion-dune-voiture-au-gpl\/\" \/>\n<meta property=\"og:locale\" content=\"fr_FR\" \/>\n<meta property=\"og:type\" content=\"article\" \/>\n<meta property=\"og:title\" content=\"Explosion d&#039;une voiture au GPL - AutoJM Mag\" \/>\n<meta property=\"og:description\" content=\"Ce week-end dans le Var, une voiture GPL a explos\u00e9 peu de temps apr\u00e8s avoir fait le plein. En effet, digne d&#039;une sc\u00e8ne d&#039;action des plus...\" \/>\n<meta property=\"og:url\" content=\"https:\/\/www.autojm.fr\/blog\/explosion-dune-voiture-au-gpl\/\" \/>\n<meta property=\"og:site_name\" content=\"AutoJM Mag\" \/>\n<meta property=\"article:publisher\" content=\"https:\/\/www.facebook.com\/AutoJM25\" \/>\n<meta property=\"article:published_time\" content=\"2011-12-12T10:15:00+00:00\" \/>\n<meta property=\"article:modified_time\" content=\"2022-12-13T09:17:06+00:00\" \/>\n<meta property=\"og:image\" content=\"https:\/\/www.autojm.fr\/blog\/wp-content\/uploads\/2011\/12\/GPL.jpg\" \/>\n\t<meta property=\"og:image:width\" content=\"1200\" \/>\n\t<meta property=\"og:image:height\" content=\"898\" \/>\n\t<meta property=\"og:image:type\" content=\"image\/jpeg\" \/>\n<meta name=\"author\" content=\"Autojm\" \/>\n<meta name=\"twitter:card\" content=\"summary_large_image\" \/>\n<meta name=\"twitter:label1\" content=\"\u00c9crit par\" \/>\n\t<meta name=\"twitter:data1\" content=\"Autojm\" \/>\n<script type=\"application\/ld+json\" class=\"yoast-schema-graph\">{\"@context\":\"https:\\\/\\\/schema.org\",\"@graph\":[{\"@type\":\"Article\",\"@id\":\"https:\\\/\\\/www.autojm.fr\\\/blog\\\/explosion-dune-voiture-au-gpl\\\/#article\",\"isPartOf\":{\"@id\":\"https:\\\/\\\/www.autojm.fr\\\/blog\\\/explosion-dune-voiture-au-gpl\\\/\"},\"author\":{\"name\":\"Autojm\",\"@id\":\"https:\\\/\\\/www.autojm.fr\\\/blog\\\/#\\\/schema\\\/person\\\/9742bc77541853e0de81fc57f947e1a0\"},\"headline\":\"Explosion d&rsquo;une voiture au GPL\",\"datePublished\":\"2011-12-12T10:15:00+00:00\",\"dateModified\":\"2022-12-13T09:17:06+00:00\",\"mainEntityOfPage\":{\"@id\":\"https:\\\/\\\/www.autojm.fr\\\/blog\\\/explosion-dune-voiture-au-gpl\\\/\"},\"wordCount\":99,\"commentCount\":0,\"publisher\":{\"@id\":\"https:\\\/\\\/www.autojm.fr\\\/blog\\\/#organization\"},\"image\":{\"@id\":\"https:\\\/\\\/www.autojm.fr\\\/blog\\\/explosion-dune-voiture-au-gpl\\\/#primaryimage\"},\"thumbnailUrl\":\"https:\\\/\\\/www.autojm.fr\\\/blog\\\/wp-content\\\/uploads\\\/2011\\\/12\\\/GPL.jpg\",\"keywords\":[\"autojm\",\"citroen\",\"dacia\",\"DS\",\"Fiat\",\"Ford\",\"Kia\",\"Nissan\",\"Opel\",\"peugeot\",\"renault\",\"Toyota\",\"Volkswagen\"],\"articleSection\":[\"Actualit\u00e9 Automobile\"],\"inLanguage\":\"fr-FR\",\"potentialAction\":[{\"@type\":\"CommentAction\",\"name\":\"Comment\",\"target\":[\"https:\\\/\\\/www.autojm.fr\\\/blog\\\/explosion-dune-voiture-au-gpl\\\/#respond\"]}]},{\"@type\":\"WebPage\",\"@id\":\"https:\\\/\\\/www.autojm.fr\\\/blog\\\/explosion-dune-voiture-au-gpl\\\/\",\"url\":\"https:\\\/\\\/www.autojm.fr\\\/blog\\\/explosion-dune-voiture-au-gpl\\\/\",\"name\":\"Explosion d'une voiture au GPL - AutoJM Mag\",\"isPartOf\":{\"@id\":\"https:\\\/\\\/www.autojm.fr\\\/blog\\\/#website\"},\"primaryImageOfPage\":{\"@id\":\"https:\\\/\\\/www.autojm.fr\\\/blog\\\/explosion-dune-voiture-au-gpl\\\/#primaryimage\"},\"image\":{\"@id\":\"https:\\\/\\\/www.autojm.fr\\\/blog\\\/explosion-dune-voiture-au-gpl\\\/#primaryimage\"},\"thumbnailUrl\":\"https:\\\/\\\/www.autojm.fr\\\/blog\\\/wp-content\\\/uploads\\\/2011\\\/12\\\/GPL.jpg\",\"datePublished\":\"2011-12-12T10:15:00+00:00\",\"dateModified\":\"2022-12-13T09:17:06+00:00\",\"description\":\"Ce week-end dans le Var, une voiture GPL a explos\u00e9 peu de temps apr\u00e8s avoir fait le plein. En effet, digne d'une sc\u00e8ne d'action des plus...\",\"breadcrumb\":{\"@id\":\"https:\\\/\\\/www.autojm.fr\\\/blog\\\/explosion-dune-voiture-au-gpl\\\/#breadcrumb\"},\"inLanguage\":\"fr-FR\",\"potentialAction\":[{\"@type\":\"ReadAction\",\"target\":[\"https:\\\/\\\/www.autojm.fr\\\/blog\\\/explosion-dune-voiture-au-gpl\\\/\"]}]},{\"@type\":\"ImageObject\",\"inLanguage\":\"fr-FR\",\"@id\":\"https:\\\/\\\/www.autojm.fr\\\/blog\\\/explosion-dune-voiture-au-gpl\\\/#primaryimage\",\"url\":\"https:\\\/\\\/www.autojm.fr\\\/blog\\\/wp-content\\\/uploads\\\/2011\\\/12\\\/GPL.jpg\",\"contentUrl\":\"https:\\\/\\\/www.autojm.fr\\\/blog\\\/wp-content\\\/uploads\\\/2011\\\/12\\\/GPL.jpg\",\"width\":1200,\"height\":898,\"caption\":\"GPL\"},{\"@type\":\"BreadcrumbList\",\"@id\":\"https:\\\/\\\/www.autojm.fr\\\/blog\\\/explosion-dune-voiture-au-gpl\\\/#breadcrumb\",\"itemListElement\":[{\"@type\":\"ListItem\",\"position\":1,\"name\":\"Accueil\",\"item\":\"https:\\\/\\\/www.autojm.fr\\\/blog\\\/\"},{\"@type\":\"ListItem\",\"position\":2,\"name\":\"Actualit\u00e9 Automobile\",\"item\":\"https:\\\/\\\/www.autojm.fr\\\/blog\\\/actualite-automobile\\\/\"},{\"@type\":\"ListItem\",\"position\":3,\"name\":\"Explosion d&rsquo;une voiture au GPL\"}]},{\"@type\":\"WebSite\",\"@id\":\"https:\\\/\\\/www.autojm.fr\\\/blog\\\/#website\",\"url\":\"https:\\\/\\\/www.autojm.fr\\\/blog\\\/\",\"name\":\"AutoJM Mag\",\"description\":\"Toute l&#039;actu auto en 1 clic !\",\"publisher\":{\"@id\":\"https:\\\/\\\/www.autojm.fr\\\/blog\\\/#organization\"},\"potentialAction\":[{\"@type\":\"SearchAction\",\"target\":{\"@type\":\"EntryPoint\",\"urlTemplate\":\"https:\\\/\\\/www.autojm.fr\\\/blog\\\/?s={search_term_string}\"},\"query-input\":{\"@type\":\"PropertyValueSpecification\",\"valueRequired\":true,\"valueName\":\"search_term_string\"}}],\"inLanguage\":\"fr-FR\"},{\"@type\":\"Organization\",\"@id\":\"https:\\\/\\\/www.autojm.fr\\\/blog\\\/#organization\",\"name\":\"AutoJM Mag\",\"url\":\"https:\\\/\\\/www.autojm.fr\\\/blog\\\/\",\"logo\":{\"@type\":\"ImageObject\",\"inLanguage\":\"fr-FR\",\"@id\":\"https:\\\/\\\/www.autojm.fr\\\/blog\\\/#\\\/schema\\\/logo\\\/image\\\/\",\"url\":\"https:\\\/\\\/www.autojm.fr\\\/blog\\\/wp-content\\\/uploads\\\/2022\\\/12\\\/cropped-AutoJMag-png.png\",\"contentUrl\":\"https:\\\/\\\/www.autojm.fr\\\/blog\\\/wp-content\\\/uploads\\\/2022\\\/12\\\/cropped-AutoJMag-png.png\",\"width\":2834,\"height\":585,\"caption\":\"AutoJM Mag\"},\"image\":{\"@id\":\"https:\\\/\\\/www.autojm.fr\\\/blog\\\/#\\\/schema\\\/logo\\\/image\\\/\"},\"sameAs\":[\"https:\\\/\\\/www.facebook.com\\\/AutoJM25\"]},{\"@type\":\"Person\",\"@id\":\"https:\\\/\\\/www.autojm.fr\\\/blog\\\/#\\\/schema\\\/person\\\/9742bc77541853e0de81fc57f947e1a0\",\"name\":\"Autojm\",\"image\":{\"@type\":\"ImageObject\",\"inLanguage\":\"fr-FR\",\"@id\":\"https:\\\/\\\/secure.gravatar.com\\\/avatar\\\/9a959d52b758fcc232fe4b6aca7bab139182573297122cce7d6f2ee0e537b418?s=96&d=mm&r=g\",\"url\":\"https:\\\/\\\/secure.gravatar.com\\\/avatar\\\/9a959d52b758fcc232fe4b6aca7bab139182573297122cce7d6f2ee0e537b418?s=96&d=mm&r=g\",\"contentUrl\":\"https:\\\/\\\/secure.gravatar.com\\\/avatar\\\/9a959d52b758fcc232fe4b6aca7bab139182573297122cce7d6f2ee0e537b418?s=96&d=mm&r=g\",\"caption\":\"Autojm\"},\"sameAs\":[\"https:\\\/\\\/www.autojm.fr\\\/blog\"],\"url\":\"https:\\\/\\\/www.autojm.fr\\\/blog\\\/author\\\/bichoi\\\/\"}]}<\/script>\n<!-- \/ Yoast SEO plugin. -->","yoast_head_json":{"title":"Explosion d'une voiture au GPL - AutoJM Mag","description":"Ce week-end dans le Var, une voiture GPL a explos\u00e9 peu de temps apr\u00e8s avoir fait le plein. En effet, digne d'une sc\u00e8ne d'action des plus...","robots":{"index":"index","follow":"follow","max-snippet":"max-snippet:-1","max-image-preview":"max-image-preview:large","max-video-preview":"max-video-preview:-1"},"canonical":"https:\/\/www.autojm.fr\/blog\/explosion-dune-voiture-au-gpl\/","og_locale":"fr_FR","og_type":"article","og_title":"Explosion d'une voiture au GPL - AutoJM Mag","og_description":"Ce week-end dans le Var, une voiture GPL a explos\u00e9 peu de temps apr\u00e8s avoir fait le plein. En effet, digne d'une sc\u00e8ne d'action des plus...","og_url":"https:\/\/www.autojm.fr\/blog\/explosion-dune-voiture-au-gpl\/","og_site_name":"AutoJM Mag","article_publisher":"https:\/\/www.facebook.com\/AutoJM25","article_published_time":"2011-12-12T10:15:00+00:00","article_modified_time":"2022-12-13T09:17:06+00:00","og_image":[{"width":1200,"height":898,"url":"https:\/\/www.autojm.fr\/blog\/wp-content\/uploads\/2011\/12\/GPL.jpg","type":"image\/jpeg"}],"author":"Autojm","twitter_card":"summary_large_image","twitter_misc":{"\u00c9crit par":"Autojm"},"schema":{"@context":"https:\/\/schema.org","@graph":[{"@type":"Article","@id":"https:\/\/www.autojm.fr\/blog\/explosion-dune-voiture-au-gpl\/#article","isPartOf":{"@id":"https:\/\/www.autojm.fr\/blog\/explosion-dune-voiture-au-gpl\/"},"author":{"name":"Autojm","@id":"https:\/\/www.autojm.fr\/blog\/#\/schema\/person\/9742bc77541853e0de81fc57f947e1a0"},"headline":"Explosion d&rsquo;une voiture au GPL","datePublished":"2011-12-12T10:15:00+00:00","dateModified":"2022-12-13T09:17:06+00:00","mainEntityOfPage":{"@id":"https:\/\/www.autojm.fr\/blog\/explosion-dune-voiture-au-gpl\/"},"wordCount":99,"commentCount":0,"publisher":{"@id":"https:\/\/www.autojm.fr\/blog\/#organization"},"image":{"@id":"https:\/\/www.autojm.fr\/blog\/explosion-dune-voiture-au-gpl\/#primaryimage"},"thumbnailUrl":"https:\/\/www.autojm.fr\/blog\/wp-content\/uploads\/2011\/12\/GPL.jpg","keywords":["autojm","citroen","dacia","DS","Fiat","Ford","Kia","Nissan","Opel","peugeot","renault","Toyota","Volkswagen"],"articleSection":["Actualit\u00e9 Automobile"],"inLanguage":"fr-FR","potentialAction":[{"@type":"CommentAction","name":"Comment","target":["https:\/\/www.autojm.fr\/blog\/explosion-dune-voiture-au-gpl\/#respond"]}]},{"@type":"WebPage","@id":"https:\/\/www.autojm.fr\/blog\/explosion-dune-voiture-au-gpl\/","url":"https:\/\/www.autojm.fr\/blog\/explosion-dune-voiture-au-gpl\/","name":"Explosion d'une voiture au GPL - AutoJM Mag","isPartOf":{"@id":"https:\/\/www.autojm.fr\/blog\/#website"},"primaryImageOfPage":{"@id":"https:\/\/www.autojm.fr\/blog\/explosion-dune-voiture-au-gpl\/#primaryimage"},"image":{"@id":"https:\/\/www.autojm.fr\/blog\/explosion-dune-voiture-au-gpl\/#primaryimage"},"thumbnailUrl":"https:\/\/www.autojm.fr\/blog\/wp-content\/uploads\/2011\/12\/GPL.jpg","datePublished":"2011-12-12T10:15:00+00:00","dateModified":"2022-12-13T09:17:06+00:00","description":"Ce week-end dans le Var, une voiture GPL a explos\u00e9 peu de temps apr\u00e8s avoir fait le plein. En effet, digne d'une sc\u00e8ne d'action des plus...","breadcrumb":{"@id":"https:\/\/www.autojm.fr\/blog\/explosion-dune-voiture-au-gpl\/#breadcrumb"},"inLanguage":"fr-FR","potentialAction":[{"@type":"ReadAction","target":["https:\/\/www.autojm.fr\/blog\/explosion-dune-voiture-au-gpl\/"]}]},{"@type":"ImageObject","inLanguage":"fr-FR","@id":"https:\/\/www.autojm.fr\/blog\/explosion-dune-voiture-au-gpl\/#primaryimage","url":"https:\/\/www.autojm.fr\/blog\/wp-content\/uploads\/2011\/12\/GPL.jpg","contentUrl":"https:\/\/www.autojm.fr\/blog\/wp-content\/uploads\/2011\/12\/GPL.jpg","width":1200,"height":898,"caption":"GPL"},{"@type":"BreadcrumbList","@id":"https:\/\/www.autojm.fr\/blog\/explosion-dune-voiture-au-gpl\/#breadcrumb","itemListElement":[{"@type":"ListItem","position":1,"name":"Accueil","item":"https:\/\/www.autojm.fr\/blog\/"},{"@type":"ListItem","position":2,"name":"Actualit\u00e9 Automobile","item":"https:\/\/www.autojm.fr\/blog\/actualite-automobile\/"},{"@type":"ListItem","position":3,"name":"Explosion d&rsquo;une voiture au GPL"}]},{"@type":"WebSite","@id":"https:\/\/www.autojm.fr\/blog\/#website","url":"https:\/\/www.autojm.fr\/blog\/","name":"AutoJM Mag","description":"Toute l&#039;actu auto en 1 clic !","publisher":{"@id":"https:\/\/www.autojm.fr\/blog\/#organization"},"potentialAction":[{"@type":"SearchAction","target":{"@type":"EntryPoint","urlTemplate":"https:\/\/www.autojm.fr\/blog\/?s={search_term_string}"},"query-input":{"@type":"PropertyValueSpecification","valueRequired":true,"valueName":"search_term_string"}}],"inLanguage":"fr-FR"},{"@type":"Organization","@id":"https:\/\/www.autojm.fr\/blog\/#organization","name":"AutoJM Mag","url":"https:\/\/www.autojm.fr\/blog\/","logo":{"@type":"ImageObject","inLanguage":"fr-FR","@id":"https:\/\/www.autojm.fr\/blog\/#\/schema\/logo\/image\/","url":"https:\/\/www.autojm.fr\/blog\/wp-content\/uploads\/2022\/12\/cropped-AutoJMag-png.png","contentUrl":"https:\/\/www.autojm.fr\/blog\/wp-content\/uploads\/2022\/12\/cropped-AutoJMag-png.png","width":2834,"height":585,"caption":"AutoJM Mag"},"image":{"@id":"https:\/\/www.autojm.fr\/blog\/#\/schema\/logo\/image\/"},"sameAs":["https:\/\/www.facebook.com\/AutoJM25"]},{"@type":"Person","@id":"https:\/\/www.autojm.fr\/blog\/#\/schema\/person\/9742bc77541853e0de81fc57f947e1a0","name":"Autojm","image":{"@type":"ImageObject","inLanguage":"fr-FR","@id":"https:\/\/secure.gravatar.com\/avatar\/9a959d52b758fcc232fe4b6aca7bab139182573297122cce7d6f2ee0e537b418?s=96&d=mm&r=g","url":"https:\/\/secure.gravatar.com\/avatar\/9a959d52b758fcc232fe4b6aca7bab139182573297122cce7d6f2ee0e537b418?s=96&d=mm&r=g","contentUrl":"https:\/\/secure.gravatar.com\/avatar\/9a959d52b758fcc232fe4b6aca7bab139182573297122cce7d6f2ee0e537b418?s=96&d=mm&r=g","caption":"Autojm"},"sameAs":["https:\/\/www.autojm.fr\/blog"],"url":"https:\/\/www.autojm.fr\/blog\/author\/bichoi\/"}]}},"_links":{"self":[{"href":"https:\/\/www.autojm.fr\/blog\/wp-json\/wp\/v2\/posts\/3373","targetHints":{"allow":["GET"]}}],"collection":[{"href":"https:\/\/www.autojm.fr\/blog\/wp-json\/wp\/v2\/posts"}],"about":[{"href":"https:\/\/www.autojm.fr\/blog\/wp-json\/wp\/v2\/types\/post"}],"author":[{"embeddable":true,"href":"https:\/\/www.autojm.fr\/blog\/wp-json\/wp\/v2\/users\/1"}],"replies":[{"embeddable":true,"href":"https:\/\/www.autojm.fr\/blog\/wp-json\/wp\/v2\/comments?post=3373"}],"version-history":[{"count":2,"href":"https:\/\/www.autojm.fr\/blog\/wp-json\/wp\/v2\/posts\/3373\/revisions"}],"predecessor-version":[{"id":7601,"href":"https:\/\/www.autojm.fr\/blog\/wp-json\/wp\/v2\/posts\/3373\/revisions\/7601"}],"wp:featuredmedia":[{"embeddable":true,"href":"https:\/\/www.autojm.fr\/blog\/wp-json\/wp\/v2\/media\/7600"}],"wp:attachment":[{"href":"https:\/\/www.autojm.fr\/blog\/wp-json\/wp\/v2\/media?parent=3373"}],"wp:term":[{"taxonomy":"category","embeddable":true,"href":"https:\/\/www.autojm.fr\/blog\/wp-json\/wp\/v2\/categories?post=3373"},{"taxonomy":"post_tag","embeddable":true,"href":"https:\/\/www.autojm.fr\/blog\/wp-json\/wp\/v2\/tags?post=3373"}],"curies":[{"name":"wp","href":"https:\/\/api.w.org\/{rel}","templated":true}]}}