{"id":3354,"date":"2011-10-13T09:38:47","date_gmt":"2011-10-13T09:38:47","guid":{"rendered":"https:\/\/www.autojm.fr\/blog\/les-femmes-achetent-leur-voitures-sans-lavis-des-hommes\/"},"modified":"2022-12-13T09:17:06","modified_gmt":"2022-12-13T09:17:06","slug":"les-femmes-achetent-leur-voitures-sans-lavis-des-hommes","status":"publish","type":"post","link":"https:\/\/www.autojm.fr\/blog\/les-femmes-achetent-leur-voitures-sans-lavis-des-hommes\/","title":{"rendered":"Les femmes ach\u00e8tent leurs voitures sans l&rsquo;avis des hommes"},"content":{"rendered":"<h1><span style=\"font-family: Arial,Helvetica,sans-serif; color: #d3145a; font-size: 12px;\">46% des femmes ach\u00e8tent leur voiture sans demander l&rsquo;avis de leur compagnon !<\/span><\/h1>\n<h2><span style=\"font-family: Arial,Helvetica,sans-serif; color: #d3145a; font-size: 11px;\">Selon l&rsquo;enqu\u00eate du site aufeminin.com, les femmes prennent leur d\u00e9cision seules quant \u00e0 l&rsquo;achat de leur voiture. 46% d&rsquo;entres elles ne parle plus avec leur compagnon avant l&rsquo;achat d&rsquo;un <a href=\"https:\/\/www.autojm.fr\/\">v\u00e9hicule neuf <\/a>et pr\u00e9f\u00e8re consulter les offres sur internet.<\/span><\/h2>\n<p>D&rsquo;apr\u00e8s cette \u00e9tude r\u00e9alis\u00e9e r\u00e9cemment par le site aufeminin.com, sur 1800 femmes vivant en France, en Allemagne, en Espagne et en Pologne, pratiquement la majorit\u00e9 des femmes interrog\u00e9es avouent prendre seules leur d\u00e9cision.<\/p>\n<p><span style=\"font-family: Arial,Helvetica,sans-serif; color: #d3145a; font-size: 11px;\">Comment font-elles leur choix ?<\/span><br \/>\nContrairement aux hommes, les femmes vont dans un premier temps regarder le prix (74 %), puis la consommation de la voiture et finalement, 55 % s&rsquo;int\u00e9ressent au design de l&rsquo;auto.<\/p>\n<p>Le bruit du moteur ou sa performance ne les int\u00e9ressent peu, les femmes veulent une <a href=\"http:\/\/www.autojm.fr\">voiture <\/a>qui tienne la route et qui soit fonctionnelle. La voiture est avant tout un outil pour aller au travail et faire les courses.<\/p>\n<p>Elles veulent se sentir en s\u00e9curit\u00e9 car 2 % conduisent seules 7 jours sur 7 et 46 % tr\u00e8s r\u00e9guli\u00e8rement.<\/p>\n<p>Les nouvelles motorisations hybrides int\u00e9ressent cette cible, mais 55 % estiment que le prix d&rsquo;un tel v\u00e9hicule est encore trop \u00e9lev\u00e9.<\/p>\n","protected":false},"excerpt":{"rendered":"<p>D&rsquo;apr\u00e8s cette \u00e9tude r\u00e9alis\u00e9e r\u00e9cemment par le site aufeminin.com, sur 1800 femmes vivant en France, en Allemagne, en Espagne et en Pologne, pratiquement la majorit\u00e9 des femmes interrog\u00e9es avouent prendre seules leur d\u00e9cision.<\/p>\n","protected":false},"author":1,"featured_media":5461,"comment_status":"open","ping_status":"open","sticky":false,"template":"","format":"standard","meta":{"_acf_changed":false,"content-type":"","footnotes":""},"categories":[5],"tags":[90,79,74,105,110,109,106,108,107,73,78,169,96],"class_list":["post-3354","post","type-post","status-publish","format-standard","has-post-thumbnail","hentry","category-actualite-automobile","tag-autojm","tag-citroen","tag-dacia","tag-ds","tag-fiat","tag-ford","tag-kia","tag-nissan","tag-opel","tag-peugeot","tag-renault","tag-toyota","tag-volkswagen"],"acf":[],"yoast_head":"<!-- This site is optimized with the Yoast SEO plugin v27.5 - https:\/\/yoast.com\/product\/yoast-seo-wordpress\/ -->\n<title>Les femmes ach\u00e8tent leurs voitures sans l&#039;avis des hommes<\/title>\n<meta name=\"description\" content=\"D&#039;apr\u00e8s cette \u00e9tude r\u00e9alis\u00e9e r\u00e9cemment par le site aufeminin.com, sur 1800 femmes vivant en France, en Allemagne, en Espagne et en Pologne...\" \/>\n<meta name=\"robots\" content=\"index, follow, max-snippet:-1, max-image-preview:large, max-video-preview:-1\" \/>\n<link rel=\"canonical\" href=\"https:\/\/www.autojm.fr\/blog\/les-femmes-achetent-leur-voitures-sans-lavis-des-hommes\/\" \/>\n<meta property=\"og:locale\" content=\"fr_FR\" \/>\n<meta property=\"og:type\" content=\"article\" \/>\n<meta property=\"og:title\" content=\"Les femmes ach\u00e8tent leurs voitures sans l&#039;avis des hommes\" \/>\n<meta property=\"og:description\" content=\"D&#039;apr\u00e8s cette \u00e9tude r\u00e9alis\u00e9e r\u00e9cemment par le site aufeminin.com, sur 1800 femmes vivant en France, en Allemagne, en Espagne et en Pologne...\" \/>\n<meta property=\"og:url\" content=\"https:\/\/www.autojm.fr\/blog\/les-femmes-achetent-leur-voitures-sans-lavis-des-hommes\/\" \/>\n<meta property=\"og:site_name\" content=\"AutoJM Mag\" \/>\n<meta property=\"article:publisher\" content=\"https:\/\/www.facebook.com\/AutoJM25\" \/>\n<meta property=\"article:published_time\" content=\"2011-10-13T09:38:47+00:00\" \/>\n<meta property=\"article:modified_time\" content=\"2022-12-13T09:17:06+00:00\" \/>\n<meta property=\"og:image\" content=\"https:\/\/www.autojm.fr\/blog\/wp-content\/uploads\/2022\/10\/67.jpg\" \/>\n\t<meta property=\"og:image:width\" content=\"425\" \/>\n\t<meta property=\"og:image:height\" content=\"282\" \/>\n\t<meta property=\"og:image:type\" content=\"image\/jpeg\" \/>\n<meta name=\"author\" content=\"Autojm\" \/>\n<meta name=\"twitter:card\" content=\"summary_large_image\" \/>\n<meta name=\"twitter:label1\" content=\"\u00c9crit par\" \/>\n\t<meta name=\"twitter:data1\" content=\"Autojm\" \/>\n\t<meta name=\"twitter:label2\" content=\"Dur\u00e9e de lecture estim\u00e9e\" \/>\n\t<meta name=\"twitter:data2\" content=\"2 minutes\" \/>\n<script type=\"application\/ld+json\" class=\"yoast-schema-graph\">{\"@context\":\"https:\\\/\\\/schema.org\",\"@graph\":[{\"@type\":\"Article\",\"@id\":\"https:\\\/\\\/www.autojm.fr\\\/blog\\\/les-femmes-achetent-leur-voitures-sans-lavis-des-hommes\\\/#article\",\"isPartOf\":{\"@id\":\"https:\\\/\\\/www.autojm.fr\\\/blog\\\/les-femmes-achetent-leur-voitures-sans-lavis-des-hommes\\\/\"},\"author\":{\"name\":\"Autojm\",\"@id\":\"https:\\\/\\\/www.autojm.fr\\\/blog\\\/#\\\/schema\\\/person\\\/9742bc77541853e0de81fc57f947e1a0\"},\"headline\":\"Les femmes ach\u00e8tent leurs voitures sans l&rsquo;avis des hommes\",\"datePublished\":\"2011-10-13T09:38:47+00:00\",\"dateModified\":\"2022-12-13T09:17:06+00:00\",\"mainEntityOfPage\":{\"@id\":\"https:\\\/\\\/www.autojm.fr\\\/blog\\\/les-femmes-achetent-leur-voitures-sans-lavis-des-hommes\\\/\"},\"wordCount\":213,\"commentCount\":0,\"publisher\":{\"@id\":\"https:\\\/\\\/www.autojm.fr\\\/blog\\\/#organization\"},\"image\":{\"@id\":\"https:\\\/\\\/www.autojm.fr\\\/blog\\\/les-femmes-achetent-leur-voitures-sans-lavis-des-hommes\\\/#primaryimage\"},\"thumbnailUrl\":\"https:\\\/\\\/www.autojm.fr\\\/blog\\\/wp-content\\\/uploads\\\/2022\\\/10\\\/67.jpg\",\"keywords\":[\"autojm\",\"citroen\",\"dacia\",\"DS\",\"Fiat\",\"Ford\",\"Kia\",\"Nissan\",\"Opel\",\"peugeot\",\"renault\",\"Toyota\",\"Volkswagen\"],\"articleSection\":[\"Actualit\u00e9 Automobile\"],\"inLanguage\":\"fr-FR\",\"potentialAction\":[{\"@type\":\"CommentAction\",\"name\":\"Comment\",\"target\":[\"https:\\\/\\\/www.autojm.fr\\\/blog\\\/les-femmes-achetent-leur-voitures-sans-lavis-des-hommes\\\/#respond\"]}]},{\"@type\":\"WebPage\",\"@id\":\"https:\\\/\\\/www.autojm.fr\\\/blog\\\/les-femmes-achetent-leur-voitures-sans-lavis-des-hommes\\\/\",\"url\":\"https:\\\/\\\/www.autojm.fr\\\/blog\\\/les-femmes-achetent-leur-voitures-sans-lavis-des-hommes\\\/\",\"name\":\"Les femmes ach\u00e8tent leurs voitures sans l'avis des hommes\",\"isPartOf\":{\"@id\":\"https:\\\/\\\/www.autojm.fr\\\/blog\\\/#website\"},\"primaryImageOfPage\":{\"@id\":\"https:\\\/\\\/www.autojm.fr\\\/blog\\\/les-femmes-achetent-leur-voitures-sans-lavis-des-hommes\\\/#primaryimage\"},\"image\":{\"@id\":\"https:\\\/\\\/www.autojm.fr\\\/blog\\\/les-femmes-achetent-leur-voitures-sans-lavis-des-hommes\\\/#primaryimage\"},\"thumbnailUrl\":\"https:\\\/\\\/www.autojm.fr\\\/blog\\\/wp-content\\\/uploads\\\/2022\\\/10\\\/67.jpg\",\"datePublished\":\"2011-10-13T09:38:47+00:00\",\"dateModified\":\"2022-12-13T09:17:06+00:00\",\"description\":\"D'apr\u00e8s cette \u00e9tude r\u00e9alis\u00e9e r\u00e9cemment par le site aufeminin.com, sur 1800 femmes vivant en France, en Allemagne, en Espagne et en Pologne...\",\"breadcrumb\":{\"@id\":\"https:\\\/\\\/www.autojm.fr\\\/blog\\\/les-femmes-achetent-leur-voitures-sans-lavis-des-hommes\\\/#breadcrumb\"},\"inLanguage\":\"fr-FR\",\"potentialAction\":[{\"@type\":\"ReadAction\",\"target\":[\"https:\\\/\\\/www.autojm.fr\\\/blog\\\/les-femmes-achetent-leur-voitures-sans-lavis-des-hommes\\\/\"]}]},{\"@type\":\"ImageObject\",\"inLanguage\":\"fr-FR\",\"@id\":\"https:\\\/\\\/www.autojm.fr\\\/blog\\\/les-femmes-achetent-leur-voitures-sans-lavis-des-hommes\\\/#primaryimage\",\"url\":\"https:\\\/\\\/www.autojm.fr\\\/blog\\\/wp-content\\\/uploads\\\/2022\\\/10\\\/67.jpg\",\"contentUrl\":\"https:\\\/\\\/www.autojm.fr\\\/blog\\\/wp-content\\\/uploads\\\/2022\\\/10\\\/67.jpg\",\"width\":425,\"height\":282,\"caption\":\"Femmes\"},{\"@type\":\"BreadcrumbList\",\"@id\":\"https:\\\/\\\/www.autojm.fr\\\/blog\\\/les-femmes-achetent-leur-voitures-sans-lavis-des-hommes\\\/#breadcrumb\",\"itemListElement\":[{\"@type\":\"ListItem\",\"position\":1,\"name\":\"Accueil\",\"item\":\"https:\\\/\\\/www.autojm.fr\\\/blog\\\/\"},{\"@type\":\"ListItem\",\"position\":2,\"name\":\"Actualit\u00e9 Automobile\",\"item\":\"https:\\\/\\\/www.autojm.fr\\\/blog\\\/actualite-automobile\\\/\"},{\"@type\":\"ListItem\",\"position\":3,\"name\":\"Les femmes ach\u00e8tent leurs voitures sans l&rsquo;avis des hommes\"}]},{\"@type\":\"WebSite\",\"@id\":\"https:\\\/\\\/www.autojm.fr\\\/blog\\\/#website\",\"url\":\"https:\\\/\\\/www.autojm.fr\\\/blog\\\/\",\"name\":\"AutoJM Mag\",\"description\":\"Toute l&#039;actu auto en 1 clic !\",\"publisher\":{\"@id\":\"https:\\\/\\\/www.autojm.fr\\\/blog\\\/#organization\"},\"potentialAction\":[{\"@type\":\"SearchAction\",\"target\":{\"@type\":\"EntryPoint\",\"urlTemplate\":\"https:\\\/\\\/www.autojm.fr\\\/blog\\\/?s={search_term_string}\"},\"query-input\":{\"@type\":\"PropertyValueSpecification\",\"valueRequired\":true,\"valueName\":\"search_term_string\"}}],\"inLanguage\":\"fr-FR\"},{\"@type\":\"Organization\",\"@id\":\"https:\\\/\\\/www.autojm.fr\\\/blog\\\/#organization\",\"name\":\"AutoJM Mag\",\"url\":\"https:\\\/\\\/www.autojm.fr\\\/blog\\\/\",\"logo\":{\"@type\":\"ImageObject\",\"inLanguage\":\"fr-FR\",\"@id\":\"https:\\\/\\\/www.autojm.fr\\\/blog\\\/#\\\/schema\\\/logo\\\/image\\\/\",\"url\":\"https:\\\/\\\/www.autojm.fr\\\/blog\\\/wp-content\\\/uploads\\\/2022\\\/12\\\/cropped-AutoJMag-png.png\",\"contentUrl\":\"https:\\\/\\\/www.autojm.fr\\\/blog\\\/wp-content\\\/uploads\\\/2022\\\/12\\\/cropped-AutoJMag-png.png\",\"width\":2834,\"height\":585,\"caption\":\"AutoJM Mag\"},\"image\":{\"@id\":\"https:\\\/\\\/www.autojm.fr\\\/blog\\\/#\\\/schema\\\/logo\\\/image\\\/\"},\"sameAs\":[\"https:\\\/\\\/www.facebook.com\\\/AutoJM25\"]},{\"@type\":\"Person\",\"@id\":\"https:\\\/\\\/www.autojm.fr\\\/blog\\\/#\\\/schema\\\/person\\\/9742bc77541853e0de81fc57f947e1a0\",\"name\":\"Autojm\",\"image\":{\"@type\":\"ImageObject\",\"inLanguage\":\"fr-FR\",\"@id\":\"https:\\\/\\\/secure.gravatar.com\\\/avatar\\\/9a959d52b758fcc232fe4b6aca7bab139182573297122cce7d6f2ee0e537b418?s=96&d=mm&r=g\",\"url\":\"https:\\\/\\\/secure.gravatar.com\\\/avatar\\\/9a959d52b758fcc232fe4b6aca7bab139182573297122cce7d6f2ee0e537b418?s=96&d=mm&r=g\",\"contentUrl\":\"https:\\\/\\\/secure.gravatar.com\\\/avatar\\\/9a959d52b758fcc232fe4b6aca7bab139182573297122cce7d6f2ee0e537b418?s=96&d=mm&r=g\",\"caption\":\"Autojm\"},\"sameAs\":[\"https:\\\/\\\/www.autojm.fr\\\/blog\"],\"url\":\"https:\\\/\\\/www.autojm.fr\\\/blog\\\/author\\\/bichoi\\\/\"}]}<\/script>\n<!-- \/ Yoast SEO plugin. -->","yoast_head_json":{"title":"Les femmes ach\u00e8tent leurs voitures sans l'avis des hommes","description":"D'apr\u00e8s cette \u00e9tude r\u00e9alis\u00e9e r\u00e9cemment par le site aufeminin.com, sur 1800 femmes vivant en France, en Allemagne, en Espagne et en Pologne...","robots":{"index":"index","follow":"follow","max-snippet":"max-snippet:-1","max-image-preview":"max-image-preview:large","max-video-preview":"max-video-preview:-1"},"canonical":"https:\/\/www.autojm.fr\/blog\/les-femmes-achetent-leur-voitures-sans-lavis-des-hommes\/","og_locale":"fr_FR","og_type":"article","og_title":"Les femmes ach\u00e8tent leurs voitures sans l'avis des hommes","og_description":"D'apr\u00e8s cette \u00e9tude r\u00e9alis\u00e9e r\u00e9cemment par le site aufeminin.com, sur 1800 femmes vivant en France, en Allemagne, en Espagne et en Pologne...","og_url":"https:\/\/www.autojm.fr\/blog\/les-femmes-achetent-leur-voitures-sans-lavis-des-hommes\/","og_site_name":"AutoJM Mag","article_publisher":"https:\/\/www.facebook.com\/AutoJM25","article_published_time":"2011-10-13T09:38:47+00:00","article_modified_time":"2022-12-13T09:17:06+00:00","og_image":[{"width":425,"height":282,"url":"https:\/\/www.autojm.fr\/blog\/wp-content\/uploads\/2022\/10\/67.jpg","type":"image\/jpeg"}],"author":"Autojm","twitter_card":"summary_large_image","twitter_misc":{"\u00c9crit par":"Autojm","Dur\u00e9e de lecture estim\u00e9e":"2 minutes"},"schema":{"@context":"https:\/\/schema.org","@graph":[{"@type":"Article","@id":"https:\/\/www.autojm.fr\/blog\/les-femmes-achetent-leur-voitures-sans-lavis-des-hommes\/#article","isPartOf":{"@id":"https:\/\/www.autojm.fr\/blog\/les-femmes-achetent-leur-voitures-sans-lavis-des-hommes\/"},"author":{"name":"Autojm","@id":"https:\/\/www.autojm.fr\/blog\/#\/schema\/person\/9742bc77541853e0de81fc57f947e1a0"},"headline":"Les femmes ach\u00e8tent leurs voitures sans l&rsquo;avis des hommes","datePublished":"2011-10-13T09:38:47+00:00","dateModified":"2022-12-13T09:17:06+00:00","mainEntityOfPage":{"@id":"https:\/\/www.autojm.fr\/blog\/les-femmes-achetent-leur-voitures-sans-lavis-des-hommes\/"},"wordCount":213,"commentCount":0,"publisher":{"@id":"https:\/\/www.autojm.fr\/blog\/#organization"},"image":{"@id":"https:\/\/www.autojm.fr\/blog\/les-femmes-achetent-leur-voitures-sans-lavis-des-hommes\/#primaryimage"},"thumbnailUrl":"https:\/\/www.autojm.fr\/blog\/wp-content\/uploads\/2022\/10\/67.jpg","keywords":["autojm","citroen","dacia","DS","Fiat","Ford","Kia","Nissan","Opel","peugeot","renault","Toyota","Volkswagen"],"articleSection":["Actualit\u00e9 Automobile"],"inLanguage":"fr-FR","potentialAction":[{"@type":"CommentAction","name":"Comment","target":["https:\/\/www.autojm.fr\/blog\/les-femmes-achetent-leur-voitures-sans-lavis-des-hommes\/#respond"]}]},{"@type":"WebPage","@id":"https:\/\/www.autojm.fr\/blog\/les-femmes-achetent-leur-voitures-sans-lavis-des-hommes\/","url":"https:\/\/www.autojm.fr\/blog\/les-femmes-achetent-leur-voitures-sans-lavis-des-hommes\/","name":"Les femmes ach\u00e8tent leurs voitures sans l'avis des hommes","isPartOf":{"@id":"https:\/\/www.autojm.fr\/blog\/#website"},"primaryImageOfPage":{"@id":"https:\/\/www.autojm.fr\/blog\/les-femmes-achetent-leur-voitures-sans-lavis-des-hommes\/#primaryimage"},"image":{"@id":"https:\/\/www.autojm.fr\/blog\/les-femmes-achetent-leur-voitures-sans-lavis-des-hommes\/#primaryimage"},"thumbnailUrl":"https:\/\/www.autojm.fr\/blog\/wp-content\/uploads\/2022\/10\/67.jpg","datePublished":"2011-10-13T09:38:47+00:00","dateModified":"2022-12-13T09:17:06+00:00","description":"D'apr\u00e8s cette \u00e9tude r\u00e9alis\u00e9e r\u00e9cemment par le site aufeminin.com, sur 1800 femmes vivant en France, en Allemagne, en Espagne et en Pologne...","breadcrumb":{"@id":"https:\/\/www.autojm.fr\/blog\/les-femmes-achetent-leur-voitures-sans-lavis-des-hommes\/#breadcrumb"},"inLanguage":"fr-FR","potentialAction":[{"@type":"ReadAction","target":["https:\/\/www.autojm.fr\/blog\/les-femmes-achetent-leur-voitures-sans-lavis-des-hommes\/"]}]},{"@type":"ImageObject","inLanguage":"fr-FR","@id":"https:\/\/www.autojm.fr\/blog\/les-femmes-achetent-leur-voitures-sans-lavis-des-hommes\/#primaryimage","url":"https:\/\/www.autojm.fr\/blog\/wp-content\/uploads\/2022\/10\/67.jpg","contentUrl":"https:\/\/www.autojm.fr\/blog\/wp-content\/uploads\/2022\/10\/67.jpg","width":425,"height":282,"caption":"Femmes"},{"@type":"BreadcrumbList","@id":"https:\/\/www.autojm.fr\/blog\/les-femmes-achetent-leur-voitures-sans-lavis-des-hommes\/#breadcrumb","itemListElement":[{"@type":"ListItem","position":1,"name":"Accueil","item":"https:\/\/www.autojm.fr\/blog\/"},{"@type":"ListItem","position":2,"name":"Actualit\u00e9 Automobile","item":"https:\/\/www.autojm.fr\/blog\/actualite-automobile\/"},{"@type":"ListItem","position":3,"name":"Les femmes ach\u00e8tent leurs voitures sans l&rsquo;avis des hommes"}]},{"@type":"WebSite","@id":"https:\/\/www.autojm.fr\/blog\/#website","url":"https:\/\/www.autojm.fr\/blog\/","name":"AutoJM Mag","description":"Toute l&#039;actu auto en 1 clic !","publisher":{"@id":"https:\/\/www.autojm.fr\/blog\/#organization"},"potentialAction":[{"@type":"SearchAction","target":{"@type":"EntryPoint","urlTemplate":"https:\/\/www.autojm.fr\/blog\/?s={search_term_string}"},"query-input":{"@type":"PropertyValueSpecification","valueRequired":true,"valueName":"search_term_string"}}],"inLanguage":"fr-FR"},{"@type":"Organization","@id":"https:\/\/www.autojm.fr\/blog\/#organization","name":"AutoJM Mag","url":"https:\/\/www.autojm.fr\/blog\/","logo":{"@type":"ImageObject","inLanguage":"fr-FR","@id":"https:\/\/www.autojm.fr\/blog\/#\/schema\/logo\/image\/","url":"https:\/\/www.autojm.fr\/blog\/wp-content\/uploads\/2022\/12\/cropped-AutoJMag-png.png","contentUrl":"https:\/\/www.autojm.fr\/blog\/wp-content\/uploads\/2022\/12\/cropped-AutoJMag-png.png","width":2834,"height":585,"caption":"AutoJM Mag"},"image":{"@id":"https:\/\/www.autojm.fr\/blog\/#\/schema\/logo\/image\/"},"sameAs":["https:\/\/www.facebook.com\/AutoJM25"]},{"@type":"Person","@id":"https:\/\/www.autojm.fr\/blog\/#\/schema\/person\/9742bc77541853e0de81fc57f947e1a0","name":"Autojm","image":{"@type":"ImageObject","inLanguage":"fr-FR","@id":"https:\/\/secure.gravatar.com\/avatar\/9a959d52b758fcc232fe4b6aca7bab139182573297122cce7d6f2ee0e537b418?s=96&d=mm&r=g","url":"https:\/\/secure.gravatar.com\/avatar\/9a959d52b758fcc232fe4b6aca7bab139182573297122cce7d6f2ee0e537b418?s=96&d=mm&r=g","contentUrl":"https:\/\/secure.gravatar.com\/avatar\/9a959d52b758fcc232fe4b6aca7bab139182573297122cce7d6f2ee0e537b418?s=96&d=mm&r=g","caption":"Autojm"},"sameAs":["https:\/\/www.autojm.fr\/blog"],"url":"https:\/\/www.autojm.fr\/blog\/author\/bichoi\/"}]}},"_links":{"self":[{"href":"https:\/\/www.autojm.fr\/blog\/wp-json\/wp\/v2\/posts\/3354","targetHints":{"allow":["GET"]}}],"collection":[{"href":"https:\/\/www.autojm.fr\/blog\/wp-json\/wp\/v2\/posts"}],"about":[{"href":"https:\/\/www.autojm.fr\/blog\/wp-json\/wp\/v2\/types\/post"}],"author":[{"embeddable":true,"href":"https:\/\/www.autojm.fr\/blog\/wp-json\/wp\/v2\/users\/1"}],"replies":[{"embeddable":true,"href":"https:\/\/www.autojm.fr\/blog\/wp-json\/wp\/v2\/comments?post=3354"}],"version-history":[{"count":3,"href":"https:\/\/www.autojm.fr\/blog\/wp-json\/wp\/v2\/posts\/3354\/revisions"}],"predecessor-version":[{"id":7609,"href":"https:\/\/www.autojm.fr\/blog\/wp-json\/wp\/v2\/posts\/3354\/revisions\/7609"}],"wp:featuredmedia":[{"embeddable":true,"href":"https:\/\/www.autojm.fr\/blog\/wp-json\/wp\/v2\/media\/5461"}],"wp:attachment":[{"href":"https:\/\/www.autojm.fr\/blog\/wp-json\/wp\/v2\/media?parent=3354"}],"wp:term":[{"taxonomy":"category","embeddable":true,"href":"https:\/\/www.autojm.fr\/blog\/wp-json\/wp\/v2\/categories?post=3354"},{"taxonomy":"post_tag","embeddable":true,"href":"https:\/\/www.autojm.fr\/blog\/wp-json\/wp\/v2\/tags?post=3354"}],"curies":[{"name":"wp","href":"https:\/\/api.w.org\/{rel}","templated":true}]}}