{"id":3353,"date":"2011-10-07T11:22:30","date_gmt":"2011-10-07T11:22:30","guid":{"rendered":"https:\/\/www.autojm.fr\/blog\/renault-duster-arrive-en-force-au-bresil\/"},"modified":"2022-12-09T10:24:25","modified_gmt":"2022-12-09T10:24:25","slug":"renault-duster-arrive-en-force-au-bresil","status":"publish","type":"post","link":"https:\/\/www.autojm.fr\/blog\/renault-duster-arrive-en-force-au-bresil\/","title":{"rendered":"Renault Duster arrive en force au Br\u00e9sil"},"content":{"rendered":"<h1><span style=\"font-family: Arial,Helvetica,sans-serif; color: #d3145a; font-size: 12px;\">Dacia Duster devient Renault Duster au Br\u00e9sil gr\u00e2ce \u00e0 un investissement g\u00e9n\u00e9reux de la marque !<\/span><\/h1>\n<p><a href=\"https:\/\/www.autojm.fr\/mandataire-voitures-neuves-renault\">Renault <\/a>a annonc\u00e9 r\u00e9cemment son investissement de 200 millions d&rsquo;Euros dans son usine de Curitiba, situ\u00e9e au Sud Est du Br\u00e9sil afin de produire en masse les Renault Duster. Il souhaite ainsi augmenter la cadence de production pour atteindre 380.000 unit\u00e9s.<\/p>\n<h2><span style=\"font-family: Arial,Helvetica,sans-serif; color: #d3145a; font-size: 11px;\">Pourquoi \u00ab\u00a0Renault\u00a0\u00bb Duster ?<\/span><\/h2>\n<p>Le constructeur fran\u00e7ais souhaite tenforcer sa pr\u00e9sence sur le march\u00e9 br\u00e9silien, en plein croissance, et d\u00e9tenir 13% de parts de march\u00e9.<\/p>\n<h2><span style=\"font-family: Arial,Helvetica,sans-serif; color: #d3145a; font-size: 11px;\">Pourquoi le Br\u00e9sil ?<\/span><\/h2>\n<p>le Br\u00e9sil est le 3\u00e8me march\u00e9 de <a href=\"https:\/\/www.autojm.fr\/mandataire-voitures-neuves-renault\">Renault<\/a>, apr\u00e8s la France et l&rsquo;Allemagne, c&rsquo;est donc normal que la marque souhaite se d\u00e9velopper dans ce Pays. Cette pr\u00e9sence fran\u00e7aise se conclura par un projet de plus de 200 concessions dans ce pays.<\/p>\n<p>Retrouvez toutes les <a href=\"https:\/\/www.autojm.fr\/mandataire-voitures-neuves-renault\">voitures neuves en stock Renault <\/a>jusqu&rsquo;\u00e0 -40% sur autojm.fr<\/p>\n","protected":false},"excerpt":{"rendered":"<p>Renault a annonc\u00e9 r\u00e9cemment son investissement de 200 millions d&rsquo;Euros dans son usine de Curitiba, situ\u00e9e au Sud Est du Br\u00e9sil afin de produire en masse les Renault Duster. Il souhaite ainsi augmenter la cadence de production pour atteindre 380.000 unit\u00e9s.<\/p>\n","protected":false},"author":1,"featured_media":5460,"comment_status":"open","ping_status":"open","sticky":false,"template":"","format":"standard","meta":{"_acf_changed":false,"content-type":"","footnotes":""},"categories":[62,61],"tags":[90,78,255],"class_list":["post-3353","post","type-post","status-publish","format-standard","has-post-thumbnail","hentry","category-nouveaute-renault","category-nouveautes-autos","tag-autojm","tag-renault","tag-renault-duster"],"acf":[],"yoast_head":"<!-- This site is optimized with the Yoast SEO plugin v27.5 - https:\/\/yoast.com\/product\/yoast-seo-wordpress\/ -->\n<title>Renault Duster arrive en force au Br\u00e9sil - AutoJM Mag<\/title>\n<meta name=\"description\" content=\"Renault a annonc\u00e9 r\u00e9cemment son investissement de 200 millions d&#039;Euros dans son usine de Curitiba, situ\u00e9e au Sud Est du Br\u00e9sil afin de...\" \/>\n<meta name=\"robots\" content=\"index, follow, max-snippet:-1, max-image-preview:large, max-video-preview:-1\" \/>\n<link rel=\"canonical\" href=\"https:\/\/www.autojm.fr\/blog\/renault-duster-arrive-en-force-au-bresil\/\" \/>\n<meta property=\"og:locale\" content=\"fr_FR\" \/>\n<meta property=\"og:type\" content=\"article\" \/>\n<meta property=\"og:title\" content=\"Renault Duster arrive en force au Br\u00e9sil - AutoJM Mag\" \/>\n<meta property=\"og:description\" content=\"Renault a annonc\u00e9 r\u00e9cemment son investissement de 200 millions d&#039;Euros dans son usine de Curitiba, situ\u00e9e au Sud Est du Br\u00e9sil afin de...\" \/>\n<meta property=\"og:url\" content=\"https:\/\/www.autojm.fr\/blog\/renault-duster-arrive-en-force-au-bresil\/\" \/>\n<meta property=\"og:site_name\" content=\"AutoJM Mag\" \/>\n<meta property=\"article:publisher\" content=\"https:\/\/www.facebook.com\/AutoJM25\" \/>\n<meta property=\"article:published_time\" content=\"2011-10-07T11:22:30+00:00\" \/>\n<meta property=\"article:modified_time\" content=\"2022-12-09T10:24:25+00:00\" \/>\n<meta property=\"og:image\" content=\"https:\/\/www.autojm.fr\/blog\/wp-content\/uploads\/2022\/10\/66.jpg\" \/>\n\t<meta property=\"og:image:width\" content=\"338\" \/>\n\t<meta property=\"og:image:height\" content=\"190\" \/>\n\t<meta property=\"og:image:type\" content=\"image\/jpeg\" \/>\n<meta name=\"author\" content=\"Autojm\" \/>\n<meta name=\"twitter:card\" content=\"summary_large_image\" \/>\n<meta name=\"twitter:label1\" content=\"\u00c9crit par\" \/>\n\t<meta name=\"twitter:data1\" content=\"Autojm\" \/>\n\t<meta name=\"twitter:label2\" content=\"Dur\u00e9e de lecture estim\u00e9e\" \/>\n\t<meta name=\"twitter:data2\" content=\"1 minute\" \/>\n<script type=\"application\/ld+json\" class=\"yoast-schema-graph\">{\"@context\":\"https:\\\/\\\/schema.org\",\"@graph\":[{\"@type\":\"Article\",\"@id\":\"https:\\\/\\\/www.autojm.fr\\\/blog\\\/renault-duster-arrive-en-force-au-bresil\\\/#article\",\"isPartOf\":{\"@id\":\"https:\\\/\\\/www.autojm.fr\\\/blog\\\/renault-duster-arrive-en-force-au-bresil\\\/\"},\"author\":{\"name\":\"Autojm\",\"@id\":\"https:\\\/\\\/www.autojm.fr\\\/blog\\\/#\\\/schema\\\/person\\\/9742bc77541853e0de81fc57f947e1a0\"},\"headline\":\"Renault Duster arrive en force au Br\u00e9sil\",\"datePublished\":\"2011-10-07T11:22:30+00:00\",\"dateModified\":\"2022-12-09T10:24:25+00:00\",\"mainEntityOfPage\":{\"@id\":\"https:\\\/\\\/www.autojm.fr\\\/blog\\\/renault-duster-arrive-en-force-au-bresil\\\/\"},\"wordCount\":158,\"commentCount\":0,\"publisher\":{\"@id\":\"https:\\\/\\\/www.autojm.fr\\\/blog\\\/#organization\"},\"image\":{\"@id\":\"https:\\\/\\\/www.autojm.fr\\\/blog\\\/renault-duster-arrive-en-force-au-bresil\\\/#primaryimage\"},\"thumbnailUrl\":\"https:\\\/\\\/www.autojm.fr\\\/blog\\\/wp-content\\\/uploads\\\/2022\\\/10\\\/66.jpg\",\"keywords\":[\"autojm\",\"renault\",\"Renault Duster\"],\"articleSection\":[\"Nouveaut\u00e9 Renault\",\"Nouveaut\u00e9s Autos\"],\"inLanguage\":\"fr-FR\",\"potentialAction\":[{\"@type\":\"CommentAction\",\"name\":\"Comment\",\"target\":[\"https:\\\/\\\/www.autojm.fr\\\/blog\\\/renault-duster-arrive-en-force-au-bresil\\\/#respond\"]}]},{\"@type\":\"WebPage\",\"@id\":\"https:\\\/\\\/www.autojm.fr\\\/blog\\\/renault-duster-arrive-en-force-au-bresil\\\/\",\"url\":\"https:\\\/\\\/www.autojm.fr\\\/blog\\\/renault-duster-arrive-en-force-au-bresil\\\/\",\"name\":\"Renault Duster arrive en force au Br\u00e9sil - AutoJM Mag\",\"isPartOf\":{\"@id\":\"https:\\\/\\\/www.autojm.fr\\\/blog\\\/#website\"},\"primaryImageOfPage\":{\"@id\":\"https:\\\/\\\/www.autojm.fr\\\/blog\\\/renault-duster-arrive-en-force-au-bresil\\\/#primaryimage\"},\"image\":{\"@id\":\"https:\\\/\\\/www.autojm.fr\\\/blog\\\/renault-duster-arrive-en-force-au-bresil\\\/#primaryimage\"},\"thumbnailUrl\":\"https:\\\/\\\/www.autojm.fr\\\/blog\\\/wp-content\\\/uploads\\\/2022\\\/10\\\/66.jpg\",\"datePublished\":\"2011-10-07T11:22:30+00:00\",\"dateModified\":\"2022-12-09T10:24:25+00:00\",\"description\":\"Renault a annonc\u00e9 r\u00e9cemment son investissement de 200 millions d'Euros dans son usine de Curitiba, situ\u00e9e au Sud Est du Br\u00e9sil afin de...\",\"breadcrumb\":{\"@id\":\"https:\\\/\\\/www.autojm.fr\\\/blog\\\/renault-duster-arrive-en-force-au-bresil\\\/#breadcrumb\"},\"inLanguage\":\"fr-FR\",\"potentialAction\":[{\"@type\":\"ReadAction\",\"target\":[\"https:\\\/\\\/www.autojm.fr\\\/blog\\\/renault-duster-arrive-en-force-au-bresil\\\/\"]}]},{\"@type\":\"ImageObject\",\"inLanguage\":\"fr-FR\",\"@id\":\"https:\\\/\\\/www.autojm.fr\\\/blog\\\/renault-duster-arrive-en-force-au-bresil\\\/#primaryimage\",\"url\":\"https:\\\/\\\/www.autojm.fr\\\/blog\\\/wp-content\\\/uploads\\\/2022\\\/10\\\/66.jpg\",\"contentUrl\":\"https:\\\/\\\/www.autojm.fr\\\/blog\\\/wp-content\\\/uploads\\\/2022\\\/10\\\/66.jpg\",\"width\":338,\"height\":190,\"caption\":\"Renault Duster\"},{\"@type\":\"BreadcrumbList\",\"@id\":\"https:\\\/\\\/www.autojm.fr\\\/blog\\\/renault-duster-arrive-en-force-au-bresil\\\/#breadcrumb\",\"itemListElement\":[{\"@type\":\"ListItem\",\"position\":1,\"name\":\"Accueil\",\"item\":\"https:\\\/\\\/www.autojm.fr\\\/blog\\\/\"},{\"@type\":\"ListItem\",\"position\":2,\"name\":\"Nouveaut\u00e9s Autos\",\"item\":\"https:\\\/\\\/www.autojm.fr\\\/blog\\\/nouveautes-autos\\\/\"},{\"@type\":\"ListItem\",\"position\":3,\"name\":\"Renault Duster arrive en force au Br\u00e9sil\"}]},{\"@type\":\"WebSite\",\"@id\":\"https:\\\/\\\/www.autojm.fr\\\/blog\\\/#website\",\"url\":\"https:\\\/\\\/www.autojm.fr\\\/blog\\\/\",\"name\":\"AutoJM Mag\",\"description\":\"Toute l&#039;actu auto en 1 clic !\",\"publisher\":{\"@id\":\"https:\\\/\\\/www.autojm.fr\\\/blog\\\/#organization\"},\"potentialAction\":[{\"@type\":\"SearchAction\",\"target\":{\"@type\":\"EntryPoint\",\"urlTemplate\":\"https:\\\/\\\/www.autojm.fr\\\/blog\\\/?s={search_term_string}\"},\"query-input\":{\"@type\":\"PropertyValueSpecification\",\"valueRequired\":true,\"valueName\":\"search_term_string\"}}],\"inLanguage\":\"fr-FR\"},{\"@type\":\"Organization\",\"@id\":\"https:\\\/\\\/www.autojm.fr\\\/blog\\\/#organization\",\"name\":\"AutoJM Mag\",\"url\":\"https:\\\/\\\/www.autojm.fr\\\/blog\\\/\",\"logo\":{\"@type\":\"ImageObject\",\"inLanguage\":\"fr-FR\",\"@id\":\"https:\\\/\\\/www.autojm.fr\\\/blog\\\/#\\\/schema\\\/logo\\\/image\\\/\",\"url\":\"https:\\\/\\\/www.autojm.fr\\\/blog\\\/wp-content\\\/uploads\\\/2022\\\/12\\\/cropped-AutoJMag-png.png\",\"contentUrl\":\"https:\\\/\\\/www.autojm.fr\\\/blog\\\/wp-content\\\/uploads\\\/2022\\\/12\\\/cropped-AutoJMag-png.png\",\"width\":2834,\"height\":585,\"caption\":\"AutoJM Mag\"},\"image\":{\"@id\":\"https:\\\/\\\/www.autojm.fr\\\/blog\\\/#\\\/schema\\\/logo\\\/image\\\/\"},\"sameAs\":[\"https:\\\/\\\/www.facebook.com\\\/AutoJM25\"]},{\"@type\":\"Person\",\"@id\":\"https:\\\/\\\/www.autojm.fr\\\/blog\\\/#\\\/schema\\\/person\\\/9742bc77541853e0de81fc57f947e1a0\",\"name\":\"Autojm\",\"image\":{\"@type\":\"ImageObject\",\"inLanguage\":\"fr-FR\",\"@id\":\"https:\\\/\\\/secure.gravatar.com\\\/avatar\\\/9a959d52b758fcc232fe4b6aca7bab139182573297122cce7d6f2ee0e537b418?s=96&d=mm&r=g\",\"url\":\"https:\\\/\\\/secure.gravatar.com\\\/avatar\\\/9a959d52b758fcc232fe4b6aca7bab139182573297122cce7d6f2ee0e537b418?s=96&d=mm&r=g\",\"contentUrl\":\"https:\\\/\\\/secure.gravatar.com\\\/avatar\\\/9a959d52b758fcc232fe4b6aca7bab139182573297122cce7d6f2ee0e537b418?s=96&d=mm&r=g\",\"caption\":\"Autojm\"},\"sameAs\":[\"https:\\\/\\\/www.autojm.fr\\\/blog\"],\"url\":\"https:\\\/\\\/www.autojm.fr\\\/blog\\\/author\\\/bichoi\\\/\"}]}<\/script>\n<!-- \/ Yoast SEO plugin. -->","yoast_head_json":{"title":"Renault Duster arrive en force au Br\u00e9sil - AutoJM Mag","description":"Renault a annonc\u00e9 r\u00e9cemment son investissement de 200 millions d'Euros dans son usine de Curitiba, situ\u00e9e au Sud Est du Br\u00e9sil afin de...","robots":{"index":"index","follow":"follow","max-snippet":"max-snippet:-1","max-image-preview":"max-image-preview:large","max-video-preview":"max-video-preview:-1"},"canonical":"https:\/\/www.autojm.fr\/blog\/renault-duster-arrive-en-force-au-bresil\/","og_locale":"fr_FR","og_type":"article","og_title":"Renault Duster arrive en force au Br\u00e9sil - AutoJM Mag","og_description":"Renault a annonc\u00e9 r\u00e9cemment son investissement de 200 millions d'Euros dans son usine de Curitiba, situ\u00e9e au Sud Est du Br\u00e9sil afin de...","og_url":"https:\/\/www.autojm.fr\/blog\/renault-duster-arrive-en-force-au-bresil\/","og_site_name":"AutoJM Mag","article_publisher":"https:\/\/www.facebook.com\/AutoJM25","article_published_time":"2011-10-07T11:22:30+00:00","article_modified_time":"2022-12-09T10:24:25+00:00","og_image":[{"width":338,"height":190,"url":"https:\/\/www.autojm.fr\/blog\/wp-content\/uploads\/2022\/10\/66.jpg","type":"image\/jpeg"}],"author":"Autojm","twitter_card":"summary_large_image","twitter_misc":{"\u00c9crit par":"Autojm","Dur\u00e9e de lecture estim\u00e9e":"1 minute"},"schema":{"@context":"https:\/\/schema.org","@graph":[{"@type":"Article","@id":"https:\/\/www.autojm.fr\/blog\/renault-duster-arrive-en-force-au-bresil\/#article","isPartOf":{"@id":"https:\/\/www.autojm.fr\/blog\/renault-duster-arrive-en-force-au-bresil\/"},"author":{"name":"Autojm","@id":"https:\/\/www.autojm.fr\/blog\/#\/schema\/person\/9742bc77541853e0de81fc57f947e1a0"},"headline":"Renault Duster arrive en force au Br\u00e9sil","datePublished":"2011-10-07T11:22:30+00:00","dateModified":"2022-12-09T10:24:25+00:00","mainEntityOfPage":{"@id":"https:\/\/www.autojm.fr\/blog\/renault-duster-arrive-en-force-au-bresil\/"},"wordCount":158,"commentCount":0,"publisher":{"@id":"https:\/\/www.autojm.fr\/blog\/#organization"},"image":{"@id":"https:\/\/www.autojm.fr\/blog\/renault-duster-arrive-en-force-au-bresil\/#primaryimage"},"thumbnailUrl":"https:\/\/www.autojm.fr\/blog\/wp-content\/uploads\/2022\/10\/66.jpg","keywords":["autojm","renault","Renault Duster"],"articleSection":["Nouveaut\u00e9 Renault","Nouveaut\u00e9s Autos"],"inLanguage":"fr-FR","potentialAction":[{"@type":"CommentAction","name":"Comment","target":["https:\/\/www.autojm.fr\/blog\/renault-duster-arrive-en-force-au-bresil\/#respond"]}]},{"@type":"WebPage","@id":"https:\/\/www.autojm.fr\/blog\/renault-duster-arrive-en-force-au-bresil\/","url":"https:\/\/www.autojm.fr\/blog\/renault-duster-arrive-en-force-au-bresil\/","name":"Renault Duster arrive en force au Br\u00e9sil - AutoJM Mag","isPartOf":{"@id":"https:\/\/www.autojm.fr\/blog\/#website"},"primaryImageOfPage":{"@id":"https:\/\/www.autojm.fr\/blog\/renault-duster-arrive-en-force-au-bresil\/#primaryimage"},"image":{"@id":"https:\/\/www.autojm.fr\/blog\/renault-duster-arrive-en-force-au-bresil\/#primaryimage"},"thumbnailUrl":"https:\/\/www.autojm.fr\/blog\/wp-content\/uploads\/2022\/10\/66.jpg","datePublished":"2011-10-07T11:22:30+00:00","dateModified":"2022-12-09T10:24:25+00:00","description":"Renault a annonc\u00e9 r\u00e9cemment son investissement de 200 millions d'Euros dans son usine de Curitiba, situ\u00e9e au Sud Est du Br\u00e9sil afin de...","breadcrumb":{"@id":"https:\/\/www.autojm.fr\/blog\/renault-duster-arrive-en-force-au-bresil\/#breadcrumb"},"inLanguage":"fr-FR","potentialAction":[{"@type":"ReadAction","target":["https:\/\/www.autojm.fr\/blog\/renault-duster-arrive-en-force-au-bresil\/"]}]},{"@type":"ImageObject","inLanguage":"fr-FR","@id":"https:\/\/www.autojm.fr\/blog\/renault-duster-arrive-en-force-au-bresil\/#primaryimage","url":"https:\/\/www.autojm.fr\/blog\/wp-content\/uploads\/2022\/10\/66.jpg","contentUrl":"https:\/\/www.autojm.fr\/blog\/wp-content\/uploads\/2022\/10\/66.jpg","width":338,"height":190,"caption":"Renault Duster"},{"@type":"BreadcrumbList","@id":"https:\/\/www.autojm.fr\/blog\/renault-duster-arrive-en-force-au-bresil\/#breadcrumb","itemListElement":[{"@type":"ListItem","position":1,"name":"Accueil","item":"https:\/\/www.autojm.fr\/blog\/"},{"@type":"ListItem","position":2,"name":"Nouveaut\u00e9s Autos","item":"https:\/\/www.autojm.fr\/blog\/nouveautes-autos\/"},{"@type":"ListItem","position":3,"name":"Renault Duster arrive en force au Br\u00e9sil"}]},{"@type":"WebSite","@id":"https:\/\/www.autojm.fr\/blog\/#website","url":"https:\/\/www.autojm.fr\/blog\/","name":"AutoJM Mag","description":"Toute l&#039;actu auto en 1 clic !","publisher":{"@id":"https:\/\/www.autojm.fr\/blog\/#organization"},"potentialAction":[{"@type":"SearchAction","target":{"@type":"EntryPoint","urlTemplate":"https:\/\/www.autojm.fr\/blog\/?s={search_term_string}"},"query-input":{"@type":"PropertyValueSpecification","valueRequired":true,"valueName":"search_term_string"}}],"inLanguage":"fr-FR"},{"@type":"Organization","@id":"https:\/\/www.autojm.fr\/blog\/#organization","name":"AutoJM Mag","url":"https:\/\/www.autojm.fr\/blog\/","logo":{"@type":"ImageObject","inLanguage":"fr-FR","@id":"https:\/\/www.autojm.fr\/blog\/#\/schema\/logo\/image\/","url":"https:\/\/www.autojm.fr\/blog\/wp-content\/uploads\/2022\/12\/cropped-AutoJMag-png.png","contentUrl":"https:\/\/www.autojm.fr\/blog\/wp-content\/uploads\/2022\/12\/cropped-AutoJMag-png.png","width":2834,"height":585,"caption":"AutoJM Mag"},"image":{"@id":"https:\/\/www.autojm.fr\/blog\/#\/schema\/logo\/image\/"},"sameAs":["https:\/\/www.facebook.com\/AutoJM25"]},{"@type":"Person","@id":"https:\/\/www.autojm.fr\/blog\/#\/schema\/person\/9742bc77541853e0de81fc57f947e1a0","name":"Autojm","image":{"@type":"ImageObject","inLanguage":"fr-FR","@id":"https:\/\/secure.gravatar.com\/avatar\/9a959d52b758fcc232fe4b6aca7bab139182573297122cce7d6f2ee0e537b418?s=96&d=mm&r=g","url":"https:\/\/secure.gravatar.com\/avatar\/9a959d52b758fcc232fe4b6aca7bab139182573297122cce7d6f2ee0e537b418?s=96&d=mm&r=g","contentUrl":"https:\/\/secure.gravatar.com\/avatar\/9a959d52b758fcc232fe4b6aca7bab139182573297122cce7d6f2ee0e537b418?s=96&d=mm&r=g","caption":"Autojm"},"sameAs":["https:\/\/www.autojm.fr\/blog"],"url":"https:\/\/www.autojm.fr\/blog\/author\/bichoi\/"}]}},"_links":{"self":[{"href":"https:\/\/www.autojm.fr\/blog\/wp-json\/wp\/v2\/posts\/3353","targetHints":{"allow":["GET"]}}],"collection":[{"href":"https:\/\/www.autojm.fr\/blog\/wp-json\/wp\/v2\/posts"}],"about":[{"href":"https:\/\/www.autojm.fr\/blog\/wp-json\/wp\/v2\/types\/post"}],"author":[{"embeddable":true,"href":"https:\/\/www.autojm.fr\/blog\/wp-json\/wp\/v2\/users\/1"}],"replies":[{"embeddable":true,"href":"https:\/\/www.autojm.fr\/blog\/wp-json\/wp\/v2\/comments?post=3353"}],"version-history":[{"count":3,"href":"https:\/\/www.autojm.fr\/blog\/wp-json\/wp\/v2\/posts\/3353\/revisions"}],"predecessor-version":[{"id":7611,"href":"https:\/\/www.autojm.fr\/blog\/wp-json\/wp\/v2\/posts\/3353\/revisions\/7611"}],"wp:featuredmedia":[{"embeddable":true,"href":"https:\/\/www.autojm.fr\/blog\/wp-json\/wp\/v2\/media\/5460"}],"wp:attachment":[{"href":"https:\/\/www.autojm.fr\/blog\/wp-json\/wp\/v2\/media?parent=3353"}],"wp:term":[{"taxonomy":"category","embeddable":true,"href":"https:\/\/www.autojm.fr\/blog\/wp-json\/wp\/v2\/categories?post=3353"},{"taxonomy":"post_tag","embeddable":true,"href":"https:\/\/www.autojm.fr\/blog\/wp-json\/wp\/v2\/tags?post=3353"}],"curies":[{"name":"wp","href":"https:\/\/api.w.org\/{rel}","templated":true}]}}