{"id":3352,"date":"2011-10-04T10:17:44","date_gmt":"2011-10-04T10:17:44","guid":{"rendered":"https:\/\/www.autojm.fr\/blog\/autolib-une-voiture-pour-moins-de-5-euros-par-jour\/"},"modified":"2022-12-09T10:26:09","modified_gmt":"2022-12-09T10:26:09","slug":"autolib-une-voiture-pour-moins-de-5-euros-par-jour","status":"publish","type":"post","link":"https:\/\/www.autojm.fr\/blog\/autolib-une-voiture-pour-moins-de-5-euros-par-jour\/","title":{"rendered":"Autolib&rsquo; : une voiture pour moins de 5 euros par jour !"},"content":{"rendered":"<h1><span style=\"font-family: Arial,Helvetica,sans-serif; color: #d3145a; font-size: 12px;\">La r\u00e9gion parisienne a accueillit ses derniers jours, une petite <a href=\"http:\/\/www.autojm.fr\/\">voiture <\/a>\u00e9l\u00e9ctrique au service des habitants, nomm\u00e9e Autolib&rsquo;.<\/span><\/h1>\n<p>En effet, apr\u00e8s la location de v\u00e9lo, promenez vous autour de Paris en voiture \u00e9lectrique \u00e0 louer et \u00e0 d\u00e9poser dans les bornes pr\u00e8s de chez vous.<\/p>\n<h2><span style=\"font-family: Arial,Helvetica,sans-serif; color: #d3145a; font-size: 11px;\">Comment fonctionne cette location de voiture ?<\/span><\/h2>\n<p>Comme dit pr\u00e9c\u00e9demment, cette location se fera de la m\u00eame mani\u00e8re que pour le V\u00e9lib&rsquo;. Avec un abonnement \u00e0 l&rsquo;ann\u00e9e, les forfaits commencent \u00e0 5\u20ac par mois. Les <a href=\"http:\/\/www.autojm.fr\/\">v\u00e9hicules <\/a>doivent \u00eatre d\u00e9pos\u00e9s dans une borne Autolib&rsquo; signal\u00e9e sur l&rsquo;\u00e9cran de bord<\/p>\n<p><span style=\"font-family: Arial,Helvetica,sans-serif; color: #d3145a; font-size: 11px;\">Qui peut pr\u00e9tendre \u00e0 cette location ?<\/span><br \/>\nToute personne ayant son permis B, sans dur\u00e9e ni \u00e2ge minimum, peut louer une Autolib&rsquo;.<\/p>\n<p><span style=\"font-family: Arial,Helvetica,sans-serif; color: #d3145a; font-size: 11px;\">Combien co\u00fbte Autoliib&rsquo; ?<\/span><br \/>\nLe co\u00fbt de l&rsquo;utilisation de cette voiture \u00e9lectrique d\u00e9pend de la dur\u00e9e d&rsquo;utilisation ainsi que la dur\u00e9e du contrat : un abonnement annuel sera moins \u00e9lev\u00e9 qu&rsquo;un abonnement mensuel.<\/p>\n<p>Pour un forfait annuel de moins d&rsquo;une demi-heure par jour, le prix sera de 5 euros. Le forfait augmente par tranche de 30 minutes. La deuxi\u00e8me demi heure co\u00fbtera 4 euros de plus, et les demi-heures suppl\u00e9mentaire s&rsquo;\u00e9l\u00e8vent \u00e0 6 euros. De plus, si le v\u00e9hicule est sale, un forfait de 30 euros peut \u00eatre appliqu\u00e9 pour le nettoyage.<\/p>\n<p><span style=\"font-family: Arial,Helvetica,sans-serif; color: #d3145a; font-size: 11px;\">O\u00f9 peut-on rouler avec cette voiture ?<\/span><br \/>\nAutolib&rsquo; ayant une autonomie de 250km, les utilisateurs ne pourront aller gu\u00e8re loin de la capital. En effet, cette auto est autoris\u00e9e \u00e0 circuler qu&rsquo;\u00e0 50Km autour de Paris. Si vous d\u00e9passez, un conseiller vous interpellera directement via l&rsquo;\u00e9cran tactile du v\u00e9hicule.<\/p>\n<p><span style=\"font-family: Arial,Helvetica,sans-serif; color: #d3145a; font-size: 11px;\">Que faire en cas d&rsquo;accident ?<\/span><br \/>\n\u00c0 toute heure de la nuit ou du jour, vous pourrez faire appel au centre d&rsquo;assistance disponible 24h\/24 et 7 jour sur 7 en cas de sinistre. Pour le faire, il vous suffira d&rsquo;appuyer sur un bouton bleu pr\u00e9vu \u00e0 cet effet.<br \/>\nLa franchise d\u00e9pendra \u00e9galement du forfait pris par l&rsquo;utilisateur. Elle s&rsquo;\u00e9l\u00e8ve \u00e0 150 euros en cas de premier accident, et jusqu&rsquo;\u00e0 750 euros en cas de troisi\u00e8me sinistre ou plus.<\/p>\n<p>Plus d&rsquo;information sur : http:\/\/www.autolib.fr\/autolib\/<\/p>\n","protected":false},"excerpt":{"rendered":"<p>En effet, apr\u00e8s la location de v\u00e9lo, promenez vous autour de Paris en voiture \u00e9lectrique \u00e0 louer et \u00e0 d\u00e9poser dans les bornes pr\u00e8s de chez vous.<\/p>\n","protected":false},"author":1,"featured_media":5459,"comment_status":"open","ping_status":"open","sticky":false,"template":"","format":"standard","meta":{"_acf_changed":false,"content-type":"","footnotes":""},"categories":[22],"tags":[90,85,74,105,110,109,106,108,107,73,78,169,96],"class_list":["post-3352","post","type-post","status-publish","format-standard","has-post-thumbnail","hentry","category-conseils-astuces","tag-autojm","tag-citroen-2","tag-dacia","tag-ds","tag-fiat","tag-ford","tag-kia","tag-nissan","tag-opel","tag-peugeot","tag-renault","tag-toyota","tag-volkswagen"],"acf":[],"yoast_head":"<!-- This site is optimized with the Yoast SEO plugin v27.5 - https:\/\/yoast.com\/product\/yoast-seo-wordpress\/ -->\n<title>Autolib&#039; : une voiture pour moins de 5 euros par jour ! - AutoJM Mag<\/title>\n<meta name=\"description\" content=\"En effet, apr\u00e8s la location de v\u00e9lo, promenez vous autour de Paris en voiture \u00e9lectrique \u00e0 louer et \u00e0 d\u00e9poser dans les bornes pr\u00e8s...\" \/>\n<meta name=\"robots\" content=\"index, follow, max-snippet:-1, max-image-preview:large, max-video-preview:-1\" \/>\n<link rel=\"canonical\" href=\"https:\/\/www.autojm.fr\/blog\/autolib-une-voiture-pour-moins-de-5-euros-par-jour\/\" \/>\n<meta property=\"og:locale\" content=\"fr_FR\" \/>\n<meta property=\"og:type\" content=\"article\" \/>\n<meta property=\"og:title\" content=\"Autolib&#039; : une voiture pour moins de 5 euros par jour ! - AutoJM Mag\" \/>\n<meta property=\"og:description\" content=\"En effet, apr\u00e8s la location de v\u00e9lo, promenez vous autour de Paris en voiture \u00e9lectrique \u00e0 louer et \u00e0 d\u00e9poser dans les bornes pr\u00e8s...\" \/>\n<meta property=\"og:url\" content=\"https:\/\/www.autojm.fr\/blog\/autolib-une-voiture-pour-moins-de-5-euros-par-jour\/\" \/>\n<meta property=\"og:site_name\" content=\"AutoJM Mag\" \/>\n<meta property=\"article:publisher\" content=\"https:\/\/www.facebook.com\/AutoJM25\" \/>\n<meta property=\"article:published_time\" content=\"2011-10-04T10:17:44+00:00\" \/>\n<meta property=\"article:modified_time\" content=\"2022-12-09T10:26:09+00:00\" \/>\n<meta property=\"og:image\" content=\"https:\/\/www.autojm.fr\/blog\/wp-content\/uploads\/2022\/10\/65.jpg\" \/>\n\t<meta property=\"og:image:width\" content=\"605\" \/>\n\t<meta property=\"og:image:height\" content=\"403\" \/>\n\t<meta property=\"og:image:type\" content=\"image\/jpeg\" \/>\n<meta name=\"author\" content=\"Autojm\" \/>\n<meta name=\"twitter:card\" content=\"summary_large_image\" \/>\n<meta name=\"twitter:label1\" content=\"\u00c9crit par\" \/>\n\t<meta name=\"twitter:data1\" content=\"Autojm\" \/>\n\t<meta name=\"twitter:label2\" content=\"Dur\u00e9e de lecture estim\u00e9e\" \/>\n\t<meta name=\"twitter:data2\" content=\"2 minutes\" \/>\n<script type=\"application\/ld+json\" class=\"yoast-schema-graph\">{\"@context\":\"https:\\\/\\\/schema.org\",\"@graph\":[{\"@type\":\"Article\",\"@id\":\"https:\\\/\\\/www.autojm.fr\\\/blog\\\/autolib-une-voiture-pour-moins-de-5-euros-par-jour\\\/#article\",\"isPartOf\":{\"@id\":\"https:\\\/\\\/www.autojm.fr\\\/blog\\\/autolib-une-voiture-pour-moins-de-5-euros-par-jour\\\/\"},\"author\":{\"name\":\"Autojm\",\"@id\":\"https:\\\/\\\/www.autojm.fr\\\/blog\\\/#\\\/schema\\\/person\\\/9742bc77541853e0de81fc57f947e1a0\"},\"headline\":\"Autolib&rsquo; : une voiture pour moins de 5 euros par jour !\",\"datePublished\":\"2011-10-04T10:17:44+00:00\",\"dateModified\":\"2022-12-09T10:26:09+00:00\",\"mainEntityOfPage\":{\"@id\":\"https:\\\/\\\/www.autojm.fr\\\/blog\\\/autolib-une-voiture-pour-moins-de-5-euros-par-jour\\\/\"},\"wordCount\":366,\"commentCount\":0,\"publisher\":{\"@id\":\"https:\\\/\\\/www.autojm.fr\\\/blog\\\/#organization\"},\"image\":{\"@id\":\"https:\\\/\\\/www.autojm.fr\\\/blog\\\/autolib-une-voiture-pour-moins-de-5-euros-par-jour\\\/#primaryimage\"},\"thumbnailUrl\":\"https:\\\/\\\/www.autojm.fr\\\/blog\\\/wp-content\\\/uploads\\\/2022\\\/10\\\/65.jpg\",\"keywords\":[\"autojm\",\"Citro\u00ebn\",\"dacia\",\"DS\",\"Fiat\",\"Ford\",\"Kia\",\"Nissan\",\"Opel\",\"peugeot\",\"renault\",\"Toyota\",\"Volkswagen\"],\"articleSection\":[\"Conseils &amp; Astuces\"],\"inLanguage\":\"fr-FR\",\"potentialAction\":[{\"@type\":\"CommentAction\",\"name\":\"Comment\",\"target\":[\"https:\\\/\\\/www.autojm.fr\\\/blog\\\/autolib-une-voiture-pour-moins-de-5-euros-par-jour\\\/#respond\"]}]},{\"@type\":\"WebPage\",\"@id\":\"https:\\\/\\\/www.autojm.fr\\\/blog\\\/autolib-une-voiture-pour-moins-de-5-euros-par-jour\\\/\",\"url\":\"https:\\\/\\\/www.autojm.fr\\\/blog\\\/autolib-une-voiture-pour-moins-de-5-euros-par-jour\\\/\",\"name\":\"Autolib' : une voiture pour moins de 5 euros par jour ! - AutoJM Mag\",\"isPartOf\":{\"@id\":\"https:\\\/\\\/www.autojm.fr\\\/blog\\\/#website\"},\"primaryImageOfPage\":{\"@id\":\"https:\\\/\\\/www.autojm.fr\\\/blog\\\/autolib-une-voiture-pour-moins-de-5-euros-par-jour\\\/#primaryimage\"},\"image\":{\"@id\":\"https:\\\/\\\/www.autojm.fr\\\/blog\\\/autolib-une-voiture-pour-moins-de-5-euros-par-jour\\\/#primaryimage\"},\"thumbnailUrl\":\"https:\\\/\\\/www.autojm.fr\\\/blog\\\/wp-content\\\/uploads\\\/2022\\\/10\\\/65.jpg\",\"datePublished\":\"2011-10-04T10:17:44+00:00\",\"dateModified\":\"2022-12-09T10:26:09+00:00\",\"description\":\"En effet, apr\u00e8s la location de v\u00e9lo, promenez vous autour de Paris en voiture \u00e9lectrique \u00e0 louer et \u00e0 d\u00e9poser dans les bornes pr\u00e8s...\",\"breadcrumb\":{\"@id\":\"https:\\\/\\\/www.autojm.fr\\\/blog\\\/autolib-une-voiture-pour-moins-de-5-euros-par-jour\\\/#breadcrumb\"},\"inLanguage\":\"fr-FR\",\"potentialAction\":[{\"@type\":\"ReadAction\",\"target\":[\"https:\\\/\\\/www.autojm.fr\\\/blog\\\/autolib-une-voiture-pour-moins-de-5-euros-par-jour\\\/\"]}]},{\"@type\":\"ImageObject\",\"inLanguage\":\"fr-FR\",\"@id\":\"https:\\\/\\\/www.autojm.fr\\\/blog\\\/autolib-une-voiture-pour-moins-de-5-euros-par-jour\\\/#primaryimage\",\"url\":\"https:\\\/\\\/www.autojm.fr\\\/blog\\\/wp-content\\\/uploads\\\/2022\\\/10\\\/65.jpg\",\"contentUrl\":\"https:\\\/\\\/www.autojm.fr\\\/blog\\\/wp-content\\\/uploads\\\/2022\\\/10\\\/65.jpg\",\"width\":605,\"height\":403,\"caption\":\"Autolib'\"},{\"@type\":\"BreadcrumbList\",\"@id\":\"https:\\\/\\\/www.autojm.fr\\\/blog\\\/autolib-une-voiture-pour-moins-de-5-euros-par-jour\\\/#breadcrumb\",\"itemListElement\":[{\"@type\":\"ListItem\",\"position\":1,\"name\":\"Accueil\",\"item\":\"https:\\\/\\\/www.autojm.fr\\\/blog\\\/\"},{\"@type\":\"ListItem\",\"position\":2,\"name\":\"Conseils &amp; Astuces\",\"item\":\"https:\\\/\\\/www.autojm.fr\\\/blog\\\/conseils-astuces\\\/\"},{\"@type\":\"ListItem\",\"position\":3,\"name\":\"Autolib&rsquo; : une voiture pour moins de 5 euros par jour !\"}]},{\"@type\":\"WebSite\",\"@id\":\"https:\\\/\\\/www.autojm.fr\\\/blog\\\/#website\",\"url\":\"https:\\\/\\\/www.autojm.fr\\\/blog\\\/\",\"name\":\"AutoJM Mag\",\"description\":\"Toute l&#039;actu auto en 1 clic !\",\"publisher\":{\"@id\":\"https:\\\/\\\/www.autojm.fr\\\/blog\\\/#organization\"},\"potentialAction\":[{\"@type\":\"SearchAction\",\"target\":{\"@type\":\"EntryPoint\",\"urlTemplate\":\"https:\\\/\\\/www.autojm.fr\\\/blog\\\/?s={search_term_string}\"},\"query-input\":{\"@type\":\"PropertyValueSpecification\",\"valueRequired\":true,\"valueName\":\"search_term_string\"}}],\"inLanguage\":\"fr-FR\"},{\"@type\":\"Organization\",\"@id\":\"https:\\\/\\\/www.autojm.fr\\\/blog\\\/#organization\",\"name\":\"AutoJM Mag\",\"url\":\"https:\\\/\\\/www.autojm.fr\\\/blog\\\/\",\"logo\":{\"@type\":\"ImageObject\",\"inLanguage\":\"fr-FR\",\"@id\":\"https:\\\/\\\/www.autojm.fr\\\/blog\\\/#\\\/schema\\\/logo\\\/image\\\/\",\"url\":\"https:\\\/\\\/www.autojm.fr\\\/blog\\\/wp-content\\\/uploads\\\/2022\\\/12\\\/cropped-AutoJMag-png.png\",\"contentUrl\":\"https:\\\/\\\/www.autojm.fr\\\/blog\\\/wp-content\\\/uploads\\\/2022\\\/12\\\/cropped-AutoJMag-png.png\",\"width\":2834,\"height\":585,\"caption\":\"AutoJM Mag\"},\"image\":{\"@id\":\"https:\\\/\\\/www.autojm.fr\\\/blog\\\/#\\\/schema\\\/logo\\\/image\\\/\"},\"sameAs\":[\"https:\\\/\\\/www.facebook.com\\\/AutoJM25\"]},{\"@type\":\"Person\",\"@id\":\"https:\\\/\\\/www.autojm.fr\\\/blog\\\/#\\\/schema\\\/person\\\/9742bc77541853e0de81fc57f947e1a0\",\"name\":\"Autojm\",\"image\":{\"@type\":\"ImageObject\",\"inLanguage\":\"fr-FR\",\"@id\":\"https:\\\/\\\/secure.gravatar.com\\\/avatar\\\/9a959d52b758fcc232fe4b6aca7bab139182573297122cce7d6f2ee0e537b418?s=96&d=mm&r=g\",\"url\":\"https:\\\/\\\/secure.gravatar.com\\\/avatar\\\/9a959d52b758fcc232fe4b6aca7bab139182573297122cce7d6f2ee0e537b418?s=96&d=mm&r=g\",\"contentUrl\":\"https:\\\/\\\/secure.gravatar.com\\\/avatar\\\/9a959d52b758fcc232fe4b6aca7bab139182573297122cce7d6f2ee0e537b418?s=96&d=mm&r=g\",\"caption\":\"Autojm\"},\"sameAs\":[\"https:\\\/\\\/www.autojm.fr\\\/blog\"],\"url\":\"https:\\\/\\\/www.autojm.fr\\\/blog\\\/author\\\/bichoi\\\/\"}]}<\/script>\n<!-- \/ Yoast SEO plugin. -->","yoast_head_json":{"title":"Autolib' : une voiture pour moins de 5 euros par jour ! - AutoJM Mag","description":"En effet, apr\u00e8s la location de v\u00e9lo, promenez vous autour de Paris en voiture \u00e9lectrique \u00e0 louer et \u00e0 d\u00e9poser dans les bornes pr\u00e8s...","robots":{"index":"index","follow":"follow","max-snippet":"max-snippet:-1","max-image-preview":"max-image-preview:large","max-video-preview":"max-video-preview:-1"},"canonical":"https:\/\/www.autojm.fr\/blog\/autolib-une-voiture-pour-moins-de-5-euros-par-jour\/","og_locale":"fr_FR","og_type":"article","og_title":"Autolib' : une voiture pour moins de 5 euros par jour ! - AutoJM Mag","og_description":"En effet, apr\u00e8s la location de v\u00e9lo, promenez vous autour de Paris en voiture \u00e9lectrique \u00e0 louer et \u00e0 d\u00e9poser dans les bornes pr\u00e8s...","og_url":"https:\/\/www.autojm.fr\/blog\/autolib-une-voiture-pour-moins-de-5-euros-par-jour\/","og_site_name":"AutoJM Mag","article_publisher":"https:\/\/www.facebook.com\/AutoJM25","article_published_time":"2011-10-04T10:17:44+00:00","article_modified_time":"2022-12-09T10:26:09+00:00","og_image":[{"width":605,"height":403,"url":"https:\/\/www.autojm.fr\/blog\/wp-content\/uploads\/2022\/10\/65.jpg","type":"image\/jpeg"}],"author":"Autojm","twitter_card":"summary_large_image","twitter_misc":{"\u00c9crit par":"Autojm","Dur\u00e9e de lecture estim\u00e9e":"2 minutes"},"schema":{"@context":"https:\/\/schema.org","@graph":[{"@type":"Article","@id":"https:\/\/www.autojm.fr\/blog\/autolib-une-voiture-pour-moins-de-5-euros-par-jour\/#article","isPartOf":{"@id":"https:\/\/www.autojm.fr\/blog\/autolib-une-voiture-pour-moins-de-5-euros-par-jour\/"},"author":{"name":"Autojm","@id":"https:\/\/www.autojm.fr\/blog\/#\/schema\/person\/9742bc77541853e0de81fc57f947e1a0"},"headline":"Autolib&rsquo; : une voiture pour moins de 5 euros par jour !","datePublished":"2011-10-04T10:17:44+00:00","dateModified":"2022-12-09T10:26:09+00:00","mainEntityOfPage":{"@id":"https:\/\/www.autojm.fr\/blog\/autolib-une-voiture-pour-moins-de-5-euros-par-jour\/"},"wordCount":366,"commentCount":0,"publisher":{"@id":"https:\/\/www.autojm.fr\/blog\/#organization"},"image":{"@id":"https:\/\/www.autojm.fr\/blog\/autolib-une-voiture-pour-moins-de-5-euros-par-jour\/#primaryimage"},"thumbnailUrl":"https:\/\/www.autojm.fr\/blog\/wp-content\/uploads\/2022\/10\/65.jpg","keywords":["autojm","Citro\u00ebn","dacia","DS","Fiat","Ford","Kia","Nissan","Opel","peugeot","renault","Toyota","Volkswagen"],"articleSection":["Conseils &amp; Astuces"],"inLanguage":"fr-FR","potentialAction":[{"@type":"CommentAction","name":"Comment","target":["https:\/\/www.autojm.fr\/blog\/autolib-une-voiture-pour-moins-de-5-euros-par-jour\/#respond"]}]},{"@type":"WebPage","@id":"https:\/\/www.autojm.fr\/blog\/autolib-une-voiture-pour-moins-de-5-euros-par-jour\/","url":"https:\/\/www.autojm.fr\/blog\/autolib-une-voiture-pour-moins-de-5-euros-par-jour\/","name":"Autolib' : une voiture pour moins de 5 euros par jour ! - AutoJM Mag","isPartOf":{"@id":"https:\/\/www.autojm.fr\/blog\/#website"},"primaryImageOfPage":{"@id":"https:\/\/www.autojm.fr\/blog\/autolib-une-voiture-pour-moins-de-5-euros-par-jour\/#primaryimage"},"image":{"@id":"https:\/\/www.autojm.fr\/blog\/autolib-une-voiture-pour-moins-de-5-euros-par-jour\/#primaryimage"},"thumbnailUrl":"https:\/\/www.autojm.fr\/blog\/wp-content\/uploads\/2022\/10\/65.jpg","datePublished":"2011-10-04T10:17:44+00:00","dateModified":"2022-12-09T10:26:09+00:00","description":"En effet, apr\u00e8s la location de v\u00e9lo, promenez vous autour de Paris en voiture \u00e9lectrique \u00e0 louer et \u00e0 d\u00e9poser dans les bornes pr\u00e8s...","breadcrumb":{"@id":"https:\/\/www.autojm.fr\/blog\/autolib-une-voiture-pour-moins-de-5-euros-par-jour\/#breadcrumb"},"inLanguage":"fr-FR","potentialAction":[{"@type":"ReadAction","target":["https:\/\/www.autojm.fr\/blog\/autolib-une-voiture-pour-moins-de-5-euros-par-jour\/"]}]},{"@type":"ImageObject","inLanguage":"fr-FR","@id":"https:\/\/www.autojm.fr\/blog\/autolib-une-voiture-pour-moins-de-5-euros-par-jour\/#primaryimage","url":"https:\/\/www.autojm.fr\/blog\/wp-content\/uploads\/2022\/10\/65.jpg","contentUrl":"https:\/\/www.autojm.fr\/blog\/wp-content\/uploads\/2022\/10\/65.jpg","width":605,"height":403,"caption":"Autolib'"},{"@type":"BreadcrumbList","@id":"https:\/\/www.autojm.fr\/blog\/autolib-une-voiture-pour-moins-de-5-euros-par-jour\/#breadcrumb","itemListElement":[{"@type":"ListItem","position":1,"name":"Accueil","item":"https:\/\/www.autojm.fr\/blog\/"},{"@type":"ListItem","position":2,"name":"Conseils &amp; Astuces","item":"https:\/\/www.autojm.fr\/blog\/conseils-astuces\/"},{"@type":"ListItem","position":3,"name":"Autolib&rsquo; : une voiture pour moins de 5 euros par jour !"}]},{"@type":"WebSite","@id":"https:\/\/www.autojm.fr\/blog\/#website","url":"https:\/\/www.autojm.fr\/blog\/","name":"AutoJM Mag","description":"Toute l&#039;actu auto en 1 clic !","publisher":{"@id":"https:\/\/www.autojm.fr\/blog\/#organization"},"potentialAction":[{"@type":"SearchAction","target":{"@type":"EntryPoint","urlTemplate":"https:\/\/www.autojm.fr\/blog\/?s={search_term_string}"},"query-input":{"@type":"PropertyValueSpecification","valueRequired":true,"valueName":"search_term_string"}}],"inLanguage":"fr-FR"},{"@type":"Organization","@id":"https:\/\/www.autojm.fr\/blog\/#organization","name":"AutoJM Mag","url":"https:\/\/www.autojm.fr\/blog\/","logo":{"@type":"ImageObject","inLanguage":"fr-FR","@id":"https:\/\/www.autojm.fr\/blog\/#\/schema\/logo\/image\/","url":"https:\/\/www.autojm.fr\/blog\/wp-content\/uploads\/2022\/12\/cropped-AutoJMag-png.png","contentUrl":"https:\/\/www.autojm.fr\/blog\/wp-content\/uploads\/2022\/12\/cropped-AutoJMag-png.png","width":2834,"height":585,"caption":"AutoJM Mag"},"image":{"@id":"https:\/\/www.autojm.fr\/blog\/#\/schema\/logo\/image\/"},"sameAs":["https:\/\/www.facebook.com\/AutoJM25"]},{"@type":"Person","@id":"https:\/\/www.autojm.fr\/blog\/#\/schema\/person\/9742bc77541853e0de81fc57f947e1a0","name":"Autojm","image":{"@type":"ImageObject","inLanguage":"fr-FR","@id":"https:\/\/secure.gravatar.com\/avatar\/9a959d52b758fcc232fe4b6aca7bab139182573297122cce7d6f2ee0e537b418?s=96&d=mm&r=g","url":"https:\/\/secure.gravatar.com\/avatar\/9a959d52b758fcc232fe4b6aca7bab139182573297122cce7d6f2ee0e537b418?s=96&d=mm&r=g","contentUrl":"https:\/\/secure.gravatar.com\/avatar\/9a959d52b758fcc232fe4b6aca7bab139182573297122cce7d6f2ee0e537b418?s=96&d=mm&r=g","caption":"Autojm"},"sameAs":["https:\/\/www.autojm.fr\/blog"],"url":"https:\/\/www.autojm.fr\/blog\/author\/bichoi\/"}]}},"_links":{"self":[{"href":"https:\/\/www.autojm.fr\/blog\/wp-json\/wp\/v2\/posts\/3352","targetHints":{"allow":["GET"]}}],"collection":[{"href":"https:\/\/www.autojm.fr\/blog\/wp-json\/wp\/v2\/posts"}],"about":[{"href":"https:\/\/www.autojm.fr\/blog\/wp-json\/wp\/v2\/types\/post"}],"author":[{"embeddable":true,"href":"https:\/\/www.autojm.fr\/blog\/wp-json\/wp\/v2\/users\/1"}],"replies":[{"embeddable":true,"href":"https:\/\/www.autojm.fr\/blog\/wp-json\/wp\/v2\/comments?post=3352"}],"version-history":[{"count":3,"href":"https:\/\/www.autojm.fr\/blog\/wp-json\/wp\/v2\/posts\/3352\/revisions"}],"predecessor-version":[{"id":7613,"href":"https:\/\/www.autojm.fr\/blog\/wp-json\/wp\/v2\/posts\/3352\/revisions\/7613"}],"wp:featuredmedia":[{"embeddable":true,"href":"https:\/\/www.autojm.fr\/blog\/wp-json\/wp\/v2\/media\/5459"}],"wp:attachment":[{"href":"https:\/\/www.autojm.fr\/blog\/wp-json\/wp\/v2\/media?parent=3352"}],"wp:term":[{"taxonomy":"category","embeddable":true,"href":"https:\/\/www.autojm.fr\/blog\/wp-json\/wp\/v2\/categories?post=3352"},{"taxonomy":"post_tag","embeddable":true,"href":"https:\/\/www.autojm.fr\/blog\/wp-json\/wp\/v2\/tags?post=3352"}],"curies":[{"name":"wp","href":"https:\/\/api.w.org\/{rel}","templated":true}]}}