{"id":3342,"date":"2011-09-08T10:07:08","date_gmt":"2011-09-08T10:07:08","guid":{"rendered":"https:\/\/www.autojm.fr\/blog\/voitures-electriques-le-combat-psa-renault\/"},"modified":"2022-12-13T09:17:06","modified_gmt":"2022-12-13T09:17:06","slug":"voitures-electriques-le-combat-psa-renault","status":"publish","type":"post","link":"https:\/\/www.autojm.fr\/blog\/voitures-electriques-le-combat-psa-renault\/","title":{"rendered":"Voitures \u00e9l\u00e9ctriques : le combat PSA\/Renault"},"content":{"rendered":"<p><span style=\"font-family: Arial,Helvetica,sans-serif; color: #d3145a; font-size: 12px;\">Le nouveau Peugeot hybride<\/span><\/p>\n<p>On parlait tr\u00e8s r\u00e9cemment de la sortie imminente de la <a href=\"https:\/\/www.autojm.fr\/achat-voitures-neuves-peugeot-nouveau-3008-suv-2021-5p\">3008 hybride Electrique \/ Diesel<\/a>, la derni\u00e8re hybride de chez Peugeot, on apprend aujourd&rsquo;hui que les premi\u00e8res voitures sont en fabrication chez Peugeot Sochaux. En effet, sa sortie \u00e9tant pr\u00e9vu pour octobre, les premi\u00e8res autos sortent des usines petit \u00e0 petit.<\/p>\n<p><u><strong>Je vous rappelle ces caract\u00e9ristiques :<\/strong><\/u><\/p>\n<p>4 roues motrices<br \/>\n200 chevaux de puissance<br \/>\nle mode ZEV (z\u00e9ro \u00e9mission v\u00e9hicule)<br \/>\n3.8l au 100 et \u00e0 partir de 99g\/km de CO2<\/p>\n<p><span style=\"font-family: Arial,Helvetica,sans-serif; color: #d3145a; font-size: 12px;\">Et chez Renault&#8230;<\/span><br \/>\nCette derni\u00e8re est donc pr\u00e9vu en m\u00eame temps que le Kangoo \u00e9lectrique de chez Renault qui va sortir en rafale quatre mod\u00e8les 100% \u00e9lectriques :<br \/>\n&#8211; Deux qui sont d\u00e9riv\u00e9s de mod\u00e8les \u00e0 essence, le <a href=\"https:\/\/www.autojm.fr\/mandataire-voitures-neuves-renault\">Kangoo <\/a>(octobre) et la Fluence (novembre)<br \/>\n&#8211; Et puis viendront de nouveaux mod\u00e8les 100% \u00e9lctriques : la Twizzy (d\u00e9cembre) et Zoe (mi 2012)<\/p>\n<p>Le nouveau <a href=\"https:\/\/www.autojm.fr\/mandataire-voitures-neuves-renault\">Renault Kangoo <\/a>100% \u00e9lectriques sera disponible en 2 mod\u00e8les : l&rsquo;Express et le Maxi.<\/p>\n<p>Plus de soucis pour recharger la batterie de votre v\u00e9hicule, de plus en plus de point de vente propose des bornes de rechargement en France et le tableau de bord indique l&rsquo;autonomie disponible ainsi que le nombre de kWh restant et la consommation moyenne et instantan\u00e9e. L&rsquo;autonomie du v\u00e9hicule, 170 km en cycle mixte NEDC, peut varier en fonction des conditions d&rsquo;utilisation.<\/p>\n<p>Niveau prix : le Renault Kangoo Express Z.E. sera commercialis\u00e9, selon les pays, de 15 000 \u20ac HT (incitation fiscale de 5 000 \u20ac d\u00e9duite) \u00e0 20 000 \u20ac HT (hors incitation fiscale).<\/p>\n<p>Renault Kangoo Maxi Z.E. sera commercialis\u00e9 \u00e0 l&rsquo;automne 2011 en Europe \u00e0 un prix unique de 21 200 \u20ac HT (hors incitation fiscale) pour la version 2 places et 22 000 \u20ac HT (hors incitation fiscale) pour la version combi 5 places.<em> (source Renault.fr)<\/em><\/p>\n","protected":false},"excerpt":{"rendered":"<p>On parlait tr\u00e8s r\u00e9cemment de la sortie imminente de la 3008 hybride Electrique \/ Diesel, la derni\u00e8re hybride de chez Peugeot, on apprend aujourd&rsquo;hui que les premi\u00e8res voitures sont en fabrication chez Peugeot Sochaux. En effet, sa sortie \u00e9tant pr\u00e9vu pour octobre, les premi\u00e8res autos sortent des usines petit \u00e0 petit.<\/p>\n","protected":false},"author":1,"featured_media":5450,"comment_status":"open","ping_status":"open","sticky":false,"template":"","format":"standard","meta":{"_acf_changed":false,"content-type":"","footnotes":""},"categories":[5],"tags":[90,73,78],"class_list":["post-3342","post","type-post","status-publish","format-standard","has-post-thumbnail","hentry","category-actualite-automobile","tag-autojm","tag-peugeot","tag-renault"],"acf":[],"yoast_head":"<!-- This site is optimized with the Yoast SEO plugin v27.5 - https:\/\/yoast.com\/product\/yoast-seo-wordpress\/ -->\n<title>Voitures \u00e9l\u00e9ctriques : le combat PSA\/Renault - AutoJM Mag<\/title>\n<meta name=\"description\" content=\"On parlait tr\u00e8s r\u00e9cemment de la sortie imminente de la 3008 hybride Electrique \/ Diesel, la derni\u00e8re hybride de chez Peugeot, on apprend...\" \/>\n<meta name=\"robots\" content=\"index, follow, max-snippet:-1, max-image-preview:large, max-video-preview:-1\" \/>\n<link rel=\"canonical\" href=\"https:\/\/www.autojm.fr\/blog\/voitures-electriques-le-combat-psa-renault\/\" \/>\n<meta property=\"og:locale\" content=\"fr_FR\" \/>\n<meta property=\"og:type\" content=\"article\" \/>\n<meta property=\"og:title\" content=\"Voitures \u00e9l\u00e9ctriques : le combat PSA\/Renault - AutoJM Mag\" \/>\n<meta property=\"og:description\" content=\"On parlait tr\u00e8s r\u00e9cemment de la sortie imminente de la 3008 hybride Electrique \/ Diesel, la derni\u00e8re hybride de chez Peugeot, on apprend...\" \/>\n<meta property=\"og:url\" content=\"https:\/\/www.autojm.fr\/blog\/voitures-electriques-le-combat-psa-renault\/\" \/>\n<meta property=\"og:site_name\" content=\"AutoJM Mag\" \/>\n<meta property=\"article:publisher\" content=\"https:\/\/www.facebook.com\/AutoJM25\" \/>\n<meta property=\"article:published_time\" content=\"2011-09-08T10:07:08+00:00\" \/>\n<meta property=\"article:modified_time\" content=\"2022-12-13T09:17:06+00:00\" \/>\n<meta property=\"og:image\" content=\"https:\/\/www.autojm.fr\/blog\/wp-content\/uploads\/2022\/10\/55.jpg\" \/>\n\t<meta property=\"og:image:width\" content=\"514\" \/>\n\t<meta property=\"og:image:height\" content=\"293\" \/>\n\t<meta property=\"og:image:type\" content=\"image\/jpeg\" \/>\n<meta name=\"author\" content=\"Autojm\" \/>\n<meta name=\"twitter:card\" content=\"summary_large_image\" \/>\n<meta name=\"twitter:label1\" content=\"\u00c9crit par\" \/>\n\t<meta name=\"twitter:data1\" content=\"Autojm\" \/>\n\t<meta name=\"twitter:label2\" content=\"Dur\u00e9e de lecture estim\u00e9e\" \/>\n\t<meta name=\"twitter:data2\" content=\"2 minutes\" \/>\n<script type=\"application\/ld+json\" class=\"yoast-schema-graph\">{\"@context\":\"https:\\\/\\\/schema.org\",\"@graph\":[{\"@type\":\"Article\",\"@id\":\"https:\\\/\\\/www.autojm.fr\\\/blog\\\/voitures-electriques-le-combat-psa-renault\\\/#article\",\"isPartOf\":{\"@id\":\"https:\\\/\\\/www.autojm.fr\\\/blog\\\/voitures-electriques-le-combat-psa-renault\\\/\"},\"author\":{\"name\":\"Autojm\",\"@id\":\"https:\\\/\\\/www.autojm.fr\\\/blog\\\/#\\\/schema\\\/person\\\/9742bc77541853e0de81fc57f947e1a0\"},\"headline\":\"Voitures \u00e9l\u00e9ctriques : le combat PSA\\\/Renault\",\"datePublished\":\"2011-09-08T10:07:08+00:00\",\"dateModified\":\"2022-12-13T09:17:06+00:00\",\"mainEntityOfPage\":{\"@id\":\"https:\\\/\\\/www.autojm.fr\\\/blog\\\/voitures-electriques-le-combat-psa-renault\\\/\"},\"wordCount\":294,\"commentCount\":0,\"publisher\":{\"@id\":\"https:\\\/\\\/www.autojm.fr\\\/blog\\\/#organization\"},\"image\":{\"@id\":\"https:\\\/\\\/www.autojm.fr\\\/blog\\\/voitures-electriques-le-combat-psa-renault\\\/#primaryimage\"},\"thumbnailUrl\":\"https:\\\/\\\/www.autojm.fr\\\/blog\\\/wp-content\\\/uploads\\\/2022\\\/10\\\/55.jpg\",\"keywords\":[\"autojm\",\"peugeot\",\"renault\"],\"articleSection\":[\"Actualit\u00e9 Automobile\"],\"inLanguage\":\"fr-FR\",\"potentialAction\":[{\"@type\":\"CommentAction\",\"name\":\"Comment\",\"target\":[\"https:\\\/\\\/www.autojm.fr\\\/blog\\\/voitures-electriques-le-combat-psa-renault\\\/#respond\"]}]},{\"@type\":\"WebPage\",\"@id\":\"https:\\\/\\\/www.autojm.fr\\\/blog\\\/voitures-electriques-le-combat-psa-renault\\\/\",\"url\":\"https:\\\/\\\/www.autojm.fr\\\/blog\\\/voitures-electriques-le-combat-psa-renault\\\/\",\"name\":\"Voitures \u00e9l\u00e9ctriques : le combat PSA\\\/Renault - AutoJM Mag\",\"isPartOf\":{\"@id\":\"https:\\\/\\\/www.autojm.fr\\\/blog\\\/#website\"},\"primaryImageOfPage\":{\"@id\":\"https:\\\/\\\/www.autojm.fr\\\/blog\\\/voitures-electriques-le-combat-psa-renault\\\/#primaryimage\"},\"image\":{\"@id\":\"https:\\\/\\\/www.autojm.fr\\\/blog\\\/voitures-electriques-le-combat-psa-renault\\\/#primaryimage\"},\"thumbnailUrl\":\"https:\\\/\\\/www.autojm.fr\\\/blog\\\/wp-content\\\/uploads\\\/2022\\\/10\\\/55.jpg\",\"datePublished\":\"2011-09-08T10:07:08+00:00\",\"dateModified\":\"2022-12-13T09:17:06+00:00\",\"description\":\"On parlait tr\u00e8s r\u00e9cemment de la sortie imminente de la 3008 hybride Electrique \\\/ Diesel, la derni\u00e8re hybride de chez Peugeot, on apprend...\",\"breadcrumb\":{\"@id\":\"https:\\\/\\\/www.autojm.fr\\\/blog\\\/voitures-electriques-le-combat-psa-renault\\\/#breadcrumb\"},\"inLanguage\":\"fr-FR\",\"potentialAction\":[{\"@type\":\"ReadAction\",\"target\":[\"https:\\\/\\\/www.autojm.fr\\\/blog\\\/voitures-electriques-le-combat-psa-renault\\\/\"]}]},{\"@type\":\"ImageObject\",\"inLanguage\":\"fr-FR\",\"@id\":\"https:\\\/\\\/www.autojm.fr\\\/blog\\\/voitures-electriques-le-combat-psa-renault\\\/#primaryimage\",\"url\":\"https:\\\/\\\/www.autojm.fr\\\/blog\\\/wp-content\\\/uploads\\\/2022\\\/10\\\/55.jpg\",\"contentUrl\":\"https:\\\/\\\/www.autojm.fr\\\/blog\\\/wp-content\\\/uploads\\\/2022\\\/10\\\/55.jpg\",\"width\":514,\"height\":293,\"caption\":\"PSA Renault\"},{\"@type\":\"BreadcrumbList\",\"@id\":\"https:\\\/\\\/www.autojm.fr\\\/blog\\\/voitures-electriques-le-combat-psa-renault\\\/#breadcrumb\",\"itemListElement\":[{\"@type\":\"ListItem\",\"position\":1,\"name\":\"Accueil\",\"item\":\"https:\\\/\\\/www.autojm.fr\\\/blog\\\/\"},{\"@type\":\"ListItem\",\"position\":2,\"name\":\"Actualit\u00e9 Automobile\",\"item\":\"https:\\\/\\\/www.autojm.fr\\\/blog\\\/actualite-automobile\\\/\"},{\"@type\":\"ListItem\",\"position\":3,\"name\":\"Voitures \u00e9l\u00e9ctriques : le combat PSA\\\/Renault\"}]},{\"@type\":\"WebSite\",\"@id\":\"https:\\\/\\\/www.autojm.fr\\\/blog\\\/#website\",\"url\":\"https:\\\/\\\/www.autojm.fr\\\/blog\\\/\",\"name\":\"AutoJM Mag\",\"description\":\"Toute l&#039;actu auto en 1 clic !\",\"publisher\":{\"@id\":\"https:\\\/\\\/www.autojm.fr\\\/blog\\\/#organization\"},\"potentialAction\":[{\"@type\":\"SearchAction\",\"target\":{\"@type\":\"EntryPoint\",\"urlTemplate\":\"https:\\\/\\\/www.autojm.fr\\\/blog\\\/?s={search_term_string}\"},\"query-input\":{\"@type\":\"PropertyValueSpecification\",\"valueRequired\":true,\"valueName\":\"search_term_string\"}}],\"inLanguage\":\"fr-FR\"},{\"@type\":\"Organization\",\"@id\":\"https:\\\/\\\/www.autojm.fr\\\/blog\\\/#organization\",\"name\":\"AutoJM Mag\",\"url\":\"https:\\\/\\\/www.autojm.fr\\\/blog\\\/\",\"logo\":{\"@type\":\"ImageObject\",\"inLanguage\":\"fr-FR\",\"@id\":\"https:\\\/\\\/www.autojm.fr\\\/blog\\\/#\\\/schema\\\/logo\\\/image\\\/\",\"url\":\"https:\\\/\\\/www.autojm.fr\\\/blog\\\/wp-content\\\/uploads\\\/2022\\\/12\\\/cropped-AutoJMag-png.png\",\"contentUrl\":\"https:\\\/\\\/www.autojm.fr\\\/blog\\\/wp-content\\\/uploads\\\/2022\\\/12\\\/cropped-AutoJMag-png.png\",\"width\":2834,\"height\":585,\"caption\":\"AutoJM Mag\"},\"image\":{\"@id\":\"https:\\\/\\\/www.autojm.fr\\\/blog\\\/#\\\/schema\\\/logo\\\/image\\\/\"},\"sameAs\":[\"https:\\\/\\\/www.facebook.com\\\/AutoJM25\"]},{\"@type\":\"Person\",\"@id\":\"https:\\\/\\\/www.autojm.fr\\\/blog\\\/#\\\/schema\\\/person\\\/9742bc77541853e0de81fc57f947e1a0\",\"name\":\"Autojm\",\"image\":{\"@type\":\"ImageObject\",\"inLanguage\":\"fr-FR\",\"@id\":\"https:\\\/\\\/secure.gravatar.com\\\/avatar\\\/9a959d52b758fcc232fe4b6aca7bab139182573297122cce7d6f2ee0e537b418?s=96&d=mm&r=g\",\"url\":\"https:\\\/\\\/secure.gravatar.com\\\/avatar\\\/9a959d52b758fcc232fe4b6aca7bab139182573297122cce7d6f2ee0e537b418?s=96&d=mm&r=g\",\"contentUrl\":\"https:\\\/\\\/secure.gravatar.com\\\/avatar\\\/9a959d52b758fcc232fe4b6aca7bab139182573297122cce7d6f2ee0e537b418?s=96&d=mm&r=g\",\"caption\":\"Autojm\"},\"sameAs\":[\"https:\\\/\\\/www.autojm.fr\\\/blog\"],\"url\":\"https:\\\/\\\/www.autojm.fr\\\/blog\\\/author\\\/bichoi\\\/\"}]}<\/script>\n<!-- \/ Yoast SEO plugin. -->","yoast_head_json":{"title":"Voitures \u00e9l\u00e9ctriques : le combat PSA\/Renault - AutoJM Mag","description":"On parlait tr\u00e8s r\u00e9cemment de la sortie imminente de la 3008 hybride Electrique \/ Diesel, la derni\u00e8re hybride de chez Peugeot, on apprend...","robots":{"index":"index","follow":"follow","max-snippet":"max-snippet:-1","max-image-preview":"max-image-preview:large","max-video-preview":"max-video-preview:-1"},"canonical":"https:\/\/www.autojm.fr\/blog\/voitures-electriques-le-combat-psa-renault\/","og_locale":"fr_FR","og_type":"article","og_title":"Voitures \u00e9l\u00e9ctriques : le combat PSA\/Renault - AutoJM Mag","og_description":"On parlait tr\u00e8s r\u00e9cemment de la sortie imminente de la 3008 hybride Electrique \/ Diesel, la derni\u00e8re hybride de chez Peugeot, on apprend...","og_url":"https:\/\/www.autojm.fr\/blog\/voitures-electriques-le-combat-psa-renault\/","og_site_name":"AutoJM Mag","article_publisher":"https:\/\/www.facebook.com\/AutoJM25","article_published_time":"2011-09-08T10:07:08+00:00","article_modified_time":"2022-12-13T09:17:06+00:00","og_image":[{"width":514,"height":293,"url":"https:\/\/www.autojm.fr\/blog\/wp-content\/uploads\/2022\/10\/55.jpg","type":"image\/jpeg"}],"author":"Autojm","twitter_card":"summary_large_image","twitter_misc":{"\u00c9crit par":"Autojm","Dur\u00e9e de lecture estim\u00e9e":"2 minutes"},"schema":{"@context":"https:\/\/schema.org","@graph":[{"@type":"Article","@id":"https:\/\/www.autojm.fr\/blog\/voitures-electriques-le-combat-psa-renault\/#article","isPartOf":{"@id":"https:\/\/www.autojm.fr\/blog\/voitures-electriques-le-combat-psa-renault\/"},"author":{"name":"Autojm","@id":"https:\/\/www.autojm.fr\/blog\/#\/schema\/person\/9742bc77541853e0de81fc57f947e1a0"},"headline":"Voitures \u00e9l\u00e9ctriques : le combat PSA\/Renault","datePublished":"2011-09-08T10:07:08+00:00","dateModified":"2022-12-13T09:17:06+00:00","mainEntityOfPage":{"@id":"https:\/\/www.autojm.fr\/blog\/voitures-electriques-le-combat-psa-renault\/"},"wordCount":294,"commentCount":0,"publisher":{"@id":"https:\/\/www.autojm.fr\/blog\/#organization"},"image":{"@id":"https:\/\/www.autojm.fr\/blog\/voitures-electriques-le-combat-psa-renault\/#primaryimage"},"thumbnailUrl":"https:\/\/www.autojm.fr\/blog\/wp-content\/uploads\/2022\/10\/55.jpg","keywords":["autojm","peugeot","renault"],"articleSection":["Actualit\u00e9 Automobile"],"inLanguage":"fr-FR","potentialAction":[{"@type":"CommentAction","name":"Comment","target":["https:\/\/www.autojm.fr\/blog\/voitures-electriques-le-combat-psa-renault\/#respond"]}]},{"@type":"WebPage","@id":"https:\/\/www.autojm.fr\/blog\/voitures-electriques-le-combat-psa-renault\/","url":"https:\/\/www.autojm.fr\/blog\/voitures-electriques-le-combat-psa-renault\/","name":"Voitures \u00e9l\u00e9ctriques : le combat PSA\/Renault - AutoJM Mag","isPartOf":{"@id":"https:\/\/www.autojm.fr\/blog\/#website"},"primaryImageOfPage":{"@id":"https:\/\/www.autojm.fr\/blog\/voitures-electriques-le-combat-psa-renault\/#primaryimage"},"image":{"@id":"https:\/\/www.autojm.fr\/blog\/voitures-electriques-le-combat-psa-renault\/#primaryimage"},"thumbnailUrl":"https:\/\/www.autojm.fr\/blog\/wp-content\/uploads\/2022\/10\/55.jpg","datePublished":"2011-09-08T10:07:08+00:00","dateModified":"2022-12-13T09:17:06+00:00","description":"On parlait tr\u00e8s r\u00e9cemment de la sortie imminente de la 3008 hybride Electrique \/ Diesel, la derni\u00e8re hybride de chez Peugeot, on apprend...","breadcrumb":{"@id":"https:\/\/www.autojm.fr\/blog\/voitures-electriques-le-combat-psa-renault\/#breadcrumb"},"inLanguage":"fr-FR","potentialAction":[{"@type":"ReadAction","target":["https:\/\/www.autojm.fr\/blog\/voitures-electriques-le-combat-psa-renault\/"]}]},{"@type":"ImageObject","inLanguage":"fr-FR","@id":"https:\/\/www.autojm.fr\/blog\/voitures-electriques-le-combat-psa-renault\/#primaryimage","url":"https:\/\/www.autojm.fr\/blog\/wp-content\/uploads\/2022\/10\/55.jpg","contentUrl":"https:\/\/www.autojm.fr\/blog\/wp-content\/uploads\/2022\/10\/55.jpg","width":514,"height":293,"caption":"PSA Renault"},{"@type":"BreadcrumbList","@id":"https:\/\/www.autojm.fr\/blog\/voitures-electriques-le-combat-psa-renault\/#breadcrumb","itemListElement":[{"@type":"ListItem","position":1,"name":"Accueil","item":"https:\/\/www.autojm.fr\/blog\/"},{"@type":"ListItem","position":2,"name":"Actualit\u00e9 Automobile","item":"https:\/\/www.autojm.fr\/blog\/actualite-automobile\/"},{"@type":"ListItem","position":3,"name":"Voitures \u00e9l\u00e9ctriques : le combat PSA\/Renault"}]},{"@type":"WebSite","@id":"https:\/\/www.autojm.fr\/blog\/#website","url":"https:\/\/www.autojm.fr\/blog\/","name":"AutoJM Mag","description":"Toute l&#039;actu auto en 1 clic !","publisher":{"@id":"https:\/\/www.autojm.fr\/blog\/#organization"},"potentialAction":[{"@type":"SearchAction","target":{"@type":"EntryPoint","urlTemplate":"https:\/\/www.autojm.fr\/blog\/?s={search_term_string}"},"query-input":{"@type":"PropertyValueSpecification","valueRequired":true,"valueName":"search_term_string"}}],"inLanguage":"fr-FR"},{"@type":"Organization","@id":"https:\/\/www.autojm.fr\/blog\/#organization","name":"AutoJM Mag","url":"https:\/\/www.autojm.fr\/blog\/","logo":{"@type":"ImageObject","inLanguage":"fr-FR","@id":"https:\/\/www.autojm.fr\/blog\/#\/schema\/logo\/image\/","url":"https:\/\/www.autojm.fr\/blog\/wp-content\/uploads\/2022\/12\/cropped-AutoJMag-png.png","contentUrl":"https:\/\/www.autojm.fr\/blog\/wp-content\/uploads\/2022\/12\/cropped-AutoJMag-png.png","width":2834,"height":585,"caption":"AutoJM Mag"},"image":{"@id":"https:\/\/www.autojm.fr\/blog\/#\/schema\/logo\/image\/"},"sameAs":["https:\/\/www.facebook.com\/AutoJM25"]},{"@type":"Person","@id":"https:\/\/www.autojm.fr\/blog\/#\/schema\/person\/9742bc77541853e0de81fc57f947e1a0","name":"Autojm","image":{"@type":"ImageObject","inLanguage":"fr-FR","@id":"https:\/\/secure.gravatar.com\/avatar\/9a959d52b758fcc232fe4b6aca7bab139182573297122cce7d6f2ee0e537b418?s=96&d=mm&r=g","url":"https:\/\/secure.gravatar.com\/avatar\/9a959d52b758fcc232fe4b6aca7bab139182573297122cce7d6f2ee0e537b418?s=96&d=mm&r=g","contentUrl":"https:\/\/secure.gravatar.com\/avatar\/9a959d52b758fcc232fe4b6aca7bab139182573297122cce7d6f2ee0e537b418?s=96&d=mm&r=g","caption":"Autojm"},"sameAs":["https:\/\/www.autojm.fr\/blog"],"url":"https:\/\/www.autojm.fr\/blog\/author\/bichoi\/"}]}},"_links":{"self":[{"href":"https:\/\/www.autojm.fr\/blog\/wp-json\/wp\/v2\/posts\/3342","targetHints":{"allow":["GET"]}}],"collection":[{"href":"https:\/\/www.autojm.fr\/blog\/wp-json\/wp\/v2\/posts"}],"about":[{"href":"https:\/\/www.autojm.fr\/blog\/wp-json\/wp\/v2\/types\/post"}],"author":[{"embeddable":true,"href":"https:\/\/www.autojm.fr\/blog\/wp-json\/wp\/v2\/users\/1"}],"replies":[{"embeddable":true,"href":"https:\/\/www.autojm.fr\/blog\/wp-json\/wp\/v2\/comments?post=3342"}],"version-history":[{"count":3,"href":"https:\/\/www.autojm.fr\/blog\/wp-json\/wp\/v2\/posts\/3342\/revisions"}],"predecessor-version":[{"id":7617,"href":"https:\/\/www.autojm.fr\/blog\/wp-json\/wp\/v2\/posts\/3342\/revisions\/7617"}],"wp:featuredmedia":[{"embeddable":true,"href":"https:\/\/www.autojm.fr\/blog\/wp-json\/wp\/v2\/media\/5450"}],"wp:attachment":[{"href":"https:\/\/www.autojm.fr\/blog\/wp-json\/wp\/v2\/media?parent=3342"}],"wp:term":[{"taxonomy":"category","embeddable":true,"href":"https:\/\/www.autojm.fr\/blog\/wp-json\/wp\/v2\/categories?post=3342"},{"taxonomy":"post_tag","embeddable":true,"href":"https:\/\/www.autojm.fr\/blog\/wp-json\/wp\/v2\/tags?post=3342"}],"curies":[{"name":"wp","href":"https:\/\/api.w.org\/{rel}","templated":true}]}}