{"id":3336,"date":"2011-08-29T11:59:22","date_gmt":"2011-08-29T11:59:22","guid":{"rendered":"https:\/\/www.autojm.fr\/blog\/renaul-clio-4-toujours-un-mystere\/"},"modified":"2022-12-09T15:37:05","modified_gmt":"2022-12-09T15:37:05","slug":"renaul-clio-4-toujours-un-mystere","status":"publish","type":"post","link":"https:\/\/www.autojm.fr\/blog\/renaul-clio-4-toujours-un-mystere\/","title":{"rendered":"Renaul Clio 4, toujours un myst\u00e8re !"},"content":{"rendered":"<p>La nouvelle Clio de chez Renault est encore un myst\u00e8re pour tous les journalistes qui aimeraient avoir les premi\u00e8res images \u00ab\u00a0officielles\u00a0\u00bb du constructeur.<\/p>\n<p>Du c\u00f4t\u00e9 motorisation, la gamme devrait \u00eatre proche de ce qu&rsquo;elle est aujourd&rsquo;hui au niveau des puissances, mais de nouveaux blocs devraient faire leur apparition, surtout en Essence.<\/p>\n<p>Ainsi, en Essence, on devrait retrouver le 1.2 16V Turbo TCE 100 (D4FT) de, comme son nom l&rsquo;indique 100ch, et le TCE 130 1.4 16v Turbo (H4JT).<br \/>\nDeux petits nouveaux devraient \u00e9galement apparaitre avec le 1.6 TCe (155\/160ch) qui pourrait \u00e9quiper la version GT, et enfin, si tout va bien le 1.8 TCe, pour la version RS, qui remplacerait ainsi l&rsquo;actuel 2.0 F4R RS de 200ch. Un tout petit 3 cylindres de 1l ou moins lui aussi dot\u00e9 d&rsquo;un turbo, pourrait \u00e9galement arriver d&rsquo;ici 2015, c&rsquo;est \u00e0 dire, pour son&#8230; restyling !<\/p>\n<p>En Diesel, le 1.5 dCi actuel (K9K) sera repris pour les basses puissances, et retravaill\u00e9 afin de diminuer ses rejets de CO2. Mais, on le sait, un tout nouveau moteur diesel est en cours de conception, avec le S2D\/M9R dont sa puissance d\u00e9butera \u00e0 130ch.<\/p>\n","protected":false},"excerpt":{"rendered":"<p>La nouvelle Clio de chez Renault est encore un myst\u00e8re pour tous les journalistes qui aimeraient avoir les premi\u00e8res images \u00ab\u00a0officielles\u00a0\u00bb du constructeur.<\/p>\n","protected":false},"author":1,"featured_media":5445,"comment_status":"open","ping_status":"open","sticky":false,"template":"","format":"standard","meta":{"_acf_changed":false,"content-type":"","footnotes":""},"categories":[62],"tags":[90,78,232],"class_list":["post-3336","post","type-post","status-publish","format-standard","has-post-thumbnail","hentry","category-nouveaute-renault","tag-autojm","tag-renault","tag-renault-clio-4"],"acf":[],"yoast_head":"<!-- This site is optimized with the Yoast SEO plugin v27.5 - https:\/\/yoast.com\/product\/yoast-seo-wordpress\/ -->\n<title>Renaul Clio 4, toujours un myst\u00e8re ! - AutoJM Mag<\/title>\n<meta name=\"description\" content=\"La nouvelle Clio de chez Renault est encore un myst\u00e8re pour tous les journalistes qui aimeraient avoir les premi\u00e8res images &quot;officielles&quot;...\" \/>\n<meta name=\"robots\" content=\"index, follow, max-snippet:-1, max-image-preview:large, max-video-preview:-1\" \/>\n<link rel=\"canonical\" href=\"https:\/\/www.autojm.fr\/blog\/renaul-clio-4-toujours-un-mystere\/\" \/>\n<meta property=\"og:locale\" content=\"fr_FR\" \/>\n<meta property=\"og:type\" content=\"article\" \/>\n<meta property=\"og:title\" content=\"Renaul Clio 4, toujours un myst\u00e8re ! - AutoJM Mag\" \/>\n<meta property=\"og:description\" content=\"La nouvelle Clio de chez Renault est encore un myst\u00e8re pour tous les journalistes qui aimeraient avoir les premi\u00e8res images &quot;officielles&quot;...\" \/>\n<meta property=\"og:url\" content=\"https:\/\/www.autojm.fr\/blog\/renaul-clio-4-toujours-un-mystere\/\" \/>\n<meta property=\"og:site_name\" content=\"AutoJM Mag\" \/>\n<meta property=\"article:publisher\" content=\"https:\/\/www.facebook.com\/AutoJM25\" \/>\n<meta property=\"article:published_time\" content=\"2011-08-29T11:59:22+00:00\" \/>\n<meta property=\"article:modified_time\" content=\"2022-12-09T15:37:05+00:00\" \/>\n<meta property=\"og:image\" content=\"https:\/\/www.autojm.fr\/blog\/wp-content\/uploads\/2022\/10\/49.jpg\" \/>\n\t<meta property=\"og:image:width\" content=\"330\" \/>\n\t<meta property=\"og:image:height\" content=\"194\" \/>\n\t<meta property=\"og:image:type\" content=\"image\/jpeg\" \/>\n<meta name=\"author\" content=\"Autojm\" \/>\n<meta name=\"twitter:card\" content=\"summary_large_image\" \/>\n<meta name=\"twitter:label1\" content=\"\u00c9crit par\" \/>\n\t<meta name=\"twitter:data1\" content=\"Autojm\" \/>\n\t<meta name=\"twitter:label2\" content=\"Dur\u00e9e de lecture estim\u00e9e\" \/>\n\t<meta name=\"twitter:data2\" content=\"1 minute\" \/>\n<script type=\"application\/ld+json\" class=\"yoast-schema-graph\">{\"@context\":\"https:\\\/\\\/schema.org\",\"@graph\":[{\"@type\":\"Article\",\"@id\":\"https:\\\/\\\/www.autojm.fr\\\/blog\\\/renaul-clio-4-toujours-un-mystere\\\/#article\",\"isPartOf\":{\"@id\":\"https:\\\/\\\/www.autojm.fr\\\/blog\\\/renaul-clio-4-toujours-un-mystere\\\/\"},\"author\":{\"name\":\"Autojm\",\"@id\":\"https:\\\/\\\/www.autojm.fr\\\/blog\\\/#\\\/schema\\\/person\\\/9742bc77541853e0de81fc57f947e1a0\"},\"headline\":\"Renaul Clio 4, toujours un myst\u00e8re !\",\"datePublished\":\"2011-08-29T11:59:22+00:00\",\"dateModified\":\"2022-12-09T15:37:05+00:00\",\"mainEntityOfPage\":{\"@id\":\"https:\\\/\\\/www.autojm.fr\\\/blog\\\/renaul-clio-4-toujours-un-mystere\\\/\"},\"wordCount\":192,\"commentCount\":0,\"publisher\":{\"@id\":\"https:\\\/\\\/www.autojm.fr\\\/blog\\\/#organization\"},\"image\":{\"@id\":\"https:\\\/\\\/www.autojm.fr\\\/blog\\\/renaul-clio-4-toujours-un-mystere\\\/#primaryimage\"},\"thumbnailUrl\":\"https:\\\/\\\/www.autojm.fr\\\/blog\\\/wp-content\\\/uploads\\\/2022\\\/10\\\/49.jpg\",\"keywords\":[\"autojm\",\"renault\",\"Renault Clio 4\"],\"articleSection\":[\"Nouveaut\u00e9 Renault\"],\"inLanguage\":\"fr-FR\",\"potentialAction\":[{\"@type\":\"CommentAction\",\"name\":\"Comment\",\"target\":[\"https:\\\/\\\/www.autojm.fr\\\/blog\\\/renaul-clio-4-toujours-un-mystere\\\/#respond\"]}]},{\"@type\":\"WebPage\",\"@id\":\"https:\\\/\\\/www.autojm.fr\\\/blog\\\/renaul-clio-4-toujours-un-mystere\\\/\",\"url\":\"https:\\\/\\\/www.autojm.fr\\\/blog\\\/renaul-clio-4-toujours-un-mystere\\\/\",\"name\":\"Renaul Clio 4, toujours un myst\u00e8re ! - AutoJM Mag\",\"isPartOf\":{\"@id\":\"https:\\\/\\\/www.autojm.fr\\\/blog\\\/#website\"},\"primaryImageOfPage\":{\"@id\":\"https:\\\/\\\/www.autojm.fr\\\/blog\\\/renaul-clio-4-toujours-un-mystere\\\/#primaryimage\"},\"image\":{\"@id\":\"https:\\\/\\\/www.autojm.fr\\\/blog\\\/renaul-clio-4-toujours-un-mystere\\\/#primaryimage\"},\"thumbnailUrl\":\"https:\\\/\\\/www.autojm.fr\\\/blog\\\/wp-content\\\/uploads\\\/2022\\\/10\\\/49.jpg\",\"datePublished\":\"2011-08-29T11:59:22+00:00\",\"dateModified\":\"2022-12-09T15:37:05+00:00\",\"description\":\"La nouvelle Clio de chez Renault est encore un myst\u00e8re pour tous les journalistes qui aimeraient avoir les premi\u00e8res images \\\"officielles\\\"...\",\"breadcrumb\":{\"@id\":\"https:\\\/\\\/www.autojm.fr\\\/blog\\\/renaul-clio-4-toujours-un-mystere\\\/#breadcrumb\"},\"inLanguage\":\"fr-FR\",\"potentialAction\":[{\"@type\":\"ReadAction\",\"target\":[\"https:\\\/\\\/www.autojm.fr\\\/blog\\\/renaul-clio-4-toujours-un-mystere\\\/\"]}]},{\"@type\":\"ImageObject\",\"inLanguage\":\"fr-FR\",\"@id\":\"https:\\\/\\\/www.autojm.fr\\\/blog\\\/renaul-clio-4-toujours-un-mystere\\\/#primaryimage\",\"url\":\"https:\\\/\\\/www.autojm.fr\\\/blog\\\/wp-content\\\/uploads\\\/2022\\\/10\\\/49.jpg\",\"contentUrl\":\"https:\\\/\\\/www.autojm.fr\\\/blog\\\/wp-content\\\/uploads\\\/2022\\\/10\\\/49.jpg\",\"width\":330,\"height\":194,\"caption\":\"Renault Clio 4\"},{\"@type\":\"BreadcrumbList\",\"@id\":\"https:\\\/\\\/www.autojm.fr\\\/blog\\\/renaul-clio-4-toujours-un-mystere\\\/#breadcrumb\",\"itemListElement\":[{\"@type\":\"ListItem\",\"position\":1,\"name\":\"Accueil\",\"item\":\"https:\\\/\\\/www.autojm.fr\\\/blog\\\/\"},{\"@type\":\"ListItem\",\"position\":2,\"name\":\"Nouveaut\u00e9s Autos\",\"item\":\"https:\\\/\\\/www.autojm.fr\\\/blog\\\/nouveautes-autos\\\/\"},{\"@type\":\"ListItem\",\"position\":3,\"name\":\"Nouveaut\u00e9 Renault\",\"item\":\"https:\\\/\\\/www.autojm.fr\\\/blog\\\/nouveautes-autos\\\/nouveaute-renault\\\/\"},{\"@type\":\"ListItem\",\"position\":4,\"name\":\"Renaul Clio 4, toujours un myst\u00e8re !\"}]},{\"@type\":\"WebSite\",\"@id\":\"https:\\\/\\\/www.autojm.fr\\\/blog\\\/#website\",\"url\":\"https:\\\/\\\/www.autojm.fr\\\/blog\\\/\",\"name\":\"AutoJM Mag\",\"description\":\"Toute l&#039;actu auto en 1 clic !\",\"publisher\":{\"@id\":\"https:\\\/\\\/www.autojm.fr\\\/blog\\\/#organization\"},\"potentialAction\":[{\"@type\":\"SearchAction\",\"target\":{\"@type\":\"EntryPoint\",\"urlTemplate\":\"https:\\\/\\\/www.autojm.fr\\\/blog\\\/?s={search_term_string}\"},\"query-input\":{\"@type\":\"PropertyValueSpecification\",\"valueRequired\":true,\"valueName\":\"search_term_string\"}}],\"inLanguage\":\"fr-FR\"},{\"@type\":\"Organization\",\"@id\":\"https:\\\/\\\/www.autojm.fr\\\/blog\\\/#organization\",\"name\":\"AutoJM Mag\",\"url\":\"https:\\\/\\\/www.autojm.fr\\\/blog\\\/\",\"logo\":{\"@type\":\"ImageObject\",\"inLanguage\":\"fr-FR\",\"@id\":\"https:\\\/\\\/www.autojm.fr\\\/blog\\\/#\\\/schema\\\/logo\\\/image\\\/\",\"url\":\"https:\\\/\\\/www.autojm.fr\\\/blog\\\/wp-content\\\/uploads\\\/2022\\\/12\\\/cropped-AutoJMag-png.png\",\"contentUrl\":\"https:\\\/\\\/www.autojm.fr\\\/blog\\\/wp-content\\\/uploads\\\/2022\\\/12\\\/cropped-AutoJMag-png.png\",\"width\":2834,\"height\":585,\"caption\":\"AutoJM Mag\"},\"image\":{\"@id\":\"https:\\\/\\\/www.autojm.fr\\\/blog\\\/#\\\/schema\\\/logo\\\/image\\\/\"},\"sameAs\":[\"https:\\\/\\\/www.facebook.com\\\/AutoJM25\"]},{\"@type\":\"Person\",\"@id\":\"https:\\\/\\\/www.autojm.fr\\\/blog\\\/#\\\/schema\\\/person\\\/9742bc77541853e0de81fc57f947e1a0\",\"name\":\"Autojm\",\"image\":{\"@type\":\"ImageObject\",\"inLanguage\":\"fr-FR\",\"@id\":\"https:\\\/\\\/secure.gravatar.com\\\/avatar\\\/9a959d52b758fcc232fe4b6aca7bab139182573297122cce7d6f2ee0e537b418?s=96&d=mm&r=g\",\"url\":\"https:\\\/\\\/secure.gravatar.com\\\/avatar\\\/9a959d52b758fcc232fe4b6aca7bab139182573297122cce7d6f2ee0e537b418?s=96&d=mm&r=g\",\"contentUrl\":\"https:\\\/\\\/secure.gravatar.com\\\/avatar\\\/9a959d52b758fcc232fe4b6aca7bab139182573297122cce7d6f2ee0e537b418?s=96&d=mm&r=g\",\"caption\":\"Autojm\"},\"sameAs\":[\"https:\\\/\\\/www.autojm.fr\\\/blog\"],\"url\":\"https:\\\/\\\/www.autojm.fr\\\/blog\\\/author\\\/bichoi\\\/\"}]}<\/script>\n<!-- \/ Yoast SEO plugin. -->","yoast_head_json":{"title":"Renaul Clio 4, toujours un myst\u00e8re ! - AutoJM Mag","description":"La nouvelle Clio de chez Renault est encore un myst\u00e8re pour tous les journalistes qui aimeraient avoir les premi\u00e8res images \"officielles\"...","robots":{"index":"index","follow":"follow","max-snippet":"max-snippet:-1","max-image-preview":"max-image-preview:large","max-video-preview":"max-video-preview:-1"},"canonical":"https:\/\/www.autojm.fr\/blog\/renaul-clio-4-toujours-un-mystere\/","og_locale":"fr_FR","og_type":"article","og_title":"Renaul Clio 4, toujours un myst\u00e8re ! - AutoJM Mag","og_description":"La nouvelle Clio de chez Renault est encore un myst\u00e8re pour tous les journalistes qui aimeraient avoir les premi\u00e8res images \"officielles\"...","og_url":"https:\/\/www.autojm.fr\/blog\/renaul-clio-4-toujours-un-mystere\/","og_site_name":"AutoJM Mag","article_publisher":"https:\/\/www.facebook.com\/AutoJM25","article_published_time":"2011-08-29T11:59:22+00:00","article_modified_time":"2022-12-09T15:37:05+00:00","og_image":[{"width":330,"height":194,"url":"https:\/\/www.autojm.fr\/blog\/wp-content\/uploads\/2022\/10\/49.jpg","type":"image\/jpeg"}],"author":"Autojm","twitter_card":"summary_large_image","twitter_misc":{"\u00c9crit par":"Autojm","Dur\u00e9e de lecture estim\u00e9e":"1 minute"},"schema":{"@context":"https:\/\/schema.org","@graph":[{"@type":"Article","@id":"https:\/\/www.autojm.fr\/blog\/renaul-clio-4-toujours-un-mystere\/#article","isPartOf":{"@id":"https:\/\/www.autojm.fr\/blog\/renaul-clio-4-toujours-un-mystere\/"},"author":{"name":"Autojm","@id":"https:\/\/www.autojm.fr\/blog\/#\/schema\/person\/9742bc77541853e0de81fc57f947e1a0"},"headline":"Renaul Clio 4, toujours un myst\u00e8re !","datePublished":"2011-08-29T11:59:22+00:00","dateModified":"2022-12-09T15:37:05+00:00","mainEntityOfPage":{"@id":"https:\/\/www.autojm.fr\/blog\/renaul-clio-4-toujours-un-mystere\/"},"wordCount":192,"commentCount":0,"publisher":{"@id":"https:\/\/www.autojm.fr\/blog\/#organization"},"image":{"@id":"https:\/\/www.autojm.fr\/blog\/renaul-clio-4-toujours-un-mystere\/#primaryimage"},"thumbnailUrl":"https:\/\/www.autojm.fr\/blog\/wp-content\/uploads\/2022\/10\/49.jpg","keywords":["autojm","renault","Renault Clio 4"],"articleSection":["Nouveaut\u00e9 Renault"],"inLanguage":"fr-FR","potentialAction":[{"@type":"CommentAction","name":"Comment","target":["https:\/\/www.autojm.fr\/blog\/renaul-clio-4-toujours-un-mystere\/#respond"]}]},{"@type":"WebPage","@id":"https:\/\/www.autojm.fr\/blog\/renaul-clio-4-toujours-un-mystere\/","url":"https:\/\/www.autojm.fr\/blog\/renaul-clio-4-toujours-un-mystere\/","name":"Renaul Clio 4, toujours un myst\u00e8re ! - AutoJM Mag","isPartOf":{"@id":"https:\/\/www.autojm.fr\/blog\/#website"},"primaryImageOfPage":{"@id":"https:\/\/www.autojm.fr\/blog\/renaul-clio-4-toujours-un-mystere\/#primaryimage"},"image":{"@id":"https:\/\/www.autojm.fr\/blog\/renaul-clio-4-toujours-un-mystere\/#primaryimage"},"thumbnailUrl":"https:\/\/www.autojm.fr\/blog\/wp-content\/uploads\/2022\/10\/49.jpg","datePublished":"2011-08-29T11:59:22+00:00","dateModified":"2022-12-09T15:37:05+00:00","description":"La nouvelle Clio de chez Renault est encore un myst\u00e8re pour tous les journalistes qui aimeraient avoir les premi\u00e8res images \"officielles\"...","breadcrumb":{"@id":"https:\/\/www.autojm.fr\/blog\/renaul-clio-4-toujours-un-mystere\/#breadcrumb"},"inLanguage":"fr-FR","potentialAction":[{"@type":"ReadAction","target":["https:\/\/www.autojm.fr\/blog\/renaul-clio-4-toujours-un-mystere\/"]}]},{"@type":"ImageObject","inLanguage":"fr-FR","@id":"https:\/\/www.autojm.fr\/blog\/renaul-clio-4-toujours-un-mystere\/#primaryimage","url":"https:\/\/www.autojm.fr\/blog\/wp-content\/uploads\/2022\/10\/49.jpg","contentUrl":"https:\/\/www.autojm.fr\/blog\/wp-content\/uploads\/2022\/10\/49.jpg","width":330,"height":194,"caption":"Renault Clio 4"},{"@type":"BreadcrumbList","@id":"https:\/\/www.autojm.fr\/blog\/renaul-clio-4-toujours-un-mystere\/#breadcrumb","itemListElement":[{"@type":"ListItem","position":1,"name":"Accueil","item":"https:\/\/www.autojm.fr\/blog\/"},{"@type":"ListItem","position":2,"name":"Nouveaut\u00e9s Autos","item":"https:\/\/www.autojm.fr\/blog\/nouveautes-autos\/"},{"@type":"ListItem","position":3,"name":"Nouveaut\u00e9 Renault","item":"https:\/\/www.autojm.fr\/blog\/nouveautes-autos\/nouveaute-renault\/"},{"@type":"ListItem","position":4,"name":"Renaul Clio 4, toujours un myst\u00e8re !"}]},{"@type":"WebSite","@id":"https:\/\/www.autojm.fr\/blog\/#website","url":"https:\/\/www.autojm.fr\/blog\/","name":"AutoJM Mag","description":"Toute l&#039;actu auto en 1 clic !","publisher":{"@id":"https:\/\/www.autojm.fr\/blog\/#organization"},"potentialAction":[{"@type":"SearchAction","target":{"@type":"EntryPoint","urlTemplate":"https:\/\/www.autojm.fr\/blog\/?s={search_term_string}"},"query-input":{"@type":"PropertyValueSpecification","valueRequired":true,"valueName":"search_term_string"}}],"inLanguage":"fr-FR"},{"@type":"Organization","@id":"https:\/\/www.autojm.fr\/blog\/#organization","name":"AutoJM Mag","url":"https:\/\/www.autojm.fr\/blog\/","logo":{"@type":"ImageObject","inLanguage":"fr-FR","@id":"https:\/\/www.autojm.fr\/blog\/#\/schema\/logo\/image\/","url":"https:\/\/www.autojm.fr\/blog\/wp-content\/uploads\/2022\/12\/cropped-AutoJMag-png.png","contentUrl":"https:\/\/www.autojm.fr\/blog\/wp-content\/uploads\/2022\/12\/cropped-AutoJMag-png.png","width":2834,"height":585,"caption":"AutoJM Mag"},"image":{"@id":"https:\/\/www.autojm.fr\/blog\/#\/schema\/logo\/image\/"},"sameAs":["https:\/\/www.facebook.com\/AutoJM25"]},{"@type":"Person","@id":"https:\/\/www.autojm.fr\/blog\/#\/schema\/person\/9742bc77541853e0de81fc57f947e1a0","name":"Autojm","image":{"@type":"ImageObject","inLanguage":"fr-FR","@id":"https:\/\/secure.gravatar.com\/avatar\/9a959d52b758fcc232fe4b6aca7bab139182573297122cce7d6f2ee0e537b418?s=96&d=mm&r=g","url":"https:\/\/secure.gravatar.com\/avatar\/9a959d52b758fcc232fe4b6aca7bab139182573297122cce7d6f2ee0e537b418?s=96&d=mm&r=g","contentUrl":"https:\/\/secure.gravatar.com\/avatar\/9a959d52b758fcc232fe4b6aca7bab139182573297122cce7d6f2ee0e537b418?s=96&d=mm&r=g","caption":"Autojm"},"sameAs":["https:\/\/www.autojm.fr\/blog"],"url":"https:\/\/www.autojm.fr\/blog\/author\/bichoi\/"}]}},"_links":{"self":[{"href":"https:\/\/www.autojm.fr\/blog\/wp-json\/wp\/v2\/posts\/3336","targetHints":{"allow":["GET"]}}],"collection":[{"href":"https:\/\/www.autojm.fr\/blog\/wp-json\/wp\/v2\/posts"}],"about":[{"href":"https:\/\/www.autojm.fr\/blog\/wp-json\/wp\/v2\/types\/post"}],"author":[{"embeddable":true,"href":"https:\/\/www.autojm.fr\/blog\/wp-json\/wp\/v2\/users\/1"}],"replies":[{"embeddable":true,"href":"https:\/\/www.autojm.fr\/blog\/wp-json\/wp\/v2\/comments?post=3336"}],"version-history":[{"count":3,"href":"https:\/\/www.autojm.fr\/blog\/wp-json\/wp\/v2\/posts\/3336\/revisions"}],"predecessor-version":[{"id":7621,"href":"https:\/\/www.autojm.fr\/blog\/wp-json\/wp\/v2\/posts\/3336\/revisions\/7621"}],"wp:featuredmedia":[{"embeddable":true,"href":"https:\/\/www.autojm.fr\/blog\/wp-json\/wp\/v2\/media\/5445"}],"wp:attachment":[{"href":"https:\/\/www.autojm.fr\/blog\/wp-json\/wp\/v2\/media?parent=3336"}],"wp:term":[{"taxonomy":"category","embeddable":true,"href":"https:\/\/www.autojm.fr\/blog\/wp-json\/wp\/v2\/categories?post=3336"},{"taxonomy":"post_tag","embeddable":true,"href":"https:\/\/www.autojm.fr\/blog\/wp-json\/wp\/v2\/tags?post=3336"}],"curies":[{"name":"wp","href":"https:\/\/api.w.org\/{rel}","templated":true}]}}