{"id":3330,"date":"2011-08-22T09:15:15","date_gmt":"2011-08-22T09:15:15","guid":{"rendered":"https:\/\/www.autojm.fr\/blog\/la-voiture-la-plus-chere-au-monde-est\/"},"modified":"2022-12-13T09:17:07","modified_gmt":"2022-12-13T09:17:07","slug":"la-voiture-la-plus-chere-au-monde-est","status":"publish","type":"post","link":"https:\/\/www.autojm.fr\/blog\/la-voiture-la-plus-chere-au-monde-est\/","title":{"rendered":"La voiture la plus ch\u00e8re au monde est&#8230;"},"content":{"rendered":"<p>Lors du concours d&rsquo;\u00e9l\u00e9gance de Pebble Beach, Californie et de sa c\u00e9l\u00e8bre vente aux ench\u00e8res, une <a href=\"http:\/\/www.autojm.fr\/\">voiture<\/a> d&rsquo;exception a trouv\u00e9 vendeur pour la maudite somme de 16.39 millions de dollars, soit un peu plus de 11 millions d&rsquo;euros. Il s&rsquo;agit de la Ferrari 250 Testa Rossa de 1957.<\/p>\n<p>Rien ne pr\u00e9destinait cette magnifique auto a devenir la vente la plus importante du si\u00e8cle, puisque son histoire \u00ab\u00a0a pris fin\u00a0\u00bb en 1958 au cours de la fameuse course des 24 h du Mans lorsque, suite \u00e0 un accrochage, celle-ci pris feu. Finalement reconstruite par le constructeur <a href=\"http:\/\/www.autojm.fr\/\">automobile <\/a>Ferrari, elle fut vendue \u00e0 Rod Carveth en 1958, avant de quitter les circuits. On pu la voir de nouveau au Pebble beach Concours d&rsquo;Elegance de 1988.<\/p>\n","protected":false},"excerpt":{"rendered":"<p>Lors du concours d&rsquo;\u00e9l\u00e9gance de Pebble Beach, Californie et de sa c\u00e9l\u00e8bre vente aux ench\u00e8res, une voiture d&rsquo;exception a trouv\u00e9 vendeur pour la maudite somme de 16.39 millions de dollars, soit un peu plus de 11 millions d&rsquo;euros. Il s&rsquo;agit de la Ferrari 250 Testa Rossa de 1957.<\/p>\n","protected":false},"author":1,"featured_media":5441,"comment_status":"open","ping_status":"open","sticky":false,"template":"","format":"standard","meta":{"_acf_changed":false,"content-type":"","footnotes":""},"categories":[5],"tags":[90,79,74,105,110,109,106,108,107,73,78,169,96],"class_list":["post-3330","post","type-post","status-publish","format-standard","has-post-thumbnail","hentry","category-actualite-automobile","tag-autojm","tag-citroen","tag-dacia","tag-ds","tag-fiat","tag-ford","tag-kia","tag-nissan","tag-opel","tag-peugeot","tag-renault","tag-toyota","tag-volkswagen"],"acf":[],"yoast_head":"<!-- This site is optimized with the Yoast SEO plugin v27.5 - https:\/\/yoast.com\/product\/yoast-seo-wordpress\/ -->\n<title>La voiture la plus ch\u00e8re au monde est... - AutoJM Mag<\/title>\n<meta name=\"description\" content=\"Lors du concours d&#039;\u00e9l\u00e9gance de Pebble Beach, Californie et de sa c\u00e9l\u00e8bre vente aux ench\u00e8res, une voiture d&#039;exception a trouv\u00e9 vendeur...\" \/>\n<meta name=\"robots\" content=\"index, follow, max-snippet:-1, max-image-preview:large, max-video-preview:-1\" \/>\n<link rel=\"canonical\" href=\"https:\/\/www.autojm.fr\/blog\/la-voiture-la-plus-chere-au-monde-est\/\" \/>\n<meta property=\"og:locale\" content=\"fr_FR\" \/>\n<meta property=\"og:type\" content=\"article\" \/>\n<meta property=\"og:title\" content=\"La voiture la plus ch\u00e8re au monde est... - AutoJM Mag\" \/>\n<meta property=\"og:description\" content=\"Lors du concours d&#039;\u00e9l\u00e9gance de Pebble Beach, Californie et de sa c\u00e9l\u00e8bre vente aux ench\u00e8res, une voiture d&#039;exception a trouv\u00e9 vendeur...\" \/>\n<meta property=\"og:url\" content=\"https:\/\/www.autojm.fr\/blog\/la-voiture-la-plus-chere-au-monde-est\/\" \/>\n<meta property=\"og:site_name\" content=\"AutoJM Mag\" \/>\n<meta property=\"article:publisher\" content=\"https:\/\/www.facebook.com\/AutoJM25\" \/>\n<meta property=\"article:published_time\" content=\"2011-08-22T09:15:15+00:00\" \/>\n<meta property=\"article:modified_time\" content=\"2022-12-13T09:17:07+00:00\" \/>\n<meta property=\"og:image\" content=\"https:\/\/www.autojm.fr\/blog\/wp-content\/uploads\/2022\/10\/42.jpg\" \/>\n\t<meta property=\"og:image:width\" content=\"595\" \/>\n\t<meta property=\"og:image:height\" content=\"301\" \/>\n\t<meta property=\"og:image:type\" content=\"image\/jpeg\" \/>\n<meta name=\"author\" content=\"Autojm\" \/>\n<meta name=\"twitter:card\" content=\"summary_large_image\" \/>\n<meta name=\"twitter:label1\" content=\"\u00c9crit par\" \/>\n\t<meta name=\"twitter:data1\" content=\"Autojm\" \/>\n\t<meta name=\"twitter:label2\" content=\"Dur\u00e9e de lecture estim\u00e9e\" \/>\n\t<meta name=\"twitter:data2\" content=\"1 minute\" \/>\n<script type=\"application\/ld+json\" class=\"yoast-schema-graph\">{\"@context\":\"https:\\\/\\\/schema.org\",\"@graph\":[{\"@type\":\"Article\",\"@id\":\"https:\\\/\\\/www.autojm.fr\\\/blog\\\/la-voiture-la-plus-chere-au-monde-est\\\/#article\",\"isPartOf\":{\"@id\":\"https:\\\/\\\/www.autojm.fr\\\/blog\\\/la-voiture-la-plus-chere-au-monde-est\\\/\"},\"author\":{\"name\":\"Autojm\",\"@id\":\"https:\\\/\\\/www.autojm.fr\\\/blog\\\/#\\\/schema\\\/person\\\/9742bc77541853e0de81fc57f947e1a0\"},\"headline\":\"La voiture la plus ch\u00e8re au monde est&#8230;\",\"datePublished\":\"2011-08-22T09:15:15+00:00\",\"dateModified\":\"2022-12-13T09:17:07+00:00\",\"mainEntityOfPage\":{\"@id\":\"https:\\\/\\\/www.autojm.fr\\\/blog\\\/la-voiture-la-plus-chere-au-monde-est\\\/\"},\"wordCount\":129,\"commentCount\":0,\"publisher\":{\"@id\":\"https:\\\/\\\/www.autojm.fr\\\/blog\\\/#organization\"},\"image\":{\"@id\":\"https:\\\/\\\/www.autojm.fr\\\/blog\\\/la-voiture-la-plus-chere-au-monde-est\\\/#primaryimage\"},\"thumbnailUrl\":\"https:\\\/\\\/www.autojm.fr\\\/blog\\\/wp-content\\\/uploads\\\/2022\\\/10\\\/42.jpg\",\"keywords\":[\"autojm\",\"citroen\",\"dacia\",\"DS\",\"Fiat\",\"Ford\",\"Kia\",\"Nissan\",\"Opel\",\"peugeot\",\"renault\",\"Toyota\",\"Volkswagen\"],\"articleSection\":[\"Actualit\u00e9 Automobile\"],\"inLanguage\":\"fr-FR\",\"potentialAction\":[{\"@type\":\"CommentAction\",\"name\":\"Comment\",\"target\":[\"https:\\\/\\\/www.autojm.fr\\\/blog\\\/la-voiture-la-plus-chere-au-monde-est\\\/#respond\"]}]},{\"@type\":\"WebPage\",\"@id\":\"https:\\\/\\\/www.autojm.fr\\\/blog\\\/la-voiture-la-plus-chere-au-monde-est\\\/\",\"url\":\"https:\\\/\\\/www.autojm.fr\\\/blog\\\/la-voiture-la-plus-chere-au-monde-est\\\/\",\"name\":\"La voiture la plus ch\u00e8re au monde est... - AutoJM Mag\",\"isPartOf\":{\"@id\":\"https:\\\/\\\/www.autojm.fr\\\/blog\\\/#website\"},\"primaryImageOfPage\":{\"@id\":\"https:\\\/\\\/www.autojm.fr\\\/blog\\\/la-voiture-la-plus-chere-au-monde-est\\\/#primaryimage\"},\"image\":{\"@id\":\"https:\\\/\\\/www.autojm.fr\\\/blog\\\/la-voiture-la-plus-chere-au-monde-est\\\/#primaryimage\"},\"thumbnailUrl\":\"https:\\\/\\\/www.autojm.fr\\\/blog\\\/wp-content\\\/uploads\\\/2022\\\/10\\\/42.jpg\",\"datePublished\":\"2011-08-22T09:15:15+00:00\",\"dateModified\":\"2022-12-13T09:17:07+00:00\",\"description\":\"Lors du concours d'\u00e9l\u00e9gance de Pebble Beach, Californie et de sa c\u00e9l\u00e8bre vente aux ench\u00e8res, une voiture d'exception a trouv\u00e9 vendeur...\",\"breadcrumb\":{\"@id\":\"https:\\\/\\\/www.autojm.fr\\\/blog\\\/la-voiture-la-plus-chere-au-monde-est\\\/#breadcrumb\"},\"inLanguage\":\"fr-FR\",\"potentialAction\":[{\"@type\":\"ReadAction\",\"target\":[\"https:\\\/\\\/www.autojm.fr\\\/blog\\\/la-voiture-la-plus-chere-au-monde-est\\\/\"]}]},{\"@type\":\"ImageObject\",\"inLanguage\":\"fr-FR\",\"@id\":\"https:\\\/\\\/www.autojm.fr\\\/blog\\\/la-voiture-la-plus-chere-au-monde-est\\\/#primaryimage\",\"url\":\"https:\\\/\\\/www.autojm.fr\\\/blog\\\/wp-content\\\/uploads\\\/2022\\\/10\\\/42.jpg\",\"contentUrl\":\"https:\\\/\\\/www.autojm.fr\\\/blog\\\/wp-content\\\/uploads\\\/2022\\\/10\\\/42.jpg\",\"width\":595,\"height\":301,\"caption\":\"Voiture\"},{\"@type\":\"BreadcrumbList\",\"@id\":\"https:\\\/\\\/www.autojm.fr\\\/blog\\\/la-voiture-la-plus-chere-au-monde-est\\\/#breadcrumb\",\"itemListElement\":[{\"@type\":\"ListItem\",\"position\":1,\"name\":\"Accueil\",\"item\":\"https:\\\/\\\/www.autojm.fr\\\/blog\\\/\"},{\"@type\":\"ListItem\",\"position\":2,\"name\":\"Actualit\u00e9 Automobile\",\"item\":\"https:\\\/\\\/www.autojm.fr\\\/blog\\\/actualite-automobile\\\/\"},{\"@type\":\"ListItem\",\"position\":3,\"name\":\"La voiture la plus ch\u00e8re au monde est&#8230;\"}]},{\"@type\":\"WebSite\",\"@id\":\"https:\\\/\\\/www.autojm.fr\\\/blog\\\/#website\",\"url\":\"https:\\\/\\\/www.autojm.fr\\\/blog\\\/\",\"name\":\"AutoJM Mag\",\"description\":\"Toute l&#039;actu auto en 1 clic !\",\"publisher\":{\"@id\":\"https:\\\/\\\/www.autojm.fr\\\/blog\\\/#organization\"},\"potentialAction\":[{\"@type\":\"SearchAction\",\"target\":{\"@type\":\"EntryPoint\",\"urlTemplate\":\"https:\\\/\\\/www.autojm.fr\\\/blog\\\/?s={search_term_string}\"},\"query-input\":{\"@type\":\"PropertyValueSpecification\",\"valueRequired\":true,\"valueName\":\"search_term_string\"}}],\"inLanguage\":\"fr-FR\"},{\"@type\":\"Organization\",\"@id\":\"https:\\\/\\\/www.autojm.fr\\\/blog\\\/#organization\",\"name\":\"AutoJM Mag\",\"url\":\"https:\\\/\\\/www.autojm.fr\\\/blog\\\/\",\"logo\":{\"@type\":\"ImageObject\",\"inLanguage\":\"fr-FR\",\"@id\":\"https:\\\/\\\/www.autojm.fr\\\/blog\\\/#\\\/schema\\\/logo\\\/image\\\/\",\"url\":\"https:\\\/\\\/www.autojm.fr\\\/blog\\\/wp-content\\\/uploads\\\/2022\\\/12\\\/cropped-AutoJMag-png.png\",\"contentUrl\":\"https:\\\/\\\/www.autojm.fr\\\/blog\\\/wp-content\\\/uploads\\\/2022\\\/12\\\/cropped-AutoJMag-png.png\",\"width\":2834,\"height\":585,\"caption\":\"AutoJM Mag\"},\"image\":{\"@id\":\"https:\\\/\\\/www.autojm.fr\\\/blog\\\/#\\\/schema\\\/logo\\\/image\\\/\"},\"sameAs\":[\"https:\\\/\\\/www.facebook.com\\\/AutoJM25\"]},{\"@type\":\"Person\",\"@id\":\"https:\\\/\\\/www.autojm.fr\\\/blog\\\/#\\\/schema\\\/person\\\/9742bc77541853e0de81fc57f947e1a0\",\"name\":\"Autojm\",\"image\":{\"@type\":\"ImageObject\",\"inLanguage\":\"fr-FR\",\"@id\":\"https:\\\/\\\/secure.gravatar.com\\\/avatar\\\/9a959d52b758fcc232fe4b6aca7bab139182573297122cce7d6f2ee0e537b418?s=96&d=mm&r=g\",\"url\":\"https:\\\/\\\/secure.gravatar.com\\\/avatar\\\/9a959d52b758fcc232fe4b6aca7bab139182573297122cce7d6f2ee0e537b418?s=96&d=mm&r=g\",\"contentUrl\":\"https:\\\/\\\/secure.gravatar.com\\\/avatar\\\/9a959d52b758fcc232fe4b6aca7bab139182573297122cce7d6f2ee0e537b418?s=96&d=mm&r=g\",\"caption\":\"Autojm\"},\"sameAs\":[\"https:\\\/\\\/www.autojm.fr\\\/blog\"],\"url\":\"https:\\\/\\\/www.autojm.fr\\\/blog\\\/author\\\/bichoi\\\/\"}]}<\/script>\n<!-- \/ Yoast SEO plugin. -->","yoast_head_json":{"title":"La voiture la plus ch\u00e8re au monde est... - AutoJM Mag","description":"Lors du concours d'\u00e9l\u00e9gance de Pebble Beach, Californie et de sa c\u00e9l\u00e8bre vente aux ench\u00e8res, une voiture d'exception a trouv\u00e9 vendeur...","robots":{"index":"index","follow":"follow","max-snippet":"max-snippet:-1","max-image-preview":"max-image-preview:large","max-video-preview":"max-video-preview:-1"},"canonical":"https:\/\/www.autojm.fr\/blog\/la-voiture-la-plus-chere-au-monde-est\/","og_locale":"fr_FR","og_type":"article","og_title":"La voiture la plus ch\u00e8re au monde est... - AutoJM Mag","og_description":"Lors du concours d'\u00e9l\u00e9gance de Pebble Beach, Californie et de sa c\u00e9l\u00e8bre vente aux ench\u00e8res, une voiture d'exception a trouv\u00e9 vendeur...","og_url":"https:\/\/www.autojm.fr\/blog\/la-voiture-la-plus-chere-au-monde-est\/","og_site_name":"AutoJM Mag","article_publisher":"https:\/\/www.facebook.com\/AutoJM25","article_published_time":"2011-08-22T09:15:15+00:00","article_modified_time":"2022-12-13T09:17:07+00:00","og_image":[{"width":595,"height":301,"url":"https:\/\/www.autojm.fr\/blog\/wp-content\/uploads\/2022\/10\/42.jpg","type":"image\/jpeg"}],"author":"Autojm","twitter_card":"summary_large_image","twitter_misc":{"\u00c9crit par":"Autojm","Dur\u00e9e de lecture estim\u00e9e":"1 minute"},"schema":{"@context":"https:\/\/schema.org","@graph":[{"@type":"Article","@id":"https:\/\/www.autojm.fr\/blog\/la-voiture-la-plus-chere-au-monde-est\/#article","isPartOf":{"@id":"https:\/\/www.autojm.fr\/blog\/la-voiture-la-plus-chere-au-monde-est\/"},"author":{"name":"Autojm","@id":"https:\/\/www.autojm.fr\/blog\/#\/schema\/person\/9742bc77541853e0de81fc57f947e1a0"},"headline":"La voiture la plus ch\u00e8re au monde est&#8230;","datePublished":"2011-08-22T09:15:15+00:00","dateModified":"2022-12-13T09:17:07+00:00","mainEntityOfPage":{"@id":"https:\/\/www.autojm.fr\/blog\/la-voiture-la-plus-chere-au-monde-est\/"},"wordCount":129,"commentCount":0,"publisher":{"@id":"https:\/\/www.autojm.fr\/blog\/#organization"},"image":{"@id":"https:\/\/www.autojm.fr\/blog\/la-voiture-la-plus-chere-au-monde-est\/#primaryimage"},"thumbnailUrl":"https:\/\/www.autojm.fr\/blog\/wp-content\/uploads\/2022\/10\/42.jpg","keywords":["autojm","citroen","dacia","DS","Fiat","Ford","Kia","Nissan","Opel","peugeot","renault","Toyota","Volkswagen"],"articleSection":["Actualit\u00e9 Automobile"],"inLanguage":"fr-FR","potentialAction":[{"@type":"CommentAction","name":"Comment","target":["https:\/\/www.autojm.fr\/blog\/la-voiture-la-plus-chere-au-monde-est\/#respond"]}]},{"@type":"WebPage","@id":"https:\/\/www.autojm.fr\/blog\/la-voiture-la-plus-chere-au-monde-est\/","url":"https:\/\/www.autojm.fr\/blog\/la-voiture-la-plus-chere-au-monde-est\/","name":"La voiture la plus ch\u00e8re au monde est... - AutoJM Mag","isPartOf":{"@id":"https:\/\/www.autojm.fr\/blog\/#website"},"primaryImageOfPage":{"@id":"https:\/\/www.autojm.fr\/blog\/la-voiture-la-plus-chere-au-monde-est\/#primaryimage"},"image":{"@id":"https:\/\/www.autojm.fr\/blog\/la-voiture-la-plus-chere-au-monde-est\/#primaryimage"},"thumbnailUrl":"https:\/\/www.autojm.fr\/blog\/wp-content\/uploads\/2022\/10\/42.jpg","datePublished":"2011-08-22T09:15:15+00:00","dateModified":"2022-12-13T09:17:07+00:00","description":"Lors du concours d'\u00e9l\u00e9gance de Pebble Beach, Californie et de sa c\u00e9l\u00e8bre vente aux ench\u00e8res, une voiture d'exception a trouv\u00e9 vendeur...","breadcrumb":{"@id":"https:\/\/www.autojm.fr\/blog\/la-voiture-la-plus-chere-au-monde-est\/#breadcrumb"},"inLanguage":"fr-FR","potentialAction":[{"@type":"ReadAction","target":["https:\/\/www.autojm.fr\/blog\/la-voiture-la-plus-chere-au-monde-est\/"]}]},{"@type":"ImageObject","inLanguage":"fr-FR","@id":"https:\/\/www.autojm.fr\/blog\/la-voiture-la-plus-chere-au-monde-est\/#primaryimage","url":"https:\/\/www.autojm.fr\/blog\/wp-content\/uploads\/2022\/10\/42.jpg","contentUrl":"https:\/\/www.autojm.fr\/blog\/wp-content\/uploads\/2022\/10\/42.jpg","width":595,"height":301,"caption":"Voiture"},{"@type":"BreadcrumbList","@id":"https:\/\/www.autojm.fr\/blog\/la-voiture-la-plus-chere-au-monde-est\/#breadcrumb","itemListElement":[{"@type":"ListItem","position":1,"name":"Accueil","item":"https:\/\/www.autojm.fr\/blog\/"},{"@type":"ListItem","position":2,"name":"Actualit\u00e9 Automobile","item":"https:\/\/www.autojm.fr\/blog\/actualite-automobile\/"},{"@type":"ListItem","position":3,"name":"La voiture la plus ch\u00e8re au monde est&#8230;"}]},{"@type":"WebSite","@id":"https:\/\/www.autojm.fr\/blog\/#website","url":"https:\/\/www.autojm.fr\/blog\/","name":"AutoJM Mag","description":"Toute l&#039;actu auto en 1 clic !","publisher":{"@id":"https:\/\/www.autojm.fr\/blog\/#organization"},"potentialAction":[{"@type":"SearchAction","target":{"@type":"EntryPoint","urlTemplate":"https:\/\/www.autojm.fr\/blog\/?s={search_term_string}"},"query-input":{"@type":"PropertyValueSpecification","valueRequired":true,"valueName":"search_term_string"}}],"inLanguage":"fr-FR"},{"@type":"Organization","@id":"https:\/\/www.autojm.fr\/blog\/#organization","name":"AutoJM Mag","url":"https:\/\/www.autojm.fr\/blog\/","logo":{"@type":"ImageObject","inLanguage":"fr-FR","@id":"https:\/\/www.autojm.fr\/blog\/#\/schema\/logo\/image\/","url":"https:\/\/www.autojm.fr\/blog\/wp-content\/uploads\/2022\/12\/cropped-AutoJMag-png.png","contentUrl":"https:\/\/www.autojm.fr\/blog\/wp-content\/uploads\/2022\/12\/cropped-AutoJMag-png.png","width":2834,"height":585,"caption":"AutoJM Mag"},"image":{"@id":"https:\/\/www.autojm.fr\/blog\/#\/schema\/logo\/image\/"},"sameAs":["https:\/\/www.facebook.com\/AutoJM25"]},{"@type":"Person","@id":"https:\/\/www.autojm.fr\/blog\/#\/schema\/person\/9742bc77541853e0de81fc57f947e1a0","name":"Autojm","image":{"@type":"ImageObject","inLanguage":"fr-FR","@id":"https:\/\/secure.gravatar.com\/avatar\/9a959d52b758fcc232fe4b6aca7bab139182573297122cce7d6f2ee0e537b418?s=96&d=mm&r=g","url":"https:\/\/secure.gravatar.com\/avatar\/9a959d52b758fcc232fe4b6aca7bab139182573297122cce7d6f2ee0e537b418?s=96&d=mm&r=g","contentUrl":"https:\/\/secure.gravatar.com\/avatar\/9a959d52b758fcc232fe4b6aca7bab139182573297122cce7d6f2ee0e537b418?s=96&d=mm&r=g","caption":"Autojm"},"sameAs":["https:\/\/www.autojm.fr\/blog"],"url":"https:\/\/www.autojm.fr\/blog\/author\/bichoi\/"}]}},"_links":{"self":[{"href":"https:\/\/www.autojm.fr\/blog\/wp-json\/wp\/v2\/posts\/3330","targetHints":{"allow":["GET"]}}],"collection":[{"href":"https:\/\/www.autojm.fr\/blog\/wp-json\/wp\/v2\/posts"}],"about":[{"href":"https:\/\/www.autojm.fr\/blog\/wp-json\/wp\/v2\/types\/post"}],"author":[{"embeddable":true,"href":"https:\/\/www.autojm.fr\/blog\/wp-json\/wp\/v2\/users\/1"}],"replies":[{"embeddable":true,"href":"https:\/\/www.autojm.fr\/blog\/wp-json\/wp\/v2\/comments?post=3330"}],"version-history":[{"count":3,"href":"https:\/\/www.autojm.fr\/blog\/wp-json\/wp\/v2\/posts\/3330\/revisions"}],"predecessor-version":[{"id":7640,"href":"https:\/\/www.autojm.fr\/blog\/wp-json\/wp\/v2\/posts\/3330\/revisions\/7640"}],"wp:featuredmedia":[{"embeddable":true,"href":"https:\/\/www.autojm.fr\/blog\/wp-json\/wp\/v2\/media\/5441"}],"wp:attachment":[{"href":"https:\/\/www.autojm.fr\/blog\/wp-json\/wp\/v2\/media?parent=3330"}],"wp:term":[{"taxonomy":"category","embeddable":true,"href":"https:\/\/www.autojm.fr\/blog\/wp-json\/wp\/v2\/categories?post=3330"},{"taxonomy":"post_tag","embeddable":true,"href":"https:\/\/www.autojm.fr\/blog\/wp-json\/wp\/v2\/tags?post=3330"}],"curies":[{"name":"wp","href":"https:\/\/api.w.org\/{rel}","templated":true}]}}