{"id":3329,"date":"2011-08-18T10:36:35","date_gmt":"2011-08-18T10:36:35","guid":{"rendered":"https:\/\/www.autojm.fr\/blog\/gucci-et-fiat-unis-pour-le-meilleur-de-lautomobile\/"},"modified":"2022-12-13T09:17:07","modified_gmt":"2022-12-13T09:17:07","slug":"gucci-et-fiat-unis-pour-le-meilleur-de-lautomobile","status":"publish","type":"post","link":"https:\/\/www.autojm.fr\/blog\/gucci-et-fiat-unis-pour-le-meilleur-de-lautomobile\/","title":{"rendered":"Gucci et Fiat unis pour le meilleur.. de l&rsquo;automobile !"},"content":{"rendered":"<p>C&rsquo;est officiel, le constructeur de <a href=\"https:\/\/www.autojm.fr\/mandataire-voitures-neuves-fiat\">voiture Fiat <\/a>lance la version de sa Fiat 500 Gucci destin\u00e9 au march\u00e9 nord am\u00e9ricain.<\/p>\n<p>En effet, \u00e0 l&rsquo;occasion de la fashion week qui sera lanc\u00e9 d\u00e9but septembre, La <a href=\"https:\/\/www.autojm.fr\/mandataire-voitures-neuves-fiat\">Fiat <\/a>Gucci sera la star des tapis rouge !<\/p>\n<p>Pourquoi une telle alliance ? les 2 soci\u00e9t\u00e9s italiennes s&rsquo;unissent pour f\u00eater le 150\u00e8me anniversaire de l&rsquo;unification de l&rsquo;Italie, mais \u00e9galement le 90\u00e8me anniversaire de la maison Gucci.<\/p>\n<p>Cette auto est propos\u00e9e avec deux teintes de carrosserie noire et blanc, le mod\u00e8le a fait sa premi\u00e8re sortie lors du Salon de Gen\u00e8ve au mois de mars dernier. Avec de nombreuses signatures de la marque de mode, la Fiat 500 adopte un look r\u00e9solument chic et branch\u00e9.<\/p>\n<p>Voici les images des 2 versions noir et blanc :<\/p>\n<p><a href=\"https:\/\/www.autojm.fr\/\">Achat voitures neuves fiat pas cher sur autojm.fr<\/a><\/p>\n","protected":false},"excerpt":{"rendered":"<p>C&rsquo;est officiel, le constructeur de voiture Fiat lance la version de sa Fiat 500 Gucci destin\u00e9 au march\u00e9 nord am\u00e9ricain.<\/p>\n<p>En effet, \u00e0 l&rsquo;occasion de la fashion week qui sera lanc\u00e9 d\u00e9but septembre, La Fiat Gucci sera la star des tapis rouge !<\/p>\n","protected":false},"author":1,"featured_media":5440,"comment_status":"open","ping_status":"open","sticky":false,"template":"","format":"standard","meta":{"_acf_changed":false,"content-type":"","footnotes":""},"categories":[5],"tags":[90,110],"class_list":["post-3329","post","type-post","status-publish","format-standard","has-post-thumbnail","hentry","category-actualite-automobile","tag-autojm","tag-fiat"],"acf":[],"yoast_head":"<!-- This site is optimized with the Yoast SEO plugin v27.5 - https:\/\/yoast.com\/product\/yoast-seo-wordpress\/ -->\n<title>Gucci et Fiat unis pour le meilleur.. de l&#039;automobile ! - AutoJM Mag<\/title>\n<meta name=\"description\" content=\"C&#039;est officiel, le constructeur de voiture Fiat lance la version de sa Fiat 500 Gucci destin\u00e9 au march\u00e9 nord am\u00e9ricain. En effet, \u00e0...\" \/>\n<meta name=\"robots\" content=\"index, follow, max-snippet:-1, max-image-preview:large, max-video-preview:-1\" \/>\n<link rel=\"canonical\" href=\"https:\/\/www.autojm.fr\/blog\/gucci-et-fiat-unis-pour-le-meilleur-de-lautomobile\/\" \/>\n<meta property=\"og:locale\" content=\"fr_FR\" \/>\n<meta property=\"og:type\" content=\"article\" \/>\n<meta property=\"og:title\" content=\"Gucci et Fiat unis pour le meilleur.. de l&#039;automobile ! - AutoJM Mag\" \/>\n<meta property=\"og:description\" content=\"C&#039;est officiel, le constructeur de voiture Fiat lance la version de sa Fiat 500 Gucci destin\u00e9 au march\u00e9 nord am\u00e9ricain. En effet, \u00e0...\" \/>\n<meta property=\"og:url\" content=\"https:\/\/www.autojm.fr\/blog\/gucci-et-fiat-unis-pour-le-meilleur-de-lautomobile\/\" \/>\n<meta property=\"og:site_name\" content=\"AutoJM Mag\" \/>\n<meta property=\"article:publisher\" content=\"https:\/\/www.facebook.com\/AutoJM25\" \/>\n<meta property=\"article:published_time\" content=\"2011-08-18T10:36:35+00:00\" \/>\n<meta property=\"article:modified_time\" content=\"2022-12-13T09:17:07+00:00\" \/>\n<meta property=\"og:image\" content=\"https:\/\/www.autojm.fr\/blog\/wp-content\/uploads\/2022\/10\/41.jpg\" \/>\n\t<meta property=\"og:image:width\" content=\"338\" \/>\n\t<meta property=\"og:image:height\" content=\"190\" \/>\n\t<meta property=\"og:image:type\" content=\"image\/jpeg\" \/>\n<meta name=\"author\" content=\"Autojm\" \/>\n<meta name=\"twitter:card\" content=\"summary_large_image\" \/>\n<meta name=\"twitter:label1\" content=\"\u00c9crit par\" \/>\n\t<meta name=\"twitter:data1\" content=\"Autojm\" \/>\n\t<meta name=\"twitter:label2\" content=\"Dur\u00e9e de lecture estim\u00e9e\" \/>\n\t<meta name=\"twitter:data2\" content=\"1 minute\" \/>\n<script type=\"application\/ld+json\" class=\"yoast-schema-graph\">{\"@context\":\"https:\\\/\\\/schema.org\",\"@graph\":[{\"@type\":\"Article\",\"@id\":\"https:\\\/\\\/www.autojm.fr\\\/blog\\\/gucci-et-fiat-unis-pour-le-meilleur-de-lautomobile\\\/#article\",\"isPartOf\":{\"@id\":\"https:\\\/\\\/www.autojm.fr\\\/blog\\\/gucci-et-fiat-unis-pour-le-meilleur-de-lautomobile\\\/\"},\"author\":{\"name\":\"Autojm\",\"@id\":\"https:\\\/\\\/www.autojm.fr\\\/blog\\\/#\\\/schema\\\/person\\\/9742bc77541853e0de81fc57f947e1a0\"},\"headline\":\"Gucci et Fiat unis pour le meilleur.. de l&rsquo;automobile !\",\"datePublished\":\"2011-08-18T10:36:35+00:00\",\"dateModified\":\"2022-12-13T09:17:07+00:00\",\"mainEntityOfPage\":{\"@id\":\"https:\\\/\\\/www.autojm.fr\\\/blog\\\/gucci-et-fiat-unis-pour-le-meilleur-de-lautomobile\\\/\"},\"wordCount\":149,\"commentCount\":0,\"publisher\":{\"@id\":\"https:\\\/\\\/www.autojm.fr\\\/blog\\\/#organization\"},\"image\":{\"@id\":\"https:\\\/\\\/www.autojm.fr\\\/blog\\\/gucci-et-fiat-unis-pour-le-meilleur-de-lautomobile\\\/#primaryimage\"},\"thumbnailUrl\":\"https:\\\/\\\/www.autojm.fr\\\/blog\\\/wp-content\\\/uploads\\\/2022\\\/10\\\/41.jpg\",\"keywords\":[\"autojm\",\"Fiat\"],\"articleSection\":[\"Actualit\u00e9 Automobile\"],\"inLanguage\":\"fr-FR\",\"potentialAction\":[{\"@type\":\"CommentAction\",\"name\":\"Comment\",\"target\":[\"https:\\\/\\\/www.autojm.fr\\\/blog\\\/gucci-et-fiat-unis-pour-le-meilleur-de-lautomobile\\\/#respond\"]}]},{\"@type\":\"WebPage\",\"@id\":\"https:\\\/\\\/www.autojm.fr\\\/blog\\\/gucci-et-fiat-unis-pour-le-meilleur-de-lautomobile\\\/\",\"url\":\"https:\\\/\\\/www.autojm.fr\\\/blog\\\/gucci-et-fiat-unis-pour-le-meilleur-de-lautomobile\\\/\",\"name\":\"Gucci et Fiat unis pour le meilleur.. de l'automobile ! - AutoJM Mag\",\"isPartOf\":{\"@id\":\"https:\\\/\\\/www.autojm.fr\\\/blog\\\/#website\"},\"primaryImageOfPage\":{\"@id\":\"https:\\\/\\\/www.autojm.fr\\\/blog\\\/gucci-et-fiat-unis-pour-le-meilleur-de-lautomobile\\\/#primaryimage\"},\"image\":{\"@id\":\"https:\\\/\\\/www.autojm.fr\\\/blog\\\/gucci-et-fiat-unis-pour-le-meilleur-de-lautomobile\\\/#primaryimage\"},\"thumbnailUrl\":\"https:\\\/\\\/www.autojm.fr\\\/blog\\\/wp-content\\\/uploads\\\/2022\\\/10\\\/41.jpg\",\"datePublished\":\"2011-08-18T10:36:35+00:00\",\"dateModified\":\"2022-12-13T09:17:07+00:00\",\"description\":\"C'est officiel, le constructeur de voiture Fiat lance la version de sa Fiat 500 Gucci destin\u00e9 au march\u00e9 nord am\u00e9ricain. En effet, \u00e0...\",\"breadcrumb\":{\"@id\":\"https:\\\/\\\/www.autojm.fr\\\/blog\\\/gucci-et-fiat-unis-pour-le-meilleur-de-lautomobile\\\/#breadcrumb\"},\"inLanguage\":\"fr-FR\",\"potentialAction\":[{\"@type\":\"ReadAction\",\"target\":[\"https:\\\/\\\/www.autojm.fr\\\/blog\\\/gucci-et-fiat-unis-pour-le-meilleur-de-lautomobile\\\/\"]}]},{\"@type\":\"ImageObject\",\"inLanguage\":\"fr-FR\",\"@id\":\"https:\\\/\\\/www.autojm.fr\\\/blog\\\/gucci-et-fiat-unis-pour-le-meilleur-de-lautomobile\\\/#primaryimage\",\"url\":\"https:\\\/\\\/www.autojm.fr\\\/blog\\\/wp-content\\\/uploads\\\/2022\\\/10\\\/41.jpg\",\"contentUrl\":\"https:\\\/\\\/www.autojm.fr\\\/blog\\\/wp-content\\\/uploads\\\/2022\\\/10\\\/41.jpg\",\"width\":338,\"height\":190,\"caption\":\"Fiat\"},{\"@type\":\"BreadcrumbList\",\"@id\":\"https:\\\/\\\/www.autojm.fr\\\/blog\\\/gucci-et-fiat-unis-pour-le-meilleur-de-lautomobile\\\/#breadcrumb\",\"itemListElement\":[{\"@type\":\"ListItem\",\"position\":1,\"name\":\"Accueil\",\"item\":\"https:\\\/\\\/www.autojm.fr\\\/blog\\\/\"},{\"@type\":\"ListItem\",\"position\":2,\"name\":\"Actualit\u00e9 Automobile\",\"item\":\"https:\\\/\\\/www.autojm.fr\\\/blog\\\/actualite-automobile\\\/\"},{\"@type\":\"ListItem\",\"position\":3,\"name\":\"Gucci et Fiat unis pour le meilleur.. de l&rsquo;automobile !\"}]},{\"@type\":\"WebSite\",\"@id\":\"https:\\\/\\\/www.autojm.fr\\\/blog\\\/#website\",\"url\":\"https:\\\/\\\/www.autojm.fr\\\/blog\\\/\",\"name\":\"AutoJM Mag\",\"description\":\"Toute l&#039;actu auto en 1 clic !\",\"publisher\":{\"@id\":\"https:\\\/\\\/www.autojm.fr\\\/blog\\\/#organization\"},\"potentialAction\":[{\"@type\":\"SearchAction\",\"target\":{\"@type\":\"EntryPoint\",\"urlTemplate\":\"https:\\\/\\\/www.autojm.fr\\\/blog\\\/?s={search_term_string}\"},\"query-input\":{\"@type\":\"PropertyValueSpecification\",\"valueRequired\":true,\"valueName\":\"search_term_string\"}}],\"inLanguage\":\"fr-FR\"},{\"@type\":\"Organization\",\"@id\":\"https:\\\/\\\/www.autojm.fr\\\/blog\\\/#organization\",\"name\":\"AutoJM Mag\",\"url\":\"https:\\\/\\\/www.autojm.fr\\\/blog\\\/\",\"logo\":{\"@type\":\"ImageObject\",\"inLanguage\":\"fr-FR\",\"@id\":\"https:\\\/\\\/www.autojm.fr\\\/blog\\\/#\\\/schema\\\/logo\\\/image\\\/\",\"url\":\"https:\\\/\\\/www.autojm.fr\\\/blog\\\/wp-content\\\/uploads\\\/2022\\\/12\\\/cropped-AutoJMag-png.png\",\"contentUrl\":\"https:\\\/\\\/www.autojm.fr\\\/blog\\\/wp-content\\\/uploads\\\/2022\\\/12\\\/cropped-AutoJMag-png.png\",\"width\":2834,\"height\":585,\"caption\":\"AutoJM Mag\"},\"image\":{\"@id\":\"https:\\\/\\\/www.autojm.fr\\\/blog\\\/#\\\/schema\\\/logo\\\/image\\\/\"},\"sameAs\":[\"https:\\\/\\\/www.facebook.com\\\/AutoJM25\"]},{\"@type\":\"Person\",\"@id\":\"https:\\\/\\\/www.autojm.fr\\\/blog\\\/#\\\/schema\\\/person\\\/9742bc77541853e0de81fc57f947e1a0\",\"name\":\"Autojm\",\"image\":{\"@type\":\"ImageObject\",\"inLanguage\":\"fr-FR\",\"@id\":\"https:\\\/\\\/secure.gravatar.com\\\/avatar\\\/9a959d52b758fcc232fe4b6aca7bab139182573297122cce7d6f2ee0e537b418?s=96&d=mm&r=g\",\"url\":\"https:\\\/\\\/secure.gravatar.com\\\/avatar\\\/9a959d52b758fcc232fe4b6aca7bab139182573297122cce7d6f2ee0e537b418?s=96&d=mm&r=g\",\"contentUrl\":\"https:\\\/\\\/secure.gravatar.com\\\/avatar\\\/9a959d52b758fcc232fe4b6aca7bab139182573297122cce7d6f2ee0e537b418?s=96&d=mm&r=g\",\"caption\":\"Autojm\"},\"sameAs\":[\"https:\\\/\\\/www.autojm.fr\\\/blog\"],\"url\":\"https:\\\/\\\/www.autojm.fr\\\/blog\\\/author\\\/bichoi\\\/\"}]}<\/script>\n<!-- \/ Yoast SEO plugin. -->","yoast_head_json":{"title":"Gucci et Fiat unis pour le meilleur.. de l'automobile ! - AutoJM Mag","description":"C'est officiel, le constructeur de voiture Fiat lance la version de sa Fiat 500 Gucci destin\u00e9 au march\u00e9 nord am\u00e9ricain. En effet, \u00e0...","robots":{"index":"index","follow":"follow","max-snippet":"max-snippet:-1","max-image-preview":"max-image-preview:large","max-video-preview":"max-video-preview:-1"},"canonical":"https:\/\/www.autojm.fr\/blog\/gucci-et-fiat-unis-pour-le-meilleur-de-lautomobile\/","og_locale":"fr_FR","og_type":"article","og_title":"Gucci et Fiat unis pour le meilleur.. de l'automobile ! - AutoJM Mag","og_description":"C'est officiel, le constructeur de voiture Fiat lance la version de sa Fiat 500 Gucci destin\u00e9 au march\u00e9 nord am\u00e9ricain. En effet, \u00e0...","og_url":"https:\/\/www.autojm.fr\/blog\/gucci-et-fiat-unis-pour-le-meilleur-de-lautomobile\/","og_site_name":"AutoJM Mag","article_publisher":"https:\/\/www.facebook.com\/AutoJM25","article_published_time":"2011-08-18T10:36:35+00:00","article_modified_time":"2022-12-13T09:17:07+00:00","og_image":[{"width":338,"height":190,"url":"https:\/\/www.autojm.fr\/blog\/wp-content\/uploads\/2022\/10\/41.jpg","type":"image\/jpeg"}],"author":"Autojm","twitter_card":"summary_large_image","twitter_misc":{"\u00c9crit par":"Autojm","Dur\u00e9e de lecture estim\u00e9e":"1 minute"},"schema":{"@context":"https:\/\/schema.org","@graph":[{"@type":"Article","@id":"https:\/\/www.autojm.fr\/blog\/gucci-et-fiat-unis-pour-le-meilleur-de-lautomobile\/#article","isPartOf":{"@id":"https:\/\/www.autojm.fr\/blog\/gucci-et-fiat-unis-pour-le-meilleur-de-lautomobile\/"},"author":{"name":"Autojm","@id":"https:\/\/www.autojm.fr\/blog\/#\/schema\/person\/9742bc77541853e0de81fc57f947e1a0"},"headline":"Gucci et Fiat unis pour le meilleur.. de l&rsquo;automobile !","datePublished":"2011-08-18T10:36:35+00:00","dateModified":"2022-12-13T09:17:07+00:00","mainEntityOfPage":{"@id":"https:\/\/www.autojm.fr\/blog\/gucci-et-fiat-unis-pour-le-meilleur-de-lautomobile\/"},"wordCount":149,"commentCount":0,"publisher":{"@id":"https:\/\/www.autojm.fr\/blog\/#organization"},"image":{"@id":"https:\/\/www.autojm.fr\/blog\/gucci-et-fiat-unis-pour-le-meilleur-de-lautomobile\/#primaryimage"},"thumbnailUrl":"https:\/\/www.autojm.fr\/blog\/wp-content\/uploads\/2022\/10\/41.jpg","keywords":["autojm","Fiat"],"articleSection":["Actualit\u00e9 Automobile"],"inLanguage":"fr-FR","potentialAction":[{"@type":"CommentAction","name":"Comment","target":["https:\/\/www.autojm.fr\/blog\/gucci-et-fiat-unis-pour-le-meilleur-de-lautomobile\/#respond"]}]},{"@type":"WebPage","@id":"https:\/\/www.autojm.fr\/blog\/gucci-et-fiat-unis-pour-le-meilleur-de-lautomobile\/","url":"https:\/\/www.autojm.fr\/blog\/gucci-et-fiat-unis-pour-le-meilleur-de-lautomobile\/","name":"Gucci et Fiat unis pour le meilleur.. de l'automobile ! - AutoJM Mag","isPartOf":{"@id":"https:\/\/www.autojm.fr\/blog\/#website"},"primaryImageOfPage":{"@id":"https:\/\/www.autojm.fr\/blog\/gucci-et-fiat-unis-pour-le-meilleur-de-lautomobile\/#primaryimage"},"image":{"@id":"https:\/\/www.autojm.fr\/blog\/gucci-et-fiat-unis-pour-le-meilleur-de-lautomobile\/#primaryimage"},"thumbnailUrl":"https:\/\/www.autojm.fr\/blog\/wp-content\/uploads\/2022\/10\/41.jpg","datePublished":"2011-08-18T10:36:35+00:00","dateModified":"2022-12-13T09:17:07+00:00","description":"C'est officiel, le constructeur de voiture Fiat lance la version de sa Fiat 500 Gucci destin\u00e9 au march\u00e9 nord am\u00e9ricain. En effet, \u00e0...","breadcrumb":{"@id":"https:\/\/www.autojm.fr\/blog\/gucci-et-fiat-unis-pour-le-meilleur-de-lautomobile\/#breadcrumb"},"inLanguage":"fr-FR","potentialAction":[{"@type":"ReadAction","target":["https:\/\/www.autojm.fr\/blog\/gucci-et-fiat-unis-pour-le-meilleur-de-lautomobile\/"]}]},{"@type":"ImageObject","inLanguage":"fr-FR","@id":"https:\/\/www.autojm.fr\/blog\/gucci-et-fiat-unis-pour-le-meilleur-de-lautomobile\/#primaryimage","url":"https:\/\/www.autojm.fr\/blog\/wp-content\/uploads\/2022\/10\/41.jpg","contentUrl":"https:\/\/www.autojm.fr\/blog\/wp-content\/uploads\/2022\/10\/41.jpg","width":338,"height":190,"caption":"Fiat"},{"@type":"BreadcrumbList","@id":"https:\/\/www.autojm.fr\/blog\/gucci-et-fiat-unis-pour-le-meilleur-de-lautomobile\/#breadcrumb","itemListElement":[{"@type":"ListItem","position":1,"name":"Accueil","item":"https:\/\/www.autojm.fr\/blog\/"},{"@type":"ListItem","position":2,"name":"Actualit\u00e9 Automobile","item":"https:\/\/www.autojm.fr\/blog\/actualite-automobile\/"},{"@type":"ListItem","position":3,"name":"Gucci et Fiat unis pour le meilleur.. de l&rsquo;automobile !"}]},{"@type":"WebSite","@id":"https:\/\/www.autojm.fr\/blog\/#website","url":"https:\/\/www.autojm.fr\/blog\/","name":"AutoJM Mag","description":"Toute l&#039;actu auto en 1 clic !","publisher":{"@id":"https:\/\/www.autojm.fr\/blog\/#organization"},"potentialAction":[{"@type":"SearchAction","target":{"@type":"EntryPoint","urlTemplate":"https:\/\/www.autojm.fr\/blog\/?s={search_term_string}"},"query-input":{"@type":"PropertyValueSpecification","valueRequired":true,"valueName":"search_term_string"}}],"inLanguage":"fr-FR"},{"@type":"Organization","@id":"https:\/\/www.autojm.fr\/blog\/#organization","name":"AutoJM Mag","url":"https:\/\/www.autojm.fr\/blog\/","logo":{"@type":"ImageObject","inLanguage":"fr-FR","@id":"https:\/\/www.autojm.fr\/blog\/#\/schema\/logo\/image\/","url":"https:\/\/www.autojm.fr\/blog\/wp-content\/uploads\/2022\/12\/cropped-AutoJMag-png.png","contentUrl":"https:\/\/www.autojm.fr\/blog\/wp-content\/uploads\/2022\/12\/cropped-AutoJMag-png.png","width":2834,"height":585,"caption":"AutoJM Mag"},"image":{"@id":"https:\/\/www.autojm.fr\/blog\/#\/schema\/logo\/image\/"},"sameAs":["https:\/\/www.facebook.com\/AutoJM25"]},{"@type":"Person","@id":"https:\/\/www.autojm.fr\/blog\/#\/schema\/person\/9742bc77541853e0de81fc57f947e1a0","name":"Autojm","image":{"@type":"ImageObject","inLanguage":"fr-FR","@id":"https:\/\/secure.gravatar.com\/avatar\/9a959d52b758fcc232fe4b6aca7bab139182573297122cce7d6f2ee0e537b418?s=96&d=mm&r=g","url":"https:\/\/secure.gravatar.com\/avatar\/9a959d52b758fcc232fe4b6aca7bab139182573297122cce7d6f2ee0e537b418?s=96&d=mm&r=g","contentUrl":"https:\/\/secure.gravatar.com\/avatar\/9a959d52b758fcc232fe4b6aca7bab139182573297122cce7d6f2ee0e537b418?s=96&d=mm&r=g","caption":"Autojm"},"sameAs":["https:\/\/www.autojm.fr\/blog"],"url":"https:\/\/www.autojm.fr\/blog\/author\/bichoi\/"}]}},"_links":{"self":[{"href":"https:\/\/www.autojm.fr\/blog\/wp-json\/wp\/v2\/posts\/3329","targetHints":{"allow":["GET"]}}],"collection":[{"href":"https:\/\/www.autojm.fr\/blog\/wp-json\/wp\/v2\/posts"}],"about":[{"href":"https:\/\/www.autojm.fr\/blog\/wp-json\/wp\/v2\/types\/post"}],"author":[{"embeddable":true,"href":"https:\/\/www.autojm.fr\/blog\/wp-json\/wp\/v2\/users\/1"}],"replies":[{"embeddable":true,"href":"https:\/\/www.autojm.fr\/blog\/wp-json\/wp\/v2\/comments?post=3329"}],"version-history":[{"count":3,"href":"https:\/\/www.autojm.fr\/blog\/wp-json\/wp\/v2\/posts\/3329\/revisions"}],"predecessor-version":[{"id":7642,"href":"https:\/\/www.autojm.fr\/blog\/wp-json\/wp\/v2\/posts\/3329\/revisions\/7642"}],"wp:featuredmedia":[{"embeddable":true,"href":"https:\/\/www.autojm.fr\/blog\/wp-json\/wp\/v2\/media\/5440"}],"wp:attachment":[{"href":"https:\/\/www.autojm.fr\/blog\/wp-json\/wp\/v2\/media?parent=3329"}],"wp:term":[{"taxonomy":"category","embeddable":true,"href":"https:\/\/www.autojm.fr\/blog\/wp-json\/wp\/v2\/categories?post=3329"},{"taxonomy":"post_tag","embeddable":true,"href":"https:\/\/www.autojm.fr\/blog\/wp-json\/wp\/v2\/tags?post=3329"}],"curies":[{"name":"wp","href":"https:\/\/api.w.org\/{rel}","templated":true}]}}