{"id":3323,"date":"2011-08-09T09:16:26","date_gmt":"2011-08-09T09:16:26","guid":{"rendered":"https:\/\/www.autojm.fr\/blog\/toyota-nest-plus-le-premier-constructeur-mondial\/"},"modified":"2022-12-13T09:17:07","modified_gmt":"2022-12-13T09:17:07","slug":"toyota-nest-plus-le-premier-constructeur-mondial","status":"publish","type":"post","link":"https:\/\/www.autojm.fr\/blog\/toyota-nest-plus-le-premier-constructeur-mondial\/","title":{"rendered":"Toyota n&rsquo;est plus le premier constructeur mondial !"},"content":{"rendered":"<p><span style=\"font-family: Arial,Helvetica,sans-serif; color: #d3145a; font-size: 16px;\">C&rsquo;est annonc\u00e9, <a href=\"https:\/\/www.autojm.fr\/mandataire-voitures-neuves-toyota\">Toyota <\/a>a \u00e9t\u00e9 battu par Volkswagen et General Motors suite aux \u00e9v\u00e9nements pass\u00e9s au Japon.<\/span><\/p>\n<p>Le deuxi\u00e8me trimestre 2011 a \u00e9t\u00e9 fatale pour le constructeur nippon qui a connu une chute vertigineuse de ses ventes, laissant la place \u00e0 ses concurrents Volkswagen et General Motors.<\/p>\n<p>En effet, entre avril et juin 2011, 1\/3 de v\u00e9hicules en moins que l&rsquo;ann\u00e9e pr\u00e9c\u00e9dentes sont sortis des cha\u00eenes de production au Japon. Ce qui a provoqu\u00e9 une incapacit\u00e9 de fournir ses concessionnaires en temps et en heure.<\/p>\n<p>Moins de livraisons dans ses principaux pays cible : l&rsquo;Am\u00e9rique du Nord et le Japon, a donc provoqu\u00e9 une chute du chiffre d&rsquo;affaire de plus de 29%.<\/p>\n<p><span style=\"font-family: Arial,Helvetica,sans-serif; color: #d3145a; font-size: 12px;\">Les \u00e9v\u00e9nements du 11 mars au Japon y est pour quelque chose !<\/span><\/p>\n<p>En effet, depuis le Tsunami d\u00e9vastateur au Japon, le <a href=\"https:\/\/www.autojm.fr\/mandataire-voitures-neuves-toyota\">constructeur Toyota<\/a>, tout comme ses concurrents, a d\u00fb r\u00e9duire de plus de moiti\u00e9 le rythme d&rsquo;assemblage des voitures.<\/p>\n<p><span style=\"font-family: Arial,Helvetica,sans-serif; color: #d3145a; font-size: 12px;\">Toyota se rel\u00e8ve !<\/span><\/p>\n<p>Toyota annonce d\u00e9j\u00e0 de meilleurs r\u00e9sultats pour les mois \u00e0 venir. En effet, le probl\u00e8me li\u00e9 au Tsunami ne serait plus un probl\u00e8me dans les usines de montage et dans l&rsquo;approvisionnement des pi\u00e8ces d\u00e9tach\u00e9es. Le groupe compte m\u00eame embaucher plus de 4000 travailleurs temporaires pour relancer l&rsquo;activit\u00e9.<\/p>\n","protected":false},"excerpt":{"rendered":"<p>Le deuxi\u00e8me trimestre 2011 a \u00e9t\u00e9 fatale pour le constructeur nippon qui a connu une chute vertigineuse de ses ventes, laissant la place \u00e0 ses concurrents Volkswagen et General Motors.<\/p>\n","protected":false},"author":1,"featured_media":5434,"comment_status":"open","ping_status":"open","sticky":false,"template":"","format":"standard","meta":{"_acf_changed":false,"content-type":"","footnotes":""},"categories":[5],"tags":[90,169],"class_list":["post-3323","post","type-post","status-publish","format-standard","has-post-thumbnail","hentry","category-actualite-automobile","tag-autojm","tag-toyota"],"acf":[],"yoast_head":"<!-- This site is optimized with the Yoast SEO plugin v27.5 - https:\/\/yoast.com\/product\/yoast-seo-wordpress\/ -->\n<title>Toyota n&#039;est plus le premier constructeur mondial ! - AutoJM Mag<\/title>\n<meta name=\"description\" content=\"Le deuxi\u00e8me trimestre 2011 a \u00e9t\u00e9 fatale pour le constructeur nippon qui a connu une chute vertigineuse de ses ventes, laissant la place...\" \/>\n<meta name=\"robots\" content=\"index, follow, max-snippet:-1, max-image-preview:large, max-video-preview:-1\" \/>\n<link rel=\"canonical\" href=\"https:\/\/www.autojm.fr\/blog\/toyota-nest-plus-le-premier-constructeur-mondial\/\" \/>\n<meta property=\"og:locale\" content=\"fr_FR\" \/>\n<meta property=\"og:type\" content=\"article\" \/>\n<meta property=\"og:title\" content=\"Toyota n&#039;est plus le premier constructeur mondial ! - AutoJM Mag\" \/>\n<meta property=\"og:description\" content=\"Le deuxi\u00e8me trimestre 2011 a \u00e9t\u00e9 fatale pour le constructeur nippon qui a connu une chute vertigineuse de ses ventes, laissant la place...\" \/>\n<meta property=\"og:url\" content=\"https:\/\/www.autojm.fr\/blog\/toyota-nest-plus-le-premier-constructeur-mondial\/\" \/>\n<meta property=\"og:site_name\" content=\"AutoJM Mag\" \/>\n<meta property=\"article:publisher\" content=\"https:\/\/www.facebook.com\/AutoJM25\" \/>\n<meta property=\"article:published_time\" content=\"2011-08-09T09:16:26+00:00\" \/>\n<meta property=\"article:modified_time\" content=\"2022-12-13T09:17:07+00:00\" \/>\n<meta property=\"og:image\" content=\"https:\/\/www.autojm.fr\/blog\/wp-content\/uploads\/2022\/10\/35.jpg\" \/>\n\t<meta property=\"og:image:width\" content=\"630\" \/>\n\t<meta property=\"og:image:height\" content=\"420\" \/>\n\t<meta property=\"og:image:type\" content=\"image\/jpeg\" \/>\n<meta name=\"author\" content=\"Autojm\" \/>\n<meta name=\"twitter:card\" content=\"summary_large_image\" \/>\n<meta name=\"twitter:label1\" content=\"\u00c9crit par\" \/>\n\t<meta name=\"twitter:data1\" content=\"Autojm\" \/>\n\t<meta name=\"twitter:label2\" content=\"Dur\u00e9e de lecture estim\u00e9e\" \/>\n\t<meta name=\"twitter:data2\" content=\"2 minutes\" \/>\n<script type=\"application\/ld+json\" class=\"yoast-schema-graph\">{\"@context\":\"https:\\\/\\\/schema.org\",\"@graph\":[{\"@type\":\"Article\",\"@id\":\"https:\\\/\\\/www.autojm.fr\\\/blog\\\/toyota-nest-plus-le-premier-constructeur-mondial\\\/#article\",\"isPartOf\":{\"@id\":\"https:\\\/\\\/www.autojm.fr\\\/blog\\\/toyota-nest-plus-le-premier-constructeur-mondial\\\/\"},\"author\":{\"name\":\"Autojm\",\"@id\":\"https:\\\/\\\/www.autojm.fr\\\/blog\\\/#\\\/schema\\\/person\\\/9742bc77541853e0de81fc57f947e1a0\"},\"headline\":\"Toyota n&rsquo;est plus le premier constructeur mondial !\",\"datePublished\":\"2011-08-09T09:16:26+00:00\",\"dateModified\":\"2022-12-13T09:17:07+00:00\",\"mainEntityOfPage\":{\"@id\":\"https:\\\/\\\/www.autojm.fr\\\/blog\\\/toyota-nest-plus-le-premier-constructeur-mondial\\\/\"},\"wordCount\":220,\"commentCount\":0,\"publisher\":{\"@id\":\"https:\\\/\\\/www.autojm.fr\\\/blog\\\/#organization\"},\"image\":{\"@id\":\"https:\\\/\\\/www.autojm.fr\\\/blog\\\/toyota-nest-plus-le-premier-constructeur-mondial\\\/#primaryimage\"},\"thumbnailUrl\":\"https:\\\/\\\/www.autojm.fr\\\/blog\\\/wp-content\\\/uploads\\\/2022\\\/10\\\/35.jpg\",\"keywords\":[\"autojm\",\"Toyota\"],\"articleSection\":[\"Actualit\u00e9 Automobile\"],\"inLanguage\":\"fr-FR\",\"potentialAction\":[{\"@type\":\"CommentAction\",\"name\":\"Comment\",\"target\":[\"https:\\\/\\\/www.autojm.fr\\\/blog\\\/toyota-nest-plus-le-premier-constructeur-mondial\\\/#respond\"]}]},{\"@type\":\"WebPage\",\"@id\":\"https:\\\/\\\/www.autojm.fr\\\/blog\\\/toyota-nest-plus-le-premier-constructeur-mondial\\\/\",\"url\":\"https:\\\/\\\/www.autojm.fr\\\/blog\\\/toyota-nest-plus-le-premier-constructeur-mondial\\\/\",\"name\":\"Toyota n'est plus le premier constructeur mondial ! - AutoJM Mag\",\"isPartOf\":{\"@id\":\"https:\\\/\\\/www.autojm.fr\\\/blog\\\/#website\"},\"primaryImageOfPage\":{\"@id\":\"https:\\\/\\\/www.autojm.fr\\\/blog\\\/toyota-nest-plus-le-premier-constructeur-mondial\\\/#primaryimage\"},\"image\":{\"@id\":\"https:\\\/\\\/www.autojm.fr\\\/blog\\\/toyota-nest-plus-le-premier-constructeur-mondial\\\/#primaryimage\"},\"thumbnailUrl\":\"https:\\\/\\\/www.autojm.fr\\\/blog\\\/wp-content\\\/uploads\\\/2022\\\/10\\\/35.jpg\",\"datePublished\":\"2011-08-09T09:16:26+00:00\",\"dateModified\":\"2022-12-13T09:17:07+00:00\",\"description\":\"Le deuxi\u00e8me trimestre 2011 a \u00e9t\u00e9 fatale pour le constructeur nippon qui a connu une chute vertigineuse de ses ventes, laissant la place...\",\"breadcrumb\":{\"@id\":\"https:\\\/\\\/www.autojm.fr\\\/blog\\\/toyota-nest-plus-le-premier-constructeur-mondial\\\/#breadcrumb\"},\"inLanguage\":\"fr-FR\",\"potentialAction\":[{\"@type\":\"ReadAction\",\"target\":[\"https:\\\/\\\/www.autojm.fr\\\/blog\\\/toyota-nest-plus-le-premier-constructeur-mondial\\\/\"]}]},{\"@type\":\"ImageObject\",\"inLanguage\":\"fr-FR\",\"@id\":\"https:\\\/\\\/www.autojm.fr\\\/blog\\\/toyota-nest-plus-le-premier-constructeur-mondial\\\/#primaryimage\",\"url\":\"https:\\\/\\\/www.autojm.fr\\\/blog\\\/wp-content\\\/uploads\\\/2022\\\/10\\\/35.jpg\",\"contentUrl\":\"https:\\\/\\\/www.autojm.fr\\\/blog\\\/wp-content\\\/uploads\\\/2022\\\/10\\\/35.jpg\",\"width\":630,\"height\":420,\"caption\":\"Toyota\"},{\"@type\":\"BreadcrumbList\",\"@id\":\"https:\\\/\\\/www.autojm.fr\\\/blog\\\/toyota-nest-plus-le-premier-constructeur-mondial\\\/#breadcrumb\",\"itemListElement\":[{\"@type\":\"ListItem\",\"position\":1,\"name\":\"Accueil\",\"item\":\"https:\\\/\\\/www.autojm.fr\\\/blog\\\/\"},{\"@type\":\"ListItem\",\"position\":2,\"name\":\"Actualit\u00e9 Automobile\",\"item\":\"https:\\\/\\\/www.autojm.fr\\\/blog\\\/actualite-automobile\\\/\"},{\"@type\":\"ListItem\",\"position\":3,\"name\":\"Toyota n&rsquo;est plus le premier constructeur mondial !\"}]},{\"@type\":\"WebSite\",\"@id\":\"https:\\\/\\\/www.autojm.fr\\\/blog\\\/#website\",\"url\":\"https:\\\/\\\/www.autojm.fr\\\/blog\\\/\",\"name\":\"AutoJM Mag\",\"description\":\"Toute l&#039;actu auto en 1 clic !\",\"publisher\":{\"@id\":\"https:\\\/\\\/www.autojm.fr\\\/blog\\\/#organization\"},\"potentialAction\":[{\"@type\":\"SearchAction\",\"target\":{\"@type\":\"EntryPoint\",\"urlTemplate\":\"https:\\\/\\\/www.autojm.fr\\\/blog\\\/?s={search_term_string}\"},\"query-input\":{\"@type\":\"PropertyValueSpecification\",\"valueRequired\":true,\"valueName\":\"search_term_string\"}}],\"inLanguage\":\"fr-FR\"},{\"@type\":\"Organization\",\"@id\":\"https:\\\/\\\/www.autojm.fr\\\/blog\\\/#organization\",\"name\":\"AutoJM Mag\",\"url\":\"https:\\\/\\\/www.autojm.fr\\\/blog\\\/\",\"logo\":{\"@type\":\"ImageObject\",\"inLanguage\":\"fr-FR\",\"@id\":\"https:\\\/\\\/www.autojm.fr\\\/blog\\\/#\\\/schema\\\/logo\\\/image\\\/\",\"url\":\"https:\\\/\\\/www.autojm.fr\\\/blog\\\/wp-content\\\/uploads\\\/2022\\\/12\\\/cropped-AutoJMag-png.png\",\"contentUrl\":\"https:\\\/\\\/www.autojm.fr\\\/blog\\\/wp-content\\\/uploads\\\/2022\\\/12\\\/cropped-AutoJMag-png.png\",\"width\":2834,\"height\":585,\"caption\":\"AutoJM Mag\"},\"image\":{\"@id\":\"https:\\\/\\\/www.autojm.fr\\\/blog\\\/#\\\/schema\\\/logo\\\/image\\\/\"},\"sameAs\":[\"https:\\\/\\\/www.facebook.com\\\/AutoJM25\"]},{\"@type\":\"Person\",\"@id\":\"https:\\\/\\\/www.autojm.fr\\\/blog\\\/#\\\/schema\\\/person\\\/9742bc77541853e0de81fc57f947e1a0\",\"name\":\"Autojm\",\"image\":{\"@type\":\"ImageObject\",\"inLanguage\":\"fr-FR\",\"@id\":\"https:\\\/\\\/secure.gravatar.com\\\/avatar\\\/9a959d52b758fcc232fe4b6aca7bab139182573297122cce7d6f2ee0e537b418?s=96&d=mm&r=g\",\"url\":\"https:\\\/\\\/secure.gravatar.com\\\/avatar\\\/9a959d52b758fcc232fe4b6aca7bab139182573297122cce7d6f2ee0e537b418?s=96&d=mm&r=g\",\"contentUrl\":\"https:\\\/\\\/secure.gravatar.com\\\/avatar\\\/9a959d52b758fcc232fe4b6aca7bab139182573297122cce7d6f2ee0e537b418?s=96&d=mm&r=g\",\"caption\":\"Autojm\"},\"sameAs\":[\"https:\\\/\\\/www.autojm.fr\\\/blog\"],\"url\":\"https:\\\/\\\/www.autojm.fr\\\/blog\\\/author\\\/bichoi\\\/\"}]}<\/script>\n<!-- \/ Yoast SEO plugin. -->","yoast_head_json":{"title":"Toyota n'est plus le premier constructeur mondial ! - AutoJM Mag","description":"Le deuxi\u00e8me trimestre 2011 a \u00e9t\u00e9 fatale pour le constructeur nippon qui a connu une chute vertigineuse de ses ventes, laissant la place...","robots":{"index":"index","follow":"follow","max-snippet":"max-snippet:-1","max-image-preview":"max-image-preview:large","max-video-preview":"max-video-preview:-1"},"canonical":"https:\/\/www.autojm.fr\/blog\/toyota-nest-plus-le-premier-constructeur-mondial\/","og_locale":"fr_FR","og_type":"article","og_title":"Toyota n'est plus le premier constructeur mondial ! - AutoJM Mag","og_description":"Le deuxi\u00e8me trimestre 2011 a \u00e9t\u00e9 fatale pour le constructeur nippon qui a connu une chute vertigineuse de ses ventes, laissant la place...","og_url":"https:\/\/www.autojm.fr\/blog\/toyota-nest-plus-le-premier-constructeur-mondial\/","og_site_name":"AutoJM Mag","article_publisher":"https:\/\/www.facebook.com\/AutoJM25","article_published_time":"2011-08-09T09:16:26+00:00","article_modified_time":"2022-12-13T09:17:07+00:00","og_image":[{"width":630,"height":420,"url":"https:\/\/www.autojm.fr\/blog\/wp-content\/uploads\/2022\/10\/35.jpg","type":"image\/jpeg"}],"author":"Autojm","twitter_card":"summary_large_image","twitter_misc":{"\u00c9crit par":"Autojm","Dur\u00e9e de lecture estim\u00e9e":"2 minutes"},"schema":{"@context":"https:\/\/schema.org","@graph":[{"@type":"Article","@id":"https:\/\/www.autojm.fr\/blog\/toyota-nest-plus-le-premier-constructeur-mondial\/#article","isPartOf":{"@id":"https:\/\/www.autojm.fr\/blog\/toyota-nest-plus-le-premier-constructeur-mondial\/"},"author":{"name":"Autojm","@id":"https:\/\/www.autojm.fr\/blog\/#\/schema\/person\/9742bc77541853e0de81fc57f947e1a0"},"headline":"Toyota n&rsquo;est plus le premier constructeur mondial !","datePublished":"2011-08-09T09:16:26+00:00","dateModified":"2022-12-13T09:17:07+00:00","mainEntityOfPage":{"@id":"https:\/\/www.autojm.fr\/blog\/toyota-nest-plus-le-premier-constructeur-mondial\/"},"wordCount":220,"commentCount":0,"publisher":{"@id":"https:\/\/www.autojm.fr\/blog\/#organization"},"image":{"@id":"https:\/\/www.autojm.fr\/blog\/toyota-nest-plus-le-premier-constructeur-mondial\/#primaryimage"},"thumbnailUrl":"https:\/\/www.autojm.fr\/blog\/wp-content\/uploads\/2022\/10\/35.jpg","keywords":["autojm","Toyota"],"articleSection":["Actualit\u00e9 Automobile"],"inLanguage":"fr-FR","potentialAction":[{"@type":"CommentAction","name":"Comment","target":["https:\/\/www.autojm.fr\/blog\/toyota-nest-plus-le-premier-constructeur-mondial\/#respond"]}]},{"@type":"WebPage","@id":"https:\/\/www.autojm.fr\/blog\/toyota-nest-plus-le-premier-constructeur-mondial\/","url":"https:\/\/www.autojm.fr\/blog\/toyota-nest-plus-le-premier-constructeur-mondial\/","name":"Toyota n'est plus le premier constructeur mondial ! - AutoJM Mag","isPartOf":{"@id":"https:\/\/www.autojm.fr\/blog\/#website"},"primaryImageOfPage":{"@id":"https:\/\/www.autojm.fr\/blog\/toyota-nest-plus-le-premier-constructeur-mondial\/#primaryimage"},"image":{"@id":"https:\/\/www.autojm.fr\/blog\/toyota-nest-plus-le-premier-constructeur-mondial\/#primaryimage"},"thumbnailUrl":"https:\/\/www.autojm.fr\/blog\/wp-content\/uploads\/2022\/10\/35.jpg","datePublished":"2011-08-09T09:16:26+00:00","dateModified":"2022-12-13T09:17:07+00:00","description":"Le deuxi\u00e8me trimestre 2011 a \u00e9t\u00e9 fatale pour le constructeur nippon qui a connu une chute vertigineuse de ses ventes, laissant la place...","breadcrumb":{"@id":"https:\/\/www.autojm.fr\/blog\/toyota-nest-plus-le-premier-constructeur-mondial\/#breadcrumb"},"inLanguage":"fr-FR","potentialAction":[{"@type":"ReadAction","target":["https:\/\/www.autojm.fr\/blog\/toyota-nest-plus-le-premier-constructeur-mondial\/"]}]},{"@type":"ImageObject","inLanguage":"fr-FR","@id":"https:\/\/www.autojm.fr\/blog\/toyota-nest-plus-le-premier-constructeur-mondial\/#primaryimage","url":"https:\/\/www.autojm.fr\/blog\/wp-content\/uploads\/2022\/10\/35.jpg","contentUrl":"https:\/\/www.autojm.fr\/blog\/wp-content\/uploads\/2022\/10\/35.jpg","width":630,"height":420,"caption":"Toyota"},{"@type":"BreadcrumbList","@id":"https:\/\/www.autojm.fr\/blog\/toyota-nest-plus-le-premier-constructeur-mondial\/#breadcrumb","itemListElement":[{"@type":"ListItem","position":1,"name":"Accueil","item":"https:\/\/www.autojm.fr\/blog\/"},{"@type":"ListItem","position":2,"name":"Actualit\u00e9 Automobile","item":"https:\/\/www.autojm.fr\/blog\/actualite-automobile\/"},{"@type":"ListItem","position":3,"name":"Toyota n&rsquo;est plus le premier constructeur mondial !"}]},{"@type":"WebSite","@id":"https:\/\/www.autojm.fr\/blog\/#website","url":"https:\/\/www.autojm.fr\/blog\/","name":"AutoJM Mag","description":"Toute l&#039;actu auto en 1 clic !","publisher":{"@id":"https:\/\/www.autojm.fr\/blog\/#organization"},"potentialAction":[{"@type":"SearchAction","target":{"@type":"EntryPoint","urlTemplate":"https:\/\/www.autojm.fr\/blog\/?s={search_term_string}"},"query-input":{"@type":"PropertyValueSpecification","valueRequired":true,"valueName":"search_term_string"}}],"inLanguage":"fr-FR"},{"@type":"Organization","@id":"https:\/\/www.autojm.fr\/blog\/#organization","name":"AutoJM Mag","url":"https:\/\/www.autojm.fr\/blog\/","logo":{"@type":"ImageObject","inLanguage":"fr-FR","@id":"https:\/\/www.autojm.fr\/blog\/#\/schema\/logo\/image\/","url":"https:\/\/www.autojm.fr\/blog\/wp-content\/uploads\/2022\/12\/cropped-AutoJMag-png.png","contentUrl":"https:\/\/www.autojm.fr\/blog\/wp-content\/uploads\/2022\/12\/cropped-AutoJMag-png.png","width":2834,"height":585,"caption":"AutoJM Mag"},"image":{"@id":"https:\/\/www.autojm.fr\/blog\/#\/schema\/logo\/image\/"},"sameAs":["https:\/\/www.facebook.com\/AutoJM25"]},{"@type":"Person","@id":"https:\/\/www.autojm.fr\/blog\/#\/schema\/person\/9742bc77541853e0de81fc57f947e1a0","name":"Autojm","image":{"@type":"ImageObject","inLanguage":"fr-FR","@id":"https:\/\/secure.gravatar.com\/avatar\/9a959d52b758fcc232fe4b6aca7bab139182573297122cce7d6f2ee0e537b418?s=96&d=mm&r=g","url":"https:\/\/secure.gravatar.com\/avatar\/9a959d52b758fcc232fe4b6aca7bab139182573297122cce7d6f2ee0e537b418?s=96&d=mm&r=g","contentUrl":"https:\/\/secure.gravatar.com\/avatar\/9a959d52b758fcc232fe4b6aca7bab139182573297122cce7d6f2ee0e537b418?s=96&d=mm&r=g","caption":"Autojm"},"sameAs":["https:\/\/www.autojm.fr\/blog"],"url":"https:\/\/www.autojm.fr\/blog\/author\/bichoi\/"}]}},"_links":{"self":[{"href":"https:\/\/www.autojm.fr\/blog\/wp-json\/wp\/v2\/posts\/3323","targetHints":{"allow":["GET"]}}],"collection":[{"href":"https:\/\/www.autojm.fr\/blog\/wp-json\/wp\/v2\/posts"}],"about":[{"href":"https:\/\/www.autojm.fr\/blog\/wp-json\/wp\/v2\/types\/post"}],"author":[{"embeddable":true,"href":"https:\/\/www.autojm.fr\/blog\/wp-json\/wp\/v2\/users\/1"}],"replies":[{"embeddable":true,"href":"https:\/\/www.autojm.fr\/blog\/wp-json\/wp\/v2\/comments?post=3323"}],"version-history":[{"count":3,"href":"https:\/\/www.autojm.fr\/blog\/wp-json\/wp\/v2\/posts\/3323\/revisions"}],"predecessor-version":[{"id":7660,"href":"https:\/\/www.autojm.fr\/blog\/wp-json\/wp\/v2\/posts\/3323\/revisions\/7660"}],"wp:featuredmedia":[{"embeddable":true,"href":"https:\/\/www.autojm.fr\/blog\/wp-json\/wp\/v2\/media\/5434"}],"wp:attachment":[{"href":"https:\/\/www.autojm.fr\/blog\/wp-json\/wp\/v2\/media?parent=3323"}],"wp:term":[{"taxonomy":"category","embeddable":true,"href":"https:\/\/www.autojm.fr\/blog\/wp-json\/wp\/v2\/categories?post=3323"},{"taxonomy":"post_tag","embeddable":true,"href":"https:\/\/www.autojm.fr\/blog\/wp-json\/wp\/v2\/tags?post=3323"}],"curies":[{"name":"wp","href":"https:\/\/api.w.org\/{rel}","templated":true}]}}