{"id":3322,"date":"2011-08-08T10:25:23","date_gmt":"2011-08-08T10:25:23","guid":{"rendered":"https:\/\/www.autojm.fr\/blog\/2-be-or-not-2-be-personnalisez-sa-plaque-dimmatriculation\/"},"modified":"2022-12-09T10:42:22","modified_gmt":"2022-12-09T10:42:22","slug":"2-be-or-not-2-be-personnalisez-sa-plaque-dimmatriculation","status":"publish","type":"post","link":"https:\/\/www.autojm.fr\/blog\/2-be-or-not-2-be-personnalisez-sa-plaque-dimmatriculation\/","title":{"rendered":"2 be or not 2 be&#8230; personnalisez sa plaque d&rsquo;immatriculation"},"content":{"rendered":"<p>Comment personnaliser sa plaque d&rsquo;immatriculation en faisant du Shakespeare ? Un automobiliste anglais a tout simplement d\u00e9cid\u00e9 de reprendre la phrase culte d&rsquo;Hamlet de Shakespeare sur les plaques d&rsquo;immatriculation de ces voitures de luxe.<\/p>\n","protected":false},"excerpt":{"rendered":"<p>Comment personnaliser sa plaque d&rsquo;immatriculation en faisant du Shakespeare&#8230;. Cet automobiliste anglais a tout simplement d\u00e9cid\u00e9 de reprendre la phrase culte d&rsquo;Hamlet de Shakespeare sur les plaques d&rsquo;immatriculation de ces voitures de luxe.<\/p>\n","protected":false},"author":1,"featured_media":7625,"comment_status":"open","ping_status":"open","sticky":false,"template":"","format":"standard","meta":{"_acf_changed":false,"content-type":"","footnotes":""},"categories":[22],"tags":[90,85,74,105,110,109,106,108,107,73,78,169,96],"class_list":["post-3322","post","type-post","status-publish","format-standard","has-post-thumbnail","hentry","category-conseils-astuces","tag-autojm","tag-citroen-2","tag-dacia","tag-ds","tag-fiat","tag-ford","tag-kia","tag-nissan","tag-opel","tag-peugeot","tag-renault","tag-toyota","tag-volkswagen"],"acf":[],"yoast_head":"<!-- This site is optimized with the Yoast SEO plugin v27.5 - https:\/\/yoast.com\/product\/yoast-seo-wordpress\/ -->\n<title>2 be or not 2 be... personnalisez sa plaque d&#039;immatriculation<\/title>\n<meta name=\"description\" content=\"Comment personnaliser sa plaque d&#039;immatriculation en faisant du Shakespeare.... Cet automobiliste anglais a tout simplement d\u00e9cid\u00e9...\" \/>\n<meta name=\"robots\" content=\"index, follow, max-snippet:-1, max-image-preview:large, max-video-preview:-1\" \/>\n<link rel=\"canonical\" href=\"https:\/\/www.autojm.fr\/blog\/2-be-or-not-2-be-personnalisez-sa-plaque-dimmatriculation\/\" \/>\n<meta property=\"og:locale\" content=\"fr_FR\" \/>\n<meta property=\"og:type\" content=\"article\" \/>\n<meta property=\"og:title\" content=\"2 be or not 2 be... personnalisez sa plaque d&#039;immatriculation\" \/>\n<meta property=\"og:description\" content=\"Comment personnaliser sa plaque d&#039;immatriculation en faisant du Shakespeare.... Cet automobiliste anglais a tout simplement d\u00e9cid\u00e9...\" \/>\n<meta property=\"og:url\" content=\"https:\/\/www.autojm.fr\/blog\/2-be-or-not-2-be-personnalisez-sa-plaque-dimmatriculation\/\" \/>\n<meta property=\"og:site_name\" content=\"AutoJM Mag\" \/>\n<meta property=\"article:publisher\" content=\"https:\/\/www.facebook.com\/AutoJM25\" \/>\n<meta property=\"article:published_time\" content=\"2011-08-08T10:25:23+00:00\" \/>\n<meta property=\"article:modified_time\" content=\"2022-12-09T10:42:22+00:00\" \/>\n<meta property=\"og:image\" content=\"https:\/\/www.autojm.fr\/blog\/wp-content\/uploads\/2011\/08\/Plaque-personnalisee.jpg\" \/>\n\t<meta property=\"og:image:width\" content=\"618\" \/>\n\t<meta property=\"og:image:height\" content=\"204\" \/>\n\t<meta property=\"og:image:type\" content=\"image\/jpeg\" \/>\n<meta name=\"author\" content=\"Autojm\" \/>\n<meta name=\"twitter:card\" content=\"summary_large_image\" \/>\n<meta name=\"twitter:label1\" content=\"\u00c9crit par\" \/>\n\t<meta name=\"twitter:data1\" content=\"Autojm\" \/>\n\t<meta name=\"twitter:label2\" content=\"Dur\u00e9e de lecture estim\u00e9e\" \/>\n\t<meta name=\"twitter:data2\" content=\"1 minute\" \/>\n<script type=\"application\/ld+json\" class=\"yoast-schema-graph\">{\"@context\":\"https:\\\/\\\/schema.org\",\"@graph\":[{\"@type\":\"Article\",\"@id\":\"https:\\\/\\\/www.autojm.fr\\\/blog\\\/2-be-or-not-2-be-personnalisez-sa-plaque-dimmatriculation\\\/#article\",\"isPartOf\":{\"@id\":\"https:\\\/\\\/www.autojm.fr\\\/blog\\\/2-be-or-not-2-be-personnalisez-sa-plaque-dimmatriculation\\\/\"},\"author\":{\"name\":\"Autojm\",\"@id\":\"https:\\\/\\\/www.autojm.fr\\\/blog\\\/#\\\/schema\\\/person\\\/9742bc77541853e0de81fc57f947e1a0\"},\"headline\":\"2 be or not 2 be&#8230; personnalisez sa plaque d&rsquo;immatriculation\",\"datePublished\":\"2011-08-08T10:25:23+00:00\",\"dateModified\":\"2022-12-09T10:42:22+00:00\",\"mainEntityOfPage\":{\"@id\":\"https:\\\/\\\/www.autojm.fr\\\/blog\\\/2-be-or-not-2-be-personnalisez-sa-plaque-dimmatriculation\\\/\"},\"wordCount\":42,\"commentCount\":0,\"publisher\":{\"@id\":\"https:\\\/\\\/www.autojm.fr\\\/blog\\\/#organization\"},\"image\":{\"@id\":\"https:\\\/\\\/www.autojm.fr\\\/blog\\\/2-be-or-not-2-be-personnalisez-sa-plaque-dimmatriculation\\\/#primaryimage\"},\"thumbnailUrl\":\"https:\\\/\\\/www.autojm.fr\\\/blog\\\/wp-content\\\/uploads\\\/2011\\\/08\\\/Plaque-personnalisee.jpg\",\"keywords\":[\"autojm\",\"Citro\u00ebn\",\"dacia\",\"DS\",\"Fiat\",\"Ford\",\"Kia\",\"Nissan\",\"Opel\",\"peugeot\",\"renault\",\"Toyota\",\"Volkswagen\"],\"articleSection\":[\"Conseils &amp; Astuces\"],\"inLanguage\":\"fr-FR\",\"potentialAction\":[{\"@type\":\"CommentAction\",\"name\":\"Comment\",\"target\":[\"https:\\\/\\\/www.autojm.fr\\\/blog\\\/2-be-or-not-2-be-personnalisez-sa-plaque-dimmatriculation\\\/#respond\"]}]},{\"@type\":\"WebPage\",\"@id\":\"https:\\\/\\\/www.autojm.fr\\\/blog\\\/2-be-or-not-2-be-personnalisez-sa-plaque-dimmatriculation\\\/\",\"url\":\"https:\\\/\\\/www.autojm.fr\\\/blog\\\/2-be-or-not-2-be-personnalisez-sa-plaque-dimmatriculation\\\/\",\"name\":\"2 be or not 2 be... personnalisez sa plaque d'immatriculation\",\"isPartOf\":{\"@id\":\"https:\\\/\\\/www.autojm.fr\\\/blog\\\/#website\"},\"primaryImageOfPage\":{\"@id\":\"https:\\\/\\\/www.autojm.fr\\\/blog\\\/2-be-or-not-2-be-personnalisez-sa-plaque-dimmatriculation\\\/#primaryimage\"},\"image\":{\"@id\":\"https:\\\/\\\/www.autojm.fr\\\/blog\\\/2-be-or-not-2-be-personnalisez-sa-plaque-dimmatriculation\\\/#primaryimage\"},\"thumbnailUrl\":\"https:\\\/\\\/www.autojm.fr\\\/blog\\\/wp-content\\\/uploads\\\/2011\\\/08\\\/Plaque-personnalisee.jpg\",\"datePublished\":\"2011-08-08T10:25:23+00:00\",\"dateModified\":\"2022-12-09T10:42:22+00:00\",\"description\":\"Comment personnaliser sa plaque d'immatriculation en faisant du Shakespeare.... Cet automobiliste anglais a tout simplement d\u00e9cid\u00e9...\",\"breadcrumb\":{\"@id\":\"https:\\\/\\\/www.autojm.fr\\\/blog\\\/2-be-or-not-2-be-personnalisez-sa-plaque-dimmatriculation\\\/#breadcrumb\"},\"inLanguage\":\"fr-FR\",\"potentialAction\":[{\"@type\":\"ReadAction\",\"target\":[\"https:\\\/\\\/www.autojm.fr\\\/blog\\\/2-be-or-not-2-be-personnalisez-sa-plaque-dimmatriculation\\\/\"]}]},{\"@type\":\"ImageObject\",\"inLanguage\":\"fr-FR\",\"@id\":\"https:\\\/\\\/www.autojm.fr\\\/blog\\\/2-be-or-not-2-be-personnalisez-sa-plaque-dimmatriculation\\\/#primaryimage\",\"url\":\"https:\\\/\\\/www.autojm.fr\\\/blog\\\/wp-content\\\/uploads\\\/2011\\\/08\\\/Plaque-personnalisee.jpg\",\"contentUrl\":\"https:\\\/\\\/www.autojm.fr\\\/blog\\\/wp-content\\\/uploads\\\/2011\\\/08\\\/Plaque-personnalisee.jpg\",\"width\":618,\"height\":204,\"caption\":\"Plaque d'immatriculation\"},{\"@type\":\"BreadcrumbList\",\"@id\":\"https:\\\/\\\/www.autojm.fr\\\/blog\\\/2-be-or-not-2-be-personnalisez-sa-plaque-dimmatriculation\\\/#breadcrumb\",\"itemListElement\":[{\"@type\":\"ListItem\",\"position\":1,\"name\":\"Accueil\",\"item\":\"https:\\\/\\\/www.autojm.fr\\\/blog\\\/\"},{\"@type\":\"ListItem\",\"position\":2,\"name\":\"Conseils &amp; Astuces\",\"item\":\"https:\\\/\\\/www.autojm.fr\\\/blog\\\/conseils-astuces\\\/\"},{\"@type\":\"ListItem\",\"position\":3,\"name\":\"2 be or not 2 be&#8230; personnalisez sa plaque d&rsquo;immatriculation\"}]},{\"@type\":\"WebSite\",\"@id\":\"https:\\\/\\\/www.autojm.fr\\\/blog\\\/#website\",\"url\":\"https:\\\/\\\/www.autojm.fr\\\/blog\\\/\",\"name\":\"AutoJM Mag\",\"description\":\"Toute l&#039;actu auto en 1 clic !\",\"publisher\":{\"@id\":\"https:\\\/\\\/www.autojm.fr\\\/blog\\\/#organization\"},\"potentialAction\":[{\"@type\":\"SearchAction\",\"target\":{\"@type\":\"EntryPoint\",\"urlTemplate\":\"https:\\\/\\\/www.autojm.fr\\\/blog\\\/?s={search_term_string}\"},\"query-input\":{\"@type\":\"PropertyValueSpecification\",\"valueRequired\":true,\"valueName\":\"search_term_string\"}}],\"inLanguage\":\"fr-FR\"},{\"@type\":\"Organization\",\"@id\":\"https:\\\/\\\/www.autojm.fr\\\/blog\\\/#organization\",\"name\":\"AutoJM Mag\",\"url\":\"https:\\\/\\\/www.autojm.fr\\\/blog\\\/\",\"logo\":{\"@type\":\"ImageObject\",\"inLanguage\":\"fr-FR\",\"@id\":\"https:\\\/\\\/www.autojm.fr\\\/blog\\\/#\\\/schema\\\/logo\\\/image\\\/\",\"url\":\"https:\\\/\\\/www.autojm.fr\\\/blog\\\/wp-content\\\/uploads\\\/2022\\\/12\\\/cropped-AutoJMag-png.png\",\"contentUrl\":\"https:\\\/\\\/www.autojm.fr\\\/blog\\\/wp-content\\\/uploads\\\/2022\\\/12\\\/cropped-AutoJMag-png.png\",\"width\":2834,\"height\":585,\"caption\":\"AutoJM Mag\"},\"image\":{\"@id\":\"https:\\\/\\\/www.autojm.fr\\\/blog\\\/#\\\/schema\\\/logo\\\/image\\\/\"},\"sameAs\":[\"https:\\\/\\\/www.facebook.com\\\/AutoJM25\"]},{\"@type\":\"Person\",\"@id\":\"https:\\\/\\\/www.autojm.fr\\\/blog\\\/#\\\/schema\\\/person\\\/9742bc77541853e0de81fc57f947e1a0\",\"name\":\"Autojm\",\"image\":{\"@type\":\"ImageObject\",\"inLanguage\":\"fr-FR\",\"@id\":\"https:\\\/\\\/secure.gravatar.com\\\/avatar\\\/9a959d52b758fcc232fe4b6aca7bab139182573297122cce7d6f2ee0e537b418?s=96&d=mm&r=g\",\"url\":\"https:\\\/\\\/secure.gravatar.com\\\/avatar\\\/9a959d52b758fcc232fe4b6aca7bab139182573297122cce7d6f2ee0e537b418?s=96&d=mm&r=g\",\"contentUrl\":\"https:\\\/\\\/secure.gravatar.com\\\/avatar\\\/9a959d52b758fcc232fe4b6aca7bab139182573297122cce7d6f2ee0e537b418?s=96&d=mm&r=g\",\"caption\":\"Autojm\"},\"sameAs\":[\"https:\\\/\\\/www.autojm.fr\\\/blog\"],\"url\":\"https:\\\/\\\/www.autojm.fr\\\/blog\\\/author\\\/bichoi\\\/\"}]}<\/script>\n<!-- \/ Yoast SEO plugin. -->","yoast_head_json":{"title":"2 be or not 2 be... personnalisez sa plaque d'immatriculation","description":"Comment personnaliser sa plaque d'immatriculation en faisant du Shakespeare.... Cet automobiliste anglais a tout simplement d\u00e9cid\u00e9...","robots":{"index":"index","follow":"follow","max-snippet":"max-snippet:-1","max-image-preview":"max-image-preview:large","max-video-preview":"max-video-preview:-1"},"canonical":"https:\/\/www.autojm.fr\/blog\/2-be-or-not-2-be-personnalisez-sa-plaque-dimmatriculation\/","og_locale":"fr_FR","og_type":"article","og_title":"2 be or not 2 be... personnalisez sa plaque d'immatriculation","og_description":"Comment personnaliser sa plaque d'immatriculation en faisant du Shakespeare.... Cet automobiliste anglais a tout simplement d\u00e9cid\u00e9...","og_url":"https:\/\/www.autojm.fr\/blog\/2-be-or-not-2-be-personnalisez-sa-plaque-dimmatriculation\/","og_site_name":"AutoJM Mag","article_publisher":"https:\/\/www.facebook.com\/AutoJM25","article_published_time":"2011-08-08T10:25:23+00:00","article_modified_time":"2022-12-09T10:42:22+00:00","og_image":[{"width":618,"height":204,"url":"https:\/\/www.autojm.fr\/blog\/wp-content\/uploads\/2011\/08\/Plaque-personnalisee.jpg","type":"image\/jpeg"}],"author":"Autojm","twitter_card":"summary_large_image","twitter_misc":{"\u00c9crit par":"Autojm","Dur\u00e9e de lecture estim\u00e9e":"1 minute"},"schema":{"@context":"https:\/\/schema.org","@graph":[{"@type":"Article","@id":"https:\/\/www.autojm.fr\/blog\/2-be-or-not-2-be-personnalisez-sa-plaque-dimmatriculation\/#article","isPartOf":{"@id":"https:\/\/www.autojm.fr\/blog\/2-be-or-not-2-be-personnalisez-sa-plaque-dimmatriculation\/"},"author":{"name":"Autojm","@id":"https:\/\/www.autojm.fr\/blog\/#\/schema\/person\/9742bc77541853e0de81fc57f947e1a0"},"headline":"2 be or not 2 be&#8230; personnalisez sa plaque d&rsquo;immatriculation","datePublished":"2011-08-08T10:25:23+00:00","dateModified":"2022-12-09T10:42:22+00:00","mainEntityOfPage":{"@id":"https:\/\/www.autojm.fr\/blog\/2-be-or-not-2-be-personnalisez-sa-plaque-dimmatriculation\/"},"wordCount":42,"commentCount":0,"publisher":{"@id":"https:\/\/www.autojm.fr\/blog\/#organization"},"image":{"@id":"https:\/\/www.autojm.fr\/blog\/2-be-or-not-2-be-personnalisez-sa-plaque-dimmatriculation\/#primaryimage"},"thumbnailUrl":"https:\/\/www.autojm.fr\/blog\/wp-content\/uploads\/2011\/08\/Plaque-personnalisee.jpg","keywords":["autojm","Citro\u00ebn","dacia","DS","Fiat","Ford","Kia","Nissan","Opel","peugeot","renault","Toyota","Volkswagen"],"articleSection":["Conseils &amp; Astuces"],"inLanguage":"fr-FR","potentialAction":[{"@type":"CommentAction","name":"Comment","target":["https:\/\/www.autojm.fr\/blog\/2-be-or-not-2-be-personnalisez-sa-plaque-dimmatriculation\/#respond"]}]},{"@type":"WebPage","@id":"https:\/\/www.autojm.fr\/blog\/2-be-or-not-2-be-personnalisez-sa-plaque-dimmatriculation\/","url":"https:\/\/www.autojm.fr\/blog\/2-be-or-not-2-be-personnalisez-sa-plaque-dimmatriculation\/","name":"2 be or not 2 be... personnalisez sa plaque d'immatriculation","isPartOf":{"@id":"https:\/\/www.autojm.fr\/blog\/#website"},"primaryImageOfPage":{"@id":"https:\/\/www.autojm.fr\/blog\/2-be-or-not-2-be-personnalisez-sa-plaque-dimmatriculation\/#primaryimage"},"image":{"@id":"https:\/\/www.autojm.fr\/blog\/2-be-or-not-2-be-personnalisez-sa-plaque-dimmatriculation\/#primaryimage"},"thumbnailUrl":"https:\/\/www.autojm.fr\/blog\/wp-content\/uploads\/2011\/08\/Plaque-personnalisee.jpg","datePublished":"2011-08-08T10:25:23+00:00","dateModified":"2022-12-09T10:42:22+00:00","description":"Comment personnaliser sa plaque d'immatriculation en faisant du Shakespeare.... Cet automobiliste anglais a tout simplement d\u00e9cid\u00e9...","breadcrumb":{"@id":"https:\/\/www.autojm.fr\/blog\/2-be-or-not-2-be-personnalisez-sa-plaque-dimmatriculation\/#breadcrumb"},"inLanguage":"fr-FR","potentialAction":[{"@type":"ReadAction","target":["https:\/\/www.autojm.fr\/blog\/2-be-or-not-2-be-personnalisez-sa-plaque-dimmatriculation\/"]}]},{"@type":"ImageObject","inLanguage":"fr-FR","@id":"https:\/\/www.autojm.fr\/blog\/2-be-or-not-2-be-personnalisez-sa-plaque-dimmatriculation\/#primaryimage","url":"https:\/\/www.autojm.fr\/blog\/wp-content\/uploads\/2011\/08\/Plaque-personnalisee.jpg","contentUrl":"https:\/\/www.autojm.fr\/blog\/wp-content\/uploads\/2011\/08\/Plaque-personnalisee.jpg","width":618,"height":204,"caption":"Plaque d'immatriculation"},{"@type":"BreadcrumbList","@id":"https:\/\/www.autojm.fr\/blog\/2-be-or-not-2-be-personnalisez-sa-plaque-dimmatriculation\/#breadcrumb","itemListElement":[{"@type":"ListItem","position":1,"name":"Accueil","item":"https:\/\/www.autojm.fr\/blog\/"},{"@type":"ListItem","position":2,"name":"Conseils &amp; Astuces","item":"https:\/\/www.autojm.fr\/blog\/conseils-astuces\/"},{"@type":"ListItem","position":3,"name":"2 be or not 2 be&#8230; personnalisez sa plaque d&rsquo;immatriculation"}]},{"@type":"WebSite","@id":"https:\/\/www.autojm.fr\/blog\/#website","url":"https:\/\/www.autojm.fr\/blog\/","name":"AutoJM Mag","description":"Toute l&#039;actu auto en 1 clic !","publisher":{"@id":"https:\/\/www.autojm.fr\/blog\/#organization"},"potentialAction":[{"@type":"SearchAction","target":{"@type":"EntryPoint","urlTemplate":"https:\/\/www.autojm.fr\/blog\/?s={search_term_string}"},"query-input":{"@type":"PropertyValueSpecification","valueRequired":true,"valueName":"search_term_string"}}],"inLanguage":"fr-FR"},{"@type":"Organization","@id":"https:\/\/www.autojm.fr\/blog\/#organization","name":"AutoJM Mag","url":"https:\/\/www.autojm.fr\/blog\/","logo":{"@type":"ImageObject","inLanguage":"fr-FR","@id":"https:\/\/www.autojm.fr\/blog\/#\/schema\/logo\/image\/","url":"https:\/\/www.autojm.fr\/blog\/wp-content\/uploads\/2022\/12\/cropped-AutoJMag-png.png","contentUrl":"https:\/\/www.autojm.fr\/blog\/wp-content\/uploads\/2022\/12\/cropped-AutoJMag-png.png","width":2834,"height":585,"caption":"AutoJM Mag"},"image":{"@id":"https:\/\/www.autojm.fr\/blog\/#\/schema\/logo\/image\/"},"sameAs":["https:\/\/www.facebook.com\/AutoJM25"]},{"@type":"Person","@id":"https:\/\/www.autojm.fr\/blog\/#\/schema\/person\/9742bc77541853e0de81fc57f947e1a0","name":"Autojm","image":{"@type":"ImageObject","inLanguage":"fr-FR","@id":"https:\/\/secure.gravatar.com\/avatar\/9a959d52b758fcc232fe4b6aca7bab139182573297122cce7d6f2ee0e537b418?s=96&d=mm&r=g","url":"https:\/\/secure.gravatar.com\/avatar\/9a959d52b758fcc232fe4b6aca7bab139182573297122cce7d6f2ee0e537b418?s=96&d=mm&r=g","contentUrl":"https:\/\/secure.gravatar.com\/avatar\/9a959d52b758fcc232fe4b6aca7bab139182573297122cce7d6f2ee0e537b418?s=96&d=mm&r=g","caption":"Autojm"},"sameAs":["https:\/\/www.autojm.fr\/blog"],"url":"https:\/\/www.autojm.fr\/blog\/author\/bichoi\/"}]}},"_links":{"self":[{"href":"https:\/\/www.autojm.fr\/blog\/wp-json\/wp\/v2\/posts\/3322","targetHints":{"allow":["GET"]}}],"collection":[{"href":"https:\/\/www.autojm.fr\/blog\/wp-json\/wp\/v2\/posts"}],"about":[{"href":"https:\/\/www.autojm.fr\/blog\/wp-json\/wp\/v2\/types\/post"}],"author":[{"embeddable":true,"href":"https:\/\/www.autojm.fr\/blog\/wp-json\/wp\/v2\/users\/1"}],"replies":[{"embeddable":true,"href":"https:\/\/www.autojm.fr\/blog\/wp-json\/wp\/v2\/comments?post=3322"}],"version-history":[{"count":6,"href":"https:\/\/www.autojm.fr\/blog\/wp-json\/wp\/v2\/posts\/3322\/revisions"}],"predecessor-version":[{"id":7629,"href":"https:\/\/www.autojm.fr\/blog\/wp-json\/wp\/v2\/posts\/3322\/revisions\/7629"}],"wp:featuredmedia":[{"embeddable":true,"href":"https:\/\/www.autojm.fr\/blog\/wp-json\/wp\/v2\/media\/7625"}],"wp:attachment":[{"href":"https:\/\/www.autojm.fr\/blog\/wp-json\/wp\/v2\/media?parent=3322"}],"wp:term":[{"taxonomy":"category","embeddable":true,"href":"https:\/\/www.autojm.fr\/blog\/wp-json\/wp\/v2\/categories?post=3322"},{"taxonomy":"post_tag","embeddable":true,"href":"https:\/\/www.autojm.fr\/blog\/wp-json\/wp\/v2\/tags?post=3322"}],"curies":[{"name":"wp","href":"https:\/\/api.w.org\/{rel}","templated":true}]}}